{"id":22816,"date":"2022-01-28T07:51:56","date_gmt":"2022-01-28T14:51:56","guid":{"rendered":"https:\/\/fuentesfidedignas.com.mx\/?p=22816"},"modified":"2022-01-28T13:39:59","modified_gmt":"2022-01-28T20:39:59","slug":"78-los-hospitalizados-actualmente-por-covid-19-no-se-vacunaron-lopez-gatell","status":"publish","type":"post","link":"https:\/\/fuentesfidedignas.com.mx\/index.php\/2022\/01\/28\/78-los-hospitalizados-actualmente-por-covid-19-no-se-vacunaron-lopez-gatell\/","title":{"rendered":"78% de los hospitalizados actualmente por Covid-19 no se vacunaron: L\u00f3pez-Gatell"},"content":{"rendered":"\n<p><strong><em>El subsecretario de Salud se\u00f1al\u00f3 que la probabilidad de que menores de 15 a\u00f1os mueran por Covid es 274 veces menor que las de un adulto.<\/em><\/strong><\/p>\n\n\n\n<p>Ciudad de M\u00e9xico.- El subsecretario de Salud, Hugo L\u00f3pez-Gatell, se\u00f1al\u00f3 este viernes que 78% de las personas que se encuentran hospitalizadas actualmente por Covid-19 no se vacunaron porque no quisieron hacerlo.<\/p>\n\n\n\n<p>\u201cHemos hecho el llamado de que se vacunen, 78% de las personas que est\u00e1n hospitalizadas por Covid-19 no han sido vacunadas por razones diversas, en ning\u00fan caso por falta de acceso, es lo m\u00e1s impresionante. La mayor\u00eda es porque no se quer\u00eda vacunar, les dijeron que la vacuna les pod\u00eda hacer da\u00f1o\u201d, dijo Hugo L\u00f3pez-Gatell.<\/p>\n\n\n\n<p>Durante la conferencia matutina del presidente Andr\u00e9s Manuel L\u00f3pez Obrador, el subsecretario mencion\u00f3 que la probabilidad de que menores de 15 a\u00f1os tengan complicaciones y mueran por Covid-19 es 274 veces menor que las que tiene un adulto.<\/p>\n\n\n\n<p>Menciono que en personas de 12 a 14 a\u00f1os la mortalidad es de .5 por cada 100 mil personas, y a partir de loa 15 a\u00f1os empieza a aumentar a 2.3 por cada 100 mil.<\/p>\n\n\n\n<p>\u201cCada ni\u00f1o y cada ni\u00f1a es important\u00edsima, no hay duda. La infancia es una de las etapas que merece una de las mayores protecciones; sin embargo, la probabilidad de que un menor de edad tenga una complicaci\u00f3n y fallezca por Covid -excepto de las personas con comorbilidades- es muy baja: aproximadamente 274 veces menores de lo que puede ser en las personas adultas\u201d, enfatiz\u00f3<\/p>\n\n\n\n<p>Dijo que hasta el momento se han vacunado 83.5 millones de personas, de las cuales 76.9 millones tienen esquema completo y que tan solo el 27 de enero se aplicaron un mill\u00f3n 36 dosis, por lo que en total 89% de la poblaci\u00f3n se ha inmunizado.<\/p>\n","protected":false},"excerpt":{"rendered":"<p>El subsecretario de Salud se\u00f1al\u00f3 que la probabilidad de que menores de 15 a\u00f1os mueran por Covid es 274 veces menor que las de un adulto. Ciudad de M\u00e9xico.- El subsecretario de Salud, Hugo L\u00f3pez-Gatell, se\u00f1al\u00f3 este viernes que 78% de las personas que se encuentran hospitalizadas actualmente por Covid-19 no se vacunaron porque no [&hellip;]<\/p>\n","protected":false},"author":5,"featured_media":5607,"comment_status":"open","ping_status":"open","sticky":false,"template":"","format":"standard","meta":{"tdm_status":"","tdm_grid_status":"","footnotes":""},"categories":[39],"tags":[332,59,416,407],"class_list":{"0":"post-22816","1":"post","2":"type-post","3":"status-publish","4":"format-standard","5":"has-post-thumbnail","7":"category-noticias-nacionales","8":"tag-coronavirus","9":"tag-covid-19","10":"tag-sars-cov-2","11":"tag-vacuna-anticovid"},"yoast_head":"<!-- This site is optimized with the Yoast SEO plugin v27.5 - https:\/\/yoast.com\/product\/yoast-seo-wordpress\/ -->\n<title>78% de los hospitalizados actualmente por Covid-19 no se vacunaron: L\u00f3pez-Gatell - Fuentes Fidedignas<\/title>\n<meta name=\"robots\" content=\"index, follow, max-snippet:-1, max-image-preview:large, max-video-preview:-1\" \/>\n<link rel=\"canonical\" href=\"https:\/\/fuentesfidedignas.com.mx\/index.php\/2022\/01\/28\/78-los-hospitalizados-actualmente-por-covid-19-no-se-vacunaron-lopez-gatell\/\" \/>\n<meta property=\"og:locale\" content=\"es_MX\" \/>\n<meta property=\"og:type\" content=\"article\" \/>\n<meta property=\"og:title\" content=\"78% de los hospitalizados actualmente por Covid-19 no se vacunaron: L\u00f3pez-Gatell - Fuentes Fidedignas\" \/>\n<meta property=\"og:description\" content=\"El subsecretario de Salud se\u00f1al\u00f3 que la probabilidad de que menores de 15 a\u00f1os mueran por Covid es 274 veces menor que las de un adulto. Ciudad de M\u00e9xico.- El subsecretario de Salud, Hugo L\u00f3pez-Gatell, se\u00f1al\u00f3 este viernes que 78% de las personas que se encuentran hospitalizadas actualmente por Covid-19 no se vacunaron porque no [&hellip;]\" \/>\n<meta property=\"og:url\" content=\"https:\/\/fuentesfidedignas.com.mx\/index.php\/2022\/01\/28\/78-los-hospitalizados-actualmente-por-covid-19-no-se-vacunaron-lopez-gatell\/\" \/>\n<meta property=\"og:site_name\" content=\"Fuentes Fidedignas\" \/>\n<meta property=\"article:publisher\" content=\"https:\/\/www.facebook.com\/Fuentes-Fidedignas-368234489921644\" \/>\n<meta property=\"article:published_time\" content=\"2022-01-28T14:51:56+00:00\" \/>\n<meta property=\"article:modified_time\" content=\"2022-01-28T20:39:59+00:00\" \/>\n<meta property=\"og:image\" content=\"https:\/\/fuentesfidedignas.com.mx\/wp-content\/uploads\/2021\/06\/Vacunacion-Covd-19-maestros-768x432-1.jpg\" \/>\n\t<meta property=\"og:image:width\" content=\"768\" \/>\n\t<meta property=\"og:image:height\" content=\"432\" \/>\n\t<meta property=\"og:image:type\" content=\"image\/jpeg\" \/>\n<meta name=\"author\" content=\"Forbes\" \/>\n<meta name=\"twitter:card\" content=\"summary_large_image\" \/>\n<meta name=\"twitter:creator\" content=\"@fidedignas\" \/>\n<meta name=\"twitter:site\" content=\"@fidedignas\" \/>\n<meta name=\"twitter:label1\" content=\"Escrito por\" \/>\n\t<meta name=\"twitter:data1\" content=\"Forbes\" \/>\n\t<meta name=\"twitter:label2\" content=\"Tiempo de lectura\" \/>\n\t<meta name=\"twitter:data2\" content=\"2 minutos\" \/>\n<script type=\"application\/ld+json\" class=\"yoast-schema-graph\">{\"@context\":\"https:\\\/\\\/schema.org\",\"@graph\":[{\"@type\":\"Article\",\"@id\":\"https:\\\/\\\/fuentesfidedignas.com.mx\\\/index.php\\\/2022\\\/01\\\/28\\\/78-los-hospitalizados-actualmente-por-covid-19-no-se-vacunaron-lopez-gatell\\\/#article\",\"isPartOf\":{\"@id\":\"https:\\\/\\\/fuentesfidedignas.com.mx\\\/index.php\\\/2022\\\/01\\\/28\\\/78-los-hospitalizados-actualmente-por-covid-19-no-se-vacunaron-lopez-gatell\\\/\"},\"author\":{\"name\":\"Forbes\",\"@id\":\"https:\\\/\\\/fuentesfidedignas.com.mx\\\/#\\\/schema\\\/person\\\/5623d53fe2e579d825b1679734abcc44\"},\"headline\":\"78% de los hospitalizados actualmente por Covid-19 no se vacunaron: L\u00f3pez-Gatell\",\"datePublished\":\"2022-01-28T14:51:56+00:00\",\"dateModified\":\"2022-01-28T20:39:59+00:00\",\"mainEntityOfPage\":{\"@id\":\"https:\\\/\\\/fuentesfidedignas.com.mx\\\/index.php\\\/2022\\\/01\\\/28\\\/78-los-hospitalizados-actualmente-por-covid-19-no-se-vacunaron-lopez-gatell\\\/\"},\"wordCount\":312,\"commentCount\":0,\"publisher\":{\"@id\":\"https:\\\/\\\/fuentesfidedignas.com.mx\\\/#organization\"},\"image\":{\"@id\":\"https:\\\/\\\/fuentesfidedignas.com.mx\\\/index.php\\\/2022\\\/01\\\/28\\\/78-los-hospitalizados-actualmente-por-covid-19-no-se-vacunaron-lopez-gatell\\\/#primaryimage\"},\"thumbnailUrl\":\"https:\\\/\\\/fuentesfidedignas.com.mx\\\/wp-content\\\/uploads\\\/2021\\\/06\\\/Vacunacion-Covd-19-maestros-768x432-1.jpg\",\"keywords\":[\"Coronavirus\",\"Covid-19\",\"SARS-CoV-2\",\"Vacuna anticovid\"],\"articleSection\":[\"NOTICIAS NACIONALES\"],\"inLanguage\":\"es\",\"potentialAction\":[{\"@type\":\"CommentAction\",\"name\":\"Comment\",\"target\":[\"https:\\\/\\\/fuentesfidedignas.com.mx\\\/index.php\\\/2022\\\/01\\\/28\\\/78-los-hospitalizados-actualmente-por-covid-19-no-se-vacunaron-lopez-gatell\\\/#respond\"]}]},{\"@type\":\"WebPage\",\"@id\":\"https:\\\/\\\/fuentesfidedignas.com.mx\\\/index.php\\\/2022\\\/01\\\/28\\\/78-los-hospitalizados-actualmente-por-covid-19-no-se-vacunaron-lopez-gatell\\\/\",\"url\":\"https:\\\/\\\/fuentesfidedignas.com.mx\\\/index.php\\\/2022\\\/01\\\/28\\\/78-los-hospitalizados-actualmente-por-covid-19-no-se-vacunaron-lopez-gatell\\\/\",\"name\":\"78% de los hospitalizados actualmente por Covid-19 no se vacunaron: L\u00f3pez-Gatell - Fuentes Fidedignas\",\"isPartOf\":{\"@id\":\"https:\\\/\\\/fuentesfidedignas.com.mx\\\/#website\"},\"primaryImageOfPage\":{\"@id\":\"https:\\\/\\\/fuentesfidedignas.com.mx\\\/index.php\\\/2022\\\/01\\\/28\\\/78-los-hospitalizados-actualmente-por-covid-19-no-se-vacunaron-lopez-gatell\\\/#primaryimage\"},\"image\":{\"@id\":\"https:\\\/\\\/fuentesfidedignas.com.mx\\\/index.php\\\/2022\\\/01\\\/28\\\/78-los-hospitalizados-actualmente-por-covid-19-no-se-vacunaron-lopez-gatell\\\/#primaryimage\"},\"thumbnailUrl\":\"https:\\\/\\\/fuentesfidedignas.com.mx\\\/wp-content\\\/uploads\\\/2021\\\/06\\\/Vacunacion-Covd-19-maestros-768x432-1.jpg\",\"datePublished\":\"2022-01-28T14:51:56+00:00\",\"dateModified\":\"2022-01-28T20:39:59+00:00\",\"breadcrumb\":{\"@id\":\"https:\\\/\\\/fuentesfidedignas.com.mx\\\/index.php\\\/2022\\\/01\\\/28\\\/78-los-hospitalizados-actualmente-por-covid-19-no-se-vacunaron-lopez-gatell\\\/#breadcrumb\"},\"inLanguage\":\"es\",\"potentialAction\":[{\"@type\":\"ReadAction\",\"target\":[\"https:\\\/\\\/fuentesfidedignas.com.mx\\\/index.php\\\/2022\\\/01\\\/28\\\/78-los-hospitalizados-actualmente-por-covid-19-no-se-vacunaron-lopez-gatell\\\/\"]}]},{\"@type\":\"ImageObject\",\"inLanguage\":\"es\",\"@id\":\"https:\\\/\\\/fuentesfidedignas.com.mx\\\/index.php\\\/2022\\\/01\\\/28\\\/78-los-hospitalizados-actualmente-por-covid-19-no-se-vacunaron-lopez-gatell\\\/#primaryimage\",\"url\":\"https:\\\/\\\/fuentesfidedignas.com.mx\\\/wp-content\\\/uploads\\\/2021\\\/06\\\/Vacunacion-Covd-19-maestros-768x432-1.jpg\",\"contentUrl\":\"https:\\\/\\\/fuentesfidedignas.com.mx\\\/wp-content\\\/uploads\\\/2021\\\/06\\\/Vacunacion-Covd-19-maestros-768x432-1.jpg\",\"width\":768,\"height\":432},{\"@type\":\"BreadcrumbList\",\"@id\":\"https:\\\/\\\/fuentesfidedignas.com.mx\\\/index.php\\\/2022\\\/01\\\/28\\\/78-los-hospitalizados-actualmente-por-covid-19-no-se-vacunaron-lopez-gatell\\\/#breadcrumb\",\"itemListElement\":[{\"@type\":\"ListItem\",\"position\":1,\"name\":\"Inicio\",\"item\":\"https:\\\/\\\/fuentesfidedignas.com.mx\\\/\"},{\"@type\":\"ListItem\",\"position\":2,\"name\":\"78% de los hospitalizados actualmente por Covid-19 no se vacunaron: L\u00f3pez-Gatell\"}]},{\"@type\":\"WebSite\",\"@id\":\"https:\\\/\\\/fuentesfidedignas.com.mx\\\/#website\",\"url\":\"https:\\\/\\\/fuentesfidedignas.com.mx\\\/\",\"name\":\"Fuentes Fidedignas\",\"description\":\"Otro sitio realizado con WordPress\",\"publisher\":{\"@id\":\"https:\\\/\\\/fuentesfidedignas.com.mx\\\/#organization\"},\"potentialAction\":[{\"@type\":\"SearchAction\",\"target\":{\"@type\":\"EntryPoint\",\"urlTemplate\":\"https:\\\/\\\/fuentesfidedignas.com.mx\\\/?s={search_term_string}\"},\"query-input\":{\"@type\":\"PropertyValueSpecification\",\"valueRequired\":true,\"valueName\":\"search_term_string\"}}],\"inLanguage\":\"es\"},{\"@type\":\"Organization\",\"@id\":\"https:\\\/\\\/fuentesfidedignas.com.mx\\\/#organization\",\"name\":\"Fuentes Fidedignas\",\"url\":\"https:\\\/\\\/fuentesfidedignas.com.mx\\\/\",\"logo\":{\"@type\":\"ImageObject\",\"inLanguage\":\"es\",\"@id\":\"https:\\\/\\\/fuentesfidedignas.com.mx\\\/#\\\/schema\\\/logo\\\/image\\\/\",\"url\":\"https:\\\/\\\/fuentesfidedignas.com.mx\\\/wp-content\\\/uploads\\\/2021\\\/04\\\/logo-retina.png\",\"contentUrl\":\"https:\\\/\\\/fuentesfidedignas.com.mx\\\/wp-content\\\/uploads\\\/2021\\\/04\\\/logo-retina.png\",\"width\":280,\"height\":51,\"caption\":\"Fuentes Fidedignas\"},\"image\":{\"@id\":\"https:\\\/\\\/fuentesfidedignas.com.mx\\\/#\\\/schema\\\/logo\\\/image\\\/\"},\"sameAs\":[\"https:\\\/\\\/www.facebook.com\\\/Fuentes-Fidedignas-368234489921644\",\"https:\\\/\\\/x.com\\\/fidedignas\"]},{\"@type\":\"Person\",\"@id\":\"https:\\\/\\\/fuentesfidedignas.com.mx\\\/#\\\/schema\\\/person\\\/5623d53fe2e579d825b1679734abcc44\",\"name\":\"Forbes\",\"image\":{\"@type\":\"ImageObject\",\"inLanguage\":\"es\",\"@id\":\"https:\\\/\\\/secure.gravatar.com\\\/avatar\\\/87ce3dd4e41e60c22a79c758614f01a6bc2469255fc936ec7b15efb9bb5cb66f?s=96&d=mm&r=g\",\"url\":\"https:\\\/\\\/secure.gravatar.com\\\/avatar\\\/87ce3dd4e41e60c22a79c758614f01a6bc2469255fc936ec7b15efb9bb5cb66f?s=96&d=mm&r=g\",\"contentUrl\":\"https:\\\/\\\/secure.gravatar.com\\\/avatar\\\/87ce3dd4e41e60c22a79c758614f01a6bc2469255fc936ec7b15efb9bb5cb66f?s=96&d=mm&r=g\",\"caption\":\"Forbes\"},\"url\":\"https:\\\/\\\/fuentesfidedignas.com.mx\\\/index.php\\\/author\\\/forbes\\\/\"}]}<\/script>\n<!-- \/ Yoast SEO plugin. -->","yoast_head_json":{"title":"78% de los hospitalizados actualmente por Covid-19 no se vacunaron: L\u00f3pez-Gatell - Fuentes Fidedignas","robots":{"index":"index","follow":"follow","max-snippet":"max-snippet:-1","max-image-preview":"max-image-preview:large","max-video-preview":"max-video-preview:-1"},"canonical":"https:\/\/fuentesfidedignas.com.mx\/index.php\/2022\/01\/28\/78-los-hospitalizados-actualmente-por-covid-19-no-se-vacunaron-lopez-gatell\/","og_locale":"es_MX","og_type":"article","og_title":"78% de los hospitalizados actualmente por Covid-19 no se vacunaron: L\u00f3pez-Gatell - Fuentes Fidedignas","og_description":"El subsecretario de Salud se\u00f1al\u00f3 que la probabilidad de que menores de 15 a\u00f1os mueran por Covid es 274 veces menor que las de un adulto. Ciudad de M\u00e9xico.- El subsecretario de Salud, Hugo L\u00f3pez-Gatell, se\u00f1al\u00f3 este viernes que 78% de las personas que se encuentran hospitalizadas actualmente por Covid-19 no se vacunaron porque no [&hellip;]","og_url":"https:\/\/fuentesfidedignas.com.mx\/index.php\/2022\/01\/28\/78-los-hospitalizados-actualmente-por-covid-19-no-se-vacunaron-lopez-gatell\/","og_site_name":"Fuentes Fidedignas","article_publisher":"https:\/\/www.facebook.com\/Fuentes-Fidedignas-368234489921644","article_published_time":"2022-01-28T14:51:56+00:00","article_modified_time":"2022-01-28T20:39:59+00:00","og_image":[{"width":768,"height":432,"url":"https:\/\/fuentesfidedignas.com.mx\/wp-content\/uploads\/2021\/06\/Vacunacion-Covd-19-maestros-768x432-1.jpg","type":"image\/jpeg"}],"author":"Forbes","twitter_card":"summary_large_image","twitter_creator":"@fidedignas","twitter_site":"@fidedignas","twitter_misc":{"Escrito por":"Forbes","Tiempo de lectura":"2 minutos"},"schema":{"@context":"https:\/\/schema.org","@graph":[{"@type":"Article","@id":"https:\/\/fuentesfidedignas.com.mx\/index.php\/2022\/01\/28\/78-los-hospitalizados-actualmente-por-covid-19-no-se-vacunaron-lopez-gatell\/#article","isPartOf":{"@id":"https:\/\/fuentesfidedignas.com.mx\/index.php\/2022\/01\/28\/78-los-hospitalizados-actualmente-por-covid-19-no-se-vacunaron-lopez-gatell\/"},"author":{"name":"Forbes","@id":"https:\/\/fuentesfidedignas.com.mx\/#\/schema\/person\/5623d53fe2e579d825b1679734abcc44"},"headline":"78% de los hospitalizados actualmente por Covid-19 no se vacunaron: L\u00f3pez-Gatell","datePublished":"2022-01-28T14:51:56+00:00","dateModified":"2022-01-28T20:39:59+00:00","mainEntityOfPage":{"@id":"https:\/\/fuentesfidedignas.com.mx\/index.php\/2022\/01\/28\/78-los-hospitalizados-actualmente-por-covid-19-no-se-vacunaron-lopez-gatell\/"},"wordCount":312,"commentCount":0,"publisher":{"@id":"https:\/\/fuentesfidedignas.com.mx\/#organization"},"image":{"@id":"https:\/\/fuentesfidedignas.com.mx\/index.php\/2022\/01\/28\/78-los-hospitalizados-actualmente-por-covid-19-no-se-vacunaron-lopez-gatell\/#primaryimage"},"thumbnailUrl":"https:\/\/fuentesfidedignas.com.mx\/wp-content\/uploads\/2021\/06\/Vacunacion-Covd-19-maestros-768x432-1.jpg","keywords":["Coronavirus","Covid-19","SARS-CoV-2","Vacuna anticovid"],"articleSection":["NOTICIAS NACIONALES"],"inLanguage":"es","potentialAction":[{"@type":"CommentAction","name":"Comment","target":["https:\/\/fuentesfidedignas.com.mx\/index.php\/2022\/01\/28\/78-los-hospitalizados-actualmente-por-covid-19-no-se-vacunaron-lopez-gatell\/#respond"]}]},{"@type":"WebPage","@id":"https:\/\/fuentesfidedignas.com.mx\/index.php\/2022\/01\/28\/78-los-hospitalizados-actualmente-por-covid-19-no-se-vacunaron-lopez-gatell\/","url":"https:\/\/fuentesfidedignas.com.mx\/index.php\/2022\/01\/28\/78-los-hospitalizados-actualmente-por-covid-19-no-se-vacunaron-lopez-gatell\/","name":"78% de los hospitalizados actualmente por Covid-19 no se vacunaron: L\u00f3pez-Gatell - Fuentes Fidedignas","isPartOf":{"@id":"https:\/\/fuentesfidedignas.com.mx\/#website"},"primaryImageOfPage":{"@id":"https:\/\/fuentesfidedignas.com.mx\/index.php\/2022\/01\/28\/78-los-hospitalizados-actualmente-por-covid-19-no-se-vacunaron-lopez-gatell\/#primaryimage"},"image":{"@id":"https:\/\/fuentesfidedignas.com.mx\/index.php\/2022\/01\/28\/78-los-hospitalizados-actualmente-por-covid-19-no-se-vacunaron-lopez-gatell\/#primaryimage"},"thumbnailUrl":"https:\/\/fuentesfidedignas.com.mx\/wp-content\/uploads\/2021\/06\/Vacunacion-Covd-19-maestros-768x432-1.jpg","datePublished":"2022-01-28T14:51:56+00:00","dateModified":"2022-01-28T20:39:59+00:00","breadcrumb":{"@id":"https:\/\/fuentesfidedignas.com.mx\/index.php\/2022\/01\/28\/78-los-hospitalizados-actualmente-por-covid-19-no-se-vacunaron-lopez-gatell\/#breadcrumb"},"inLanguage":"es","potentialAction":[{"@type":"ReadAction","target":["https:\/\/fuentesfidedignas.com.mx\/index.php\/2022\/01\/28\/78-los-hospitalizados-actualmente-por-covid-19-no-se-vacunaron-lopez-gatell\/"]}]},{"@type":"ImageObject","inLanguage":"es","@id":"https:\/\/fuentesfidedignas.com.mx\/index.php\/2022\/01\/28\/78-los-hospitalizados-actualmente-por-covid-19-no-se-vacunaron-lopez-gatell\/#primaryimage","url":"https:\/\/fuentesfidedignas.com.mx\/wp-content\/uploads\/2021\/06\/Vacunacion-Covd-19-maestros-768x432-1.jpg","contentUrl":"https:\/\/fuentesfidedignas.com.mx\/wp-content\/uploads\/2021\/06\/Vacunacion-Covd-19-maestros-768x432-1.jpg","width":768,"height":432},{"@type":"BreadcrumbList","@id":"https:\/\/fuentesfidedignas.com.mx\/index.php\/2022\/01\/28\/78-los-hospitalizados-actualmente-por-covid-19-no-se-vacunaron-lopez-gatell\/#breadcrumb","itemListElement":[{"@type":"ListItem","position":1,"name":"Inicio","item":"https:\/\/fuentesfidedignas.com.mx\/"},{"@type":"ListItem","position":2,"name":"78% de los hospitalizados actualmente por Covid-19 no se vacunaron: L\u00f3pez-Gatell"}]},{"@type":"WebSite","@id":"https:\/\/fuentesfidedignas.com.mx\/#website","url":"https:\/\/fuentesfidedignas.com.mx\/","name":"Fuentes Fidedignas","description":"Otro sitio realizado con WordPress","publisher":{"@id":"https:\/\/fuentesfidedignas.com.mx\/#organization"},"potentialAction":[{"@type":"SearchAction","target":{"@type":"EntryPoint","urlTemplate":"https:\/\/fuentesfidedignas.com.mx\/?s={search_term_string}"},"query-input":{"@type":"PropertyValueSpecification","valueRequired":true,"valueName":"search_term_string"}}],"inLanguage":"es"},{"@type":"Organization","@id":"https:\/\/fuentesfidedignas.com.mx\/#organization","name":"Fuentes Fidedignas","url":"https:\/\/fuentesfidedignas.com.mx\/","logo":{"@type":"ImageObject","inLanguage":"es","@id":"https:\/\/fuentesfidedignas.com.mx\/#\/schema\/logo\/image\/","url":"https:\/\/fuentesfidedignas.com.mx\/wp-content\/uploads\/2021\/04\/logo-retina.png","contentUrl":"https:\/\/fuentesfidedignas.com.mx\/wp-content\/uploads\/2021\/04\/logo-retina.png","width":280,"height":51,"caption":"Fuentes Fidedignas"},"image":{"@id":"https:\/\/fuentesfidedignas.com.mx\/#\/schema\/logo\/image\/"},"sameAs":["https:\/\/www.facebook.com\/Fuentes-Fidedignas-368234489921644","https:\/\/x.com\/fidedignas"]},{"@type":"Person","@id":"https:\/\/fuentesfidedignas.com.mx\/#\/schema\/person\/5623d53fe2e579d825b1679734abcc44","name":"Forbes","image":{"@type":"ImageObject","inLanguage":"es","@id":"https:\/\/secure.gravatar.com\/avatar\/87ce3dd4e41e60c22a79c758614f01a6bc2469255fc936ec7b15efb9bb5cb66f?s=96&d=mm&r=g","url":"https:\/\/secure.gravatar.com\/avatar\/87ce3dd4e41e60c22a79c758614f01a6bc2469255fc936ec7b15efb9bb5cb66f?s=96&d=mm&r=g","contentUrl":"https:\/\/secure.gravatar.com\/avatar\/87ce3dd4e41e60c22a79c758614f01a6bc2469255fc936ec7b15efb9bb5cb66f?s=96&d=mm&r=g","caption":"Forbes"},"url":"https:\/\/fuentesfidedignas.com.mx\/index.php\/author\/forbes\/"}]}},"_links":{"self":[{"href":"https:\/\/fuentesfidedignas.com.mx\/index.php\/wp-json\/wp\/v2\/posts\/22816","targetHints":{"allow":["GET"]}}],"collection":[{"href":"https:\/\/fuentesfidedignas.com.mx\/index.php\/wp-json\/wp\/v2\/posts"}],"about":[{"href":"https:\/\/fuentesfidedignas.com.mx\/index.php\/wp-json\/wp\/v2\/types\/post"}],"author":[{"embeddable":true,"href":"https:\/\/fuentesfidedignas.com.mx\/index.php\/wp-json\/wp\/v2\/users\/5"}],"replies":[{"embeddable":true,"href":"https:\/\/fuentesfidedignas.com.mx\/index.php\/wp-json\/wp\/v2\/comments?post=22816"}],"version-history":[{"count":2,"href":"https:\/\/fuentesfidedignas.com.mx\/index.php\/wp-json\/wp\/v2\/posts\/22816\/revisions"}],"predecessor-version":[{"id":22841,"href":"https:\/\/fuentesfidedignas.com.mx\/index.php\/wp-json\/wp\/v2\/posts\/22816\/revisions\/22841"}],"wp:featuredmedia":[{"embeddable":true,"href":"https:\/\/fuentesfidedignas.com.mx\/index.php\/wp-json\/wp\/v2\/media\/5607"}],"wp:attachment":[{"href":"https:\/\/fuentesfidedignas.com.mx\/index.php\/wp-json\/wp\/v2\/media?parent=22816"}],"wp:term":[{"taxonomy":"category","embeddable":true,"href":"https:\/\/fuentesfidedignas.com.mx\/index.php\/wp-json\/wp\/v2\/categories?post=22816"},{"taxonomy":"post_tag","embeddable":true,"href":"https:\/\/fuentesfidedignas.com.mx\/index.php\/wp-json\/wp\/v2\/tags?post=22816"}],"curies":[{"name":"wp","href":"https:\/\/api.w.org\/{rel}","templated":true}]}}