{"id":22801,"date":"2022-01-28T06:09:14","date_gmt":"2022-01-28T13:09:14","guid":{"rendered":"https:\/\/fuentesfidedignas.com.mx\/?p=22801"},"modified":"2022-01-28T06:09:15","modified_gmt":"2022-01-28T13:09:15","slug":"iniciara-la-uas-clases-el-31-de-enero-en-modalidad-presencial","status":"publish","type":"post","link":"https:\/\/fuentesfidedignas.com.mx\/index.php\/2022\/01\/28\/iniciara-la-uas-clases-el-31-de-enero-en-modalidad-presencial\/","title":{"rendered":"Iniciar\u00e1 la UAS clases el 31 de enero en modalidad presencial"},"content":{"rendered":"\n<p><em> <strong>La Universidad<\/strong><\/em><strong><em> \u201cest\u00e1 abierta\u201d para todos los que quieran asistir, se cuidar\u00e1 mucho el aspecto del protocolo sanitario para evitar contagios y se tendr\u00e1 flexibilidad para no afectar a los alumnos que no deseen acudir.<\/em><\/strong><\/p>\n\n\n\n<p>Culiac\u00e1n, Sin.- a Universidad Aut\u00f3noma de Sinaloa (UAS) iniciar\u00e1 el lunes 31 de enero el segundo semestre del presente Ciclo Escolar en modalidad presencial tal y como se ven\u00eda trabajando el anterior semestre y reforzando las medidas sanitarias, as\u00ed como respetando a quien por temor a un contagio no quiera asistir a las aulas, inform\u00f3 el Rector, doctor Jes\u00fas Madue\u00f1a Molina en Sesi\u00f3n Ordinaria del H. Consejo Universitario.<\/p>\n\n\n\n<p>\u201cPedirles a nuestros directores que la parte de los Comit\u00e9s de Salud en cada una de sus escuelas trabajen de manera ardua para que los filtros y los protocolos sanitarios en cada uno de nuestros centros de trabajo se cuiden de la mejor manera, no podemos regresar a un confinamiento dado que esto le ha hecho mucho da\u00f1o a la educaci\u00f3n\u201d, expres\u00f3 el Rector.<\/p>\n\n\n\n<p>Enfatiz\u00f3 que la Universidad \u201cest\u00e1 abierta\u201d para todos los que quieran asistir, se cuidar\u00e1 mucho el aspecto del protocolo sanitario para evitar contagios y se tendr\u00e1 flexibilidad para no afectar a los alumnos que no deseen acudir.<\/p>\n\n\n\n<p>\u201cRecuerden, el primer filtro est\u00e1 en casa, si alguien tiene s\u00edntomas no espere a hacerse la prueba (\u2026) es muy importante entender esta frase: estamos en una pandemia, estamos en una explosi\u00f3n de contagios, si alguien tiene un s\u00edntoma respiratorio recuerde es COVID hasta no demostrar lo contrario, qu\u00e9dense en casa\u201d, dijo.<\/p>\n\n\n\n<p>En esta primera sesi\u00f3n del a\u00f1o, realizada de manera virtual, el m\u00e1ximo \u00f3rgano de gobierno de la Universidad tambi\u00e9n aprob\u00f3 el Plan de Austeridad que se aplicar\u00e1 este a\u00f1o en la instituci\u00f3n y con el cual se estima un ahorro de poco m\u00e1s de 241 millones 245 mil pesos, adem\u00e1s se aprob\u00f3 el Presupuesto que se ejercer\u00e1 en 2022 y el cual presenta un d\u00e9ficit de cero pesos.<\/p>\n\n\n\n<p>Madue\u00f1a Molina expuso que el Plan de Austeridad, que entra en vigor al d\u00eda siguiente de su aprobaci\u00f3n, se integra de estrategias para buscar ahorros que permitan sacar adelante tareas importantes de la Universidad, pero enfatiz\u00f3 que este no aplica en aspectos como la calidad acad\u00e9mica, de los servicios, es decir, los procesos de aprendizaje se apoyar\u00e1n al igual que las escuelas para que operen de manera adecuada.<\/p>\n\n\n\n<p>Referente al Presupuesto 2022 aprobado, se detall\u00f3 que la UAS recibir\u00e1 un ingreso de poco m\u00e1s de 7 mil 169 millones de pesos conformado por el subsidio federal y estatal de ingresos propios y tendr\u00e1 egresos por la misma cantidad, y con ello alcanzar un d\u00e9ficit de cero pesos.<\/p>\n\n\n\n<p>El Rector tambi\u00e9n inform\u00f3 que el pr\u00f3ximo martes 1 de febrero se instalar\u00e1 la Comisi\u00f3n Institucional de Admisi\u00f3n para iniciar con el proceso del pr\u00f3ximo Ciclo Escolar, ah\u00ed se dar\u00e1n a conocer los detalles de la Convocatoria y se espera que la Universidad siga cumpliendo con la cobertura universal.<\/p>\n\n\n\n<p>Y para apoyar a los j\u00f3venes en una mejor elecci\u00f3n de estudios desde el pasado 16 de diciembre se realiza la Expo Profesiones UAS \u201cConociendo tu futuro universitario\u201d donde de manera permanente los j\u00f3venes pueden conocer toda la oferta educativa en la p\u00e1gina oficial y en la direcci\u00f3n electr\u00f3nica carreras.uas.edu.mx, y como todos los a\u00f1os se llevar\u00e1 a cabo de manera virtual y presencial la Muestra Profesiogr\u00e1fica del 1 al 8 de febrero.<\/p>\n\n\n\n<p>El Consejo Universitario tambi\u00e9n aprob\u00f3 el Modelo Educativo y Acad\u00e9mico 2022 Con Visi\u00f3n de Futuro, entre otros asuntos.<\/p>\n\n\n\n<p>El Rector agradeci\u00f3 el voto de confianza de los consejeros para todos los asuntos presentados y avalados y exhort\u00f3 a iniciar el semestre para el 31 de enero aplicando todos los cuidados sanitarios.<\/p>\n","protected":false},"excerpt":{"rendered":"<p>La Universidad \u201cest\u00e1 abierta\u201d para todos los que quieran asistir, se cuidar\u00e1 mucho el aspecto del protocolo sanitario para evitar contagios y se tendr\u00e1 flexibilidad para no afectar a los alumnos que no deseen acudir. Culiac\u00e1n, Sin.- a Universidad Aut\u00f3noma de Sinaloa (UAS) iniciar\u00e1 el lunes 31 de enero el segundo semestre del presente Ciclo [&hellip;]<\/p>\n","protected":false},"author":4,"featured_media":22802,"comment_status":"open","ping_status":"open","sticky":false,"template":"","format":"standard","meta":{"tdm_status":"","tdm_grid_status":"","footnotes":""},"categories":[37],"tags":[700,81,234],"class_list":{"0":"post-22801","1":"post","2":"type-post","3":"status-publish","4":"format-standard","5":"has-post-thumbnail","7":"category-nota-principal","8":"tag-clases-presenciales","9":"tag-uas","10":"tag-universidad-autonoma-de-sinaloa"},"yoast_head":"<!-- This site is optimized with the Yoast SEO plugin v27.5 - https:\/\/yoast.com\/product\/yoast-seo-wordpress\/ -->\n<title>Iniciar\u00e1 la UAS clases el 31 de enero en modalidad presencial - Fuentes Fidedignas<\/title>\n<meta name=\"robots\" content=\"index, follow, max-snippet:-1, max-image-preview:large, max-video-preview:-1\" \/>\n<link rel=\"canonical\" href=\"https:\/\/fuentesfidedignas.com.mx\/index.php\/2022\/01\/28\/iniciara-la-uas-clases-el-31-de-enero-en-modalidad-presencial\/\" \/>\n<meta property=\"og:locale\" content=\"es_MX\" \/>\n<meta property=\"og:type\" content=\"article\" \/>\n<meta property=\"og:title\" content=\"Iniciar\u00e1 la UAS clases el 31 de enero en modalidad presencial - Fuentes Fidedignas\" \/>\n<meta property=\"og:description\" content=\"La Universidad \u201cest\u00e1 abierta\u201d para todos los que quieran asistir, se cuidar\u00e1 mucho el aspecto del protocolo sanitario para evitar contagios y se tendr\u00e1 flexibilidad para no afectar a los alumnos que no deseen acudir. Culiac\u00e1n, Sin.- a Universidad Aut\u00f3noma de Sinaloa (UAS) iniciar\u00e1 el lunes 31 de enero el segundo semestre del presente Ciclo [&hellip;]\" \/>\n<meta property=\"og:url\" content=\"https:\/\/fuentesfidedignas.com.mx\/index.php\/2022\/01\/28\/iniciara-la-uas-clases-el-31-de-enero-en-modalidad-presencial\/\" \/>\n<meta property=\"og:site_name\" content=\"Fuentes Fidedignas\" \/>\n<meta property=\"article:publisher\" content=\"https:\/\/www.facebook.com\/Fuentes-Fidedignas-368234489921644\" \/>\n<meta property=\"article:published_time\" content=\"2022-01-28T13:09:14+00:00\" \/>\n<meta property=\"article:modified_time\" content=\"2022-01-28T13:09:15+00:00\" \/>\n<meta property=\"og:image\" content=\"https:\/\/fuentesfidedignas.com.mx\/wp-content\/uploads\/2022\/01\/CLASES_.jpeg\" \/>\n\t<meta property=\"og:image:width\" content=\"2000\" \/>\n\t<meta property=\"og:image:height\" content=\"1333\" \/>\n\t<meta property=\"og:image:type\" content=\"image\/jpeg\" \/>\n<meta name=\"author\" content=\"Redacci\u00f3n\" \/>\n<meta name=\"twitter:card\" content=\"summary_large_image\" \/>\n<meta name=\"twitter:creator\" content=\"@fidedignas\" \/>\n<meta name=\"twitter:site\" content=\"@fidedignas\" \/>\n<meta name=\"twitter:label1\" content=\"Escrito por\" \/>\n\t<meta name=\"twitter:data1\" content=\"Redacci\u00f3n\" \/>\n\t<meta name=\"twitter:label2\" content=\"Tiempo de lectura\" \/>\n\t<meta name=\"twitter:data2\" content=\"3 minutos\" \/>\n<script type=\"application\/ld+json\" class=\"yoast-schema-graph\">{\"@context\":\"https:\\\/\\\/schema.org\",\"@graph\":[{\"@type\":\"Article\",\"@id\":\"https:\\\/\\\/fuentesfidedignas.com.mx\\\/index.php\\\/2022\\\/01\\\/28\\\/iniciara-la-uas-clases-el-31-de-enero-en-modalidad-presencial\\\/#article\",\"isPartOf\":{\"@id\":\"https:\\\/\\\/fuentesfidedignas.com.mx\\\/index.php\\\/2022\\\/01\\\/28\\\/iniciara-la-uas-clases-el-31-de-enero-en-modalidad-presencial\\\/\"},\"author\":{\"name\":\"Redacci\u00f3n\",\"@id\":\"https:\\\/\\\/fuentesfidedignas.com.mx\\\/#\\\/schema\\\/person\\\/331be9283d37198e2acd5750279085b0\"},\"headline\":\"Iniciar\u00e1 la UAS clases el 31 de enero en modalidad presencial\",\"datePublished\":\"2022-01-28T13:09:14+00:00\",\"dateModified\":\"2022-01-28T13:09:15+00:00\",\"mainEntityOfPage\":{\"@id\":\"https:\\\/\\\/fuentesfidedignas.com.mx\\\/index.php\\\/2022\\\/01\\\/28\\\/iniciara-la-uas-clases-el-31-de-enero-en-modalidad-presencial\\\/\"},\"wordCount\":660,\"commentCount\":0,\"publisher\":{\"@id\":\"https:\\\/\\\/fuentesfidedignas.com.mx\\\/#organization\"},\"image\":{\"@id\":\"https:\\\/\\\/fuentesfidedignas.com.mx\\\/index.php\\\/2022\\\/01\\\/28\\\/iniciara-la-uas-clases-el-31-de-enero-en-modalidad-presencial\\\/#primaryimage\"},\"thumbnailUrl\":\"https:\\\/\\\/fuentesfidedignas.com.mx\\\/wp-content\\\/uploads\\\/2022\\\/01\\\/CLASES_.jpeg\",\"keywords\":[\"Clases presenciales\",\"UAS\",\"Universidad Aut\u00f3noma de Sinaloa\"],\"articleSection\":[\"NOTA PRINCIPAL\"],\"inLanguage\":\"es\",\"potentialAction\":[{\"@type\":\"CommentAction\",\"name\":\"Comment\",\"target\":[\"https:\\\/\\\/fuentesfidedignas.com.mx\\\/index.php\\\/2022\\\/01\\\/28\\\/iniciara-la-uas-clases-el-31-de-enero-en-modalidad-presencial\\\/#respond\"]}]},{\"@type\":\"WebPage\",\"@id\":\"https:\\\/\\\/fuentesfidedignas.com.mx\\\/index.php\\\/2022\\\/01\\\/28\\\/iniciara-la-uas-clases-el-31-de-enero-en-modalidad-presencial\\\/\",\"url\":\"https:\\\/\\\/fuentesfidedignas.com.mx\\\/index.php\\\/2022\\\/01\\\/28\\\/iniciara-la-uas-clases-el-31-de-enero-en-modalidad-presencial\\\/\",\"name\":\"Iniciar\u00e1 la UAS clases el 31 de enero en modalidad presencial - Fuentes Fidedignas\",\"isPartOf\":{\"@id\":\"https:\\\/\\\/fuentesfidedignas.com.mx\\\/#website\"},\"primaryImageOfPage\":{\"@id\":\"https:\\\/\\\/fuentesfidedignas.com.mx\\\/index.php\\\/2022\\\/01\\\/28\\\/iniciara-la-uas-clases-el-31-de-enero-en-modalidad-presencial\\\/#primaryimage\"},\"image\":{\"@id\":\"https:\\\/\\\/fuentesfidedignas.com.mx\\\/index.php\\\/2022\\\/01\\\/28\\\/iniciara-la-uas-clases-el-31-de-enero-en-modalidad-presencial\\\/#primaryimage\"},\"thumbnailUrl\":\"https:\\\/\\\/fuentesfidedignas.com.mx\\\/wp-content\\\/uploads\\\/2022\\\/01\\\/CLASES_.jpeg\",\"datePublished\":\"2022-01-28T13:09:14+00:00\",\"dateModified\":\"2022-01-28T13:09:15+00:00\",\"breadcrumb\":{\"@id\":\"https:\\\/\\\/fuentesfidedignas.com.mx\\\/index.php\\\/2022\\\/01\\\/28\\\/iniciara-la-uas-clases-el-31-de-enero-en-modalidad-presencial\\\/#breadcrumb\"},\"inLanguage\":\"es\",\"potentialAction\":[{\"@type\":\"ReadAction\",\"target\":[\"https:\\\/\\\/fuentesfidedignas.com.mx\\\/index.php\\\/2022\\\/01\\\/28\\\/iniciara-la-uas-clases-el-31-de-enero-en-modalidad-presencial\\\/\"]}]},{\"@type\":\"ImageObject\",\"inLanguage\":\"es\",\"@id\":\"https:\\\/\\\/fuentesfidedignas.com.mx\\\/index.php\\\/2022\\\/01\\\/28\\\/iniciara-la-uas-clases-el-31-de-enero-en-modalidad-presencial\\\/#primaryimage\",\"url\":\"https:\\\/\\\/fuentesfidedignas.com.mx\\\/wp-content\\\/uploads\\\/2022\\\/01\\\/CLASES_.jpeg\",\"contentUrl\":\"https:\\\/\\\/fuentesfidedignas.com.mx\\\/wp-content\\\/uploads\\\/2022\\\/01\\\/CLASES_.jpeg\",\"width\":2000,\"height\":1333},{\"@type\":\"BreadcrumbList\",\"@id\":\"https:\\\/\\\/fuentesfidedignas.com.mx\\\/index.php\\\/2022\\\/01\\\/28\\\/iniciara-la-uas-clases-el-31-de-enero-en-modalidad-presencial\\\/#breadcrumb\",\"itemListElement\":[{\"@type\":\"ListItem\",\"position\":1,\"name\":\"Inicio\",\"item\":\"https:\\\/\\\/fuentesfidedignas.com.mx\\\/\"},{\"@type\":\"ListItem\",\"position\":2,\"name\":\"Iniciar\u00e1 la UAS clases el 31 de enero en modalidad presencial\"}]},{\"@type\":\"WebSite\",\"@id\":\"https:\\\/\\\/fuentesfidedignas.com.mx\\\/#website\",\"url\":\"https:\\\/\\\/fuentesfidedignas.com.mx\\\/\",\"name\":\"Fuentes Fidedignas\",\"description\":\"Otro sitio realizado con WordPress\",\"publisher\":{\"@id\":\"https:\\\/\\\/fuentesfidedignas.com.mx\\\/#organization\"},\"potentialAction\":[{\"@type\":\"SearchAction\",\"target\":{\"@type\":\"EntryPoint\",\"urlTemplate\":\"https:\\\/\\\/fuentesfidedignas.com.mx\\\/?s={search_term_string}\"},\"query-input\":{\"@type\":\"PropertyValueSpecification\",\"valueRequired\":true,\"valueName\":\"search_term_string\"}}],\"inLanguage\":\"es\"},{\"@type\":\"Organization\",\"@id\":\"https:\\\/\\\/fuentesfidedignas.com.mx\\\/#organization\",\"name\":\"Fuentes Fidedignas\",\"url\":\"https:\\\/\\\/fuentesfidedignas.com.mx\\\/\",\"logo\":{\"@type\":\"ImageObject\",\"inLanguage\":\"es\",\"@id\":\"https:\\\/\\\/fuentesfidedignas.com.mx\\\/#\\\/schema\\\/logo\\\/image\\\/\",\"url\":\"https:\\\/\\\/fuentesfidedignas.com.mx\\\/wp-content\\\/uploads\\\/2021\\\/04\\\/logo-retina.png\",\"contentUrl\":\"https:\\\/\\\/fuentesfidedignas.com.mx\\\/wp-content\\\/uploads\\\/2021\\\/04\\\/logo-retina.png\",\"width\":280,\"height\":51,\"caption\":\"Fuentes Fidedignas\"},\"image\":{\"@id\":\"https:\\\/\\\/fuentesfidedignas.com.mx\\\/#\\\/schema\\\/logo\\\/image\\\/\"},\"sameAs\":[\"https:\\\/\\\/www.facebook.com\\\/Fuentes-Fidedignas-368234489921644\",\"https:\\\/\\\/x.com\\\/fidedignas\"]},{\"@type\":\"Person\",\"@id\":\"https:\\\/\\\/fuentesfidedignas.com.mx\\\/#\\\/schema\\\/person\\\/331be9283d37198e2acd5750279085b0\",\"name\":\"Redacci\u00f3n\",\"image\":{\"@type\":\"ImageObject\",\"inLanguage\":\"es\",\"@id\":\"https:\\\/\\\/secure.gravatar.com\\\/avatar\\\/f6d8782c11d12b2d4ad3fbb6931aeab5309937a4d6cd2fc9cfaa28a6396a5aec?s=96&d=mm&r=g\",\"url\":\"https:\\\/\\\/secure.gravatar.com\\\/avatar\\\/f6d8782c11d12b2d4ad3fbb6931aeab5309937a4d6cd2fc9cfaa28a6396a5aec?s=96&d=mm&r=g\",\"contentUrl\":\"https:\\\/\\\/secure.gravatar.com\\\/avatar\\\/f6d8782c11d12b2d4ad3fbb6931aeab5309937a4d6cd2fc9cfaa28a6396a5aec?s=96&d=mm&r=g\",\"caption\":\"Redacci\u00f3n\"},\"url\":\"https:\\\/\\\/fuentesfidedignas.com.mx\\\/index.php\\\/author\\\/redaccion\\\/\"}]}<\/script>\n<!-- \/ Yoast SEO plugin. -->","yoast_head_json":{"title":"Iniciar\u00e1 la UAS clases el 31 de enero en modalidad presencial - Fuentes Fidedignas","robots":{"index":"index","follow":"follow","max-snippet":"max-snippet:-1","max-image-preview":"max-image-preview:large","max-video-preview":"max-video-preview:-1"},"canonical":"https:\/\/fuentesfidedignas.com.mx\/index.php\/2022\/01\/28\/iniciara-la-uas-clases-el-31-de-enero-en-modalidad-presencial\/","og_locale":"es_MX","og_type":"article","og_title":"Iniciar\u00e1 la UAS clases el 31 de enero en modalidad presencial - Fuentes Fidedignas","og_description":"La Universidad \u201cest\u00e1 abierta\u201d para todos los que quieran asistir, se cuidar\u00e1 mucho el aspecto del protocolo sanitario para evitar contagios y se tendr\u00e1 flexibilidad para no afectar a los alumnos que no deseen acudir. Culiac\u00e1n, Sin.- a Universidad Aut\u00f3noma de Sinaloa (UAS) iniciar\u00e1 el lunes 31 de enero el segundo semestre del presente Ciclo [&hellip;]","og_url":"https:\/\/fuentesfidedignas.com.mx\/index.php\/2022\/01\/28\/iniciara-la-uas-clases-el-31-de-enero-en-modalidad-presencial\/","og_site_name":"Fuentes Fidedignas","article_publisher":"https:\/\/www.facebook.com\/Fuentes-Fidedignas-368234489921644","article_published_time":"2022-01-28T13:09:14+00:00","article_modified_time":"2022-01-28T13:09:15+00:00","og_image":[{"width":2000,"height":1333,"url":"https:\/\/fuentesfidedignas.com.mx\/wp-content\/uploads\/2022\/01\/CLASES_.jpeg","type":"image\/jpeg"}],"author":"Redacci\u00f3n","twitter_card":"summary_large_image","twitter_creator":"@fidedignas","twitter_site":"@fidedignas","twitter_misc":{"Escrito por":"Redacci\u00f3n","Tiempo de lectura":"3 minutos"},"schema":{"@context":"https:\/\/schema.org","@graph":[{"@type":"Article","@id":"https:\/\/fuentesfidedignas.com.mx\/index.php\/2022\/01\/28\/iniciara-la-uas-clases-el-31-de-enero-en-modalidad-presencial\/#article","isPartOf":{"@id":"https:\/\/fuentesfidedignas.com.mx\/index.php\/2022\/01\/28\/iniciara-la-uas-clases-el-31-de-enero-en-modalidad-presencial\/"},"author":{"name":"Redacci\u00f3n","@id":"https:\/\/fuentesfidedignas.com.mx\/#\/schema\/person\/331be9283d37198e2acd5750279085b0"},"headline":"Iniciar\u00e1 la UAS clases el 31 de enero en modalidad presencial","datePublished":"2022-01-28T13:09:14+00:00","dateModified":"2022-01-28T13:09:15+00:00","mainEntityOfPage":{"@id":"https:\/\/fuentesfidedignas.com.mx\/index.php\/2022\/01\/28\/iniciara-la-uas-clases-el-31-de-enero-en-modalidad-presencial\/"},"wordCount":660,"commentCount":0,"publisher":{"@id":"https:\/\/fuentesfidedignas.com.mx\/#organization"},"image":{"@id":"https:\/\/fuentesfidedignas.com.mx\/index.php\/2022\/01\/28\/iniciara-la-uas-clases-el-31-de-enero-en-modalidad-presencial\/#primaryimage"},"thumbnailUrl":"https:\/\/fuentesfidedignas.com.mx\/wp-content\/uploads\/2022\/01\/CLASES_.jpeg","keywords":["Clases presenciales","UAS","Universidad Aut\u00f3noma de Sinaloa"],"articleSection":["NOTA PRINCIPAL"],"inLanguage":"es","potentialAction":[{"@type":"CommentAction","name":"Comment","target":["https:\/\/fuentesfidedignas.com.mx\/index.php\/2022\/01\/28\/iniciara-la-uas-clases-el-31-de-enero-en-modalidad-presencial\/#respond"]}]},{"@type":"WebPage","@id":"https:\/\/fuentesfidedignas.com.mx\/index.php\/2022\/01\/28\/iniciara-la-uas-clases-el-31-de-enero-en-modalidad-presencial\/","url":"https:\/\/fuentesfidedignas.com.mx\/index.php\/2022\/01\/28\/iniciara-la-uas-clases-el-31-de-enero-en-modalidad-presencial\/","name":"Iniciar\u00e1 la UAS clases el 31 de enero en modalidad presencial - Fuentes Fidedignas","isPartOf":{"@id":"https:\/\/fuentesfidedignas.com.mx\/#website"},"primaryImageOfPage":{"@id":"https:\/\/fuentesfidedignas.com.mx\/index.php\/2022\/01\/28\/iniciara-la-uas-clases-el-31-de-enero-en-modalidad-presencial\/#primaryimage"},"image":{"@id":"https:\/\/fuentesfidedignas.com.mx\/index.php\/2022\/01\/28\/iniciara-la-uas-clases-el-31-de-enero-en-modalidad-presencial\/#primaryimage"},"thumbnailUrl":"https:\/\/fuentesfidedignas.com.mx\/wp-content\/uploads\/2022\/01\/CLASES_.jpeg","datePublished":"2022-01-28T13:09:14+00:00","dateModified":"2022-01-28T13:09:15+00:00","breadcrumb":{"@id":"https:\/\/fuentesfidedignas.com.mx\/index.php\/2022\/01\/28\/iniciara-la-uas-clases-el-31-de-enero-en-modalidad-presencial\/#breadcrumb"},"inLanguage":"es","potentialAction":[{"@type":"ReadAction","target":["https:\/\/fuentesfidedignas.com.mx\/index.php\/2022\/01\/28\/iniciara-la-uas-clases-el-31-de-enero-en-modalidad-presencial\/"]}]},{"@type":"ImageObject","inLanguage":"es","@id":"https:\/\/fuentesfidedignas.com.mx\/index.php\/2022\/01\/28\/iniciara-la-uas-clases-el-31-de-enero-en-modalidad-presencial\/#primaryimage","url":"https:\/\/fuentesfidedignas.com.mx\/wp-content\/uploads\/2022\/01\/CLASES_.jpeg","contentUrl":"https:\/\/fuentesfidedignas.com.mx\/wp-content\/uploads\/2022\/01\/CLASES_.jpeg","width":2000,"height":1333},{"@type":"BreadcrumbList","@id":"https:\/\/fuentesfidedignas.com.mx\/index.php\/2022\/01\/28\/iniciara-la-uas-clases-el-31-de-enero-en-modalidad-presencial\/#breadcrumb","itemListElement":[{"@type":"ListItem","position":1,"name":"Inicio","item":"https:\/\/fuentesfidedignas.com.mx\/"},{"@type":"ListItem","position":2,"name":"Iniciar\u00e1 la UAS clases el 31 de enero en modalidad presencial"}]},{"@type":"WebSite","@id":"https:\/\/fuentesfidedignas.com.mx\/#website","url":"https:\/\/fuentesfidedignas.com.mx\/","name":"Fuentes Fidedignas","description":"Otro sitio realizado con WordPress","publisher":{"@id":"https:\/\/fuentesfidedignas.com.mx\/#organization"},"potentialAction":[{"@type":"SearchAction","target":{"@type":"EntryPoint","urlTemplate":"https:\/\/fuentesfidedignas.com.mx\/?s={search_term_string}"},"query-input":{"@type":"PropertyValueSpecification","valueRequired":true,"valueName":"search_term_string"}}],"inLanguage":"es"},{"@type":"Organization","@id":"https:\/\/fuentesfidedignas.com.mx\/#organization","name":"Fuentes Fidedignas","url":"https:\/\/fuentesfidedignas.com.mx\/","logo":{"@type":"ImageObject","inLanguage":"es","@id":"https:\/\/fuentesfidedignas.com.mx\/#\/schema\/logo\/image\/","url":"https:\/\/fuentesfidedignas.com.mx\/wp-content\/uploads\/2021\/04\/logo-retina.png","contentUrl":"https:\/\/fuentesfidedignas.com.mx\/wp-content\/uploads\/2021\/04\/logo-retina.png","width":280,"height":51,"caption":"Fuentes Fidedignas"},"image":{"@id":"https:\/\/fuentesfidedignas.com.mx\/#\/schema\/logo\/image\/"},"sameAs":["https:\/\/www.facebook.com\/Fuentes-Fidedignas-368234489921644","https:\/\/x.com\/fidedignas"]},{"@type":"Person","@id":"https:\/\/fuentesfidedignas.com.mx\/#\/schema\/person\/331be9283d37198e2acd5750279085b0","name":"Redacci\u00f3n","image":{"@type":"ImageObject","inLanguage":"es","@id":"https:\/\/secure.gravatar.com\/avatar\/f6d8782c11d12b2d4ad3fbb6931aeab5309937a4d6cd2fc9cfaa28a6396a5aec?s=96&d=mm&r=g","url":"https:\/\/secure.gravatar.com\/avatar\/f6d8782c11d12b2d4ad3fbb6931aeab5309937a4d6cd2fc9cfaa28a6396a5aec?s=96&d=mm&r=g","contentUrl":"https:\/\/secure.gravatar.com\/avatar\/f6d8782c11d12b2d4ad3fbb6931aeab5309937a4d6cd2fc9cfaa28a6396a5aec?s=96&d=mm&r=g","caption":"Redacci\u00f3n"},"url":"https:\/\/fuentesfidedignas.com.mx\/index.php\/author\/redaccion\/"}]}},"_links":{"self":[{"href":"https:\/\/fuentesfidedignas.com.mx\/index.php\/wp-json\/wp\/v2\/posts\/22801","targetHints":{"allow":["GET"]}}],"collection":[{"href":"https:\/\/fuentesfidedignas.com.mx\/index.php\/wp-json\/wp\/v2\/posts"}],"about":[{"href":"https:\/\/fuentesfidedignas.com.mx\/index.php\/wp-json\/wp\/v2\/types\/post"}],"author":[{"embeddable":true,"href":"https:\/\/fuentesfidedignas.com.mx\/index.php\/wp-json\/wp\/v2\/users\/4"}],"replies":[{"embeddable":true,"href":"https:\/\/fuentesfidedignas.com.mx\/index.php\/wp-json\/wp\/v2\/comments?post=22801"}],"version-history":[{"count":1,"href":"https:\/\/fuentesfidedignas.com.mx\/index.php\/wp-json\/wp\/v2\/posts\/22801\/revisions"}],"predecessor-version":[{"id":22803,"href":"https:\/\/fuentesfidedignas.com.mx\/index.php\/wp-json\/wp\/v2\/posts\/22801\/revisions\/22803"}],"wp:featuredmedia":[{"embeddable":true,"href":"https:\/\/fuentesfidedignas.com.mx\/index.php\/wp-json\/wp\/v2\/media\/22802"}],"wp:attachment":[{"href":"https:\/\/fuentesfidedignas.com.mx\/index.php\/wp-json\/wp\/v2\/media?parent=22801"}],"wp:term":[{"taxonomy":"category","embeddable":true,"href":"https:\/\/fuentesfidedignas.com.mx\/index.php\/wp-json\/wp\/v2\/categories?post=22801"},{"taxonomy":"post_tag","embeddable":true,"href":"https:\/\/fuentesfidedignas.com.mx\/index.php\/wp-json\/wp\/v2\/tags?post=22801"}],"curies":[{"name":"wp","href":"https:\/\/api.w.org\/{rel}","templated":true}]}}