{"id":22785,"date":"2022-01-27T21:14:17","date_gmt":"2022-01-28T04:14:17","guid":{"rendered":"https:\/\/fuentesfidedignas.com.mx\/?p=22785"},"modified":"2022-01-27T21:16:08","modified_gmt":"2022-01-28T04:16:08","slug":"de-nuevo-los-casos-covid-19-se-consideraran-activos-por-14-dias","status":"publish","type":"post","link":"https:\/\/fuentesfidedignas.com.mx\/index.php\/2022\/01\/27\/de-nuevo-los-casos-covid-19-se-consideraran-activos-por-14-dias\/","title":{"rendered":"De nuevo los casos Covid-19  se considerar\u00e1n activos por 14 d\u00edas"},"content":{"rendered":"\n<p><em><strong>La federaci\u00f3n retomar\u00e1 como casos activos a todas aquellas personas que duran 14 d\u00edas desde el primer d\u00eda de haber presentado s\u00edntomas por Covid \u2013 19 cuando anteriormente eran 7 d\u00edas<\/strong><\/em><\/p>\n\n\n\n<p>Culiac\u00e1n, Sin; A partir de este d\u00eda jueves 27 de enero del a\u00f1o en curso, se tomar\u00e1n como casos activos a aquellas personas que duren 14 d\u00edas desde el primer d\u00eda de iniciar s\u00edntomas por Covid \u2013 19, una vez cumplido este periodo se considerar\u00e1n como recuperados, cuando anteriormente el criterio era un lapso de 7 d\u00edas, inform\u00f3 el Dr. Gerardo Kenny Inzunza Leyva, Director de Prevenci\u00f3n y Promoci\u00f3n de la Salud.<\/p>\n\n\n\n<p>Detall\u00f3 que, con ello el bolet\u00edn Covid en Sinaloa se unifica a los lineamientos federales los cuales son basados por lo que dicta la propia Organizaci\u00f3n Mundial de la Salud.<\/p>\n\n\n\n<p>\u201cCada dos semanas se hacen cambios de lineamientos se vuelven a revisar todos los criterios, en este momento se lleg\u00f3 a un acuerdo a nivel nacional donde se tomaba anteriormente siete d\u00edas los casos activos, se consenso para que se tomara ahora hasta 14 d\u00edas debido a estas modificaciones a los criterios volvemos a tomar como casos activos aquellas personas que duran 14 d\u00edas desde el primer d\u00eda desde el inicio de sus s\u00edntomas, hasta que cumplen los 14 d\u00edas ya los consideramos ya los damos de alta o como recuperados\u201d, inform\u00f3.<\/p>\n\n\n\n<p>Agreg\u00f3 que, estas acciones fueron ya notificadas al Secretario de Salud de Sinaloa, MC. H\u00e9ctor Melesio Cu\u00e9n Ojeda, atendiendo con ello su encomienda de cumplir cabalmente con la alta responsabilidad de informarle a la sociedad el estado actual que presenta la pandemia en nuestra entidad de una manera clara, precisa y contundente, tal como lo ha instruido tambi\u00e9n el Dr. Rub\u00e9n Rocha Moya, Gobernador del Estado.<\/p>\n","protected":false},"excerpt":{"rendered":"<p>La federaci\u00f3n retomar\u00e1 como casos activos a todas aquellas personas que duran 14 d\u00edas desde el primer d\u00eda de haber presentado s\u00edntomas por Covid \u2013 19 cuando anteriormente eran 7 d\u00edas Culiac\u00e1n, Sin; A partir de este d\u00eda jueves 27 de enero del a\u00f1o en curso, se tomar\u00e1n como casos activos a aquellas personas que [&hellip;]<\/p>\n","protected":false},"author":4,"featured_media":22784,"comment_status":"open","ping_status":"open","sticky":false,"template":"","format":"standard","meta":{"tdm_status":"","tdm_grid_status":"","footnotes":""},"categories":[37],"tags":[332,59,229],"class_list":{"0":"post-22785","1":"post","2":"type-post","3":"status-publish","4":"format-standard","5":"has-post-thumbnail","7":"category-nota-principal","8":"tag-coronavirus","9":"tag-covid-19","10":"tag-secretaria-de-salud-de-sinaloa"},"yoast_head":"<!-- This site is optimized with the Yoast SEO plugin v27.5 - https:\/\/yoast.com\/product\/yoast-seo-wordpress\/ -->\n<title>De nuevo los casos Covid-19 se considerar\u00e1n activos por 14 d\u00edas - Fuentes Fidedignas<\/title>\n<meta name=\"robots\" content=\"index, follow, max-snippet:-1, max-image-preview:large, max-video-preview:-1\" \/>\n<link rel=\"canonical\" href=\"https:\/\/fuentesfidedignas.com.mx\/index.php\/2022\/01\/27\/de-nuevo-los-casos-covid-19-se-consideraran-activos-por-14-dias\/\" \/>\n<meta property=\"og:locale\" content=\"es_MX\" \/>\n<meta property=\"og:type\" content=\"article\" \/>\n<meta property=\"og:title\" content=\"De nuevo los casos Covid-19 se considerar\u00e1n activos por 14 d\u00edas - Fuentes Fidedignas\" \/>\n<meta property=\"og:description\" content=\"La federaci\u00f3n retomar\u00e1 como casos activos a todas aquellas personas que duran 14 d\u00edas desde el primer d\u00eda de haber presentado s\u00edntomas por Covid \u2013 19 cuando anteriormente eran 7 d\u00edas Culiac\u00e1n, Sin; A partir de este d\u00eda jueves 27 de enero del a\u00f1o en curso, se tomar\u00e1n como casos activos a aquellas personas que [&hellip;]\" \/>\n<meta property=\"og:url\" content=\"https:\/\/fuentesfidedignas.com.mx\/index.php\/2022\/01\/27\/de-nuevo-los-casos-covid-19-se-consideraran-activos-por-14-dias\/\" \/>\n<meta property=\"og:site_name\" content=\"Fuentes Fidedignas\" \/>\n<meta property=\"article:publisher\" content=\"https:\/\/www.facebook.com\/Fuentes-Fidedignas-368234489921644\" \/>\n<meta property=\"article:published_time\" content=\"2022-01-28T04:14:17+00:00\" \/>\n<meta property=\"article:modified_time\" content=\"2022-01-28T04:16:08+00:00\" \/>\n<meta property=\"og:image\" content=\"https:\/\/fuentesfidedignas.com.mx\/wp-content\/uploads\/2022\/01\/images-5-1.jpeg\" \/>\n\t<meta property=\"og:image:width\" content=\"679\" \/>\n\t<meta property=\"og:image:height\" content=\"452\" \/>\n\t<meta property=\"og:image:type\" content=\"image\/jpeg\" \/>\n<meta name=\"author\" content=\"Redacci\u00f3n\" \/>\n<meta name=\"twitter:card\" content=\"summary_large_image\" \/>\n<meta name=\"twitter:creator\" content=\"@fidedignas\" \/>\n<meta name=\"twitter:site\" content=\"@fidedignas\" \/>\n<meta name=\"twitter:label1\" content=\"Escrito por\" \/>\n\t<meta name=\"twitter:data1\" content=\"Redacci\u00f3n\" \/>\n\t<meta name=\"twitter:label2\" content=\"Tiempo de lectura\" \/>\n\t<meta name=\"twitter:data2\" content=\"2 minutos\" \/>\n<script type=\"application\/ld+json\" class=\"yoast-schema-graph\">{\"@context\":\"https:\\\/\\\/schema.org\",\"@graph\":[{\"@type\":\"Article\",\"@id\":\"https:\\\/\\\/fuentesfidedignas.com.mx\\\/index.php\\\/2022\\\/01\\\/27\\\/de-nuevo-los-casos-covid-19-se-consideraran-activos-por-14-dias\\\/#article\",\"isPartOf\":{\"@id\":\"https:\\\/\\\/fuentesfidedignas.com.mx\\\/index.php\\\/2022\\\/01\\\/27\\\/de-nuevo-los-casos-covid-19-se-consideraran-activos-por-14-dias\\\/\"},\"author\":{\"name\":\"Redacci\u00f3n\",\"@id\":\"https:\\\/\\\/fuentesfidedignas.com.mx\\\/#\\\/schema\\\/person\\\/331be9283d37198e2acd5750279085b0\"},\"headline\":\"De nuevo los casos Covid-19 se considerar\u00e1n activos por 14 d\u00edas\",\"datePublished\":\"2022-01-28T04:14:17+00:00\",\"dateModified\":\"2022-01-28T04:16:08+00:00\",\"mainEntityOfPage\":{\"@id\":\"https:\\\/\\\/fuentesfidedignas.com.mx\\\/index.php\\\/2022\\\/01\\\/27\\\/de-nuevo-los-casos-covid-19-se-consideraran-activos-por-14-dias\\\/\"},\"wordCount\":319,\"commentCount\":0,\"publisher\":{\"@id\":\"https:\\\/\\\/fuentesfidedignas.com.mx\\\/#organization\"},\"image\":{\"@id\":\"https:\\\/\\\/fuentesfidedignas.com.mx\\\/index.php\\\/2022\\\/01\\\/27\\\/de-nuevo-los-casos-covid-19-se-consideraran-activos-por-14-dias\\\/#primaryimage\"},\"thumbnailUrl\":\"https:\\\/\\\/fuentesfidedignas.com.mx\\\/wp-content\\\/uploads\\\/2022\\\/01\\\/images-5-1.jpeg\",\"keywords\":[\"Coronavirus\",\"Covid-19\",\"Secretar\u00eda de Salud de Sinaloa\"],\"articleSection\":[\"NOTA PRINCIPAL\"],\"inLanguage\":\"es\",\"potentialAction\":[{\"@type\":\"CommentAction\",\"name\":\"Comment\",\"target\":[\"https:\\\/\\\/fuentesfidedignas.com.mx\\\/index.php\\\/2022\\\/01\\\/27\\\/de-nuevo-los-casos-covid-19-se-consideraran-activos-por-14-dias\\\/#respond\"]}]},{\"@type\":\"WebPage\",\"@id\":\"https:\\\/\\\/fuentesfidedignas.com.mx\\\/index.php\\\/2022\\\/01\\\/27\\\/de-nuevo-los-casos-covid-19-se-consideraran-activos-por-14-dias\\\/\",\"url\":\"https:\\\/\\\/fuentesfidedignas.com.mx\\\/index.php\\\/2022\\\/01\\\/27\\\/de-nuevo-los-casos-covid-19-se-consideraran-activos-por-14-dias\\\/\",\"name\":\"De nuevo los casos Covid-19 se considerar\u00e1n activos por 14 d\u00edas - Fuentes Fidedignas\",\"isPartOf\":{\"@id\":\"https:\\\/\\\/fuentesfidedignas.com.mx\\\/#website\"},\"primaryImageOfPage\":{\"@id\":\"https:\\\/\\\/fuentesfidedignas.com.mx\\\/index.php\\\/2022\\\/01\\\/27\\\/de-nuevo-los-casos-covid-19-se-consideraran-activos-por-14-dias\\\/#primaryimage\"},\"image\":{\"@id\":\"https:\\\/\\\/fuentesfidedignas.com.mx\\\/index.php\\\/2022\\\/01\\\/27\\\/de-nuevo-los-casos-covid-19-se-consideraran-activos-por-14-dias\\\/#primaryimage\"},\"thumbnailUrl\":\"https:\\\/\\\/fuentesfidedignas.com.mx\\\/wp-content\\\/uploads\\\/2022\\\/01\\\/images-5-1.jpeg\",\"datePublished\":\"2022-01-28T04:14:17+00:00\",\"dateModified\":\"2022-01-28T04:16:08+00:00\",\"breadcrumb\":{\"@id\":\"https:\\\/\\\/fuentesfidedignas.com.mx\\\/index.php\\\/2022\\\/01\\\/27\\\/de-nuevo-los-casos-covid-19-se-consideraran-activos-por-14-dias\\\/#breadcrumb\"},\"inLanguage\":\"es\",\"potentialAction\":[{\"@type\":\"ReadAction\",\"target\":[\"https:\\\/\\\/fuentesfidedignas.com.mx\\\/index.php\\\/2022\\\/01\\\/27\\\/de-nuevo-los-casos-covid-19-se-consideraran-activos-por-14-dias\\\/\"]}]},{\"@type\":\"ImageObject\",\"inLanguage\":\"es\",\"@id\":\"https:\\\/\\\/fuentesfidedignas.com.mx\\\/index.php\\\/2022\\\/01\\\/27\\\/de-nuevo-los-casos-covid-19-se-consideraran-activos-por-14-dias\\\/#primaryimage\",\"url\":\"https:\\\/\\\/fuentesfidedignas.com.mx\\\/wp-content\\\/uploads\\\/2022\\\/01\\\/images-5-1.jpeg\",\"contentUrl\":\"https:\\\/\\\/fuentesfidedignas.com.mx\\\/wp-content\\\/uploads\\\/2022\\\/01\\\/images-5-1.jpeg\",\"width\":679,\"height\":452},{\"@type\":\"BreadcrumbList\",\"@id\":\"https:\\\/\\\/fuentesfidedignas.com.mx\\\/index.php\\\/2022\\\/01\\\/27\\\/de-nuevo-los-casos-covid-19-se-consideraran-activos-por-14-dias\\\/#breadcrumb\",\"itemListElement\":[{\"@type\":\"ListItem\",\"position\":1,\"name\":\"Inicio\",\"item\":\"https:\\\/\\\/fuentesfidedignas.com.mx\\\/\"},{\"@type\":\"ListItem\",\"position\":2,\"name\":\"De nuevo los casos Covid-19 se considerar\u00e1n activos por 14 d\u00edas\"}]},{\"@type\":\"WebSite\",\"@id\":\"https:\\\/\\\/fuentesfidedignas.com.mx\\\/#website\",\"url\":\"https:\\\/\\\/fuentesfidedignas.com.mx\\\/\",\"name\":\"Fuentes Fidedignas\",\"description\":\"Otro sitio realizado con WordPress\",\"publisher\":{\"@id\":\"https:\\\/\\\/fuentesfidedignas.com.mx\\\/#organization\"},\"potentialAction\":[{\"@type\":\"SearchAction\",\"target\":{\"@type\":\"EntryPoint\",\"urlTemplate\":\"https:\\\/\\\/fuentesfidedignas.com.mx\\\/?s={search_term_string}\"},\"query-input\":{\"@type\":\"PropertyValueSpecification\",\"valueRequired\":true,\"valueName\":\"search_term_string\"}}],\"inLanguage\":\"es\"},{\"@type\":\"Organization\",\"@id\":\"https:\\\/\\\/fuentesfidedignas.com.mx\\\/#organization\",\"name\":\"Fuentes Fidedignas\",\"url\":\"https:\\\/\\\/fuentesfidedignas.com.mx\\\/\",\"logo\":{\"@type\":\"ImageObject\",\"inLanguage\":\"es\",\"@id\":\"https:\\\/\\\/fuentesfidedignas.com.mx\\\/#\\\/schema\\\/logo\\\/image\\\/\",\"url\":\"https:\\\/\\\/fuentesfidedignas.com.mx\\\/wp-content\\\/uploads\\\/2021\\\/04\\\/logo-retina.png\",\"contentUrl\":\"https:\\\/\\\/fuentesfidedignas.com.mx\\\/wp-content\\\/uploads\\\/2021\\\/04\\\/logo-retina.png\",\"width\":280,\"height\":51,\"caption\":\"Fuentes Fidedignas\"},\"image\":{\"@id\":\"https:\\\/\\\/fuentesfidedignas.com.mx\\\/#\\\/schema\\\/logo\\\/image\\\/\"},\"sameAs\":[\"https:\\\/\\\/www.facebook.com\\\/Fuentes-Fidedignas-368234489921644\",\"https:\\\/\\\/x.com\\\/fidedignas\"]},{\"@type\":\"Person\",\"@id\":\"https:\\\/\\\/fuentesfidedignas.com.mx\\\/#\\\/schema\\\/person\\\/331be9283d37198e2acd5750279085b0\",\"name\":\"Redacci\u00f3n\",\"image\":{\"@type\":\"ImageObject\",\"inLanguage\":\"es\",\"@id\":\"https:\\\/\\\/secure.gravatar.com\\\/avatar\\\/f6d8782c11d12b2d4ad3fbb6931aeab5309937a4d6cd2fc9cfaa28a6396a5aec?s=96&d=mm&r=g\",\"url\":\"https:\\\/\\\/secure.gravatar.com\\\/avatar\\\/f6d8782c11d12b2d4ad3fbb6931aeab5309937a4d6cd2fc9cfaa28a6396a5aec?s=96&d=mm&r=g\",\"contentUrl\":\"https:\\\/\\\/secure.gravatar.com\\\/avatar\\\/f6d8782c11d12b2d4ad3fbb6931aeab5309937a4d6cd2fc9cfaa28a6396a5aec?s=96&d=mm&r=g\",\"caption\":\"Redacci\u00f3n\"},\"url\":\"https:\\\/\\\/fuentesfidedignas.com.mx\\\/index.php\\\/author\\\/redaccion\\\/\"}]}<\/script>\n<!-- \/ Yoast SEO plugin. -->","yoast_head_json":{"title":"De nuevo los casos Covid-19 se considerar\u00e1n activos por 14 d\u00edas - Fuentes Fidedignas","robots":{"index":"index","follow":"follow","max-snippet":"max-snippet:-1","max-image-preview":"max-image-preview:large","max-video-preview":"max-video-preview:-1"},"canonical":"https:\/\/fuentesfidedignas.com.mx\/index.php\/2022\/01\/27\/de-nuevo-los-casos-covid-19-se-consideraran-activos-por-14-dias\/","og_locale":"es_MX","og_type":"article","og_title":"De nuevo los casos Covid-19 se considerar\u00e1n activos por 14 d\u00edas - Fuentes Fidedignas","og_description":"La federaci\u00f3n retomar\u00e1 como casos activos a todas aquellas personas que duran 14 d\u00edas desde el primer d\u00eda de haber presentado s\u00edntomas por Covid \u2013 19 cuando anteriormente eran 7 d\u00edas Culiac\u00e1n, Sin; A partir de este d\u00eda jueves 27 de enero del a\u00f1o en curso, se tomar\u00e1n como casos activos a aquellas personas que [&hellip;]","og_url":"https:\/\/fuentesfidedignas.com.mx\/index.php\/2022\/01\/27\/de-nuevo-los-casos-covid-19-se-consideraran-activos-por-14-dias\/","og_site_name":"Fuentes Fidedignas","article_publisher":"https:\/\/www.facebook.com\/Fuentes-Fidedignas-368234489921644","article_published_time":"2022-01-28T04:14:17+00:00","article_modified_time":"2022-01-28T04:16:08+00:00","og_image":[{"width":679,"height":452,"url":"https:\/\/fuentesfidedignas.com.mx\/wp-content\/uploads\/2022\/01\/images-5-1.jpeg","type":"image\/jpeg"}],"author":"Redacci\u00f3n","twitter_card":"summary_large_image","twitter_creator":"@fidedignas","twitter_site":"@fidedignas","twitter_misc":{"Escrito por":"Redacci\u00f3n","Tiempo de lectura":"2 minutos"},"schema":{"@context":"https:\/\/schema.org","@graph":[{"@type":"Article","@id":"https:\/\/fuentesfidedignas.com.mx\/index.php\/2022\/01\/27\/de-nuevo-los-casos-covid-19-se-consideraran-activos-por-14-dias\/#article","isPartOf":{"@id":"https:\/\/fuentesfidedignas.com.mx\/index.php\/2022\/01\/27\/de-nuevo-los-casos-covid-19-se-consideraran-activos-por-14-dias\/"},"author":{"name":"Redacci\u00f3n","@id":"https:\/\/fuentesfidedignas.com.mx\/#\/schema\/person\/331be9283d37198e2acd5750279085b0"},"headline":"De nuevo los casos Covid-19 se considerar\u00e1n activos por 14 d\u00edas","datePublished":"2022-01-28T04:14:17+00:00","dateModified":"2022-01-28T04:16:08+00:00","mainEntityOfPage":{"@id":"https:\/\/fuentesfidedignas.com.mx\/index.php\/2022\/01\/27\/de-nuevo-los-casos-covid-19-se-consideraran-activos-por-14-dias\/"},"wordCount":319,"commentCount":0,"publisher":{"@id":"https:\/\/fuentesfidedignas.com.mx\/#organization"},"image":{"@id":"https:\/\/fuentesfidedignas.com.mx\/index.php\/2022\/01\/27\/de-nuevo-los-casos-covid-19-se-consideraran-activos-por-14-dias\/#primaryimage"},"thumbnailUrl":"https:\/\/fuentesfidedignas.com.mx\/wp-content\/uploads\/2022\/01\/images-5-1.jpeg","keywords":["Coronavirus","Covid-19","Secretar\u00eda de Salud de Sinaloa"],"articleSection":["NOTA PRINCIPAL"],"inLanguage":"es","potentialAction":[{"@type":"CommentAction","name":"Comment","target":["https:\/\/fuentesfidedignas.com.mx\/index.php\/2022\/01\/27\/de-nuevo-los-casos-covid-19-se-consideraran-activos-por-14-dias\/#respond"]}]},{"@type":"WebPage","@id":"https:\/\/fuentesfidedignas.com.mx\/index.php\/2022\/01\/27\/de-nuevo-los-casos-covid-19-se-consideraran-activos-por-14-dias\/","url":"https:\/\/fuentesfidedignas.com.mx\/index.php\/2022\/01\/27\/de-nuevo-los-casos-covid-19-se-consideraran-activos-por-14-dias\/","name":"De nuevo los casos Covid-19 se considerar\u00e1n activos por 14 d\u00edas - Fuentes Fidedignas","isPartOf":{"@id":"https:\/\/fuentesfidedignas.com.mx\/#website"},"primaryImageOfPage":{"@id":"https:\/\/fuentesfidedignas.com.mx\/index.php\/2022\/01\/27\/de-nuevo-los-casos-covid-19-se-consideraran-activos-por-14-dias\/#primaryimage"},"image":{"@id":"https:\/\/fuentesfidedignas.com.mx\/index.php\/2022\/01\/27\/de-nuevo-los-casos-covid-19-se-consideraran-activos-por-14-dias\/#primaryimage"},"thumbnailUrl":"https:\/\/fuentesfidedignas.com.mx\/wp-content\/uploads\/2022\/01\/images-5-1.jpeg","datePublished":"2022-01-28T04:14:17+00:00","dateModified":"2022-01-28T04:16:08+00:00","breadcrumb":{"@id":"https:\/\/fuentesfidedignas.com.mx\/index.php\/2022\/01\/27\/de-nuevo-los-casos-covid-19-se-consideraran-activos-por-14-dias\/#breadcrumb"},"inLanguage":"es","potentialAction":[{"@type":"ReadAction","target":["https:\/\/fuentesfidedignas.com.mx\/index.php\/2022\/01\/27\/de-nuevo-los-casos-covid-19-se-consideraran-activos-por-14-dias\/"]}]},{"@type":"ImageObject","inLanguage":"es","@id":"https:\/\/fuentesfidedignas.com.mx\/index.php\/2022\/01\/27\/de-nuevo-los-casos-covid-19-se-consideraran-activos-por-14-dias\/#primaryimage","url":"https:\/\/fuentesfidedignas.com.mx\/wp-content\/uploads\/2022\/01\/images-5-1.jpeg","contentUrl":"https:\/\/fuentesfidedignas.com.mx\/wp-content\/uploads\/2022\/01\/images-5-1.jpeg","width":679,"height":452},{"@type":"BreadcrumbList","@id":"https:\/\/fuentesfidedignas.com.mx\/index.php\/2022\/01\/27\/de-nuevo-los-casos-covid-19-se-consideraran-activos-por-14-dias\/#breadcrumb","itemListElement":[{"@type":"ListItem","position":1,"name":"Inicio","item":"https:\/\/fuentesfidedignas.com.mx\/"},{"@type":"ListItem","position":2,"name":"De nuevo los casos Covid-19 se considerar\u00e1n activos por 14 d\u00edas"}]},{"@type":"WebSite","@id":"https:\/\/fuentesfidedignas.com.mx\/#website","url":"https:\/\/fuentesfidedignas.com.mx\/","name":"Fuentes Fidedignas","description":"Otro sitio realizado con WordPress","publisher":{"@id":"https:\/\/fuentesfidedignas.com.mx\/#organization"},"potentialAction":[{"@type":"SearchAction","target":{"@type":"EntryPoint","urlTemplate":"https:\/\/fuentesfidedignas.com.mx\/?s={search_term_string}"},"query-input":{"@type":"PropertyValueSpecification","valueRequired":true,"valueName":"search_term_string"}}],"inLanguage":"es"},{"@type":"Organization","@id":"https:\/\/fuentesfidedignas.com.mx\/#organization","name":"Fuentes Fidedignas","url":"https:\/\/fuentesfidedignas.com.mx\/","logo":{"@type":"ImageObject","inLanguage":"es","@id":"https:\/\/fuentesfidedignas.com.mx\/#\/schema\/logo\/image\/","url":"https:\/\/fuentesfidedignas.com.mx\/wp-content\/uploads\/2021\/04\/logo-retina.png","contentUrl":"https:\/\/fuentesfidedignas.com.mx\/wp-content\/uploads\/2021\/04\/logo-retina.png","width":280,"height":51,"caption":"Fuentes Fidedignas"},"image":{"@id":"https:\/\/fuentesfidedignas.com.mx\/#\/schema\/logo\/image\/"},"sameAs":["https:\/\/www.facebook.com\/Fuentes-Fidedignas-368234489921644","https:\/\/x.com\/fidedignas"]},{"@type":"Person","@id":"https:\/\/fuentesfidedignas.com.mx\/#\/schema\/person\/331be9283d37198e2acd5750279085b0","name":"Redacci\u00f3n","image":{"@type":"ImageObject","inLanguage":"es","@id":"https:\/\/secure.gravatar.com\/avatar\/f6d8782c11d12b2d4ad3fbb6931aeab5309937a4d6cd2fc9cfaa28a6396a5aec?s=96&d=mm&r=g","url":"https:\/\/secure.gravatar.com\/avatar\/f6d8782c11d12b2d4ad3fbb6931aeab5309937a4d6cd2fc9cfaa28a6396a5aec?s=96&d=mm&r=g","contentUrl":"https:\/\/secure.gravatar.com\/avatar\/f6d8782c11d12b2d4ad3fbb6931aeab5309937a4d6cd2fc9cfaa28a6396a5aec?s=96&d=mm&r=g","caption":"Redacci\u00f3n"},"url":"https:\/\/fuentesfidedignas.com.mx\/index.php\/author\/redaccion\/"}]}},"_links":{"self":[{"href":"https:\/\/fuentesfidedignas.com.mx\/index.php\/wp-json\/wp\/v2\/posts\/22785","targetHints":{"allow":["GET"]}}],"collection":[{"href":"https:\/\/fuentesfidedignas.com.mx\/index.php\/wp-json\/wp\/v2\/posts"}],"about":[{"href":"https:\/\/fuentesfidedignas.com.mx\/index.php\/wp-json\/wp\/v2\/types\/post"}],"author":[{"embeddable":true,"href":"https:\/\/fuentesfidedignas.com.mx\/index.php\/wp-json\/wp\/v2\/users\/4"}],"replies":[{"embeddable":true,"href":"https:\/\/fuentesfidedignas.com.mx\/index.php\/wp-json\/wp\/v2\/comments?post=22785"}],"version-history":[{"count":1,"href":"https:\/\/fuentesfidedignas.com.mx\/index.php\/wp-json\/wp\/v2\/posts\/22785\/revisions"}],"predecessor-version":[{"id":22786,"href":"https:\/\/fuentesfidedignas.com.mx\/index.php\/wp-json\/wp\/v2\/posts\/22785\/revisions\/22786"}],"wp:featuredmedia":[{"embeddable":true,"href":"https:\/\/fuentesfidedignas.com.mx\/index.php\/wp-json\/wp\/v2\/media\/22784"}],"wp:attachment":[{"href":"https:\/\/fuentesfidedignas.com.mx\/index.php\/wp-json\/wp\/v2\/media?parent=22785"}],"wp:term":[{"taxonomy":"category","embeddable":true,"href":"https:\/\/fuentesfidedignas.com.mx\/index.php\/wp-json\/wp\/v2\/categories?post=22785"},{"taxonomy":"post_tag","embeddable":true,"href":"https:\/\/fuentesfidedignas.com.mx\/index.php\/wp-json\/wp\/v2\/tags?post=22785"}],"curies":[{"name":"wp","href":"https:\/\/api.w.org\/{rel}","templated":true}]}}