{"id":22769,"date":"2022-01-27T14:06:57","date_gmt":"2022-01-27T21:06:57","guid":{"rendered":"https:\/\/fuentesfidedignas.com.mx\/?p=22769"},"modified":"2022-01-27T14:08:08","modified_gmt":"2022-01-27T21:08:08","slug":"gobernadores-de-sinaloa-y-durango-fortalecen-coordinacion-en-materia-de-seguridad","status":"publish","type":"post","link":"https:\/\/fuentesfidedignas.com.mx\/index.php\/2022\/01\/27\/gobernadores-de-sinaloa-y-durango-fortalecen-coordinacion-en-materia-de-seguridad\/","title":{"rendered":"Gobernadores de Sinaloa y Durango fortalecen coordinaci\u00f3n en materia de seguridad"},"content":{"rendered":"\n<p><em><strong>Rub\u00e9n Rocha Moya de Sinaloa, y Jos\u00e9 Rosas Aispuro Torres signan convenio de colaboraci\u00f3n<\/strong><\/em><\/p>\n\n\n\n<p>Tamazula, Durango.- Con el prop\u00f3sito de estrechar los lazos de coordinaci\u00f3n y cooperaci\u00f3n en materia de seguridad p\u00fablica entre los estados de Sinaloa y Durango, el gobernador Rub\u00e9n Rocha Moya suscribi\u00f3 un convenio de coordinaci\u00f3n con su hom\u00f3logo de esta vecina entidad, Jos\u00e9 Rosas Aispuro, mediante el cual se fijaron los compromisos de intercambio de informaci\u00f3n para prevenir delitos, y en su caso perseguir a los presuntos responsables, que intenten evadir la acci\u00f3n de la justicia al emigrar a cualquiera de estos dos estados.<\/p>\n\n\n\n<p>La firma de este convenio de seguridad p\u00fablica, se llev\u00f3 a cabo en la Base de la Guardia Nacional de Tamazula, Durango, ante la presencia del comandante de la Tercera Regi\u00f3n Militar, general Enrique Dena Salgado, y los titulares de las dependencias de seguridad que a diario participan en las reuniones de la Mesa de Pacificaci\u00f3n, aunque en esta ocasi\u00f3n congreg\u00f3 tambi\u00e9n a sus similares del gobierno de Durango.<\/p>\n\n\n\n<figure class=\"wp-block-gallery has-nested-images columns-default is-cropped wp-block-gallery-1 is-layout-flex wp-block-gallery-is-layout-flex\">\n<figure class=\"wp-block-image\"><img decoding=\"async\" width=\"1280\" height=\"852\" data-id=\"22764\" src=\"https:\/\/fuentesfidedignas.com.mx\/wp-content\/uploads\/2022\/01\/IMG-20220127-WA0044.jpg\" alt=\"\" class=\"wp-image-22764\" srcset=\"https:\/\/fuentesfidedignas.com.mx\/wp-content\/uploads\/2022\/01\/IMG-20220127-WA0044.jpg 1280w, https:\/\/fuentesfidedignas.com.mx\/wp-content\/uploads\/2022\/01\/IMG-20220127-WA0044-300x200.jpg 300w, https:\/\/fuentesfidedignas.com.mx\/wp-content\/uploads\/2022\/01\/IMG-20220127-WA0044-1024x682.jpg 1024w, https:\/\/fuentesfidedignas.com.mx\/wp-content\/uploads\/2022\/01\/IMG-20220127-WA0044-768x511.jpg 768w\" sizes=\"(max-width: 1280px) 100vw, 1280px\" \/><\/figure>\n\n\n\n<figure class=\"wp-block-image\"><img decoding=\"async\" width=\"1280\" height=\"852\" data-id=\"22761\" src=\"https:\/\/fuentesfidedignas.com.mx\/wp-content\/uploads\/2022\/01\/IMG-20220127-WA0040.jpg\" alt=\"\" class=\"wp-image-22761\" srcset=\"https:\/\/fuentesfidedignas.com.mx\/wp-content\/uploads\/2022\/01\/IMG-20220127-WA0040.jpg 1280w, https:\/\/fuentesfidedignas.com.mx\/wp-content\/uploads\/2022\/01\/IMG-20220127-WA0040-300x200.jpg 300w, https:\/\/fuentesfidedignas.com.mx\/wp-content\/uploads\/2022\/01\/IMG-20220127-WA0040-1024x682.jpg 1024w, https:\/\/fuentesfidedignas.com.mx\/wp-content\/uploads\/2022\/01\/IMG-20220127-WA0040-768x511.jpg 768w\" sizes=\"(max-width: 1280px) 100vw, 1280px\" \/><\/figure>\n\n\n\n<figure class=\"wp-block-image\"><img decoding=\"async\" width=\"1280\" height=\"852\" data-id=\"22763\" src=\"https:\/\/fuentesfidedignas.com.mx\/wp-content\/uploads\/2022\/01\/IMG-20220127-WA0036.jpg\" alt=\"\" class=\"wp-image-22763\" srcset=\"https:\/\/fuentesfidedignas.com.mx\/wp-content\/uploads\/2022\/01\/IMG-20220127-WA0036.jpg 1280w, https:\/\/fuentesfidedignas.com.mx\/wp-content\/uploads\/2022\/01\/IMG-20220127-WA0036-300x200.jpg 300w, https:\/\/fuentesfidedignas.com.mx\/wp-content\/uploads\/2022\/01\/IMG-20220127-WA0036-1024x682.jpg 1024w, https:\/\/fuentesfidedignas.com.mx\/wp-content\/uploads\/2022\/01\/IMG-20220127-WA0036-768x511.jpg 768w\" sizes=\"(max-width: 1280px) 100vw, 1280px\" \/><\/figure>\n\n\n\n<figure class=\"wp-block-image\"><img decoding=\"async\" width=\"1280\" height=\"854\" data-id=\"22762\" src=\"https:\/\/fuentesfidedignas.com.mx\/wp-content\/uploads\/2022\/01\/IMG-20220127-WA0033.jpg\" alt=\"\" class=\"wp-image-22762\" srcset=\"https:\/\/fuentesfidedignas.com.mx\/wp-content\/uploads\/2022\/01\/IMG-20220127-WA0033.jpg 1280w, https:\/\/fuentesfidedignas.com.mx\/wp-content\/uploads\/2022\/01\/IMG-20220127-WA0033-300x200.jpg 300w, https:\/\/fuentesfidedignas.com.mx\/wp-content\/uploads\/2022\/01\/IMG-20220127-WA0033-1024x683.jpg 1024w, https:\/\/fuentesfidedignas.com.mx\/wp-content\/uploads\/2022\/01\/IMG-20220127-WA0033-768x512.jpg 768w\" sizes=\"(max-width: 1280px) 100vw, 1280px\" \/><\/figure>\n\n\n\n<figure class=\"wp-block-image\"><img decoding=\"async\" width=\"1280\" height=\"852\" data-id=\"22765\" src=\"https:\/\/fuentesfidedignas.com.mx\/wp-content\/uploads\/2022\/01\/IMG-20220127-WA0029.jpg\" alt=\"\" class=\"wp-image-22765\" srcset=\"https:\/\/fuentesfidedignas.com.mx\/wp-content\/uploads\/2022\/01\/IMG-20220127-WA0029.jpg 1280w, https:\/\/fuentesfidedignas.com.mx\/wp-content\/uploads\/2022\/01\/IMG-20220127-WA0029-300x200.jpg 300w, https:\/\/fuentesfidedignas.com.mx\/wp-content\/uploads\/2022\/01\/IMG-20220127-WA0029-1024x682.jpg 1024w, https:\/\/fuentesfidedignas.com.mx\/wp-content\/uploads\/2022\/01\/IMG-20220127-WA0029-768x511.jpg 768w\" sizes=\"(max-width: 1280px) 100vw, 1280px\" \/><\/figure>\n\n\n\n<figure class=\"wp-block-image\"><img decoding=\"async\" width=\"1280\" height=\"852\" data-id=\"22766\" src=\"https:\/\/fuentesfidedignas.com.mx\/wp-content\/uploads\/2022\/01\/IMG-20220127-WA0032.jpg\" alt=\"\" class=\"wp-image-22766\" srcset=\"https:\/\/fuentesfidedignas.com.mx\/wp-content\/uploads\/2022\/01\/IMG-20220127-WA0032.jpg 1280w, https:\/\/fuentesfidedignas.com.mx\/wp-content\/uploads\/2022\/01\/IMG-20220127-WA0032-300x200.jpg 300w, https:\/\/fuentesfidedignas.com.mx\/wp-content\/uploads\/2022\/01\/IMG-20220127-WA0032-1024x682.jpg 1024w, https:\/\/fuentesfidedignas.com.mx\/wp-content\/uploads\/2022\/01\/IMG-20220127-WA0032-768x511.jpg 768w\" sizes=\"(max-width: 1280px) 100vw, 1280px\" \/><\/figure>\n<\/figure>\n\n\n\n<p>El gobernador Rocha consider\u00f3 muy provechosa esta reuni\u00f3n de coordinaci\u00f3n, donde se analizaron diversas cuestiones de seguridad que implican necesariamente a los dos estados, debido al desplazamiento que hacen quienes cometen delitos en un estado y pretenden refugiarse en otro.<\/p>\n\n\n\n<p>\u201cTodo aquello que ocurre y nos tiene implicados a los dos estados, es decir, delincuentes que van de un lado a otro, y este convenio es una colaboraci\u00f3n en prevenci\u00f3n, en investigaci\u00f3n, en persecuci\u00f3n del delito, en el respeto a los derechos humanos, y en la capacitaci\u00f3n de nuestros polic\u00edas, que es lo que nos puede llevar a resolver problemas de seguridad\u201d, dijo.<\/p>\n\n\n\n<p>A\u00f1adi\u00f3 que este convenio se convertir\u00e1 en un mensaje que tratar\u00e1 de replicar con los otros estados vecinos, como son Chihuahua, Sonora y Nayarit, a fin de mejorar las condiciones de seguridad para la poblaci\u00f3n de toda la regi\u00f3n, no nada m\u00e1s de Sinaloa.<\/p>\n\n\n\n<p>Por su parte, el gobernador de Durango, Jos\u00e9 Rosas Aispuro, coincidi\u00f3 en la importancia de esta reuni\u00f3n con su hom\u00f3logo de Sinaloa, el doctor Rub\u00e9n Rocha Moya, a quien le reconoci\u00f3 su disposici\u00f3n para trabajar en coordinaci\u00f3n y colaboraci\u00f3n, lo cual habr\u00e1 de permitir que mejoren los \u00edndices de seguridad de esta regi\u00f3n que est\u00e1 muy hermanada no s\u00f3lo por los l\u00edmites territoriales, sino que los une la cultura, el comercio, pues no se entender\u00eda el desarrollo de Tamazula sin el apoyo de Culiac\u00e1n.<\/p>\n\n\n\n<figure class=\"wp-block-image size-large\"><img decoding=\"async\" width=\"1280\" height=\"854\" src=\"https:\/\/fuentesfidedignas.com.mx\/wp-content\/uploads\/2022\/01\/IMG-20220127-WA0025.jpg\" alt=\"\" class=\"wp-image-22767\" srcset=\"https:\/\/fuentesfidedignas.com.mx\/wp-content\/uploads\/2022\/01\/IMG-20220127-WA0025.jpg 1280w, https:\/\/fuentesfidedignas.com.mx\/wp-content\/uploads\/2022\/01\/IMG-20220127-WA0025-300x200.jpg 300w, https:\/\/fuentesfidedignas.com.mx\/wp-content\/uploads\/2022\/01\/IMG-20220127-WA0025-1024x683.jpg 1024w, https:\/\/fuentesfidedignas.com.mx\/wp-content\/uploads\/2022\/01\/IMG-20220127-WA0025-768x512.jpg 768w\" sizes=\"(max-width: 1280px) 100vw, 1280px\" \/><\/figure>\n\n\n\n<p>\u201cPor eso la importancia de esta comunicaci\u00f3n, este convenio estoy seguro no se debe quedar s\u00f3lo en la fotograf\u00eda, sino que tiene que ser algo que nos permita que fortalezcamos esa comunicaci\u00f3n interinstitucional pero tambi\u00e9n que nos lleve a tener una confianza personal en quienes encabezan cada una de las instituciones para que le demos seguimiento y que cualquier asunto que suceda, podamos compartir la informaci\u00f3n que tengamos sin ninguna reserva alguna con Sinaloa, y tambi\u00e9n lo propio se haga de Sinaloa hacia Durango, y eso nos va a llevar a que generemos mejores condiciones, primero para la prevenci\u00f3n, para la investigaci\u00f3n y para la persecuci\u00f3n de los delitos\u201d, precis\u00f3.<\/p>\n\n\n\n<p>A la reuni\u00f3n tambi\u00e9n asisti\u00f3 el comandante de la Guardia Nacional en Sinaloa, general Isaac Bravo L\u00f3pez; el comandante de la Novena Zona Militar, con sede en Culiac\u00e1n, general H\u00e9ctor \u00c1vila Alcocer; el comandante de la D\u00e9cima Zona Militar, con sede en Durango, general Alejandro Vargas Gonz\u00e1lez; y el comandante de la Cuarta Zona Naval, con sede en Mazatl\u00e1n, vicealmirante Enrique Flores Morado.<\/p>\n\n\n\n<p>Por lo que toca las autoridades civiles, asistieron el secretario general de Gobierno, Enrique Inzunza C\u00e1zarez, y su hom\u00f3logo de Durango, Jorge Clemente Mojica; el secretario de Seguridad P\u00fablica, Crist\u00f3bal Casta\u00f1eda Camarillo, y su par de Durango, Roberto Bravo Ontiveros; la fiscal general de Justicia de Sinaloa, Sara Bruna Qui\u00f1\u00f3nez Estrada, y su hom\u00f3loga de Durango, Ruth Medina Alem\u00e1n; as\u00ed como el presidente de la Comisi\u00f3n Estatal de Derechos Humanos de Sinaloa, Jos\u00e9 Carlos \u00c1lvarez Ortega; y el presidente municipal de Tamazula, Jos\u00e9 \u00c1ngel Beltr\u00e1n F\u00e9lix, en calidad de anfitri\u00f3n.<\/p>\n","protected":false},"excerpt":{"rendered":"<p>Rub\u00e9n Rocha Moya de Sinaloa, y Jos\u00e9 Rosas Aispuro Torres signan convenio de colaboraci\u00f3n Tamazula, Durango.- Con el prop\u00f3sito de estrechar los lazos de coordinaci\u00f3n y cooperaci\u00f3n en materia de seguridad p\u00fablica entre los estados de Sinaloa y Durango, el gobernador Rub\u00e9n Rocha Moya suscribi\u00f3 un convenio de coordinaci\u00f3n con su hom\u00f3logo de esta vecina [&hellip;]<\/p>\n","protected":false},"author":4,"featured_media":22768,"comment_status":"open","ping_status":"open","sticky":false,"template":"","format":"standard","meta":{"tdm_status":"","tdm_grid_status":"","footnotes":""},"categories":[37],"tags":[],"class_list":{"0":"post-22769","1":"post","2":"type-post","3":"status-publish","4":"format-standard","5":"has-post-thumbnail","7":"category-nota-principal"},"yoast_head":"<!-- This site is optimized with the Yoast SEO plugin v27.5 - https:\/\/yoast.com\/product\/yoast-seo-wordpress\/ -->\n<title>Gobernadores de Sinaloa y Durango fortalecen coordinaci\u00f3n en materia de seguridad - Fuentes Fidedignas<\/title>\n<meta name=\"robots\" content=\"index, follow, max-snippet:-1, max-image-preview:large, max-video-preview:-1\" \/>\n<link rel=\"canonical\" href=\"https:\/\/fuentesfidedignas.com.mx\/index.php\/2022\/01\/27\/gobernadores-de-sinaloa-y-durango-fortalecen-coordinacion-en-materia-de-seguridad\/\" \/>\n<meta property=\"og:locale\" content=\"es_MX\" \/>\n<meta property=\"og:type\" content=\"article\" \/>\n<meta property=\"og:title\" content=\"Gobernadores de Sinaloa y Durango fortalecen coordinaci\u00f3n en materia de seguridad - Fuentes Fidedignas\" \/>\n<meta property=\"og:description\" content=\"Rub\u00e9n Rocha Moya de Sinaloa, y Jos\u00e9 Rosas Aispuro Torres signan convenio de colaboraci\u00f3n Tamazula, Durango.- Con el prop\u00f3sito de estrechar los lazos de coordinaci\u00f3n y cooperaci\u00f3n en materia de seguridad p\u00fablica entre los estados de Sinaloa y Durango, el gobernador Rub\u00e9n Rocha Moya suscribi\u00f3 un convenio de coordinaci\u00f3n con su hom\u00f3logo de esta vecina [&hellip;]\" \/>\n<meta property=\"og:url\" content=\"https:\/\/fuentesfidedignas.com.mx\/index.php\/2022\/01\/27\/gobernadores-de-sinaloa-y-durango-fortalecen-coordinacion-en-materia-de-seguridad\/\" \/>\n<meta property=\"og:site_name\" content=\"Fuentes Fidedignas\" \/>\n<meta property=\"article:publisher\" content=\"https:\/\/www.facebook.com\/Fuentes-Fidedignas-368234489921644\" \/>\n<meta property=\"article:published_time\" content=\"2022-01-27T21:06:57+00:00\" \/>\n<meta property=\"article:modified_time\" content=\"2022-01-27T21:08:08+00:00\" \/>\n<meta property=\"og:image\" content=\"https:\/\/fuentesfidedignas.com.mx\/wp-content\/uploads\/2022\/01\/IMG-20220127-WA0042.jpg\" \/>\n\t<meta property=\"og:image:width\" content=\"1280\" \/>\n\t<meta property=\"og:image:height\" content=\"852\" \/>\n\t<meta property=\"og:image:type\" content=\"image\/jpeg\" \/>\n<meta name=\"author\" content=\"Redacci\u00f3n\" \/>\n<meta name=\"twitter:card\" content=\"summary_large_image\" \/>\n<meta name=\"twitter:creator\" content=\"@fidedignas\" \/>\n<meta name=\"twitter:site\" content=\"@fidedignas\" \/>\n<meta name=\"twitter:label1\" content=\"Escrito por\" \/>\n\t<meta name=\"twitter:data1\" content=\"Redacci\u00f3n\" \/>\n\t<meta name=\"twitter:label2\" content=\"Tiempo de lectura\" \/>\n\t<meta name=\"twitter:data2\" content=\"5 minutos\" \/>\n<script type=\"application\/ld+json\" class=\"yoast-schema-graph\">{\"@context\":\"https:\\\/\\\/schema.org\",\"@graph\":[{\"@type\":\"Article\",\"@id\":\"https:\\\/\\\/fuentesfidedignas.com.mx\\\/index.php\\\/2022\\\/01\\\/27\\\/gobernadores-de-sinaloa-y-durango-fortalecen-coordinacion-en-materia-de-seguridad\\\/#article\",\"isPartOf\":{\"@id\":\"https:\\\/\\\/fuentesfidedignas.com.mx\\\/index.php\\\/2022\\\/01\\\/27\\\/gobernadores-de-sinaloa-y-durango-fortalecen-coordinacion-en-materia-de-seguridad\\\/\"},\"author\":{\"name\":\"Redacci\u00f3n\",\"@id\":\"https:\\\/\\\/fuentesfidedignas.com.mx\\\/#\\\/schema\\\/person\\\/331be9283d37198e2acd5750279085b0\"},\"headline\":\"Gobernadores de Sinaloa y Durango fortalecen coordinaci\u00f3n en materia de seguridad\",\"datePublished\":\"2022-01-27T21:06:57+00:00\",\"dateModified\":\"2022-01-27T21:08:08+00:00\",\"mainEntityOfPage\":{\"@id\":\"https:\\\/\\\/fuentesfidedignas.com.mx\\\/index.php\\\/2022\\\/01\\\/27\\\/gobernadores-de-sinaloa-y-durango-fortalecen-coordinacion-en-materia-de-seguridad\\\/\"},\"wordCount\":743,\"commentCount\":0,\"publisher\":{\"@id\":\"https:\\\/\\\/fuentesfidedignas.com.mx\\\/#organization\"},\"image\":{\"@id\":\"https:\\\/\\\/fuentesfidedignas.com.mx\\\/index.php\\\/2022\\\/01\\\/27\\\/gobernadores-de-sinaloa-y-durango-fortalecen-coordinacion-en-materia-de-seguridad\\\/#primaryimage\"},\"thumbnailUrl\":\"https:\\\/\\\/fuentesfidedignas.com.mx\\\/wp-content\\\/uploads\\\/2022\\\/01\\\/IMG-20220127-WA0042.jpg\",\"articleSection\":[\"NOTA PRINCIPAL\"],\"inLanguage\":\"es\",\"potentialAction\":[{\"@type\":\"CommentAction\",\"name\":\"Comment\",\"target\":[\"https:\\\/\\\/fuentesfidedignas.com.mx\\\/index.php\\\/2022\\\/01\\\/27\\\/gobernadores-de-sinaloa-y-durango-fortalecen-coordinacion-en-materia-de-seguridad\\\/#respond\"]}]},{\"@type\":\"WebPage\",\"@id\":\"https:\\\/\\\/fuentesfidedignas.com.mx\\\/index.php\\\/2022\\\/01\\\/27\\\/gobernadores-de-sinaloa-y-durango-fortalecen-coordinacion-en-materia-de-seguridad\\\/\",\"url\":\"https:\\\/\\\/fuentesfidedignas.com.mx\\\/index.php\\\/2022\\\/01\\\/27\\\/gobernadores-de-sinaloa-y-durango-fortalecen-coordinacion-en-materia-de-seguridad\\\/\",\"name\":\"Gobernadores de Sinaloa y Durango fortalecen coordinaci\u00f3n en materia de seguridad - Fuentes Fidedignas\",\"isPartOf\":{\"@id\":\"https:\\\/\\\/fuentesfidedignas.com.mx\\\/#website\"},\"primaryImageOfPage\":{\"@id\":\"https:\\\/\\\/fuentesfidedignas.com.mx\\\/index.php\\\/2022\\\/01\\\/27\\\/gobernadores-de-sinaloa-y-durango-fortalecen-coordinacion-en-materia-de-seguridad\\\/#primaryimage\"},\"image\":{\"@id\":\"https:\\\/\\\/fuentesfidedignas.com.mx\\\/index.php\\\/2022\\\/01\\\/27\\\/gobernadores-de-sinaloa-y-durango-fortalecen-coordinacion-en-materia-de-seguridad\\\/#primaryimage\"},\"thumbnailUrl\":\"https:\\\/\\\/fuentesfidedignas.com.mx\\\/wp-content\\\/uploads\\\/2022\\\/01\\\/IMG-20220127-WA0042.jpg\",\"datePublished\":\"2022-01-27T21:06:57+00:00\",\"dateModified\":\"2022-01-27T21:08:08+00:00\",\"breadcrumb\":{\"@id\":\"https:\\\/\\\/fuentesfidedignas.com.mx\\\/index.php\\\/2022\\\/01\\\/27\\\/gobernadores-de-sinaloa-y-durango-fortalecen-coordinacion-en-materia-de-seguridad\\\/#breadcrumb\"},\"inLanguage\":\"es\",\"potentialAction\":[{\"@type\":\"ReadAction\",\"target\":[\"https:\\\/\\\/fuentesfidedignas.com.mx\\\/index.php\\\/2022\\\/01\\\/27\\\/gobernadores-de-sinaloa-y-durango-fortalecen-coordinacion-en-materia-de-seguridad\\\/\"]}]},{\"@type\":\"ImageObject\",\"inLanguage\":\"es\",\"@id\":\"https:\\\/\\\/fuentesfidedignas.com.mx\\\/index.php\\\/2022\\\/01\\\/27\\\/gobernadores-de-sinaloa-y-durango-fortalecen-coordinacion-en-materia-de-seguridad\\\/#primaryimage\",\"url\":\"https:\\\/\\\/fuentesfidedignas.com.mx\\\/wp-content\\\/uploads\\\/2022\\\/01\\\/IMG-20220127-WA0042.jpg\",\"contentUrl\":\"https:\\\/\\\/fuentesfidedignas.com.mx\\\/wp-content\\\/uploads\\\/2022\\\/01\\\/IMG-20220127-WA0042.jpg\",\"width\":1280,\"height\":852},{\"@type\":\"BreadcrumbList\",\"@id\":\"https:\\\/\\\/fuentesfidedignas.com.mx\\\/index.php\\\/2022\\\/01\\\/27\\\/gobernadores-de-sinaloa-y-durango-fortalecen-coordinacion-en-materia-de-seguridad\\\/#breadcrumb\",\"itemListElement\":[{\"@type\":\"ListItem\",\"position\":1,\"name\":\"Inicio\",\"item\":\"https:\\\/\\\/fuentesfidedignas.com.mx\\\/\"},{\"@type\":\"ListItem\",\"position\":2,\"name\":\"Gobernadores de Sinaloa y Durango fortalecen coordinaci\u00f3n en materia de seguridad\"}]},{\"@type\":\"WebSite\",\"@id\":\"https:\\\/\\\/fuentesfidedignas.com.mx\\\/#website\",\"url\":\"https:\\\/\\\/fuentesfidedignas.com.mx\\\/\",\"name\":\"Fuentes Fidedignas\",\"description\":\"Otro sitio realizado con WordPress\",\"publisher\":{\"@id\":\"https:\\\/\\\/fuentesfidedignas.com.mx\\\/#organization\"},\"potentialAction\":[{\"@type\":\"SearchAction\",\"target\":{\"@type\":\"EntryPoint\",\"urlTemplate\":\"https:\\\/\\\/fuentesfidedignas.com.mx\\\/?s={search_term_string}\"},\"query-input\":{\"@type\":\"PropertyValueSpecification\",\"valueRequired\":true,\"valueName\":\"search_term_string\"}}],\"inLanguage\":\"es\"},{\"@type\":\"Organization\",\"@id\":\"https:\\\/\\\/fuentesfidedignas.com.mx\\\/#organization\",\"name\":\"Fuentes Fidedignas\",\"url\":\"https:\\\/\\\/fuentesfidedignas.com.mx\\\/\",\"logo\":{\"@type\":\"ImageObject\",\"inLanguage\":\"es\",\"@id\":\"https:\\\/\\\/fuentesfidedignas.com.mx\\\/#\\\/schema\\\/logo\\\/image\\\/\",\"url\":\"https:\\\/\\\/fuentesfidedignas.com.mx\\\/wp-content\\\/uploads\\\/2021\\\/04\\\/logo-retina.png\",\"contentUrl\":\"https:\\\/\\\/fuentesfidedignas.com.mx\\\/wp-content\\\/uploads\\\/2021\\\/04\\\/logo-retina.png\",\"width\":280,\"height\":51,\"caption\":\"Fuentes Fidedignas\"},\"image\":{\"@id\":\"https:\\\/\\\/fuentesfidedignas.com.mx\\\/#\\\/schema\\\/logo\\\/image\\\/\"},\"sameAs\":[\"https:\\\/\\\/www.facebook.com\\\/Fuentes-Fidedignas-368234489921644\",\"https:\\\/\\\/x.com\\\/fidedignas\"]},{\"@type\":\"Person\",\"@id\":\"https:\\\/\\\/fuentesfidedignas.com.mx\\\/#\\\/schema\\\/person\\\/331be9283d37198e2acd5750279085b0\",\"name\":\"Redacci\u00f3n\",\"image\":{\"@type\":\"ImageObject\",\"inLanguage\":\"es\",\"@id\":\"https:\\\/\\\/secure.gravatar.com\\\/avatar\\\/f6d8782c11d12b2d4ad3fbb6931aeab5309937a4d6cd2fc9cfaa28a6396a5aec?s=96&d=mm&r=g\",\"url\":\"https:\\\/\\\/secure.gravatar.com\\\/avatar\\\/f6d8782c11d12b2d4ad3fbb6931aeab5309937a4d6cd2fc9cfaa28a6396a5aec?s=96&d=mm&r=g\",\"contentUrl\":\"https:\\\/\\\/secure.gravatar.com\\\/avatar\\\/f6d8782c11d12b2d4ad3fbb6931aeab5309937a4d6cd2fc9cfaa28a6396a5aec?s=96&d=mm&r=g\",\"caption\":\"Redacci\u00f3n\"},\"url\":\"https:\\\/\\\/fuentesfidedignas.com.mx\\\/index.php\\\/author\\\/redaccion\\\/\"}]}<\/script>\n<!-- \/ Yoast SEO plugin. -->","yoast_head_json":{"title":"Gobernadores de Sinaloa y Durango fortalecen coordinaci\u00f3n en materia de seguridad - Fuentes Fidedignas","robots":{"index":"index","follow":"follow","max-snippet":"max-snippet:-1","max-image-preview":"max-image-preview:large","max-video-preview":"max-video-preview:-1"},"canonical":"https:\/\/fuentesfidedignas.com.mx\/index.php\/2022\/01\/27\/gobernadores-de-sinaloa-y-durango-fortalecen-coordinacion-en-materia-de-seguridad\/","og_locale":"es_MX","og_type":"article","og_title":"Gobernadores de Sinaloa y Durango fortalecen coordinaci\u00f3n en materia de seguridad - Fuentes Fidedignas","og_description":"Rub\u00e9n Rocha Moya de Sinaloa, y Jos\u00e9 Rosas Aispuro Torres signan convenio de colaboraci\u00f3n Tamazula, Durango.- Con el prop\u00f3sito de estrechar los lazos de coordinaci\u00f3n y cooperaci\u00f3n en materia de seguridad p\u00fablica entre los estados de Sinaloa y Durango, el gobernador Rub\u00e9n Rocha Moya suscribi\u00f3 un convenio de coordinaci\u00f3n con su hom\u00f3logo de esta vecina [&hellip;]","og_url":"https:\/\/fuentesfidedignas.com.mx\/index.php\/2022\/01\/27\/gobernadores-de-sinaloa-y-durango-fortalecen-coordinacion-en-materia-de-seguridad\/","og_site_name":"Fuentes Fidedignas","article_publisher":"https:\/\/www.facebook.com\/Fuentes-Fidedignas-368234489921644","article_published_time":"2022-01-27T21:06:57+00:00","article_modified_time":"2022-01-27T21:08:08+00:00","og_image":[{"width":1280,"height":852,"url":"https:\/\/fuentesfidedignas.com.mx\/wp-content\/uploads\/2022\/01\/IMG-20220127-WA0042.jpg","type":"image\/jpeg"}],"author":"Redacci\u00f3n","twitter_card":"summary_large_image","twitter_creator":"@fidedignas","twitter_site":"@fidedignas","twitter_misc":{"Escrito por":"Redacci\u00f3n","Tiempo de lectura":"5 minutos"},"schema":{"@context":"https:\/\/schema.org","@graph":[{"@type":"Article","@id":"https:\/\/fuentesfidedignas.com.mx\/index.php\/2022\/01\/27\/gobernadores-de-sinaloa-y-durango-fortalecen-coordinacion-en-materia-de-seguridad\/#article","isPartOf":{"@id":"https:\/\/fuentesfidedignas.com.mx\/index.php\/2022\/01\/27\/gobernadores-de-sinaloa-y-durango-fortalecen-coordinacion-en-materia-de-seguridad\/"},"author":{"name":"Redacci\u00f3n","@id":"https:\/\/fuentesfidedignas.com.mx\/#\/schema\/person\/331be9283d37198e2acd5750279085b0"},"headline":"Gobernadores de Sinaloa y Durango fortalecen coordinaci\u00f3n en materia de seguridad","datePublished":"2022-01-27T21:06:57+00:00","dateModified":"2022-01-27T21:08:08+00:00","mainEntityOfPage":{"@id":"https:\/\/fuentesfidedignas.com.mx\/index.php\/2022\/01\/27\/gobernadores-de-sinaloa-y-durango-fortalecen-coordinacion-en-materia-de-seguridad\/"},"wordCount":743,"commentCount":0,"publisher":{"@id":"https:\/\/fuentesfidedignas.com.mx\/#organization"},"image":{"@id":"https:\/\/fuentesfidedignas.com.mx\/index.php\/2022\/01\/27\/gobernadores-de-sinaloa-y-durango-fortalecen-coordinacion-en-materia-de-seguridad\/#primaryimage"},"thumbnailUrl":"https:\/\/fuentesfidedignas.com.mx\/wp-content\/uploads\/2022\/01\/IMG-20220127-WA0042.jpg","articleSection":["NOTA PRINCIPAL"],"inLanguage":"es","potentialAction":[{"@type":"CommentAction","name":"Comment","target":["https:\/\/fuentesfidedignas.com.mx\/index.php\/2022\/01\/27\/gobernadores-de-sinaloa-y-durango-fortalecen-coordinacion-en-materia-de-seguridad\/#respond"]}]},{"@type":"WebPage","@id":"https:\/\/fuentesfidedignas.com.mx\/index.php\/2022\/01\/27\/gobernadores-de-sinaloa-y-durango-fortalecen-coordinacion-en-materia-de-seguridad\/","url":"https:\/\/fuentesfidedignas.com.mx\/index.php\/2022\/01\/27\/gobernadores-de-sinaloa-y-durango-fortalecen-coordinacion-en-materia-de-seguridad\/","name":"Gobernadores de Sinaloa y Durango fortalecen coordinaci\u00f3n en materia de seguridad - Fuentes Fidedignas","isPartOf":{"@id":"https:\/\/fuentesfidedignas.com.mx\/#website"},"primaryImageOfPage":{"@id":"https:\/\/fuentesfidedignas.com.mx\/index.php\/2022\/01\/27\/gobernadores-de-sinaloa-y-durango-fortalecen-coordinacion-en-materia-de-seguridad\/#primaryimage"},"image":{"@id":"https:\/\/fuentesfidedignas.com.mx\/index.php\/2022\/01\/27\/gobernadores-de-sinaloa-y-durango-fortalecen-coordinacion-en-materia-de-seguridad\/#primaryimage"},"thumbnailUrl":"https:\/\/fuentesfidedignas.com.mx\/wp-content\/uploads\/2022\/01\/IMG-20220127-WA0042.jpg","datePublished":"2022-01-27T21:06:57+00:00","dateModified":"2022-01-27T21:08:08+00:00","breadcrumb":{"@id":"https:\/\/fuentesfidedignas.com.mx\/index.php\/2022\/01\/27\/gobernadores-de-sinaloa-y-durango-fortalecen-coordinacion-en-materia-de-seguridad\/#breadcrumb"},"inLanguage":"es","potentialAction":[{"@type":"ReadAction","target":["https:\/\/fuentesfidedignas.com.mx\/index.php\/2022\/01\/27\/gobernadores-de-sinaloa-y-durango-fortalecen-coordinacion-en-materia-de-seguridad\/"]}]},{"@type":"ImageObject","inLanguage":"es","@id":"https:\/\/fuentesfidedignas.com.mx\/index.php\/2022\/01\/27\/gobernadores-de-sinaloa-y-durango-fortalecen-coordinacion-en-materia-de-seguridad\/#primaryimage","url":"https:\/\/fuentesfidedignas.com.mx\/wp-content\/uploads\/2022\/01\/IMG-20220127-WA0042.jpg","contentUrl":"https:\/\/fuentesfidedignas.com.mx\/wp-content\/uploads\/2022\/01\/IMG-20220127-WA0042.jpg","width":1280,"height":852},{"@type":"BreadcrumbList","@id":"https:\/\/fuentesfidedignas.com.mx\/index.php\/2022\/01\/27\/gobernadores-de-sinaloa-y-durango-fortalecen-coordinacion-en-materia-de-seguridad\/#breadcrumb","itemListElement":[{"@type":"ListItem","position":1,"name":"Inicio","item":"https:\/\/fuentesfidedignas.com.mx\/"},{"@type":"ListItem","position":2,"name":"Gobernadores de Sinaloa y Durango fortalecen coordinaci\u00f3n en materia de seguridad"}]},{"@type":"WebSite","@id":"https:\/\/fuentesfidedignas.com.mx\/#website","url":"https:\/\/fuentesfidedignas.com.mx\/","name":"Fuentes Fidedignas","description":"Otro sitio realizado con WordPress","publisher":{"@id":"https:\/\/fuentesfidedignas.com.mx\/#organization"},"potentialAction":[{"@type":"SearchAction","target":{"@type":"EntryPoint","urlTemplate":"https:\/\/fuentesfidedignas.com.mx\/?s={search_term_string}"},"query-input":{"@type":"PropertyValueSpecification","valueRequired":true,"valueName":"search_term_string"}}],"inLanguage":"es"},{"@type":"Organization","@id":"https:\/\/fuentesfidedignas.com.mx\/#organization","name":"Fuentes Fidedignas","url":"https:\/\/fuentesfidedignas.com.mx\/","logo":{"@type":"ImageObject","inLanguage":"es","@id":"https:\/\/fuentesfidedignas.com.mx\/#\/schema\/logo\/image\/","url":"https:\/\/fuentesfidedignas.com.mx\/wp-content\/uploads\/2021\/04\/logo-retina.png","contentUrl":"https:\/\/fuentesfidedignas.com.mx\/wp-content\/uploads\/2021\/04\/logo-retina.png","width":280,"height":51,"caption":"Fuentes Fidedignas"},"image":{"@id":"https:\/\/fuentesfidedignas.com.mx\/#\/schema\/logo\/image\/"},"sameAs":["https:\/\/www.facebook.com\/Fuentes-Fidedignas-368234489921644","https:\/\/x.com\/fidedignas"]},{"@type":"Person","@id":"https:\/\/fuentesfidedignas.com.mx\/#\/schema\/person\/331be9283d37198e2acd5750279085b0","name":"Redacci\u00f3n","image":{"@type":"ImageObject","inLanguage":"es","@id":"https:\/\/secure.gravatar.com\/avatar\/f6d8782c11d12b2d4ad3fbb6931aeab5309937a4d6cd2fc9cfaa28a6396a5aec?s=96&d=mm&r=g","url":"https:\/\/secure.gravatar.com\/avatar\/f6d8782c11d12b2d4ad3fbb6931aeab5309937a4d6cd2fc9cfaa28a6396a5aec?s=96&d=mm&r=g","contentUrl":"https:\/\/secure.gravatar.com\/avatar\/f6d8782c11d12b2d4ad3fbb6931aeab5309937a4d6cd2fc9cfaa28a6396a5aec?s=96&d=mm&r=g","caption":"Redacci\u00f3n"},"url":"https:\/\/fuentesfidedignas.com.mx\/index.php\/author\/redaccion\/"}]}},"_links":{"self":[{"href":"https:\/\/fuentesfidedignas.com.mx\/index.php\/wp-json\/wp\/v2\/posts\/22769","targetHints":{"allow":["GET"]}}],"collection":[{"href":"https:\/\/fuentesfidedignas.com.mx\/index.php\/wp-json\/wp\/v2\/posts"}],"about":[{"href":"https:\/\/fuentesfidedignas.com.mx\/index.php\/wp-json\/wp\/v2\/types\/post"}],"author":[{"embeddable":true,"href":"https:\/\/fuentesfidedignas.com.mx\/index.php\/wp-json\/wp\/v2\/users\/4"}],"replies":[{"embeddable":true,"href":"https:\/\/fuentesfidedignas.com.mx\/index.php\/wp-json\/wp\/v2\/comments?post=22769"}],"version-history":[{"count":2,"href":"https:\/\/fuentesfidedignas.com.mx\/index.php\/wp-json\/wp\/v2\/posts\/22769\/revisions"}],"predecessor-version":[{"id":22771,"href":"https:\/\/fuentesfidedignas.com.mx\/index.php\/wp-json\/wp\/v2\/posts\/22769\/revisions\/22771"}],"wp:featuredmedia":[{"embeddable":true,"href":"https:\/\/fuentesfidedignas.com.mx\/index.php\/wp-json\/wp\/v2\/media\/22768"}],"wp:attachment":[{"href":"https:\/\/fuentesfidedignas.com.mx\/index.php\/wp-json\/wp\/v2\/media?parent=22769"}],"wp:term":[{"taxonomy":"category","embeddable":true,"href":"https:\/\/fuentesfidedignas.com.mx\/index.php\/wp-json\/wp\/v2\/categories?post=22769"},{"taxonomy":"post_tag","embeddable":true,"href":"https:\/\/fuentesfidedignas.com.mx\/index.php\/wp-json\/wp\/v2\/tags?post=22769"}],"curies":[{"name":"wp","href":"https:\/\/api.w.org\/{rel}","templated":true}]}}