{"id":22752,"date":"2022-01-27T13:43:24","date_gmt":"2022-01-27T20:43:24","guid":{"rendered":"https:\/\/fuentesfidedignas.com.mx\/?p=22752"},"modified":"2022-01-27T13:45:09","modified_gmt":"2022-01-27T20:45:09","slug":"ahome-a-la-vanguardia-recolectara-basura-en-forma-sustentable","status":"publish","type":"post","link":"https:\/\/fuentesfidedignas.com.mx\/index.php\/2022\/01\/27\/ahome-a-la-vanguardia-recolectara-basura-en-forma-sustentable\/","title":{"rendered":"Ahome a la vanguardia, recolectar\u00e1 basura en forma sustentable"},"content":{"rendered":"\n<p><strong>S<\/strong><em><strong>e firmar\u00e1 contrato con la empresa RCR, la cual utiliza tecnolog\u00eda de primer mundo y contribuyen a la no contaminaci\u00f3n<\/strong><\/em><br><br>Ahome, Sin.- Luego de que el Cabildo de Ahome aprobara por unanimidad, concesionar el servicio de la recolecci\u00f3n de basura a RCRWTE de M\u00e9xico, S.A. de C.V., Gerardo Vargas Landeros, presidente municipal de Ahome inform\u00f3 que la empresa podr\u00e1 comenzar con dichas acciones a principios del 2023, porque despu\u00e9s de firmar el contrato, se proceder\u00e1 a construir la planta recicladora, con una inversi\u00f3n aproximada de 150 millones de d\u00f3lares.<\/p>\n\n\n\n<p>Durante una conferencia de prensa, en donde estuvo acompa\u00f1ado por el Secretario del Ayuntamiento, Genaro Garc\u00eda Castro y la mayor\u00eda de los regidores, el Alcalde de Ahome precis\u00f3 que la empresa RCR cuenta con tecnolog\u00eda de primer mundo, por lo que su llegada traer\u00e1 m\u00faltiples beneficios al municipio, entre ellos la disminuci\u00f3n de contaminaci\u00f3n.<\/p>\n\n\n\n<p>En este sentido, puntualiz\u00f3 que el municipio de Ahome ser\u00e1 de los primeros en el Estado y el pa\u00eds en manejar las energ\u00edas limpias, iniciando con el tema de la basura.<br>\u201cEsta administraci\u00f3n quiere que el municipio de Ahome entre a la era de la sustentabilidad, que entremos a la econom\u00eda circular y a la agenda ONU 2030, que significa ser m\u00e1s limpios en el tema de las nuevas energ\u00edas que se est\u00e1n produciendo\u201d, expres\u00f3 Gerardo Vargas Landeros.<\/p>\n\n\n\n<p>Asimismo, indic\u00f3 que la empresa RCR, es de origen ingl\u00e9s, tiene 43 a\u00f1os en el mercado internacional dando este tipo de servicios, y present\u00f3 una propuesta para recolectar la basura de todo el municipio, para posteriormente reciclarla y venderla, adem\u00e1s de generar energ\u00eda limpia que utilizar\u00e1n para mover sus veh\u00edculos, los cuales son amigables con el medio ambiente por no generar contaminaci\u00f3n.<\/p>\n\n\n\n<p>El presidente municipal de Ahome resalt\u00f3 que dicha empresa no requiere relleno sanitario, pues durante su instalaci\u00f3n construir\u00e1n la planta recicladora, que tendr\u00e1 una inversi\u00f3n de aproximadamente 150 millones de d\u00f3lares.<\/p>\n\n\n\n<p>\u201cRecoger\u00e1n toda la basura, de todo el municipio, tanto de la ciudad de Los Mochis como de la zona rural, con el compromiso de recolectarla los siete d\u00edas de la semana, muy diferente a como estamos ahorita, si hay necesidad de hasta dos veces por d\u00eda en la misma ruta\u201d, asever\u00f3.<\/p>\n\n\n\n<p>Gerardo Vargas subray\u00f3 que este servicio tendr\u00e1 el mismo costo que el que actualmente ya se paga, pero con la diferencia de que el municipio recibir\u00e1 hasta un 25 por ciento de las utilidades que genere la venta de la basura reciclada, por lo que en los pr\u00f3ximos 5 a\u00f1os el costo por dicho servicio disminuir\u00e1 considerablemente.<\/p>\n\n\n\n<p>Cabe mencionar que la empresa OP Ecolog\u00eda, quien se dijo estar dispuesta a dar paso a mejores pr\u00e1cticas tecnol\u00f3gicas y de equilibrio ambiental, continuar\u00e1 prestando el servicio hasta que RCR cuente con las condiciones para comenzar con la recolecci\u00f3n de basura en el municipio.<\/p>\n","protected":false},"excerpt":{"rendered":"<p>Se firmar\u00e1 contrato con la empresa RCR, la cual utiliza tecnolog\u00eda de primer mundo y contribuyen a la no contaminaci\u00f3n Ahome, Sin.- Luego de que el Cabildo de Ahome aprobara por unanimidad, concesionar el servicio de la recolecci\u00f3n de basura a RCRWTE de M\u00e9xico, S.A. de C.V., Gerardo Vargas Landeros, presidente municipal de Ahome inform\u00f3 [&hellip;]<\/p>\n","protected":false},"author":4,"featured_media":22754,"comment_status":"open","ping_status":"open","sticky":false,"template":"","format":"standard","meta":{"tdm_status":"","tdm_grid_status":"","footnotes":""},"categories":[37],"tags":[1715,1654],"class_list":{"0":"post-22752","1":"post","2":"type-post","3":"status-publish","4":"format-standard","5":"has-post-thumbnail","7":"category-nota-principal","8":"tag-ayuntamiento-de-ahome","9":"tag-gerardo-vargas-landeros"},"yoast_head":"<!-- This site is optimized with the Yoast SEO plugin v27.5 - https:\/\/yoast.com\/product\/yoast-seo-wordpress\/ -->\n<title>Ahome a la vanguardia, recolectar\u00e1 basura en forma sustentable - Fuentes Fidedignas<\/title>\n<meta name=\"robots\" content=\"index, follow, max-snippet:-1, max-image-preview:large, max-video-preview:-1\" \/>\n<link rel=\"canonical\" href=\"https:\/\/fuentesfidedignas.com.mx\/index.php\/2022\/01\/27\/ahome-a-la-vanguardia-recolectara-basura-en-forma-sustentable\/\" \/>\n<meta property=\"og:locale\" content=\"es_MX\" \/>\n<meta property=\"og:type\" content=\"article\" \/>\n<meta property=\"og:title\" content=\"Ahome a la vanguardia, recolectar\u00e1 basura en forma sustentable - Fuentes Fidedignas\" \/>\n<meta property=\"og:description\" content=\"Se firmar\u00e1 contrato con la empresa RCR, la cual utiliza tecnolog\u00eda de primer mundo y contribuyen a la no contaminaci\u00f3n Ahome, Sin.- Luego de que el Cabildo de Ahome aprobara por unanimidad, concesionar el servicio de la recolecci\u00f3n de basura a RCRWTE de M\u00e9xico, S.A. de C.V., Gerardo Vargas Landeros, presidente municipal de Ahome inform\u00f3 [&hellip;]\" \/>\n<meta property=\"og:url\" content=\"https:\/\/fuentesfidedignas.com.mx\/index.php\/2022\/01\/27\/ahome-a-la-vanguardia-recolectara-basura-en-forma-sustentable\/\" \/>\n<meta property=\"og:site_name\" content=\"Fuentes Fidedignas\" \/>\n<meta property=\"article:publisher\" content=\"https:\/\/www.facebook.com\/Fuentes-Fidedignas-368234489921644\" \/>\n<meta property=\"article:published_time\" content=\"2022-01-27T20:43:24+00:00\" \/>\n<meta property=\"article:modified_time\" content=\"2022-01-27T20:45:09+00:00\" \/>\n<meta property=\"og:image\" content=\"https:\/\/fuentesfidedignas.com.mx\/wp-content\/uploads\/2022\/01\/IMG-20220127-WA0015.jpg\" \/>\n\t<meta property=\"og:image:width\" content=\"1280\" \/>\n\t<meta property=\"og:image:height\" content=\"853\" \/>\n\t<meta property=\"og:image:type\" content=\"image\/jpeg\" \/>\n<meta name=\"author\" content=\"Redacci\u00f3n\" \/>\n<meta name=\"twitter:card\" content=\"summary_large_image\" \/>\n<meta name=\"twitter:creator\" content=\"@fidedignas\" \/>\n<meta name=\"twitter:site\" content=\"@fidedignas\" \/>\n<meta name=\"twitter:label1\" content=\"Escrito por\" \/>\n\t<meta name=\"twitter:data1\" content=\"Redacci\u00f3n\" \/>\n\t<meta name=\"twitter:label2\" content=\"Tiempo de lectura\" \/>\n\t<meta name=\"twitter:data2\" content=\"3 minutos\" \/>\n<script type=\"application\/ld+json\" class=\"yoast-schema-graph\">{\"@context\":\"https:\\\/\\\/schema.org\",\"@graph\":[{\"@type\":\"Article\",\"@id\":\"https:\\\/\\\/fuentesfidedignas.com.mx\\\/index.php\\\/2022\\\/01\\\/27\\\/ahome-a-la-vanguardia-recolectara-basura-en-forma-sustentable\\\/#article\",\"isPartOf\":{\"@id\":\"https:\\\/\\\/fuentesfidedignas.com.mx\\\/index.php\\\/2022\\\/01\\\/27\\\/ahome-a-la-vanguardia-recolectara-basura-en-forma-sustentable\\\/\"},\"author\":{\"name\":\"Redacci\u00f3n\",\"@id\":\"https:\\\/\\\/fuentesfidedignas.com.mx\\\/#\\\/schema\\\/person\\\/331be9283d37198e2acd5750279085b0\"},\"headline\":\"Ahome a la vanguardia, recolectar\u00e1 basura en forma sustentable\",\"datePublished\":\"2022-01-27T20:43:24+00:00\",\"dateModified\":\"2022-01-27T20:45:09+00:00\",\"mainEntityOfPage\":{\"@id\":\"https:\\\/\\\/fuentesfidedignas.com.mx\\\/index.php\\\/2022\\\/01\\\/27\\\/ahome-a-la-vanguardia-recolectara-basura-en-forma-sustentable\\\/\"},\"wordCount\":513,\"commentCount\":0,\"publisher\":{\"@id\":\"https:\\\/\\\/fuentesfidedignas.com.mx\\\/#organization\"},\"image\":{\"@id\":\"https:\\\/\\\/fuentesfidedignas.com.mx\\\/index.php\\\/2022\\\/01\\\/27\\\/ahome-a-la-vanguardia-recolectara-basura-en-forma-sustentable\\\/#primaryimage\"},\"thumbnailUrl\":\"https:\\\/\\\/fuentesfidedignas.com.mx\\\/wp-content\\\/uploads\\\/2022\\\/01\\\/IMG-20220127-WA0015.jpg\",\"keywords\":[\"Ayuntamiento de Ahome\",\"Gerardo Vargas Landeros\"],\"articleSection\":[\"NOTA PRINCIPAL\"],\"inLanguage\":\"es\",\"potentialAction\":[{\"@type\":\"CommentAction\",\"name\":\"Comment\",\"target\":[\"https:\\\/\\\/fuentesfidedignas.com.mx\\\/index.php\\\/2022\\\/01\\\/27\\\/ahome-a-la-vanguardia-recolectara-basura-en-forma-sustentable\\\/#respond\"]}]},{\"@type\":\"WebPage\",\"@id\":\"https:\\\/\\\/fuentesfidedignas.com.mx\\\/index.php\\\/2022\\\/01\\\/27\\\/ahome-a-la-vanguardia-recolectara-basura-en-forma-sustentable\\\/\",\"url\":\"https:\\\/\\\/fuentesfidedignas.com.mx\\\/index.php\\\/2022\\\/01\\\/27\\\/ahome-a-la-vanguardia-recolectara-basura-en-forma-sustentable\\\/\",\"name\":\"Ahome a la vanguardia, recolectar\u00e1 basura en forma sustentable - Fuentes Fidedignas\",\"isPartOf\":{\"@id\":\"https:\\\/\\\/fuentesfidedignas.com.mx\\\/#website\"},\"primaryImageOfPage\":{\"@id\":\"https:\\\/\\\/fuentesfidedignas.com.mx\\\/index.php\\\/2022\\\/01\\\/27\\\/ahome-a-la-vanguardia-recolectara-basura-en-forma-sustentable\\\/#primaryimage\"},\"image\":{\"@id\":\"https:\\\/\\\/fuentesfidedignas.com.mx\\\/index.php\\\/2022\\\/01\\\/27\\\/ahome-a-la-vanguardia-recolectara-basura-en-forma-sustentable\\\/#primaryimage\"},\"thumbnailUrl\":\"https:\\\/\\\/fuentesfidedignas.com.mx\\\/wp-content\\\/uploads\\\/2022\\\/01\\\/IMG-20220127-WA0015.jpg\",\"datePublished\":\"2022-01-27T20:43:24+00:00\",\"dateModified\":\"2022-01-27T20:45:09+00:00\",\"breadcrumb\":{\"@id\":\"https:\\\/\\\/fuentesfidedignas.com.mx\\\/index.php\\\/2022\\\/01\\\/27\\\/ahome-a-la-vanguardia-recolectara-basura-en-forma-sustentable\\\/#breadcrumb\"},\"inLanguage\":\"es\",\"potentialAction\":[{\"@type\":\"ReadAction\",\"target\":[\"https:\\\/\\\/fuentesfidedignas.com.mx\\\/index.php\\\/2022\\\/01\\\/27\\\/ahome-a-la-vanguardia-recolectara-basura-en-forma-sustentable\\\/\"]}]},{\"@type\":\"ImageObject\",\"inLanguage\":\"es\",\"@id\":\"https:\\\/\\\/fuentesfidedignas.com.mx\\\/index.php\\\/2022\\\/01\\\/27\\\/ahome-a-la-vanguardia-recolectara-basura-en-forma-sustentable\\\/#primaryimage\",\"url\":\"https:\\\/\\\/fuentesfidedignas.com.mx\\\/wp-content\\\/uploads\\\/2022\\\/01\\\/IMG-20220127-WA0015.jpg\",\"contentUrl\":\"https:\\\/\\\/fuentesfidedignas.com.mx\\\/wp-content\\\/uploads\\\/2022\\\/01\\\/IMG-20220127-WA0015.jpg\",\"width\":1280,\"height\":853},{\"@type\":\"BreadcrumbList\",\"@id\":\"https:\\\/\\\/fuentesfidedignas.com.mx\\\/index.php\\\/2022\\\/01\\\/27\\\/ahome-a-la-vanguardia-recolectara-basura-en-forma-sustentable\\\/#breadcrumb\",\"itemListElement\":[{\"@type\":\"ListItem\",\"position\":1,\"name\":\"Inicio\",\"item\":\"https:\\\/\\\/fuentesfidedignas.com.mx\\\/\"},{\"@type\":\"ListItem\",\"position\":2,\"name\":\"Ahome a la vanguardia, recolectar\u00e1 basura en forma sustentable\"}]},{\"@type\":\"WebSite\",\"@id\":\"https:\\\/\\\/fuentesfidedignas.com.mx\\\/#website\",\"url\":\"https:\\\/\\\/fuentesfidedignas.com.mx\\\/\",\"name\":\"Fuentes Fidedignas\",\"description\":\"Otro sitio realizado con WordPress\",\"publisher\":{\"@id\":\"https:\\\/\\\/fuentesfidedignas.com.mx\\\/#organization\"},\"potentialAction\":[{\"@type\":\"SearchAction\",\"target\":{\"@type\":\"EntryPoint\",\"urlTemplate\":\"https:\\\/\\\/fuentesfidedignas.com.mx\\\/?s={search_term_string}\"},\"query-input\":{\"@type\":\"PropertyValueSpecification\",\"valueRequired\":true,\"valueName\":\"search_term_string\"}}],\"inLanguage\":\"es\"},{\"@type\":\"Organization\",\"@id\":\"https:\\\/\\\/fuentesfidedignas.com.mx\\\/#organization\",\"name\":\"Fuentes Fidedignas\",\"url\":\"https:\\\/\\\/fuentesfidedignas.com.mx\\\/\",\"logo\":{\"@type\":\"ImageObject\",\"inLanguage\":\"es\",\"@id\":\"https:\\\/\\\/fuentesfidedignas.com.mx\\\/#\\\/schema\\\/logo\\\/image\\\/\",\"url\":\"https:\\\/\\\/fuentesfidedignas.com.mx\\\/wp-content\\\/uploads\\\/2021\\\/04\\\/logo-retina.png\",\"contentUrl\":\"https:\\\/\\\/fuentesfidedignas.com.mx\\\/wp-content\\\/uploads\\\/2021\\\/04\\\/logo-retina.png\",\"width\":280,\"height\":51,\"caption\":\"Fuentes Fidedignas\"},\"image\":{\"@id\":\"https:\\\/\\\/fuentesfidedignas.com.mx\\\/#\\\/schema\\\/logo\\\/image\\\/\"},\"sameAs\":[\"https:\\\/\\\/www.facebook.com\\\/Fuentes-Fidedignas-368234489921644\",\"https:\\\/\\\/x.com\\\/fidedignas\"]},{\"@type\":\"Person\",\"@id\":\"https:\\\/\\\/fuentesfidedignas.com.mx\\\/#\\\/schema\\\/person\\\/331be9283d37198e2acd5750279085b0\",\"name\":\"Redacci\u00f3n\",\"image\":{\"@type\":\"ImageObject\",\"inLanguage\":\"es\",\"@id\":\"https:\\\/\\\/secure.gravatar.com\\\/avatar\\\/f6d8782c11d12b2d4ad3fbb6931aeab5309937a4d6cd2fc9cfaa28a6396a5aec?s=96&d=mm&r=g\",\"url\":\"https:\\\/\\\/secure.gravatar.com\\\/avatar\\\/f6d8782c11d12b2d4ad3fbb6931aeab5309937a4d6cd2fc9cfaa28a6396a5aec?s=96&d=mm&r=g\",\"contentUrl\":\"https:\\\/\\\/secure.gravatar.com\\\/avatar\\\/f6d8782c11d12b2d4ad3fbb6931aeab5309937a4d6cd2fc9cfaa28a6396a5aec?s=96&d=mm&r=g\",\"caption\":\"Redacci\u00f3n\"},\"url\":\"https:\\\/\\\/fuentesfidedignas.com.mx\\\/index.php\\\/author\\\/redaccion\\\/\"}]}<\/script>\n<!-- \/ Yoast SEO plugin. -->","yoast_head_json":{"title":"Ahome a la vanguardia, recolectar\u00e1 basura en forma sustentable - Fuentes Fidedignas","robots":{"index":"index","follow":"follow","max-snippet":"max-snippet:-1","max-image-preview":"max-image-preview:large","max-video-preview":"max-video-preview:-1"},"canonical":"https:\/\/fuentesfidedignas.com.mx\/index.php\/2022\/01\/27\/ahome-a-la-vanguardia-recolectara-basura-en-forma-sustentable\/","og_locale":"es_MX","og_type":"article","og_title":"Ahome a la vanguardia, recolectar\u00e1 basura en forma sustentable - Fuentes Fidedignas","og_description":"Se firmar\u00e1 contrato con la empresa RCR, la cual utiliza tecnolog\u00eda de primer mundo y contribuyen a la no contaminaci\u00f3n Ahome, Sin.- Luego de que el Cabildo de Ahome aprobara por unanimidad, concesionar el servicio de la recolecci\u00f3n de basura a RCRWTE de M\u00e9xico, S.A. de C.V., Gerardo Vargas Landeros, presidente municipal de Ahome inform\u00f3 [&hellip;]","og_url":"https:\/\/fuentesfidedignas.com.mx\/index.php\/2022\/01\/27\/ahome-a-la-vanguardia-recolectara-basura-en-forma-sustentable\/","og_site_name":"Fuentes Fidedignas","article_publisher":"https:\/\/www.facebook.com\/Fuentes-Fidedignas-368234489921644","article_published_time":"2022-01-27T20:43:24+00:00","article_modified_time":"2022-01-27T20:45:09+00:00","og_image":[{"width":1280,"height":853,"url":"https:\/\/fuentesfidedignas.com.mx\/wp-content\/uploads\/2022\/01\/IMG-20220127-WA0015.jpg","type":"image\/jpeg"}],"author":"Redacci\u00f3n","twitter_card":"summary_large_image","twitter_creator":"@fidedignas","twitter_site":"@fidedignas","twitter_misc":{"Escrito por":"Redacci\u00f3n","Tiempo de lectura":"3 minutos"},"schema":{"@context":"https:\/\/schema.org","@graph":[{"@type":"Article","@id":"https:\/\/fuentesfidedignas.com.mx\/index.php\/2022\/01\/27\/ahome-a-la-vanguardia-recolectara-basura-en-forma-sustentable\/#article","isPartOf":{"@id":"https:\/\/fuentesfidedignas.com.mx\/index.php\/2022\/01\/27\/ahome-a-la-vanguardia-recolectara-basura-en-forma-sustentable\/"},"author":{"name":"Redacci\u00f3n","@id":"https:\/\/fuentesfidedignas.com.mx\/#\/schema\/person\/331be9283d37198e2acd5750279085b0"},"headline":"Ahome a la vanguardia, recolectar\u00e1 basura en forma sustentable","datePublished":"2022-01-27T20:43:24+00:00","dateModified":"2022-01-27T20:45:09+00:00","mainEntityOfPage":{"@id":"https:\/\/fuentesfidedignas.com.mx\/index.php\/2022\/01\/27\/ahome-a-la-vanguardia-recolectara-basura-en-forma-sustentable\/"},"wordCount":513,"commentCount":0,"publisher":{"@id":"https:\/\/fuentesfidedignas.com.mx\/#organization"},"image":{"@id":"https:\/\/fuentesfidedignas.com.mx\/index.php\/2022\/01\/27\/ahome-a-la-vanguardia-recolectara-basura-en-forma-sustentable\/#primaryimage"},"thumbnailUrl":"https:\/\/fuentesfidedignas.com.mx\/wp-content\/uploads\/2022\/01\/IMG-20220127-WA0015.jpg","keywords":["Ayuntamiento de Ahome","Gerardo Vargas Landeros"],"articleSection":["NOTA PRINCIPAL"],"inLanguage":"es","potentialAction":[{"@type":"CommentAction","name":"Comment","target":["https:\/\/fuentesfidedignas.com.mx\/index.php\/2022\/01\/27\/ahome-a-la-vanguardia-recolectara-basura-en-forma-sustentable\/#respond"]}]},{"@type":"WebPage","@id":"https:\/\/fuentesfidedignas.com.mx\/index.php\/2022\/01\/27\/ahome-a-la-vanguardia-recolectara-basura-en-forma-sustentable\/","url":"https:\/\/fuentesfidedignas.com.mx\/index.php\/2022\/01\/27\/ahome-a-la-vanguardia-recolectara-basura-en-forma-sustentable\/","name":"Ahome a la vanguardia, recolectar\u00e1 basura en forma sustentable - Fuentes Fidedignas","isPartOf":{"@id":"https:\/\/fuentesfidedignas.com.mx\/#website"},"primaryImageOfPage":{"@id":"https:\/\/fuentesfidedignas.com.mx\/index.php\/2022\/01\/27\/ahome-a-la-vanguardia-recolectara-basura-en-forma-sustentable\/#primaryimage"},"image":{"@id":"https:\/\/fuentesfidedignas.com.mx\/index.php\/2022\/01\/27\/ahome-a-la-vanguardia-recolectara-basura-en-forma-sustentable\/#primaryimage"},"thumbnailUrl":"https:\/\/fuentesfidedignas.com.mx\/wp-content\/uploads\/2022\/01\/IMG-20220127-WA0015.jpg","datePublished":"2022-01-27T20:43:24+00:00","dateModified":"2022-01-27T20:45:09+00:00","breadcrumb":{"@id":"https:\/\/fuentesfidedignas.com.mx\/index.php\/2022\/01\/27\/ahome-a-la-vanguardia-recolectara-basura-en-forma-sustentable\/#breadcrumb"},"inLanguage":"es","potentialAction":[{"@type":"ReadAction","target":["https:\/\/fuentesfidedignas.com.mx\/index.php\/2022\/01\/27\/ahome-a-la-vanguardia-recolectara-basura-en-forma-sustentable\/"]}]},{"@type":"ImageObject","inLanguage":"es","@id":"https:\/\/fuentesfidedignas.com.mx\/index.php\/2022\/01\/27\/ahome-a-la-vanguardia-recolectara-basura-en-forma-sustentable\/#primaryimage","url":"https:\/\/fuentesfidedignas.com.mx\/wp-content\/uploads\/2022\/01\/IMG-20220127-WA0015.jpg","contentUrl":"https:\/\/fuentesfidedignas.com.mx\/wp-content\/uploads\/2022\/01\/IMG-20220127-WA0015.jpg","width":1280,"height":853},{"@type":"BreadcrumbList","@id":"https:\/\/fuentesfidedignas.com.mx\/index.php\/2022\/01\/27\/ahome-a-la-vanguardia-recolectara-basura-en-forma-sustentable\/#breadcrumb","itemListElement":[{"@type":"ListItem","position":1,"name":"Inicio","item":"https:\/\/fuentesfidedignas.com.mx\/"},{"@type":"ListItem","position":2,"name":"Ahome a la vanguardia, recolectar\u00e1 basura en forma sustentable"}]},{"@type":"WebSite","@id":"https:\/\/fuentesfidedignas.com.mx\/#website","url":"https:\/\/fuentesfidedignas.com.mx\/","name":"Fuentes Fidedignas","description":"Otro sitio realizado con WordPress","publisher":{"@id":"https:\/\/fuentesfidedignas.com.mx\/#organization"},"potentialAction":[{"@type":"SearchAction","target":{"@type":"EntryPoint","urlTemplate":"https:\/\/fuentesfidedignas.com.mx\/?s={search_term_string}"},"query-input":{"@type":"PropertyValueSpecification","valueRequired":true,"valueName":"search_term_string"}}],"inLanguage":"es"},{"@type":"Organization","@id":"https:\/\/fuentesfidedignas.com.mx\/#organization","name":"Fuentes Fidedignas","url":"https:\/\/fuentesfidedignas.com.mx\/","logo":{"@type":"ImageObject","inLanguage":"es","@id":"https:\/\/fuentesfidedignas.com.mx\/#\/schema\/logo\/image\/","url":"https:\/\/fuentesfidedignas.com.mx\/wp-content\/uploads\/2021\/04\/logo-retina.png","contentUrl":"https:\/\/fuentesfidedignas.com.mx\/wp-content\/uploads\/2021\/04\/logo-retina.png","width":280,"height":51,"caption":"Fuentes Fidedignas"},"image":{"@id":"https:\/\/fuentesfidedignas.com.mx\/#\/schema\/logo\/image\/"},"sameAs":["https:\/\/www.facebook.com\/Fuentes-Fidedignas-368234489921644","https:\/\/x.com\/fidedignas"]},{"@type":"Person","@id":"https:\/\/fuentesfidedignas.com.mx\/#\/schema\/person\/331be9283d37198e2acd5750279085b0","name":"Redacci\u00f3n","image":{"@type":"ImageObject","inLanguage":"es","@id":"https:\/\/secure.gravatar.com\/avatar\/f6d8782c11d12b2d4ad3fbb6931aeab5309937a4d6cd2fc9cfaa28a6396a5aec?s=96&d=mm&r=g","url":"https:\/\/secure.gravatar.com\/avatar\/f6d8782c11d12b2d4ad3fbb6931aeab5309937a4d6cd2fc9cfaa28a6396a5aec?s=96&d=mm&r=g","contentUrl":"https:\/\/secure.gravatar.com\/avatar\/f6d8782c11d12b2d4ad3fbb6931aeab5309937a4d6cd2fc9cfaa28a6396a5aec?s=96&d=mm&r=g","caption":"Redacci\u00f3n"},"url":"https:\/\/fuentesfidedignas.com.mx\/index.php\/author\/redaccion\/"}]}},"_links":{"self":[{"href":"https:\/\/fuentesfidedignas.com.mx\/index.php\/wp-json\/wp\/v2\/posts\/22752","targetHints":{"allow":["GET"]}}],"collection":[{"href":"https:\/\/fuentesfidedignas.com.mx\/index.php\/wp-json\/wp\/v2\/posts"}],"about":[{"href":"https:\/\/fuentesfidedignas.com.mx\/index.php\/wp-json\/wp\/v2\/types\/post"}],"author":[{"embeddable":true,"href":"https:\/\/fuentesfidedignas.com.mx\/index.php\/wp-json\/wp\/v2\/users\/4"}],"replies":[{"embeddable":true,"href":"https:\/\/fuentesfidedignas.com.mx\/index.php\/wp-json\/wp\/v2\/comments?post=22752"}],"version-history":[{"count":1,"href":"https:\/\/fuentesfidedignas.com.mx\/index.php\/wp-json\/wp\/v2\/posts\/22752\/revisions"}],"predecessor-version":[{"id":22753,"href":"https:\/\/fuentesfidedignas.com.mx\/index.php\/wp-json\/wp\/v2\/posts\/22752\/revisions\/22753"}],"wp:featuredmedia":[{"embeddable":true,"href":"https:\/\/fuentesfidedignas.com.mx\/index.php\/wp-json\/wp\/v2\/media\/22754"}],"wp:attachment":[{"href":"https:\/\/fuentesfidedignas.com.mx\/index.php\/wp-json\/wp\/v2\/media?parent=22752"}],"wp:term":[{"taxonomy":"category","embeddable":true,"href":"https:\/\/fuentesfidedignas.com.mx\/index.php\/wp-json\/wp\/v2\/categories?post=22752"},{"taxonomy":"post_tag","embeddable":true,"href":"https:\/\/fuentesfidedignas.com.mx\/index.php\/wp-json\/wp\/v2\/tags?post=22752"}],"curies":[{"name":"wp","href":"https:\/\/api.w.org\/{rel}","templated":true}]}}