{"id":22711,"date":"2022-01-27T06:03:44","date_gmt":"2022-01-27T13:03:44","guid":{"rendered":"https:\/\/fuentesfidedignas.com.mx\/?p=22711"},"modified":"2022-01-27T06:03:45","modified_gmt":"2022-01-27T13:03:45","slug":"hay-nuevo-record-de-casos-diarios-de-covid-19-en-el-mundo-3-8-millones","status":"publish","type":"post","link":"https:\/\/fuentesfidedignas.com.mx\/index.php\/2022\/01\/27\/hay-nuevo-record-de-casos-diarios-de-covid-19-en-el-mundo-3-8-millones\/","title":{"rendered":"Hay nuevo r\u00e9cord de casos diarios de Covid-19 en el mundo: 3.8 millones"},"content":{"rendered":"\n<p><strong><em>Sin embargo, los casos est\u00e1n creciendo m\u00e1s lentamente, un 5% la semana pasada frente al 20% de la anterior y el 55% de la previa, dijo la OMS.<\/em><\/strong><\/p>\n\n\n\n<p>Ciudad de M\u00e9xico.- El mundo registr\u00f3 3.84 millones de nuevos casos de Covid-19 en las \u00faltimas 24 horas, un nuevo r\u00e9cord pese a que la curva de contagios parece indicar que la oleada asociada a \u00d3micron se est\u00e1 ralentizando, seg\u00fan las cifras provisionales de la Organizaci\u00f3n Mundial de la Salud (OMS).<\/p>\n\n\n\n<p>En ninguna de las olas anteriores se hab\u00eda superado el mill\u00f3n de casos diarios, una cifra que casi se cuadruplica en la actualidad, lo que muestra el avance exponencial de la variante \u00d3micron, si bien los casos est\u00e1n creciendo m\u00e1s lentamente (un 5% la semana pasada frente al 20% de la anterior y el 55% de la previa).<\/p>\n\n\n\n<p>En el acumulado en dos a\u00f1os de pandemia, los casos confirmados por la OMS ascienden a 356 millones (equivalentes a un 5% de la poblaci\u00f3n mundial), mientras que m\u00e1s de 5.6 millones de personas han fallecido.<\/p>\n\n\n\n<p>Un 90% de los casos de Covid-19 analizados en la red de laboratorios global GISAID, asociada a la OMS, detectan ya la variante \u00d3micron, mientras que la Delta, que fue dominante en 2021, concentra el resto y sigue su retroceso.<\/p>\n\n\n\n<p>La actual ola de contagios no ha venido acompa\u00f1ada de m\u00e1s fallecimientos, aunque en la jornada pasada se confirmaron 9,000, una cifra ligeramente superior a la media de los \u00faltimos tres meses, que oscila entre los 5,000 y los 8,000 fallecimientos por d\u00eda.<\/p>\n","protected":false},"excerpt":{"rendered":"<p>Sin embargo, los casos est\u00e1n creciendo m\u00e1s lentamente, un 5% la semana pasada frente al 20% de la anterior y el 55% de la previa, dijo la OMS. Ciudad de M\u00e9xico.- El mundo registr\u00f3 3.84 millones de nuevos casos de Covid-19 en las \u00faltimas 24 horas, un nuevo r\u00e9cord pese a que la curva de [&hellip;]<\/p>\n","protected":false},"author":5,"featured_media":22712,"comment_status":"open","ping_status":"open","sticky":false,"template":"","format":"standard","meta":{"tdm_status":"","tdm_grid_status":"","footnotes":""},"categories":[39],"tags":[332,59,416,407],"class_list":{"0":"post-22711","1":"post","2":"type-post","3":"status-publish","4":"format-standard","5":"has-post-thumbnail","7":"category-noticias-nacionales","8":"tag-coronavirus","9":"tag-covid-19","10":"tag-sars-cov-2","11":"tag-vacuna-anticovid"},"yoast_head":"<!-- This site is optimized with the Yoast SEO plugin v27.5 - https:\/\/yoast.com\/product\/yoast-seo-wordpress\/ -->\n<title>Hay nuevo r\u00e9cord de casos diarios de Covid-19 en el mundo: 3.8 millones - Fuentes Fidedignas<\/title>\n<meta name=\"robots\" content=\"index, follow, max-snippet:-1, max-image-preview:large, max-video-preview:-1\" \/>\n<link rel=\"canonical\" href=\"https:\/\/fuentesfidedignas.com.mx\/index.php\/2022\/01\/27\/hay-nuevo-record-de-casos-diarios-de-covid-19-en-el-mundo-3-8-millones\/\" \/>\n<meta property=\"og:locale\" content=\"es_MX\" \/>\n<meta property=\"og:type\" content=\"article\" \/>\n<meta property=\"og:title\" content=\"Hay nuevo r\u00e9cord de casos diarios de Covid-19 en el mundo: 3.8 millones - Fuentes Fidedignas\" \/>\n<meta property=\"og:description\" content=\"Sin embargo, los casos est\u00e1n creciendo m\u00e1s lentamente, un 5% la semana pasada frente al 20% de la anterior y el 55% de la previa, dijo la OMS. Ciudad de M\u00e9xico.- El mundo registr\u00f3 3.84 millones de nuevos casos de Covid-19 en las \u00faltimas 24 horas, un nuevo r\u00e9cord pese a que la curva de [&hellip;]\" \/>\n<meta property=\"og:url\" content=\"https:\/\/fuentesfidedignas.com.mx\/index.php\/2022\/01\/27\/hay-nuevo-record-de-casos-diarios-de-covid-19-en-el-mundo-3-8-millones\/\" \/>\n<meta property=\"og:site_name\" content=\"Fuentes Fidedignas\" \/>\n<meta property=\"article:publisher\" content=\"https:\/\/www.facebook.com\/Fuentes-Fidedignas-368234489921644\" \/>\n<meta property=\"article:published_time\" content=\"2022-01-27T13:03:44+00:00\" \/>\n<meta property=\"article:modified_time\" content=\"2022-01-27T13:03:45+00:00\" \/>\n<meta property=\"og:image\" content=\"https:\/\/fuentesfidedignas.com.mx\/wp-content\/uploads\/2022\/01\/CHINA-WUHAN-COVID-e1643288087268-640x360-1.jpg\" \/>\n\t<meta property=\"og:image:width\" content=\"640\" \/>\n\t<meta property=\"og:image:height\" content=\"360\" \/>\n\t<meta property=\"og:image:type\" content=\"image\/jpeg\" \/>\n<meta name=\"author\" content=\"Forbes\" \/>\n<meta name=\"twitter:card\" content=\"summary_large_image\" \/>\n<meta name=\"twitter:creator\" content=\"@fidedignas\" \/>\n<meta name=\"twitter:site\" content=\"@fidedignas\" \/>\n<meta name=\"twitter:label1\" content=\"Escrito por\" \/>\n\t<meta name=\"twitter:data1\" content=\"Forbes\" \/>\n\t<meta name=\"twitter:label2\" content=\"Tiempo de lectura\" \/>\n\t<meta name=\"twitter:data2\" content=\"2 minutos\" \/>\n<script type=\"application\/ld+json\" class=\"yoast-schema-graph\">{\"@context\":\"https:\\\/\\\/schema.org\",\"@graph\":[{\"@type\":\"Article\",\"@id\":\"https:\\\/\\\/fuentesfidedignas.com.mx\\\/index.php\\\/2022\\\/01\\\/27\\\/hay-nuevo-record-de-casos-diarios-de-covid-19-en-el-mundo-3-8-millones\\\/#article\",\"isPartOf\":{\"@id\":\"https:\\\/\\\/fuentesfidedignas.com.mx\\\/index.php\\\/2022\\\/01\\\/27\\\/hay-nuevo-record-de-casos-diarios-de-covid-19-en-el-mundo-3-8-millones\\\/\"},\"author\":{\"name\":\"Forbes\",\"@id\":\"https:\\\/\\\/fuentesfidedignas.com.mx\\\/#\\\/schema\\\/person\\\/5623d53fe2e579d825b1679734abcc44\"},\"headline\":\"Hay nuevo r\u00e9cord de casos diarios de Covid-19 en el mundo: 3.8 millones\",\"datePublished\":\"2022-01-27T13:03:44+00:00\",\"dateModified\":\"2022-01-27T13:03:45+00:00\",\"mainEntityOfPage\":{\"@id\":\"https:\\\/\\\/fuentesfidedignas.com.mx\\\/index.php\\\/2022\\\/01\\\/27\\\/hay-nuevo-record-de-casos-diarios-de-covid-19-en-el-mundo-3-8-millones\\\/\"},\"wordCount\":270,\"commentCount\":0,\"publisher\":{\"@id\":\"https:\\\/\\\/fuentesfidedignas.com.mx\\\/#organization\"},\"image\":{\"@id\":\"https:\\\/\\\/fuentesfidedignas.com.mx\\\/index.php\\\/2022\\\/01\\\/27\\\/hay-nuevo-record-de-casos-diarios-de-covid-19-en-el-mundo-3-8-millones\\\/#primaryimage\"},\"thumbnailUrl\":\"https:\\\/\\\/fuentesfidedignas.com.mx\\\/wp-content\\\/uploads\\\/2022\\\/01\\\/CHINA-WUHAN-COVID-e1643288087268-640x360-1.jpg\",\"keywords\":[\"Coronavirus\",\"Covid-19\",\"SARS-CoV-2\",\"Vacuna anticovid\"],\"articleSection\":[\"NOTICIAS NACIONALES\"],\"inLanguage\":\"es\",\"potentialAction\":[{\"@type\":\"CommentAction\",\"name\":\"Comment\",\"target\":[\"https:\\\/\\\/fuentesfidedignas.com.mx\\\/index.php\\\/2022\\\/01\\\/27\\\/hay-nuevo-record-de-casos-diarios-de-covid-19-en-el-mundo-3-8-millones\\\/#respond\"]}]},{\"@type\":\"WebPage\",\"@id\":\"https:\\\/\\\/fuentesfidedignas.com.mx\\\/index.php\\\/2022\\\/01\\\/27\\\/hay-nuevo-record-de-casos-diarios-de-covid-19-en-el-mundo-3-8-millones\\\/\",\"url\":\"https:\\\/\\\/fuentesfidedignas.com.mx\\\/index.php\\\/2022\\\/01\\\/27\\\/hay-nuevo-record-de-casos-diarios-de-covid-19-en-el-mundo-3-8-millones\\\/\",\"name\":\"Hay nuevo r\u00e9cord de casos diarios de Covid-19 en el mundo: 3.8 millones - Fuentes Fidedignas\",\"isPartOf\":{\"@id\":\"https:\\\/\\\/fuentesfidedignas.com.mx\\\/#website\"},\"primaryImageOfPage\":{\"@id\":\"https:\\\/\\\/fuentesfidedignas.com.mx\\\/index.php\\\/2022\\\/01\\\/27\\\/hay-nuevo-record-de-casos-diarios-de-covid-19-en-el-mundo-3-8-millones\\\/#primaryimage\"},\"image\":{\"@id\":\"https:\\\/\\\/fuentesfidedignas.com.mx\\\/index.php\\\/2022\\\/01\\\/27\\\/hay-nuevo-record-de-casos-diarios-de-covid-19-en-el-mundo-3-8-millones\\\/#primaryimage\"},\"thumbnailUrl\":\"https:\\\/\\\/fuentesfidedignas.com.mx\\\/wp-content\\\/uploads\\\/2022\\\/01\\\/CHINA-WUHAN-COVID-e1643288087268-640x360-1.jpg\",\"datePublished\":\"2022-01-27T13:03:44+00:00\",\"dateModified\":\"2022-01-27T13:03:45+00:00\",\"breadcrumb\":{\"@id\":\"https:\\\/\\\/fuentesfidedignas.com.mx\\\/index.php\\\/2022\\\/01\\\/27\\\/hay-nuevo-record-de-casos-diarios-de-covid-19-en-el-mundo-3-8-millones\\\/#breadcrumb\"},\"inLanguage\":\"es\",\"potentialAction\":[{\"@type\":\"ReadAction\",\"target\":[\"https:\\\/\\\/fuentesfidedignas.com.mx\\\/index.php\\\/2022\\\/01\\\/27\\\/hay-nuevo-record-de-casos-diarios-de-covid-19-en-el-mundo-3-8-millones\\\/\"]}]},{\"@type\":\"ImageObject\",\"inLanguage\":\"es\",\"@id\":\"https:\\\/\\\/fuentesfidedignas.com.mx\\\/index.php\\\/2022\\\/01\\\/27\\\/hay-nuevo-record-de-casos-diarios-de-covid-19-en-el-mundo-3-8-millones\\\/#primaryimage\",\"url\":\"https:\\\/\\\/fuentesfidedignas.com.mx\\\/wp-content\\\/uploads\\\/2022\\\/01\\\/CHINA-WUHAN-COVID-e1643288087268-640x360-1.jpg\",\"contentUrl\":\"https:\\\/\\\/fuentesfidedignas.com.mx\\\/wp-content\\\/uploads\\\/2022\\\/01\\\/CHINA-WUHAN-COVID-e1643288087268-640x360-1.jpg\",\"width\":640,\"height\":360},{\"@type\":\"BreadcrumbList\",\"@id\":\"https:\\\/\\\/fuentesfidedignas.com.mx\\\/index.php\\\/2022\\\/01\\\/27\\\/hay-nuevo-record-de-casos-diarios-de-covid-19-en-el-mundo-3-8-millones\\\/#breadcrumb\",\"itemListElement\":[{\"@type\":\"ListItem\",\"position\":1,\"name\":\"Inicio\",\"item\":\"https:\\\/\\\/fuentesfidedignas.com.mx\\\/\"},{\"@type\":\"ListItem\",\"position\":2,\"name\":\"Hay nuevo r\u00e9cord de casos diarios de Covid-19 en el mundo: 3.8 millones\"}]},{\"@type\":\"WebSite\",\"@id\":\"https:\\\/\\\/fuentesfidedignas.com.mx\\\/#website\",\"url\":\"https:\\\/\\\/fuentesfidedignas.com.mx\\\/\",\"name\":\"Fuentes Fidedignas\",\"description\":\"Otro sitio realizado con WordPress\",\"publisher\":{\"@id\":\"https:\\\/\\\/fuentesfidedignas.com.mx\\\/#organization\"},\"potentialAction\":[{\"@type\":\"SearchAction\",\"target\":{\"@type\":\"EntryPoint\",\"urlTemplate\":\"https:\\\/\\\/fuentesfidedignas.com.mx\\\/?s={search_term_string}\"},\"query-input\":{\"@type\":\"PropertyValueSpecification\",\"valueRequired\":true,\"valueName\":\"search_term_string\"}}],\"inLanguage\":\"es\"},{\"@type\":\"Organization\",\"@id\":\"https:\\\/\\\/fuentesfidedignas.com.mx\\\/#organization\",\"name\":\"Fuentes Fidedignas\",\"url\":\"https:\\\/\\\/fuentesfidedignas.com.mx\\\/\",\"logo\":{\"@type\":\"ImageObject\",\"inLanguage\":\"es\",\"@id\":\"https:\\\/\\\/fuentesfidedignas.com.mx\\\/#\\\/schema\\\/logo\\\/image\\\/\",\"url\":\"https:\\\/\\\/fuentesfidedignas.com.mx\\\/wp-content\\\/uploads\\\/2021\\\/04\\\/logo-retina.png\",\"contentUrl\":\"https:\\\/\\\/fuentesfidedignas.com.mx\\\/wp-content\\\/uploads\\\/2021\\\/04\\\/logo-retina.png\",\"width\":280,\"height\":51,\"caption\":\"Fuentes Fidedignas\"},\"image\":{\"@id\":\"https:\\\/\\\/fuentesfidedignas.com.mx\\\/#\\\/schema\\\/logo\\\/image\\\/\"},\"sameAs\":[\"https:\\\/\\\/www.facebook.com\\\/Fuentes-Fidedignas-368234489921644\",\"https:\\\/\\\/x.com\\\/fidedignas\"]},{\"@type\":\"Person\",\"@id\":\"https:\\\/\\\/fuentesfidedignas.com.mx\\\/#\\\/schema\\\/person\\\/5623d53fe2e579d825b1679734abcc44\",\"name\":\"Forbes\",\"image\":{\"@type\":\"ImageObject\",\"inLanguage\":\"es\",\"@id\":\"https:\\\/\\\/secure.gravatar.com\\\/avatar\\\/87ce3dd4e41e60c22a79c758614f01a6bc2469255fc936ec7b15efb9bb5cb66f?s=96&d=mm&r=g\",\"url\":\"https:\\\/\\\/secure.gravatar.com\\\/avatar\\\/87ce3dd4e41e60c22a79c758614f01a6bc2469255fc936ec7b15efb9bb5cb66f?s=96&d=mm&r=g\",\"contentUrl\":\"https:\\\/\\\/secure.gravatar.com\\\/avatar\\\/87ce3dd4e41e60c22a79c758614f01a6bc2469255fc936ec7b15efb9bb5cb66f?s=96&d=mm&r=g\",\"caption\":\"Forbes\"},\"url\":\"https:\\\/\\\/fuentesfidedignas.com.mx\\\/index.php\\\/author\\\/forbes\\\/\"}]}<\/script>\n<!-- \/ Yoast SEO plugin. -->","yoast_head_json":{"title":"Hay nuevo r\u00e9cord de casos diarios de Covid-19 en el mundo: 3.8 millones - Fuentes Fidedignas","robots":{"index":"index","follow":"follow","max-snippet":"max-snippet:-1","max-image-preview":"max-image-preview:large","max-video-preview":"max-video-preview:-1"},"canonical":"https:\/\/fuentesfidedignas.com.mx\/index.php\/2022\/01\/27\/hay-nuevo-record-de-casos-diarios-de-covid-19-en-el-mundo-3-8-millones\/","og_locale":"es_MX","og_type":"article","og_title":"Hay nuevo r\u00e9cord de casos diarios de Covid-19 en el mundo: 3.8 millones - Fuentes Fidedignas","og_description":"Sin embargo, los casos est\u00e1n creciendo m\u00e1s lentamente, un 5% la semana pasada frente al 20% de la anterior y el 55% de la previa, dijo la OMS. Ciudad de M\u00e9xico.- El mundo registr\u00f3 3.84 millones de nuevos casos de Covid-19 en las \u00faltimas 24 horas, un nuevo r\u00e9cord pese a que la curva de [&hellip;]","og_url":"https:\/\/fuentesfidedignas.com.mx\/index.php\/2022\/01\/27\/hay-nuevo-record-de-casos-diarios-de-covid-19-en-el-mundo-3-8-millones\/","og_site_name":"Fuentes Fidedignas","article_publisher":"https:\/\/www.facebook.com\/Fuentes-Fidedignas-368234489921644","article_published_time":"2022-01-27T13:03:44+00:00","article_modified_time":"2022-01-27T13:03:45+00:00","og_image":[{"width":640,"height":360,"url":"https:\/\/fuentesfidedignas.com.mx\/wp-content\/uploads\/2022\/01\/CHINA-WUHAN-COVID-e1643288087268-640x360-1.jpg","type":"image\/jpeg"}],"author":"Forbes","twitter_card":"summary_large_image","twitter_creator":"@fidedignas","twitter_site":"@fidedignas","twitter_misc":{"Escrito por":"Forbes","Tiempo de lectura":"2 minutos"},"schema":{"@context":"https:\/\/schema.org","@graph":[{"@type":"Article","@id":"https:\/\/fuentesfidedignas.com.mx\/index.php\/2022\/01\/27\/hay-nuevo-record-de-casos-diarios-de-covid-19-en-el-mundo-3-8-millones\/#article","isPartOf":{"@id":"https:\/\/fuentesfidedignas.com.mx\/index.php\/2022\/01\/27\/hay-nuevo-record-de-casos-diarios-de-covid-19-en-el-mundo-3-8-millones\/"},"author":{"name":"Forbes","@id":"https:\/\/fuentesfidedignas.com.mx\/#\/schema\/person\/5623d53fe2e579d825b1679734abcc44"},"headline":"Hay nuevo r\u00e9cord de casos diarios de Covid-19 en el mundo: 3.8 millones","datePublished":"2022-01-27T13:03:44+00:00","dateModified":"2022-01-27T13:03:45+00:00","mainEntityOfPage":{"@id":"https:\/\/fuentesfidedignas.com.mx\/index.php\/2022\/01\/27\/hay-nuevo-record-de-casos-diarios-de-covid-19-en-el-mundo-3-8-millones\/"},"wordCount":270,"commentCount":0,"publisher":{"@id":"https:\/\/fuentesfidedignas.com.mx\/#organization"},"image":{"@id":"https:\/\/fuentesfidedignas.com.mx\/index.php\/2022\/01\/27\/hay-nuevo-record-de-casos-diarios-de-covid-19-en-el-mundo-3-8-millones\/#primaryimage"},"thumbnailUrl":"https:\/\/fuentesfidedignas.com.mx\/wp-content\/uploads\/2022\/01\/CHINA-WUHAN-COVID-e1643288087268-640x360-1.jpg","keywords":["Coronavirus","Covid-19","SARS-CoV-2","Vacuna anticovid"],"articleSection":["NOTICIAS NACIONALES"],"inLanguage":"es","potentialAction":[{"@type":"CommentAction","name":"Comment","target":["https:\/\/fuentesfidedignas.com.mx\/index.php\/2022\/01\/27\/hay-nuevo-record-de-casos-diarios-de-covid-19-en-el-mundo-3-8-millones\/#respond"]}]},{"@type":"WebPage","@id":"https:\/\/fuentesfidedignas.com.mx\/index.php\/2022\/01\/27\/hay-nuevo-record-de-casos-diarios-de-covid-19-en-el-mundo-3-8-millones\/","url":"https:\/\/fuentesfidedignas.com.mx\/index.php\/2022\/01\/27\/hay-nuevo-record-de-casos-diarios-de-covid-19-en-el-mundo-3-8-millones\/","name":"Hay nuevo r\u00e9cord de casos diarios de Covid-19 en el mundo: 3.8 millones - Fuentes Fidedignas","isPartOf":{"@id":"https:\/\/fuentesfidedignas.com.mx\/#website"},"primaryImageOfPage":{"@id":"https:\/\/fuentesfidedignas.com.mx\/index.php\/2022\/01\/27\/hay-nuevo-record-de-casos-diarios-de-covid-19-en-el-mundo-3-8-millones\/#primaryimage"},"image":{"@id":"https:\/\/fuentesfidedignas.com.mx\/index.php\/2022\/01\/27\/hay-nuevo-record-de-casos-diarios-de-covid-19-en-el-mundo-3-8-millones\/#primaryimage"},"thumbnailUrl":"https:\/\/fuentesfidedignas.com.mx\/wp-content\/uploads\/2022\/01\/CHINA-WUHAN-COVID-e1643288087268-640x360-1.jpg","datePublished":"2022-01-27T13:03:44+00:00","dateModified":"2022-01-27T13:03:45+00:00","breadcrumb":{"@id":"https:\/\/fuentesfidedignas.com.mx\/index.php\/2022\/01\/27\/hay-nuevo-record-de-casos-diarios-de-covid-19-en-el-mundo-3-8-millones\/#breadcrumb"},"inLanguage":"es","potentialAction":[{"@type":"ReadAction","target":["https:\/\/fuentesfidedignas.com.mx\/index.php\/2022\/01\/27\/hay-nuevo-record-de-casos-diarios-de-covid-19-en-el-mundo-3-8-millones\/"]}]},{"@type":"ImageObject","inLanguage":"es","@id":"https:\/\/fuentesfidedignas.com.mx\/index.php\/2022\/01\/27\/hay-nuevo-record-de-casos-diarios-de-covid-19-en-el-mundo-3-8-millones\/#primaryimage","url":"https:\/\/fuentesfidedignas.com.mx\/wp-content\/uploads\/2022\/01\/CHINA-WUHAN-COVID-e1643288087268-640x360-1.jpg","contentUrl":"https:\/\/fuentesfidedignas.com.mx\/wp-content\/uploads\/2022\/01\/CHINA-WUHAN-COVID-e1643288087268-640x360-1.jpg","width":640,"height":360},{"@type":"BreadcrumbList","@id":"https:\/\/fuentesfidedignas.com.mx\/index.php\/2022\/01\/27\/hay-nuevo-record-de-casos-diarios-de-covid-19-en-el-mundo-3-8-millones\/#breadcrumb","itemListElement":[{"@type":"ListItem","position":1,"name":"Inicio","item":"https:\/\/fuentesfidedignas.com.mx\/"},{"@type":"ListItem","position":2,"name":"Hay nuevo r\u00e9cord de casos diarios de Covid-19 en el mundo: 3.8 millones"}]},{"@type":"WebSite","@id":"https:\/\/fuentesfidedignas.com.mx\/#website","url":"https:\/\/fuentesfidedignas.com.mx\/","name":"Fuentes Fidedignas","description":"Otro sitio realizado con WordPress","publisher":{"@id":"https:\/\/fuentesfidedignas.com.mx\/#organization"},"potentialAction":[{"@type":"SearchAction","target":{"@type":"EntryPoint","urlTemplate":"https:\/\/fuentesfidedignas.com.mx\/?s={search_term_string}"},"query-input":{"@type":"PropertyValueSpecification","valueRequired":true,"valueName":"search_term_string"}}],"inLanguage":"es"},{"@type":"Organization","@id":"https:\/\/fuentesfidedignas.com.mx\/#organization","name":"Fuentes Fidedignas","url":"https:\/\/fuentesfidedignas.com.mx\/","logo":{"@type":"ImageObject","inLanguage":"es","@id":"https:\/\/fuentesfidedignas.com.mx\/#\/schema\/logo\/image\/","url":"https:\/\/fuentesfidedignas.com.mx\/wp-content\/uploads\/2021\/04\/logo-retina.png","contentUrl":"https:\/\/fuentesfidedignas.com.mx\/wp-content\/uploads\/2021\/04\/logo-retina.png","width":280,"height":51,"caption":"Fuentes Fidedignas"},"image":{"@id":"https:\/\/fuentesfidedignas.com.mx\/#\/schema\/logo\/image\/"},"sameAs":["https:\/\/www.facebook.com\/Fuentes-Fidedignas-368234489921644","https:\/\/x.com\/fidedignas"]},{"@type":"Person","@id":"https:\/\/fuentesfidedignas.com.mx\/#\/schema\/person\/5623d53fe2e579d825b1679734abcc44","name":"Forbes","image":{"@type":"ImageObject","inLanguage":"es","@id":"https:\/\/secure.gravatar.com\/avatar\/87ce3dd4e41e60c22a79c758614f01a6bc2469255fc936ec7b15efb9bb5cb66f?s=96&d=mm&r=g","url":"https:\/\/secure.gravatar.com\/avatar\/87ce3dd4e41e60c22a79c758614f01a6bc2469255fc936ec7b15efb9bb5cb66f?s=96&d=mm&r=g","contentUrl":"https:\/\/secure.gravatar.com\/avatar\/87ce3dd4e41e60c22a79c758614f01a6bc2469255fc936ec7b15efb9bb5cb66f?s=96&d=mm&r=g","caption":"Forbes"},"url":"https:\/\/fuentesfidedignas.com.mx\/index.php\/author\/forbes\/"}]}},"_links":{"self":[{"href":"https:\/\/fuentesfidedignas.com.mx\/index.php\/wp-json\/wp\/v2\/posts\/22711","targetHints":{"allow":["GET"]}}],"collection":[{"href":"https:\/\/fuentesfidedignas.com.mx\/index.php\/wp-json\/wp\/v2\/posts"}],"about":[{"href":"https:\/\/fuentesfidedignas.com.mx\/index.php\/wp-json\/wp\/v2\/types\/post"}],"author":[{"embeddable":true,"href":"https:\/\/fuentesfidedignas.com.mx\/index.php\/wp-json\/wp\/v2\/users\/5"}],"replies":[{"embeddable":true,"href":"https:\/\/fuentesfidedignas.com.mx\/index.php\/wp-json\/wp\/v2\/comments?post=22711"}],"version-history":[{"count":1,"href":"https:\/\/fuentesfidedignas.com.mx\/index.php\/wp-json\/wp\/v2\/posts\/22711\/revisions"}],"predecessor-version":[{"id":22713,"href":"https:\/\/fuentesfidedignas.com.mx\/index.php\/wp-json\/wp\/v2\/posts\/22711\/revisions\/22713"}],"wp:featuredmedia":[{"embeddable":true,"href":"https:\/\/fuentesfidedignas.com.mx\/index.php\/wp-json\/wp\/v2\/media\/22712"}],"wp:attachment":[{"href":"https:\/\/fuentesfidedignas.com.mx\/index.php\/wp-json\/wp\/v2\/media?parent=22711"}],"wp:term":[{"taxonomy":"category","embeddable":true,"href":"https:\/\/fuentesfidedignas.com.mx\/index.php\/wp-json\/wp\/v2\/categories?post=22711"},{"taxonomy":"post_tag","embeddable":true,"href":"https:\/\/fuentesfidedignas.com.mx\/index.php\/wp-json\/wp\/v2\/tags?post=22711"}],"curies":[{"name":"wp","href":"https:\/\/api.w.org\/{rel}","templated":true}]}}