{"id":22689,"date":"2022-01-26T17:21:42","date_gmt":"2022-01-27T00:21:42","guid":{"rendered":"https:\/\/fuentesfidedignas.com.mx\/?p=22689"},"modified":"2022-01-26T22:33:37","modified_gmt":"2022-01-27T05:33:37","slug":"muertes-por-covid-repuntan-salud-reporta-532-de-nuevo-la-cifra-mas-alta-en-la-cuarta-ola","status":"publish","type":"post","link":"https:\/\/fuentesfidedignas.com.mx\/index.php\/2022\/01\/26\/muertes-por-covid-repuntan-salud-reporta-532-de-nuevo-la-cifra-mas-alta-en-la-cuarta-ola\/","title":{"rendered":"Muertes por Covid repuntan; Salud reporta 532, de nuevo la cifra m\u00e1s alta en la cuarta ola"},"content":{"rendered":"\n<p><strong><em>La Ssa report\u00f3 532 muertes y 48,627 nuevos contagios de Covid-19; adem\u00e1s, estima una epidemia activa de 296,349 casos<\/em><\/strong><\/p>\n\n\n\n<p>Ciudad de M\u00e9xico. Por segundo d\u00eda consecutivo, la Secretar\u00eda de Salud (Ssa) report\u00f3 una cifra r\u00e9cord de muertes en la cuarta ola de Covid-19 en el pa\u00eds: 532 decesos.<\/p>\n\n\n\n<p>La cifra de ayer, 475 fallecimientos, fue la m\u00e1s alta de la ola que comenz\u00f3 a finales del a\u00f1o pasado, pero la de hoy la rebas\u00f3.<\/p>\n\n\n\n<p>La Ssa inform\u00f3 este mi\u00e9rcoles de 48,627 nuevos contagios de Covid, con los cuales se llega a un total de 4,779,296 casos, adem\u00e1s de un total de 304,308 decesos.<\/p>\n\n\n\n<p>En el marco de una cuarta ola explosiva, la pasada semana M\u00e9xico report\u00f3 sus cifras m\u00e1s altas de contagios, con un r\u00e9cord hist\u00f3rico de 60,552 el mi\u00e9rcoles y 51,368 el s\u00e1bado, adem\u00e1s de muertes diarias por encima de las 300.<\/p>\n\n\n\n<p>A partir de los contagios confirmados, la Ssa estima hay al d\u00eda hoy 296,349 casos activos por haber presentado s\u00edntomas durante los \u00faltimos 14 d\u00edas; adem\u00e1s, calcula que desde el inicio de la pandemia se han recuperado 3,853,156 personas.<\/p>\n\n\n\n<p>La ocupaci\u00f3n de camas generales en hospitales a nivel nacional se sit\u00faa en 45%, un punto porcentual m\u00e1s que ayer, y la de camas con ventilador, en 28%, dos puntos porcentuales m\u00e1s que ayer.<\/p>\n\n\n\n<p>Con la variante \u00d3micron del coronavirus arrasando en M\u00e9xico, el pa\u00eds permanece sin cerrar actividades pese a la saturaci\u00f3n de los centros de pruebas gratuitas y que suma cifras r\u00e9cord de contagios en los \u00faltimos d\u00edas.<\/p>\n\n\n\n<p>Pero a pesar de las cifras, ayer martes el subsecretario de Salud, Hugo L\u00f3pez-Gatell, afirm\u00f3 que \u201cya se empieza a ver un cambio en la tendencia y esto reduce desde luego la cantidad o el porcentaje de casos estimados que son activos\u201d.<\/p>\n\n\n\n<p>Adem\u00e1s, el funcionario destac\u00f3 que debido a la continuidad de la campa\u00f1a de vacunaci\u00f3n, en este cuarta ola de Covid-19 se ha presentado una \u201cintensidad 70% menor\u201d en ocupaci\u00f3n hospitalaria respecto a la segunda ola de contagios, que tuvo lugar a comienzos de 2021.<\/p>\n\n\n\n<p>Las Ssa tambi\u00e9n indic\u00f3 que dentro del programa de vacunaci\u00f3n contra Covid se aplicaron 530,261 dosis durante la \u00faltima jornada, con lo cual suman 161.99 millones de dosis administradas.<\/p>\n\n\n\n<p>El Gobierno de M\u00e9xico afirma que es el s\u00e9ptimo pa\u00eds que m\u00e1s dosis ha aplicado en n\u00fameros absolutos.<\/p>\n\n\n\n<p>De los 126 millones de habitantes, 83.38 millones en el pa\u00eds han recibido al menos una dosis de la vacuna, con lo que 89% de la poblaci\u00f3n de 18 a\u00f1os y m\u00e1s han recibido al menos una dosis.<\/p>\n\n\n\n<p>En tanto, 76.70 millones han completado su esquema de vacunaci\u00f3n, el 93% de las personas que han optado por inmunizarse.<\/p>\n","protected":false},"excerpt":{"rendered":"<p>La Ssa report\u00f3 532 muertes y 48,627 nuevos contagios de Covid-19; adem\u00e1s, estima una epidemia activa de 296,349 casos Ciudad de M\u00e9xico. Por segundo d\u00eda consecutivo, la Secretar\u00eda de Salud (Ssa) report\u00f3 una cifra r\u00e9cord de muertes en la cuarta ola de Covid-19 en el pa\u00eds: 532 decesos. La cifra de ayer, 475 fallecimientos, fue [&hellip;]<\/p>\n","protected":false},"author":5,"featured_media":22688,"comment_status":"open","ping_status":"open","sticky":false,"template":"","format":"standard","meta":{"tdm_status":"","tdm_grid_status":"","footnotes":""},"categories":[37],"tags":[],"class_list":{"0":"post-22689","1":"post","2":"type-post","3":"status-publish","4":"format-standard","5":"has-post-thumbnail","7":"category-nota-principal"},"yoast_head":"<!-- This site is optimized with the Yoast SEO plugin v27.4 - https:\/\/yoast.com\/product\/yoast-seo-wordpress\/ -->\n<title>Muertes por Covid repuntan; Salud reporta 532, de nuevo la cifra m\u00e1s alta en la cuarta ola - Fuentes Fidedignas<\/title>\n<meta name=\"robots\" content=\"index, follow, max-snippet:-1, max-image-preview:large, max-video-preview:-1\" \/>\n<link rel=\"canonical\" href=\"https:\/\/fuentesfidedignas.com.mx\/index.php\/2022\/01\/26\/muertes-por-covid-repuntan-salud-reporta-532-de-nuevo-la-cifra-mas-alta-en-la-cuarta-ola\/\" \/>\n<meta property=\"og:locale\" content=\"es_MX\" \/>\n<meta property=\"og:type\" content=\"article\" \/>\n<meta property=\"og:title\" content=\"Muertes por Covid repuntan; Salud reporta 532, de nuevo la cifra m\u00e1s alta en la cuarta ola - Fuentes Fidedignas\" \/>\n<meta property=\"og:description\" content=\"La Ssa report\u00f3 532 muertes y 48,627 nuevos contagios de Covid-19; adem\u00e1s, estima una epidemia activa de 296,349 casos Ciudad de M\u00e9xico. Por segundo d\u00eda consecutivo, la Secretar\u00eda de Salud (Ssa) report\u00f3 una cifra r\u00e9cord de muertes en la cuarta ola de Covid-19 en el pa\u00eds: 532 decesos. La cifra de ayer, 475 fallecimientos, fue [&hellip;]\" \/>\n<meta property=\"og:url\" content=\"https:\/\/fuentesfidedignas.com.mx\/index.php\/2022\/01\/26\/muertes-por-covid-repuntan-salud-reporta-532-de-nuevo-la-cifra-mas-alta-en-la-cuarta-ola\/\" \/>\n<meta property=\"og:site_name\" content=\"Fuentes Fidedignas\" \/>\n<meta property=\"article:publisher\" content=\"https:\/\/www.facebook.com\/Fuentes-Fidedignas-368234489921644\" \/>\n<meta property=\"article:published_time\" content=\"2022-01-27T00:21:42+00:00\" \/>\n<meta property=\"article:modified_time\" content=\"2022-01-27T05:33:37+00:00\" \/>\n<meta property=\"og:image\" content=\"https:\/\/fuentesfidedignas.com.mx\/wp-content\/uploads\/2022\/01\/image_editor_output_image732986816-1643261216328.jpg\" \/>\n\t<meta property=\"og:image:width\" content=\"787\" \/>\n\t<meta property=\"og:image:height\" content=\"474\" \/>\n\t<meta property=\"og:image:type\" content=\"image\/jpeg\" \/>\n<meta name=\"author\" content=\"Forbes\" \/>\n<meta name=\"twitter:card\" content=\"summary_large_image\" \/>\n<meta name=\"twitter:creator\" content=\"@fidedignas\" \/>\n<meta name=\"twitter:site\" content=\"@fidedignas\" \/>\n<meta name=\"twitter:label1\" content=\"Escrito por\" \/>\n\t<meta name=\"twitter:data1\" content=\"Forbes\" \/>\n\t<meta name=\"twitter:label2\" content=\"Tiempo de lectura\" \/>\n\t<meta name=\"twitter:data2\" content=\"3 minutos\" \/>\n<script type=\"application\/ld+json\" class=\"yoast-schema-graph\">{\"@context\":\"https:\\\/\\\/schema.org\",\"@graph\":[{\"@type\":\"Article\",\"@id\":\"https:\\\/\\\/fuentesfidedignas.com.mx\\\/index.php\\\/2022\\\/01\\\/26\\\/muertes-por-covid-repuntan-salud-reporta-532-de-nuevo-la-cifra-mas-alta-en-la-cuarta-ola\\\/#article\",\"isPartOf\":{\"@id\":\"https:\\\/\\\/fuentesfidedignas.com.mx\\\/index.php\\\/2022\\\/01\\\/26\\\/muertes-por-covid-repuntan-salud-reporta-532-de-nuevo-la-cifra-mas-alta-en-la-cuarta-ola\\\/\"},\"author\":{\"name\":\"Forbes\",\"@id\":\"https:\\\/\\\/fuentesfidedignas.com.mx\\\/#\\\/schema\\\/person\\\/5623d53fe2e579d825b1679734abcc44\"},\"headline\":\"Muertes por Covid repuntan; Salud reporta 532, de nuevo la cifra m\u00e1s alta en la cuarta ola\",\"datePublished\":\"2022-01-27T00:21:42+00:00\",\"dateModified\":\"2022-01-27T05:33:37+00:00\",\"mainEntityOfPage\":{\"@id\":\"https:\\\/\\\/fuentesfidedignas.com.mx\\\/index.php\\\/2022\\\/01\\\/26\\\/muertes-por-covid-repuntan-salud-reporta-532-de-nuevo-la-cifra-mas-alta-en-la-cuarta-ola\\\/\"},\"wordCount\":481,\"commentCount\":0,\"publisher\":{\"@id\":\"https:\\\/\\\/fuentesfidedignas.com.mx\\\/#organization\"},\"image\":{\"@id\":\"https:\\\/\\\/fuentesfidedignas.com.mx\\\/index.php\\\/2022\\\/01\\\/26\\\/muertes-por-covid-repuntan-salud-reporta-532-de-nuevo-la-cifra-mas-alta-en-la-cuarta-ola\\\/#primaryimage\"},\"thumbnailUrl\":\"https:\\\/\\\/fuentesfidedignas.com.mx\\\/wp-content\\\/uploads\\\/2022\\\/01\\\/image_editor_output_image732986816-1643261216328.jpg\",\"articleSection\":[\"NOTA PRINCIPAL\"],\"inLanguage\":\"es\",\"potentialAction\":[{\"@type\":\"CommentAction\",\"name\":\"Comment\",\"target\":[\"https:\\\/\\\/fuentesfidedignas.com.mx\\\/index.php\\\/2022\\\/01\\\/26\\\/muertes-por-covid-repuntan-salud-reporta-532-de-nuevo-la-cifra-mas-alta-en-la-cuarta-ola\\\/#respond\"]}]},{\"@type\":\"WebPage\",\"@id\":\"https:\\\/\\\/fuentesfidedignas.com.mx\\\/index.php\\\/2022\\\/01\\\/26\\\/muertes-por-covid-repuntan-salud-reporta-532-de-nuevo-la-cifra-mas-alta-en-la-cuarta-ola\\\/\",\"url\":\"https:\\\/\\\/fuentesfidedignas.com.mx\\\/index.php\\\/2022\\\/01\\\/26\\\/muertes-por-covid-repuntan-salud-reporta-532-de-nuevo-la-cifra-mas-alta-en-la-cuarta-ola\\\/\",\"name\":\"Muertes por Covid repuntan; Salud reporta 532, de nuevo la cifra m\u00e1s alta en la cuarta ola - Fuentes Fidedignas\",\"isPartOf\":{\"@id\":\"https:\\\/\\\/fuentesfidedignas.com.mx\\\/#website\"},\"primaryImageOfPage\":{\"@id\":\"https:\\\/\\\/fuentesfidedignas.com.mx\\\/index.php\\\/2022\\\/01\\\/26\\\/muertes-por-covid-repuntan-salud-reporta-532-de-nuevo-la-cifra-mas-alta-en-la-cuarta-ola\\\/#primaryimage\"},\"image\":{\"@id\":\"https:\\\/\\\/fuentesfidedignas.com.mx\\\/index.php\\\/2022\\\/01\\\/26\\\/muertes-por-covid-repuntan-salud-reporta-532-de-nuevo-la-cifra-mas-alta-en-la-cuarta-ola\\\/#primaryimage\"},\"thumbnailUrl\":\"https:\\\/\\\/fuentesfidedignas.com.mx\\\/wp-content\\\/uploads\\\/2022\\\/01\\\/image_editor_output_image732986816-1643261216328.jpg\",\"datePublished\":\"2022-01-27T00:21:42+00:00\",\"dateModified\":\"2022-01-27T05:33:37+00:00\",\"breadcrumb\":{\"@id\":\"https:\\\/\\\/fuentesfidedignas.com.mx\\\/index.php\\\/2022\\\/01\\\/26\\\/muertes-por-covid-repuntan-salud-reporta-532-de-nuevo-la-cifra-mas-alta-en-la-cuarta-ola\\\/#breadcrumb\"},\"inLanguage\":\"es\",\"potentialAction\":[{\"@type\":\"ReadAction\",\"target\":[\"https:\\\/\\\/fuentesfidedignas.com.mx\\\/index.php\\\/2022\\\/01\\\/26\\\/muertes-por-covid-repuntan-salud-reporta-532-de-nuevo-la-cifra-mas-alta-en-la-cuarta-ola\\\/\"]}]},{\"@type\":\"ImageObject\",\"inLanguage\":\"es\",\"@id\":\"https:\\\/\\\/fuentesfidedignas.com.mx\\\/index.php\\\/2022\\\/01\\\/26\\\/muertes-por-covid-repuntan-salud-reporta-532-de-nuevo-la-cifra-mas-alta-en-la-cuarta-ola\\\/#primaryimage\",\"url\":\"https:\\\/\\\/fuentesfidedignas.com.mx\\\/wp-content\\\/uploads\\\/2022\\\/01\\\/image_editor_output_image732986816-1643261216328.jpg\",\"contentUrl\":\"https:\\\/\\\/fuentesfidedignas.com.mx\\\/wp-content\\\/uploads\\\/2022\\\/01\\\/image_editor_output_image732986816-1643261216328.jpg\",\"width\":787,\"height\":474},{\"@type\":\"BreadcrumbList\",\"@id\":\"https:\\\/\\\/fuentesfidedignas.com.mx\\\/index.php\\\/2022\\\/01\\\/26\\\/muertes-por-covid-repuntan-salud-reporta-532-de-nuevo-la-cifra-mas-alta-en-la-cuarta-ola\\\/#breadcrumb\",\"itemListElement\":[{\"@type\":\"ListItem\",\"position\":1,\"name\":\"Inicio\",\"item\":\"https:\\\/\\\/fuentesfidedignas.com.mx\\\/\"},{\"@type\":\"ListItem\",\"position\":2,\"name\":\"Muertes por Covid repuntan; Salud reporta 532, de nuevo la cifra m\u00e1s alta en la cuarta ola\"}]},{\"@type\":\"WebSite\",\"@id\":\"https:\\\/\\\/fuentesfidedignas.com.mx\\\/#website\",\"url\":\"https:\\\/\\\/fuentesfidedignas.com.mx\\\/\",\"name\":\"Fuentes Fidedignas\",\"description\":\"Otro sitio realizado con WordPress\",\"publisher\":{\"@id\":\"https:\\\/\\\/fuentesfidedignas.com.mx\\\/#organization\"},\"potentialAction\":[{\"@type\":\"SearchAction\",\"target\":{\"@type\":\"EntryPoint\",\"urlTemplate\":\"https:\\\/\\\/fuentesfidedignas.com.mx\\\/?s={search_term_string}\"},\"query-input\":{\"@type\":\"PropertyValueSpecification\",\"valueRequired\":true,\"valueName\":\"search_term_string\"}}],\"inLanguage\":\"es\"},{\"@type\":\"Organization\",\"@id\":\"https:\\\/\\\/fuentesfidedignas.com.mx\\\/#organization\",\"name\":\"Fuentes Fidedignas\",\"url\":\"https:\\\/\\\/fuentesfidedignas.com.mx\\\/\",\"logo\":{\"@type\":\"ImageObject\",\"inLanguage\":\"es\",\"@id\":\"https:\\\/\\\/fuentesfidedignas.com.mx\\\/#\\\/schema\\\/logo\\\/image\\\/\",\"url\":\"https:\\\/\\\/fuentesfidedignas.com.mx\\\/wp-content\\\/uploads\\\/2021\\\/04\\\/logo-retina.png\",\"contentUrl\":\"https:\\\/\\\/fuentesfidedignas.com.mx\\\/wp-content\\\/uploads\\\/2021\\\/04\\\/logo-retina.png\",\"width\":280,\"height\":51,\"caption\":\"Fuentes Fidedignas\"},\"image\":{\"@id\":\"https:\\\/\\\/fuentesfidedignas.com.mx\\\/#\\\/schema\\\/logo\\\/image\\\/\"},\"sameAs\":[\"https:\\\/\\\/www.facebook.com\\\/Fuentes-Fidedignas-368234489921644\",\"https:\\\/\\\/x.com\\\/fidedignas\"]},{\"@type\":\"Person\",\"@id\":\"https:\\\/\\\/fuentesfidedignas.com.mx\\\/#\\\/schema\\\/person\\\/5623d53fe2e579d825b1679734abcc44\",\"name\":\"Forbes\",\"image\":{\"@type\":\"ImageObject\",\"inLanguage\":\"es\",\"@id\":\"https:\\\/\\\/secure.gravatar.com\\\/avatar\\\/87ce3dd4e41e60c22a79c758614f01a6bc2469255fc936ec7b15efb9bb5cb66f?s=96&d=mm&r=g\",\"url\":\"https:\\\/\\\/secure.gravatar.com\\\/avatar\\\/87ce3dd4e41e60c22a79c758614f01a6bc2469255fc936ec7b15efb9bb5cb66f?s=96&d=mm&r=g\",\"contentUrl\":\"https:\\\/\\\/secure.gravatar.com\\\/avatar\\\/87ce3dd4e41e60c22a79c758614f01a6bc2469255fc936ec7b15efb9bb5cb66f?s=96&d=mm&r=g\",\"caption\":\"Forbes\"},\"url\":\"https:\\\/\\\/fuentesfidedignas.com.mx\\\/index.php\\\/author\\\/forbes\\\/\"}]}<\/script>\n<!-- \/ Yoast SEO plugin. -->","yoast_head_json":{"title":"Muertes por Covid repuntan; Salud reporta 532, de nuevo la cifra m\u00e1s alta en la cuarta ola - Fuentes Fidedignas","robots":{"index":"index","follow":"follow","max-snippet":"max-snippet:-1","max-image-preview":"max-image-preview:large","max-video-preview":"max-video-preview:-1"},"canonical":"https:\/\/fuentesfidedignas.com.mx\/index.php\/2022\/01\/26\/muertes-por-covid-repuntan-salud-reporta-532-de-nuevo-la-cifra-mas-alta-en-la-cuarta-ola\/","og_locale":"es_MX","og_type":"article","og_title":"Muertes por Covid repuntan; Salud reporta 532, de nuevo la cifra m\u00e1s alta en la cuarta ola - Fuentes Fidedignas","og_description":"La Ssa report\u00f3 532 muertes y 48,627 nuevos contagios de Covid-19; adem\u00e1s, estima una epidemia activa de 296,349 casos Ciudad de M\u00e9xico. Por segundo d\u00eda consecutivo, la Secretar\u00eda de Salud (Ssa) report\u00f3 una cifra r\u00e9cord de muertes en la cuarta ola de Covid-19 en el pa\u00eds: 532 decesos. La cifra de ayer, 475 fallecimientos, fue [&hellip;]","og_url":"https:\/\/fuentesfidedignas.com.mx\/index.php\/2022\/01\/26\/muertes-por-covid-repuntan-salud-reporta-532-de-nuevo-la-cifra-mas-alta-en-la-cuarta-ola\/","og_site_name":"Fuentes Fidedignas","article_publisher":"https:\/\/www.facebook.com\/Fuentes-Fidedignas-368234489921644","article_published_time":"2022-01-27T00:21:42+00:00","article_modified_time":"2022-01-27T05:33:37+00:00","og_image":[{"width":787,"height":474,"url":"https:\/\/fuentesfidedignas.com.mx\/wp-content\/uploads\/2022\/01\/image_editor_output_image732986816-1643261216328.jpg","type":"image\/jpeg"}],"author":"Forbes","twitter_card":"summary_large_image","twitter_creator":"@fidedignas","twitter_site":"@fidedignas","twitter_misc":{"Escrito por":"Forbes","Tiempo de lectura":"3 minutos"},"schema":{"@context":"https:\/\/schema.org","@graph":[{"@type":"Article","@id":"https:\/\/fuentesfidedignas.com.mx\/index.php\/2022\/01\/26\/muertes-por-covid-repuntan-salud-reporta-532-de-nuevo-la-cifra-mas-alta-en-la-cuarta-ola\/#article","isPartOf":{"@id":"https:\/\/fuentesfidedignas.com.mx\/index.php\/2022\/01\/26\/muertes-por-covid-repuntan-salud-reporta-532-de-nuevo-la-cifra-mas-alta-en-la-cuarta-ola\/"},"author":{"name":"Forbes","@id":"https:\/\/fuentesfidedignas.com.mx\/#\/schema\/person\/5623d53fe2e579d825b1679734abcc44"},"headline":"Muertes por Covid repuntan; Salud reporta 532, de nuevo la cifra m\u00e1s alta en la cuarta ola","datePublished":"2022-01-27T00:21:42+00:00","dateModified":"2022-01-27T05:33:37+00:00","mainEntityOfPage":{"@id":"https:\/\/fuentesfidedignas.com.mx\/index.php\/2022\/01\/26\/muertes-por-covid-repuntan-salud-reporta-532-de-nuevo-la-cifra-mas-alta-en-la-cuarta-ola\/"},"wordCount":481,"commentCount":0,"publisher":{"@id":"https:\/\/fuentesfidedignas.com.mx\/#organization"},"image":{"@id":"https:\/\/fuentesfidedignas.com.mx\/index.php\/2022\/01\/26\/muertes-por-covid-repuntan-salud-reporta-532-de-nuevo-la-cifra-mas-alta-en-la-cuarta-ola\/#primaryimage"},"thumbnailUrl":"https:\/\/fuentesfidedignas.com.mx\/wp-content\/uploads\/2022\/01\/image_editor_output_image732986816-1643261216328.jpg","articleSection":["NOTA PRINCIPAL"],"inLanguage":"es","potentialAction":[{"@type":"CommentAction","name":"Comment","target":["https:\/\/fuentesfidedignas.com.mx\/index.php\/2022\/01\/26\/muertes-por-covid-repuntan-salud-reporta-532-de-nuevo-la-cifra-mas-alta-en-la-cuarta-ola\/#respond"]}]},{"@type":"WebPage","@id":"https:\/\/fuentesfidedignas.com.mx\/index.php\/2022\/01\/26\/muertes-por-covid-repuntan-salud-reporta-532-de-nuevo-la-cifra-mas-alta-en-la-cuarta-ola\/","url":"https:\/\/fuentesfidedignas.com.mx\/index.php\/2022\/01\/26\/muertes-por-covid-repuntan-salud-reporta-532-de-nuevo-la-cifra-mas-alta-en-la-cuarta-ola\/","name":"Muertes por Covid repuntan; Salud reporta 532, de nuevo la cifra m\u00e1s alta en la cuarta ola - Fuentes Fidedignas","isPartOf":{"@id":"https:\/\/fuentesfidedignas.com.mx\/#website"},"primaryImageOfPage":{"@id":"https:\/\/fuentesfidedignas.com.mx\/index.php\/2022\/01\/26\/muertes-por-covid-repuntan-salud-reporta-532-de-nuevo-la-cifra-mas-alta-en-la-cuarta-ola\/#primaryimage"},"image":{"@id":"https:\/\/fuentesfidedignas.com.mx\/index.php\/2022\/01\/26\/muertes-por-covid-repuntan-salud-reporta-532-de-nuevo-la-cifra-mas-alta-en-la-cuarta-ola\/#primaryimage"},"thumbnailUrl":"https:\/\/fuentesfidedignas.com.mx\/wp-content\/uploads\/2022\/01\/image_editor_output_image732986816-1643261216328.jpg","datePublished":"2022-01-27T00:21:42+00:00","dateModified":"2022-01-27T05:33:37+00:00","breadcrumb":{"@id":"https:\/\/fuentesfidedignas.com.mx\/index.php\/2022\/01\/26\/muertes-por-covid-repuntan-salud-reporta-532-de-nuevo-la-cifra-mas-alta-en-la-cuarta-ola\/#breadcrumb"},"inLanguage":"es","potentialAction":[{"@type":"ReadAction","target":["https:\/\/fuentesfidedignas.com.mx\/index.php\/2022\/01\/26\/muertes-por-covid-repuntan-salud-reporta-532-de-nuevo-la-cifra-mas-alta-en-la-cuarta-ola\/"]}]},{"@type":"ImageObject","inLanguage":"es","@id":"https:\/\/fuentesfidedignas.com.mx\/index.php\/2022\/01\/26\/muertes-por-covid-repuntan-salud-reporta-532-de-nuevo-la-cifra-mas-alta-en-la-cuarta-ola\/#primaryimage","url":"https:\/\/fuentesfidedignas.com.mx\/wp-content\/uploads\/2022\/01\/image_editor_output_image732986816-1643261216328.jpg","contentUrl":"https:\/\/fuentesfidedignas.com.mx\/wp-content\/uploads\/2022\/01\/image_editor_output_image732986816-1643261216328.jpg","width":787,"height":474},{"@type":"BreadcrumbList","@id":"https:\/\/fuentesfidedignas.com.mx\/index.php\/2022\/01\/26\/muertes-por-covid-repuntan-salud-reporta-532-de-nuevo-la-cifra-mas-alta-en-la-cuarta-ola\/#breadcrumb","itemListElement":[{"@type":"ListItem","position":1,"name":"Inicio","item":"https:\/\/fuentesfidedignas.com.mx\/"},{"@type":"ListItem","position":2,"name":"Muertes por Covid repuntan; Salud reporta 532, de nuevo la cifra m\u00e1s alta en la cuarta ola"}]},{"@type":"WebSite","@id":"https:\/\/fuentesfidedignas.com.mx\/#website","url":"https:\/\/fuentesfidedignas.com.mx\/","name":"Fuentes Fidedignas","description":"Otro sitio realizado con WordPress","publisher":{"@id":"https:\/\/fuentesfidedignas.com.mx\/#organization"},"potentialAction":[{"@type":"SearchAction","target":{"@type":"EntryPoint","urlTemplate":"https:\/\/fuentesfidedignas.com.mx\/?s={search_term_string}"},"query-input":{"@type":"PropertyValueSpecification","valueRequired":true,"valueName":"search_term_string"}}],"inLanguage":"es"},{"@type":"Organization","@id":"https:\/\/fuentesfidedignas.com.mx\/#organization","name":"Fuentes Fidedignas","url":"https:\/\/fuentesfidedignas.com.mx\/","logo":{"@type":"ImageObject","inLanguage":"es","@id":"https:\/\/fuentesfidedignas.com.mx\/#\/schema\/logo\/image\/","url":"https:\/\/fuentesfidedignas.com.mx\/wp-content\/uploads\/2021\/04\/logo-retina.png","contentUrl":"https:\/\/fuentesfidedignas.com.mx\/wp-content\/uploads\/2021\/04\/logo-retina.png","width":280,"height":51,"caption":"Fuentes Fidedignas"},"image":{"@id":"https:\/\/fuentesfidedignas.com.mx\/#\/schema\/logo\/image\/"},"sameAs":["https:\/\/www.facebook.com\/Fuentes-Fidedignas-368234489921644","https:\/\/x.com\/fidedignas"]},{"@type":"Person","@id":"https:\/\/fuentesfidedignas.com.mx\/#\/schema\/person\/5623d53fe2e579d825b1679734abcc44","name":"Forbes","image":{"@type":"ImageObject","inLanguage":"es","@id":"https:\/\/secure.gravatar.com\/avatar\/87ce3dd4e41e60c22a79c758614f01a6bc2469255fc936ec7b15efb9bb5cb66f?s=96&d=mm&r=g","url":"https:\/\/secure.gravatar.com\/avatar\/87ce3dd4e41e60c22a79c758614f01a6bc2469255fc936ec7b15efb9bb5cb66f?s=96&d=mm&r=g","contentUrl":"https:\/\/secure.gravatar.com\/avatar\/87ce3dd4e41e60c22a79c758614f01a6bc2469255fc936ec7b15efb9bb5cb66f?s=96&d=mm&r=g","caption":"Forbes"},"url":"https:\/\/fuentesfidedignas.com.mx\/index.php\/author\/forbes\/"}]}},"_links":{"self":[{"href":"https:\/\/fuentesfidedignas.com.mx\/index.php\/wp-json\/wp\/v2\/posts\/22689","targetHints":{"allow":["GET"]}}],"collection":[{"href":"https:\/\/fuentesfidedignas.com.mx\/index.php\/wp-json\/wp\/v2\/posts"}],"about":[{"href":"https:\/\/fuentesfidedignas.com.mx\/index.php\/wp-json\/wp\/v2\/types\/post"}],"author":[{"embeddable":true,"href":"https:\/\/fuentesfidedignas.com.mx\/index.php\/wp-json\/wp\/v2\/users\/5"}],"replies":[{"embeddable":true,"href":"https:\/\/fuentesfidedignas.com.mx\/index.php\/wp-json\/wp\/v2\/comments?post=22689"}],"version-history":[{"count":1,"href":"https:\/\/fuentesfidedignas.com.mx\/index.php\/wp-json\/wp\/v2\/posts\/22689\/revisions"}],"predecessor-version":[{"id":22690,"href":"https:\/\/fuentesfidedignas.com.mx\/index.php\/wp-json\/wp\/v2\/posts\/22689\/revisions\/22690"}],"wp:featuredmedia":[{"embeddable":true,"href":"https:\/\/fuentesfidedignas.com.mx\/index.php\/wp-json\/wp\/v2\/media\/22688"}],"wp:attachment":[{"href":"https:\/\/fuentesfidedignas.com.mx\/index.php\/wp-json\/wp\/v2\/media?parent=22689"}],"wp:term":[{"taxonomy":"category","embeddable":true,"href":"https:\/\/fuentesfidedignas.com.mx\/index.php\/wp-json\/wp\/v2\/categories?post=22689"},{"taxonomy":"post_tag","embeddable":true,"href":"https:\/\/fuentesfidedignas.com.mx\/index.php\/wp-json\/wp\/v2\/tags?post=22689"}],"curies":[{"name":"wp","href":"https:\/\/api.w.org\/{rel}","templated":true}]}}