{"id":22668,"date":"2022-01-26T16:53:07","date_gmt":"2022-01-26T23:53:07","guid":{"rendered":"https:\/\/fuentesfidedignas.com.mx\/?p=22668"},"modified":"2022-01-26T16:59:48","modified_gmt":"2022-01-26T23:59:48","slug":"inauguran-la-plataforma-digital-incubate-mx-para-emprendedores","status":"publish","type":"post","link":"https:\/\/fuentesfidedignas.com.mx\/index.php\/2022\/01\/26\/inauguran-la-plataforma-digital-incubate-mx-para-emprendedores\/","title":{"rendered":"Inauguran la plataforma digital Inc\u00fabate MX para emprendedores"},"content":{"rendered":"\n<p><strong><em>*Se trata de una herramienta digital donde los emprendedores encontrar\u00e1n asesor\u00eda y canales de financiamiento para sus proyectos<\/em><\/strong><\/p>\n\n\n\n<p>Culiac\u00e1n, Sin.- Al lanzar la plataforma digital Inc\u00fabate MX, el gobernador Rub\u00e9n Rocha Moya asegur\u00f3 que Sinaloa es un estado de oportunidades, y para promover el establecimiento de nuevas empresas, su gobierno se har\u00e1 socio de los emprendedores y microempresarios, para que logren concretar sus proyectos de negocios, y con ello contribuir al desarrollo econ\u00f3mico mediante la generaci\u00f3n de m\u00e1s empleos.<\/p>\n\n\n\n<p>Desde el Centro de Ciencias de Sinaloa, el mandatario estatal puso en marcha de manera formal este programa de la Secretar\u00eda de Econom\u00eda, que consiste en una plataforma digital donde cualquier persona que tenga la idea de empezar un negocio, sin importar su tama\u00f1o, podr\u00e1 encontrar asesor\u00eda y ser canalizado a las redes de inversi\u00f3n y de recursos p\u00fablicos de la Red FOSIN.<\/p>\n\n\n\n<figure class=\"wp-block-image size-large\"><img decoding=\"async\" width=\"1280\" height=\"853\" src=\"https:\/\/fuentesfidedignas.com.mx\/wp-content\/uploads\/2022\/01\/8d0343b8-3666-46f4-98a6-03c27350cbcd.jpg\" alt=\"\" class=\"wp-image-22670\" srcset=\"https:\/\/fuentesfidedignas.com.mx\/wp-content\/uploads\/2022\/01\/8d0343b8-3666-46f4-98a6-03c27350cbcd.jpg 1280w, https:\/\/fuentesfidedignas.com.mx\/wp-content\/uploads\/2022\/01\/8d0343b8-3666-46f4-98a6-03c27350cbcd-300x200.jpg 300w, https:\/\/fuentesfidedignas.com.mx\/wp-content\/uploads\/2022\/01\/8d0343b8-3666-46f4-98a6-03c27350cbcd-1024x682.jpg 1024w, https:\/\/fuentesfidedignas.com.mx\/wp-content\/uploads\/2022\/01\/8d0343b8-3666-46f4-98a6-03c27350cbcd-768x512.jpg 768w\" sizes=\"(max-width: 1280px) 100vw, 1280px\" \/><\/figure>\n\n\n\n<p>Cabe destacar que tan s\u00f3lo en el primer d\u00eda de aperturado el portal <a href=\"http:\/\/www.incubate.mx\">www.incubate.mx<\/a> ya se tienen registrados 200 proyectos productivos de varios municipios del estado, como Angostura, Escuinapa, Mocorito, Choix, adem\u00e1s de las grandes ciudades de Mazatl\u00e1n, Los Mochis y Culiac\u00e1n.<\/p>\n\n\n\n<p>\u201cSinaloa es un estado de oportunidades, y nos vamos a hacer socios de los emprendedores nosotros como gobierno porque los vamos a apoyar de entrada, vamos a trabajar no solamente el tema del asesoramiento, porque hay \u00e1reas de oportunidades que no se est\u00e1n explorando debidamente con ellos. Ah\u00ed es importante asistirlos, por lo tanto vamos a convertirlos a trav\u00e9s de Red FOSIN y de otros instrumentos financieros, pero tambi\u00e9n con asesor\u00eda tecnol\u00f3gica que es fundamental\u201d, dijo el mandatario estatal en su mensaje.<\/p>\n\n\n\n<p>El gobernador Rocha consider\u00f3 que las mipymes (micros, peque\u00f1as y medianas empresas) son la base del desarrollo econ\u00f3mico del estado, y pueden convertirse tambi\u00e9n en las proveedoras de las grandes empresas ya establecidas, algo que promueve su gobierno, como ya lo est\u00e1 haciendo con los peque\u00f1os industriales muebleros de Concordia, para que coloquen sus productos en Coppel, dijo el mandatario al aprovechar la asistencia al evento del presidente de este grupo, Agust\u00edn Coppel Luken.<\/p>\n\n\n\n<p>\u201cYo ya lo he platicado con Agust\u00edn, las grandes empresas que ellos tienen necesitan tener proveedur\u00eda local, y ya supe que hablaron con los muebleros de Concordia; por supuesto, necesitamos que nuestros proveedores tengan la capacidad de poder producir lo que las empresas grandes requieren y empresas como Coppel, y otras que tenemos aqu\u00ed, son nuestro orgullo porque representan tambi\u00e9n un ejemplo de emprendedurismo, vienen de abajo, y entonces as\u00ed queremos que se haga a partir de este programa Inc\u00fabate MX\u201d, a\u00f1adi\u00f3.<\/p>\n\n\n\n<figure class=\"wp-block-image size-large\"><img decoding=\"async\" width=\"1280\" height=\"853\" src=\"https:\/\/fuentesfidedignas.com.mx\/wp-content\/uploads\/2022\/01\/126b9c53-3860-4bf7-a247-858d684f108f.jpg\" alt=\"\" class=\"wp-image-22671\" srcset=\"https:\/\/fuentesfidedignas.com.mx\/wp-content\/uploads\/2022\/01\/126b9c53-3860-4bf7-a247-858d684f108f.jpg 1280w, https:\/\/fuentesfidedignas.com.mx\/wp-content\/uploads\/2022\/01\/126b9c53-3860-4bf7-a247-858d684f108f-300x200.jpg 300w, https:\/\/fuentesfidedignas.com.mx\/wp-content\/uploads\/2022\/01\/126b9c53-3860-4bf7-a247-858d684f108f-1024x682.jpg 1024w, https:\/\/fuentesfidedignas.com.mx\/wp-content\/uploads\/2022\/01\/126b9c53-3860-4bf7-a247-858d684f108f-768x512.jpg 768w\" sizes=\"(max-width: 1280px) 100vw, 1280px\" \/><\/figure>\n\n\n\n<p>A su vez, al hablar a nombre del sector empresarial, Agust\u00edn Coppel Luken reconoci\u00f3 que este trabajo que realiza el gobierno de Rub\u00e9n Rocha Moya, de promover la iniciativa empresarial desde la base es muy importante, as\u00ed como tambi\u00e9n este tipo de plataformas tecnol\u00f3gicas que le ayudan al microempresario que va empezando para ser sujetos a financiamiento, pues mencion\u00f3 que en todo inicio de una empresa es dif\u00edcil conseguir cr\u00e9dito bancario, pero para eso est\u00e1n los apoyos aqu\u00ed expuestos como Red FOSIN que impulsan el emprendedurismo.<\/p>\n\n\n\n<p>Por su parte, el secretario de Econom\u00eda, Javier Gaxiola Coppel, dio a conocer que <a href=\"http:\/\/www.incubate.mx\">www.incubate.mx<\/a> es el resultado de ideas creativas para crear nuevos caminos que logren un desarrollo econ\u00f3mico incluyente y con sentido social.<\/p>\n\n\n\n<p>Destac\u00f3 que esta plataforma puede ser aprovechada por cualquier persona, desde quienes nada m\u00e1s tienen la idea de hacer un negocio, los que ya son microempresarios, o por quienes se autoemplean y trabajan por su cuenta, los llamados \u201cfreelancers\u201d, quienes recibir\u00e1n la asesor\u00eda de mentores de grandes empresas de M\u00e9xico, y del extranjero, ya que tambi\u00e9n participan en este portal empresas de Chile, Argentina, Espa\u00f1a, Ecuador y Guatemala.<\/p>\n\n\n\n<p>\u201cInvito a la comunidad emprendedora para que participe y aproveche esta plataforma; \u00e9sta es una de las m\u00faltiples iniciativas que impulsaremos desde la Secretar\u00eda de Econom\u00eda para provocar la creaci\u00f3n de m\u00e1s y mejores empresas, que como consecuencia, dar\u00e1n un incremento en la calidad y la cantidad de empleos\u201d, concluy\u00f3.<\/p>\n","protected":false},"excerpt":{"rendered":"<p>*Se trata de una herramienta digital donde los emprendedores encontrar\u00e1n asesor\u00eda y canales de financiamiento para sus proyectos Culiac\u00e1n, Sin.- Al lanzar la plataforma digital Inc\u00fabate MX, el gobernador Rub\u00e9n Rocha Moya asegur\u00f3 que Sinaloa es un estado de oportunidades, y para promover el establecimiento de nuevas empresas, su gobierno se har\u00e1 socio de los [&hellip;]<\/p>\n","protected":false},"author":4,"featured_media":22667,"comment_status":"open","ping_status":"open","sticky":false,"template":"","format":"standard","meta":{"tdm_status":"","tdm_grid_status":"","footnotes":""},"categories":[37],"tags":[1574,713,52,714],"class_list":{"0":"post-22668","1":"post","2":"type-post","3":"status-publish","4":"format-standard","5":"has-post-thumbnail","7":"category-nota-principal","8":"tag-gobierno-de-sinaloa","9":"tag-gobierno-del-estado-de-sinaloa","10":"tag-ruben-rocha-moya","11":"tag-secretaria-de-economia"},"yoast_head":"<!-- This site is optimized with the Yoast SEO plugin v27.5 - https:\/\/yoast.com\/product\/yoast-seo-wordpress\/ -->\n<title>Inauguran la plataforma digital Inc\u00fabate MX para emprendedores - Fuentes Fidedignas<\/title>\n<meta name=\"robots\" content=\"index, follow, max-snippet:-1, max-image-preview:large, max-video-preview:-1\" \/>\n<link rel=\"canonical\" href=\"https:\/\/fuentesfidedignas.com.mx\/index.php\/2022\/01\/26\/inauguran-la-plataforma-digital-incubate-mx-para-emprendedores\/\" \/>\n<meta property=\"og:locale\" content=\"es_MX\" \/>\n<meta property=\"og:type\" content=\"article\" \/>\n<meta property=\"og:title\" content=\"Inauguran la plataforma digital Inc\u00fabate MX para emprendedores - Fuentes Fidedignas\" \/>\n<meta property=\"og:description\" content=\"*Se trata de una herramienta digital donde los emprendedores encontrar\u00e1n asesor\u00eda y canales de financiamiento para sus proyectos Culiac\u00e1n, Sin.- Al lanzar la plataforma digital Inc\u00fabate MX, el gobernador Rub\u00e9n Rocha Moya asegur\u00f3 que Sinaloa es un estado de oportunidades, y para promover el establecimiento de nuevas empresas, su gobierno se har\u00e1 socio de los [&hellip;]\" \/>\n<meta property=\"og:url\" content=\"https:\/\/fuentesfidedignas.com.mx\/index.php\/2022\/01\/26\/inauguran-la-plataforma-digital-incubate-mx-para-emprendedores\/\" \/>\n<meta property=\"og:site_name\" content=\"Fuentes Fidedignas\" \/>\n<meta property=\"article:publisher\" content=\"https:\/\/www.facebook.com\/Fuentes-Fidedignas-368234489921644\" \/>\n<meta property=\"article:published_time\" content=\"2022-01-26T23:53:07+00:00\" \/>\n<meta property=\"article:modified_time\" content=\"2022-01-26T23:59:48+00:00\" \/>\n<meta property=\"og:image\" content=\"https:\/\/fuentesfidedignas.com.mx\/wp-content\/uploads\/2022\/01\/253771af-08bd-4f68-8d29-d9f75689ad19.jpg\" \/>\n\t<meta property=\"og:image:width\" content=\"1280\" \/>\n\t<meta property=\"og:image:height\" content=\"853\" \/>\n\t<meta property=\"og:image:type\" content=\"image\/jpeg\" \/>\n<meta name=\"author\" content=\"Redacci\u00f3n\" \/>\n<meta name=\"twitter:card\" content=\"summary_large_image\" \/>\n<meta name=\"twitter:creator\" content=\"@fidedignas\" \/>\n<meta name=\"twitter:site\" content=\"@fidedignas\" \/>\n<meta name=\"twitter:label1\" content=\"Escrito por\" \/>\n\t<meta name=\"twitter:data1\" content=\"Redacci\u00f3n\" \/>\n\t<meta name=\"twitter:label2\" content=\"Tiempo de lectura\" \/>\n\t<meta name=\"twitter:data2\" content=\"4 minutos\" \/>\n<script type=\"application\/ld+json\" class=\"yoast-schema-graph\">{\"@context\":\"https:\\\/\\\/schema.org\",\"@graph\":[{\"@type\":\"Article\",\"@id\":\"https:\\\/\\\/fuentesfidedignas.com.mx\\\/index.php\\\/2022\\\/01\\\/26\\\/inauguran-la-plataforma-digital-incubate-mx-para-emprendedores\\\/#article\",\"isPartOf\":{\"@id\":\"https:\\\/\\\/fuentesfidedignas.com.mx\\\/index.php\\\/2022\\\/01\\\/26\\\/inauguran-la-plataforma-digital-incubate-mx-para-emprendedores\\\/\"},\"author\":{\"name\":\"Redacci\u00f3n\",\"@id\":\"https:\\\/\\\/fuentesfidedignas.com.mx\\\/#\\\/schema\\\/person\\\/331be9283d37198e2acd5750279085b0\"},\"headline\":\"Inauguran la plataforma digital Inc\u00fabate MX para emprendedores\",\"datePublished\":\"2022-01-26T23:53:07+00:00\",\"dateModified\":\"2022-01-26T23:59:48+00:00\",\"mainEntityOfPage\":{\"@id\":\"https:\\\/\\\/fuentesfidedignas.com.mx\\\/index.php\\\/2022\\\/01\\\/26\\\/inauguran-la-plataforma-digital-incubate-mx-para-emprendedores\\\/\"},\"wordCount\":729,\"commentCount\":0,\"publisher\":{\"@id\":\"https:\\\/\\\/fuentesfidedignas.com.mx\\\/#organization\"},\"image\":{\"@id\":\"https:\\\/\\\/fuentesfidedignas.com.mx\\\/index.php\\\/2022\\\/01\\\/26\\\/inauguran-la-plataforma-digital-incubate-mx-para-emprendedores\\\/#primaryimage\"},\"thumbnailUrl\":\"https:\\\/\\\/fuentesfidedignas.com.mx\\\/wp-content\\\/uploads\\\/2022\\\/01\\\/253771af-08bd-4f68-8d29-d9f75689ad19.jpg\",\"keywords\":[\"Gobierno de Sinaloa\",\"Gobierno del Estado de Sinaloa\",\"Rub\u00e9n Rocha Moya\",\"Secretar\u00eda de Econom\u00eda\"],\"articleSection\":[\"NOTA PRINCIPAL\"],\"inLanguage\":\"es\",\"potentialAction\":[{\"@type\":\"CommentAction\",\"name\":\"Comment\",\"target\":[\"https:\\\/\\\/fuentesfidedignas.com.mx\\\/index.php\\\/2022\\\/01\\\/26\\\/inauguran-la-plataforma-digital-incubate-mx-para-emprendedores\\\/#respond\"]}]},{\"@type\":\"WebPage\",\"@id\":\"https:\\\/\\\/fuentesfidedignas.com.mx\\\/index.php\\\/2022\\\/01\\\/26\\\/inauguran-la-plataforma-digital-incubate-mx-para-emprendedores\\\/\",\"url\":\"https:\\\/\\\/fuentesfidedignas.com.mx\\\/index.php\\\/2022\\\/01\\\/26\\\/inauguran-la-plataforma-digital-incubate-mx-para-emprendedores\\\/\",\"name\":\"Inauguran la plataforma digital Inc\u00fabate MX para emprendedores - Fuentes Fidedignas\",\"isPartOf\":{\"@id\":\"https:\\\/\\\/fuentesfidedignas.com.mx\\\/#website\"},\"primaryImageOfPage\":{\"@id\":\"https:\\\/\\\/fuentesfidedignas.com.mx\\\/index.php\\\/2022\\\/01\\\/26\\\/inauguran-la-plataforma-digital-incubate-mx-para-emprendedores\\\/#primaryimage\"},\"image\":{\"@id\":\"https:\\\/\\\/fuentesfidedignas.com.mx\\\/index.php\\\/2022\\\/01\\\/26\\\/inauguran-la-plataforma-digital-incubate-mx-para-emprendedores\\\/#primaryimage\"},\"thumbnailUrl\":\"https:\\\/\\\/fuentesfidedignas.com.mx\\\/wp-content\\\/uploads\\\/2022\\\/01\\\/253771af-08bd-4f68-8d29-d9f75689ad19.jpg\",\"datePublished\":\"2022-01-26T23:53:07+00:00\",\"dateModified\":\"2022-01-26T23:59:48+00:00\",\"breadcrumb\":{\"@id\":\"https:\\\/\\\/fuentesfidedignas.com.mx\\\/index.php\\\/2022\\\/01\\\/26\\\/inauguran-la-plataforma-digital-incubate-mx-para-emprendedores\\\/#breadcrumb\"},\"inLanguage\":\"es\",\"potentialAction\":[{\"@type\":\"ReadAction\",\"target\":[\"https:\\\/\\\/fuentesfidedignas.com.mx\\\/index.php\\\/2022\\\/01\\\/26\\\/inauguran-la-plataforma-digital-incubate-mx-para-emprendedores\\\/\"]}]},{\"@type\":\"ImageObject\",\"inLanguage\":\"es\",\"@id\":\"https:\\\/\\\/fuentesfidedignas.com.mx\\\/index.php\\\/2022\\\/01\\\/26\\\/inauguran-la-plataforma-digital-incubate-mx-para-emprendedores\\\/#primaryimage\",\"url\":\"https:\\\/\\\/fuentesfidedignas.com.mx\\\/wp-content\\\/uploads\\\/2022\\\/01\\\/253771af-08bd-4f68-8d29-d9f75689ad19.jpg\",\"contentUrl\":\"https:\\\/\\\/fuentesfidedignas.com.mx\\\/wp-content\\\/uploads\\\/2022\\\/01\\\/253771af-08bd-4f68-8d29-d9f75689ad19.jpg\",\"width\":1280,\"height\":853},{\"@type\":\"BreadcrumbList\",\"@id\":\"https:\\\/\\\/fuentesfidedignas.com.mx\\\/index.php\\\/2022\\\/01\\\/26\\\/inauguran-la-plataforma-digital-incubate-mx-para-emprendedores\\\/#breadcrumb\",\"itemListElement\":[{\"@type\":\"ListItem\",\"position\":1,\"name\":\"Inicio\",\"item\":\"https:\\\/\\\/fuentesfidedignas.com.mx\\\/\"},{\"@type\":\"ListItem\",\"position\":2,\"name\":\"Inauguran la plataforma digital Inc\u00fabate MX para emprendedores\"}]},{\"@type\":\"WebSite\",\"@id\":\"https:\\\/\\\/fuentesfidedignas.com.mx\\\/#website\",\"url\":\"https:\\\/\\\/fuentesfidedignas.com.mx\\\/\",\"name\":\"Fuentes Fidedignas\",\"description\":\"Otro sitio realizado con WordPress\",\"publisher\":{\"@id\":\"https:\\\/\\\/fuentesfidedignas.com.mx\\\/#organization\"},\"potentialAction\":[{\"@type\":\"SearchAction\",\"target\":{\"@type\":\"EntryPoint\",\"urlTemplate\":\"https:\\\/\\\/fuentesfidedignas.com.mx\\\/?s={search_term_string}\"},\"query-input\":{\"@type\":\"PropertyValueSpecification\",\"valueRequired\":true,\"valueName\":\"search_term_string\"}}],\"inLanguage\":\"es\"},{\"@type\":\"Organization\",\"@id\":\"https:\\\/\\\/fuentesfidedignas.com.mx\\\/#organization\",\"name\":\"Fuentes Fidedignas\",\"url\":\"https:\\\/\\\/fuentesfidedignas.com.mx\\\/\",\"logo\":{\"@type\":\"ImageObject\",\"inLanguage\":\"es\",\"@id\":\"https:\\\/\\\/fuentesfidedignas.com.mx\\\/#\\\/schema\\\/logo\\\/image\\\/\",\"url\":\"https:\\\/\\\/fuentesfidedignas.com.mx\\\/wp-content\\\/uploads\\\/2021\\\/04\\\/logo-retina.png\",\"contentUrl\":\"https:\\\/\\\/fuentesfidedignas.com.mx\\\/wp-content\\\/uploads\\\/2021\\\/04\\\/logo-retina.png\",\"width\":280,\"height\":51,\"caption\":\"Fuentes Fidedignas\"},\"image\":{\"@id\":\"https:\\\/\\\/fuentesfidedignas.com.mx\\\/#\\\/schema\\\/logo\\\/image\\\/\"},\"sameAs\":[\"https:\\\/\\\/www.facebook.com\\\/Fuentes-Fidedignas-368234489921644\",\"https:\\\/\\\/x.com\\\/fidedignas\"]},{\"@type\":\"Person\",\"@id\":\"https:\\\/\\\/fuentesfidedignas.com.mx\\\/#\\\/schema\\\/person\\\/331be9283d37198e2acd5750279085b0\",\"name\":\"Redacci\u00f3n\",\"image\":{\"@type\":\"ImageObject\",\"inLanguage\":\"es\",\"@id\":\"https:\\\/\\\/secure.gravatar.com\\\/avatar\\\/f6d8782c11d12b2d4ad3fbb6931aeab5309937a4d6cd2fc9cfaa28a6396a5aec?s=96&d=mm&r=g\",\"url\":\"https:\\\/\\\/secure.gravatar.com\\\/avatar\\\/f6d8782c11d12b2d4ad3fbb6931aeab5309937a4d6cd2fc9cfaa28a6396a5aec?s=96&d=mm&r=g\",\"contentUrl\":\"https:\\\/\\\/secure.gravatar.com\\\/avatar\\\/f6d8782c11d12b2d4ad3fbb6931aeab5309937a4d6cd2fc9cfaa28a6396a5aec?s=96&d=mm&r=g\",\"caption\":\"Redacci\u00f3n\"},\"url\":\"https:\\\/\\\/fuentesfidedignas.com.mx\\\/index.php\\\/author\\\/redaccion\\\/\"}]}<\/script>\n<!-- \/ Yoast SEO plugin. -->","yoast_head_json":{"title":"Inauguran la plataforma digital Inc\u00fabate MX para emprendedores - Fuentes Fidedignas","robots":{"index":"index","follow":"follow","max-snippet":"max-snippet:-1","max-image-preview":"max-image-preview:large","max-video-preview":"max-video-preview:-1"},"canonical":"https:\/\/fuentesfidedignas.com.mx\/index.php\/2022\/01\/26\/inauguran-la-plataforma-digital-incubate-mx-para-emprendedores\/","og_locale":"es_MX","og_type":"article","og_title":"Inauguran la plataforma digital Inc\u00fabate MX para emprendedores - Fuentes Fidedignas","og_description":"*Se trata de una herramienta digital donde los emprendedores encontrar\u00e1n asesor\u00eda y canales de financiamiento para sus proyectos Culiac\u00e1n, Sin.- Al lanzar la plataforma digital Inc\u00fabate MX, el gobernador Rub\u00e9n Rocha Moya asegur\u00f3 que Sinaloa es un estado de oportunidades, y para promover el establecimiento de nuevas empresas, su gobierno se har\u00e1 socio de los [&hellip;]","og_url":"https:\/\/fuentesfidedignas.com.mx\/index.php\/2022\/01\/26\/inauguran-la-plataforma-digital-incubate-mx-para-emprendedores\/","og_site_name":"Fuentes Fidedignas","article_publisher":"https:\/\/www.facebook.com\/Fuentes-Fidedignas-368234489921644","article_published_time":"2022-01-26T23:53:07+00:00","article_modified_time":"2022-01-26T23:59:48+00:00","og_image":[{"width":1280,"height":853,"url":"https:\/\/fuentesfidedignas.com.mx\/wp-content\/uploads\/2022\/01\/253771af-08bd-4f68-8d29-d9f75689ad19.jpg","type":"image\/jpeg"}],"author":"Redacci\u00f3n","twitter_card":"summary_large_image","twitter_creator":"@fidedignas","twitter_site":"@fidedignas","twitter_misc":{"Escrito por":"Redacci\u00f3n","Tiempo de lectura":"4 minutos"},"schema":{"@context":"https:\/\/schema.org","@graph":[{"@type":"Article","@id":"https:\/\/fuentesfidedignas.com.mx\/index.php\/2022\/01\/26\/inauguran-la-plataforma-digital-incubate-mx-para-emprendedores\/#article","isPartOf":{"@id":"https:\/\/fuentesfidedignas.com.mx\/index.php\/2022\/01\/26\/inauguran-la-plataforma-digital-incubate-mx-para-emprendedores\/"},"author":{"name":"Redacci\u00f3n","@id":"https:\/\/fuentesfidedignas.com.mx\/#\/schema\/person\/331be9283d37198e2acd5750279085b0"},"headline":"Inauguran la plataforma digital Inc\u00fabate MX para emprendedores","datePublished":"2022-01-26T23:53:07+00:00","dateModified":"2022-01-26T23:59:48+00:00","mainEntityOfPage":{"@id":"https:\/\/fuentesfidedignas.com.mx\/index.php\/2022\/01\/26\/inauguran-la-plataforma-digital-incubate-mx-para-emprendedores\/"},"wordCount":729,"commentCount":0,"publisher":{"@id":"https:\/\/fuentesfidedignas.com.mx\/#organization"},"image":{"@id":"https:\/\/fuentesfidedignas.com.mx\/index.php\/2022\/01\/26\/inauguran-la-plataforma-digital-incubate-mx-para-emprendedores\/#primaryimage"},"thumbnailUrl":"https:\/\/fuentesfidedignas.com.mx\/wp-content\/uploads\/2022\/01\/253771af-08bd-4f68-8d29-d9f75689ad19.jpg","keywords":["Gobierno de Sinaloa","Gobierno del Estado de Sinaloa","Rub\u00e9n Rocha Moya","Secretar\u00eda de Econom\u00eda"],"articleSection":["NOTA PRINCIPAL"],"inLanguage":"es","potentialAction":[{"@type":"CommentAction","name":"Comment","target":["https:\/\/fuentesfidedignas.com.mx\/index.php\/2022\/01\/26\/inauguran-la-plataforma-digital-incubate-mx-para-emprendedores\/#respond"]}]},{"@type":"WebPage","@id":"https:\/\/fuentesfidedignas.com.mx\/index.php\/2022\/01\/26\/inauguran-la-plataforma-digital-incubate-mx-para-emprendedores\/","url":"https:\/\/fuentesfidedignas.com.mx\/index.php\/2022\/01\/26\/inauguran-la-plataforma-digital-incubate-mx-para-emprendedores\/","name":"Inauguran la plataforma digital Inc\u00fabate MX para emprendedores - Fuentes Fidedignas","isPartOf":{"@id":"https:\/\/fuentesfidedignas.com.mx\/#website"},"primaryImageOfPage":{"@id":"https:\/\/fuentesfidedignas.com.mx\/index.php\/2022\/01\/26\/inauguran-la-plataforma-digital-incubate-mx-para-emprendedores\/#primaryimage"},"image":{"@id":"https:\/\/fuentesfidedignas.com.mx\/index.php\/2022\/01\/26\/inauguran-la-plataforma-digital-incubate-mx-para-emprendedores\/#primaryimage"},"thumbnailUrl":"https:\/\/fuentesfidedignas.com.mx\/wp-content\/uploads\/2022\/01\/253771af-08bd-4f68-8d29-d9f75689ad19.jpg","datePublished":"2022-01-26T23:53:07+00:00","dateModified":"2022-01-26T23:59:48+00:00","breadcrumb":{"@id":"https:\/\/fuentesfidedignas.com.mx\/index.php\/2022\/01\/26\/inauguran-la-plataforma-digital-incubate-mx-para-emprendedores\/#breadcrumb"},"inLanguage":"es","potentialAction":[{"@type":"ReadAction","target":["https:\/\/fuentesfidedignas.com.mx\/index.php\/2022\/01\/26\/inauguran-la-plataforma-digital-incubate-mx-para-emprendedores\/"]}]},{"@type":"ImageObject","inLanguage":"es","@id":"https:\/\/fuentesfidedignas.com.mx\/index.php\/2022\/01\/26\/inauguran-la-plataforma-digital-incubate-mx-para-emprendedores\/#primaryimage","url":"https:\/\/fuentesfidedignas.com.mx\/wp-content\/uploads\/2022\/01\/253771af-08bd-4f68-8d29-d9f75689ad19.jpg","contentUrl":"https:\/\/fuentesfidedignas.com.mx\/wp-content\/uploads\/2022\/01\/253771af-08bd-4f68-8d29-d9f75689ad19.jpg","width":1280,"height":853},{"@type":"BreadcrumbList","@id":"https:\/\/fuentesfidedignas.com.mx\/index.php\/2022\/01\/26\/inauguran-la-plataforma-digital-incubate-mx-para-emprendedores\/#breadcrumb","itemListElement":[{"@type":"ListItem","position":1,"name":"Inicio","item":"https:\/\/fuentesfidedignas.com.mx\/"},{"@type":"ListItem","position":2,"name":"Inauguran la plataforma digital Inc\u00fabate MX para emprendedores"}]},{"@type":"WebSite","@id":"https:\/\/fuentesfidedignas.com.mx\/#website","url":"https:\/\/fuentesfidedignas.com.mx\/","name":"Fuentes Fidedignas","description":"Otro sitio realizado con WordPress","publisher":{"@id":"https:\/\/fuentesfidedignas.com.mx\/#organization"},"potentialAction":[{"@type":"SearchAction","target":{"@type":"EntryPoint","urlTemplate":"https:\/\/fuentesfidedignas.com.mx\/?s={search_term_string}"},"query-input":{"@type":"PropertyValueSpecification","valueRequired":true,"valueName":"search_term_string"}}],"inLanguage":"es"},{"@type":"Organization","@id":"https:\/\/fuentesfidedignas.com.mx\/#organization","name":"Fuentes Fidedignas","url":"https:\/\/fuentesfidedignas.com.mx\/","logo":{"@type":"ImageObject","inLanguage":"es","@id":"https:\/\/fuentesfidedignas.com.mx\/#\/schema\/logo\/image\/","url":"https:\/\/fuentesfidedignas.com.mx\/wp-content\/uploads\/2021\/04\/logo-retina.png","contentUrl":"https:\/\/fuentesfidedignas.com.mx\/wp-content\/uploads\/2021\/04\/logo-retina.png","width":280,"height":51,"caption":"Fuentes Fidedignas"},"image":{"@id":"https:\/\/fuentesfidedignas.com.mx\/#\/schema\/logo\/image\/"},"sameAs":["https:\/\/www.facebook.com\/Fuentes-Fidedignas-368234489921644","https:\/\/x.com\/fidedignas"]},{"@type":"Person","@id":"https:\/\/fuentesfidedignas.com.mx\/#\/schema\/person\/331be9283d37198e2acd5750279085b0","name":"Redacci\u00f3n","image":{"@type":"ImageObject","inLanguage":"es","@id":"https:\/\/secure.gravatar.com\/avatar\/f6d8782c11d12b2d4ad3fbb6931aeab5309937a4d6cd2fc9cfaa28a6396a5aec?s=96&d=mm&r=g","url":"https:\/\/secure.gravatar.com\/avatar\/f6d8782c11d12b2d4ad3fbb6931aeab5309937a4d6cd2fc9cfaa28a6396a5aec?s=96&d=mm&r=g","contentUrl":"https:\/\/secure.gravatar.com\/avatar\/f6d8782c11d12b2d4ad3fbb6931aeab5309937a4d6cd2fc9cfaa28a6396a5aec?s=96&d=mm&r=g","caption":"Redacci\u00f3n"},"url":"https:\/\/fuentesfidedignas.com.mx\/index.php\/author\/redaccion\/"}]}},"_links":{"self":[{"href":"https:\/\/fuentesfidedignas.com.mx\/index.php\/wp-json\/wp\/v2\/posts\/22668","targetHints":{"allow":["GET"]}}],"collection":[{"href":"https:\/\/fuentesfidedignas.com.mx\/index.php\/wp-json\/wp\/v2\/posts"}],"about":[{"href":"https:\/\/fuentesfidedignas.com.mx\/index.php\/wp-json\/wp\/v2\/types\/post"}],"author":[{"embeddable":true,"href":"https:\/\/fuentesfidedignas.com.mx\/index.php\/wp-json\/wp\/v2\/users\/4"}],"replies":[{"embeddable":true,"href":"https:\/\/fuentesfidedignas.com.mx\/index.php\/wp-json\/wp\/v2\/comments?post=22668"}],"version-history":[{"count":2,"href":"https:\/\/fuentesfidedignas.com.mx\/index.php\/wp-json\/wp\/v2\/posts\/22668\/revisions"}],"predecessor-version":[{"id":22672,"href":"https:\/\/fuentesfidedignas.com.mx\/index.php\/wp-json\/wp\/v2\/posts\/22668\/revisions\/22672"}],"wp:featuredmedia":[{"embeddable":true,"href":"https:\/\/fuentesfidedignas.com.mx\/index.php\/wp-json\/wp\/v2\/media\/22667"}],"wp:attachment":[{"href":"https:\/\/fuentesfidedignas.com.mx\/index.php\/wp-json\/wp\/v2\/media?parent=22668"}],"wp:term":[{"taxonomy":"category","embeddable":true,"href":"https:\/\/fuentesfidedignas.com.mx\/index.php\/wp-json\/wp\/v2\/categories?post=22668"},{"taxonomy":"post_tag","embeddable":true,"href":"https:\/\/fuentesfidedignas.com.mx\/index.php\/wp-json\/wp\/v2\/tags?post=22668"}],"curies":[{"name":"wp","href":"https:\/\/api.w.org\/{rel}","templated":true}]}}