{"id":22580,"date":"2022-01-25T12:28:27","date_gmt":"2022-01-25T19:28:27","guid":{"rendered":"https:\/\/fuentesfidedignas.com.mx\/?p=22580"},"modified":"2022-01-25T12:28:28","modified_gmt":"2022-01-25T19:28:28","slug":"caso-de-bebe-tadeo-es-atipico-dice-la-fiscalia-de-la-cdmx","status":"publish","type":"post","link":"https:\/\/fuentesfidedignas.com.mx\/index.php\/2022\/01\/25\/caso-de-bebe-tadeo-es-atipico-dice-la-fiscalia-de-la-cdmx\/","title":{"rendered":"Caso de beb\u00e9 Tadeo es at\u00edpico, dice la Fiscal\u00eda de la CDMX"},"content":{"rendered":"\n<p><strong><em>Las autoridades se\u00f1alaron que el ni\u00f1o ten\u00eda &#8220;padecimientos en el sistema digestivo y falleci\u00f3 el 6 de enero por infecci\u00f3n generalizada&#8221;<\/em><\/strong><\/p>\n\n\n\n<p>Ciudad de M\u00e9xico.- La Fiscal\u00eda General de Justicia de la Ciudad de M\u00e9xico (FGJCDMX) se\u00f1al\u00f3 que el caso del beb\u00e9 Tadeo, quien fue desenterrado de un pante\u00f3n en Iztapalapa y hallado muerto en un penal de Puebla, es &#8220;at\u00edpico&#8221;.<br><br>&#8220;Es un caso at\u00edpico y no se tiene registro de un caso con caracteristicas similares en la CDMX&#8221;, dijo esta ma\u00f1ana Ulises Lara en conferencia de prensa.<\/p>\n\n\n\n<p>El funcionario explic\u00f3 que la mayor\u00eda de los ni\u00f1os que se encuentran como desaparecidos y con alerta Amber es por &#8220;sustracci\u00f3n de menores por alguno de los padres&#8221;.<\/p>\n\n\n\n<p>Lee tambi\u00e9n Detienen a 19 directivos y custodios del penal de San Miguel por el caso de Tadeo, beb\u00e9 hallado en c\u00e1rcel de Puebla<\/p>\n\n\n\n<p><strong>Beb\u00e9 tuvo problemas en el sistema digestivo<\/strong><br>Lara asever\u00f3 que el beb\u00e9 Tadeo &#8220;naci\u00f3 en el Estado de M\u00e9xico, pero por problemas cong\u00e9nitos fue atendido en un hospital de Iztacalco&#8221;. El ni\u00f1o ten\u00eda &#8220;padecimientos en el sistema digestivo y falleci\u00f3 el 6 de enero por infecci\u00f3n generalizada&#8221;.<\/p>\n\n\n\n<p>El 10 de enero su cad\u00e1ver fue hallado en la basura en el penal de Puebla, lo que inform\u00f3 la activista Saskia Ni\u00f1o de Rivera. El cuerpo de Tadeo presentaba una herida en el est\u00f3mago.<\/p>\n\n\n\n<p><strong>Sin avances en investigaci\u00f3n<\/strong><br>La dependencia local no tiene un solo avance significativo en el caso de Tadeo, el beb\u00e9 cuyo cad\u00e1ver fuera robado del pante\u00f3n de la alcald\u00eda Iztapalapa y se encontrar\u00e1 en el basurero de un penal en Puebla.<\/p>\n\n\n\n<p>Seg\u00fan los peritajes, el beb\u00e9 fue inhumado el mismo d\u00eda y fue cuatro d\u00edas despu\u00e9s, es decir, el 10 de enero, cuando su cad\u00e1ver fue hallado en el estado de Puebla.<br>Al respecto se detall\u00f3 que personal ministerial, pericial y detectives de la Polic\u00eda de Investigaci\u00f3n de la Fiscal\u00eda de Asuntos Relevantes de la Coordinaci\u00f3n de Investigaci\u00f3n de Delitos de Alto Impacto han llevado a cabo desde el pasado viernes, diversas diligencias como entrevistas con la madre y el padre del menor de edad, as\u00ed como con personal del pante\u00f3n, inspecciones en la tumba e inmediaciones del cementerio, an\u00e1lisis de c\u00e1maras de video vigilancia, entre otros.<\/p>\n\n\n\n<p>De igual manera, personal de la Coordinaci\u00f3n General de Investigaci\u00f3n Forense y Servicios Periciales en materia de criminal\u00edstica, fotograf\u00eda, gen\u00e9tica y qu\u00edmica recab\u00f3 indicios en el lugar donde fue inhumado el cuerpo, as\u00ed como en el f\u00e9retro del menor, los cuales ya son analizados para integrar los dict\u00e1menes correspondientes en la carpeta de investigaci\u00f3n.<\/p>\n\n\n\n<p>Asimismo, dicha fiscal\u00eda se encuentra en espera de recibir informaci\u00f3n detallada de entrevistas realizadas por personal de la Fiscal\u00eda General del Estado de Puebla al personal del penal referido, con la finalidad de ampliar la informaci\u00f3n sobre los v\u00ednculos de qui\u00e9n o qui\u00e9nes lo trasladaron a esa entidad, y qui\u00e9n o qui\u00e9nes lo exhumaron ilegalmente.<\/p>\n","protected":false},"excerpt":{"rendered":"<p>Las autoridades se\u00f1alaron que el ni\u00f1o ten\u00eda &#8220;padecimientos en el sistema digestivo y falleci\u00f3 el 6 de enero por infecci\u00f3n generalizada&#8221; Ciudad de M\u00e9xico.- La Fiscal\u00eda General de Justicia de la Ciudad de M\u00e9xico (FGJCDMX) se\u00f1al\u00f3 que el caso del beb\u00e9 Tadeo, quien fue desenterrado de un pante\u00f3n en Iztapalapa y hallado muerto en un [&hellip;]<\/p>\n","protected":false},"author":39,"featured_media":22581,"comment_status":"open","ping_status":"open","sticky":false,"template":"","format":"standard","meta":{"tdm_status":"","tdm_grid_status":"","footnotes":""},"categories":[39],"tags":[],"class_list":{"0":"post-22580","1":"post","2":"type-post","3":"status-publish","4":"format-standard","5":"has-post-thumbnail","7":"category-noticias-nacionales"},"yoast_head":"<!-- This site is optimized with the Yoast SEO plugin v27.5 - https:\/\/yoast.com\/product\/yoast-seo-wordpress\/ -->\n<title>Caso de beb\u00e9 Tadeo es at\u00edpico, dice la Fiscal\u00eda de la CDMX - Fuentes Fidedignas<\/title>\n<meta name=\"robots\" content=\"index, follow, max-snippet:-1, max-image-preview:large, max-video-preview:-1\" \/>\n<link rel=\"canonical\" href=\"https:\/\/fuentesfidedignas.com.mx\/index.php\/2022\/01\/25\/caso-de-bebe-tadeo-es-atipico-dice-la-fiscalia-de-la-cdmx\/\" \/>\n<meta property=\"og:locale\" content=\"es_MX\" \/>\n<meta property=\"og:type\" content=\"article\" \/>\n<meta property=\"og:title\" content=\"Caso de beb\u00e9 Tadeo es at\u00edpico, dice la Fiscal\u00eda de la CDMX - Fuentes Fidedignas\" \/>\n<meta property=\"og:description\" content=\"Las autoridades se\u00f1alaron que el ni\u00f1o ten\u00eda &#8220;padecimientos en el sistema digestivo y falleci\u00f3 el 6 de enero por infecci\u00f3n generalizada&#8221; Ciudad de M\u00e9xico.- La Fiscal\u00eda General de Justicia de la Ciudad de M\u00e9xico (FGJCDMX) se\u00f1al\u00f3 que el caso del beb\u00e9 Tadeo, quien fue desenterrado de un pante\u00f3n en Iztapalapa y hallado muerto en un [&hellip;]\" \/>\n<meta property=\"og:url\" content=\"https:\/\/fuentesfidedignas.com.mx\/index.php\/2022\/01\/25\/caso-de-bebe-tadeo-es-atipico-dice-la-fiscalia-de-la-cdmx\/\" \/>\n<meta property=\"og:site_name\" content=\"Fuentes Fidedignas\" \/>\n<meta property=\"article:publisher\" content=\"https:\/\/www.facebook.com\/Fuentes-Fidedignas-368234489921644\" \/>\n<meta property=\"article:published_time\" content=\"2022-01-25T19:28:27+00:00\" \/>\n<meta property=\"article:modified_time\" content=\"2022-01-25T19:28:28+00:00\" \/>\n<meta property=\"og:image\" content=\"https:\/\/fuentesfidedignas.com.mx\/wp-content\/uploads\/2022\/01\/bebe-puebla-robado-tadeo_optimized.jpeg\" \/>\n\t<meta property=\"og:image:width\" content=\"1201\" \/>\n\t<meta property=\"og:image:height\" content=\"740\" \/>\n\t<meta property=\"og:image:type\" content=\"image\/jpeg\" \/>\n<meta name=\"author\" content=\"El Universal\" \/>\n<meta name=\"twitter:card\" content=\"summary_large_image\" \/>\n<meta name=\"twitter:creator\" content=\"@fidedignas\" \/>\n<meta name=\"twitter:site\" content=\"@fidedignas\" \/>\n<meta name=\"twitter:label1\" content=\"Escrito por\" \/>\n\t<meta name=\"twitter:data1\" content=\"El Universal\" \/>\n\t<meta name=\"twitter:label2\" content=\"Tiempo de lectura\" \/>\n\t<meta name=\"twitter:data2\" content=\"3 minutos\" \/>\n<script type=\"application\/ld+json\" class=\"yoast-schema-graph\">{\"@context\":\"https:\\\/\\\/schema.org\",\"@graph\":[{\"@type\":\"Article\",\"@id\":\"https:\\\/\\\/fuentesfidedignas.com.mx\\\/index.php\\\/2022\\\/01\\\/25\\\/caso-de-bebe-tadeo-es-atipico-dice-la-fiscalia-de-la-cdmx\\\/#article\",\"isPartOf\":{\"@id\":\"https:\\\/\\\/fuentesfidedignas.com.mx\\\/index.php\\\/2022\\\/01\\\/25\\\/caso-de-bebe-tadeo-es-atipico-dice-la-fiscalia-de-la-cdmx\\\/\"},\"author\":{\"name\":\"El Universal\",\"@id\":\"https:\\\/\\\/fuentesfidedignas.com.mx\\\/#\\\/schema\\\/person\\\/fee3882e65fd0510d292c43a346d35d7\"},\"headline\":\"Caso de beb\u00e9 Tadeo es at\u00edpico, dice la Fiscal\u00eda de la CDMX\",\"datePublished\":\"2022-01-25T19:28:27+00:00\",\"dateModified\":\"2022-01-25T19:28:28+00:00\",\"mainEntityOfPage\":{\"@id\":\"https:\\\/\\\/fuentesfidedignas.com.mx\\\/index.php\\\/2022\\\/01\\\/25\\\/caso-de-bebe-tadeo-es-atipico-dice-la-fiscalia-de-la-cdmx\\\/\"},\"wordCount\":547,\"commentCount\":0,\"publisher\":{\"@id\":\"https:\\\/\\\/fuentesfidedignas.com.mx\\\/#organization\"},\"image\":{\"@id\":\"https:\\\/\\\/fuentesfidedignas.com.mx\\\/index.php\\\/2022\\\/01\\\/25\\\/caso-de-bebe-tadeo-es-atipico-dice-la-fiscalia-de-la-cdmx\\\/#primaryimage\"},\"thumbnailUrl\":\"https:\\\/\\\/fuentesfidedignas.com.mx\\\/wp-content\\\/uploads\\\/2022\\\/01\\\/bebe-puebla-robado-tadeo_optimized.jpeg\",\"articleSection\":[\"NOTICIAS NACIONALES\"],\"inLanguage\":\"es\",\"potentialAction\":[{\"@type\":\"CommentAction\",\"name\":\"Comment\",\"target\":[\"https:\\\/\\\/fuentesfidedignas.com.mx\\\/index.php\\\/2022\\\/01\\\/25\\\/caso-de-bebe-tadeo-es-atipico-dice-la-fiscalia-de-la-cdmx\\\/#respond\"]}]},{\"@type\":\"WebPage\",\"@id\":\"https:\\\/\\\/fuentesfidedignas.com.mx\\\/index.php\\\/2022\\\/01\\\/25\\\/caso-de-bebe-tadeo-es-atipico-dice-la-fiscalia-de-la-cdmx\\\/\",\"url\":\"https:\\\/\\\/fuentesfidedignas.com.mx\\\/index.php\\\/2022\\\/01\\\/25\\\/caso-de-bebe-tadeo-es-atipico-dice-la-fiscalia-de-la-cdmx\\\/\",\"name\":\"Caso de beb\u00e9 Tadeo es at\u00edpico, dice la Fiscal\u00eda de la CDMX - Fuentes Fidedignas\",\"isPartOf\":{\"@id\":\"https:\\\/\\\/fuentesfidedignas.com.mx\\\/#website\"},\"primaryImageOfPage\":{\"@id\":\"https:\\\/\\\/fuentesfidedignas.com.mx\\\/index.php\\\/2022\\\/01\\\/25\\\/caso-de-bebe-tadeo-es-atipico-dice-la-fiscalia-de-la-cdmx\\\/#primaryimage\"},\"image\":{\"@id\":\"https:\\\/\\\/fuentesfidedignas.com.mx\\\/index.php\\\/2022\\\/01\\\/25\\\/caso-de-bebe-tadeo-es-atipico-dice-la-fiscalia-de-la-cdmx\\\/#primaryimage\"},\"thumbnailUrl\":\"https:\\\/\\\/fuentesfidedignas.com.mx\\\/wp-content\\\/uploads\\\/2022\\\/01\\\/bebe-puebla-robado-tadeo_optimized.jpeg\",\"datePublished\":\"2022-01-25T19:28:27+00:00\",\"dateModified\":\"2022-01-25T19:28:28+00:00\",\"breadcrumb\":{\"@id\":\"https:\\\/\\\/fuentesfidedignas.com.mx\\\/index.php\\\/2022\\\/01\\\/25\\\/caso-de-bebe-tadeo-es-atipico-dice-la-fiscalia-de-la-cdmx\\\/#breadcrumb\"},\"inLanguage\":\"es\",\"potentialAction\":[{\"@type\":\"ReadAction\",\"target\":[\"https:\\\/\\\/fuentesfidedignas.com.mx\\\/index.php\\\/2022\\\/01\\\/25\\\/caso-de-bebe-tadeo-es-atipico-dice-la-fiscalia-de-la-cdmx\\\/\"]}]},{\"@type\":\"ImageObject\",\"inLanguage\":\"es\",\"@id\":\"https:\\\/\\\/fuentesfidedignas.com.mx\\\/index.php\\\/2022\\\/01\\\/25\\\/caso-de-bebe-tadeo-es-atipico-dice-la-fiscalia-de-la-cdmx\\\/#primaryimage\",\"url\":\"https:\\\/\\\/fuentesfidedignas.com.mx\\\/wp-content\\\/uploads\\\/2022\\\/01\\\/bebe-puebla-robado-tadeo_optimized.jpeg\",\"contentUrl\":\"https:\\\/\\\/fuentesfidedignas.com.mx\\\/wp-content\\\/uploads\\\/2022\\\/01\\\/bebe-puebla-robado-tadeo_optimized.jpeg\",\"width\":1201,\"height\":740},{\"@type\":\"BreadcrumbList\",\"@id\":\"https:\\\/\\\/fuentesfidedignas.com.mx\\\/index.php\\\/2022\\\/01\\\/25\\\/caso-de-bebe-tadeo-es-atipico-dice-la-fiscalia-de-la-cdmx\\\/#breadcrumb\",\"itemListElement\":[{\"@type\":\"ListItem\",\"position\":1,\"name\":\"Inicio\",\"item\":\"https:\\\/\\\/fuentesfidedignas.com.mx\\\/\"},{\"@type\":\"ListItem\",\"position\":2,\"name\":\"Caso de beb\u00e9 Tadeo es at\u00edpico, dice la Fiscal\u00eda de la CDMX\"}]},{\"@type\":\"WebSite\",\"@id\":\"https:\\\/\\\/fuentesfidedignas.com.mx\\\/#website\",\"url\":\"https:\\\/\\\/fuentesfidedignas.com.mx\\\/\",\"name\":\"Fuentes Fidedignas\",\"description\":\"Otro sitio realizado con WordPress\",\"publisher\":{\"@id\":\"https:\\\/\\\/fuentesfidedignas.com.mx\\\/#organization\"},\"potentialAction\":[{\"@type\":\"SearchAction\",\"target\":{\"@type\":\"EntryPoint\",\"urlTemplate\":\"https:\\\/\\\/fuentesfidedignas.com.mx\\\/?s={search_term_string}\"},\"query-input\":{\"@type\":\"PropertyValueSpecification\",\"valueRequired\":true,\"valueName\":\"search_term_string\"}}],\"inLanguage\":\"es\"},{\"@type\":\"Organization\",\"@id\":\"https:\\\/\\\/fuentesfidedignas.com.mx\\\/#organization\",\"name\":\"Fuentes Fidedignas\",\"url\":\"https:\\\/\\\/fuentesfidedignas.com.mx\\\/\",\"logo\":{\"@type\":\"ImageObject\",\"inLanguage\":\"es\",\"@id\":\"https:\\\/\\\/fuentesfidedignas.com.mx\\\/#\\\/schema\\\/logo\\\/image\\\/\",\"url\":\"https:\\\/\\\/fuentesfidedignas.com.mx\\\/wp-content\\\/uploads\\\/2021\\\/04\\\/logo-retina.png\",\"contentUrl\":\"https:\\\/\\\/fuentesfidedignas.com.mx\\\/wp-content\\\/uploads\\\/2021\\\/04\\\/logo-retina.png\",\"width\":280,\"height\":51,\"caption\":\"Fuentes Fidedignas\"},\"image\":{\"@id\":\"https:\\\/\\\/fuentesfidedignas.com.mx\\\/#\\\/schema\\\/logo\\\/image\\\/\"},\"sameAs\":[\"https:\\\/\\\/www.facebook.com\\\/Fuentes-Fidedignas-368234489921644\",\"https:\\\/\\\/x.com\\\/fidedignas\"]},{\"@type\":\"Person\",\"@id\":\"https:\\\/\\\/fuentesfidedignas.com.mx\\\/#\\\/schema\\\/person\\\/fee3882e65fd0510d292c43a346d35d7\",\"name\":\"El Universal\",\"image\":{\"@type\":\"ImageObject\",\"inLanguage\":\"es\",\"@id\":\"https:\\\/\\\/secure.gravatar.com\\\/avatar\\\/1ebc94d82b6c3c081781f73e5b76a0d0c1ac7bf8e57426f18802246eeaa2747c?s=96&d=mm&r=g\",\"url\":\"https:\\\/\\\/secure.gravatar.com\\\/avatar\\\/1ebc94d82b6c3c081781f73e5b76a0d0c1ac7bf8e57426f18802246eeaa2747c?s=96&d=mm&r=g\",\"contentUrl\":\"https:\\\/\\\/secure.gravatar.com\\\/avatar\\\/1ebc94d82b6c3c081781f73e5b76a0d0c1ac7bf8e57426f18802246eeaa2747c?s=96&d=mm&r=g\",\"caption\":\"El Universal\"},\"url\":\"https:\\\/\\\/fuentesfidedignas.com.mx\\\/index.php\\\/author\\\/el-universal\\\/\"}]}<\/script>\n<!-- \/ Yoast SEO plugin. -->","yoast_head_json":{"title":"Caso de beb\u00e9 Tadeo es at\u00edpico, dice la Fiscal\u00eda de la CDMX - Fuentes Fidedignas","robots":{"index":"index","follow":"follow","max-snippet":"max-snippet:-1","max-image-preview":"max-image-preview:large","max-video-preview":"max-video-preview:-1"},"canonical":"https:\/\/fuentesfidedignas.com.mx\/index.php\/2022\/01\/25\/caso-de-bebe-tadeo-es-atipico-dice-la-fiscalia-de-la-cdmx\/","og_locale":"es_MX","og_type":"article","og_title":"Caso de beb\u00e9 Tadeo es at\u00edpico, dice la Fiscal\u00eda de la CDMX - Fuentes Fidedignas","og_description":"Las autoridades se\u00f1alaron que el ni\u00f1o ten\u00eda &#8220;padecimientos en el sistema digestivo y falleci\u00f3 el 6 de enero por infecci\u00f3n generalizada&#8221; Ciudad de M\u00e9xico.- La Fiscal\u00eda General de Justicia de la Ciudad de M\u00e9xico (FGJCDMX) se\u00f1al\u00f3 que el caso del beb\u00e9 Tadeo, quien fue desenterrado de un pante\u00f3n en Iztapalapa y hallado muerto en un [&hellip;]","og_url":"https:\/\/fuentesfidedignas.com.mx\/index.php\/2022\/01\/25\/caso-de-bebe-tadeo-es-atipico-dice-la-fiscalia-de-la-cdmx\/","og_site_name":"Fuentes Fidedignas","article_publisher":"https:\/\/www.facebook.com\/Fuentes-Fidedignas-368234489921644","article_published_time":"2022-01-25T19:28:27+00:00","article_modified_time":"2022-01-25T19:28:28+00:00","og_image":[{"width":1201,"height":740,"url":"https:\/\/fuentesfidedignas.com.mx\/wp-content\/uploads\/2022\/01\/bebe-puebla-robado-tadeo_optimized.jpeg","type":"image\/jpeg"}],"author":"El Universal","twitter_card":"summary_large_image","twitter_creator":"@fidedignas","twitter_site":"@fidedignas","twitter_misc":{"Escrito por":"El Universal","Tiempo de lectura":"3 minutos"},"schema":{"@context":"https:\/\/schema.org","@graph":[{"@type":"Article","@id":"https:\/\/fuentesfidedignas.com.mx\/index.php\/2022\/01\/25\/caso-de-bebe-tadeo-es-atipico-dice-la-fiscalia-de-la-cdmx\/#article","isPartOf":{"@id":"https:\/\/fuentesfidedignas.com.mx\/index.php\/2022\/01\/25\/caso-de-bebe-tadeo-es-atipico-dice-la-fiscalia-de-la-cdmx\/"},"author":{"name":"El Universal","@id":"https:\/\/fuentesfidedignas.com.mx\/#\/schema\/person\/fee3882e65fd0510d292c43a346d35d7"},"headline":"Caso de beb\u00e9 Tadeo es at\u00edpico, dice la Fiscal\u00eda de la CDMX","datePublished":"2022-01-25T19:28:27+00:00","dateModified":"2022-01-25T19:28:28+00:00","mainEntityOfPage":{"@id":"https:\/\/fuentesfidedignas.com.mx\/index.php\/2022\/01\/25\/caso-de-bebe-tadeo-es-atipico-dice-la-fiscalia-de-la-cdmx\/"},"wordCount":547,"commentCount":0,"publisher":{"@id":"https:\/\/fuentesfidedignas.com.mx\/#organization"},"image":{"@id":"https:\/\/fuentesfidedignas.com.mx\/index.php\/2022\/01\/25\/caso-de-bebe-tadeo-es-atipico-dice-la-fiscalia-de-la-cdmx\/#primaryimage"},"thumbnailUrl":"https:\/\/fuentesfidedignas.com.mx\/wp-content\/uploads\/2022\/01\/bebe-puebla-robado-tadeo_optimized.jpeg","articleSection":["NOTICIAS NACIONALES"],"inLanguage":"es","potentialAction":[{"@type":"CommentAction","name":"Comment","target":["https:\/\/fuentesfidedignas.com.mx\/index.php\/2022\/01\/25\/caso-de-bebe-tadeo-es-atipico-dice-la-fiscalia-de-la-cdmx\/#respond"]}]},{"@type":"WebPage","@id":"https:\/\/fuentesfidedignas.com.mx\/index.php\/2022\/01\/25\/caso-de-bebe-tadeo-es-atipico-dice-la-fiscalia-de-la-cdmx\/","url":"https:\/\/fuentesfidedignas.com.mx\/index.php\/2022\/01\/25\/caso-de-bebe-tadeo-es-atipico-dice-la-fiscalia-de-la-cdmx\/","name":"Caso de beb\u00e9 Tadeo es at\u00edpico, dice la Fiscal\u00eda de la CDMX - Fuentes Fidedignas","isPartOf":{"@id":"https:\/\/fuentesfidedignas.com.mx\/#website"},"primaryImageOfPage":{"@id":"https:\/\/fuentesfidedignas.com.mx\/index.php\/2022\/01\/25\/caso-de-bebe-tadeo-es-atipico-dice-la-fiscalia-de-la-cdmx\/#primaryimage"},"image":{"@id":"https:\/\/fuentesfidedignas.com.mx\/index.php\/2022\/01\/25\/caso-de-bebe-tadeo-es-atipico-dice-la-fiscalia-de-la-cdmx\/#primaryimage"},"thumbnailUrl":"https:\/\/fuentesfidedignas.com.mx\/wp-content\/uploads\/2022\/01\/bebe-puebla-robado-tadeo_optimized.jpeg","datePublished":"2022-01-25T19:28:27+00:00","dateModified":"2022-01-25T19:28:28+00:00","breadcrumb":{"@id":"https:\/\/fuentesfidedignas.com.mx\/index.php\/2022\/01\/25\/caso-de-bebe-tadeo-es-atipico-dice-la-fiscalia-de-la-cdmx\/#breadcrumb"},"inLanguage":"es","potentialAction":[{"@type":"ReadAction","target":["https:\/\/fuentesfidedignas.com.mx\/index.php\/2022\/01\/25\/caso-de-bebe-tadeo-es-atipico-dice-la-fiscalia-de-la-cdmx\/"]}]},{"@type":"ImageObject","inLanguage":"es","@id":"https:\/\/fuentesfidedignas.com.mx\/index.php\/2022\/01\/25\/caso-de-bebe-tadeo-es-atipico-dice-la-fiscalia-de-la-cdmx\/#primaryimage","url":"https:\/\/fuentesfidedignas.com.mx\/wp-content\/uploads\/2022\/01\/bebe-puebla-robado-tadeo_optimized.jpeg","contentUrl":"https:\/\/fuentesfidedignas.com.mx\/wp-content\/uploads\/2022\/01\/bebe-puebla-robado-tadeo_optimized.jpeg","width":1201,"height":740},{"@type":"BreadcrumbList","@id":"https:\/\/fuentesfidedignas.com.mx\/index.php\/2022\/01\/25\/caso-de-bebe-tadeo-es-atipico-dice-la-fiscalia-de-la-cdmx\/#breadcrumb","itemListElement":[{"@type":"ListItem","position":1,"name":"Inicio","item":"https:\/\/fuentesfidedignas.com.mx\/"},{"@type":"ListItem","position":2,"name":"Caso de beb\u00e9 Tadeo es at\u00edpico, dice la Fiscal\u00eda de la CDMX"}]},{"@type":"WebSite","@id":"https:\/\/fuentesfidedignas.com.mx\/#website","url":"https:\/\/fuentesfidedignas.com.mx\/","name":"Fuentes Fidedignas","description":"Otro sitio realizado con WordPress","publisher":{"@id":"https:\/\/fuentesfidedignas.com.mx\/#organization"},"potentialAction":[{"@type":"SearchAction","target":{"@type":"EntryPoint","urlTemplate":"https:\/\/fuentesfidedignas.com.mx\/?s={search_term_string}"},"query-input":{"@type":"PropertyValueSpecification","valueRequired":true,"valueName":"search_term_string"}}],"inLanguage":"es"},{"@type":"Organization","@id":"https:\/\/fuentesfidedignas.com.mx\/#organization","name":"Fuentes Fidedignas","url":"https:\/\/fuentesfidedignas.com.mx\/","logo":{"@type":"ImageObject","inLanguage":"es","@id":"https:\/\/fuentesfidedignas.com.mx\/#\/schema\/logo\/image\/","url":"https:\/\/fuentesfidedignas.com.mx\/wp-content\/uploads\/2021\/04\/logo-retina.png","contentUrl":"https:\/\/fuentesfidedignas.com.mx\/wp-content\/uploads\/2021\/04\/logo-retina.png","width":280,"height":51,"caption":"Fuentes Fidedignas"},"image":{"@id":"https:\/\/fuentesfidedignas.com.mx\/#\/schema\/logo\/image\/"},"sameAs":["https:\/\/www.facebook.com\/Fuentes-Fidedignas-368234489921644","https:\/\/x.com\/fidedignas"]},{"@type":"Person","@id":"https:\/\/fuentesfidedignas.com.mx\/#\/schema\/person\/fee3882e65fd0510d292c43a346d35d7","name":"El Universal","image":{"@type":"ImageObject","inLanguage":"es","@id":"https:\/\/secure.gravatar.com\/avatar\/1ebc94d82b6c3c081781f73e5b76a0d0c1ac7bf8e57426f18802246eeaa2747c?s=96&d=mm&r=g","url":"https:\/\/secure.gravatar.com\/avatar\/1ebc94d82b6c3c081781f73e5b76a0d0c1ac7bf8e57426f18802246eeaa2747c?s=96&d=mm&r=g","contentUrl":"https:\/\/secure.gravatar.com\/avatar\/1ebc94d82b6c3c081781f73e5b76a0d0c1ac7bf8e57426f18802246eeaa2747c?s=96&d=mm&r=g","caption":"El Universal"},"url":"https:\/\/fuentesfidedignas.com.mx\/index.php\/author\/el-universal\/"}]}},"_links":{"self":[{"href":"https:\/\/fuentesfidedignas.com.mx\/index.php\/wp-json\/wp\/v2\/posts\/22580","targetHints":{"allow":["GET"]}}],"collection":[{"href":"https:\/\/fuentesfidedignas.com.mx\/index.php\/wp-json\/wp\/v2\/posts"}],"about":[{"href":"https:\/\/fuentesfidedignas.com.mx\/index.php\/wp-json\/wp\/v2\/types\/post"}],"author":[{"embeddable":true,"href":"https:\/\/fuentesfidedignas.com.mx\/index.php\/wp-json\/wp\/v2\/users\/39"}],"replies":[{"embeddable":true,"href":"https:\/\/fuentesfidedignas.com.mx\/index.php\/wp-json\/wp\/v2\/comments?post=22580"}],"version-history":[{"count":1,"href":"https:\/\/fuentesfidedignas.com.mx\/index.php\/wp-json\/wp\/v2\/posts\/22580\/revisions"}],"predecessor-version":[{"id":22582,"href":"https:\/\/fuentesfidedignas.com.mx\/index.php\/wp-json\/wp\/v2\/posts\/22580\/revisions\/22582"}],"wp:featuredmedia":[{"embeddable":true,"href":"https:\/\/fuentesfidedignas.com.mx\/index.php\/wp-json\/wp\/v2\/media\/22581"}],"wp:attachment":[{"href":"https:\/\/fuentesfidedignas.com.mx\/index.php\/wp-json\/wp\/v2\/media?parent=22580"}],"wp:term":[{"taxonomy":"category","embeddable":true,"href":"https:\/\/fuentesfidedignas.com.mx\/index.php\/wp-json\/wp\/v2\/categories?post=22580"},{"taxonomy":"post_tag","embeddable":true,"href":"https:\/\/fuentesfidedignas.com.mx\/index.php\/wp-json\/wp\/v2\/tags?post=22580"}],"curies":[{"name":"wp","href":"https:\/\/api.w.org\/{rel}","templated":true}]}}