{"id":22577,"date":"2022-01-25T11:49:41","date_gmt":"2022-01-25T18:49:41","guid":{"rendered":"https:\/\/fuentesfidedignas.com.mx\/?p=22577"},"modified":"2022-01-25T11:49:42","modified_gmt":"2022-01-25T18:49:42","slug":"en-los-mochis-a-partir-del-proximo-lunes-mayor-calidad-en-agua-de-la-llave-gerardo-vargas","status":"publish","type":"post","link":"https:\/\/fuentesfidedignas.com.mx\/index.php\/2022\/01\/25\/en-los-mochis-a-partir-del-proximo-lunes-mayor-calidad-en-agua-de-la-llave-gerardo-vargas\/","title":{"rendered":"En Los Mochis a partir del pr\u00f3ximo lunes mayor calidad en agua de la llave: Gerardo Vargas"},"content":{"rendered":"\n<p><strong><em>Supervis\u00f3 los trabajos de limpieza del canal presedimentador en la planta Comisi\u00f3n del R\u00edo Fuerte, que concluir\u00e1n en 15 d\u00edas, tal como lo prometi\u00f3.<\/em><\/strong><\/p>\n\n\n\n<p>Los Mochis, Ahome, Sin.- Luego de supervisar los trabajos de la planta potabilizadora Comisi\u00f3n del R\u00edo Fuerte, Gerardo Vargas Landeros, presidente municipal de Ahome anunci\u00f3 que Los Mochis, tendr\u00e1 mejor calidad de agua de la llave, a partir del pr\u00f3ximo lunes.<\/p>\n\n\n\n<p>Durante el recorrido de supervisi\u00f3n para verificar los avances de la limpieza del canal presedimentador, infraestructura que dota del vital l\u00edquido a gran parte de los habitantes de la ciudad de Los Mochis, el alcalde de Ahome ratific\u00f3 que tal como lo prometi\u00f3, estos trabajos estar\u00e1n concluidos dentro del plazo de 15 d\u00edas que se fij\u00f3, por lo que estar\u00e1n listos el pr\u00f3ximo lunes.<\/p>\n\n\n\n<p>\u201cEstamos pr\u00e1cticamente terminando la limpieza del canal y s\u00f3lo falta una peque\u00f1a parte en los extremos: \u00bfy qu\u00e9 vamos hacer despu\u00e9s? Vamos a limpiar todos los taludes de los lados, con agua, aire a compresi\u00f3n y cloro en polvo para desinfectar y dejar que se seque. Vamos con los tiempos que acordamos y as\u00ed lo vamos a lograr\u201d, expres\u00f3 Gerardo Vargas Landeros.<\/p>\n\n\n\n<p>\u201cGracias a estas labores, el pr\u00f3ximo lunes en Los Mochis amaneceremos con una mejor calidad del agua de la que se ten\u00eda, y con todo esto perfectamente limpio\u201d, asever\u00f3 durante la supervisi\u00f3n del canal presedimentador.<\/p>\n\n\n\n<p>Las brigadas de limpieza del Ayuntamiento de Ahome y Japama laboran todos los d\u00edas incluyendo, s\u00e1bados y domingos, con el prop\u00f3sito de cumplir el compromiso de culminar en 15 d\u00edas dicha obra que dotar\u00e1 de agua de excelente calidad y buena presi\u00f3n en los hogares de Los Mochis.<\/p>\n","protected":false},"excerpt":{"rendered":"<p>Supervis\u00f3 los trabajos de limpieza del canal presedimentador en la planta Comisi\u00f3n del R\u00edo Fuerte, que concluir\u00e1n en 15 d\u00edas, tal como lo prometi\u00f3. Los Mochis, Ahome, Sin.- Luego de supervisar los trabajos de la planta potabilizadora Comisi\u00f3n del R\u00edo Fuerte, Gerardo Vargas Landeros, presidente municipal de Ahome anunci\u00f3 que Los Mochis, tendr\u00e1 mejor calidad [&hellip;]<\/p>\n","protected":false},"author":4,"featured_media":22578,"comment_status":"open","ping_status":"open","sticky":false,"template":"","format":"standard","meta":{"tdm_status":"","tdm_grid_status":"","footnotes":""},"categories":[38],"tags":[1715,1654],"class_list":{"0":"post-22577","1":"post","2":"type-post","3":"status-publish","4":"format-standard","5":"has-post-thumbnail","7":"category-noticias-locales","8":"tag-ayuntamiento-de-ahome","9":"tag-gerardo-vargas-landeros"},"yoast_head":"<!-- This site is optimized with the Yoast SEO plugin v27.5 - https:\/\/yoast.com\/product\/yoast-seo-wordpress\/ -->\n<title>En Los Mochis a partir del pr\u00f3ximo lunes mayor calidad en agua de la llave: Gerardo Vargas - Fuentes Fidedignas<\/title>\n<meta name=\"robots\" content=\"index, follow, max-snippet:-1, max-image-preview:large, max-video-preview:-1\" \/>\n<link rel=\"canonical\" href=\"https:\/\/fuentesfidedignas.com.mx\/index.php\/2022\/01\/25\/en-los-mochis-a-partir-del-proximo-lunes-mayor-calidad-en-agua-de-la-llave-gerardo-vargas\/\" \/>\n<meta property=\"og:locale\" content=\"es_MX\" \/>\n<meta property=\"og:type\" content=\"article\" \/>\n<meta property=\"og:title\" content=\"En Los Mochis a partir del pr\u00f3ximo lunes mayor calidad en agua de la llave: Gerardo Vargas - Fuentes Fidedignas\" \/>\n<meta property=\"og:description\" content=\"Supervis\u00f3 los trabajos de limpieza del canal presedimentador en la planta Comisi\u00f3n del R\u00edo Fuerte, que concluir\u00e1n en 15 d\u00edas, tal como lo prometi\u00f3. Los Mochis, Ahome, Sin.- Luego de supervisar los trabajos de la planta potabilizadora Comisi\u00f3n del R\u00edo Fuerte, Gerardo Vargas Landeros, presidente municipal de Ahome anunci\u00f3 que Los Mochis, tendr\u00e1 mejor calidad [&hellip;]\" \/>\n<meta property=\"og:url\" content=\"https:\/\/fuentesfidedignas.com.mx\/index.php\/2022\/01\/25\/en-los-mochis-a-partir-del-proximo-lunes-mayor-calidad-en-agua-de-la-llave-gerardo-vargas\/\" \/>\n<meta property=\"og:site_name\" content=\"Fuentes Fidedignas\" \/>\n<meta property=\"article:publisher\" content=\"https:\/\/www.facebook.com\/Fuentes-Fidedignas-368234489921644\" \/>\n<meta property=\"article:published_time\" content=\"2022-01-25T18:49:41+00:00\" \/>\n<meta property=\"article:modified_time\" content=\"2022-01-25T18:49:42+00:00\" \/>\n<meta property=\"og:image\" content=\"https:\/\/fuentesfidedignas.com.mx\/wp-content\/uploads\/2022\/01\/AGUA_LLAVE.jpg\" \/>\n\t<meta property=\"og:image:width\" content=\"837\" \/>\n\t<meta property=\"og:image:height\" content=\"558\" \/>\n\t<meta property=\"og:image:type\" content=\"image\/jpeg\" \/>\n<meta name=\"author\" content=\"Redacci\u00f3n\" \/>\n<meta name=\"twitter:card\" content=\"summary_large_image\" \/>\n<meta name=\"twitter:creator\" content=\"@fidedignas\" \/>\n<meta name=\"twitter:site\" content=\"@fidedignas\" \/>\n<meta name=\"twitter:label1\" content=\"Escrito por\" \/>\n\t<meta name=\"twitter:data1\" content=\"Redacci\u00f3n\" \/>\n\t<meta name=\"twitter:label2\" content=\"Tiempo de lectura\" \/>\n\t<meta name=\"twitter:data2\" content=\"2 minutos\" \/>\n<script type=\"application\/ld+json\" class=\"yoast-schema-graph\">{\"@context\":\"https:\\\/\\\/schema.org\",\"@graph\":[{\"@type\":\"Article\",\"@id\":\"https:\\\/\\\/fuentesfidedignas.com.mx\\\/index.php\\\/2022\\\/01\\\/25\\\/en-los-mochis-a-partir-del-proximo-lunes-mayor-calidad-en-agua-de-la-llave-gerardo-vargas\\\/#article\",\"isPartOf\":{\"@id\":\"https:\\\/\\\/fuentesfidedignas.com.mx\\\/index.php\\\/2022\\\/01\\\/25\\\/en-los-mochis-a-partir-del-proximo-lunes-mayor-calidad-en-agua-de-la-llave-gerardo-vargas\\\/\"},\"author\":{\"name\":\"Redacci\u00f3n\",\"@id\":\"https:\\\/\\\/fuentesfidedignas.com.mx\\\/#\\\/schema\\\/person\\\/331be9283d37198e2acd5750279085b0\"},\"headline\":\"En Los Mochis a partir del pr\u00f3ximo lunes mayor calidad en agua de la llave: Gerardo Vargas\",\"datePublished\":\"2022-01-25T18:49:41+00:00\",\"dateModified\":\"2022-01-25T18:49:42+00:00\",\"mainEntityOfPage\":{\"@id\":\"https:\\\/\\\/fuentesfidedignas.com.mx\\\/index.php\\\/2022\\\/01\\\/25\\\/en-los-mochis-a-partir-del-proximo-lunes-mayor-calidad-en-agua-de-la-llave-gerardo-vargas\\\/\"},\"wordCount\":316,\"commentCount\":0,\"publisher\":{\"@id\":\"https:\\\/\\\/fuentesfidedignas.com.mx\\\/#organization\"},\"image\":{\"@id\":\"https:\\\/\\\/fuentesfidedignas.com.mx\\\/index.php\\\/2022\\\/01\\\/25\\\/en-los-mochis-a-partir-del-proximo-lunes-mayor-calidad-en-agua-de-la-llave-gerardo-vargas\\\/#primaryimage\"},\"thumbnailUrl\":\"https:\\\/\\\/fuentesfidedignas.com.mx\\\/wp-content\\\/uploads\\\/2022\\\/01\\\/AGUA_LLAVE.jpg\",\"keywords\":[\"Ayuntamiento de Ahome\",\"Gerardo Vargas Landeros\"],\"articleSection\":[\"NOTICIAS LOCALES\"],\"inLanguage\":\"es\",\"potentialAction\":[{\"@type\":\"CommentAction\",\"name\":\"Comment\",\"target\":[\"https:\\\/\\\/fuentesfidedignas.com.mx\\\/index.php\\\/2022\\\/01\\\/25\\\/en-los-mochis-a-partir-del-proximo-lunes-mayor-calidad-en-agua-de-la-llave-gerardo-vargas\\\/#respond\"]}]},{\"@type\":\"WebPage\",\"@id\":\"https:\\\/\\\/fuentesfidedignas.com.mx\\\/index.php\\\/2022\\\/01\\\/25\\\/en-los-mochis-a-partir-del-proximo-lunes-mayor-calidad-en-agua-de-la-llave-gerardo-vargas\\\/\",\"url\":\"https:\\\/\\\/fuentesfidedignas.com.mx\\\/index.php\\\/2022\\\/01\\\/25\\\/en-los-mochis-a-partir-del-proximo-lunes-mayor-calidad-en-agua-de-la-llave-gerardo-vargas\\\/\",\"name\":\"En Los Mochis a partir del pr\u00f3ximo lunes mayor calidad en agua de la llave: Gerardo Vargas - Fuentes Fidedignas\",\"isPartOf\":{\"@id\":\"https:\\\/\\\/fuentesfidedignas.com.mx\\\/#website\"},\"primaryImageOfPage\":{\"@id\":\"https:\\\/\\\/fuentesfidedignas.com.mx\\\/index.php\\\/2022\\\/01\\\/25\\\/en-los-mochis-a-partir-del-proximo-lunes-mayor-calidad-en-agua-de-la-llave-gerardo-vargas\\\/#primaryimage\"},\"image\":{\"@id\":\"https:\\\/\\\/fuentesfidedignas.com.mx\\\/index.php\\\/2022\\\/01\\\/25\\\/en-los-mochis-a-partir-del-proximo-lunes-mayor-calidad-en-agua-de-la-llave-gerardo-vargas\\\/#primaryimage\"},\"thumbnailUrl\":\"https:\\\/\\\/fuentesfidedignas.com.mx\\\/wp-content\\\/uploads\\\/2022\\\/01\\\/AGUA_LLAVE.jpg\",\"datePublished\":\"2022-01-25T18:49:41+00:00\",\"dateModified\":\"2022-01-25T18:49:42+00:00\",\"breadcrumb\":{\"@id\":\"https:\\\/\\\/fuentesfidedignas.com.mx\\\/index.php\\\/2022\\\/01\\\/25\\\/en-los-mochis-a-partir-del-proximo-lunes-mayor-calidad-en-agua-de-la-llave-gerardo-vargas\\\/#breadcrumb\"},\"inLanguage\":\"es\",\"potentialAction\":[{\"@type\":\"ReadAction\",\"target\":[\"https:\\\/\\\/fuentesfidedignas.com.mx\\\/index.php\\\/2022\\\/01\\\/25\\\/en-los-mochis-a-partir-del-proximo-lunes-mayor-calidad-en-agua-de-la-llave-gerardo-vargas\\\/\"]}]},{\"@type\":\"ImageObject\",\"inLanguage\":\"es\",\"@id\":\"https:\\\/\\\/fuentesfidedignas.com.mx\\\/index.php\\\/2022\\\/01\\\/25\\\/en-los-mochis-a-partir-del-proximo-lunes-mayor-calidad-en-agua-de-la-llave-gerardo-vargas\\\/#primaryimage\",\"url\":\"https:\\\/\\\/fuentesfidedignas.com.mx\\\/wp-content\\\/uploads\\\/2022\\\/01\\\/AGUA_LLAVE.jpg\",\"contentUrl\":\"https:\\\/\\\/fuentesfidedignas.com.mx\\\/wp-content\\\/uploads\\\/2022\\\/01\\\/AGUA_LLAVE.jpg\",\"width\":837,\"height\":558},{\"@type\":\"BreadcrumbList\",\"@id\":\"https:\\\/\\\/fuentesfidedignas.com.mx\\\/index.php\\\/2022\\\/01\\\/25\\\/en-los-mochis-a-partir-del-proximo-lunes-mayor-calidad-en-agua-de-la-llave-gerardo-vargas\\\/#breadcrumb\",\"itemListElement\":[{\"@type\":\"ListItem\",\"position\":1,\"name\":\"Inicio\",\"item\":\"https:\\\/\\\/fuentesfidedignas.com.mx\\\/\"},{\"@type\":\"ListItem\",\"position\":2,\"name\":\"En Los Mochis a partir del pr\u00f3ximo lunes mayor calidad en agua de la llave: Gerardo Vargas\"}]},{\"@type\":\"WebSite\",\"@id\":\"https:\\\/\\\/fuentesfidedignas.com.mx\\\/#website\",\"url\":\"https:\\\/\\\/fuentesfidedignas.com.mx\\\/\",\"name\":\"Fuentes Fidedignas\",\"description\":\"Otro sitio realizado con WordPress\",\"publisher\":{\"@id\":\"https:\\\/\\\/fuentesfidedignas.com.mx\\\/#organization\"},\"potentialAction\":[{\"@type\":\"SearchAction\",\"target\":{\"@type\":\"EntryPoint\",\"urlTemplate\":\"https:\\\/\\\/fuentesfidedignas.com.mx\\\/?s={search_term_string}\"},\"query-input\":{\"@type\":\"PropertyValueSpecification\",\"valueRequired\":true,\"valueName\":\"search_term_string\"}}],\"inLanguage\":\"es\"},{\"@type\":\"Organization\",\"@id\":\"https:\\\/\\\/fuentesfidedignas.com.mx\\\/#organization\",\"name\":\"Fuentes Fidedignas\",\"url\":\"https:\\\/\\\/fuentesfidedignas.com.mx\\\/\",\"logo\":{\"@type\":\"ImageObject\",\"inLanguage\":\"es\",\"@id\":\"https:\\\/\\\/fuentesfidedignas.com.mx\\\/#\\\/schema\\\/logo\\\/image\\\/\",\"url\":\"https:\\\/\\\/fuentesfidedignas.com.mx\\\/wp-content\\\/uploads\\\/2021\\\/04\\\/logo-retina.png\",\"contentUrl\":\"https:\\\/\\\/fuentesfidedignas.com.mx\\\/wp-content\\\/uploads\\\/2021\\\/04\\\/logo-retina.png\",\"width\":280,\"height\":51,\"caption\":\"Fuentes Fidedignas\"},\"image\":{\"@id\":\"https:\\\/\\\/fuentesfidedignas.com.mx\\\/#\\\/schema\\\/logo\\\/image\\\/\"},\"sameAs\":[\"https:\\\/\\\/www.facebook.com\\\/Fuentes-Fidedignas-368234489921644\",\"https:\\\/\\\/x.com\\\/fidedignas\"]},{\"@type\":\"Person\",\"@id\":\"https:\\\/\\\/fuentesfidedignas.com.mx\\\/#\\\/schema\\\/person\\\/331be9283d37198e2acd5750279085b0\",\"name\":\"Redacci\u00f3n\",\"image\":{\"@type\":\"ImageObject\",\"inLanguage\":\"es\",\"@id\":\"https:\\\/\\\/secure.gravatar.com\\\/avatar\\\/f6d8782c11d12b2d4ad3fbb6931aeab5309937a4d6cd2fc9cfaa28a6396a5aec?s=96&d=mm&r=g\",\"url\":\"https:\\\/\\\/secure.gravatar.com\\\/avatar\\\/f6d8782c11d12b2d4ad3fbb6931aeab5309937a4d6cd2fc9cfaa28a6396a5aec?s=96&d=mm&r=g\",\"contentUrl\":\"https:\\\/\\\/secure.gravatar.com\\\/avatar\\\/f6d8782c11d12b2d4ad3fbb6931aeab5309937a4d6cd2fc9cfaa28a6396a5aec?s=96&d=mm&r=g\",\"caption\":\"Redacci\u00f3n\"},\"url\":\"https:\\\/\\\/fuentesfidedignas.com.mx\\\/index.php\\\/author\\\/redaccion\\\/\"}]}<\/script>\n<!-- \/ Yoast SEO plugin. -->","yoast_head_json":{"title":"En Los Mochis a partir del pr\u00f3ximo lunes mayor calidad en agua de la llave: Gerardo Vargas - Fuentes Fidedignas","robots":{"index":"index","follow":"follow","max-snippet":"max-snippet:-1","max-image-preview":"max-image-preview:large","max-video-preview":"max-video-preview:-1"},"canonical":"https:\/\/fuentesfidedignas.com.mx\/index.php\/2022\/01\/25\/en-los-mochis-a-partir-del-proximo-lunes-mayor-calidad-en-agua-de-la-llave-gerardo-vargas\/","og_locale":"es_MX","og_type":"article","og_title":"En Los Mochis a partir del pr\u00f3ximo lunes mayor calidad en agua de la llave: Gerardo Vargas - Fuentes Fidedignas","og_description":"Supervis\u00f3 los trabajos de limpieza del canal presedimentador en la planta Comisi\u00f3n del R\u00edo Fuerte, que concluir\u00e1n en 15 d\u00edas, tal como lo prometi\u00f3. Los Mochis, Ahome, Sin.- Luego de supervisar los trabajos de la planta potabilizadora Comisi\u00f3n del R\u00edo Fuerte, Gerardo Vargas Landeros, presidente municipal de Ahome anunci\u00f3 que Los Mochis, tendr\u00e1 mejor calidad [&hellip;]","og_url":"https:\/\/fuentesfidedignas.com.mx\/index.php\/2022\/01\/25\/en-los-mochis-a-partir-del-proximo-lunes-mayor-calidad-en-agua-de-la-llave-gerardo-vargas\/","og_site_name":"Fuentes Fidedignas","article_publisher":"https:\/\/www.facebook.com\/Fuentes-Fidedignas-368234489921644","article_published_time":"2022-01-25T18:49:41+00:00","article_modified_time":"2022-01-25T18:49:42+00:00","og_image":[{"width":837,"height":558,"url":"https:\/\/fuentesfidedignas.com.mx\/wp-content\/uploads\/2022\/01\/AGUA_LLAVE.jpg","type":"image\/jpeg"}],"author":"Redacci\u00f3n","twitter_card":"summary_large_image","twitter_creator":"@fidedignas","twitter_site":"@fidedignas","twitter_misc":{"Escrito por":"Redacci\u00f3n","Tiempo de lectura":"2 minutos"},"schema":{"@context":"https:\/\/schema.org","@graph":[{"@type":"Article","@id":"https:\/\/fuentesfidedignas.com.mx\/index.php\/2022\/01\/25\/en-los-mochis-a-partir-del-proximo-lunes-mayor-calidad-en-agua-de-la-llave-gerardo-vargas\/#article","isPartOf":{"@id":"https:\/\/fuentesfidedignas.com.mx\/index.php\/2022\/01\/25\/en-los-mochis-a-partir-del-proximo-lunes-mayor-calidad-en-agua-de-la-llave-gerardo-vargas\/"},"author":{"name":"Redacci\u00f3n","@id":"https:\/\/fuentesfidedignas.com.mx\/#\/schema\/person\/331be9283d37198e2acd5750279085b0"},"headline":"En Los Mochis a partir del pr\u00f3ximo lunes mayor calidad en agua de la llave: Gerardo Vargas","datePublished":"2022-01-25T18:49:41+00:00","dateModified":"2022-01-25T18:49:42+00:00","mainEntityOfPage":{"@id":"https:\/\/fuentesfidedignas.com.mx\/index.php\/2022\/01\/25\/en-los-mochis-a-partir-del-proximo-lunes-mayor-calidad-en-agua-de-la-llave-gerardo-vargas\/"},"wordCount":316,"commentCount":0,"publisher":{"@id":"https:\/\/fuentesfidedignas.com.mx\/#organization"},"image":{"@id":"https:\/\/fuentesfidedignas.com.mx\/index.php\/2022\/01\/25\/en-los-mochis-a-partir-del-proximo-lunes-mayor-calidad-en-agua-de-la-llave-gerardo-vargas\/#primaryimage"},"thumbnailUrl":"https:\/\/fuentesfidedignas.com.mx\/wp-content\/uploads\/2022\/01\/AGUA_LLAVE.jpg","keywords":["Ayuntamiento de Ahome","Gerardo Vargas Landeros"],"articleSection":["NOTICIAS LOCALES"],"inLanguage":"es","potentialAction":[{"@type":"CommentAction","name":"Comment","target":["https:\/\/fuentesfidedignas.com.mx\/index.php\/2022\/01\/25\/en-los-mochis-a-partir-del-proximo-lunes-mayor-calidad-en-agua-de-la-llave-gerardo-vargas\/#respond"]}]},{"@type":"WebPage","@id":"https:\/\/fuentesfidedignas.com.mx\/index.php\/2022\/01\/25\/en-los-mochis-a-partir-del-proximo-lunes-mayor-calidad-en-agua-de-la-llave-gerardo-vargas\/","url":"https:\/\/fuentesfidedignas.com.mx\/index.php\/2022\/01\/25\/en-los-mochis-a-partir-del-proximo-lunes-mayor-calidad-en-agua-de-la-llave-gerardo-vargas\/","name":"En Los Mochis a partir del pr\u00f3ximo lunes mayor calidad en agua de la llave: Gerardo Vargas - Fuentes Fidedignas","isPartOf":{"@id":"https:\/\/fuentesfidedignas.com.mx\/#website"},"primaryImageOfPage":{"@id":"https:\/\/fuentesfidedignas.com.mx\/index.php\/2022\/01\/25\/en-los-mochis-a-partir-del-proximo-lunes-mayor-calidad-en-agua-de-la-llave-gerardo-vargas\/#primaryimage"},"image":{"@id":"https:\/\/fuentesfidedignas.com.mx\/index.php\/2022\/01\/25\/en-los-mochis-a-partir-del-proximo-lunes-mayor-calidad-en-agua-de-la-llave-gerardo-vargas\/#primaryimage"},"thumbnailUrl":"https:\/\/fuentesfidedignas.com.mx\/wp-content\/uploads\/2022\/01\/AGUA_LLAVE.jpg","datePublished":"2022-01-25T18:49:41+00:00","dateModified":"2022-01-25T18:49:42+00:00","breadcrumb":{"@id":"https:\/\/fuentesfidedignas.com.mx\/index.php\/2022\/01\/25\/en-los-mochis-a-partir-del-proximo-lunes-mayor-calidad-en-agua-de-la-llave-gerardo-vargas\/#breadcrumb"},"inLanguage":"es","potentialAction":[{"@type":"ReadAction","target":["https:\/\/fuentesfidedignas.com.mx\/index.php\/2022\/01\/25\/en-los-mochis-a-partir-del-proximo-lunes-mayor-calidad-en-agua-de-la-llave-gerardo-vargas\/"]}]},{"@type":"ImageObject","inLanguage":"es","@id":"https:\/\/fuentesfidedignas.com.mx\/index.php\/2022\/01\/25\/en-los-mochis-a-partir-del-proximo-lunes-mayor-calidad-en-agua-de-la-llave-gerardo-vargas\/#primaryimage","url":"https:\/\/fuentesfidedignas.com.mx\/wp-content\/uploads\/2022\/01\/AGUA_LLAVE.jpg","contentUrl":"https:\/\/fuentesfidedignas.com.mx\/wp-content\/uploads\/2022\/01\/AGUA_LLAVE.jpg","width":837,"height":558},{"@type":"BreadcrumbList","@id":"https:\/\/fuentesfidedignas.com.mx\/index.php\/2022\/01\/25\/en-los-mochis-a-partir-del-proximo-lunes-mayor-calidad-en-agua-de-la-llave-gerardo-vargas\/#breadcrumb","itemListElement":[{"@type":"ListItem","position":1,"name":"Inicio","item":"https:\/\/fuentesfidedignas.com.mx\/"},{"@type":"ListItem","position":2,"name":"En Los Mochis a partir del pr\u00f3ximo lunes mayor calidad en agua de la llave: Gerardo Vargas"}]},{"@type":"WebSite","@id":"https:\/\/fuentesfidedignas.com.mx\/#website","url":"https:\/\/fuentesfidedignas.com.mx\/","name":"Fuentes Fidedignas","description":"Otro sitio realizado con WordPress","publisher":{"@id":"https:\/\/fuentesfidedignas.com.mx\/#organization"},"potentialAction":[{"@type":"SearchAction","target":{"@type":"EntryPoint","urlTemplate":"https:\/\/fuentesfidedignas.com.mx\/?s={search_term_string}"},"query-input":{"@type":"PropertyValueSpecification","valueRequired":true,"valueName":"search_term_string"}}],"inLanguage":"es"},{"@type":"Organization","@id":"https:\/\/fuentesfidedignas.com.mx\/#organization","name":"Fuentes Fidedignas","url":"https:\/\/fuentesfidedignas.com.mx\/","logo":{"@type":"ImageObject","inLanguage":"es","@id":"https:\/\/fuentesfidedignas.com.mx\/#\/schema\/logo\/image\/","url":"https:\/\/fuentesfidedignas.com.mx\/wp-content\/uploads\/2021\/04\/logo-retina.png","contentUrl":"https:\/\/fuentesfidedignas.com.mx\/wp-content\/uploads\/2021\/04\/logo-retina.png","width":280,"height":51,"caption":"Fuentes Fidedignas"},"image":{"@id":"https:\/\/fuentesfidedignas.com.mx\/#\/schema\/logo\/image\/"},"sameAs":["https:\/\/www.facebook.com\/Fuentes-Fidedignas-368234489921644","https:\/\/x.com\/fidedignas"]},{"@type":"Person","@id":"https:\/\/fuentesfidedignas.com.mx\/#\/schema\/person\/331be9283d37198e2acd5750279085b0","name":"Redacci\u00f3n","image":{"@type":"ImageObject","inLanguage":"es","@id":"https:\/\/secure.gravatar.com\/avatar\/f6d8782c11d12b2d4ad3fbb6931aeab5309937a4d6cd2fc9cfaa28a6396a5aec?s=96&d=mm&r=g","url":"https:\/\/secure.gravatar.com\/avatar\/f6d8782c11d12b2d4ad3fbb6931aeab5309937a4d6cd2fc9cfaa28a6396a5aec?s=96&d=mm&r=g","contentUrl":"https:\/\/secure.gravatar.com\/avatar\/f6d8782c11d12b2d4ad3fbb6931aeab5309937a4d6cd2fc9cfaa28a6396a5aec?s=96&d=mm&r=g","caption":"Redacci\u00f3n"},"url":"https:\/\/fuentesfidedignas.com.mx\/index.php\/author\/redaccion\/"}]}},"_links":{"self":[{"href":"https:\/\/fuentesfidedignas.com.mx\/index.php\/wp-json\/wp\/v2\/posts\/22577","targetHints":{"allow":["GET"]}}],"collection":[{"href":"https:\/\/fuentesfidedignas.com.mx\/index.php\/wp-json\/wp\/v2\/posts"}],"about":[{"href":"https:\/\/fuentesfidedignas.com.mx\/index.php\/wp-json\/wp\/v2\/types\/post"}],"author":[{"embeddable":true,"href":"https:\/\/fuentesfidedignas.com.mx\/index.php\/wp-json\/wp\/v2\/users\/4"}],"replies":[{"embeddable":true,"href":"https:\/\/fuentesfidedignas.com.mx\/index.php\/wp-json\/wp\/v2\/comments?post=22577"}],"version-history":[{"count":1,"href":"https:\/\/fuentesfidedignas.com.mx\/index.php\/wp-json\/wp\/v2\/posts\/22577\/revisions"}],"predecessor-version":[{"id":22579,"href":"https:\/\/fuentesfidedignas.com.mx\/index.php\/wp-json\/wp\/v2\/posts\/22577\/revisions\/22579"}],"wp:featuredmedia":[{"embeddable":true,"href":"https:\/\/fuentesfidedignas.com.mx\/index.php\/wp-json\/wp\/v2\/media\/22578"}],"wp:attachment":[{"href":"https:\/\/fuentesfidedignas.com.mx\/index.php\/wp-json\/wp\/v2\/media?parent=22577"}],"wp:term":[{"taxonomy":"category","embeddable":true,"href":"https:\/\/fuentesfidedignas.com.mx\/index.php\/wp-json\/wp\/v2\/categories?post=22577"},{"taxonomy":"post_tag","embeddable":true,"href":"https:\/\/fuentesfidedignas.com.mx\/index.php\/wp-json\/wp\/v2\/tags?post=22577"}],"curies":[{"name":"wp","href":"https:\/\/api.w.org\/{rel}","templated":true}]}}