{"id":22531,"date":"2022-01-24T15:45:52","date_gmt":"2022-01-24T22:45:52","guid":{"rendered":"https:\/\/fuentesfidedignas.com.mx\/?p=22531"},"modified":"2022-01-24T15:45:54","modified_gmt":"2022-01-24T22:45:54","slug":"covid-19-principal-causa-de-muerte-en-primer-semestre-de-2021-inegi","status":"publish","type":"post","link":"https:\/\/fuentesfidedignas.com.mx\/index.php\/2022\/01\/24\/covid-19-principal-causa-de-muerte-en-primer-semestre-de-2021-inegi\/","title":{"rendered":"Covid-19, principal causa de muerte en primer semestre de 2021: Inegi"},"content":{"rendered":"\n<p><strong><em><br>Frente al mismo periodo de 2020, en primer semestre de 2021 se present\u00f3 un incremento de 110 mil 312 p\u00e9rdidas humanas, equivalente a 23.5 por ciento<\/em><\/strong><\/p>\n\n\n\n<p>Ciudad de M\u00e9xico.- En el primer semestre de 2021 se registr\u00f3 el mayor n\u00famero de muertes en el pa\u00eds, puesto que fallecieron 579 mil 596 personas, de acuerdo con las estad\u00edsticas de defunciones preliminares publicadas por el Instituto Nacional de Estad\u00edstica y Geograf\u00eda (Inegi). <\/p>\n\n\n\n<p>El reporte destac\u00f3 que con respecto al mismo periodo de 2020 se present\u00f3 un incremento de 110 mil 312 p\u00e9rdidas humanas, equivalente a una subida de 23.5 por ciento. El Inegi explic\u00f3 que el covid-19 se posicion\u00f3 como la principal causa de muerte en el pa\u00eds, tras quitarle la vida a 145 mil 159 mexicanas y mexicanos. <\/p>\n\n\n\n<p>Dicha cifra representa un monto casi tres veces mayor a lo 51 mil 402 decesos registrados entre enero y junio de 2020. Cabe recordar que justamente entre enero y febrero de 2021 se present\u00f3 la mayor crisis sanitaria desde que va de pandemia, pues la Secretaria de Salud registr\u00f3 el mayor n\u00famero de ocupaci\u00f3n hospitalaria en las ciudades m\u00e1s importantes del pa\u00eds. <\/p>\n\n\n\n<p>En total, el Inegi se\u00f1ala que de enero de 2020 a junio de 2021 sumaron 345 mil 415 decesos por la pandemia de Covid-19, una cifra mayor por 42 mil casos respecto a los 303 mil 183 decesos que publica actualmente la Secretaria de Salud. <\/p>\n\n\n\n<p>Adem\u00e1s, por primera vez el covid-19 desplaz\u00f3 a las enfermedades del coraz\u00f3n como la principal causa de muertes, ya que los padecimientos card\u00edacos sumaron 113 mil 899 decesos en el primer semestre del a\u00f1o pasado. <\/p>\n\n\n\n<p>Por su parte la diabetes mellitus se ubic\u00f3 como la tercera causa de muerte con 74 mil 418 defunciones; los tumores malignos ocasionaron 44 mil 197 y los casos de influenza o neumon\u00eda 20 mil 956 defunciones. <\/p>\n","protected":false},"excerpt":{"rendered":"<p>Frente al mismo periodo de 2020, en primer semestre de 2021 se present\u00f3 un incremento de 110 mil 312 p\u00e9rdidas humanas, equivalente a 23.5 por ciento Ciudad de M\u00e9xico.- En el primer semestre de 2021 se registr\u00f3 el mayor n\u00famero de muertes en el pa\u00eds, puesto que fallecieron 579 mil 596 personas, de acuerdo con [&hellip;]<\/p>\n","protected":false},"author":9,"featured_media":22532,"comment_status":"open","ping_status":"open","sticky":false,"template":"","format":"standard","meta":{"tdm_status":"","tdm_grid_status":"","footnotes":""},"categories":[1],"tags":[],"class_list":{"0":"post-22531","1":"post","2":"type-post","3":"status-publish","4":"format-standard","5":"has-post-thumbnail","7":"category-sin-categoria"},"yoast_head":"<!-- This site is optimized with the Yoast SEO plugin v27.5 - https:\/\/yoast.com\/product\/yoast-seo-wordpress\/ -->\n<title>Covid-19, principal causa de muerte en primer semestre de 2021: Inegi - Fuentes Fidedignas<\/title>\n<meta name=\"robots\" content=\"index, follow, max-snippet:-1, max-image-preview:large, max-video-preview:-1\" \/>\n<link rel=\"canonical\" href=\"https:\/\/fuentesfidedignas.com.mx\/index.php\/2022\/01\/24\/covid-19-principal-causa-de-muerte-en-primer-semestre-de-2021-inegi\/\" \/>\n<meta property=\"og:locale\" content=\"es_MX\" \/>\n<meta property=\"og:type\" content=\"article\" \/>\n<meta property=\"og:title\" content=\"Covid-19, principal causa de muerte en primer semestre de 2021: Inegi - Fuentes Fidedignas\" \/>\n<meta property=\"og:description\" content=\"Frente al mismo periodo de 2020, en primer semestre de 2021 se present\u00f3 un incremento de 110 mil 312 p\u00e9rdidas humanas, equivalente a 23.5 por ciento Ciudad de M\u00e9xico.- En el primer semestre de 2021 se registr\u00f3 el mayor n\u00famero de muertes en el pa\u00eds, puesto que fallecieron 579 mil 596 personas, de acuerdo con [&hellip;]\" \/>\n<meta property=\"og:url\" content=\"https:\/\/fuentesfidedignas.com.mx\/index.php\/2022\/01\/24\/covid-19-principal-causa-de-muerte-en-primer-semestre-de-2021-inegi\/\" \/>\n<meta property=\"og:site_name\" content=\"Fuentes Fidedignas\" \/>\n<meta property=\"article:publisher\" content=\"https:\/\/www.facebook.com\/Fuentes-Fidedignas-368234489921644\" \/>\n<meta property=\"article:published_time\" content=\"2022-01-24T22:45:52+00:00\" \/>\n<meta property=\"article:modified_time\" content=\"2022-01-24T22:45:54+00:00\" \/>\n<meta property=\"og:image\" content=\"https:\/\/fuentesfidedignas.com.mx\/wp-content\/uploads\/2022\/01\/panteon-en-guadalajara-cortesia.jpg\" \/>\n\t<meta property=\"og:image:width\" content=\"958\" \/>\n\t<meta property=\"og:image:height\" content=\"596\" \/>\n\t<meta property=\"og:image:type\" content=\"image\/jpeg\" \/>\n<meta name=\"author\" content=\"Milenio\" \/>\n<meta name=\"twitter:card\" content=\"summary_large_image\" \/>\n<meta name=\"twitter:creator\" content=\"@fidedignas\" \/>\n<meta name=\"twitter:site\" content=\"@fidedignas\" \/>\n<meta name=\"twitter:label1\" content=\"Escrito por\" \/>\n\t<meta name=\"twitter:data1\" content=\"Milenio\" \/>\n\t<meta name=\"twitter:label2\" content=\"Tiempo de lectura\" \/>\n\t<meta name=\"twitter:data2\" content=\"2 minutos\" \/>\n<script type=\"application\/ld+json\" class=\"yoast-schema-graph\">{\"@context\":\"https:\\\/\\\/schema.org\",\"@graph\":[{\"@type\":\"Article\",\"@id\":\"https:\\\/\\\/fuentesfidedignas.com.mx\\\/index.php\\\/2022\\\/01\\\/24\\\/covid-19-principal-causa-de-muerte-en-primer-semestre-de-2021-inegi\\\/#article\",\"isPartOf\":{\"@id\":\"https:\\\/\\\/fuentesfidedignas.com.mx\\\/index.php\\\/2022\\\/01\\\/24\\\/covid-19-principal-causa-de-muerte-en-primer-semestre-de-2021-inegi\\\/\"},\"author\":{\"name\":\"Milenio\",\"@id\":\"https:\\\/\\\/fuentesfidedignas.com.mx\\\/#\\\/schema\\\/person\\\/47ec0135738f4b0c7495f06a77a2c976\"},\"headline\":\"Covid-19, principal causa de muerte en primer semestre de 2021: Inegi\",\"datePublished\":\"2022-01-24T22:45:52+00:00\",\"dateModified\":\"2022-01-24T22:45:54+00:00\",\"mainEntityOfPage\":{\"@id\":\"https:\\\/\\\/fuentesfidedignas.com.mx\\\/index.php\\\/2022\\\/01\\\/24\\\/covid-19-principal-causa-de-muerte-en-primer-semestre-de-2021-inegi\\\/\"},\"wordCount\":303,\"commentCount\":0,\"publisher\":{\"@id\":\"https:\\\/\\\/fuentesfidedignas.com.mx\\\/#organization\"},\"image\":{\"@id\":\"https:\\\/\\\/fuentesfidedignas.com.mx\\\/index.php\\\/2022\\\/01\\\/24\\\/covid-19-principal-causa-de-muerte-en-primer-semestre-de-2021-inegi\\\/#primaryimage\"},\"thumbnailUrl\":\"https:\\\/\\\/fuentesfidedignas.com.mx\\\/wp-content\\\/uploads\\\/2022\\\/01\\\/panteon-en-guadalajara-cortesia.jpg\",\"inLanguage\":\"es\",\"potentialAction\":[{\"@type\":\"CommentAction\",\"name\":\"Comment\",\"target\":[\"https:\\\/\\\/fuentesfidedignas.com.mx\\\/index.php\\\/2022\\\/01\\\/24\\\/covid-19-principal-causa-de-muerte-en-primer-semestre-de-2021-inegi\\\/#respond\"]}]},{\"@type\":\"WebPage\",\"@id\":\"https:\\\/\\\/fuentesfidedignas.com.mx\\\/index.php\\\/2022\\\/01\\\/24\\\/covid-19-principal-causa-de-muerte-en-primer-semestre-de-2021-inegi\\\/\",\"url\":\"https:\\\/\\\/fuentesfidedignas.com.mx\\\/index.php\\\/2022\\\/01\\\/24\\\/covid-19-principal-causa-de-muerte-en-primer-semestre-de-2021-inegi\\\/\",\"name\":\"Covid-19, principal causa de muerte en primer semestre de 2021: Inegi - Fuentes Fidedignas\",\"isPartOf\":{\"@id\":\"https:\\\/\\\/fuentesfidedignas.com.mx\\\/#website\"},\"primaryImageOfPage\":{\"@id\":\"https:\\\/\\\/fuentesfidedignas.com.mx\\\/index.php\\\/2022\\\/01\\\/24\\\/covid-19-principal-causa-de-muerte-en-primer-semestre-de-2021-inegi\\\/#primaryimage\"},\"image\":{\"@id\":\"https:\\\/\\\/fuentesfidedignas.com.mx\\\/index.php\\\/2022\\\/01\\\/24\\\/covid-19-principal-causa-de-muerte-en-primer-semestre-de-2021-inegi\\\/#primaryimage\"},\"thumbnailUrl\":\"https:\\\/\\\/fuentesfidedignas.com.mx\\\/wp-content\\\/uploads\\\/2022\\\/01\\\/panteon-en-guadalajara-cortesia.jpg\",\"datePublished\":\"2022-01-24T22:45:52+00:00\",\"dateModified\":\"2022-01-24T22:45:54+00:00\",\"breadcrumb\":{\"@id\":\"https:\\\/\\\/fuentesfidedignas.com.mx\\\/index.php\\\/2022\\\/01\\\/24\\\/covid-19-principal-causa-de-muerte-en-primer-semestre-de-2021-inegi\\\/#breadcrumb\"},\"inLanguage\":\"es\",\"potentialAction\":[{\"@type\":\"ReadAction\",\"target\":[\"https:\\\/\\\/fuentesfidedignas.com.mx\\\/index.php\\\/2022\\\/01\\\/24\\\/covid-19-principal-causa-de-muerte-en-primer-semestre-de-2021-inegi\\\/\"]}]},{\"@type\":\"ImageObject\",\"inLanguage\":\"es\",\"@id\":\"https:\\\/\\\/fuentesfidedignas.com.mx\\\/index.php\\\/2022\\\/01\\\/24\\\/covid-19-principal-causa-de-muerte-en-primer-semestre-de-2021-inegi\\\/#primaryimage\",\"url\":\"https:\\\/\\\/fuentesfidedignas.com.mx\\\/wp-content\\\/uploads\\\/2022\\\/01\\\/panteon-en-guadalajara-cortesia.jpg\",\"contentUrl\":\"https:\\\/\\\/fuentesfidedignas.com.mx\\\/wp-content\\\/uploads\\\/2022\\\/01\\\/panteon-en-guadalajara-cortesia.jpg\",\"width\":958,\"height\":596},{\"@type\":\"BreadcrumbList\",\"@id\":\"https:\\\/\\\/fuentesfidedignas.com.mx\\\/index.php\\\/2022\\\/01\\\/24\\\/covid-19-principal-causa-de-muerte-en-primer-semestre-de-2021-inegi\\\/#breadcrumb\",\"itemListElement\":[{\"@type\":\"ListItem\",\"position\":1,\"name\":\"Inicio\",\"item\":\"https:\\\/\\\/fuentesfidedignas.com.mx\\\/\"},{\"@type\":\"ListItem\",\"position\":2,\"name\":\"Covid-19, principal causa de muerte en primer semestre de 2021: Inegi\"}]},{\"@type\":\"WebSite\",\"@id\":\"https:\\\/\\\/fuentesfidedignas.com.mx\\\/#website\",\"url\":\"https:\\\/\\\/fuentesfidedignas.com.mx\\\/\",\"name\":\"Fuentes Fidedignas\",\"description\":\"Otro sitio realizado con WordPress\",\"publisher\":{\"@id\":\"https:\\\/\\\/fuentesfidedignas.com.mx\\\/#organization\"},\"potentialAction\":[{\"@type\":\"SearchAction\",\"target\":{\"@type\":\"EntryPoint\",\"urlTemplate\":\"https:\\\/\\\/fuentesfidedignas.com.mx\\\/?s={search_term_string}\"},\"query-input\":{\"@type\":\"PropertyValueSpecification\",\"valueRequired\":true,\"valueName\":\"search_term_string\"}}],\"inLanguage\":\"es\"},{\"@type\":\"Organization\",\"@id\":\"https:\\\/\\\/fuentesfidedignas.com.mx\\\/#organization\",\"name\":\"Fuentes Fidedignas\",\"url\":\"https:\\\/\\\/fuentesfidedignas.com.mx\\\/\",\"logo\":{\"@type\":\"ImageObject\",\"inLanguage\":\"es\",\"@id\":\"https:\\\/\\\/fuentesfidedignas.com.mx\\\/#\\\/schema\\\/logo\\\/image\\\/\",\"url\":\"https:\\\/\\\/fuentesfidedignas.com.mx\\\/wp-content\\\/uploads\\\/2021\\\/04\\\/logo-retina.png\",\"contentUrl\":\"https:\\\/\\\/fuentesfidedignas.com.mx\\\/wp-content\\\/uploads\\\/2021\\\/04\\\/logo-retina.png\",\"width\":280,\"height\":51,\"caption\":\"Fuentes Fidedignas\"},\"image\":{\"@id\":\"https:\\\/\\\/fuentesfidedignas.com.mx\\\/#\\\/schema\\\/logo\\\/image\\\/\"},\"sameAs\":[\"https:\\\/\\\/www.facebook.com\\\/Fuentes-Fidedignas-368234489921644\",\"https:\\\/\\\/x.com\\\/fidedignas\"]},{\"@type\":\"Person\",\"@id\":\"https:\\\/\\\/fuentesfidedignas.com.mx\\\/#\\\/schema\\\/person\\\/47ec0135738f4b0c7495f06a77a2c976\",\"name\":\"Milenio\",\"image\":{\"@type\":\"ImageObject\",\"inLanguage\":\"es\",\"@id\":\"https:\\\/\\\/secure.gravatar.com\\\/avatar\\\/acabf7b54753e51c2c76457954577c236b3b764789b19879565769739d1e4a75?s=96&d=mm&r=g\",\"url\":\"https:\\\/\\\/secure.gravatar.com\\\/avatar\\\/acabf7b54753e51c2c76457954577c236b3b764789b19879565769739d1e4a75?s=96&d=mm&r=g\",\"contentUrl\":\"https:\\\/\\\/secure.gravatar.com\\\/avatar\\\/acabf7b54753e51c2c76457954577c236b3b764789b19879565769739d1e4a75?s=96&d=mm&r=g\",\"caption\":\"Milenio\"},\"url\":\"https:\\\/\\\/fuentesfidedignas.com.mx\\\/index.php\\\/author\\\/milenio\\\/\"}]}<\/script>\n<!-- \/ Yoast SEO plugin. -->","yoast_head_json":{"title":"Covid-19, principal causa de muerte en primer semestre de 2021: Inegi - Fuentes Fidedignas","robots":{"index":"index","follow":"follow","max-snippet":"max-snippet:-1","max-image-preview":"max-image-preview:large","max-video-preview":"max-video-preview:-1"},"canonical":"https:\/\/fuentesfidedignas.com.mx\/index.php\/2022\/01\/24\/covid-19-principal-causa-de-muerte-en-primer-semestre-de-2021-inegi\/","og_locale":"es_MX","og_type":"article","og_title":"Covid-19, principal causa de muerte en primer semestre de 2021: Inegi - Fuentes Fidedignas","og_description":"Frente al mismo periodo de 2020, en primer semestre de 2021 se present\u00f3 un incremento de 110 mil 312 p\u00e9rdidas humanas, equivalente a 23.5 por ciento Ciudad de M\u00e9xico.- En el primer semestre de 2021 se registr\u00f3 el mayor n\u00famero de muertes en el pa\u00eds, puesto que fallecieron 579 mil 596 personas, de acuerdo con [&hellip;]","og_url":"https:\/\/fuentesfidedignas.com.mx\/index.php\/2022\/01\/24\/covid-19-principal-causa-de-muerte-en-primer-semestre-de-2021-inegi\/","og_site_name":"Fuentes Fidedignas","article_publisher":"https:\/\/www.facebook.com\/Fuentes-Fidedignas-368234489921644","article_published_time":"2022-01-24T22:45:52+00:00","article_modified_time":"2022-01-24T22:45:54+00:00","og_image":[{"width":958,"height":596,"url":"https:\/\/fuentesfidedignas.com.mx\/wp-content\/uploads\/2022\/01\/panteon-en-guadalajara-cortesia.jpg","type":"image\/jpeg"}],"author":"Milenio","twitter_card":"summary_large_image","twitter_creator":"@fidedignas","twitter_site":"@fidedignas","twitter_misc":{"Escrito por":"Milenio","Tiempo de lectura":"2 minutos"},"schema":{"@context":"https:\/\/schema.org","@graph":[{"@type":"Article","@id":"https:\/\/fuentesfidedignas.com.mx\/index.php\/2022\/01\/24\/covid-19-principal-causa-de-muerte-en-primer-semestre-de-2021-inegi\/#article","isPartOf":{"@id":"https:\/\/fuentesfidedignas.com.mx\/index.php\/2022\/01\/24\/covid-19-principal-causa-de-muerte-en-primer-semestre-de-2021-inegi\/"},"author":{"name":"Milenio","@id":"https:\/\/fuentesfidedignas.com.mx\/#\/schema\/person\/47ec0135738f4b0c7495f06a77a2c976"},"headline":"Covid-19, principal causa de muerte en primer semestre de 2021: Inegi","datePublished":"2022-01-24T22:45:52+00:00","dateModified":"2022-01-24T22:45:54+00:00","mainEntityOfPage":{"@id":"https:\/\/fuentesfidedignas.com.mx\/index.php\/2022\/01\/24\/covid-19-principal-causa-de-muerte-en-primer-semestre-de-2021-inegi\/"},"wordCount":303,"commentCount":0,"publisher":{"@id":"https:\/\/fuentesfidedignas.com.mx\/#organization"},"image":{"@id":"https:\/\/fuentesfidedignas.com.mx\/index.php\/2022\/01\/24\/covid-19-principal-causa-de-muerte-en-primer-semestre-de-2021-inegi\/#primaryimage"},"thumbnailUrl":"https:\/\/fuentesfidedignas.com.mx\/wp-content\/uploads\/2022\/01\/panteon-en-guadalajara-cortesia.jpg","inLanguage":"es","potentialAction":[{"@type":"CommentAction","name":"Comment","target":["https:\/\/fuentesfidedignas.com.mx\/index.php\/2022\/01\/24\/covid-19-principal-causa-de-muerte-en-primer-semestre-de-2021-inegi\/#respond"]}]},{"@type":"WebPage","@id":"https:\/\/fuentesfidedignas.com.mx\/index.php\/2022\/01\/24\/covid-19-principal-causa-de-muerte-en-primer-semestre-de-2021-inegi\/","url":"https:\/\/fuentesfidedignas.com.mx\/index.php\/2022\/01\/24\/covid-19-principal-causa-de-muerte-en-primer-semestre-de-2021-inegi\/","name":"Covid-19, principal causa de muerte en primer semestre de 2021: Inegi - Fuentes Fidedignas","isPartOf":{"@id":"https:\/\/fuentesfidedignas.com.mx\/#website"},"primaryImageOfPage":{"@id":"https:\/\/fuentesfidedignas.com.mx\/index.php\/2022\/01\/24\/covid-19-principal-causa-de-muerte-en-primer-semestre-de-2021-inegi\/#primaryimage"},"image":{"@id":"https:\/\/fuentesfidedignas.com.mx\/index.php\/2022\/01\/24\/covid-19-principal-causa-de-muerte-en-primer-semestre-de-2021-inegi\/#primaryimage"},"thumbnailUrl":"https:\/\/fuentesfidedignas.com.mx\/wp-content\/uploads\/2022\/01\/panteon-en-guadalajara-cortesia.jpg","datePublished":"2022-01-24T22:45:52+00:00","dateModified":"2022-01-24T22:45:54+00:00","breadcrumb":{"@id":"https:\/\/fuentesfidedignas.com.mx\/index.php\/2022\/01\/24\/covid-19-principal-causa-de-muerte-en-primer-semestre-de-2021-inegi\/#breadcrumb"},"inLanguage":"es","potentialAction":[{"@type":"ReadAction","target":["https:\/\/fuentesfidedignas.com.mx\/index.php\/2022\/01\/24\/covid-19-principal-causa-de-muerte-en-primer-semestre-de-2021-inegi\/"]}]},{"@type":"ImageObject","inLanguage":"es","@id":"https:\/\/fuentesfidedignas.com.mx\/index.php\/2022\/01\/24\/covid-19-principal-causa-de-muerte-en-primer-semestre-de-2021-inegi\/#primaryimage","url":"https:\/\/fuentesfidedignas.com.mx\/wp-content\/uploads\/2022\/01\/panteon-en-guadalajara-cortesia.jpg","contentUrl":"https:\/\/fuentesfidedignas.com.mx\/wp-content\/uploads\/2022\/01\/panteon-en-guadalajara-cortesia.jpg","width":958,"height":596},{"@type":"BreadcrumbList","@id":"https:\/\/fuentesfidedignas.com.mx\/index.php\/2022\/01\/24\/covid-19-principal-causa-de-muerte-en-primer-semestre-de-2021-inegi\/#breadcrumb","itemListElement":[{"@type":"ListItem","position":1,"name":"Inicio","item":"https:\/\/fuentesfidedignas.com.mx\/"},{"@type":"ListItem","position":2,"name":"Covid-19, principal causa de muerte en primer semestre de 2021: Inegi"}]},{"@type":"WebSite","@id":"https:\/\/fuentesfidedignas.com.mx\/#website","url":"https:\/\/fuentesfidedignas.com.mx\/","name":"Fuentes Fidedignas","description":"Otro sitio realizado con WordPress","publisher":{"@id":"https:\/\/fuentesfidedignas.com.mx\/#organization"},"potentialAction":[{"@type":"SearchAction","target":{"@type":"EntryPoint","urlTemplate":"https:\/\/fuentesfidedignas.com.mx\/?s={search_term_string}"},"query-input":{"@type":"PropertyValueSpecification","valueRequired":true,"valueName":"search_term_string"}}],"inLanguage":"es"},{"@type":"Organization","@id":"https:\/\/fuentesfidedignas.com.mx\/#organization","name":"Fuentes Fidedignas","url":"https:\/\/fuentesfidedignas.com.mx\/","logo":{"@type":"ImageObject","inLanguage":"es","@id":"https:\/\/fuentesfidedignas.com.mx\/#\/schema\/logo\/image\/","url":"https:\/\/fuentesfidedignas.com.mx\/wp-content\/uploads\/2021\/04\/logo-retina.png","contentUrl":"https:\/\/fuentesfidedignas.com.mx\/wp-content\/uploads\/2021\/04\/logo-retina.png","width":280,"height":51,"caption":"Fuentes Fidedignas"},"image":{"@id":"https:\/\/fuentesfidedignas.com.mx\/#\/schema\/logo\/image\/"},"sameAs":["https:\/\/www.facebook.com\/Fuentes-Fidedignas-368234489921644","https:\/\/x.com\/fidedignas"]},{"@type":"Person","@id":"https:\/\/fuentesfidedignas.com.mx\/#\/schema\/person\/47ec0135738f4b0c7495f06a77a2c976","name":"Milenio","image":{"@type":"ImageObject","inLanguage":"es","@id":"https:\/\/secure.gravatar.com\/avatar\/acabf7b54753e51c2c76457954577c236b3b764789b19879565769739d1e4a75?s=96&d=mm&r=g","url":"https:\/\/secure.gravatar.com\/avatar\/acabf7b54753e51c2c76457954577c236b3b764789b19879565769739d1e4a75?s=96&d=mm&r=g","contentUrl":"https:\/\/secure.gravatar.com\/avatar\/acabf7b54753e51c2c76457954577c236b3b764789b19879565769739d1e4a75?s=96&d=mm&r=g","caption":"Milenio"},"url":"https:\/\/fuentesfidedignas.com.mx\/index.php\/author\/milenio\/"}]}},"_links":{"self":[{"href":"https:\/\/fuentesfidedignas.com.mx\/index.php\/wp-json\/wp\/v2\/posts\/22531","targetHints":{"allow":["GET"]}}],"collection":[{"href":"https:\/\/fuentesfidedignas.com.mx\/index.php\/wp-json\/wp\/v2\/posts"}],"about":[{"href":"https:\/\/fuentesfidedignas.com.mx\/index.php\/wp-json\/wp\/v2\/types\/post"}],"author":[{"embeddable":true,"href":"https:\/\/fuentesfidedignas.com.mx\/index.php\/wp-json\/wp\/v2\/users\/9"}],"replies":[{"embeddable":true,"href":"https:\/\/fuentesfidedignas.com.mx\/index.php\/wp-json\/wp\/v2\/comments?post=22531"}],"version-history":[{"count":1,"href":"https:\/\/fuentesfidedignas.com.mx\/index.php\/wp-json\/wp\/v2\/posts\/22531\/revisions"}],"predecessor-version":[{"id":22533,"href":"https:\/\/fuentesfidedignas.com.mx\/index.php\/wp-json\/wp\/v2\/posts\/22531\/revisions\/22533"}],"wp:featuredmedia":[{"embeddable":true,"href":"https:\/\/fuentesfidedignas.com.mx\/index.php\/wp-json\/wp\/v2\/media\/22532"}],"wp:attachment":[{"href":"https:\/\/fuentesfidedignas.com.mx\/index.php\/wp-json\/wp\/v2\/media?parent=22531"}],"wp:term":[{"taxonomy":"category","embeddable":true,"href":"https:\/\/fuentesfidedignas.com.mx\/index.php\/wp-json\/wp\/v2\/categories?post=22531"},{"taxonomy":"post_tag","embeddable":true,"href":"https:\/\/fuentesfidedignas.com.mx\/index.php\/wp-json\/wp\/v2\/tags?post=22531"}],"curies":[{"name":"wp","href":"https:\/\/api.w.org\/{rel}","templated":true}]}}