{"id":22528,"date":"2022-01-24T12:51:40","date_gmt":"2022-01-24T19:51:40","guid":{"rendered":"https:\/\/fuentesfidedignas.com.mx\/?p=22528"},"modified":"2022-01-24T12:51:41","modified_gmt":"2022-01-24T19:51:41","slug":"se-reune-alcalde-de-culiacan-con-la-asociacion-de-autoridades-locales-de-mexico-a-c","status":"publish","type":"post","link":"https:\/\/fuentesfidedignas.com.mx\/index.php\/2022\/01\/24\/se-reune-alcalde-de-culiacan-con-la-asociacion-de-autoridades-locales-de-mexico-a-c\/","title":{"rendered":"Se re\u00fane alcalde de Culiac\u00e1n con la Asociaci\u00f3n de Autoridades Locales de M\u00e9xico A.C."},"content":{"rendered":"\n<p><em><strong>Durante el encuentro se abordaron temas de las pol\u00edticas implementadas en cada municipio que integran este grupo, sus logros y aciertos<\/strong><\/em><\/p>\n\n\n\n<p>Culiac\u00e1n, Sin.- Esta ma\u00f1ana el Alcalde de Culiac\u00e1n Lic. Jes\u00fas Estrada Ferreiro, se reuni\u00f3 v\u00eda Zoom con la Asociaci\u00f3n de Autoridades Locales de M\u00e9xico A.C. (AALMA).<\/p>\n\n\n\n<p>Este organismo est\u00e1 integrado por 399 gobiernos locales, con presencia en 26 estados, 385 municipios y 14 jefaturas delegaciones en la capital del pa\u00eds, representando a una poblaci\u00f3n de m\u00e1s de 22 millones de habitantes.<\/p>\n\n\n\n<p>La junta fue encabezada por Claudia Sheinbaum, Jefa de Gobierno de la Ciudad de M\u00e9xico y la Lic. Mariela Guti\u00e9rrez, Alcaldesa de Tec\u00e1mac, CDMX, y Presidenta de dicha Asociaci\u00f3n.<\/p>\n\n\n\n<p>Durante el encuentro se abordaron temas de las pol\u00edticas implementadas en cada municipio que integran este grupo, sus logros y aciertos, de lo cual en Culiac\u00e1n el Alcalde Estrada Ferreiro destac\u00f3 la transparencia.<\/p>\n\n\n\n<p>\u201cCelebro que la nueva pol\u00edtica sea directa de DIF nacional con los DIF Municipales, porque es una forma de tratar las cosas sin intermediarios, ya que esto puede entorpecer los programas&#8221;, expres\u00f3 el primer edil.<\/p>\n\n\n\n<p>Resalt\u00f3 adem\u00e1s que la administraci\u00f3n municipal se ha alineado desde un inicio con la pol\u00edtica del Presidente de la Rep\u00fablica Andr\u00e9s Manuel L\u00f3pez Obrador de ayudar a los m\u00e1s desprotegidos en forma directa.<\/p>\n\n\n\n<p>&#8220;Ya las cobijas, despensas y vivienda, ya no se dan a trav\u00e9s de partidos o jefes de colonia, regidores o diputados. Hoy tenemos el orgullo de decir que el INAI nos dio un reconocimiento a nivel nacional en transparencia, porque no damos apoyos a quien no los necesita\u201d, agreg\u00f3.<\/p>\n\n\n\n<p>La AALM es una asociaci\u00f3n surgida en 1997 agrupando a gobiernos municipales democr\u00e1ticos del pa\u00eds; surge por la necesidad de transformar el modelo del gobierno local y mostrar la visi\u00f3n de la izquierda mexicana.<\/p>\n\n\n\n<p>Para ello impulsa la Agenda Municipal Nacional, desarrollando gestiones y relaciones institucionales con los otros \u00f3rdenes de gobierno, el Congreso de la Uni\u00f3n, los Congresos Locales e instancias nacionales e internacionales, todo esto, con el prop\u00f3sito de fortalecer a nuestros gobiernos y favorecer la soluci\u00f3n de sus demandas.<\/p>\n","protected":false},"excerpt":{"rendered":"<p>Durante el encuentro se abordaron temas de las pol\u00edticas implementadas en cada municipio que integran este grupo, sus logros y aciertos Culiac\u00e1n, Sin.- Esta ma\u00f1ana el Alcalde de Culiac\u00e1n Lic. Jes\u00fas Estrada Ferreiro, se reuni\u00f3 v\u00eda Zoom con la Asociaci\u00f3n de Autoridades Locales de M\u00e9xico A.C. (AALMA). Este organismo est\u00e1 integrado por 399 gobiernos locales, [&hellip;]<\/p>\n","protected":false},"author":4,"featured_media":22529,"comment_status":"open","ping_status":"open","sticky":false,"template":"","format":"standard","meta":{"tdm_status":"","tdm_grid_status":"","footnotes":""},"categories":[38],"tags":[782],"class_list":{"0":"post-22528","1":"post","2":"type-post","3":"status-publish","4":"format-standard","5":"has-post-thumbnail","7":"category-noticias-locales","8":"tag-jesus-estrada-ferreiro"},"yoast_head":"<!-- This site is optimized with the Yoast SEO plugin v27.5 - https:\/\/yoast.com\/product\/yoast-seo-wordpress\/ -->\n<title>Se re\u00fane alcalde de Culiac\u00e1n con la Asociaci\u00f3n de Autoridades Locales de M\u00e9xico A.C. - Fuentes Fidedignas<\/title>\n<meta name=\"robots\" content=\"index, follow, max-snippet:-1, max-image-preview:large, max-video-preview:-1\" \/>\n<link rel=\"canonical\" href=\"https:\/\/fuentesfidedignas.com.mx\/index.php\/2022\/01\/24\/se-reune-alcalde-de-culiacan-con-la-asociacion-de-autoridades-locales-de-mexico-a-c\/\" \/>\n<meta property=\"og:locale\" content=\"es_MX\" \/>\n<meta property=\"og:type\" content=\"article\" \/>\n<meta property=\"og:title\" content=\"Se re\u00fane alcalde de Culiac\u00e1n con la Asociaci\u00f3n de Autoridades Locales de M\u00e9xico A.C. - Fuentes Fidedignas\" \/>\n<meta property=\"og:description\" content=\"Durante el encuentro se abordaron temas de las pol\u00edticas implementadas en cada municipio que integran este grupo, sus logros y aciertos Culiac\u00e1n, Sin.- Esta ma\u00f1ana el Alcalde de Culiac\u00e1n Lic. Jes\u00fas Estrada Ferreiro, se reuni\u00f3 v\u00eda Zoom con la Asociaci\u00f3n de Autoridades Locales de M\u00e9xico A.C. (AALMA). Este organismo est\u00e1 integrado por 399 gobiernos locales, [&hellip;]\" \/>\n<meta property=\"og:url\" content=\"https:\/\/fuentesfidedignas.com.mx\/index.php\/2022\/01\/24\/se-reune-alcalde-de-culiacan-con-la-asociacion-de-autoridades-locales-de-mexico-a-c\/\" \/>\n<meta property=\"og:site_name\" content=\"Fuentes Fidedignas\" \/>\n<meta property=\"article:publisher\" content=\"https:\/\/www.facebook.com\/Fuentes-Fidedignas-368234489921644\" \/>\n<meta property=\"article:published_time\" content=\"2022-01-24T19:51:40+00:00\" \/>\n<meta property=\"article:modified_time\" content=\"2022-01-24T19:51:41+00:00\" \/>\n<meta property=\"og:image\" content=\"https:\/\/fuentesfidedignas.com.mx\/wp-content\/uploads\/2022\/01\/ALCALDE_CLN.jpg\" \/>\n\t<meta property=\"og:image:width\" content=\"1280\" \/>\n\t<meta property=\"og:image:height\" content=\"720\" \/>\n\t<meta property=\"og:image:type\" content=\"image\/jpeg\" \/>\n<meta name=\"author\" content=\"Redacci\u00f3n\" \/>\n<meta name=\"twitter:card\" content=\"summary_large_image\" \/>\n<meta name=\"twitter:creator\" content=\"@fidedignas\" \/>\n<meta name=\"twitter:site\" content=\"@fidedignas\" \/>\n<meta name=\"twitter:label1\" content=\"Escrito por\" \/>\n\t<meta name=\"twitter:data1\" content=\"Redacci\u00f3n\" \/>\n\t<meta name=\"twitter:label2\" content=\"Tiempo de lectura\" \/>\n\t<meta name=\"twitter:data2\" content=\"2 minutos\" \/>\n<script type=\"application\/ld+json\" class=\"yoast-schema-graph\">{\"@context\":\"https:\\\/\\\/schema.org\",\"@graph\":[{\"@type\":\"Article\",\"@id\":\"https:\\\/\\\/fuentesfidedignas.com.mx\\\/index.php\\\/2022\\\/01\\\/24\\\/se-reune-alcalde-de-culiacan-con-la-asociacion-de-autoridades-locales-de-mexico-a-c\\\/#article\",\"isPartOf\":{\"@id\":\"https:\\\/\\\/fuentesfidedignas.com.mx\\\/index.php\\\/2022\\\/01\\\/24\\\/se-reune-alcalde-de-culiacan-con-la-asociacion-de-autoridades-locales-de-mexico-a-c\\\/\"},\"author\":{\"name\":\"Redacci\u00f3n\",\"@id\":\"https:\\\/\\\/fuentesfidedignas.com.mx\\\/#\\\/schema\\\/person\\\/331be9283d37198e2acd5750279085b0\"},\"headline\":\"Se re\u00fane alcalde de Culiac\u00e1n con la Asociaci\u00f3n de Autoridades Locales de M\u00e9xico A.C.\",\"datePublished\":\"2022-01-24T19:51:40+00:00\",\"dateModified\":\"2022-01-24T19:51:41+00:00\",\"mainEntityOfPage\":{\"@id\":\"https:\\\/\\\/fuentesfidedignas.com.mx\\\/index.php\\\/2022\\\/01\\\/24\\\/se-reune-alcalde-de-culiacan-con-la-asociacion-de-autoridades-locales-de-mexico-a-c\\\/\"},\"wordCount\":391,\"commentCount\":0,\"publisher\":{\"@id\":\"https:\\\/\\\/fuentesfidedignas.com.mx\\\/#organization\"},\"image\":{\"@id\":\"https:\\\/\\\/fuentesfidedignas.com.mx\\\/index.php\\\/2022\\\/01\\\/24\\\/se-reune-alcalde-de-culiacan-con-la-asociacion-de-autoridades-locales-de-mexico-a-c\\\/#primaryimage\"},\"thumbnailUrl\":\"https:\\\/\\\/fuentesfidedignas.com.mx\\\/wp-content\\\/uploads\\\/2022\\\/01\\\/ALCALDE_CLN.jpg\",\"keywords\":[\"Jes\u00fas Estrada Ferreiro\"],\"articleSection\":[\"NOTICIAS LOCALES\"],\"inLanguage\":\"es\",\"potentialAction\":[{\"@type\":\"CommentAction\",\"name\":\"Comment\",\"target\":[\"https:\\\/\\\/fuentesfidedignas.com.mx\\\/index.php\\\/2022\\\/01\\\/24\\\/se-reune-alcalde-de-culiacan-con-la-asociacion-de-autoridades-locales-de-mexico-a-c\\\/#respond\"]}]},{\"@type\":\"WebPage\",\"@id\":\"https:\\\/\\\/fuentesfidedignas.com.mx\\\/index.php\\\/2022\\\/01\\\/24\\\/se-reune-alcalde-de-culiacan-con-la-asociacion-de-autoridades-locales-de-mexico-a-c\\\/\",\"url\":\"https:\\\/\\\/fuentesfidedignas.com.mx\\\/index.php\\\/2022\\\/01\\\/24\\\/se-reune-alcalde-de-culiacan-con-la-asociacion-de-autoridades-locales-de-mexico-a-c\\\/\",\"name\":\"Se re\u00fane alcalde de Culiac\u00e1n con la Asociaci\u00f3n de Autoridades Locales de M\u00e9xico A.C. - Fuentes Fidedignas\",\"isPartOf\":{\"@id\":\"https:\\\/\\\/fuentesfidedignas.com.mx\\\/#website\"},\"primaryImageOfPage\":{\"@id\":\"https:\\\/\\\/fuentesfidedignas.com.mx\\\/index.php\\\/2022\\\/01\\\/24\\\/se-reune-alcalde-de-culiacan-con-la-asociacion-de-autoridades-locales-de-mexico-a-c\\\/#primaryimage\"},\"image\":{\"@id\":\"https:\\\/\\\/fuentesfidedignas.com.mx\\\/index.php\\\/2022\\\/01\\\/24\\\/se-reune-alcalde-de-culiacan-con-la-asociacion-de-autoridades-locales-de-mexico-a-c\\\/#primaryimage\"},\"thumbnailUrl\":\"https:\\\/\\\/fuentesfidedignas.com.mx\\\/wp-content\\\/uploads\\\/2022\\\/01\\\/ALCALDE_CLN.jpg\",\"datePublished\":\"2022-01-24T19:51:40+00:00\",\"dateModified\":\"2022-01-24T19:51:41+00:00\",\"breadcrumb\":{\"@id\":\"https:\\\/\\\/fuentesfidedignas.com.mx\\\/index.php\\\/2022\\\/01\\\/24\\\/se-reune-alcalde-de-culiacan-con-la-asociacion-de-autoridades-locales-de-mexico-a-c\\\/#breadcrumb\"},\"inLanguage\":\"es\",\"potentialAction\":[{\"@type\":\"ReadAction\",\"target\":[\"https:\\\/\\\/fuentesfidedignas.com.mx\\\/index.php\\\/2022\\\/01\\\/24\\\/se-reune-alcalde-de-culiacan-con-la-asociacion-de-autoridades-locales-de-mexico-a-c\\\/\"]}]},{\"@type\":\"ImageObject\",\"inLanguage\":\"es\",\"@id\":\"https:\\\/\\\/fuentesfidedignas.com.mx\\\/index.php\\\/2022\\\/01\\\/24\\\/se-reune-alcalde-de-culiacan-con-la-asociacion-de-autoridades-locales-de-mexico-a-c\\\/#primaryimage\",\"url\":\"https:\\\/\\\/fuentesfidedignas.com.mx\\\/wp-content\\\/uploads\\\/2022\\\/01\\\/ALCALDE_CLN.jpg\",\"contentUrl\":\"https:\\\/\\\/fuentesfidedignas.com.mx\\\/wp-content\\\/uploads\\\/2022\\\/01\\\/ALCALDE_CLN.jpg\",\"width\":1280,\"height\":720},{\"@type\":\"BreadcrumbList\",\"@id\":\"https:\\\/\\\/fuentesfidedignas.com.mx\\\/index.php\\\/2022\\\/01\\\/24\\\/se-reune-alcalde-de-culiacan-con-la-asociacion-de-autoridades-locales-de-mexico-a-c\\\/#breadcrumb\",\"itemListElement\":[{\"@type\":\"ListItem\",\"position\":1,\"name\":\"Inicio\",\"item\":\"https:\\\/\\\/fuentesfidedignas.com.mx\\\/\"},{\"@type\":\"ListItem\",\"position\":2,\"name\":\"Se re\u00fane alcalde de Culiac\u00e1n con la Asociaci\u00f3n de Autoridades Locales de M\u00e9xico A.C.\"}]},{\"@type\":\"WebSite\",\"@id\":\"https:\\\/\\\/fuentesfidedignas.com.mx\\\/#website\",\"url\":\"https:\\\/\\\/fuentesfidedignas.com.mx\\\/\",\"name\":\"Fuentes Fidedignas\",\"description\":\"Otro sitio realizado con WordPress\",\"publisher\":{\"@id\":\"https:\\\/\\\/fuentesfidedignas.com.mx\\\/#organization\"},\"potentialAction\":[{\"@type\":\"SearchAction\",\"target\":{\"@type\":\"EntryPoint\",\"urlTemplate\":\"https:\\\/\\\/fuentesfidedignas.com.mx\\\/?s={search_term_string}\"},\"query-input\":{\"@type\":\"PropertyValueSpecification\",\"valueRequired\":true,\"valueName\":\"search_term_string\"}}],\"inLanguage\":\"es\"},{\"@type\":\"Organization\",\"@id\":\"https:\\\/\\\/fuentesfidedignas.com.mx\\\/#organization\",\"name\":\"Fuentes Fidedignas\",\"url\":\"https:\\\/\\\/fuentesfidedignas.com.mx\\\/\",\"logo\":{\"@type\":\"ImageObject\",\"inLanguage\":\"es\",\"@id\":\"https:\\\/\\\/fuentesfidedignas.com.mx\\\/#\\\/schema\\\/logo\\\/image\\\/\",\"url\":\"https:\\\/\\\/fuentesfidedignas.com.mx\\\/wp-content\\\/uploads\\\/2021\\\/04\\\/logo-retina.png\",\"contentUrl\":\"https:\\\/\\\/fuentesfidedignas.com.mx\\\/wp-content\\\/uploads\\\/2021\\\/04\\\/logo-retina.png\",\"width\":280,\"height\":51,\"caption\":\"Fuentes Fidedignas\"},\"image\":{\"@id\":\"https:\\\/\\\/fuentesfidedignas.com.mx\\\/#\\\/schema\\\/logo\\\/image\\\/\"},\"sameAs\":[\"https:\\\/\\\/www.facebook.com\\\/Fuentes-Fidedignas-368234489921644\",\"https:\\\/\\\/x.com\\\/fidedignas\"]},{\"@type\":\"Person\",\"@id\":\"https:\\\/\\\/fuentesfidedignas.com.mx\\\/#\\\/schema\\\/person\\\/331be9283d37198e2acd5750279085b0\",\"name\":\"Redacci\u00f3n\",\"image\":{\"@type\":\"ImageObject\",\"inLanguage\":\"es\",\"@id\":\"https:\\\/\\\/secure.gravatar.com\\\/avatar\\\/f6d8782c11d12b2d4ad3fbb6931aeab5309937a4d6cd2fc9cfaa28a6396a5aec?s=96&d=mm&r=g\",\"url\":\"https:\\\/\\\/secure.gravatar.com\\\/avatar\\\/f6d8782c11d12b2d4ad3fbb6931aeab5309937a4d6cd2fc9cfaa28a6396a5aec?s=96&d=mm&r=g\",\"contentUrl\":\"https:\\\/\\\/secure.gravatar.com\\\/avatar\\\/f6d8782c11d12b2d4ad3fbb6931aeab5309937a4d6cd2fc9cfaa28a6396a5aec?s=96&d=mm&r=g\",\"caption\":\"Redacci\u00f3n\"},\"url\":\"https:\\\/\\\/fuentesfidedignas.com.mx\\\/index.php\\\/author\\\/redaccion\\\/\"}]}<\/script>\n<!-- \/ Yoast SEO plugin. -->","yoast_head_json":{"title":"Se re\u00fane alcalde de Culiac\u00e1n con la Asociaci\u00f3n de Autoridades Locales de M\u00e9xico A.C. - Fuentes Fidedignas","robots":{"index":"index","follow":"follow","max-snippet":"max-snippet:-1","max-image-preview":"max-image-preview:large","max-video-preview":"max-video-preview:-1"},"canonical":"https:\/\/fuentesfidedignas.com.mx\/index.php\/2022\/01\/24\/se-reune-alcalde-de-culiacan-con-la-asociacion-de-autoridades-locales-de-mexico-a-c\/","og_locale":"es_MX","og_type":"article","og_title":"Se re\u00fane alcalde de Culiac\u00e1n con la Asociaci\u00f3n de Autoridades Locales de M\u00e9xico A.C. - Fuentes Fidedignas","og_description":"Durante el encuentro se abordaron temas de las pol\u00edticas implementadas en cada municipio que integran este grupo, sus logros y aciertos Culiac\u00e1n, Sin.- Esta ma\u00f1ana el Alcalde de Culiac\u00e1n Lic. Jes\u00fas Estrada Ferreiro, se reuni\u00f3 v\u00eda Zoom con la Asociaci\u00f3n de Autoridades Locales de M\u00e9xico A.C. (AALMA). Este organismo est\u00e1 integrado por 399 gobiernos locales, [&hellip;]","og_url":"https:\/\/fuentesfidedignas.com.mx\/index.php\/2022\/01\/24\/se-reune-alcalde-de-culiacan-con-la-asociacion-de-autoridades-locales-de-mexico-a-c\/","og_site_name":"Fuentes Fidedignas","article_publisher":"https:\/\/www.facebook.com\/Fuentes-Fidedignas-368234489921644","article_published_time":"2022-01-24T19:51:40+00:00","article_modified_time":"2022-01-24T19:51:41+00:00","og_image":[{"width":1280,"height":720,"url":"https:\/\/fuentesfidedignas.com.mx\/wp-content\/uploads\/2022\/01\/ALCALDE_CLN.jpg","type":"image\/jpeg"}],"author":"Redacci\u00f3n","twitter_card":"summary_large_image","twitter_creator":"@fidedignas","twitter_site":"@fidedignas","twitter_misc":{"Escrito por":"Redacci\u00f3n","Tiempo de lectura":"2 minutos"},"schema":{"@context":"https:\/\/schema.org","@graph":[{"@type":"Article","@id":"https:\/\/fuentesfidedignas.com.mx\/index.php\/2022\/01\/24\/se-reune-alcalde-de-culiacan-con-la-asociacion-de-autoridades-locales-de-mexico-a-c\/#article","isPartOf":{"@id":"https:\/\/fuentesfidedignas.com.mx\/index.php\/2022\/01\/24\/se-reune-alcalde-de-culiacan-con-la-asociacion-de-autoridades-locales-de-mexico-a-c\/"},"author":{"name":"Redacci\u00f3n","@id":"https:\/\/fuentesfidedignas.com.mx\/#\/schema\/person\/331be9283d37198e2acd5750279085b0"},"headline":"Se re\u00fane alcalde de Culiac\u00e1n con la Asociaci\u00f3n de Autoridades Locales de M\u00e9xico A.C.","datePublished":"2022-01-24T19:51:40+00:00","dateModified":"2022-01-24T19:51:41+00:00","mainEntityOfPage":{"@id":"https:\/\/fuentesfidedignas.com.mx\/index.php\/2022\/01\/24\/se-reune-alcalde-de-culiacan-con-la-asociacion-de-autoridades-locales-de-mexico-a-c\/"},"wordCount":391,"commentCount":0,"publisher":{"@id":"https:\/\/fuentesfidedignas.com.mx\/#organization"},"image":{"@id":"https:\/\/fuentesfidedignas.com.mx\/index.php\/2022\/01\/24\/se-reune-alcalde-de-culiacan-con-la-asociacion-de-autoridades-locales-de-mexico-a-c\/#primaryimage"},"thumbnailUrl":"https:\/\/fuentesfidedignas.com.mx\/wp-content\/uploads\/2022\/01\/ALCALDE_CLN.jpg","keywords":["Jes\u00fas Estrada Ferreiro"],"articleSection":["NOTICIAS LOCALES"],"inLanguage":"es","potentialAction":[{"@type":"CommentAction","name":"Comment","target":["https:\/\/fuentesfidedignas.com.mx\/index.php\/2022\/01\/24\/se-reune-alcalde-de-culiacan-con-la-asociacion-de-autoridades-locales-de-mexico-a-c\/#respond"]}]},{"@type":"WebPage","@id":"https:\/\/fuentesfidedignas.com.mx\/index.php\/2022\/01\/24\/se-reune-alcalde-de-culiacan-con-la-asociacion-de-autoridades-locales-de-mexico-a-c\/","url":"https:\/\/fuentesfidedignas.com.mx\/index.php\/2022\/01\/24\/se-reune-alcalde-de-culiacan-con-la-asociacion-de-autoridades-locales-de-mexico-a-c\/","name":"Se re\u00fane alcalde de Culiac\u00e1n con la Asociaci\u00f3n de Autoridades Locales de M\u00e9xico A.C. - Fuentes Fidedignas","isPartOf":{"@id":"https:\/\/fuentesfidedignas.com.mx\/#website"},"primaryImageOfPage":{"@id":"https:\/\/fuentesfidedignas.com.mx\/index.php\/2022\/01\/24\/se-reune-alcalde-de-culiacan-con-la-asociacion-de-autoridades-locales-de-mexico-a-c\/#primaryimage"},"image":{"@id":"https:\/\/fuentesfidedignas.com.mx\/index.php\/2022\/01\/24\/se-reune-alcalde-de-culiacan-con-la-asociacion-de-autoridades-locales-de-mexico-a-c\/#primaryimage"},"thumbnailUrl":"https:\/\/fuentesfidedignas.com.mx\/wp-content\/uploads\/2022\/01\/ALCALDE_CLN.jpg","datePublished":"2022-01-24T19:51:40+00:00","dateModified":"2022-01-24T19:51:41+00:00","breadcrumb":{"@id":"https:\/\/fuentesfidedignas.com.mx\/index.php\/2022\/01\/24\/se-reune-alcalde-de-culiacan-con-la-asociacion-de-autoridades-locales-de-mexico-a-c\/#breadcrumb"},"inLanguage":"es","potentialAction":[{"@type":"ReadAction","target":["https:\/\/fuentesfidedignas.com.mx\/index.php\/2022\/01\/24\/se-reune-alcalde-de-culiacan-con-la-asociacion-de-autoridades-locales-de-mexico-a-c\/"]}]},{"@type":"ImageObject","inLanguage":"es","@id":"https:\/\/fuentesfidedignas.com.mx\/index.php\/2022\/01\/24\/se-reune-alcalde-de-culiacan-con-la-asociacion-de-autoridades-locales-de-mexico-a-c\/#primaryimage","url":"https:\/\/fuentesfidedignas.com.mx\/wp-content\/uploads\/2022\/01\/ALCALDE_CLN.jpg","contentUrl":"https:\/\/fuentesfidedignas.com.mx\/wp-content\/uploads\/2022\/01\/ALCALDE_CLN.jpg","width":1280,"height":720},{"@type":"BreadcrumbList","@id":"https:\/\/fuentesfidedignas.com.mx\/index.php\/2022\/01\/24\/se-reune-alcalde-de-culiacan-con-la-asociacion-de-autoridades-locales-de-mexico-a-c\/#breadcrumb","itemListElement":[{"@type":"ListItem","position":1,"name":"Inicio","item":"https:\/\/fuentesfidedignas.com.mx\/"},{"@type":"ListItem","position":2,"name":"Se re\u00fane alcalde de Culiac\u00e1n con la Asociaci\u00f3n de Autoridades Locales de M\u00e9xico A.C."}]},{"@type":"WebSite","@id":"https:\/\/fuentesfidedignas.com.mx\/#website","url":"https:\/\/fuentesfidedignas.com.mx\/","name":"Fuentes Fidedignas","description":"Otro sitio realizado con WordPress","publisher":{"@id":"https:\/\/fuentesfidedignas.com.mx\/#organization"},"potentialAction":[{"@type":"SearchAction","target":{"@type":"EntryPoint","urlTemplate":"https:\/\/fuentesfidedignas.com.mx\/?s={search_term_string}"},"query-input":{"@type":"PropertyValueSpecification","valueRequired":true,"valueName":"search_term_string"}}],"inLanguage":"es"},{"@type":"Organization","@id":"https:\/\/fuentesfidedignas.com.mx\/#organization","name":"Fuentes Fidedignas","url":"https:\/\/fuentesfidedignas.com.mx\/","logo":{"@type":"ImageObject","inLanguage":"es","@id":"https:\/\/fuentesfidedignas.com.mx\/#\/schema\/logo\/image\/","url":"https:\/\/fuentesfidedignas.com.mx\/wp-content\/uploads\/2021\/04\/logo-retina.png","contentUrl":"https:\/\/fuentesfidedignas.com.mx\/wp-content\/uploads\/2021\/04\/logo-retina.png","width":280,"height":51,"caption":"Fuentes Fidedignas"},"image":{"@id":"https:\/\/fuentesfidedignas.com.mx\/#\/schema\/logo\/image\/"},"sameAs":["https:\/\/www.facebook.com\/Fuentes-Fidedignas-368234489921644","https:\/\/x.com\/fidedignas"]},{"@type":"Person","@id":"https:\/\/fuentesfidedignas.com.mx\/#\/schema\/person\/331be9283d37198e2acd5750279085b0","name":"Redacci\u00f3n","image":{"@type":"ImageObject","inLanguage":"es","@id":"https:\/\/secure.gravatar.com\/avatar\/f6d8782c11d12b2d4ad3fbb6931aeab5309937a4d6cd2fc9cfaa28a6396a5aec?s=96&d=mm&r=g","url":"https:\/\/secure.gravatar.com\/avatar\/f6d8782c11d12b2d4ad3fbb6931aeab5309937a4d6cd2fc9cfaa28a6396a5aec?s=96&d=mm&r=g","contentUrl":"https:\/\/secure.gravatar.com\/avatar\/f6d8782c11d12b2d4ad3fbb6931aeab5309937a4d6cd2fc9cfaa28a6396a5aec?s=96&d=mm&r=g","caption":"Redacci\u00f3n"},"url":"https:\/\/fuentesfidedignas.com.mx\/index.php\/author\/redaccion\/"}]}},"_links":{"self":[{"href":"https:\/\/fuentesfidedignas.com.mx\/index.php\/wp-json\/wp\/v2\/posts\/22528","targetHints":{"allow":["GET"]}}],"collection":[{"href":"https:\/\/fuentesfidedignas.com.mx\/index.php\/wp-json\/wp\/v2\/posts"}],"about":[{"href":"https:\/\/fuentesfidedignas.com.mx\/index.php\/wp-json\/wp\/v2\/types\/post"}],"author":[{"embeddable":true,"href":"https:\/\/fuentesfidedignas.com.mx\/index.php\/wp-json\/wp\/v2\/users\/4"}],"replies":[{"embeddable":true,"href":"https:\/\/fuentesfidedignas.com.mx\/index.php\/wp-json\/wp\/v2\/comments?post=22528"}],"version-history":[{"count":1,"href":"https:\/\/fuentesfidedignas.com.mx\/index.php\/wp-json\/wp\/v2\/posts\/22528\/revisions"}],"predecessor-version":[{"id":22530,"href":"https:\/\/fuentesfidedignas.com.mx\/index.php\/wp-json\/wp\/v2\/posts\/22528\/revisions\/22530"}],"wp:featuredmedia":[{"embeddable":true,"href":"https:\/\/fuentesfidedignas.com.mx\/index.php\/wp-json\/wp\/v2\/media\/22529"}],"wp:attachment":[{"href":"https:\/\/fuentesfidedignas.com.mx\/index.php\/wp-json\/wp\/v2\/media?parent=22528"}],"wp:term":[{"taxonomy":"category","embeddable":true,"href":"https:\/\/fuentesfidedignas.com.mx\/index.php\/wp-json\/wp\/v2\/categories?post=22528"},{"taxonomy":"post_tag","embeddable":true,"href":"https:\/\/fuentesfidedignas.com.mx\/index.php\/wp-json\/wp\/v2\/tags?post=22528"}],"curies":[{"name":"wp","href":"https:\/\/api.w.org\/{rel}","templated":true}]}}