{"id":2248,"date":"2021-05-17T09:36:29","date_gmt":"2021-05-17T16:36:29","guid":{"rendered":"https:\/\/fuentesfidedignas.com.mx\/?p=2248"},"modified":"2021-05-17T09:36:30","modified_gmt":"2021-05-17T16:36:30","slug":"oms-alerta-pandemia-esta-lejos-de-su-final-pese-a-2-semanas-de-descensos-en-casos","status":"publish","type":"post","link":"https:\/\/fuentesfidedignas.com.mx\/index.php\/2021\/05\/17\/oms-alerta-pandemia-esta-lejos-de-su-final-pese-a-2-semanas-de-descensos-en-casos\/","title":{"rendered":"OMS alerta: Pandemia \u201cest\u00e1 lejos de su final\u201d pese a 2 semanas de descensos en casos"},"content":{"rendered":"\n<p><strong><em>La semana pasada la OMS registr\u00f3 4.8 millones de nuevos casos de COVID-19 en el mundo, frente a los 5.4 millones de la anterior y los 5.7 de finales de abril, que bati\u00f3 el r\u00e9cord de contagios semanales durante la pandemia.<\/em><\/strong><\/p>\n\n\n\n<p>Ciudad de M\u00e9xico.- Los casos semanales de COVID-19 en el mundo bajaron en los \u00faltimos siete d\u00edas con respecto a la semana anterior, una tendencia que se inici\u00f3 ya a principios de mayo, aunque \u201cla pandemia est\u00e1 lejos de su final\u201d, asegur\u00f3 hoy el director general de la Organizaci\u00f3n Mundial de la Salud (OMS).<\/p>\n\n\n\n<p>\u201cHay una enorme desconexi\u00f3n entre pa\u00edses con altas tasas de vacunaci\u00f3n, en los que la mentalidad ya es de que la pandemia ha terminado, y otros que experimentan enormes olas de infecci\u00f3n\u201d, advirti\u00f3 el m\u00e1ximo responsable de la OMS, Tedros Adhanom Ghebreyesus, en rueda de prensa.<\/p>\n\n\n\n<p>La semana pasada la OMS registr\u00f3 4.8 millones de nuevos casos de COVID-19 en el mundo, frente a los 5.4 millones de la anterior y los 5.7 de finales de abril, que bati\u00f3 el r\u00e9cord de contagios semanales durante la pandemia.<\/p>\n\n\n\n<p>\u201cLa situaci\u00f3n en algunos pa\u00edses sigue siendo muy preocupante, la pandemia est\u00e1 lejos de su final y no lo har\u00e1 en ninguna parte hasta que no acabe en todo el mundo\u201d, recalc\u00f3 el experto et\u00edope.<\/p>\n\n\n\n<p>\u201cIncluso pa\u00edses que antes han tenido \u00e9xito en contener los casos est\u00e1n viendo ahora un dram\u00e1tico aumento de \u00e9stos, as\u00ed como de las hospitalizaciones y muertes\u201d, a\u00f1adi\u00f3, en aparente alusi\u00f3n a los aumentos de contagios que se est\u00e1n registrando en algunos lugares de Asia Oriental.<\/p>\n\n\n\n<p>Tedros afirm\u00f3 que la lucha contra la pandemia a\u00fan tiene que superar obst\u00e1culos como la aparici\u00f3n de nuevas variantes del coronavirus, la falta de suministro en algunos pa\u00edses de ox\u00edgeno o en ocasiones la excesivamente r\u00e1pida relajaci\u00f3n de las medidas de prevenci\u00f3n de contagios.<\/p>\n\n\n\n<p>\u201cIncluso en pa\u00edses donde los casos han bajado es clave continuar la secuenciaci\u00f3n gen\u00f3mica (de posibles variantes del coronavirus) para evitar que las medidas de prevenci\u00f3n no se levanten prematuramente\u201d, insisti\u00f3 el director general.<\/p>\n","protected":false},"excerpt":{"rendered":"<p>La semana pasada la OMS registr\u00f3 4.8 millones de nuevos casos de COVID-19 en el mundo, frente a los 5.4 millones de la anterior y los 5.7 de finales de abril, que bati\u00f3 el r\u00e9cord de contagios semanales durante la pandemia. Ciudad de M\u00e9xico.- Los casos semanales de COVID-19 en el mundo bajaron en los [&hellip;]<\/p>\n","protected":false},"author":5,"featured_media":2249,"comment_status":"open","ping_status":"open","sticky":false,"template":"","format":"standard","meta":{"tdm_status":"","tdm_grid_status":"","footnotes":""},"categories":[39],"tags":[332,59,416],"class_list":{"0":"post-2248","1":"post","2":"type-post","3":"status-publish","4":"format-standard","5":"has-post-thumbnail","7":"category-noticias-nacionales","8":"tag-coronavirus","9":"tag-covid-19","10":"tag-sars-cov-2"},"yoast_head":"<!-- This site is optimized with the Yoast SEO plugin v27.5 - https:\/\/yoast.com\/product\/yoast-seo-wordpress\/ -->\n<title>OMS alerta: Pandemia \u201cest\u00e1 lejos de su final\u201d pese a 2 semanas de descensos en casos - Fuentes Fidedignas<\/title>\n<meta name=\"robots\" content=\"index, follow, max-snippet:-1, max-image-preview:large, max-video-preview:-1\" \/>\n<link rel=\"canonical\" href=\"https:\/\/fuentesfidedignas.com.mx\/index.php\/2021\/05\/17\/oms-alerta-pandemia-esta-lejos-de-su-final-pese-a-2-semanas-de-descensos-en-casos\/\" \/>\n<meta property=\"og:locale\" content=\"es_MX\" \/>\n<meta property=\"og:type\" content=\"article\" \/>\n<meta property=\"og:title\" content=\"OMS alerta: Pandemia \u201cest\u00e1 lejos de su final\u201d pese a 2 semanas de descensos en casos - Fuentes Fidedignas\" \/>\n<meta property=\"og:description\" content=\"La semana pasada la OMS registr\u00f3 4.8 millones de nuevos casos de COVID-19 en el mundo, frente a los 5.4 millones de la anterior y los 5.7 de finales de abril, que bati\u00f3 el r\u00e9cord de contagios semanales durante la pandemia. Ciudad de M\u00e9xico.- Los casos semanales de COVID-19 en el mundo bajaron en los [&hellip;]\" \/>\n<meta property=\"og:url\" content=\"https:\/\/fuentesfidedignas.com.mx\/index.php\/2021\/05\/17\/oms-alerta-pandemia-esta-lejos-de-su-final-pese-a-2-semanas-de-descensos-en-casos\/\" \/>\n<meta property=\"og:site_name\" content=\"Fuentes Fidedignas\" \/>\n<meta property=\"article:publisher\" content=\"https:\/\/www.facebook.com\/Fuentes-Fidedignas-368234489921644\" \/>\n<meta property=\"article:published_time\" content=\"2021-05-17T16:36:29+00:00\" \/>\n<meta property=\"article:modified_time\" content=\"2021-05-17T16:36:30+00:00\" \/>\n<meta property=\"og:image\" content=\"https:\/\/fuentesfidedignas.com.mx\/wp-content\/uploads\/2021\/05\/DELEGADO_OMS.jpg\" \/>\n\t<meta property=\"og:image:width\" content=\"640\" \/>\n\t<meta property=\"og:image:height\" content=\"360\" \/>\n\t<meta property=\"og:image:type\" content=\"image\/jpeg\" \/>\n<meta name=\"author\" content=\"Forbes\" \/>\n<meta name=\"twitter:card\" content=\"summary_large_image\" \/>\n<meta name=\"twitter:creator\" content=\"@fidedignas\" \/>\n<meta name=\"twitter:site\" content=\"@fidedignas\" \/>\n<meta name=\"twitter:label1\" content=\"Escrito por\" \/>\n\t<meta name=\"twitter:data1\" content=\"Forbes\" \/>\n\t<meta name=\"twitter:label2\" content=\"Tiempo de lectura\" \/>\n\t<meta name=\"twitter:data2\" content=\"2 minutos\" \/>\n<script type=\"application\/ld+json\" class=\"yoast-schema-graph\">{\"@context\":\"https:\\\/\\\/schema.org\",\"@graph\":[{\"@type\":\"Article\",\"@id\":\"https:\\\/\\\/fuentesfidedignas.com.mx\\\/index.php\\\/2021\\\/05\\\/17\\\/oms-alerta-pandemia-esta-lejos-de-su-final-pese-a-2-semanas-de-descensos-en-casos\\\/#article\",\"isPartOf\":{\"@id\":\"https:\\\/\\\/fuentesfidedignas.com.mx\\\/index.php\\\/2021\\\/05\\\/17\\\/oms-alerta-pandemia-esta-lejos-de-su-final-pese-a-2-semanas-de-descensos-en-casos\\\/\"},\"author\":{\"name\":\"Forbes\",\"@id\":\"https:\\\/\\\/fuentesfidedignas.com.mx\\\/#\\\/schema\\\/person\\\/5623d53fe2e579d825b1679734abcc44\"},\"headline\":\"OMS alerta: Pandemia \u201cest\u00e1 lejos de su final\u201d pese a 2 semanas de descensos en casos\",\"datePublished\":\"2021-05-17T16:36:29+00:00\",\"dateModified\":\"2021-05-17T16:36:30+00:00\",\"mainEntityOfPage\":{\"@id\":\"https:\\\/\\\/fuentesfidedignas.com.mx\\\/index.php\\\/2021\\\/05\\\/17\\\/oms-alerta-pandemia-esta-lejos-de-su-final-pese-a-2-semanas-de-descensos-en-casos\\\/\"},\"wordCount\":381,\"commentCount\":0,\"publisher\":{\"@id\":\"https:\\\/\\\/fuentesfidedignas.com.mx\\\/#organization\"},\"image\":{\"@id\":\"https:\\\/\\\/fuentesfidedignas.com.mx\\\/index.php\\\/2021\\\/05\\\/17\\\/oms-alerta-pandemia-esta-lejos-de-su-final-pese-a-2-semanas-de-descensos-en-casos\\\/#primaryimage\"},\"thumbnailUrl\":\"https:\\\/\\\/fuentesfidedignas.com.mx\\\/wp-content\\\/uploads\\\/2021\\\/05\\\/DELEGADO_OMS.jpg\",\"keywords\":[\"Coronavirus\",\"Covid-19\",\"SARS-CoV-2\"],\"articleSection\":[\"NOTICIAS NACIONALES\"],\"inLanguage\":\"es\",\"potentialAction\":[{\"@type\":\"CommentAction\",\"name\":\"Comment\",\"target\":[\"https:\\\/\\\/fuentesfidedignas.com.mx\\\/index.php\\\/2021\\\/05\\\/17\\\/oms-alerta-pandemia-esta-lejos-de-su-final-pese-a-2-semanas-de-descensos-en-casos\\\/#respond\"]}]},{\"@type\":\"WebPage\",\"@id\":\"https:\\\/\\\/fuentesfidedignas.com.mx\\\/index.php\\\/2021\\\/05\\\/17\\\/oms-alerta-pandemia-esta-lejos-de-su-final-pese-a-2-semanas-de-descensos-en-casos\\\/\",\"url\":\"https:\\\/\\\/fuentesfidedignas.com.mx\\\/index.php\\\/2021\\\/05\\\/17\\\/oms-alerta-pandemia-esta-lejos-de-su-final-pese-a-2-semanas-de-descensos-en-casos\\\/\",\"name\":\"OMS alerta: Pandemia \u201cest\u00e1 lejos de su final\u201d pese a 2 semanas de descensos en casos - Fuentes Fidedignas\",\"isPartOf\":{\"@id\":\"https:\\\/\\\/fuentesfidedignas.com.mx\\\/#website\"},\"primaryImageOfPage\":{\"@id\":\"https:\\\/\\\/fuentesfidedignas.com.mx\\\/index.php\\\/2021\\\/05\\\/17\\\/oms-alerta-pandemia-esta-lejos-de-su-final-pese-a-2-semanas-de-descensos-en-casos\\\/#primaryimage\"},\"image\":{\"@id\":\"https:\\\/\\\/fuentesfidedignas.com.mx\\\/index.php\\\/2021\\\/05\\\/17\\\/oms-alerta-pandemia-esta-lejos-de-su-final-pese-a-2-semanas-de-descensos-en-casos\\\/#primaryimage\"},\"thumbnailUrl\":\"https:\\\/\\\/fuentesfidedignas.com.mx\\\/wp-content\\\/uploads\\\/2021\\\/05\\\/DELEGADO_OMS.jpg\",\"datePublished\":\"2021-05-17T16:36:29+00:00\",\"dateModified\":\"2021-05-17T16:36:30+00:00\",\"breadcrumb\":{\"@id\":\"https:\\\/\\\/fuentesfidedignas.com.mx\\\/index.php\\\/2021\\\/05\\\/17\\\/oms-alerta-pandemia-esta-lejos-de-su-final-pese-a-2-semanas-de-descensos-en-casos\\\/#breadcrumb\"},\"inLanguage\":\"es\",\"potentialAction\":[{\"@type\":\"ReadAction\",\"target\":[\"https:\\\/\\\/fuentesfidedignas.com.mx\\\/index.php\\\/2021\\\/05\\\/17\\\/oms-alerta-pandemia-esta-lejos-de-su-final-pese-a-2-semanas-de-descensos-en-casos\\\/\"]}]},{\"@type\":\"ImageObject\",\"inLanguage\":\"es\",\"@id\":\"https:\\\/\\\/fuentesfidedignas.com.mx\\\/index.php\\\/2021\\\/05\\\/17\\\/oms-alerta-pandemia-esta-lejos-de-su-final-pese-a-2-semanas-de-descensos-en-casos\\\/#primaryimage\",\"url\":\"https:\\\/\\\/fuentesfidedignas.com.mx\\\/wp-content\\\/uploads\\\/2021\\\/05\\\/DELEGADO_OMS.jpg\",\"contentUrl\":\"https:\\\/\\\/fuentesfidedignas.com.mx\\\/wp-content\\\/uploads\\\/2021\\\/05\\\/DELEGADO_OMS.jpg\",\"width\":640,\"height\":360},{\"@type\":\"BreadcrumbList\",\"@id\":\"https:\\\/\\\/fuentesfidedignas.com.mx\\\/index.php\\\/2021\\\/05\\\/17\\\/oms-alerta-pandemia-esta-lejos-de-su-final-pese-a-2-semanas-de-descensos-en-casos\\\/#breadcrumb\",\"itemListElement\":[{\"@type\":\"ListItem\",\"position\":1,\"name\":\"Inicio\",\"item\":\"https:\\\/\\\/fuentesfidedignas.com.mx\\\/\"},{\"@type\":\"ListItem\",\"position\":2,\"name\":\"OMS alerta: Pandemia \u201cest\u00e1 lejos de su final\u201d pese a 2 semanas de descensos en casos\"}]},{\"@type\":\"WebSite\",\"@id\":\"https:\\\/\\\/fuentesfidedignas.com.mx\\\/#website\",\"url\":\"https:\\\/\\\/fuentesfidedignas.com.mx\\\/\",\"name\":\"Fuentes Fidedignas\",\"description\":\"Otro sitio realizado con WordPress\",\"publisher\":{\"@id\":\"https:\\\/\\\/fuentesfidedignas.com.mx\\\/#organization\"},\"potentialAction\":[{\"@type\":\"SearchAction\",\"target\":{\"@type\":\"EntryPoint\",\"urlTemplate\":\"https:\\\/\\\/fuentesfidedignas.com.mx\\\/?s={search_term_string}\"},\"query-input\":{\"@type\":\"PropertyValueSpecification\",\"valueRequired\":true,\"valueName\":\"search_term_string\"}}],\"inLanguage\":\"es\"},{\"@type\":\"Organization\",\"@id\":\"https:\\\/\\\/fuentesfidedignas.com.mx\\\/#organization\",\"name\":\"Fuentes Fidedignas\",\"url\":\"https:\\\/\\\/fuentesfidedignas.com.mx\\\/\",\"logo\":{\"@type\":\"ImageObject\",\"inLanguage\":\"es\",\"@id\":\"https:\\\/\\\/fuentesfidedignas.com.mx\\\/#\\\/schema\\\/logo\\\/image\\\/\",\"url\":\"https:\\\/\\\/fuentesfidedignas.com.mx\\\/wp-content\\\/uploads\\\/2021\\\/04\\\/logo-retina.png\",\"contentUrl\":\"https:\\\/\\\/fuentesfidedignas.com.mx\\\/wp-content\\\/uploads\\\/2021\\\/04\\\/logo-retina.png\",\"width\":280,\"height\":51,\"caption\":\"Fuentes Fidedignas\"},\"image\":{\"@id\":\"https:\\\/\\\/fuentesfidedignas.com.mx\\\/#\\\/schema\\\/logo\\\/image\\\/\"},\"sameAs\":[\"https:\\\/\\\/www.facebook.com\\\/Fuentes-Fidedignas-368234489921644\",\"https:\\\/\\\/x.com\\\/fidedignas\"]},{\"@type\":\"Person\",\"@id\":\"https:\\\/\\\/fuentesfidedignas.com.mx\\\/#\\\/schema\\\/person\\\/5623d53fe2e579d825b1679734abcc44\",\"name\":\"Forbes\",\"image\":{\"@type\":\"ImageObject\",\"inLanguage\":\"es\",\"@id\":\"https:\\\/\\\/secure.gravatar.com\\\/avatar\\\/87ce3dd4e41e60c22a79c758614f01a6bc2469255fc936ec7b15efb9bb5cb66f?s=96&d=mm&r=g\",\"url\":\"https:\\\/\\\/secure.gravatar.com\\\/avatar\\\/87ce3dd4e41e60c22a79c758614f01a6bc2469255fc936ec7b15efb9bb5cb66f?s=96&d=mm&r=g\",\"contentUrl\":\"https:\\\/\\\/secure.gravatar.com\\\/avatar\\\/87ce3dd4e41e60c22a79c758614f01a6bc2469255fc936ec7b15efb9bb5cb66f?s=96&d=mm&r=g\",\"caption\":\"Forbes\"},\"url\":\"https:\\\/\\\/fuentesfidedignas.com.mx\\\/index.php\\\/author\\\/forbes\\\/\"}]}<\/script>\n<!-- \/ Yoast SEO plugin. -->","yoast_head_json":{"title":"OMS alerta: Pandemia \u201cest\u00e1 lejos de su final\u201d pese a 2 semanas de descensos en casos - Fuentes Fidedignas","robots":{"index":"index","follow":"follow","max-snippet":"max-snippet:-1","max-image-preview":"max-image-preview:large","max-video-preview":"max-video-preview:-1"},"canonical":"https:\/\/fuentesfidedignas.com.mx\/index.php\/2021\/05\/17\/oms-alerta-pandemia-esta-lejos-de-su-final-pese-a-2-semanas-de-descensos-en-casos\/","og_locale":"es_MX","og_type":"article","og_title":"OMS alerta: Pandemia \u201cest\u00e1 lejos de su final\u201d pese a 2 semanas de descensos en casos - Fuentes Fidedignas","og_description":"La semana pasada la OMS registr\u00f3 4.8 millones de nuevos casos de COVID-19 en el mundo, frente a los 5.4 millones de la anterior y los 5.7 de finales de abril, que bati\u00f3 el r\u00e9cord de contagios semanales durante la pandemia. Ciudad de M\u00e9xico.- Los casos semanales de COVID-19 en el mundo bajaron en los [&hellip;]","og_url":"https:\/\/fuentesfidedignas.com.mx\/index.php\/2021\/05\/17\/oms-alerta-pandemia-esta-lejos-de-su-final-pese-a-2-semanas-de-descensos-en-casos\/","og_site_name":"Fuentes Fidedignas","article_publisher":"https:\/\/www.facebook.com\/Fuentes-Fidedignas-368234489921644","article_published_time":"2021-05-17T16:36:29+00:00","article_modified_time":"2021-05-17T16:36:30+00:00","og_image":[{"width":640,"height":360,"url":"https:\/\/fuentesfidedignas.com.mx\/wp-content\/uploads\/2021\/05\/DELEGADO_OMS.jpg","type":"image\/jpeg"}],"author":"Forbes","twitter_card":"summary_large_image","twitter_creator":"@fidedignas","twitter_site":"@fidedignas","twitter_misc":{"Escrito por":"Forbes","Tiempo de lectura":"2 minutos"},"schema":{"@context":"https:\/\/schema.org","@graph":[{"@type":"Article","@id":"https:\/\/fuentesfidedignas.com.mx\/index.php\/2021\/05\/17\/oms-alerta-pandemia-esta-lejos-de-su-final-pese-a-2-semanas-de-descensos-en-casos\/#article","isPartOf":{"@id":"https:\/\/fuentesfidedignas.com.mx\/index.php\/2021\/05\/17\/oms-alerta-pandemia-esta-lejos-de-su-final-pese-a-2-semanas-de-descensos-en-casos\/"},"author":{"name":"Forbes","@id":"https:\/\/fuentesfidedignas.com.mx\/#\/schema\/person\/5623d53fe2e579d825b1679734abcc44"},"headline":"OMS alerta: Pandemia \u201cest\u00e1 lejos de su final\u201d pese a 2 semanas de descensos en casos","datePublished":"2021-05-17T16:36:29+00:00","dateModified":"2021-05-17T16:36:30+00:00","mainEntityOfPage":{"@id":"https:\/\/fuentesfidedignas.com.mx\/index.php\/2021\/05\/17\/oms-alerta-pandemia-esta-lejos-de-su-final-pese-a-2-semanas-de-descensos-en-casos\/"},"wordCount":381,"commentCount":0,"publisher":{"@id":"https:\/\/fuentesfidedignas.com.mx\/#organization"},"image":{"@id":"https:\/\/fuentesfidedignas.com.mx\/index.php\/2021\/05\/17\/oms-alerta-pandemia-esta-lejos-de-su-final-pese-a-2-semanas-de-descensos-en-casos\/#primaryimage"},"thumbnailUrl":"https:\/\/fuentesfidedignas.com.mx\/wp-content\/uploads\/2021\/05\/DELEGADO_OMS.jpg","keywords":["Coronavirus","Covid-19","SARS-CoV-2"],"articleSection":["NOTICIAS NACIONALES"],"inLanguage":"es","potentialAction":[{"@type":"CommentAction","name":"Comment","target":["https:\/\/fuentesfidedignas.com.mx\/index.php\/2021\/05\/17\/oms-alerta-pandemia-esta-lejos-de-su-final-pese-a-2-semanas-de-descensos-en-casos\/#respond"]}]},{"@type":"WebPage","@id":"https:\/\/fuentesfidedignas.com.mx\/index.php\/2021\/05\/17\/oms-alerta-pandemia-esta-lejos-de-su-final-pese-a-2-semanas-de-descensos-en-casos\/","url":"https:\/\/fuentesfidedignas.com.mx\/index.php\/2021\/05\/17\/oms-alerta-pandemia-esta-lejos-de-su-final-pese-a-2-semanas-de-descensos-en-casos\/","name":"OMS alerta: Pandemia \u201cest\u00e1 lejos de su final\u201d pese a 2 semanas de descensos en casos - Fuentes Fidedignas","isPartOf":{"@id":"https:\/\/fuentesfidedignas.com.mx\/#website"},"primaryImageOfPage":{"@id":"https:\/\/fuentesfidedignas.com.mx\/index.php\/2021\/05\/17\/oms-alerta-pandemia-esta-lejos-de-su-final-pese-a-2-semanas-de-descensos-en-casos\/#primaryimage"},"image":{"@id":"https:\/\/fuentesfidedignas.com.mx\/index.php\/2021\/05\/17\/oms-alerta-pandemia-esta-lejos-de-su-final-pese-a-2-semanas-de-descensos-en-casos\/#primaryimage"},"thumbnailUrl":"https:\/\/fuentesfidedignas.com.mx\/wp-content\/uploads\/2021\/05\/DELEGADO_OMS.jpg","datePublished":"2021-05-17T16:36:29+00:00","dateModified":"2021-05-17T16:36:30+00:00","breadcrumb":{"@id":"https:\/\/fuentesfidedignas.com.mx\/index.php\/2021\/05\/17\/oms-alerta-pandemia-esta-lejos-de-su-final-pese-a-2-semanas-de-descensos-en-casos\/#breadcrumb"},"inLanguage":"es","potentialAction":[{"@type":"ReadAction","target":["https:\/\/fuentesfidedignas.com.mx\/index.php\/2021\/05\/17\/oms-alerta-pandemia-esta-lejos-de-su-final-pese-a-2-semanas-de-descensos-en-casos\/"]}]},{"@type":"ImageObject","inLanguage":"es","@id":"https:\/\/fuentesfidedignas.com.mx\/index.php\/2021\/05\/17\/oms-alerta-pandemia-esta-lejos-de-su-final-pese-a-2-semanas-de-descensos-en-casos\/#primaryimage","url":"https:\/\/fuentesfidedignas.com.mx\/wp-content\/uploads\/2021\/05\/DELEGADO_OMS.jpg","contentUrl":"https:\/\/fuentesfidedignas.com.mx\/wp-content\/uploads\/2021\/05\/DELEGADO_OMS.jpg","width":640,"height":360},{"@type":"BreadcrumbList","@id":"https:\/\/fuentesfidedignas.com.mx\/index.php\/2021\/05\/17\/oms-alerta-pandemia-esta-lejos-de-su-final-pese-a-2-semanas-de-descensos-en-casos\/#breadcrumb","itemListElement":[{"@type":"ListItem","position":1,"name":"Inicio","item":"https:\/\/fuentesfidedignas.com.mx\/"},{"@type":"ListItem","position":2,"name":"OMS alerta: Pandemia \u201cest\u00e1 lejos de su final\u201d pese a 2 semanas de descensos en casos"}]},{"@type":"WebSite","@id":"https:\/\/fuentesfidedignas.com.mx\/#website","url":"https:\/\/fuentesfidedignas.com.mx\/","name":"Fuentes Fidedignas","description":"Otro sitio realizado con WordPress","publisher":{"@id":"https:\/\/fuentesfidedignas.com.mx\/#organization"},"potentialAction":[{"@type":"SearchAction","target":{"@type":"EntryPoint","urlTemplate":"https:\/\/fuentesfidedignas.com.mx\/?s={search_term_string}"},"query-input":{"@type":"PropertyValueSpecification","valueRequired":true,"valueName":"search_term_string"}}],"inLanguage":"es"},{"@type":"Organization","@id":"https:\/\/fuentesfidedignas.com.mx\/#organization","name":"Fuentes Fidedignas","url":"https:\/\/fuentesfidedignas.com.mx\/","logo":{"@type":"ImageObject","inLanguage":"es","@id":"https:\/\/fuentesfidedignas.com.mx\/#\/schema\/logo\/image\/","url":"https:\/\/fuentesfidedignas.com.mx\/wp-content\/uploads\/2021\/04\/logo-retina.png","contentUrl":"https:\/\/fuentesfidedignas.com.mx\/wp-content\/uploads\/2021\/04\/logo-retina.png","width":280,"height":51,"caption":"Fuentes Fidedignas"},"image":{"@id":"https:\/\/fuentesfidedignas.com.mx\/#\/schema\/logo\/image\/"},"sameAs":["https:\/\/www.facebook.com\/Fuentes-Fidedignas-368234489921644","https:\/\/x.com\/fidedignas"]},{"@type":"Person","@id":"https:\/\/fuentesfidedignas.com.mx\/#\/schema\/person\/5623d53fe2e579d825b1679734abcc44","name":"Forbes","image":{"@type":"ImageObject","inLanguage":"es","@id":"https:\/\/secure.gravatar.com\/avatar\/87ce3dd4e41e60c22a79c758614f01a6bc2469255fc936ec7b15efb9bb5cb66f?s=96&d=mm&r=g","url":"https:\/\/secure.gravatar.com\/avatar\/87ce3dd4e41e60c22a79c758614f01a6bc2469255fc936ec7b15efb9bb5cb66f?s=96&d=mm&r=g","contentUrl":"https:\/\/secure.gravatar.com\/avatar\/87ce3dd4e41e60c22a79c758614f01a6bc2469255fc936ec7b15efb9bb5cb66f?s=96&d=mm&r=g","caption":"Forbes"},"url":"https:\/\/fuentesfidedignas.com.mx\/index.php\/author\/forbes\/"}]}},"_links":{"self":[{"href":"https:\/\/fuentesfidedignas.com.mx\/index.php\/wp-json\/wp\/v2\/posts\/2248","targetHints":{"allow":["GET"]}}],"collection":[{"href":"https:\/\/fuentesfidedignas.com.mx\/index.php\/wp-json\/wp\/v2\/posts"}],"about":[{"href":"https:\/\/fuentesfidedignas.com.mx\/index.php\/wp-json\/wp\/v2\/types\/post"}],"author":[{"embeddable":true,"href":"https:\/\/fuentesfidedignas.com.mx\/index.php\/wp-json\/wp\/v2\/users\/5"}],"replies":[{"embeddable":true,"href":"https:\/\/fuentesfidedignas.com.mx\/index.php\/wp-json\/wp\/v2\/comments?post=2248"}],"version-history":[{"count":1,"href":"https:\/\/fuentesfidedignas.com.mx\/index.php\/wp-json\/wp\/v2\/posts\/2248\/revisions"}],"predecessor-version":[{"id":2250,"href":"https:\/\/fuentesfidedignas.com.mx\/index.php\/wp-json\/wp\/v2\/posts\/2248\/revisions\/2250"}],"wp:featuredmedia":[{"embeddable":true,"href":"https:\/\/fuentesfidedignas.com.mx\/index.php\/wp-json\/wp\/v2\/media\/2249"}],"wp:attachment":[{"href":"https:\/\/fuentesfidedignas.com.mx\/index.php\/wp-json\/wp\/v2\/media?parent=2248"}],"wp:term":[{"taxonomy":"category","embeddable":true,"href":"https:\/\/fuentesfidedignas.com.mx\/index.php\/wp-json\/wp\/v2\/categories?post=2248"},{"taxonomy":"post_tag","embeddable":true,"href":"https:\/\/fuentesfidedignas.com.mx\/index.php\/wp-json\/wp\/v2\/tags?post=2248"}],"curies":[{"name":"wp","href":"https:\/\/api.w.org\/{rel}","templated":true}]}}