{"id":22433,"date":"2022-01-22T13:24:39","date_gmt":"2022-01-22T20:24:39","guid":{"rendered":"https:\/\/fuentesfidedignas.com.mx\/?p=22433"},"modified":"2022-01-22T13:24:40","modified_gmt":"2022-01-22T20:24:40","slug":"amplian-plazos-para-registro-de-aspirantes-al-consejo-consultivo-de-la-fiscalia","status":"publish","type":"post","link":"https:\/\/fuentesfidedignas.com.mx\/index.php\/2022\/01\/22\/amplian-plazos-para-registro-de-aspirantes-al-consejo-consultivo-de-la-fiscalia\/","title":{"rendered":"Ampl\u00edan plazos para registro de aspirantes al Consejo Consultivo de la Fiscal\u00eda"},"content":{"rendered":"\n<p><\/p>\n\n\n\n<p>Culiac\u00e1n, Sin. La Comisi\u00f3n de Justicia del Congreso del Estado de Sinaloa aprob\u00f3 este s\u00e1bado ampliar el plazo de registro para quienes desean ocupar alguno de los cinco cargos de consejeras y consejeros del Consejo Consultivo de la Fiscal\u00eda General del Estado.<\/p>\n\n\n\n<p>Por unanimidad de sus cinco integrantes, esta Comisi\u00f3n que preside el diputado C\u00e9sar Ismael Guerrero Alarc\u00f3n, se\u00f1al\u00f3 tambi\u00e9n la necesidad de darle la mayor difusi\u00f3n posible entre las organizaciones civiles a las que est\u00e1 dirigida la convocatoria.<\/p>\n\n\n\n<p>Participaron en la reuni\u00f3n virtual de la Comisi\u00f3n las diputadas Gloria Himelda F\u00e9lix Niebla, Alma Rosa Garz\u00f3n Aguilar, Mar\u00eda Victoria S\u00e1nchez Pe\u00f1a y Alba Virgen Montes \u00c1lvarez, secretaria y vocales, respectivamente.<\/p>\n\n\n\n<p>Loss plazos modificados tienen que ver con la recepci\u00f3n de propuestas, determinaci\u00f3n de cumplimiento de requisitos de elegibilidad y acuerdo de formato y horarios de comparecencias, realizaci\u00f3n de comparecencias y emisi\u00f3n de dictamen.<\/p>\n\n\n\n<p>En el acuerdo aprobado se explica que de conformidad con la Base Cuarta de la Convocatoria emitida el 11 de enero, la recepci\u00f3n de las propuestas se realiz\u00f3 en los d\u00edas h\u00e1biles comprendidos entre el mi\u00e9rcoles 12 y el mi\u00e9rcoles 19 de enero del a\u00f1o en curso, de 8:00 a 17:00 horas.<\/p>\n\n\n\n<p>Aunque la convocatoria es para elegir cinco consejeros, solo se recibieron los expedientes de tres personas propuestas para Consejeros del Consejo Consultivo, por lo que se determin\u00f3 realizar un esfuerzo institucional que abone a la generaci\u00f3n de las condiciones necesarias para la designaci\u00f3n de los cinco Consejeros y Consejeras.<\/p>\n\n\n\n<p>Con las modificaciones aprobadas, se definen los nuevos plazos:<\/p>\n\n\n\n<p><br>\u2022 RECEPCI\u00d3N DE PROPUESTAS. Se realizar\u00e1 en d\u00edas h\u00e1biles del lunes 24 de enero al mi\u00e9rcoles 2 de febrero de 2022, en un horario de 08:00 a 17:00 horas en los t\u00e9rminos precisados en la base quinta de la Convocatoria.<br>\u2022 DETERMINACI\u00d3N DE CUMPLIMIENTO DE REQUISITOS DE ELEGIBILIDAD Y ACUERDO DE FORMATO Y HORARIO DE COMPARECENCIAS. Se realizar\u00e1 del d\u00eda jueves 3 al martes 8 de febrero de 2022, en los t\u00e9rminos establecidos en la base Sexta de la Convocatoria.<br>\u2022 REALIZACI\u00d3N DE COMPARECENCIAS DE CIUDADANAS Y CIUDADANOS ASPIRANTES AL CARGO DE CONSEJERO DEL CONSEJO CONSULTIVO DE LA FISCAL\u00cdA GENERAL DEL ESTADO. Se desahogar\u00e1n del d\u00eda mi\u00e9rcoles 9 al viernes 11 de febrero de 2022, en los t\u00e9rminos de la base antes se\u00f1alada y en los que se precisen en el Acuerdo que para tal efecto emita esta Comisi\u00f3n de Justicia previa notificaci\u00f3n a cada aspirante.<br>\u2022 EMISI\u00d3N DE DICTAMEN. Dentro del plazo comprendido del d\u00eda lunes 14 al viernes 18 de febrero de 2022, esta Comisi\u00f3n de Justicia en t\u00e9rminos de la Base S\u00e9ptima de la Convocatoria deber\u00e1 emitir el dictamen correspondiente para ser turnado a la Junta de Coordinaci\u00f3n Pol\u00edtica con el prop\u00f3sito de que proponga su inclusi\u00f3n en el orden del d\u00eda de la Sesi\u00f3n del Pleno del Congreso del Estado que deber\u00e1 celebrarse dentro de los quince d\u00edas naturales siguientes.<br>Salvo estas modificaciones, el acuerdo aprobado puntualiza que quedan subsistentes todos los dem\u00e1s aspectos de la Convocatoria, y ordena notificar a las personas que a la fecha de su expedici\u00f3n hayan sido objeto de propuestas por parte de organizaciones de la sociedad civil, as\u00ed como a la Junta de Coordinaci\u00f3n Pol\u00edtica de la LXIV Legislatura del H. Congreso del Estado de Sinaloa.<br>Las personas que resulten electas para ocupar el cargo de Consejeros Ciudadanos del Consejo Consultivo de la Fiscal\u00eda General del Estado, rendir\u00e1n la protesta correspondiente ante el Pleno de este H. Congreso del Estado, en Sesi\u00f3n Ordinaria que este determine, y durar\u00e1n en su cargo dos a\u00f1os.<\/p>\n","protected":false},"excerpt":{"rendered":"<p>Culiac\u00e1n, Sin. La Comisi\u00f3n de Justicia del Congreso del Estado de Sinaloa aprob\u00f3 este s\u00e1bado ampliar el plazo de registro para quienes desean ocupar alguno de los cinco cargos de consejeras y consejeros del Consejo Consultivo de la Fiscal\u00eda General del Estado. Por unanimidad de sus cinco integrantes, esta Comisi\u00f3n que preside el diputado C\u00e9sar [&hellip;]<\/p>\n","protected":false},"author":4,"featured_media":22434,"comment_status":"open","ping_status":"open","sticky":false,"template":"","format":"standard","meta":{"tdm_status":"","tdm_grid_status":"","footnotes":""},"categories":[38],"tags":[],"class_list":{"0":"post-22433","1":"post","2":"type-post","3":"status-publish","4":"format-standard","5":"has-post-thumbnail","7":"category-noticias-locales"},"yoast_head":"<!-- This site is optimized with the Yoast SEO plugin v27.4 - https:\/\/yoast.com\/product\/yoast-seo-wordpress\/ -->\n<title>Ampl\u00edan plazos para registro de aspirantes al Consejo Consultivo de la Fiscal\u00eda - Fuentes Fidedignas<\/title>\n<meta name=\"robots\" content=\"index, follow, max-snippet:-1, max-image-preview:large, max-video-preview:-1\" \/>\n<link rel=\"canonical\" href=\"https:\/\/fuentesfidedignas.com.mx\/index.php\/2022\/01\/22\/amplian-plazos-para-registro-de-aspirantes-al-consejo-consultivo-de-la-fiscalia\/\" \/>\n<meta property=\"og:locale\" content=\"es_MX\" \/>\n<meta property=\"og:type\" content=\"article\" \/>\n<meta property=\"og:title\" content=\"Ampl\u00edan plazos para registro de aspirantes al Consejo Consultivo de la Fiscal\u00eda - Fuentes Fidedignas\" \/>\n<meta property=\"og:description\" content=\"Culiac\u00e1n, Sin. La Comisi\u00f3n de Justicia del Congreso del Estado de Sinaloa aprob\u00f3 este s\u00e1bado ampliar el plazo de registro para quienes desean ocupar alguno de los cinco cargos de consejeras y consejeros del Consejo Consultivo de la Fiscal\u00eda General del Estado. Por unanimidad de sus cinco integrantes, esta Comisi\u00f3n que preside el diputado C\u00e9sar [&hellip;]\" \/>\n<meta property=\"og:url\" content=\"https:\/\/fuentesfidedignas.com.mx\/index.php\/2022\/01\/22\/amplian-plazos-para-registro-de-aspirantes-al-consejo-consultivo-de-la-fiscalia\/\" \/>\n<meta property=\"og:site_name\" content=\"Fuentes Fidedignas\" \/>\n<meta property=\"article:publisher\" content=\"https:\/\/www.facebook.com\/Fuentes-Fidedignas-368234489921644\" \/>\n<meta property=\"article:published_time\" content=\"2022-01-22T20:24:39+00:00\" \/>\n<meta property=\"article:modified_time\" content=\"2022-01-22T20:24:40+00:00\" \/>\n<meta property=\"og:image\" content=\"https:\/\/fuentesfidedignas.com.mx\/wp-content\/uploads\/2022\/01\/IMG-20220122-WA0011.jpg\" \/>\n\t<meta property=\"og:image:width\" content=\"1280\" \/>\n\t<meta property=\"og:image:height\" content=\"720\" \/>\n\t<meta property=\"og:image:type\" content=\"image\/jpeg\" \/>\n<meta name=\"author\" content=\"Redacci\u00f3n\" \/>\n<meta name=\"twitter:card\" content=\"summary_large_image\" \/>\n<meta name=\"twitter:creator\" content=\"@fidedignas\" \/>\n<meta name=\"twitter:site\" content=\"@fidedignas\" \/>\n<meta name=\"twitter:label1\" content=\"Escrito por\" \/>\n\t<meta name=\"twitter:data1\" content=\"Redacci\u00f3n\" \/>\n\t<meta name=\"twitter:label2\" content=\"Tiempo de lectura\" \/>\n\t<meta name=\"twitter:data2\" content=\"3 minutos\" \/>\n<script type=\"application\/ld+json\" class=\"yoast-schema-graph\">{\"@context\":\"https:\\\/\\\/schema.org\",\"@graph\":[{\"@type\":\"Article\",\"@id\":\"https:\\\/\\\/fuentesfidedignas.com.mx\\\/index.php\\\/2022\\\/01\\\/22\\\/amplian-plazos-para-registro-de-aspirantes-al-consejo-consultivo-de-la-fiscalia\\\/#article\",\"isPartOf\":{\"@id\":\"https:\\\/\\\/fuentesfidedignas.com.mx\\\/index.php\\\/2022\\\/01\\\/22\\\/amplian-plazos-para-registro-de-aspirantes-al-consejo-consultivo-de-la-fiscalia\\\/\"},\"author\":{\"name\":\"Redacci\u00f3n\",\"@id\":\"https:\\\/\\\/fuentesfidedignas.com.mx\\\/#\\\/schema\\\/person\\\/331be9283d37198e2acd5750279085b0\"},\"headline\":\"Ampl\u00edan plazos para registro de aspirantes al Consejo Consultivo de la Fiscal\u00eda\",\"datePublished\":\"2022-01-22T20:24:39+00:00\",\"dateModified\":\"2022-01-22T20:24:40+00:00\",\"mainEntityOfPage\":{\"@id\":\"https:\\\/\\\/fuentesfidedignas.com.mx\\\/index.php\\\/2022\\\/01\\\/22\\\/amplian-plazos-para-registro-de-aspirantes-al-consejo-consultivo-de-la-fiscalia\\\/\"},\"wordCount\":644,\"commentCount\":0,\"publisher\":{\"@id\":\"https:\\\/\\\/fuentesfidedignas.com.mx\\\/#organization\"},\"image\":{\"@id\":\"https:\\\/\\\/fuentesfidedignas.com.mx\\\/index.php\\\/2022\\\/01\\\/22\\\/amplian-plazos-para-registro-de-aspirantes-al-consejo-consultivo-de-la-fiscalia\\\/#primaryimage\"},\"thumbnailUrl\":\"https:\\\/\\\/fuentesfidedignas.com.mx\\\/wp-content\\\/uploads\\\/2022\\\/01\\\/IMG-20220122-WA0011.jpg\",\"articleSection\":[\"NOTICIAS LOCALES\"],\"inLanguage\":\"es\",\"potentialAction\":[{\"@type\":\"CommentAction\",\"name\":\"Comment\",\"target\":[\"https:\\\/\\\/fuentesfidedignas.com.mx\\\/index.php\\\/2022\\\/01\\\/22\\\/amplian-plazos-para-registro-de-aspirantes-al-consejo-consultivo-de-la-fiscalia\\\/#respond\"]}]},{\"@type\":\"WebPage\",\"@id\":\"https:\\\/\\\/fuentesfidedignas.com.mx\\\/index.php\\\/2022\\\/01\\\/22\\\/amplian-plazos-para-registro-de-aspirantes-al-consejo-consultivo-de-la-fiscalia\\\/\",\"url\":\"https:\\\/\\\/fuentesfidedignas.com.mx\\\/index.php\\\/2022\\\/01\\\/22\\\/amplian-plazos-para-registro-de-aspirantes-al-consejo-consultivo-de-la-fiscalia\\\/\",\"name\":\"Ampl\u00edan plazos para registro de aspirantes al Consejo Consultivo de la Fiscal\u00eda - Fuentes Fidedignas\",\"isPartOf\":{\"@id\":\"https:\\\/\\\/fuentesfidedignas.com.mx\\\/#website\"},\"primaryImageOfPage\":{\"@id\":\"https:\\\/\\\/fuentesfidedignas.com.mx\\\/index.php\\\/2022\\\/01\\\/22\\\/amplian-plazos-para-registro-de-aspirantes-al-consejo-consultivo-de-la-fiscalia\\\/#primaryimage\"},\"image\":{\"@id\":\"https:\\\/\\\/fuentesfidedignas.com.mx\\\/index.php\\\/2022\\\/01\\\/22\\\/amplian-plazos-para-registro-de-aspirantes-al-consejo-consultivo-de-la-fiscalia\\\/#primaryimage\"},\"thumbnailUrl\":\"https:\\\/\\\/fuentesfidedignas.com.mx\\\/wp-content\\\/uploads\\\/2022\\\/01\\\/IMG-20220122-WA0011.jpg\",\"datePublished\":\"2022-01-22T20:24:39+00:00\",\"dateModified\":\"2022-01-22T20:24:40+00:00\",\"breadcrumb\":{\"@id\":\"https:\\\/\\\/fuentesfidedignas.com.mx\\\/index.php\\\/2022\\\/01\\\/22\\\/amplian-plazos-para-registro-de-aspirantes-al-consejo-consultivo-de-la-fiscalia\\\/#breadcrumb\"},\"inLanguage\":\"es\",\"potentialAction\":[{\"@type\":\"ReadAction\",\"target\":[\"https:\\\/\\\/fuentesfidedignas.com.mx\\\/index.php\\\/2022\\\/01\\\/22\\\/amplian-plazos-para-registro-de-aspirantes-al-consejo-consultivo-de-la-fiscalia\\\/\"]}]},{\"@type\":\"ImageObject\",\"inLanguage\":\"es\",\"@id\":\"https:\\\/\\\/fuentesfidedignas.com.mx\\\/index.php\\\/2022\\\/01\\\/22\\\/amplian-plazos-para-registro-de-aspirantes-al-consejo-consultivo-de-la-fiscalia\\\/#primaryimage\",\"url\":\"https:\\\/\\\/fuentesfidedignas.com.mx\\\/wp-content\\\/uploads\\\/2022\\\/01\\\/IMG-20220122-WA0011.jpg\",\"contentUrl\":\"https:\\\/\\\/fuentesfidedignas.com.mx\\\/wp-content\\\/uploads\\\/2022\\\/01\\\/IMG-20220122-WA0011.jpg\",\"width\":1280,\"height\":720},{\"@type\":\"BreadcrumbList\",\"@id\":\"https:\\\/\\\/fuentesfidedignas.com.mx\\\/index.php\\\/2022\\\/01\\\/22\\\/amplian-plazos-para-registro-de-aspirantes-al-consejo-consultivo-de-la-fiscalia\\\/#breadcrumb\",\"itemListElement\":[{\"@type\":\"ListItem\",\"position\":1,\"name\":\"Inicio\",\"item\":\"https:\\\/\\\/fuentesfidedignas.com.mx\\\/\"},{\"@type\":\"ListItem\",\"position\":2,\"name\":\"Ampl\u00edan plazos para registro de aspirantes al Consejo Consultivo de la Fiscal\u00eda\"}]},{\"@type\":\"WebSite\",\"@id\":\"https:\\\/\\\/fuentesfidedignas.com.mx\\\/#website\",\"url\":\"https:\\\/\\\/fuentesfidedignas.com.mx\\\/\",\"name\":\"Fuentes Fidedignas\",\"description\":\"Otro sitio realizado con WordPress\",\"publisher\":{\"@id\":\"https:\\\/\\\/fuentesfidedignas.com.mx\\\/#organization\"},\"potentialAction\":[{\"@type\":\"SearchAction\",\"target\":{\"@type\":\"EntryPoint\",\"urlTemplate\":\"https:\\\/\\\/fuentesfidedignas.com.mx\\\/?s={search_term_string}\"},\"query-input\":{\"@type\":\"PropertyValueSpecification\",\"valueRequired\":true,\"valueName\":\"search_term_string\"}}],\"inLanguage\":\"es\"},{\"@type\":\"Organization\",\"@id\":\"https:\\\/\\\/fuentesfidedignas.com.mx\\\/#organization\",\"name\":\"Fuentes Fidedignas\",\"url\":\"https:\\\/\\\/fuentesfidedignas.com.mx\\\/\",\"logo\":{\"@type\":\"ImageObject\",\"inLanguage\":\"es\",\"@id\":\"https:\\\/\\\/fuentesfidedignas.com.mx\\\/#\\\/schema\\\/logo\\\/image\\\/\",\"url\":\"https:\\\/\\\/fuentesfidedignas.com.mx\\\/wp-content\\\/uploads\\\/2021\\\/04\\\/logo-retina.png\",\"contentUrl\":\"https:\\\/\\\/fuentesfidedignas.com.mx\\\/wp-content\\\/uploads\\\/2021\\\/04\\\/logo-retina.png\",\"width\":280,\"height\":51,\"caption\":\"Fuentes Fidedignas\"},\"image\":{\"@id\":\"https:\\\/\\\/fuentesfidedignas.com.mx\\\/#\\\/schema\\\/logo\\\/image\\\/\"},\"sameAs\":[\"https:\\\/\\\/www.facebook.com\\\/Fuentes-Fidedignas-368234489921644\",\"https:\\\/\\\/x.com\\\/fidedignas\"]},{\"@type\":\"Person\",\"@id\":\"https:\\\/\\\/fuentesfidedignas.com.mx\\\/#\\\/schema\\\/person\\\/331be9283d37198e2acd5750279085b0\",\"name\":\"Redacci\u00f3n\",\"image\":{\"@type\":\"ImageObject\",\"inLanguage\":\"es\",\"@id\":\"https:\\\/\\\/secure.gravatar.com\\\/avatar\\\/f6d8782c11d12b2d4ad3fbb6931aeab5309937a4d6cd2fc9cfaa28a6396a5aec?s=96&d=mm&r=g\",\"url\":\"https:\\\/\\\/secure.gravatar.com\\\/avatar\\\/f6d8782c11d12b2d4ad3fbb6931aeab5309937a4d6cd2fc9cfaa28a6396a5aec?s=96&d=mm&r=g\",\"contentUrl\":\"https:\\\/\\\/secure.gravatar.com\\\/avatar\\\/f6d8782c11d12b2d4ad3fbb6931aeab5309937a4d6cd2fc9cfaa28a6396a5aec?s=96&d=mm&r=g\",\"caption\":\"Redacci\u00f3n\"},\"url\":\"https:\\\/\\\/fuentesfidedignas.com.mx\\\/index.php\\\/author\\\/redaccion\\\/\"}]}<\/script>\n<!-- \/ Yoast SEO plugin. -->","yoast_head_json":{"title":"Ampl\u00edan plazos para registro de aspirantes al Consejo Consultivo de la Fiscal\u00eda - Fuentes Fidedignas","robots":{"index":"index","follow":"follow","max-snippet":"max-snippet:-1","max-image-preview":"max-image-preview:large","max-video-preview":"max-video-preview:-1"},"canonical":"https:\/\/fuentesfidedignas.com.mx\/index.php\/2022\/01\/22\/amplian-plazos-para-registro-de-aspirantes-al-consejo-consultivo-de-la-fiscalia\/","og_locale":"es_MX","og_type":"article","og_title":"Ampl\u00edan plazos para registro de aspirantes al Consejo Consultivo de la Fiscal\u00eda - Fuentes Fidedignas","og_description":"Culiac\u00e1n, Sin. La Comisi\u00f3n de Justicia del Congreso del Estado de Sinaloa aprob\u00f3 este s\u00e1bado ampliar el plazo de registro para quienes desean ocupar alguno de los cinco cargos de consejeras y consejeros del Consejo Consultivo de la Fiscal\u00eda General del Estado. Por unanimidad de sus cinco integrantes, esta Comisi\u00f3n que preside el diputado C\u00e9sar [&hellip;]","og_url":"https:\/\/fuentesfidedignas.com.mx\/index.php\/2022\/01\/22\/amplian-plazos-para-registro-de-aspirantes-al-consejo-consultivo-de-la-fiscalia\/","og_site_name":"Fuentes Fidedignas","article_publisher":"https:\/\/www.facebook.com\/Fuentes-Fidedignas-368234489921644","article_published_time":"2022-01-22T20:24:39+00:00","article_modified_time":"2022-01-22T20:24:40+00:00","og_image":[{"width":1280,"height":720,"url":"https:\/\/fuentesfidedignas.com.mx\/wp-content\/uploads\/2022\/01\/IMG-20220122-WA0011.jpg","type":"image\/jpeg"}],"author":"Redacci\u00f3n","twitter_card":"summary_large_image","twitter_creator":"@fidedignas","twitter_site":"@fidedignas","twitter_misc":{"Escrito por":"Redacci\u00f3n","Tiempo de lectura":"3 minutos"},"schema":{"@context":"https:\/\/schema.org","@graph":[{"@type":"Article","@id":"https:\/\/fuentesfidedignas.com.mx\/index.php\/2022\/01\/22\/amplian-plazos-para-registro-de-aspirantes-al-consejo-consultivo-de-la-fiscalia\/#article","isPartOf":{"@id":"https:\/\/fuentesfidedignas.com.mx\/index.php\/2022\/01\/22\/amplian-plazos-para-registro-de-aspirantes-al-consejo-consultivo-de-la-fiscalia\/"},"author":{"name":"Redacci\u00f3n","@id":"https:\/\/fuentesfidedignas.com.mx\/#\/schema\/person\/331be9283d37198e2acd5750279085b0"},"headline":"Ampl\u00edan plazos para registro de aspirantes al Consejo Consultivo de la Fiscal\u00eda","datePublished":"2022-01-22T20:24:39+00:00","dateModified":"2022-01-22T20:24:40+00:00","mainEntityOfPage":{"@id":"https:\/\/fuentesfidedignas.com.mx\/index.php\/2022\/01\/22\/amplian-plazos-para-registro-de-aspirantes-al-consejo-consultivo-de-la-fiscalia\/"},"wordCount":644,"commentCount":0,"publisher":{"@id":"https:\/\/fuentesfidedignas.com.mx\/#organization"},"image":{"@id":"https:\/\/fuentesfidedignas.com.mx\/index.php\/2022\/01\/22\/amplian-plazos-para-registro-de-aspirantes-al-consejo-consultivo-de-la-fiscalia\/#primaryimage"},"thumbnailUrl":"https:\/\/fuentesfidedignas.com.mx\/wp-content\/uploads\/2022\/01\/IMG-20220122-WA0011.jpg","articleSection":["NOTICIAS LOCALES"],"inLanguage":"es","potentialAction":[{"@type":"CommentAction","name":"Comment","target":["https:\/\/fuentesfidedignas.com.mx\/index.php\/2022\/01\/22\/amplian-plazos-para-registro-de-aspirantes-al-consejo-consultivo-de-la-fiscalia\/#respond"]}]},{"@type":"WebPage","@id":"https:\/\/fuentesfidedignas.com.mx\/index.php\/2022\/01\/22\/amplian-plazos-para-registro-de-aspirantes-al-consejo-consultivo-de-la-fiscalia\/","url":"https:\/\/fuentesfidedignas.com.mx\/index.php\/2022\/01\/22\/amplian-plazos-para-registro-de-aspirantes-al-consejo-consultivo-de-la-fiscalia\/","name":"Ampl\u00edan plazos para registro de aspirantes al Consejo Consultivo de la Fiscal\u00eda - Fuentes Fidedignas","isPartOf":{"@id":"https:\/\/fuentesfidedignas.com.mx\/#website"},"primaryImageOfPage":{"@id":"https:\/\/fuentesfidedignas.com.mx\/index.php\/2022\/01\/22\/amplian-plazos-para-registro-de-aspirantes-al-consejo-consultivo-de-la-fiscalia\/#primaryimage"},"image":{"@id":"https:\/\/fuentesfidedignas.com.mx\/index.php\/2022\/01\/22\/amplian-plazos-para-registro-de-aspirantes-al-consejo-consultivo-de-la-fiscalia\/#primaryimage"},"thumbnailUrl":"https:\/\/fuentesfidedignas.com.mx\/wp-content\/uploads\/2022\/01\/IMG-20220122-WA0011.jpg","datePublished":"2022-01-22T20:24:39+00:00","dateModified":"2022-01-22T20:24:40+00:00","breadcrumb":{"@id":"https:\/\/fuentesfidedignas.com.mx\/index.php\/2022\/01\/22\/amplian-plazos-para-registro-de-aspirantes-al-consejo-consultivo-de-la-fiscalia\/#breadcrumb"},"inLanguage":"es","potentialAction":[{"@type":"ReadAction","target":["https:\/\/fuentesfidedignas.com.mx\/index.php\/2022\/01\/22\/amplian-plazos-para-registro-de-aspirantes-al-consejo-consultivo-de-la-fiscalia\/"]}]},{"@type":"ImageObject","inLanguage":"es","@id":"https:\/\/fuentesfidedignas.com.mx\/index.php\/2022\/01\/22\/amplian-plazos-para-registro-de-aspirantes-al-consejo-consultivo-de-la-fiscalia\/#primaryimage","url":"https:\/\/fuentesfidedignas.com.mx\/wp-content\/uploads\/2022\/01\/IMG-20220122-WA0011.jpg","contentUrl":"https:\/\/fuentesfidedignas.com.mx\/wp-content\/uploads\/2022\/01\/IMG-20220122-WA0011.jpg","width":1280,"height":720},{"@type":"BreadcrumbList","@id":"https:\/\/fuentesfidedignas.com.mx\/index.php\/2022\/01\/22\/amplian-plazos-para-registro-de-aspirantes-al-consejo-consultivo-de-la-fiscalia\/#breadcrumb","itemListElement":[{"@type":"ListItem","position":1,"name":"Inicio","item":"https:\/\/fuentesfidedignas.com.mx\/"},{"@type":"ListItem","position":2,"name":"Ampl\u00edan plazos para registro de aspirantes al Consejo Consultivo de la Fiscal\u00eda"}]},{"@type":"WebSite","@id":"https:\/\/fuentesfidedignas.com.mx\/#website","url":"https:\/\/fuentesfidedignas.com.mx\/","name":"Fuentes Fidedignas","description":"Otro sitio realizado con WordPress","publisher":{"@id":"https:\/\/fuentesfidedignas.com.mx\/#organization"},"potentialAction":[{"@type":"SearchAction","target":{"@type":"EntryPoint","urlTemplate":"https:\/\/fuentesfidedignas.com.mx\/?s={search_term_string}"},"query-input":{"@type":"PropertyValueSpecification","valueRequired":true,"valueName":"search_term_string"}}],"inLanguage":"es"},{"@type":"Organization","@id":"https:\/\/fuentesfidedignas.com.mx\/#organization","name":"Fuentes Fidedignas","url":"https:\/\/fuentesfidedignas.com.mx\/","logo":{"@type":"ImageObject","inLanguage":"es","@id":"https:\/\/fuentesfidedignas.com.mx\/#\/schema\/logo\/image\/","url":"https:\/\/fuentesfidedignas.com.mx\/wp-content\/uploads\/2021\/04\/logo-retina.png","contentUrl":"https:\/\/fuentesfidedignas.com.mx\/wp-content\/uploads\/2021\/04\/logo-retina.png","width":280,"height":51,"caption":"Fuentes Fidedignas"},"image":{"@id":"https:\/\/fuentesfidedignas.com.mx\/#\/schema\/logo\/image\/"},"sameAs":["https:\/\/www.facebook.com\/Fuentes-Fidedignas-368234489921644","https:\/\/x.com\/fidedignas"]},{"@type":"Person","@id":"https:\/\/fuentesfidedignas.com.mx\/#\/schema\/person\/331be9283d37198e2acd5750279085b0","name":"Redacci\u00f3n","image":{"@type":"ImageObject","inLanguage":"es","@id":"https:\/\/secure.gravatar.com\/avatar\/f6d8782c11d12b2d4ad3fbb6931aeab5309937a4d6cd2fc9cfaa28a6396a5aec?s=96&d=mm&r=g","url":"https:\/\/secure.gravatar.com\/avatar\/f6d8782c11d12b2d4ad3fbb6931aeab5309937a4d6cd2fc9cfaa28a6396a5aec?s=96&d=mm&r=g","contentUrl":"https:\/\/secure.gravatar.com\/avatar\/f6d8782c11d12b2d4ad3fbb6931aeab5309937a4d6cd2fc9cfaa28a6396a5aec?s=96&d=mm&r=g","caption":"Redacci\u00f3n"},"url":"https:\/\/fuentesfidedignas.com.mx\/index.php\/author\/redaccion\/"}]}},"_links":{"self":[{"href":"https:\/\/fuentesfidedignas.com.mx\/index.php\/wp-json\/wp\/v2\/posts\/22433","targetHints":{"allow":["GET"]}}],"collection":[{"href":"https:\/\/fuentesfidedignas.com.mx\/index.php\/wp-json\/wp\/v2\/posts"}],"about":[{"href":"https:\/\/fuentesfidedignas.com.mx\/index.php\/wp-json\/wp\/v2\/types\/post"}],"author":[{"embeddable":true,"href":"https:\/\/fuentesfidedignas.com.mx\/index.php\/wp-json\/wp\/v2\/users\/4"}],"replies":[{"embeddable":true,"href":"https:\/\/fuentesfidedignas.com.mx\/index.php\/wp-json\/wp\/v2\/comments?post=22433"}],"version-history":[{"count":1,"href":"https:\/\/fuentesfidedignas.com.mx\/index.php\/wp-json\/wp\/v2\/posts\/22433\/revisions"}],"predecessor-version":[{"id":22435,"href":"https:\/\/fuentesfidedignas.com.mx\/index.php\/wp-json\/wp\/v2\/posts\/22433\/revisions\/22435"}],"wp:featuredmedia":[{"embeddable":true,"href":"https:\/\/fuentesfidedignas.com.mx\/index.php\/wp-json\/wp\/v2\/media\/22434"}],"wp:attachment":[{"href":"https:\/\/fuentesfidedignas.com.mx\/index.php\/wp-json\/wp\/v2\/media?parent=22433"}],"wp:term":[{"taxonomy":"category","embeddable":true,"href":"https:\/\/fuentesfidedignas.com.mx\/index.php\/wp-json\/wp\/v2\/categories?post=22433"},{"taxonomy":"post_tag","embeddable":true,"href":"https:\/\/fuentesfidedignas.com.mx\/index.php\/wp-json\/wp\/v2\/tags?post=22433"}],"curies":[{"name":"wp","href":"https:\/\/api.w.org\/{rel}","templated":true}]}}