{"id":22424,"date":"2022-01-22T11:43:02","date_gmt":"2022-01-22T18:43:02","guid":{"rendered":"https:\/\/fuentesfidedignas.com.mx\/?p=22424"},"modified":"2022-01-22T11:43:04","modified_gmt":"2022-01-22T18:43:04","slug":"no-guardes-el-cobertor-seguira-el-frio-intenso-en-la-mayor-parte-de-mexico","status":"publish","type":"post","link":"https:\/\/fuentesfidedignas.com.mx\/index.php\/2022\/01\/22\/no-guardes-el-cobertor-seguira-el-frio-intenso-en-la-mayor-parte-de-mexico\/","title":{"rendered":"\u00a1No guardes el cobertor! Seguir\u00e1 el fr\u00edo intenso en la mayor parte de M\u00e9xico"},"content":{"rendered":"\n<p><strong><em><br>Durante el fin de semana se prev\u00e9 ca\u00edda de aguanieve o nieve en sierras del noroeste, norte, noreste, centro y oriente del pa\u00eds <\/em><\/strong><\/p>\n\n\n\n<p>Ciudad de M\u00e9xico. La Comisi\u00f3n Nacional del Agua inform\u00f3 que para este s\u00e1bado se pronostica un nuevo descenso de temperatura que propiciar\u00e1 ambiente de fr\u00edo a muy fr\u00edo sobre entidades del norte de M\u00e9xico, Mesa del Norte y Mesa Central.<\/p>\n\n\n\n<p>Detall\u00f3 que habr\u00e1 heladas matutinas en la mayor parte del pa\u00eds y posible ca\u00edda de aguanieve o nieve en las monta\u00f1as de Baja California, Chihuahua, Coahuila, Durango, Estado de M\u00e9xico, Puebla, Sonora y Tlaxcala.<\/p>\n\n\n\n<p>Lo anterior ser\u00e1 generado por la Cuarta Tormenta Invernal de la temporada originada por la interacci\u00f3n de un v\u00f3rtice de n\u00facleo fr\u00edo con la corriente en chorro polar y el Frente Fr\u00edo N\u00famero 24, aunado al paso de la masa de aire polar que impulsa al sistema frontal 23.<\/p>\n\n\n\n<p>Se prev\u00e9n temperaturas m\u00ednimas de -10 a -5 grados Celsius en las monta\u00f1as de Chihuahua, Coahuila y Durango; de -5 a 0 grados Celsius en sierras de Baja California, Estado de M\u00e9xico, Hidalgo, Nuevo Le\u00f3n, Puebla, San Luis Potos\u00ed, Sonora, Tamaulipas, Tlaxcala, Veracruz y Zacatecas, y de 0 a 5 grados Celsius en sierras de Aguascalientes, Chiapas, Ciudad de M\u00e9xico, Colima, Guanajuato, Jalisco, Michoac\u00e1n, Morelos, Oaxaca y Quer\u00e9taro.<\/p>\n\n\n\n<p>Asimismo, se esperan heladas matutinas en Aguascalientes, Baja California, Chihuahua, Ciudad de M\u00e9xico, Coahuila, Durango, Estado de M\u00e9xico, Guanajuato, Hidalgo, Jalisco, Michoac\u00e1n, Morelos, Nuevo Le\u00f3n, Oaxaca, Puebla, Quer\u00e9taro, San Luis Potos\u00ed, Sinaloa, Sonora, Tamaulipas, Tlaxcala, Veracruz y Zacatecas, as\u00ed como posible ca\u00edda de aguanieve o nieve durante la ma\u00f1ana del s\u00e1bado en las sierras de Baja California y las cimas monta\u00f1osas con altitudes superiores a cuatro mil metros localizadas en el Estado de M\u00e9xico, Puebla, Tlaxcala y Veracruz), condiciones que se extender\u00e1n durante la noche de hoy y la madrugada del domingo hacia las zonas serranas de Chihuahua, Coahuila, Durango y Sonora.<\/p>\n\n\n\n<p>El Servicio Meteorol\u00f3gico Nacional recomienda a la poblaci\u00f3n evitar la exposici\u00f3n prolongada al ambiente fr\u00edo, los cambios bruscos de temperatura, vestir con ropa abrigadora y prestar atenci\u00f3n especial a ni\u00f1os, personas de la tercera edad y enfermos, as\u00ed como atender las indicaciones de Protecci\u00f3n Civil de su localidad. <\/p>\n\n\n\n<figure class=\"wp-block-embed is-type-rich is-provider-twitter wp-block-embed-twitter\"><div class=\"wp-block-embed__wrapper\">\n<blockquote class=\"twitter-tweet\" data-width=\"550\" data-dnt=\"true\"><p lang=\"es\" dir=\"ltr\">\u2744\ufe0f\ud83e\udd76  \u00a1Abr\u00edgate bien, recuerda que estamos en temporada invernal! Consulta en el video <a href=\"https:\/\/twitter.com\/hashtag\/Pron%C3%B3stico?src=hash&amp;ref_src=twsrc%5Etfw\">#Pron\u00f3stico<\/a> del <a href=\"https:\/\/twitter.com\/hashtag\/SMNmx?src=hash&amp;ref_src=twsrc%5Etfw\">#SMNmx<\/a>, las condiciones <a href=\"https:\/\/twitter.com\/hashtag\/Meteorol%C3%B3gicas?src=hash&amp;ref_src=twsrc%5Etfw\">#Meteorol\u00f3gicas<\/a> que prevalecer\u00e1n en <a href=\"https:\/\/twitter.com\/hashtag\/M%C3%A9xico?src=hash&amp;ref_src=twsrc%5Etfw\">#M\u00e9xico<\/a>, durante este s\u00e1bado. \u00a1Excelente fin de semana! <a href=\"https:\/\/t.co\/ccfYQcfZCI\">pic.twitter.com\/ccfYQcfZCI<\/a><\/p>&mdash; CONAGUA Clima (@conagua_clima) <a href=\"https:\/\/twitter.com\/conagua_clima\/status\/1484906196914081793?ref_src=twsrc%5Etfw\">January 22, 2022<\/a><\/blockquote><script async src=\"https:\/\/platform.twitter.com\/widgets.js\" charset=\"utf-8\"><\/script>\n<\/div><\/figure>\n\n\n\n<p>Por otra parte, se pronostican lluvias puntuales muy fuertes (de 50 a 75 mil\u00edmetros [mm]) en el norte Chiapas, oriente de Oaxaca, Tabasco y sur de Veracruz; fuertes (de 25 a 50 mm) en regiones de Campeche, Quintana Roo y Yucat\u00e1n; intervalos de chubascos (de 5 a 25 mm) en Nuevo Le\u00f3n y Tamaulipas, y lluvias aisladas (de 0.1 a 5 mm) en Baja California, Chihuahua, Ciudad de M\u00e9xico, Coahuila, Durango, Estado de M\u00e9xico, Hidalgo, Jalisco, Nayarit, Puebla, San Luis Potos\u00ed, Sonora, Tlaxcala y Zacatecas.<\/p>\n\n\n\n<p>Evento de Norte con rachas de 70 a 90 kil\u00f3metros por hora (km\/h) se prev\u00e9 en el Istmo y Golfo de Tehuantepec, con rachas de 60 a 70 km\/h en el litoral de Veracruz y con rachas de 50 a 60 km\/h en las costas de Campeche, Tabasco, Tamaulipas y Yucat\u00e1n, adem\u00e1s de oleaje de 2 a 4 metros (m) de altura en las costas de Chiapas, Oaxaca, Tabasco, sur de Veracruz y Golfo de Tehuantepec, y de 1 a 3 m de altura en las litorales de Campeche, Tamaulipas y Yucat\u00e1n.<\/p>\n\n\n\n<p>Rachas de viento de 60 a 70 km\/h se esperan en Chihuahua y el Golfo de California, y con tolvaneras en Baja California y Sonora, y 50 a 60 km\/h Coahuila, Durango y Zacatecas.<\/p>\n\n\n\n<p>Se pronostican temperaturas m\u00e1ximas de 35 a 40 grados Celsius en Campeche, Chiapas, Colima, Guerrero, Jalisco, Michoac\u00e1n, Morelos, Nayarit, Oaxaca, y sur de Sinaloa, y de 30 a 35 grados Celsius en Aguascalientes, Baja California, Baja California Sur, Durango, Guanajuato, Hidalgo, Puebla, Quer\u00e9taro, Quintana Roo, San Luis Potos\u00ed, Sonora, Tabasco, Tamaulipas, Veracruz, Yucat\u00e1n y Zacatecas.<\/p>\n","protected":false},"excerpt":{"rendered":"<p>Durante el fin de semana se prev\u00e9 ca\u00edda de aguanieve o nieve en sierras del noroeste, norte, noreste, centro y oriente del pa\u00eds Ciudad de M\u00e9xico. La Comisi\u00f3n Nacional del Agua inform\u00f3 que para este s\u00e1bado se pronostica un nuevo descenso de temperatura que propiciar\u00e1 ambiente de fr\u00edo a muy fr\u00edo sobre entidades del norte [&hellip;]<\/p>\n","protected":false},"author":7,"featured_media":22425,"comment_status":"open","ping_status":"open","sticky":false,"template":"","format":"standard","meta":{"tdm_status":"","tdm_grid_status":"","footnotes":""},"categories":[37],"tags":[],"class_list":{"0":"post-22424","1":"post","2":"type-post","3":"status-publish","4":"format-standard","5":"has-post-thumbnail","7":"category-nota-principal"},"yoast_head":"<!-- This site is optimized with the Yoast SEO plugin v27.5 - https:\/\/yoast.com\/product\/yoast-seo-wordpress\/ -->\n<title>\u00a1No guardes el cobertor! Seguir\u00e1 el fr\u00edo intenso en la mayor parte de M\u00e9xico - Fuentes Fidedignas<\/title>\n<meta name=\"robots\" content=\"index, follow, max-snippet:-1, max-image-preview:large, max-video-preview:-1\" \/>\n<link rel=\"canonical\" href=\"https:\/\/fuentesfidedignas.com.mx\/index.php\/2022\/01\/22\/no-guardes-el-cobertor-seguira-el-frio-intenso-en-la-mayor-parte-de-mexico\/\" \/>\n<meta property=\"og:locale\" content=\"es_MX\" \/>\n<meta property=\"og:type\" content=\"article\" \/>\n<meta property=\"og:title\" content=\"\u00a1No guardes el cobertor! Seguir\u00e1 el fr\u00edo intenso en la mayor parte de M\u00e9xico - Fuentes Fidedignas\" \/>\n<meta property=\"og:description\" content=\"Durante el fin de semana se prev\u00e9 ca\u00edda de aguanieve o nieve en sierras del noroeste, norte, noreste, centro y oriente del pa\u00eds Ciudad de M\u00e9xico. La Comisi\u00f3n Nacional del Agua inform\u00f3 que para este s\u00e1bado se pronostica un nuevo descenso de temperatura que propiciar\u00e1 ambiente de fr\u00edo a muy fr\u00edo sobre entidades del norte [&hellip;]\" \/>\n<meta property=\"og:url\" content=\"https:\/\/fuentesfidedignas.com.mx\/index.php\/2022\/01\/22\/no-guardes-el-cobertor-seguira-el-frio-intenso-en-la-mayor-parte-de-mexico\/\" \/>\n<meta property=\"og:site_name\" content=\"Fuentes Fidedignas\" \/>\n<meta property=\"article:publisher\" content=\"https:\/\/www.facebook.com\/Fuentes-Fidedignas-368234489921644\" \/>\n<meta property=\"article:published_time\" content=\"2022-01-22T18:43:02+00:00\" \/>\n<meta property=\"article:modified_time\" content=\"2022-01-22T18:43:04+00:00\" \/>\n<meta property=\"og:image\" content=\"https:\/\/fuentesfidedignas.com.mx\/wp-content\/uploads\/2022\/01\/2703358.jpg\" \/>\n\t<meta property=\"og:image:width\" content=\"800\" \/>\n\t<meta property=\"og:image:height\" content=\"600\" \/>\n\t<meta property=\"og:image:type\" content=\"image\/jpeg\" \/>\n<meta name=\"author\" content=\"Exc\u00e9lsior\" \/>\n<meta name=\"twitter:card\" content=\"summary_large_image\" \/>\n<meta name=\"twitter:creator\" content=\"@fidedignas\" \/>\n<meta name=\"twitter:site\" content=\"@fidedignas\" \/>\n<meta name=\"twitter:label1\" content=\"Escrito por\" \/>\n\t<meta name=\"twitter:data1\" content=\"Exc\u00e9lsior\" \/>\n\t<meta name=\"twitter:label2\" content=\"Tiempo de lectura\" \/>\n\t<meta name=\"twitter:data2\" content=\"3 minutos\" \/>\n<script type=\"application\/ld+json\" class=\"yoast-schema-graph\">{\"@context\":\"https:\\\/\\\/schema.org\",\"@graph\":[{\"@type\":\"Article\",\"@id\":\"https:\\\/\\\/fuentesfidedignas.com.mx\\\/index.php\\\/2022\\\/01\\\/22\\\/no-guardes-el-cobertor-seguira-el-frio-intenso-en-la-mayor-parte-de-mexico\\\/#article\",\"isPartOf\":{\"@id\":\"https:\\\/\\\/fuentesfidedignas.com.mx\\\/index.php\\\/2022\\\/01\\\/22\\\/no-guardes-el-cobertor-seguira-el-frio-intenso-en-la-mayor-parte-de-mexico\\\/\"},\"author\":{\"name\":\"Exc\u00e9lsior\",\"@id\":\"https:\\\/\\\/fuentesfidedignas.com.mx\\\/#\\\/schema\\\/person\\\/ec4edd1fbf5efa3e44fce34fe2787780\"},\"headline\":\"\u00a1No guardes el cobertor! Seguir\u00e1 el fr\u00edo intenso en la mayor parte de M\u00e9xico\",\"datePublished\":\"2022-01-22T18:43:02+00:00\",\"dateModified\":\"2022-01-22T18:43:04+00:00\",\"mainEntityOfPage\":{\"@id\":\"https:\\\/\\\/fuentesfidedignas.com.mx\\\/index.php\\\/2022\\\/01\\\/22\\\/no-guardes-el-cobertor-seguira-el-frio-intenso-en-la-mayor-parte-de-mexico\\\/\"},\"wordCount\":709,\"commentCount\":0,\"publisher\":{\"@id\":\"https:\\\/\\\/fuentesfidedignas.com.mx\\\/#organization\"},\"image\":{\"@id\":\"https:\\\/\\\/fuentesfidedignas.com.mx\\\/index.php\\\/2022\\\/01\\\/22\\\/no-guardes-el-cobertor-seguira-el-frio-intenso-en-la-mayor-parte-de-mexico\\\/#primaryimage\"},\"thumbnailUrl\":\"https:\\\/\\\/fuentesfidedignas.com.mx\\\/wp-content\\\/uploads\\\/2022\\\/01\\\/2703358.jpg\",\"articleSection\":[\"NOTA PRINCIPAL\"],\"inLanguage\":\"es\",\"potentialAction\":[{\"@type\":\"CommentAction\",\"name\":\"Comment\",\"target\":[\"https:\\\/\\\/fuentesfidedignas.com.mx\\\/index.php\\\/2022\\\/01\\\/22\\\/no-guardes-el-cobertor-seguira-el-frio-intenso-en-la-mayor-parte-de-mexico\\\/#respond\"]}]},{\"@type\":\"WebPage\",\"@id\":\"https:\\\/\\\/fuentesfidedignas.com.mx\\\/index.php\\\/2022\\\/01\\\/22\\\/no-guardes-el-cobertor-seguira-el-frio-intenso-en-la-mayor-parte-de-mexico\\\/\",\"url\":\"https:\\\/\\\/fuentesfidedignas.com.mx\\\/index.php\\\/2022\\\/01\\\/22\\\/no-guardes-el-cobertor-seguira-el-frio-intenso-en-la-mayor-parte-de-mexico\\\/\",\"name\":\"\u00a1No guardes el cobertor! Seguir\u00e1 el fr\u00edo intenso en la mayor parte de M\u00e9xico - Fuentes Fidedignas\",\"isPartOf\":{\"@id\":\"https:\\\/\\\/fuentesfidedignas.com.mx\\\/#website\"},\"primaryImageOfPage\":{\"@id\":\"https:\\\/\\\/fuentesfidedignas.com.mx\\\/index.php\\\/2022\\\/01\\\/22\\\/no-guardes-el-cobertor-seguira-el-frio-intenso-en-la-mayor-parte-de-mexico\\\/#primaryimage\"},\"image\":{\"@id\":\"https:\\\/\\\/fuentesfidedignas.com.mx\\\/index.php\\\/2022\\\/01\\\/22\\\/no-guardes-el-cobertor-seguira-el-frio-intenso-en-la-mayor-parte-de-mexico\\\/#primaryimage\"},\"thumbnailUrl\":\"https:\\\/\\\/fuentesfidedignas.com.mx\\\/wp-content\\\/uploads\\\/2022\\\/01\\\/2703358.jpg\",\"datePublished\":\"2022-01-22T18:43:02+00:00\",\"dateModified\":\"2022-01-22T18:43:04+00:00\",\"breadcrumb\":{\"@id\":\"https:\\\/\\\/fuentesfidedignas.com.mx\\\/index.php\\\/2022\\\/01\\\/22\\\/no-guardes-el-cobertor-seguira-el-frio-intenso-en-la-mayor-parte-de-mexico\\\/#breadcrumb\"},\"inLanguage\":\"es\",\"potentialAction\":[{\"@type\":\"ReadAction\",\"target\":[\"https:\\\/\\\/fuentesfidedignas.com.mx\\\/index.php\\\/2022\\\/01\\\/22\\\/no-guardes-el-cobertor-seguira-el-frio-intenso-en-la-mayor-parte-de-mexico\\\/\"]}]},{\"@type\":\"ImageObject\",\"inLanguage\":\"es\",\"@id\":\"https:\\\/\\\/fuentesfidedignas.com.mx\\\/index.php\\\/2022\\\/01\\\/22\\\/no-guardes-el-cobertor-seguira-el-frio-intenso-en-la-mayor-parte-de-mexico\\\/#primaryimage\",\"url\":\"https:\\\/\\\/fuentesfidedignas.com.mx\\\/wp-content\\\/uploads\\\/2022\\\/01\\\/2703358.jpg\",\"contentUrl\":\"https:\\\/\\\/fuentesfidedignas.com.mx\\\/wp-content\\\/uploads\\\/2022\\\/01\\\/2703358.jpg\",\"width\":800,\"height\":600},{\"@type\":\"BreadcrumbList\",\"@id\":\"https:\\\/\\\/fuentesfidedignas.com.mx\\\/index.php\\\/2022\\\/01\\\/22\\\/no-guardes-el-cobertor-seguira-el-frio-intenso-en-la-mayor-parte-de-mexico\\\/#breadcrumb\",\"itemListElement\":[{\"@type\":\"ListItem\",\"position\":1,\"name\":\"Inicio\",\"item\":\"https:\\\/\\\/fuentesfidedignas.com.mx\\\/\"},{\"@type\":\"ListItem\",\"position\":2,\"name\":\"\u00a1No guardes el cobertor! Seguir\u00e1 el fr\u00edo intenso en la mayor parte de M\u00e9xico\"}]},{\"@type\":\"WebSite\",\"@id\":\"https:\\\/\\\/fuentesfidedignas.com.mx\\\/#website\",\"url\":\"https:\\\/\\\/fuentesfidedignas.com.mx\\\/\",\"name\":\"Fuentes Fidedignas\",\"description\":\"Otro sitio realizado con WordPress\",\"publisher\":{\"@id\":\"https:\\\/\\\/fuentesfidedignas.com.mx\\\/#organization\"},\"potentialAction\":[{\"@type\":\"SearchAction\",\"target\":{\"@type\":\"EntryPoint\",\"urlTemplate\":\"https:\\\/\\\/fuentesfidedignas.com.mx\\\/?s={search_term_string}\"},\"query-input\":{\"@type\":\"PropertyValueSpecification\",\"valueRequired\":true,\"valueName\":\"search_term_string\"}}],\"inLanguage\":\"es\"},{\"@type\":\"Organization\",\"@id\":\"https:\\\/\\\/fuentesfidedignas.com.mx\\\/#organization\",\"name\":\"Fuentes Fidedignas\",\"url\":\"https:\\\/\\\/fuentesfidedignas.com.mx\\\/\",\"logo\":{\"@type\":\"ImageObject\",\"inLanguage\":\"es\",\"@id\":\"https:\\\/\\\/fuentesfidedignas.com.mx\\\/#\\\/schema\\\/logo\\\/image\\\/\",\"url\":\"https:\\\/\\\/fuentesfidedignas.com.mx\\\/wp-content\\\/uploads\\\/2021\\\/04\\\/logo-retina.png\",\"contentUrl\":\"https:\\\/\\\/fuentesfidedignas.com.mx\\\/wp-content\\\/uploads\\\/2021\\\/04\\\/logo-retina.png\",\"width\":280,\"height\":51,\"caption\":\"Fuentes Fidedignas\"},\"image\":{\"@id\":\"https:\\\/\\\/fuentesfidedignas.com.mx\\\/#\\\/schema\\\/logo\\\/image\\\/\"},\"sameAs\":[\"https:\\\/\\\/www.facebook.com\\\/Fuentes-Fidedignas-368234489921644\",\"https:\\\/\\\/x.com\\\/fidedignas\"]},{\"@type\":\"Person\",\"@id\":\"https:\\\/\\\/fuentesfidedignas.com.mx\\\/#\\\/schema\\\/person\\\/ec4edd1fbf5efa3e44fce34fe2787780\",\"name\":\"Exc\u00e9lsior\",\"image\":{\"@type\":\"ImageObject\",\"inLanguage\":\"es\",\"@id\":\"https:\\\/\\\/secure.gravatar.com\\\/avatar\\\/4b7ee9206b48be08447852b3f0814dbc7c0f3b51541b164f1464a2725614020b?s=96&d=mm&r=g\",\"url\":\"https:\\\/\\\/secure.gravatar.com\\\/avatar\\\/4b7ee9206b48be08447852b3f0814dbc7c0f3b51541b164f1464a2725614020b?s=96&d=mm&r=g\",\"contentUrl\":\"https:\\\/\\\/secure.gravatar.com\\\/avatar\\\/4b7ee9206b48be08447852b3f0814dbc7c0f3b51541b164f1464a2725614020b?s=96&d=mm&r=g\",\"caption\":\"Exc\u00e9lsior\"},\"url\":\"https:\\\/\\\/fuentesfidedignas.com.mx\\\/index.php\\\/author\\\/excelsior\\\/\"}]}<\/script>\n<!-- \/ Yoast SEO plugin. -->","yoast_head_json":{"title":"\u00a1No guardes el cobertor! Seguir\u00e1 el fr\u00edo intenso en la mayor parte de M\u00e9xico - Fuentes Fidedignas","robots":{"index":"index","follow":"follow","max-snippet":"max-snippet:-1","max-image-preview":"max-image-preview:large","max-video-preview":"max-video-preview:-1"},"canonical":"https:\/\/fuentesfidedignas.com.mx\/index.php\/2022\/01\/22\/no-guardes-el-cobertor-seguira-el-frio-intenso-en-la-mayor-parte-de-mexico\/","og_locale":"es_MX","og_type":"article","og_title":"\u00a1No guardes el cobertor! Seguir\u00e1 el fr\u00edo intenso en la mayor parte de M\u00e9xico - Fuentes Fidedignas","og_description":"Durante el fin de semana se prev\u00e9 ca\u00edda de aguanieve o nieve en sierras del noroeste, norte, noreste, centro y oriente del pa\u00eds Ciudad de M\u00e9xico. La Comisi\u00f3n Nacional del Agua inform\u00f3 que para este s\u00e1bado se pronostica un nuevo descenso de temperatura que propiciar\u00e1 ambiente de fr\u00edo a muy fr\u00edo sobre entidades del norte [&hellip;]","og_url":"https:\/\/fuentesfidedignas.com.mx\/index.php\/2022\/01\/22\/no-guardes-el-cobertor-seguira-el-frio-intenso-en-la-mayor-parte-de-mexico\/","og_site_name":"Fuentes Fidedignas","article_publisher":"https:\/\/www.facebook.com\/Fuentes-Fidedignas-368234489921644","article_published_time":"2022-01-22T18:43:02+00:00","article_modified_time":"2022-01-22T18:43:04+00:00","og_image":[{"width":800,"height":600,"url":"https:\/\/fuentesfidedignas.com.mx\/wp-content\/uploads\/2022\/01\/2703358.jpg","type":"image\/jpeg"}],"author":"Exc\u00e9lsior","twitter_card":"summary_large_image","twitter_creator":"@fidedignas","twitter_site":"@fidedignas","twitter_misc":{"Escrito por":"Exc\u00e9lsior","Tiempo de lectura":"3 minutos"},"schema":{"@context":"https:\/\/schema.org","@graph":[{"@type":"Article","@id":"https:\/\/fuentesfidedignas.com.mx\/index.php\/2022\/01\/22\/no-guardes-el-cobertor-seguira-el-frio-intenso-en-la-mayor-parte-de-mexico\/#article","isPartOf":{"@id":"https:\/\/fuentesfidedignas.com.mx\/index.php\/2022\/01\/22\/no-guardes-el-cobertor-seguira-el-frio-intenso-en-la-mayor-parte-de-mexico\/"},"author":{"name":"Exc\u00e9lsior","@id":"https:\/\/fuentesfidedignas.com.mx\/#\/schema\/person\/ec4edd1fbf5efa3e44fce34fe2787780"},"headline":"\u00a1No guardes el cobertor! Seguir\u00e1 el fr\u00edo intenso en la mayor parte de M\u00e9xico","datePublished":"2022-01-22T18:43:02+00:00","dateModified":"2022-01-22T18:43:04+00:00","mainEntityOfPage":{"@id":"https:\/\/fuentesfidedignas.com.mx\/index.php\/2022\/01\/22\/no-guardes-el-cobertor-seguira-el-frio-intenso-en-la-mayor-parte-de-mexico\/"},"wordCount":709,"commentCount":0,"publisher":{"@id":"https:\/\/fuentesfidedignas.com.mx\/#organization"},"image":{"@id":"https:\/\/fuentesfidedignas.com.mx\/index.php\/2022\/01\/22\/no-guardes-el-cobertor-seguira-el-frio-intenso-en-la-mayor-parte-de-mexico\/#primaryimage"},"thumbnailUrl":"https:\/\/fuentesfidedignas.com.mx\/wp-content\/uploads\/2022\/01\/2703358.jpg","articleSection":["NOTA PRINCIPAL"],"inLanguage":"es","potentialAction":[{"@type":"CommentAction","name":"Comment","target":["https:\/\/fuentesfidedignas.com.mx\/index.php\/2022\/01\/22\/no-guardes-el-cobertor-seguira-el-frio-intenso-en-la-mayor-parte-de-mexico\/#respond"]}]},{"@type":"WebPage","@id":"https:\/\/fuentesfidedignas.com.mx\/index.php\/2022\/01\/22\/no-guardes-el-cobertor-seguira-el-frio-intenso-en-la-mayor-parte-de-mexico\/","url":"https:\/\/fuentesfidedignas.com.mx\/index.php\/2022\/01\/22\/no-guardes-el-cobertor-seguira-el-frio-intenso-en-la-mayor-parte-de-mexico\/","name":"\u00a1No guardes el cobertor! Seguir\u00e1 el fr\u00edo intenso en la mayor parte de M\u00e9xico - Fuentes Fidedignas","isPartOf":{"@id":"https:\/\/fuentesfidedignas.com.mx\/#website"},"primaryImageOfPage":{"@id":"https:\/\/fuentesfidedignas.com.mx\/index.php\/2022\/01\/22\/no-guardes-el-cobertor-seguira-el-frio-intenso-en-la-mayor-parte-de-mexico\/#primaryimage"},"image":{"@id":"https:\/\/fuentesfidedignas.com.mx\/index.php\/2022\/01\/22\/no-guardes-el-cobertor-seguira-el-frio-intenso-en-la-mayor-parte-de-mexico\/#primaryimage"},"thumbnailUrl":"https:\/\/fuentesfidedignas.com.mx\/wp-content\/uploads\/2022\/01\/2703358.jpg","datePublished":"2022-01-22T18:43:02+00:00","dateModified":"2022-01-22T18:43:04+00:00","breadcrumb":{"@id":"https:\/\/fuentesfidedignas.com.mx\/index.php\/2022\/01\/22\/no-guardes-el-cobertor-seguira-el-frio-intenso-en-la-mayor-parte-de-mexico\/#breadcrumb"},"inLanguage":"es","potentialAction":[{"@type":"ReadAction","target":["https:\/\/fuentesfidedignas.com.mx\/index.php\/2022\/01\/22\/no-guardes-el-cobertor-seguira-el-frio-intenso-en-la-mayor-parte-de-mexico\/"]}]},{"@type":"ImageObject","inLanguage":"es","@id":"https:\/\/fuentesfidedignas.com.mx\/index.php\/2022\/01\/22\/no-guardes-el-cobertor-seguira-el-frio-intenso-en-la-mayor-parte-de-mexico\/#primaryimage","url":"https:\/\/fuentesfidedignas.com.mx\/wp-content\/uploads\/2022\/01\/2703358.jpg","contentUrl":"https:\/\/fuentesfidedignas.com.mx\/wp-content\/uploads\/2022\/01\/2703358.jpg","width":800,"height":600},{"@type":"BreadcrumbList","@id":"https:\/\/fuentesfidedignas.com.mx\/index.php\/2022\/01\/22\/no-guardes-el-cobertor-seguira-el-frio-intenso-en-la-mayor-parte-de-mexico\/#breadcrumb","itemListElement":[{"@type":"ListItem","position":1,"name":"Inicio","item":"https:\/\/fuentesfidedignas.com.mx\/"},{"@type":"ListItem","position":2,"name":"\u00a1No guardes el cobertor! Seguir\u00e1 el fr\u00edo intenso en la mayor parte de M\u00e9xico"}]},{"@type":"WebSite","@id":"https:\/\/fuentesfidedignas.com.mx\/#website","url":"https:\/\/fuentesfidedignas.com.mx\/","name":"Fuentes Fidedignas","description":"Otro sitio realizado con WordPress","publisher":{"@id":"https:\/\/fuentesfidedignas.com.mx\/#organization"},"potentialAction":[{"@type":"SearchAction","target":{"@type":"EntryPoint","urlTemplate":"https:\/\/fuentesfidedignas.com.mx\/?s={search_term_string}"},"query-input":{"@type":"PropertyValueSpecification","valueRequired":true,"valueName":"search_term_string"}}],"inLanguage":"es"},{"@type":"Organization","@id":"https:\/\/fuentesfidedignas.com.mx\/#organization","name":"Fuentes Fidedignas","url":"https:\/\/fuentesfidedignas.com.mx\/","logo":{"@type":"ImageObject","inLanguage":"es","@id":"https:\/\/fuentesfidedignas.com.mx\/#\/schema\/logo\/image\/","url":"https:\/\/fuentesfidedignas.com.mx\/wp-content\/uploads\/2021\/04\/logo-retina.png","contentUrl":"https:\/\/fuentesfidedignas.com.mx\/wp-content\/uploads\/2021\/04\/logo-retina.png","width":280,"height":51,"caption":"Fuentes Fidedignas"},"image":{"@id":"https:\/\/fuentesfidedignas.com.mx\/#\/schema\/logo\/image\/"},"sameAs":["https:\/\/www.facebook.com\/Fuentes-Fidedignas-368234489921644","https:\/\/x.com\/fidedignas"]},{"@type":"Person","@id":"https:\/\/fuentesfidedignas.com.mx\/#\/schema\/person\/ec4edd1fbf5efa3e44fce34fe2787780","name":"Exc\u00e9lsior","image":{"@type":"ImageObject","inLanguage":"es","@id":"https:\/\/secure.gravatar.com\/avatar\/4b7ee9206b48be08447852b3f0814dbc7c0f3b51541b164f1464a2725614020b?s=96&d=mm&r=g","url":"https:\/\/secure.gravatar.com\/avatar\/4b7ee9206b48be08447852b3f0814dbc7c0f3b51541b164f1464a2725614020b?s=96&d=mm&r=g","contentUrl":"https:\/\/secure.gravatar.com\/avatar\/4b7ee9206b48be08447852b3f0814dbc7c0f3b51541b164f1464a2725614020b?s=96&d=mm&r=g","caption":"Exc\u00e9lsior"},"url":"https:\/\/fuentesfidedignas.com.mx\/index.php\/author\/excelsior\/"}]}},"_links":{"self":[{"href":"https:\/\/fuentesfidedignas.com.mx\/index.php\/wp-json\/wp\/v2\/posts\/22424","targetHints":{"allow":["GET"]}}],"collection":[{"href":"https:\/\/fuentesfidedignas.com.mx\/index.php\/wp-json\/wp\/v2\/posts"}],"about":[{"href":"https:\/\/fuentesfidedignas.com.mx\/index.php\/wp-json\/wp\/v2\/types\/post"}],"author":[{"embeddable":true,"href":"https:\/\/fuentesfidedignas.com.mx\/index.php\/wp-json\/wp\/v2\/users\/7"}],"replies":[{"embeddable":true,"href":"https:\/\/fuentesfidedignas.com.mx\/index.php\/wp-json\/wp\/v2\/comments?post=22424"}],"version-history":[{"count":1,"href":"https:\/\/fuentesfidedignas.com.mx\/index.php\/wp-json\/wp\/v2\/posts\/22424\/revisions"}],"predecessor-version":[{"id":22426,"href":"https:\/\/fuentesfidedignas.com.mx\/index.php\/wp-json\/wp\/v2\/posts\/22424\/revisions\/22426"}],"wp:featuredmedia":[{"embeddable":true,"href":"https:\/\/fuentesfidedignas.com.mx\/index.php\/wp-json\/wp\/v2\/media\/22425"}],"wp:attachment":[{"href":"https:\/\/fuentesfidedignas.com.mx\/index.php\/wp-json\/wp\/v2\/media?parent=22424"}],"wp:term":[{"taxonomy":"category","embeddable":true,"href":"https:\/\/fuentesfidedignas.com.mx\/index.php\/wp-json\/wp\/v2\/categories?post=22424"},{"taxonomy":"post_tag","embeddable":true,"href":"https:\/\/fuentesfidedignas.com.mx\/index.php\/wp-json\/wp\/v2\/tags?post=22424"}],"curies":[{"name":"wp","href":"https:\/\/api.w.org\/{rel}","templated":true}]}}