{"id":22369,"date":"2022-01-21T15:20:55","date_gmt":"2022-01-21T22:20:55","guid":{"rendered":"https:\/\/fuentesfidedignas.com.mx\/?p=22369"},"modified":"2022-01-21T15:20:57","modified_gmt":"2022-01-21T22:20:57","slug":"rocha-marca-la-reapertura-de-la-minera-san-rafael-en-cosala","status":"publish","type":"post","link":"https:\/\/fuentesfidedignas.com.mx\/index.php\/2022\/01\/21\/rocha-marca-la-reapertura-de-la-minera-san-rafael-en-cosala\/","title":{"rendered":"Rocha marca la reapertura de la minera San Rafael, en Cosal\u00e1"},"content":{"rendered":"\n<p><em><strong> Con el reinicio de actividades, la empresa canadiense America\u2019s Gold &amp; Silver invertir\u00e1 600 millones de pesos<\/strong><\/em><\/p>\n\n\n\n<p>Cosal\u00e1, Sin.- Luego de un largo periodo de 19 meses en los cuales estuvo cerrada, la mina San Rafael, de la empresa canadiense America\u2019s Gold &amp; Silver, reinici\u00f3 operaciones, con una inversi\u00f3n de 30 millones de d\u00f3lares, que son m\u00e1s de 600 millones de pesos, y para ello, el gobernador Rub\u00e9n Rocha Moya, acompa\u00f1ado por la secretaria de Econom\u00eda, Tatiana Clouthier Carrillo, puso en marcha los trabajos de reapertura de esta empresa que genera 300 empleos permanentes.<\/p>\n\n\n\n<p>Tanto el mandatario estatal como la secretaria y dem\u00e1s invitados, fueron recibidos por el presidente y CEO de dicho consorcio minero de capital canadiense, el empresario Darren Blasutti, quien agradeci\u00f3 las facilidades del gobierno de M\u00e9xico y de Sinaloa, para poder finalmente reiniciar las operaciones que se vieron suspendidas desde hace casi dos a\u00f1os, por motivo de un conflicto laboral, al cual se sum\u00f3 la par\u00e1lisis por la pandemia del COVID-19.<\/p>\n\n\n\n<p>El empresario canadiense inform\u00f3 que ser\u00e1n 30 millones de d\u00f3lares los que se invertir\u00e1n en los siguientes tres a\u00f1os, para continuar con la extracci\u00f3n de plomo, plata y zinc, y retomar con ello la oportunidad de empleo para los 300 trabajadores de la mina San Rafael, de los cuales, el 80 por ciento de ellos son de Cosal\u00e1 y Sinaloa, con lo cual la derrama econ\u00f3mica se queda aqu\u00ed.<\/p>\n\n\n\n<figure class=\"wp-block-image size-large\"><img decoding=\"async\" width=\"1024\" height=\"682\" src=\"https:\/\/fuentesfidedignas.com.mx\/wp-content\/uploads\/2022\/01\/IMG-20220121-WA0052-1024x682.jpg\" alt=\"\" class=\"wp-image-22371\" srcset=\"https:\/\/fuentesfidedignas.com.mx\/wp-content\/uploads\/2022\/01\/IMG-20220121-WA0052-1024x682.jpg 1024w, https:\/\/fuentesfidedignas.com.mx\/wp-content\/uploads\/2022\/01\/IMG-20220121-WA0052-300x200.jpg 300w, https:\/\/fuentesfidedignas.com.mx\/wp-content\/uploads\/2022\/01\/IMG-20220121-WA0052-768x511.jpg 768w, https:\/\/fuentesfidedignas.com.mx\/wp-content\/uploads\/2022\/01\/IMG-20220121-WA0052.jpg 1280w\" sizes=\"(max-width: 1024px) 100vw, 1024px\" \/><\/figure>\n\n\n\n<p>En su mensaje, el gobernador Rocha dijo que para su gobierno es fundamental que esta empresa minera haya reiniciado sus operaciones y con ello reabra sus puertas a los trabajadores que en ella laboraban, pues esta inversi\u00f3n beneficia al entorno del municipio de Cosal\u00e1 directamente.<\/p>\n\n\n\n<p>Destac\u00f3 que Sinaloa es un estado con gran potencial minero, mayor al que ahora se est\u00e1 explotando, y a\u00f1adi\u00f3 que \u00e9ste es un giro de inversi\u00f3n que garantiza buenas condiciones de trabajo, y se congratul\u00f3 por el hecho de que se hayan conciliado los intereses entre ambas partes, sindicato y patr\u00f3n, y se pueda continuar con esta importante fuente de empleo.<\/p>\n\n\n\n<p>\u201cEstamos contentos Darren, vamos a hacer todo lo que a nosotros nos corresponda, en estricto respeto a las leyes y a los derechos que se conjugan en estas empresas, vamos a hacer todo lo posible para que esto no pare, que sigamos la producci\u00f3n y que se mantenga activa esta derrama econ\u00f3mica en el estado, y que para m\u00ed lo m\u00e1s importante es que esta derrama se d\u00e9 a trav\u00e9s de los trabajadores, que puedan darle sustento a sus familias\u201d, dijo.<\/p>\n\n\n\n<p>A su vez, la secretaria de Econom\u00eda, Tatiana Clouthier Carrillo, destac\u00f3 que la reapertura de la mina San Rafael es producto de la confianza que se tiene en M\u00e9xico y en Sinaloa por invertir, ayudado por las pol\u00edticas del Tratado de Libre Comercio que se renov\u00f3 con Estados Unidos y Canad\u00e1, denominado ahora como T-MEC.<\/p>\n\n\n\n<p>Al dar la bienvenida, la presidenta municipal de Cosal\u00e1, Carla Ursula Corrales Corrales, agradeci\u00f3 la reapertura de esta importante fuente de trabajo para los cosaltecos y aprovech\u00f3 para agradecer al gobernador Rocha el apoyo que le otorg\u00f3 al Ayuntamiento para resolver el problema de pagos pendientes de aguinaldos a trabajadores pensionados y jubilados.<\/p>\n\n\n\n<figure class=\"wp-block-image size-large\"><img decoding=\"async\" width=\"1024\" height=\"682\" src=\"https:\/\/fuentesfidedignas.com.mx\/wp-content\/uploads\/2022\/01\/IMG-20220121-WA0050-1024x682.jpg\" alt=\"\" class=\"wp-image-22372\" srcset=\"https:\/\/fuentesfidedignas.com.mx\/wp-content\/uploads\/2022\/01\/IMG-20220121-WA0050-1024x682.jpg 1024w, https:\/\/fuentesfidedignas.com.mx\/wp-content\/uploads\/2022\/01\/IMG-20220121-WA0050-300x200.jpg 300w, https:\/\/fuentesfidedignas.com.mx\/wp-content\/uploads\/2022\/01\/IMG-20220121-WA0050-768x511.jpg 768w, https:\/\/fuentesfidedignas.com.mx\/wp-content\/uploads\/2022\/01\/IMG-20220121-WA0050.jpg 1280w\" sizes=\"(max-width: 1024px) 100vw, 1024px\" \/><\/figure>\n\n\n\n<p>Luego de la ceremonia de reapertura, que tuvo lugar en la bocamina, a la salida del t\u00fanel, el gobernador y los dem\u00e1s invitados especiales, se trasladaron a otro punto del complejo, en la planta de molienda, para develar la placa que identifica a la mina San Rafael como la ganadora del Premio Casco de Plata, que le otorg\u00f3 la Secretar\u00eda del Trabajo y Previsi\u00f3n Social como la mina subterr\u00e1nea de hasta 500 trabajadores, m\u00e1s segura de M\u00e9xico, distinci\u00f3n que obtuvo en el 2019, justamente antes de suspender operaciones y por ello, se procedi\u00f3 a develar ahora la placa.<\/p>\n\n\n\n<p>Tambi\u00e9n asistieron a este evento, el secretario de Econom\u00eda del Gobierno del Estado, Javier Gaxiola Coppel; la diputada local Viridiana Camacho, y dem\u00e1s directivos de America\u2019s Gold &amp; Silver, como Daren Dell, quien hizo la explicaci\u00f3n t\u00e9cnica de la inversi\u00f3n a ejecutar en esta nueva etapa.<\/p>\n","protected":false},"excerpt":{"rendered":"<p>Con el reinicio de actividades, la empresa canadiense America\u2019s Gold &amp; Silver invertir\u00e1 600 millones de pesos Cosal\u00e1, Sin.- Luego de un largo periodo de 19 meses en los cuales estuvo cerrada, la mina San Rafael, de la empresa canadiense America\u2019s Gold &amp; Silver, reinici\u00f3 operaciones, con una inversi\u00f3n de 30 millones de d\u00f3lares, que [&hellip;]<\/p>\n","protected":false},"author":4,"featured_media":22370,"comment_status":"open","ping_status":"open","sticky":false,"template":"","format":"standard","meta":{"tdm_status":"","tdm_grid_status":"","footnotes":""},"categories":[37],"tags":[],"class_list":{"0":"post-22369","1":"post","2":"type-post","3":"status-publish","4":"format-standard","5":"has-post-thumbnail","7":"category-nota-principal"},"yoast_head":"<!-- This site is optimized with the Yoast SEO plugin v27.5 - https:\/\/yoast.com\/product\/yoast-seo-wordpress\/ -->\n<title>Rocha marca la reapertura de la minera San Rafael, en Cosal\u00e1 - Fuentes Fidedignas<\/title>\n<meta name=\"robots\" content=\"index, follow, max-snippet:-1, max-image-preview:large, max-video-preview:-1\" \/>\n<link rel=\"canonical\" href=\"https:\/\/fuentesfidedignas.com.mx\/index.php\/2022\/01\/21\/rocha-marca-la-reapertura-de-la-minera-san-rafael-en-cosala\/\" \/>\n<meta property=\"og:locale\" content=\"es_MX\" \/>\n<meta property=\"og:type\" content=\"article\" \/>\n<meta property=\"og:title\" content=\"Rocha marca la reapertura de la minera San Rafael, en Cosal\u00e1 - Fuentes Fidedignas\" \/>\n<meta property=\"og:description\" content=\"Con el reinicio de actividades, la empresa canadiense America\u2019s Gold &amp; Silver invertir\u00e1 600 millones de pesos Cosal\u00e1, Sin.- Luego de un largo periodo de 19 meses en los cuales estuvo cerrada, la mina San Rafael, de la empresa canadiense America\u2019s Gold &amp; Silver, reinici\u00f3 operaciones, con una inversi\u00f3n de 30 millones de d\u00f3lares, que [&hellip;]\" \/>\n<meta property=\"og:url\" content=\"https:\/\/fuentesfidedignas.com.mx\/index.php\/2022\/01\/21\/rocha-marca-la-reapertura-de-la-minera-san-rafael-en-cosala\/\" \/>\n<meta property=\"og:site_name\" content=\"Fuentes Fidedignas\" \/>\n<meta property=\"article:publisher\" content=\"https:\/\/www.facebook.com\/Fuentes-Fidedignas-368234489921644\" \/>\n<meta property=\"article:published_time\" content=\"2022-01-21T22:20:55+00:00\" \/>\n<meta property=\"article:modified_time\" content=\"2022-01-21T22:20:57+00:00\" \/>\n<meta property=\"og:image\" content=\"https:\/\/fuentesfidedignas.com.mx\/wp-content\/uploads\/2022\/01\/IMG-20220121-WA0051.jpg\" \/>\n\t<meta property=\"og:image:width\" content=\"1280\" \/>\n\t<meta property=\"og:image:height\" content=\"852\" \/>\n\t<meta property=\"og:image:type\" content=\"image\/jpeg\" \/>\n<meta name=\"author\" content=\"Redacci\u00f3n\" \/>\n<meta name=\"twitter:card\" content=\"summary_large_image\" \/>\n<meta name=\"twitter:creator\" content=\"@fidedignas\" \/>\n<meta name=\"twitter:site\" content=\"@fidedignas\" \/>\n<meta name=\"twitter:label1\" content=\"Escrito por\" \/>\n\t<meta name=\"twitter:data1\" content=\"Redacci\u00f3n\" \/>\n\t<meta name=\"twitter:label2\" content=\"Tiempo de lectura\" \/>\n\t<meta name=\"twitter:data2\" content=\"4 minutos\" \/>\n<script type=\"application\/ld+json\" class=\"yoast-schema-graph\">{\"@context\":\"https:\\\/\\\/schema.org\",\"@graph\":[{\"@type\":\"Article\",\"@id\":\"https:\\\/\\\/fuentesfidedignas.com.mx\\\/index.php\\\/2022\\\/01\\\/21\\\/rocha-marca-la-reapertura-de-la-minera-san-rafael-en-cosala\\\/#article\",\"isPartOf\":{\"@id\":\"https:\\\/\\\/fuentesfidedignas.com.mx\\\/index.php\\\/2022\\\/01\\\/21\\\/rocha-marca-la-reapertura-de-la-minera-san-rafael-en-cosala\\\/\"},\"author\":{\"name\":\"Redacci\u00f3n\",\"@id\":\"https:\\\/\\\/fuentesfidedignas.com.mx\\\/#\\\/schema\\\/person\\\/331be9283d37198e2acd5750279085b0\"},\"headline\":\"Rocha marca la reapertura de la minera San Rafael, en Cosal\u00e1\",\"datePublished\":\"2022-01-21T22:20:55+00:00\",\"dateModified\":\"2022-01-21T22:20:57+00:00\",\"mainEntityOfPage\":{\"@id\":\"https:\\\/\\\/fuentesfidedignas.com.mx\\\/index.php\\\/2022\\\/01\\\/21\\\/rocha-marca-la-reapertura-de-la-minera-san-rafael-en-cosala\\\/\"},\"wordCount\":719,\"commentCount\":0,\"publisher\":{\"@id\":\"https:\\\/\\\/fuentesfidedignas.com.mx\\\/#organization\"},\"image\":{\"@id\":\"https:\\\/\\\/fuentesfidedignas.com.mx\\\/index.php\\\/2022\\\/01\\\/21\\\/rocha-marca-la-reapertura-de-la-minera-san-rafael-en-cosala\\\/#primaryimage\"},\"thumbnailUrl\":\"https:\\\/\\\/fuentesfidedignas.com.mx\\\/wp-content\\\/uploads\\\/2022\\\/01\\\/IMG-20220121-WA0051.jpg\",\"articleSection\":[\"NOTA PRINCIPAL\"],\"inLanguage\":\"es\",\"potentialAction\":[{\"@type\":\"CommentAction\",\"name\":\"Comment\",\"target\":[\"https:\\\/\\\/fuentesfidedignas.com.mx\\\/index.php\\\/2022\\\/01\\\/21\\\/rocha-marca-la-reapertura-de-la-minera-san-rafael-en-cosala\\\/#respond\"]}]},{\"@type\":\"WebPage\",\"@id\":\"https:\\\/\\\/fuentesfidedignas.com.mx\\\/index.php\\\/2022\\\/01\\\/21\\\/rocha-marca-la-reapertura-de-la-minera-san-rafael-en-cosala\\\/\",\"url\":\"https:\\\/\\\/fuentesfidedignas.com.mx\\\/index.php\\\/2022\\\/01\\\/21\\\/rocha-marca-la-reapertura-de-la-minera-san-rafael-en-cosala\\\/\",\"name\":\"Rocha marca la reapertura de la minera San Rafael, en Cosal\u00e1 - Fuentes Fidedignas\",\"isPartOf\":{\"@id\":\"https:\\\/\\\/fuentesfidedignas.com.mx\\\/#website\"},\"primaryImageOfPage\":{\"@id\":\"https:\\\/\\\/fuentesfidedignas.com.mx\\\/index.php\\\/2022\\\/01\\\/21\\\/rocha-marca-la-reapertura-de-la-minera-san-rafael-en-cosala\\\/#primaryimage\"},\"image\":{\"@id\":\"https:\\\/\\\/fuentesfidedignas.com.mx\\\/index.php\\\/2022\\\/01\\\/21\\\/rocha-marca-la-reapertura-de-la-minera-san-rafael-en-cosala\\\/#primaryimage\"},\"thumbnailUrl\":\"https:\\\/\\\/fuentesfidedignas.com.mx\\\/wp-content\\\/uploads\\\/2022\\\/01\\\/IMG-20220121-WA0051.jpg\",\"datePublished\":\"2022-01-21T22:20:55+00:00\",\"dateModified\":\"2022-01-21T22:20:57+00:00\",\"breadcrumb\":{\"@id\":\"https:\\\/\\\/fuentesfidedignas.com.mx\\\/index.php\\\/2022\\\/01\\\/21\\\/rocha-marca-la-reapertura-de-la-minera-san-rafael-en-cosala\\\/#breadcrumb\"},\"inLanguage\":\"es\",\"potentialAction\":[{\"@type\":\"ReadAction\",\"target\":[\"https:\\\/\\\/fuentesfidedignas.com.mx\\\/index.php\\\/2022\\\/01\\\/21\\\/rocha-marca-la-reapertura-de-la-minera-san-rafael-en-cosala\\\/\"]}]},{\"@type\":\"ImageObject\",\"inLanguage\":\"es\",\"@id\":\"https:\\\/\\\/fuentesfidedignas.com.mx\\\/index.php\\\/2022\\\/01\\\/21\\\/rocha-marca-la-reapertura-de-la-minera-san-rafael-en-cosala\\\/#primaryimage\",\"url\":\"https:\\\/\\\/fuentesfidedignas.com.mx\\\/wp-content\\\/uploads\\\/2022\\\/01\\\/IMG-20220121-WA0051.jpg\",\"contentUrl\":\"https:\\\/\\\/fuentesfidedignas.com.mx\\\/wp-content\\\/uploads\\\/2022\\\/01\\\/IMG-20220121-WA0051.jpg\",\"width\":1280,\"height\":852},{\"@type\":\"BreadcrumbList\",\"@id\":\"https:\\\/\\\/fuentesfidedignas.com.mx\\\/index.php\\\/2022\\\/01\\\/21\\\/rocha-marca-la-reapertura-de-la-minera-san-rafael-en-cosala\\\/#breadcrumb\",\"itemListElement\":[{\"@type\":\"ListItem\",\"position\":1,\"name\":\"Inicio\",\"item\":\"https:\\\/\\\/fuentesfidedignas.com.mx\\\/\"},{\"@type\":\"ListItem\",\"position\":2,\"name\":\"Rocha marca la reapertura de la minera San Rafael, en Cosal\u00e1\"}]},{\"@type\":\"WebSite\",\"@id\":\"https:\\\/\\\/fuentesfidedignas.com.mx\\\/#website\",\"url\":\"https:\\\/\\\/fuentesfidedignas.com.mx\\\/\",\"name\":\"Fuentes Fidedignas\",\"description\":\"Otro sitio realizado con WordPress\",\"publisher\":{\"@id\":\"https:\\\/\\\/fuentesfidedignas.com.mx\\\/#organization\"},\"potentialAction\":[{\"@type\":\"SearchAction\",\"target\":{\"@type\":\"EntryPoint\",\"urlTemplate\":\"https:\\\/\\\/fuentesfidedignas.com.mx\\\/?s={search_term_string}\"},\"query-input\":{\"@type\":\"PropertyValueSpecification\",\"valueRequired\":true,\"valueName\":\"search_term_string\"}}],\"inLanguage\":\"es\"},{\"@type\":\"Organization\",\"@id\":\"https:\\\/\\\/fuentesfidedignas.com.mx\\\/#organization\",\"name\":\"Fuentes Fidedignas\",\"url\":\"https:\\\/\\\/fuentesfidedignas.com.mx\\\/\",\"logo\":{\"@type\":\"ImageObject\",\"inLanguage\":\"es\",\"@id\":\"https:\\\/\\\/fuentesfidedignas.com.mx\\\/#\\\/schema\\\/logo\\\/image\\\/\",\"url\":\"https:\\\/\\\/fuentesfidedignas.com.mx\\\/wp-content\\\/uploads\\\/2021\\\/04\\\/logo-retina.png\",\"contentUrl\":\"https:\\\/\\\/fuentesfidedignas.com.mx\\\/wp-content\\\/uploads\\\/2021\\\/04\\\/logo-retina.png\",\"width\":280,\"height\":51,\"caption\":\"Fuentes Fidedignas\"},\"image\":{\"@id\":\"https:\\\/\\\/fuentesfidedignas.com.mx\\\/#\\\/schema\\\/logo\\\/image\\\/\"},\"sameAs\":[\"https:\\\/\\\/www.facebook.com\\\/Fuentes-Fidedignas-368234489921644\",\"https:\\\/\\\/x.com\\\/fidedignas\"]},{\"@type\":\"Person\",\"@id\":\"https:\\\/\\\/fuentesfidedignas.com.mx\\\/#\\\/schema\\\/person\\\/331be9283d37198e2acd5750279085b0\",\"name\":\"Redacci\u00f3n\",\"image\":{\"@type\":\"ImageObject\",\"inLanguage\":\"es\",\"@id\":\"https:\\\/\\\/secure.gravatar.com\\\/avatar\\\/f6d8782c11d12b2d4ad3fbb6931aeab5309937a4d6cd2fc9cfaa28a6396a5aec?s=96&d=mm&r=g\",\"url\":\"https:\\\/\\\/secure.gravatar.com\\\/avatar\\\/f6d8782c11d12b2d4ad3fbb6931aeab5309937a4d6cd2fc9cfaa28a6396a5aec?s=96&d=mm&r=g\",\"contentUrl\":\"https:\\\/\\\/secure.gravatar.com\\\/avatar\\\/f6d8782c11d12b2d4ad3fbb6931aeab5309937a4d6cd2fc9cfaa28a6396a5aec?s=96&d=mm&r=g\",\"caption\":\"Redacci\u00f3n\"},\"url\":\"https:\\\/\\\/fuentesfidedignas.com.mx\\\/index.php\\\/author\\\/redaccion\\\/\"}]}<\/script>\n<!-- \/ Yoast SEO plugin. -->","yoast_head_json":{"title":"Rocha marca la reapertura de la minera San Rafael, en Cosal\u00e1 - Fuentes Fidedignas","robots":{"index":"index","follow":"follow","max-snippet":"max-snippet:-1","max-image-preview":"max-image-preview:large","max-video-preview":"max-video-preview:-1"},"canonical":"https:\/\/fuentesfidedignas.com.mx\/index.php\/2022\/01\/21\/rocha-marca-la-reapertura-de-la-minera-san-rafael-en-cosala\/","og_locale":"es_MX","og_type":"article","og_title":"Rocha marca la reapertura de la minera San Rafael, en Cosal\u00e1 - Fuentes Fidedignas","og_description":"Con el reinicio de actividades, la empresa canadiense America\u2019s Gold &amp; Silver invertir\u00e1 600 millones de pesos Cosal\u00e1, Sin.- Luego de un largo periodo de 19 meses en los cuales estuvo cerrada, la mina San Rafael, de la empresa canadiense America\u2019s Gold &amp; Silver, reinici\u00f3 operaciones, con una inversi\u00f3n de 30 millones de d\u00f3lares, que [&hellip;]","og_url":"https:\/\/fuentesfidedignas.com.mx\/index.php\/2022\/01\/21\/rocha-marca-la-reapertura-de-la-minera-san-rafael-en-cosala\/","og_site_name":"Fuentes Fidedignas","article_publisher":"https:\/\/www.facebook.com\/Fuentes-Fidedignas-368234489921644","article_published_time":"2022-01-21T22:20:55+00:00","article_modified_time":"2022-01-21T22:20:57+00:00","og_image":[{"width":1280,"height":852,"url":"https:\/\/fuentesfidedignas.com.mx\/wp-content\/uploads\/2022\/01\/IMG-20220121-WA0051.jpg","type":"image\/jpeg"}],"author":"Redacci\u00f3n","twitter_card":"summary_large_image","twitter_creator":"@fidedignas","twitter_site":"@fidedignas","twitter_misc":{"Escrito por":"Redacci\u00f3n","Tiempo de lectura":"4 minutos"},"schema":{"@context":"https:\/\/schema.org","@graph":[{"@type":"Article","@id":"https:\/\/fuentesfidedignas.com.mx\/index.php\/2022\/01\/21\/rocha-marca-la-reapertura-de-la-minera-san-rafael-en-cosala\/#article","isPartOf":{"@id":"https:\/\/fuentesfidedignas.com.mx\/index.php\/2022\/01\/21\/rocha-marca-la-reapertura-de-la-minera-san-rafael-en-cosala\/"},"author":{"name":"Redacci\u00f3n","@id":"https:\/\/fuentesfidedignas.com.mx\/#\/schema\/person\/331be9283d37198e2acd5750279085b0"},"headline":"Rocha marca la reapertura de la minera San Rafael, en Cosal\u00e1","datePublished":"2022-01-21T22:20:55+00:00","dateModified":"2022-01-21T22:20:57+00:00","mainEntityOfPage":{"@id":"https:\/\/fuentesfidedignas.com.mx\/index.php\/2022\/01\/21\/rocha-marca-la-reapertura-de-la-minera-san-rafael-en-cosala\/"},"wordCount":719,"commentCount":0,"publisher":{"@id":"https:\/\/fuentesfidedignas.com.mx\/#organization"},"image":{"@id":"https:\/\/fuentesfidedignas.com.mx\/index.php\/2022\/01\/21\/rocha-marca-la-reapertura-de-la-minera-san-rafael-en-cosala\/#primaryimage"},"thumbnailUrl":"https:\/\/fuentesfidedignas.com.mx\/wp-content\/uploads\/2022\/01\/IMG-20220121-WA0051.jpg","articleSection":["NOTA PRINCIPAL"],"inLanguage":"es","potentialAction":[{"@type":"CommentAction","name":"Comment","target":["https:\/\/fuentesfidedignas.com.mx\/index.php\/2022\/01\/21\/rocha-marca-la-reapertura-de-la-minera-san-rafael-en-cosala\/#respond"]}]},{"@type":"WebPage","@id":"https:\/\/fuentesfidedignas.com.mx\/index.php\/2022\/01\/21\/rocha-marca-la-reapertura-de-la-minera-san-rafael-en-cosala\/","url":"https:\/\/fuentesfidedignas.com.mx\/index.php\/2022\/01\/21\/rocha-marca-la-reapertura-de-la-minera-san-rafael-en-cosala\/","name":"Rocha marca la reapertura de la minera San Rafael, en Cosal\u00e1 - Fuentes Fidedignas","isPartOf":{"@id":"https:\/\/fuentesfidedignas.com.mx\/#website"},"primaryImageOfPage":{"@id":"https:\/\/fuentesfidedignas.com.mx\/index.php\/2022\/01\/21\/rocha-marca-la-reapertura-de-la-minera-san-rafael-en-cosala\/#primaryimage"},"image":{"@id":"https:\/\/fuentesfidedignas.com.mx\/index.php\/2022\/01\/21\/rocha-marca-la-reapertura-de-la-minera-san-rafael-en-cosala\/#primaryimage"},"thumbnailUrl":"https:\/\/fuentesfidedignas.com.mx\/wp-content\/uploads\/2022\/01\/IMG-20220121-WA0051.jpg","datePublished":"2022-01-21T22:20:55+00:00","dateModified":"2022-01-21T22:20:57+00:00","breadcrumb":{"@id":"https:\/\/fuentesfidedignas.com.mx\/index.php\/2022\/01\/21\/rocha-marca-la-reapertura-de-la-minera-san-rafael-en-cosala\/#breadcrumb"},"inLanguage":"es","potentialAction":[{"@type":"ReadAction","target":["https:\/\/fuentesfidedignas.com.mx\/index.php\/2022\/01\/21\/rocha-marca-la-reapertura-de-la-minera-san-rafael-en-cosala\/"]}]},{"@type":"ImageObject","inLanguage":"es","@id":"https:\/\/fuentesfidedignas.com.mx\/index.php\/2022\/01\/21\/rocha-marca-la-reapertura-de-la-minera-san-rafael-en-cosala\/#primaryimage","url":"https:\/\/fuentesfidedignas.com.mx\/wp-content\/uploads\/2022\/01\/IMG-20220121-WA0051.jpg","contentUrl":"https:\/\/fuentesfidedignas.com.mx\/wp-content\/uploads\/2022\/01\/IMG-20220121-WA0051.jpg","width":1280,"height":852},{"@type":"BreadcrumbList","@id":"https:\/\/fuentesfidedignas.com.mx\/index.php\/2022\/01\/21\/rocha-marca-la-reapertura-de-la-minera-san-rafael-en-cosala\/#breadcrumb","itemListElement":[{"@type":"ListItem","position":1,"name":"Inicio","item":"https:\/\/fuentesfidedignas.com.mx\/"},{"@type":"ListItem","position":2,"name":"Rocha marca la reapertura de la minera San Rafael, en Cosal\u00e1"}]},{"@type":"WebSite","@id":"https:\/\/fuentesfidedignas.com.mx\/#website","url":"https:\/\/fuentesfidedignas.com.mx\/","name":"Fuentes Fidedignas","description":"Otro sitio realizado con WordPress","publisher":{"@id":"https:\/\/fuentesfidedignas.com.mx\/#organization"},"potentialAction":[{"@type":"SearchAction","target":{"@type":"EntryPoint","urlTemplate":"https:\/\/fuentesfidedignas.com.mx\/?s={search_term_string}"},"query-input":{"@type":"PropertyValueSpecification","valueRequired":true,"valueName":"search_term_string"}}],"inLanguage":"es"},{"@type":"Organization","@id":"https:\/\/fuentesfidedignas.com.mx\/#organization","name":"Fuentes Fidedignas","url":"https:\/\/fuentesfidedignas.com.mx\/","logo":{"@type":"ImageObject","inLanguage":"es","@id":"https:\/\/fuentesfidedignas.com.mx\/#\/schema\/logo\/image\/","url":"https:\/\/fuentesfidedignas.com.mx\/wp-content\/uploads\/2021\/04\/logo-retina.png","contentUrl":"https:\/\/fuentesfidedignas.com.mx\/wp-content\/uploads\/2021\/04\/logo-retina.png","width":280,"height":51,"caption":"Fuentes Fidedignas"},"image":{"@id":"https:\/\/fuentesfidedignas.com.mx\/#\/schema\/logo\/image\/"},"sameAs":["https:\/\/www.facebook.com\/Fuentes-Fidedignas-368234489921644","https:\/\/x.com\/fidedignas"]},{"@type":"Person","@id":"https:\/\/fuentesfidedignas.com.mx\/#\/schema\/person\/331be9283d37198e2acd5750279085b0","name":"Redacci\u00f3n","image":{"@type":"ImageObject","inLanguage":"es","@id":"https:\/\/secure.gravatar.com\/avatar\/f6d8782c11d12b2d4ad3fbb6931aeab5309937a4d6cd2fc9cfaa28a6396a5aec?s=96&d=mm&r=g","url":"https:\/\/secure.gravatar.com\/avatar\/f6d8782c11d12b2d4ad3fbb6931aeab5309937a4d6cd2fc9cfaa28a6396a5aec?s=96&d=mm&r=g","contentUrl":"https:\/\/secure.gravatar.com\/avatar\/f6d8782c11d12b2d4ad3fbb6931aeab5309937a4d6cd2fc9cfaa28a6396a5aec?s=96&d=mm&r=g","caption":"Redacci\u00f3n"},"url":"https:\/\/fuentesfidedignas.com.mx\/index.php\/author\/redaccion\/"}]}},"_links":{"self":[{"href":"https:\/\/fuentesfidedignas.com.mx\/index.php\/wp-json\/wp\/v2\/posts\/22369","targetHints":{"allow":["GET"]}}],"collection":[{"href":"https:\/\/fuentesfidedignas.com.mx\/index.php\/wp-json\/wp\/v2\/posts"}],"about":[{"href":"https:\/\/fuentesfidedignas.com.mx\/index.php\/wp-json\/wp\/v2\/types\/post"}],"author":[{"embeddable":true,"href":"https:\/\/fuentesfidedignas.com.mx\/index.php\/wp-json\/wp\/v2\/users\/4"}],"replies":[{"embeddable":true,"href":"https:\/\/fuentesfidedignas.com.mx\/index.php\/wp-json\/wp\/v2\/comments?post=22369"}],"version-history":[{"count":1,"href":"https:\/\/fuentesfidedignas.com.mx\/index.php\/wp-json\/wp\/v2\/posts\/22369\/revisions"}],"predecessor-version":[{"id":22373,"href":"https:\/\/fuentesfidedignas.com.mx\/index.php\/wp-json\/wp\/v2\/posts\/22369\/revisions\/22373"}],"wp:featuredmedia":[{"embeddable":true,"href":"https:\/\/fuentesfidedignas.com.mx\/index.php\/wp-json\/wp\/v2\/media\/22370"}],"wp:attachment":[{"href":"https:\/\/fuentesfidedignas.com.mx\/index.php\/wp-json\/wp\/v2\/media?parent=22369"}],"wp:term":[{"taxonomy":"category","embeddable":true,"href":"https:\/\/fuentesfidedignas.com.mx\/index.php\/wp-json\/wp\/v2\/categories?post=22369"},{"taxonomy":"post_tag","embeddable":true,"href":"https:\/\/fuentesfidedignas.com.mx\/index.php\/wp-json\/wp\/v2\/tags?post=22369"}],"curies":[{"name":"wp","href":"https:\/\/api.w.org\/{rel}","templated":true}]}}