{"id":22349,"date":"2022-01-21T13:12:03","date_gmt":"2022-01-21T20:12:03","guid":{"rendered":"https:\/\/fuentesfidedignas.com.mx\/?p=22349"},"modified":"2022-01-21T13:12:05","modified_gmt":"2022-01-21T20:12:05","slug":"volveremos-a-tomar-agua-de-la-llave-en-ahome-gerardo-vargas","status":"publish","type":"post","link":"https:\/\/fuentesfidedignas.com.mx\/index.php\/2022\/01\/21\/volveremos-a-tomar-agua-de-la-llave-en-ahome-gerardo-vargas\/","title":{"rendered":"Volveremos a tomar agua de la llave en Ahome: Gerardo Vargas"},"content":{"rendered":"\n<p><strong><em><br>\u2022 Realiz\u00f3 una visita de supervisi\u00f3n a las plantas potabilizadoras Comisi\u00f3n del R\u00edo Fuerte y Jos\u00e9 Hern\u00e1ndez Ter\u00e1n de JAPAMA<\/em><\/strong><\/p>\n\n\n\n<p>Ahome, Sin.- Gerardo Vargas Landeros, presidente municipal de Ahome, supervis\u00f3 los avances de los trabajos de limpieza y mantenimiento del canal presedimentador de la Planta Potabilizadora Comisi\u00f3n del R\u00edo Fuerte, que tiene como objetivo devolver la calidad del agua a los usuarios y que se vuelva a tomar directamente de la llave.<\/p>\n\n\n\n<p>\u201cVale la pena lo que estamos haciendo para recobrar la calidad del agua directamente en las lleves de sus hogares. Dentro de pronto, estoy seguro que esto se va a solucionar y van a poder regresar a lo que hac\u00edamos antes: tomar agua de la llave\u201d, expres\u00f3.<\/p>\n\n\n\n<p>El presidente municipal de Ahome dijo que la planta Comisi\u00f3n de R\u00edo Fuerte no est\u00e1 trabajando a su capacidad del 100 por ciento, sino solo a un 80%, pero aclar\u00f3 que toda una buena obra trae moment\u00e1neamente algunas molestias.<\/p>\n\n\n\n<p>&#8220;Por eso les pido a los usuarios y a todos los ahomenses que aguantemos, ya que el resultado va a ser lo mejor, y vamos a poder tomar agua de la llave de excelente calidad como hac\u00eda a\u00f1os atr\u00e1s\u201d, asever\u00f3.<\/p>\n\n\n\n<p>Gerardo Vargas Landeros explic\u00f3 que las toneladas de lodo de desperdicios que se est\u00e1n retirando del canal, se est\u00e1n depositando en terrenos de la JAPAMA, cuidando los protocolos de higiene y calidad, atendiendo la normatividad de los procedimientos.<\/p>\n\n\n\n<p>&#8220;Tambi\u00e9n aprovecho para recomendar a los usuarios para que realicen limpieza en sus tinacos el agua, ya que en poco tiempo tendr\u00e1n en la llave de las redes p\u00fablicas agua limpia y de calidad\u201d, asever\u00f3.<\/p>\n\n\n\n<p>El Alcalde indic\u00f3 que se espera que a partir del pr\u00f3ximo fin de semana ya se debe tener excelente servicio en calidad y presi\u00f3n del agua en los hogares y agradeci\u00f3 la confianza y comprensi\u00f3n de los usuarios porque estos trabajos causan molestias; \u201cpero lo m\u00e1s valioso es que estamos trabajando para devolver la calidad del agua\u201d.<\/p>\n","protected":false},"excerpt":{"rendered":"<p>\u2022 Realiz\u00f3 una visita de supervisi\u00f3n a las plantas potabilizadoras Comisi\u00f3n del R\u00edo Fuerte y Jos\u00e9 Hern\u00e1ndez Ter\u00e1n de JAPAMA Ahome, Sin.- Gerardo Vargas Landeros, presidente municipal de Ahome, supervis\u00f3 los avances de los trabajos de limpieza y mantenimiento del canal presedimentador de la Planta Potabilizadora Comisi\u00f3n del R\u00edo Fuerte, que tiene como objetivo devolver [&hellip;]<\/p>\n","protected":false},"author":4,"featured_media":22350,"comment_status":"open","ping_status":"open","sticky":false,"template":"","format":"standard","meta":{"tdm_status":"","tdm_grid_status":"","footnotes":""},"categories":[37],"tags":[278,1715,1654],"class_list":{"0":"post-22349","1":"post","2":"type-post","3":"status-publish","4":"format-standard","5":"has-post-thumbnail","7":"category-nota-principal","8":"tag-ahome","9":"tag-ayuntamiento-de-ahome","10":"tag-gerardo-vargas-landeros"},"yoast_head":"<!-- This site is optimized with the Yoast SEO plugin v27.5 - https:\/\/yoast.com\/product\/yoast-seo-wordpress\/ -->\n<title>Volveremos a tomar agua de la llave en Ahome: Gerardo Vargas - Fuentes Fidedignas<\/title>\n<meta name=\"robots\" content=\"index, follow, max-snippet:-1, max-image-preview:large, max-video-preview:-1\" \/>\n<link rel=\"canonical\" href=\"https:\/\/fuentesfidedignas.com.mx\/index.php\/2022\/01\/21\/volveremos-a-tomar-agua-de-la-llave-en-ahome-gerardo-vargas\/\" \/>\n<meta property=\"og:locale\" content=\"es_MX\" \/>\n<meta property=\"og:type\" content=\"article\" \/>\n<meta property=\"og:title\" content=\"Volveremos a tomar agua de la llave en Ahome: Gerardo Vargas - Fuentes Fidedignas\" \/>\n<meta property=\"og:description\" content=\"\u2022 Realiz\u00f3 una visita de supervisi\u00f3n a las plantas potabilizadoras Comisi\u00f3n del R\u00edo Fuerte y Jos\u00e9 Hern\u00e1ndez Ter\u00e1n de JAPAMA Ahome, Sin.- Gerardo Vargas Landeros, presidente municipal de Ahome, supervis\u00f3 los avances de los trabajos de limpieza y mantenimiento del canal presedimentador de la Planta Potabilizadora Comisi\u00f3n del R\u00edo Fuerte, que tiene como objetivo devolver [&hellip;]\" \/>\n<meta property=\"og:url\" content=\"https:\/\/fuentesfidedignas.com.mx\/index.php\/2022\/01\/21\/volveremos-a-tomar-agua-de-la-llave-en-ahome-gerardo-vargas\/\" \/>\n<meta property=\"og:site_name\" content=\"Fuentes Fidedignas\" \/>\n<meta property=\"article:publisher\" content=\"https:\/\/www.facebook.com\/Fuentes-Fidedignas-368234489921644\" \/>\n<meta property=\"article:published_time\" content=\"2022-01-21T20:12:03+00:00\" \/>\n<meta property=\"article:modified_time\" content=\"2022-01-21T20:12:05+00:00\" \/>\n<meta property=\"og:image\" content=\"https:\/\/fuentesfidedignas.com.mx\/wp-content\/uploads\/2022\/01\/IMG-20220121-WA0016.jpg\" \/>\n\t<meta property=\"og:image:width\" content=\"1600\" \/>\n\t<meta property=\"og:image:height\" content=\"1253\" \/>\n\t<meta property=\"og:image:type\" content=\"image\/jpeg\" \/>\n<meta name=\"author\" content=\"Redacci\u00f3n\" \/>\n<meta name=\"twitter:card\" content=\"summary_large_image\" \/>\n<meta name=\"twitter:creator\" content=\"@fidedignas\" \/>\n<meta name=\"twitter:site\" content=\"@fidedignas\" \/>\n<meta name=\"twitter:label1\" content=\"Escrito por\" \/>\n\t<meta name=\"twitter:data1\" content=\"Redacci\u00f3n\" \/>\n\t<meta name=\"twitter:label2\" content=\"Tiempo de lectura\" \/>\n\t<meta name=\"twitter:data2\" content=\"2 minutos\" \/>\n<script type=\"application\/ld+json\" class=\"yoast-schema-graph\">{\"@context\":\"https:\\\/\\\/schema.org\",\"@graph\":[{\"@type\":\"Article\",\"@id\":\"https:\\\/\\\/fuentesfidedignas.com.mx\\\/index.php\\\/2022\\\/01\\\/21\\\/volveremos-a-tomar-agua-de-la-llave-en-ahome-gerardo-vargas\\\/#article\",\"isPartOf\":{\"@id\":\"https:\\\/\\\/fuentesfidedignas.com.mx\\\/index.php\\\/2022\\\/01\\\/21\\\/volveremos-a-tomar-agua-de-la-llave-en-ahome-gerardo-vargas\\\/\"},\"author\":{\"name\":\"Redacci\u00f3n\",\"@id\":\"https:\\\/\\\/fuentesfidedignas.com.mx\\\/#\\\/schema\\\/person\\\/331be9283d37198e2acd5750279085b0\"},\"headline\":\"Volveremos a tomar agua de la llave en Ahome: Gerardo Vargas\",\"datePublished\":\"2022-01-21T20:12:03+00:00\",\"dateModified\":\"2022-01-21T20:12:05+00:00\",\"mainEntityOfPage\":{\"@id\":\"https:\\\/\\\/fuentesfidedignas.com.mx\\\/index.php\\\/2022\\\/01\\\/21\\\/volveremos-a-tomar-agua-de-la-llave-en-ahome-gerardo-vargas\\\/\"},\"wordCount\":360,\"commentCount\":0,\"publisher\":{\"@id\":\"https:\\\/\\\/fuentesfidedignas.com.mx\\\/#organization\"},\"image\":{\"@id\":\"https:\\\/\\\/fuentesfidedignas.com.mx\\\/index.php\\\/2022\\\/01\\\/21\\\/volveremos-a-tomar-agua-de-la-llave-en-ahome-gerardo-vargas\\\/#primaryimage\"},\"thumbnailUrl\":\"https:\\\/\\\/fuentesfidedignas.com.mx\\\/wp-content\\\/uploads\\\/2022\\\/01\\\/IMG-20220121-WA0016.jpg\",\"keywords\":[\"Ahome\",\"Ayuntamiento de Ahome\",\"Gerardo Vargas Landeros\"],\"articleSection\":[\"NOTA PRINCIPAL\"],\"inLanguage\":\"es\",\"potentialAction\":[{\"@type\":\"CommentAction\",\"name\":\"Comment\",\"target\":[\"https:\\\/\\\/fuentesfidedignas.com.mx\\\/index.php\\\/2022\\\/01\\\/21\\\/volveremos-a-tomar-agua-de-la-llave-en-ahome-gerardo-vargas\\\/#respond\"]}]},{\"@type\":\"WebPage\",\"@id\":\"https:\\\/\\\/fuentesfidedignas.com.mx\\\/index.php\\\/2022\\\/01\\\/21\\\/volveremos-a-tomar-agua-de-la-llave-en-ahome-gerardo-vargas\\\/\",\"url\":\"https:\\\/\\\/fuentesfidedignas.com.mx\\\/index.php\\\/2022\\\/01\\\/21\\\/volveremos-a-tomar-agua-de-la-llave-en-ahome-gerardo-vargas\\\/\",\"name\":\"Volveremos a tomar agua de la llave en Ahome: Gerardo Vargas - Fuentes Fidedignas\",\"isPartOf\":{\"@id\":\"https:\\\/\\\/fuentesfidedignas.com.mx\\\/#website\"},\"primaryImageOfPage\":{\"@id\":\"https:\\\/\\\/fuentesfidedignas.com.mx\\\/index.php\\\/2022\\\/01\\\/21\\\/volveremos-a-tomar-agua-de-la-llave-en-ahome-gerardo-vargas\\\/#primaryimage\"},\"image\":{\"@id\":\"https:\\\/\\\/fuentesfidedignas.com.mx\\\/index.php\\\/2022\\\/01\\\/21\\\/volveremos-a-tomar-agua-de-la-llave-en-ahome-gerardo-vargas\\\/#primaryimage\"},\"thumbnailUrl\":\"https:\\\/\\\/fuentesfidedignas.com.mx\\\/wp-content\\\/uploads\\\/2022\\\/01\\\/IMG-20220121-WA0016.jpg\",\"datePublished\":\"2022-01-21T20:12:03+00:00\",\"dateModified\":\"2022-01-21T20:12:05+00:00\",\"breadcrumb\":{\"@id\":\"https:\\\/\\\/fuentesfidedignas.com.mx\\\/index.php\\\/2022\\\/01\\\/21\\\/volveremos-a-tomar-agua-de-la-llave-en-ahome-gerardo-vargas\\\/#breadcrumb\"},\"inLanguage\":\"es\",\"potentialAction\":[{\"@type\":\"ReadAction\",\"target\":[\"https:\\\/\\\/fuentesfidedignas.com.mx\\\/index.php\\\/2022\\\/01\\\/21\\\/volveremos-a-tomar-agua-de-la-llave-en-ahome-gerardo-vargas\\\/\"]}]},{\"@type\":\"ImageObject\",\"inLanguage\":\"es\",\"@id\":\"https:\\\/\\\/fuentesfidedignas.com.mx\\\/index.php\\\/2022\\\/01\\\/21\\\/volveremos-a-tomar-agua-de-la-llave-en-ahome-gerardo-vargas\\\/#primaryimage\",\"url\":\"https:\\\/\\\/fuentesfidedignas.com.mx\\\/wp-content\\\/uploads\\\/2022\\\/01\\\/IMG-20220121-WA0016.jpg\",\"contentUrl\":\"https:\\\/\\\/fuentesfidedignas.com.mx\\\/wp-content\\\/uploads\\\/2022\\\/01\\\/IMG-20220121-WA0016.jpg\",\"width\":1600,\"height\":1253},{\"@type\":\"BreadcrumbList\",\"@id\":\"https:\\\/\\\/fuentesfidedignas.com.mx\\\/index.php\\\/2022\\\/01\\\/21\\\/volveremos-a-tomar-agua-de-la-llave-en-ahome-gerardo-vargas\\\/#breadcrumb\",\"itemListElement\":[{\"@type\":\"ListItem\",\"position\":1,\"name\":\"Inicio\",\"item\":\"https:\\\/\\\/fuentesfidedignas.com.mx\\\/\"},{\"@type\":\"ListItem\",\"position\":2,\"name\":\"Volveremos a tomar agua de la llave en Ahome: Gerardo Vargas\"}]},{\"@type\":\"WebSite\",\"@id\":\"https:\\\/\\\/fuentesfidedignas.com.mx\\\/#website\",\"url\":\"https:\\\/\\\/fuentesfidedignas.com.mx\\\/\",\"name\":\"Fuentes Fidedignas\",\"description\":\"Otro sitio realizado con WordPress\",\"publisher\":{\"@id\":\"https:\\\/\\\/fuentesfidedignas.com.mx\\\/#organization\"},\"potentialAction\":[{\"@type\":\"SearchAction\",\"target\":{\"@type\":\"EntryPoint\",\"urlTemplate\":\"https:\\\/\\\/fuentesfidedignas.com.mx\\\/?s={search_term_string}\"},\"query-input\":{\"@type\":\"PropertyValueSpecification\",\"valueRequired\":true,\"valueName\":\"search_term_string\"}}],\"inLanguage\":\"es\"},{\"@type\":\"Organization\",\"@id\":\"https:\\\/\\\/fuentesfidedignas.com.mx\\\/#organization\",\"name\":\"Fuentes Fidedignas\",\"url\":\"https:\\\/\\\/fuentesfidedignas.com.mx\\\/\",\"logo\":{\"@type\":\"ImageObject\",\"inLanguage\":\"es\",\"@id\":\"https:\\\/\\\/fuentesfidedignas.com.mx\\\/#\\\/schema\\\/logo\\\/image\\\/\",\"url\":\"https:\\\/\\\/fuentesfidedignas.com.mx\\\/wp-content\\\/uploads\\\/2021\\\/04\\\/logo-retina.png\",\"contentUrl\":\"https:\\\/\\\/fuentesfidedignas.com.mx\\\/wp-content\\\/uploads\\\/2021\\\/04\\\/logo-retina.png\",\"width\":280,\"height\":51,\"caption\":\"Fuentes Fidedignas\"},\"image\":{\"@id\":\"https:\\\/\\\/fuentesfidedignas.com.mx\\\/#\\\/schema\\\/logo\\\/image\\\/\"},\"sameAs\":[\"https:\\\/\\\/www.facebook.com\\\/Fuentes-Fidedignas-368234489921644\",\"https:\\\/\\\/x.com\\\/fidedignas\"]},{\"@type\":\"Person\",\"@id\":\"https:\\\/\\\/fuentesfidedignas.com.mx\\\/#\\\/schema\\\/person\\\/331be9283d37198e2acd5750279085b0\",\"name\":\"Redacci\u00f3n\",\"image\":{\"@type\":\"ImageObject\",\"inLanguage\":\"es\",\"@id\":\"https:\\\/\\\/secure.gravatar.com\\\/avatar\\\/f6d8782c11d12b2d4ad3fbb6931aeab5309937a4d6cd2fc9cfaa28a6396a5aec?s=96&d=mm&r=g\",\"url\":\"https:\\\/\\\/secure.gravatar.com\\\/avatar\\\/f6d8782c11d12b2d4ad3fbb6931aeab5309937a4d6cd2fc9cfaa28a6396a5aec?s=96&d=mm&r=g\",\"contentUrl\":\"https:\\\/\\\/secure.gravatar.com\\\/avatar\\\/f6d8782c11d12b2d4ad3fbb6931aeab5309937a4d6cd2fc9cfaa28a6396a5aec?s=96&d=mm&r=g\",\"caption\":\"Redacci\u00f3n\"},\"url\":\"https:\\\/\\\/fuentesfidedignas.com.mx\\\/index.php\\\/author\\\/redaccion\\\/\"}]}<\/script>\n<!-- \/ Yoast SEO plugin. -->","yoast_head_json":{"title":"Volveremos a tomar agua de la llave en Ahome: Gerardo Vargas - Fuentes Fidedignas","robots":{"index":"index","follow":"follow","max-snippet":"max-snippet:-1","max-image-preview":"max-image-preview:large","max-video-preview":"max-video-preview:-1"},"canonical":"https:\/\/fuentesfidedignas.com.mx\/index.php\/2022\/01\/21\/volveremos-a-tomar-agua-de-la-llave-en-ahome-gerardo-vargas\/","og_locale":"es_MX","og_type":"article","og_title":"Volveremos a tomar agua de la llave en Ahome: Gerardo Vargas - Fuentes Fidedignas","og_description":"\u2022 Realiz\u00f3 una visita de supervisi\u00f3n a las plantas potabilizadoras Comisi\u00f3n del R\u00edo Fuerte y Jos\u00e9 Hern\u00e1ndez Ter\u00e1n de JAPAMA Ahome, Sin.- Gerardo Vargas Landeros, presidente municipal de Ahome, supervis\u00f3 los avances de los trabajos de limpieza y mantenimiento del canal presedimentador de la Planta Potabilizadora Comisi\u00f3n del R\u00edo Fuerte, que tiene como objetivo devolver [&hellip;]","og_url":"https:\/\/fuentesfidedignas.com.mx\/index.php\/2022\/01\/21\/volveremos-a-tomar-agua-de-la-llave-en-ahome-gerardo-vargas\/","og_site_name":"Fuentes Fidedignas","article_publisher":"https:\/\/www.facebook.com\/Fuentes-Fidedignas-368234489921644","article_published_time":"2022-01-21T20:12:03+00:00","article_modified_time":"2022-01-21T20:12:05+00:00","og_image":[{"width":1600,"height":1253,"url":"https:\/\/fuentesfidedignas.com.mx\/wp-content\/uploads\/2022\/01\/IMG-20220121-WA0016.jpg","type":"image\/jpeg"}],"author":"Redacci\u00f3n","twitter_card":"summary_large_image","twitter_creator":"@fidedignas","twitter_site":"@fidedignas","twitter_misc":{"Escrito por":"Redacci\u00f3n","Tiempo de lectura":"2 minutos"},"schema":{"@context":"https:\/\/schema.org","@graph":[{"@type":"Article","@id":"https:\/\/fuentesfidedignas.com.mx\/index.php\/2022\/01\/21\/volveremos-a-tomar-agua-de-la-llave-en-ahome-gerardo-vargas\/#article","isPartOf":{"@id":"https:\/\/fuentesfidedignas.com.mx\/index.php\/2022\/01\/21\/volveremos-a-tomar-agua-de-la-llave-en-ahome-gerardo-vargas\/"},"author":{"name":"Redacci\u00f3n","@id":"https:\/\/fuentesfidedignas.com.mx\/#\/schema\/person\/331be9283d37198e2acd5750279085b0"},"headline":"Volveremos a tomar agua de la llave en Ahome: Gerardo Vargas","datePublished":"2022-01-21T20:12:03+00:00","dateModified":"2022-01-21T20:12:05+00:00","mainEntityOfPage":{"@id":"https:\/\/fuentesfidedignas.com.mx\/index.php\/2022\/01\/21\/volveremos-a-tomar-agua-de-la-llave-en-ahome-gerardo-vargas\/"},"wordCount":360,"commentCount":0,"publisher":{"@id":"https:\/\/fuentesfidedignas.com.mx\/#organization"},"image":{"@id":"https:\/\/fuentesfidedignas.com.mx\/index.php\/2022\/01\/21\/volveremos-a-tomar-agua-de-la-llave-en-ahome-gerardo-vargas\/#primaryimage"},"thumbnailUrl":"https:\/\/fuentesfidedignas.com.mx\/wp-content\/uploads\/2022\/01\/IMG-20220121-WA0016.jpg","keywords":["Ahome","Ayuntamiento de Ahome","Gerardo Vargas Landeros"],"articleSection":["NOTA PRINCIPAL"],"inLanguage":"es","potentialAction":[{"@type":"CommentAction","name":"Comment","target":["https:\/\/fuentesfidedignas.com.mx\/index.php\/2022\/01\/21\/volveremos-a-tomar-agua-de-la-llave-en-ahome-gerardo-vargas\/#respond"]}]},{"@type":"WebPage","@id":"https:\/\/fuentesfidedignas.com.mx\/index.php\/2022\/01\/21\/volveremos-a-tomar-agua-de-la-llave-en-ahome-gerardo-vargas\/","url":"https:\/\/fuentesfidedignas.com.mx\/index.php\/2022\/01\/21\/volveremos-a-tomar-agua-de-la-llave-en-ahome-gerardo-vargas\/","name":"Volveremos a tomar agua de la llave en Ahome: Gerardo Vargas - Fuentes Fidedignas","isPartOf":{"@id":"https:\/\/fuentesfidedignas.com.mx\/#website"},"primaryImageOfPage":{"@id":"https:\/\/fuentesfidedignas.com.mx\/index.php\/2022\/01\/21\/volveremos-a-tomar-agua-de-la-llave-en-ahome-gerardo-vargas\/#primaryimage"},"image":{"@id":"https:\/\/fuentesfidedignas.com.mx\/index.php\/2022\/01\/21\/volveremos-a-tomar-agua-de-la-llave-en-ahome-gerardo-vargas\/#primaryimage"},"thumbnailUrl":"https:\/\/fuentesfidedignas.com.mx\/wp-content\/uploads\/2022\/01\/IMG-20220121-WA0016.jpg","datePublished":"2022-01-21T20:12:03+00:00","dateModified":"2022-01-21T20:12:05+00:00","breadcrumb":{"@id":"https:\/\/fuentesfidedignas.com.mx\/index.php\/2022\/01\/21\/volveremos-a-tomar-agua-de-la-llave-en-ahome-gerardo-vargas\/#breadcrumb"},"inLanguage":"es","potentialAction":[{"@type":"ReadAction","target":["https:\/\/fuentesfidedignas.com.mx\/index.php\/2022\/01\/21\/volveremos-a-tomar-agua-de-la-llave-en-ahome-gerardo-vargas\/"]}]},{"@type":"ImageObject","inLanguage":"es","@id":"https:\/\/fuentesfidedignas.com.mx\/index.php\/2022\/01\/21\/volveremos-a-tomar-agua-de-la-llave-en-ahome-gerardo-vargas\/#primaryimage","url":"https:\/\/fuentesfidedignas.com.mx\/wp-content\/uploads\/2022\/01\/IMG-20220121-WA0016.jpg","contentUrl":"https:\/\/fuentesfidedignas.com.mx\/wp-content\/uploads\/2022\/01\/IMG-20220121-WA0016.jpg","width":1600,"height":1253},{"@type":"BreadcrumbList","@id":"https:\/\/fuentesfidedignas.com.mx\/index.php\/2022\/01\/21\/volveremos-a-tomar-agua-de-la-llave-en-ahome-gerardo-vargas\/#breadcrumb","itemListElement":[{"@type":"ListItem","position":1,"name":"Inicio","item":"https:\/\/fuentesfidedignas.com.mx\/"},{"@type":"ListItem","position":2,"name":"Volveremos a tomar agua de la llave en Ahome: Gerardo Vargas"}]},{"@type":"WebSite","@id":"https:\/\/fuentesfidedignas.com.mx\/#website","url":"https:\/\/fuentesfidedignas.com.mx\/","name":"Fuentes Fidedignas","description":"Otro sitio realizado con WordPress","publisher":{"@id":"https:\/\/fuentesfidedignas.com.mx\/#organization"},"potentialAction":[{"@type":"SearchAction","target":{"@type":"EntryPoint","urlTemplate":"https:\/\/fuentesfidedignas.com.mx\/?s={search_term_string}"},"query-input":{"@type":"PropertyValueSpecification","valueRequired":true,"valueName":"search_term_string"}}],"inLanguage":"es"},{"@type":"Organization","@id":"https:\/\/fuentesfidedignas.com.mx\/#organization","name":"Fuentes Fidedignas","url":"https:\/\/fuentesfidedignas.com.mx\/","logo":{"@type":"ImageObject","inLanguage":"es","@id":"https:\/\/fuentesfidedignas.com.mx\/#\/schema\/logo\/image\/","url":"https:\/\/fuentesfidedignas.com.mx\/wp-content\/uploads\/2021\/04\/logo-retina.png","contentUrl":"https:\/\/fuentesfidedignas.com.mx\/wp-content\/uploads\/2021\/04\/logo-retina.png","width":280,"height":51,"caption":"Fuentes Fidedignas"},"image":{"@id":"https:\/\/fuentesfidedignas.com.mx\/#\/schema\/logo\/image\/"},"sameAs":["https:\/\/www.facebook.com\/Fuentes-Fidedignas-368234489921644","https:\/\/x.com\/fidedignas"]},{"@type":"Person","@id":"https:\/\/fuentesfidedignas.com.mx\/#\/schema\/person\/331be9283d37198e2acd5750279085b0","name":"Redacci\u00f3n","image":{"@type":"ImageObject","inLanguage":"es","@id":"https:\/\/secure.gravatar.com\/avatar\/f6d8782c11d12b2d4ad3fbb6931aeab5309937a4d6cd2fc9cfaa28a6396a5aec?s=96&d=mm&r=g","url":"https:\/\/secure.gravatar.com\/avatar\/f6d8782c11d12b2d4ad3fbb6931aeab5309937a4d6cd2fc9cfaa28a6396a5aec?s=96&d=mm&r=g","contentUrl":"https:\/\/secure.gravatar.com\/avatar\/f6d8782c11d12b2d4ad3fbb6931aeab5309937a4d6cd2fc9cfaa28a6396a5aec?s=96&d=mm&r=g","caption":"Redacci\u00f3n"},"url":"https:\/\/fuentesfidedignas.com.mx\/index.php\/author\/redaccion\/"}]}},"_links":{"self":[{"href":"https:\/\/fuentesfidedignas.com.mx\/index.php\/wp-json\/wp\/v2\/posts\/22349","targetHints":{"allow":["GET"]}}],"collection":[{"href":"https:\/\/fuentesfidedignas.com.mx\/index.php\/wp-json\/wp\/v2\/posts"}],"about":[{"href":"https:\/\/fuentesfidedignas.com.mx\/index.php\/wp-json\/wp\/v2\/types\/post"}],"author":[{"embeddable":true,"href":"https:\/\/fuentesfidedignas.com.mx\/index.php\/wp-json\/wp\/v2\/users\/4"}],"replies":[{"embeddable":true,"href":"https:\/\/fuentesfidedignas.com.mx\/index.php\/wp-json\/wp\/v2\/comments?post=22349"}],"version-history":[{"count":1,"href":"https:\/\/fuentesfidedignas.com.mx\/index.php\/wp-json\/wp\/v2\/posts\/22349\/revisions"}],"predecessor-version":[{"id":22351,"href":"https:\/\/fuentesfidedignas.com.mx\/index.php\/wp-json\/wp\/v2\/posts\/22349\/revisions\/22351"}],"wp:featuredmedia":[{"embeddable":true,"href":"https:\/\/fuentesfidedignas.com.mx\/index.php\/wp-json\/wp\/v2\/media\/22350"}],"wp:attachment":[{"href":"https:\/\/fuentesfidedignas.com.mx\/index.php\/wp-json\/wp\/v2\/media?parent=22349"}],"wp:term":[{"taxonomy":"category","embeddable":true,"href":"https:\/\/fuentesfidedignas.com.mx\/index.php\/wp-json\/wp\/v2\/categories?post=22349"},{"taxonomy":"post_tag","embeddable":true,"href":"https:\/\/fuentesfidedignas.com.mx\/index.php\/wp-json\/wp\/v2\/tags?post=22349"}],"curies":[{"name":"wp","href":"https:\/\/api.w.org\/{rel}","templated":true}]}}