{"id":22328,"date":"2022-01-21T09:07:06","date_gmt":"2022-01-21T16:07:06","guid":{"rendered":"https:\/\/fuentesfidedignas.com.mx\/?p=22328"},"modified":"2022-01-21T09:07:20","modified_gmt":"2022-01-21T16:07:20","slug":"gobierno-buscara-conciliar-con-empresas-alcances-de-reforma-electrica","status":"publish","type":"post","link":"https:\/\/fuentesfidedignas.com.mx\/index.php\/2022\/01\/21\/gobierno-buscara-conciliar-con-empresas-alcances-de-reforma-electrica\/","title":{"rendered":"Gobierno buscar\u00e1 conciliar con empresas alcances de reforma el\u00e9ctrica"},"content":{"rendered":"\n<p><strong><em>El presidente L\u00f3pez Obrador dijo que su gobierno est\u00e1 dispuesto a dialogar con empresas que se sientan agraviadas por reforma el\u00e9ctrica.<\/em><\/strong><\/p>\n\n\n\n<p>Ciudad de M\u00e9xico.- El presidente Andr\u00e9s Manuel L\u00f3pez Obrador explic\u00f3 este viernes que como parte de su reuni\u00f3n con la secretaria de Energ\u00eda de Estados Unidos, Jennifer Granholm, se revisar\u00e1n, una por una, las inquietudes que diversas empresas estadounidenses y canadienses han manifestado por la reforma el\u00e9ctrica que pretende implementar su gobierno.<\/p>\n\n\n\n<p>El mandatario federal se\u00f1al\u00f3 que ya se cuenta con un listado de firmas internacionales y algunas nacionales como Black Rock, Iberdrola y Oxxo, que han pedido informaci\u00f3n a su administraci\u00f3n sobre las implicaciones que tendr\u00eda una modificaci\u00f3n constitucional al sector el\u00e9ctrico.<\/p>\n\n\n\n<p>\u201cDonde consideran que hay una injusticia se revisan los casos, ellos tienen ya una lista, hay algunas empresas que est\u00e1n pidiendo que se les informe y lo estamos haciendo, tanto estadounidenses como de Canad\u00e1, son pocas, claro, todo esto para informaci\u00f3n general, c\u00f3mo funciona la econom\u00eda en el mundo, las finanzas en el mundo, el sector empresarial\u201d, explic\u00f3 el jefe del Ejecutivo federal.<\/p>\n\n\n\n<p>Ayer, el jefe del Ejecutivo federal se reuni\u00f3 con la secretaria de Energ\u00eda de Estados Unidos a quien le inform\u00f3 las motivaciones para reformar al sector el\u00e9ctrico de M\u00e9xico, el cual, afirm\u00f3, s\u00f3lo beneficia a empresas privadas con grandes subsidios que s\u00f3lo afectan a la hacienda p\u00fablica.<\/p>\n\n\n\n<p>\u201cElla pues entendiendo que nuestra misi\u00f3n es desterrar la corrupci\u00f3n del pa\u00eds y tambi\u00e9n mostrando de nuestra parte la disposici\u00f3n al di\u00e1logo, ir explicando e ir viendo caso por caso, si una empresa tiene una inversi\u00f3n, hay una plata, hay que buscar resolverlo, pero si lo que quieren es seguir recibiendo subsidio, seguir pagando menos porque se le subsidia a las grandes empresas\u201d, sostuvo el mandatario federal.<\/p>\n\n\n\n<p>El tabasque\u00f1o acus\u00f3 que la \u00e9lite empresarial busca acusarlo con el gobierno de Joe Biden argumentando que sus decisiones administrativas quieren afectar los intereses de ese pa\u00eds y los de algunos empresarios, a los que calific\u00f3 de \u201cladrones\u201d.<\/p>\n\n\n\n<p>\u201cAh\u00ed andan buscando protecci\u00f3n: \u2018Lo vamos a acusar porque va a expropiar, nos vamos a quedar sin luz, va a haber apagones, as\u00ed es en Venezuela, son ideas comunistas\u2019, cuando les deber\u00eda dar verg\u00fcenza, son unos reverendos ladrones que no entienden que ya son otros tiempos y que antes ni siquiera perd\u00edan su respetabilidad\u201d, acus\u00f3.<\/p>\n","protected":false},"excerpt":{"rendered":"<p>El presidente L\u00f3pez Obrador dijo que su gobierno est\u00e1 dispuesto a dialogar con empresas que se sientan agraviadas por reforma el\u00e9ctrica. Ciudad de M\u00e9xico.- El presidente Andr\u00e9s Manuel L\u00f3pez Obrador explic\u00f3 este viernes que como parte de su reuni\u00f3n con la secretaria de Energ\u00eda de Estados Unidos, Jennifer Granholm, se revisar\u00e1n, una por una, las [&hellip;]<\/p>\n","protected":false},"author":5,"featured_media":22329,"comment_status":"open","ping_status":"open","sticky":false,"template":"","format":"standard","meta":{"tdm_status":"","tdm_grid_status":"","footnotes":""},"categories":[39],"tags":[247,297,2076],"class_list":{"0":"post-22328","1":"post","2":"type-post","3":"status-publish","4":"format-standard","5":"has-post-thumbnail","7":"category-noticias-nacionales","8":"tag-amlo","9":"tag-andres-manuel-lopez-obrador","10":"tag-reforma-electrica"},"yoast_head":"<!-- This site is optimized with the Yoast SEO plugin v27.5 - https:\/\/yoast.com\/product\/yoast-seo-wordpress\/ -->\n<title>Gobierno buscar\u00e1 conciliar con empresas alcances de reforma el\u00e9ctrica - Fuentes Fidedignas<\/title>\n<meta name=\"robots\" content=\"index, follow, max-snippet:-1, max-image-preview:large, max-video-preview:-1\" \/>\n<link rel=\"canonical\" href=\"https:\/\/fuentesfidedignas.com.mx\/index.php\/2022\/01\/21\/gobierno-buscara-conciliar-con-empresas-alcances-de-reforma-electrica\/\" \/>\n<meta property=\"og:locale\" content=\"es_MX\" \/>\n<meta property=\"og:type\" content=\"article\" \/>\n<meta property=\"og:title\" content=\"Gobierno buscar\u00e1 conciliar con empresas alcances de reforma el\u00e9ctrica - Fuentes Fidedignas\" \/>\n<meta property=\"og:description\" content=\"El presidente L\u00f3pez Obrador dijo que su gobierno est\u00e1 dispuesto a dialogar con empresas que se sientan agraviadas por reforma el\u00e9ctrica. Ciudad de M\u00e9xico.- El presidente Andr\u00e9s Manuel L\u00f3pez Obrador explic\u00f3 este viernes que como parte de su reuni\u00f3n con la secretaria de Energ\u00eda de Estados Unidos, Jennifer Granholm, se revisar\u00e1n, una por una, las [&hellip;]\" \/>\n<meta property=\"og:url\" content=\"https:\/\/fuentesfidedignas.com.mx\/index.php\/2022\/01\/21\/gobierno-buscara-conciliar-con-empresas-alcances-de-reforma-electrica\/\" \/>\n<meta property=\"og:site_name\" content=\"Fuentes Fidedignas\" \/>\n<meta property=\"article:publisher\" content=\"https:\/\/www.facebook.com\/Fuentes-Fidedignas-368234489921644\" \/>\n<meta property=\"article:published_time\" content=\"2022-01-21T16:07:06+00:00\" \/>\n<meta property=\"article:modified_time\" content=\"2022-01-21T16:07:20+00:00\" \/>\n<meta property=\"og:image\" content=\"https:\/\/fuentesfidedignas.com.mx\/wp-content\/uploads\/2022\/01\/AMLO_210122.jpeg\" \/>\n\t<meta property=\"og:image:width\" content=\"640\" \/>\n\t<meta property=\"og:image:height\" content=\"360\" \/>\n\t<meta property=\"og:image:type\" content=\"image\/jpeg\" \/>\n<meta name=\"author\" content=\"Forbes\" \/>\n<meta name=\"twitter:card\" content=\"summary_large_image\" \/>\n<meta name=\"twitter:creator\" content=\"@fidedignas\" \/>\n<meta name=\"twitter:site\" content=\"@fidedignas\" \/>\n<meta name=\"twitter:label1\" content=\"Escrito por\" \/>\n\t<meta name=\"twitter:data1\" content=\"Forbes\" \/>\n\t<meta name=\"twitter:label2\" content=\"Tiempo de lectura\" \/>\n\t<meta name=\"twitter:data2\" content=\"2 minutos\" \/>\n<script type=\"application\/ld+json\" class=\"yoast-schema-graph\">{\"@context\":\"https:\\\/\\\/schema.org\",\"@graph\":[{\"@type\":\"Article\",\"@id\":\"https:\\\/\\\/fuentesfidedignas.com.mx\\\/index.php\\\/2022\\\/01\\\/21\\\/gobierno-buscara-conciliar-con-empresas-alcances-de-reforma-electrica\\\/#article\",\"isPartOf\":{\"@id\":\"https:\\\/\\\/fuentesfidedignas.com.mx\\\/index.php\\\/2022\\\/01\\\/21\\\/gobierno-buscara-conciliar-con-empresas-alcances-de-reforma-electrica\\\/\"},\"author\":{\"name\":\"Forbes\",\"@id\":\"https:\\\/\\\/fuentesfidedignas.com.mx\\\/#\\\/schema\\\/person\\\/5623d53fe2e579d825b1679734abcc44\"},\"headline\":\"Gobierno buscar\u00e1 conciliar con empresas alcances de reforma el\u00e9ctrica\",\"datePublished\":\"2022-01-21T16:07:06+00:00\",\"dateModified\":\"2022-01-21T16:07:20+00:00\",\"mainEntityOfPage\":{\"@id\":\"https:\\\/\\\/fuentesfidedignas.com.mx\\\/index.php\\\/2022\\\/01\\\/21\\\/gobierno-buscara-conciliar-con-empresas-alcances-de-reforma-electrica\\\/\"},\"wordCount\":433,\"commentCount\":0,\"publisher\":{\"@id\":\"https:\\\/\\\/fuentesfidedignas.com.mx\\\/#organization\"},\"image\":{\"@id\":\"https:\\\/\\\/fuentesfidedignas.com.mx\\\/index.php\\\/2022\\\/01\\\/21\\\/gobierno-buscara-conciliar-con-empresas-alcances-de-reforma-electrica\\\/#primaryimage\"},\"thumbnailUrl\":\"https:\\\/\\\/fuentesfidedignas.com.mx\\\/wp-content\\\/uploads\\\/2022\\\/01\\\/AMLO_210122.jpeg\",\"keywords\":[\"AMLO\",\"Andr\u00e9s Manuel L\u00f3pez Obrador\",\"Reforma El\u00e9ctrica\"],\"articleSection\":[\"NOTICIAS NACIONALES\"],\"inLanguage\":\"es\",\"potentialAction\":[{\"@type\":\"CommentAction\",\"name\":\"Comment\",\"target\":[\"https:\\\/\\\/fuentesfidedignas.com.mx\\\/index.php\\\/2022\\\/01\\\/21\\\/gobierno-buscara-conciliar-con-empresas-alcances-de-reforma-electrica\\\/#respond\"]}]},{\"@type\":\"WebPage\",\"@id\":\"https:\\\/\\\/fuentesfidedignas.com.mx\\\/index.php\\\/2022\\\/01\\\/21\\\/gobierno-buscara-conciliar-con-empresas-alcances-de-reforma-electrica\\\/\",\"url\":\"https:\\\/\\\/fuentesfidedignas.com.mx\\\/index.php\\\/2022\\\/01\\\/21\\\/gobierno-buscara-conciliar-con-empresas-alcances-de-reforma-electrica\\\/\",\"name\":\"Gobierno buscar\u00e1 conciliar con empresas alcances de reforma el\u00e9ctrica - Fuentes Fidedignas\",\"isPartOf\":{\"@id\":\"https:\\\/\\\/fuentesfidedignas.com.mx\\\/#website\"},\"primaryImageOfPage\":{\"@id\":\"https:\\\/\\\/fuentesfidedignas.com.mx\\\/index.php\\\/2022\\\/01\\\/21\\\/gobierno-buscara-conciliar-con-empresas-alcances-de-reforma-electrica\\\/#primaryimage\"},\"image\":{\"@id\":\"https:\\\/\\\/fuentesfidedignas.com.mx\\\/index.php\\\/2022\\\/01\\\/21\\\/gobierno-buscara-conciliar-con-empresas-alcances-de-reforma-electrica\\\/#primaryimage\"},\"thumbnailUrl\":\"https:\\\/\\\/fuentesfidedignas.com.mx\\\/wp-content\\\/uploads\\\/2022\\\/01\\\/AMLO_210122.jpeg\",\"datePublished\":\"2022-01-21T16:07:06+00:00\",\"dateModified\":\"2022-01-21T16:07:20+00:00\",\"breadcrumb\":{\"@id\":\"https:\\\/\\\/fuentesfidedignas.com.mx\\\/index.php\\\/2022\\\/01\\\/21\\\/gobierno-buscara-conciliar-con-empresas-alcances-de-reforma-electrica\\\/#breadcrumb\"},\"inLanguage\":\"es\",\"potentialAction\":[{\"@type\":\"ReadAction\",\"target\":[\"https:\\\/\\\/fuentesfidedignas.com.mx\\\/index.php\\\/2022\\\/01\\\/21\\\/gobierno-buscara-conciliar-con-empresas-alcances-de-reforma-electrica\\\/\"]}]},{\"@type\":\"ImageObject\",\"inLanguage\":\"es\",\"@id\":\"https:\\\/\\\/fuentesfidedignas.com.mx\\\/index.php\\\/2022\\\/01\\\/21\\\/gobierno-buscara-conciliar-con-empresas-alcances-de-reforma-electrica\\\/#primaryimage\",\"url\":\"https:\\\/\\\/fuentesfidedignas.com.mx\\\/wp-content\\\/uploads\\\/2022\\\/01\\\/AMLO_210122.jpeg\",\"contentUrl\":\"https:\\\/\\\/fuentesfidedignas.com.mx\\\/wp-content\\\/uploads\\\/2022\\\/01\\\/AMLO_210122.jpeg\",\"width\":640,\"height\":360},{\"@type\":\"BreadcrumbList\",\"@id\":\"https:\\\/\\\/fuentesfidedignas.com.mx\\\/index.php\\\/2022\\\/01\\\/21\\\/gobierno-buscara-conciliar-con-empresas-alcances-de-reforma-electrica\\\/#breadcrumb\",\"itemListElement\":[{\"@type\":\"ListItem\",\"position\":1,\"name\":\"Inicio\",\"item\":\"https:\\\/\\\/fuentesfidedignas.com.mx\\\/\"},{\"@type\":\"ListItem\",\"position\":2,\"name\":\"Gobierno buscar\u00e1 conciliar con empresas alcances de reforma el\u00e9ctrica\"}]},{\"@type\":\"WebSite\",\"@id\":\"https:\\\/\\\/fuentesfidedignas.com.mx\\\/#website\",\"url\":\"https:\\\/\\\/fuentesfidedignas.com.mx\\\/\",\"name\":\"Fuentes Fidedignas\",\"description\":\"Otro sitio realizado con WordPress\",\"publisher\":{\"@id\":\"https:\\\/\\\/fuentesfidedignas.com.mx\\\/#organization\"},\"potentialAction\":[{\"@type\":\"SearchAction\",\"target\":{\"@type\":\"EntryPoint\",\"urlTemplate\":\"https:\\\/\\\/fuentesfidedignas.com.mx\\\/?s={search_term_string}\"},\"query-input\":{\"@type\":\"PropertyValueSpecification\",\"valueRequired\":true,\"valueName\":\"search_term_string\"}}],\"inLanguage\":\"es\"},{\"@type\":\"Organization\",\"@id\":\"https:\\\/\\\/fuentesfidedignas.com.mx\\\/#organization\",\"name\":\"Fuentes Fidedignas\",\"url\":\"https:\\\/\\\/fuentesfidedignas.com.mx\\\/\",\"logo\":{\"@type\":\"ImageObject\",\"inLanguage\":\"es\",\"@id\":\"https:\\\/\\\/fuentesfidedignas.com.mx\\\/#\\\/schema\\\/logo\\\/image\\\/\",\"url\":\"https:\\\/\\\/fuentesfidedignas.com.mx\\\/wp-content\\\/uploads\\\/2021\\\/04\\\/logo-retina.png\",\"contentUrl\":\"https:\\\/\\\/fuentesfidedignas.com.mx\\\/wp-content\\\/uploads\\\/2021\\\/04\\\/logo-retina.png\",\"width\":280,\"height\":51,\"caption\":\"Fuentes Fidedignas\"},\"image\":{\"@id\":\"https:\\\/\\\/fuentesfidedignas.com.mx\\\/#\\\/schema\\\/logo\\\/image\\\/\"},\"sameAs\":[\"https:\\\/\\\/www.facebook.com\\\/Fuentes-Fidedignas-368234489921644\",\"https:\\\/\\\/x.com\\\/fidedignas\"]},{\"@type\":\"Person\",\"@id\":\"https:\\\/\\\/fuentesfidedignas.com.mx\\\/#\\\/schema\\\/person\\\/5623d53fe2e579d825b1679734abcc44\",\"name\":\"Forbes\",\"image\":{\"@type\":\"ImageObject\",\"inLanguage\":\"es\",\"@id\":\"https:\\\/\\\/secure.gravatar.com\\\/avatar\\\/87ce3dd4e41e60c22a79c758614f01a6bc2469255fc936ec7b15efb9bb5cb66f?s=96&d=mm&r=g\",\"url\":\"https:\\\/\\\/secure.gravatar.com\\\/avatar\\\/87ce3dd4e41e60c22a79c758614f01a6bc2469255fc936ec7b15efb9bb5cb66f?s=96&d=mm&r=g\",\"contentUrl\":\"https:\\\/\\\/secure.gravatar.com\\\/avatar\\\/87ce3dd4e41e60c22a79c758614f01a6bc2469255fc936ec7b15efb9bb5cb66f?s=96&d=mm&r=g\",\"caption\":\"Forbes\"},\"url\":\"https:\\\/\\\/fuentesfidedignas.com.mx\\\/index.php\\\/author\\\/forbes\\\/\"}]}<\/script>\n<!-- \/ Yoast SEO plugin. -->","yoast_head_json":{"title":"Gobierno buscar\u00e1 conciliar con empresas alcances de reforma el\u00e9ctrica - Fuentes Fidedignas","robots":{"index":"index","follow":"follow","max-snippet":"max-snippet:-1","max-image-preview":"max-image-preview:large","max-video-preview":"max-video-preview:-1"},"canonical":"https:\/\/fuentesfidedignas.com.mx\/index.php\/2022\/01\/21\/gobierno-buscara-conciliar-con-empresas-alcances-de-reforma-electrica\/","og_locale":"es_MX","og_type":"article","og_title":"Gobierno buscar\u00e1 conciliar con empresas alcances de reforma el\u00e9ctrica - Fuentes Fidedignas","og_description":"El presidente L\u00f3pez Obrador dijo que su gobierno est\u00e1 dispuesto a dialogar con empresas que se sientan agraviadas por reforma el\u00e9ctrica. Ciudad de M\u00e9xico.- El presidente Andr\u00e9s Manuel L\u00f3pez Obrador explic\u00f3 este viernes que como parte de su reuni\u00f3n con la secretaria de Energ\u00eda de Estados Unidos, Jennifer Granholm, se revisar\u00e1n, una por una, las [&hellip;]","og_url":"https:\/\/fuentesfidedignas.com.mx\/index.php\/2022\/01\/21\/gobierno-buscara-conciliar-con-empresas-alcances-de-reforma-electrica\/","og_site_name":"Fuentes Fidedignas","article_publisher":"https:\/\/www.facebook.com\/Fuentes-Fidedignas-368234489921644","article_published_time":"2022-01-21T16:07:06+00:00","article_modified_time":"2022-01-21T16:07:20+00:00","og_image":[{"width":640,"height":360,"url":"https:\/\/fuentesfidedignas.com.mx\/wp-content\/uploads\/2022\/01\/AMLO_210122.jpeg","type":"image\/jpeg"}],"author":"Forbes","twitter_card":"summary_large_image","twitter_creator":"@fidedignas","twitter_site":"@fidedignas","twitter_misc":{"Escrito por":"Forbes","Tiempo de lectura":"2 minutos"},"schema":{"@context":"https:\/\/schema.org","@graph":[{"@type":"Article","@id":"https:\/\/fuentesfidedignas.com.mx\/index.php\/2022\/01\/21\/gobierno-buscara-conciliar-con-empresas-alcances-de-reforma-electrica\/#article","isPartOf":{"@id":"https:\/\/fuentesfidedignas.com.mx\/index.php\/2022\/01\/21\/gobierno-buscara-conciliar-con-empresas-alcances-de-reforma-electrica\/"},"author":{"name":"Forbes","@id":"https:\/\/fuentesfidedignas.com.mx\/#\/schema\/person\/5623d53fe2e579d825b1679734abcc44"},"headline":"Gobierno buscar\u00e1 conciliar con empresas alcances de reforma el\u00e9ctrica","datePublished":"2022-01-21T16:07:06+00:00","dateModified":"2022-01-21T16:07:20+00:00","mainEntityOfPage":{"@id":"https:\/\/fuentesfidedignas.com.mx\/index.php\/2022\/01\/21\/gobierno-buscara-conciliar-con-empresas-alcances-de-reforma-electrica\/"},"wordCount":433,"commentCount":0,"publisher":{"@id":"https:\/\/fuentesfidedignas.com.mx\/#organization"},"image":{"@id":"https:\/\/fuentesfidedignas.com.mx\/index.php\/2022\/01\/21\/gobierno-buscara-conciliar-con-empresas-alcances-de-reforma-electrica\/#primaryimage"},"thumbnailUrl":"https:\/\/fuentesfidedignas.com.mx\/wp-content\/uploads\/2022\/01\/AMLO_210122.jpeg","keywords":["AMLO","Andr\u00e9s Manuel L\u00f3pez Obrador","Reforma El\u00e9ctrica"],"articleSection":["NOTICIAS NACIONALES"],"inLanguage":"es","potentialAction":[{"@type":"CommentAction","name":"Comment","target":["https:\/\/fuentesfidedignas.com.mx\/index.php\/2022\/01\/21\/gobierno-buscara-conciliar-con-empresas-alcances-de-reforma-electrica\/#respond"]}]},{"@type":"WebPage","@id":"https:\/\/fuentesfidedignas.com.mx\/index.php\/2022\/01\/21\/gobierno-buscara-conciliar-con-empresas-alcances-de-reforma-electrica\/","url":"https:\/\/fuentesfidedignas.com.mx\/index.php\/2022\/01\/21\/gobierno-buscara-conciliar-con-empresas-alcances-de-reforma-electrica\/","name":"Gobierno buscar\u00e1 conciliar con empresas alcances de reforma el\u00e9ctrica - Fuentes Fidedignas","isPartOf":{"@id":"https:\/\/fuentesfidedignas.com.mx\/#website"},"primaryImageOfPage":{"@id":"https:\/\/fuentesfidedignas.com.mx\/index.php\/2022\/01\/21\/gobierno-buscara-conciliar-con-empresas-alcances-de-reforma-electrica\/#primaryimage"},"image":{"@id":"https:\/\/fuentesfidedignas.com.mx\/index.php\/2022\/01\/21\/gobierno-buscara-conciliar-con-empresas-alcances-de-reforma-electrica\/#primaryimage"},"thumbnailUrl":"https:\/\/fuentesfidedignas.com.mx\/wp-content\/uploads\/2022\/01\/AMLO_210122.jpeg","datePublished":"2022-01-21T16:07:06+00:00","dateModified":"2022-01-21T16:07:20+00:00","breadcrumb":{"@id":"https:\/\/fuentesfidedignas.com.mx\/index.php\/2022\/01\/21\/gobierno-buscara-conciliar-con-empresas-alcances-de-reforma-electrica\/#breadcrumb"},"inLanguage":"es","potentialAction":[{"@type":"ReadAction","target":["https:\/\/fuentesfidedignas.com.mx\/index.php\/2022\/01\/21\/gobierno-buscara-conciliar-con-empresas-alcances-de-reforma-electrica\/"]}]},{"@type":"ImageObject","inLanguage":"es","@id":"https:\/\/fuentesfidedignas.com.mx\/index.php\/2022\/01\/21\/gobierno-buscara-conciliar-con-empresas-alcances-de-reforma-electrica\/#primaryimage","url":"https:\/\/fuentesfidedignas.com.mx\/wp-content\/uploads\/2022\/01\/AMLO_210122.jpeg","contentUrl":"https:\/\/fuentesfidedignas.com.mx\/wp-content\/uploads\/2022\/01\/AMLO_210122.jpeg","width":640,"height":360},{"@type":"BreadcrumbList","@id":"https:\/\/fuentesfidedignas.com.mx\/index.php\/2022\/01\/21\/gobierno-buscara-conciliar-con-empresas-alcances-de-reforma-electrica\/#breadcrumb","itemListElement":[{"@type":"ListItem","position":1,"name":"Inicio","item":"https:\/\/fuentesfidedignas.com.mx\/"},{"@type":"ListItem","position":2,"name":"Gobierno buscar\u00e1 conciliar con empresas alcances de reforma el\u00e9ctrica"}]},{"@type":"WebSite","@id":"https:\/\/fuentesfidedignas.com.mx\/#website","url":"https:\/\/fuentesfidedignas.com.mx\/","name":"Fuentes Fidedignas","description":"Otro sitio realizado con WordPress","publisher":{"@id":"https:\/\/fuentesfidedignas.com.mx\/#organization"},"potentialAction":[{"@type":"SearchAction","target":{"@type":"EntryPoint","urlTemplate":"https:\/\/fuentesfidedignas.com.mx\/?s={search_term_string}"},"query-input":{"@type":"PropertyValueSpecification","valueRequired":true,"valueName":"search_term_string"}}],"inLanguage":"es"},{"@type":"Organization","@id":"https:\/\/fuentesfidedignas.com.mx\/#organization","name":"Fuentes Fidedignas","url":"https:\/\/fuentesfidedignas.com.mx\/","logo":{"@type":"ImageObject","inLanguage":"es","@id":"https:\/\/fuentesfidedignas.com.mx\/#\/schema\/logo\/image\/","url":"https:\/\/fuentesfidedignas.com.mx\/wp-content\/uploads\/2021\/04\/logo-retina.png","contentUrl":"https:\/\/fuentesfidedignas.com.mx\/wp-content\/uploads\/2021\/04\/logo-retina.png","width":280,"height":51,"caption":"Fuentes Fidedignas"},"image":{"@id":"https:\/\/fuentesfidedignas.com.mx\/#\/schema\/logo\/image\/"},"sameAs":["https:\/\/www.facebook.com\/Fuentes-Fidedignas-368234489921644","https:\/\/x.com\/fidedignas"]},{"@type":"Person","@id":"https:\/\/fuentesfidedignas.com.mx\/#\/schema\/person\/5623d53fe2e579d825b1679734abcc44","name":"Forbes","image":{"@type":"ImageObject","inLanguage":"es","@id":"https:\/\/secure.gravatar.com\/avatar\/87ce3dd4e41e60c22a79c758614f01a6bc2469255fc936ec7b15efb9bb5cb66f?s=96&d=mm&r=g","url":"https:\/\/secure.gravatar.com\/avatar\/87ce3dd4e41e60c22a79c758614f01a6bc2469255fc936ec7b15efb9bb5cb66f?s=96&d=mm&r=g","contentUrl":"https:\/\/secure.gravatar.com\/avatar\/87ce3dd4e41e60c22a79c758614f01a6bc2469255fc936ec7b15efb9bb5cb66f?s=96&d=mm&r=g","caption":"Forbes"},"url":"https:\/\/fuentesfidedignas.com.mx\/index.php\/author\/forbes\/"}]}},"_links":{"self":[{"href":"https:\/\/fuentesfidedignas.com.mx\/index.php\/wp-json\/wp\/v2\/posts\/22328","targetHints":{"allow":["GET"]}}],"collection":[{"href":"https:\/\/fuentesfidedignas.com.mx\/index.php\/wp-json\/wp\/v2\/posts"}],"about":[{"href":"https:\/\/fuentesfidedignas.com.mx\/index.php\/wp-json\/wp\/v2\/types\/post"}],"author":[{"embeddable":true,"href":"https:\/\/fuentesfidedignas.com.mx\/index.php\/wp-json\/wp\/v2\/users\/5"}],"replies":[{"embeddable":true,"href":"https:\/\/fuentesfidedignas.com.mx\/index.php\/wp-json\/wp\/v2\/comments?post=22328"}],"version-history":[{"count":1,"href":"https:\/\/fuentesfidedignas.com.mx\/index.php\/wp-json\/wp\/v2\/posts\/22328\/revisions"}],"predecessor-version":[{"id":22330,"href":"https:\/\/fuentesfidedignas.com.mx\/index.php\/wp-json\/wp\/v2\/posts\/22328\/revisions\/22330"}],"wp:featuredmedia":[{"embeddable":true,"href":"https:\/\/fuentesfidedignas.com.mx\/index.php\/wp-json\/wp\/v2\/media\/22329"}],"wp:attachment":[{"href":"https:\/\/fuentesfidedignas.com.mx\/index.php\/wp-json\/wp\/v2\/media?parent=22328"}],"wp:term":[{"taxonomy":"category","embeddable":true,"href":"https:\/\/fuentesfidedignas.com.mx\/index.php\/wp-json\/wp\/v2\/categories?post=22328"},{"taxonomy":"post_tag","embeddable":true,"href":"https:\/\/fuentesfidedignas.com.mx\/index.php\/wp-json\/wp\/v2\/tags?post=22328"}],"curies":[{"name":"wp","href":"https:\/\/api.w.org\/{rel}","templated":true}]}}