{"id":22260,"date":"2022-01-20T11:12:38","date_gmt":"2022-01-20T18:12:38","guid":{"rendered":"https:\/\/fuentesfidedignas.com.mx\/?p=22260"},"modified":"2022-01-20T11:12:39","modified_gmt":"2022-01-20T18:12:39","slug":"variante-omicron-extingue-la-esperanza-de-la-inmunidad-de-rebano","status":"publish","type":"post","link":"https:\/\/fuentesfidedignas.com.mx\/index.php\/2022\/01\/20\/variante-omicron-extingue-la-esperanza-de-la-inmunidad-de-rebano\/","title":{"rendered":"Variante \u00d3micron extingue la esperanza de la inmunidad de reba\u00f1o"},"content":{"rendered":"\n<p><strong><em>La transmisibilidad de \u00d3micron se ve favorecida por el hecho de que esta variante es incluso mejor que sus predecesoras a la hora de infectar a personas vacunadas o con una infecci\u00f3n previa<\/em><\/strong><\/p>\n\n\n\n<p>Ciudad de M\u00e9xico.- Es improbable que la variante \u00d3micron, que se propaga mucho m\u00e1s r\u00e1pido que las mutaciones anteriores del coronavirus, ayude a los pa\u00edses a lograr la llamada inmunidad de reba\u00f1o contra el Covid, en la que suficientes personas se vuelven inmunes al virus como para frenar los contagios, dijeron expertos en la enfermedad.<\/p>\n\n\n\n<p>Desde los primeros d\u00edas de la pandemia, algunos funcionarios de salud p\u00fablica expresaron su esperanza de que fuera posible lograr la inmunidad de reba\u00f1o contra el COVID-19, siempre y cuando un porcentaje suficiente de la poblaci\u00f3n estuviera vacunada o infectada con el virus.<\/p>\n\n\n\n<p>Las esperanzas se desvanecieron cuando el coronavirus mut\u00f3 en nuevas variantes en r\u00e1pida sucesi\u00f3n durante el a\u00f1o pasado, lo que le permiti\u00f3 reinfectar a personas que estaban vacunadas o que hab\u00edan contra\u00eddo previamente el COVID-19.<\/p>\n\n\n\n<p>Algunas autoridades sanitarias han revivido la posibilidad de la inmunidad de reba\u00f1o desde que apareci\u00f3 \u00f3micron a finales del a\u00f1o pasado.<\/p>\n\n\n\n<p>Argumentan que el hecho de que la variante se propague tan r\u00e1pidamente y cause una enfermedad m\u00e1s leve podr\u00eda exponer pronto a suficientes personas, de forma menos da\u00f1ina, al virus del SARS-COV-2 y proporcionar la protecci\u00f3n colectiva.<\/p>\n\n\n\n<p>Expertos en enfermedades se\u00f1alan, sin embargo, que la transmisibilidad de \u00f3micron se ve favorecida por el hecho de que esta variante es incluso mejor que sus predecesoras a la hora de infectar a personas vacunadas o con una infecci\u00f3n previa. Esto se suma a la evidencia de que el coronavirus seguir\u00e1 encontrando formas de atravesar nuestras defensas inmunitarias, dijeron.<\/p>\n\n\n\n<p>\u201cAlcanzar un umbral te\u00f3rico m\u00e1s all\u00e1 del cual cesar\u00e1 la transmisi\u00f3n es probablemente poco realista dada la experiencia que hemos tenido en la pandemia\u201d, dijo a Reuters el doctor Olivier le Polain, epidemi\u00f3logo de la Organizaci\u00f3n Mundial de la Salud (OMS).<\/p>\n\n\n\n<p>Esto no quiere decir que la inmunidad previa no ofrezca ning\u00fan beneficio. En lugar de la de reba\u00f1o, muchos expertos entrevistados por Reuters afirmaron que cada vez hay m\u00e1s pruebas de que las vacunas y la infecci\u00f3n previa ayudar\u00edan a reforzar la protecci\u00f3n de la poblaci\u00f3n contra el COVID-19, lo que hace que la enfermedad sea menos grave para quienes se infectan o se reinfectan.<\/p>\n\n\n\n<p>\u201cMientras la inmunidad de la poblaci\u00f3n se mantenga con esta variante y las futuras, tendremos suerte y la enfermedad ser\u00e1 manejable\u201d, dijo el doctor David Heymann, profesor de epidemiolog\u00eda de enfermedades infecciosas en la Escuela de Higiene y Medicina Tropical de Londres.<\/p>\n\n\n\n<p><strong>No es como el sarampi\u00f3n<\/strong><br>Las actuales vacunas COVID-19 se dise\u00f1aron principalmente para prevenir la enfermedad grave y la muerte, m\u00e1s que la infecci\u00f3n. Pero los resultados de las pruebas cl\u00ednicas realizadas a finales de 2020, en los que se demostr\u00f3 que dos de las vacunas ten\u00edan una eficacia superior al 90% contra la enfermedad, despertaron inicialmente la esperanza de que el virus pudiera contenerse mediante la vacunaci\u00f3n generalizada, de forma similar a como se ha frenado el sarampi\u00f3n.<\/p>\n\n\n\n<p>Con el SARS-CoV-2, dos factores han socavado desde entonces el panorama, dijo Marc Lipsitch, epidemi\u00f3logo de la Escuela de Salud P\u00fablica T.H. Chan de Harvard.<\/p>\n\n\n\n<p>\u201cEl primero es que la inmunidad, sobre todo a la infecci\u00f3n, que es el tipo de inmunidad importante, disminuye con bastante rapidez, al menos con las vacunas que tenemos ahora\u201d.<\/p>\n\n\n\n<p>La segunda es que el virus puede mutar r\u00e1pidamente de forma que le permite eludir la protecci\u00f3n de la vacunaci\u00f3n o de la infecci\u00f3n previa, incluso cuando la inmunidad no ha disminuido.<\/p>\n\n\n\n<p>El doctor David Wohl, especialista en enfermedades infecciosas de la Facultad de Medicina de la Universidad de Carolina del Norte en Chapel Hill, afirm\u00f3 que \u201clas reglas cambian cuando las personas vacunadas pueden seguir albergando el virus e infectar a otras\u201d.<\/p>\n\n\n\n<p>Wohl advirti\u00f3 del peligro de asumir que la infecci\u00f3n con \u00f3micron aumentar\u00eda la protecci\u00f3n, especialmente contra la siguiente variante que pueda surgir. \u201cS\u00f3lo porque hayas tenido \u00f3micron, puede que eso te proteja de volver a contraer \u00f3micron, tal vez\u201d, a\u00f1adi\u00f3.<\/p>\n\n\n\n<p>Las vacunas en desarrollo que proporcionan inmunidad contra futuras variantes o incluso contra m\u00faltiples tipos de coronavirus podr\u00edan cambiar esto, dijo Pasi Penttinen, el principal experto en gripe del Centro Europeo para la Prevenci\u00f3n y el Control de Enfermedades, pero llevar\u00e1 tiempo.<\/p>\n\n\n\n<p>Aun as\u00ed, la esperanza de que la inmunidad de grupo sea un boleto de vuelta a la vida normal es dif\u00edcil de eliminar.<\/p>\n\n\n\n<p>\u201cEstas cosas aparec\u00edan en los medios de comunicaci\u00f3n: \u2018Alcanzaremos la inmunidad de reba\u00f1o cuando el 60% de la poblaci\u00f3n est\u00e9 vacunada\u2019 y no ha ocurrido. Luego para el 80%, y de nuevo no ocurri\u00f3\u201d, dijo a Reuters Francois Balloux, profesor de sistemas biol\u00f3gicos computacionales en el University College de Londres.<\/p>\n\n\n\n<p>\u201cAunque suene horrible, creo que tenemos que prepararnos para el hecho de que la gran mayor\u00eda, esencialmente todo el mundo, se expondr\u00e1 al SARS-CoV-2\u201d, dijo.<\/p>\n\n\n\n<p>Expertos en salud mundial prev\u00e9n que el coronavirus acabe convirti\u00e9ndose en end\u00e9mico, circulando de forma persistente entre la poblaci\u00f3n y provocando repuntes espor\u00e1dicos. Sin embargo, la aparici\u00f3n de \u00f3micron ha suscitado dudas sobre cu\u00e1ndo podr\u00eda ocurrir exactamente.<\/p>\n\n\n\n<p>\u201cLlegaremos a ello\u201d, dijo le Polain de la OMS, \u201cpero de momento no estamos en ese punto\u201d.<\/p>\n","protected":false},"excerpt":{"rendered":"<p>La transmisibilidad de \u00d3micron se ve favorecida por el hecho de que esta variante es incluso mejor que sus predecesoras a la hora de infectar a personas vacunadas o con una infecci\u00f3n previa Ciudad de M\u00e9xico.- Es improbable que la variante \u00d3micron, que se propaga mucho m\u00e1s r\u00e1pido que las mutaciones anteriores del coronavirus, ayude [&hellip;]<\/p>\n","protected":false},"author":5,"featured_media":22261,"comment_status":"open","ping_status":"open","sticky":false,"template":"","format":"standard","meta":{"tdm_status":"","tdm_grid_status":"","footnotes":""},"categories":[39],"tags":[332,59,416,407],"class_list":{"0":"post-22260","1":"post","2":"type-post","3":"status-publish","4":"format-standard","5":"has-post-thumbnail","7":"category-noticias-nacionales","8":"tag-coronavirus","9":"tag-covid-19","10":"tag-sars-cov-2","11":"tag-vacuna-anticovid"},"yoast_head":"<!-- This site is optimized with the Yoast SEO plugin v27.5 - https:\/\/yoast.com\/product\/yoast-seo-wordpress\/ -->\n<title>Variante \u00d3micron extingue la esperanza de la inmunidad de reba\u00f1o - Fuentes Fidedignas<\/title>\n<meta name=\"robots\" content=\"index, follow, max-snippet:-1, max-image-preview:large, max-video-preview:-1\" \/>\n<link rel=\"canonical\" href=\"https:\/\/fuentesfidedignas.com.mx\/index.php\/2022\/01\/20\/variante-omicron-extingue-la-esperanza-de-la-inmunidad-de-rebano\/\" \/>\n<meta property=\"og:locale\" content=\"es_MX\" \/>\n<meta property=\"og:type\" content=\"article\" \/>\n<meta property=\"og:title\" content=\"Variante \u00d3micron extingue la esperanza de la inmunidad de reba\u00f1o - Fuentes Fidedignas\" \/>\n<meta property=\"og:description\" content=\"La transmisibilidad de \u00d3micron se ve favorecida por el hecho de que esta variante es incluso mejor que sus predecesoras a la hora de infectar a personas vacunadas o con una infecci\u00f3n previa Ciudad de M\u00e9xico.- Es improbable que la variante \u00d3micron, que se propaga mucho m\u00e1s r\u00e1pido que las mutaciones anteriores del coronavirus, ayude [&hellip;]\" \/>\n<meta property=\"og:url\" content=\"https:\/\/fuentesfidedignas.com.mx\/index.php\/2022\/01\/20\/variante-omicron-extingue-la-esperanza-de-la-inmunidad-de-rebano\/\" \/>\n<meta property=\"og:site_name\" content=\"Fuentes Fidedignas\" \/>\n<meta property=\"article:publisher\" content=\"https:\/\/www.facebook.com\/Fuentes-Fidedignas-368234489921644\" \/>\n<meta property=\"article:published_time\" content=\"2022-01-20T18:12:38+00:00\" \/>\n<meta property=\"article:modified_time\" content=\"2022-01-20T18:12:39+00:00\" \/>\n<meta property=\"og:image\" content=\"https:\/\/fuentesfidedignas.com.mx\/wp-content\/uploads\/2022\/01\/covid-omicron-coronavirus.jpg-.jpg\" \/>\n\t<meta property=\"og:image:width\" content=\"1280\" \/>\n\t<meta property=\"og:image:height\" content=\"720\" \/>\n\t<meta property=\"og:image:type\" content=\"image\/jpeg\" \/>\n<meta name=\"author\" content=\"Forbes\" \/>\n<meta name=\"twitter:card\" content=\"summary_large_image\" \/>\n<meta name=\"twitter:creator\" content=\"@fidedignas\" \/>\n<meta name=\"twitter:site\" content=\"@fidedignas\" \/>\n<meta name=\"twitter:label1\" content=\"Escrito por\" \/>\n\t<meta name=\"twitter:data1\" content=\"Forbes\" \/>\n\t<meta name=\"twitter:label2\" content=\"Tiempo de lectura\" \/>\n\t<meta name=\"twitter:data2\" content=\"4 minutos\" \/>\n<script type=\"application\/ld+json\" class=\"yoast-schema-graph\">{\"@context\":\"https:\\\/\\\/schema.org\",\"@graph\":[{\"@type\":\"Article\",\"@id\":\"https:\\\/\\\/fuentesfidedignas.com.mx\\\/index.php\\\/2022\\\/01\\\/20\\\/variante-omicron-extingue-la-esperanza-de-la-inmunidad-de-rebano\\\/#article\",\"isPartOf\":{\"@id\":\"https:\\\/\\\/fuentesfidedignas.com.mx\\\/index.php\\\/2022\\\/01\\\/20\\\/variante-omicron-extingue-la-esperanza-de-la-inmunidad-de-rebano\\\/\"},\"author\":{\"name\":\"Forbes\",\"@id\":\"https:\\\/\\\/fuentesfidedignas.com.mx\\\/#\\\/schema\\\/person\\\/5623d53fe2e579d825b1679734abcc44\"},\"headline\":\"Variante \u00d3micron extingue la esperanza de la inmunidad de reba\u00f1o\",\"datePublished\":\"2022-01-20T18:12:38+00:00\",\"dateModified\":\"2022-01-20T18:12:39+00:00\",\"mainEntityOfPage\":{\"@id\":\"https:\\\/\\\/fuentesfidedignas.com.mx\\\/index.php\\\/2022\\\/01\\\/20\\\/variante-omicron-extingue-la-esperanza-de-la-inmunidad-de-rebano\\\/\"},\"wordCount\":957,\"commentCount\":0,\"publisher\":{\"@id\":\"https:\\\/\\\/fuentesfidedignas.com.mx\\\/#organization\"},\"image\":{\"@id\":\"https:\\\/\\\/fuentesfidedignas.com.mx\\\/index.php\\\/2022\\\/01\\\/20\\\/variante-omicron-extingue-la-esperanza-de-la-inmunidad-de-rebano\\\/#primaryimage\"},\"thumbnailUrl\":\"https:\\\/\\\/fuentesfidedignas.com.mx\\\/wp-content\\\/uploads\\\/2022\\\/01\\\/covid-omicron-coronavirus.jpg-.jpg\",\"keywords\":[\"Coronavirus\",\"Covid-19\",\"SARS-CoV-2\",\"Vacuna anticovid\"],\"articleSection\":[\"NOTICIAS NACIONALES\"],\"inLanguage\":\"es\",\"potentialAction\":[{\"@type\":\"CommentAction\",\"name\":\"Comment\",\"target\":[\"https:\\\/\\\/fuentesfidedignas.com.mx\\\/index.php\\\/2022\\\/01\\\/20\\\/variante-omicron-extingue-la-esperanza-de-la-inmunidad-de-rebano\\\/#respond\"]}]},{\"@type\":\"WebPage\",\"@id\":\"https:\\\/\\\/fuentesfidedignas.com.mx\\\/index.php\\\/2022\\\/01\\\/20\\\/variante-omicron-extingue-la-esperanza-de-la-inmunidad-de-rebano\\\/\",\"url\":\"https:\\\/\\\/fuentesfidedignas.com.mx\\\/index.php\\\/2022\\\/01\\\/20\\\/variante-omicron-extingue-la-esperanza-de-la-inmunidad-de-rebano\\\/\",\"name\":\"Variante \u00d3micron extingue la esperanza de la inmunidad de reba\u00f1o - Fuentes Fidedignas\",\"isPartOf\":{\"@id\":\"https:\\\/\\\/fuentesfidedignas.com.mx\\\/#website\"},\"primaryImageOfPage\":{\"@id\":\"https:\\\/\\\/fuentesfidedignas.com.mx\\\/index.php\\\/2022\\\/01\\\/20\\\/variante-omicron-extingue-la-esperanza-de-la-inmunidad-de-rebano\\\/#primaryimage\"},\"image\":{\"@id\":\"https:\\\/\\\/fuentesfidedignas.com.mx\\\/index.php\\\/2022\\\/01\\\/20\\\/variante-omicron-extingue-la-esperanza-de-la-inmunidad-de-rebano\\\/#primaryimage\"},\"thumbnailUrl\":\"https:\\\/\\\/fuentesfidedignas.com.mx\\\/wp-content\\\/uploads\\\/2022\\\/01\\\/covid-omicron-coronavirus.jpg-.jpg\",\"datePublished\":\"2022-01-20T18:12:38+00:00\",\"dateModified\":\"2022-01-20T18:12:39+00:00\",\"breadcrumb\":{\"@id\":\"https:\\\/\\\/fuentesfidedignas.com.mx\\\/index.php\\\/2022\\\/01\\\/20\\\/variante-omicron-extingue-la-esperanza-de-la-inmunidad-de-rebano\\\/#breadcrumb\"},\"inLanguage\":\"es\",\"potentialAction\":[{\"@type\":\"ReadAction\",\"target\":[\"https:\\\/\\\/fuentesfidedignas.com.mx\\\/index.php\\\/2022\\\/01\\\/20\\\/variante-omicron-extingue-la-esperanza-de-la-inmunidad-de-rebano\\\/\"]}]},{\"@type\":\"ImageObject\",\"inLanguage\":\"es\",\"@id\":\"https:\\\/\\\/fuentesfidedignas.com.mx\\\/index.php\\\/2022\\\/01\\\/20\\\/variante-omicron-extingue-la-esperanza-de-la-inmunidad-de-rebano\\\/#primaryimage\",\"url\":\"https:\\\/\\\/fuentesfidedignas.com.mx\\\/wp-content\\\/uploads\\\/2022\\\/01\\\/covid-omicron-coronavirus.jpg-.jpg\",\"contentUrl\":\"https:\\\/\\\/fuentesfidedignas.com.mx\\\/wp-content\\\/uploads\\\/2022\\\/01\\\/covid-omicron-coronavirus.jpg-.jpg\",\"width\":1280,\"height\":720},{\"@type\":\"BreadcrumbList\",\"@id\":\"https:\\\/\\\/fuentesfidedignas.com.mx\\\/index.php\\\/2022\\\/01\\\/20\\\/variante-omicron-extingue-la-esperanza-de-la-inmunidad-de-rebano\\\/#breadcrumb\",\"itemListElement\":[{\"@type\":\"ListItem\",\"position\":1,\"name\":\"Inicio\",\"item\":\"https:\\\/\\\/fuentesfidedignas.com.mx\\\/\"},{\"@type\":\"ListItem\",\"position\":2,\"name\":\"Variante \u00d3micron extingue la esperanza de la inmunidad de reba\u00f1o\"}]},{\"@type\":\"WebSite\",\"@id\":\"https:\\\/\\\/fuentesfidedignas.com.mx\\\/#website\",\"url\":\"https:\\\/\\\/fuentesfidedignas.com.mx\\\/\",\"name\":\"Fuentes Fidedignas\",\"description\":\"Otro sitio realizado con WordPress\",\"publisher\":{\"@id\":\"https:\\\/\\\/fuentesfidedignas.com.mx\\\/#organization\"},\"potentialAction\":[{\"@type\":\"SearchAction\",\"target\":{\"@type\":\"EntryPoint\",\"urlTemplate\":\"https:\\\/\\\/fuentesfidedignas.com.mx\\\/?s={search_term_string}\"},\"query-input\":{\"@type\":\"PropertyValueSpecification\",\"valueRequired\":true,\"valueName\":\"search_term_string\"}}],\"inLanguage\":\"es\"},{\"@type\":\"Organization\",\"@id\":\"https:\\\/\\\/fuentesfidedignas.com.mx\\\/#organization\",\"name\":\"Fuentes Fidedignas\",\"url\":\"https:\\\/\\\/fuentesfidedignas.com.mx\\\/\",\"logo\":{\"@type\":\"ImageObject\",\"inLanguage\":\"es\",\"@id\":\"https:\\\/\\\/fuentesfidedignas.com.mx\\\/#\\\/schema\\\/logo\\\/image\\\/\",\"url\":\"https:\\\/\\\/fuentesfidedignas.com.mx\\\/wp-content\\\/uploads\\\/2021\\\/04\\\/logo-retina.png\",\"contentUrl\":\"https:\\\/\\\/fuentesfidedignas.com.mx\\\/wp-content\\\/uploads\\\/2021\\\/04\\\/logo-retina.png\",\"width\":280,\"height\":51,\"caption\":\"Fuentes Fidedignas\"},\"image\":{\"@id\":\"https:\\\/\\\/fuentesfidedignas.com.mx\\\/#\\\/schema\\\/logo\\\/image\\\/\"},\"sameAs\":[\"https:\\\/\\\/www.facebook.com\\\/Fuentes-Fidedignas-368234489921644\",\"https:\\\/\\\/x.com\\\/fidedignas\"]},{\"@type\":\"Person\",\"@id\":\"https:\\\/\\\/fuentesfidedignas.com.mx\\\/#\\\/schema\\\/person\\\/5623d53fe2e579d825b1679734abcc44\",\"name\":\"Forbes\",\"image\":{\"@type\":\"ImageObject\",\"inLanguage\":\"es\",\"@id\":\"https:\\\/\\\/secure.gravatar.com\\\/avatar\\\/87ce3dd4e41e60c22a79c758614f01a6bc2469255fc936ec7b15efb9bb5cb66f?s=96&d=mm&r=g\",\"url\":\"https:\\\/\\\/secure.gravatar.com\\\/avatar\\\/87ce3dd4e41e60c22a79c758614f01a6bc2469255fc936ec7b15efb9bb5cb66f?s=96&d=mm&r=g\",\"contentUrl\":\"https:\\\/\\\/secure.gravatar.com\\\/avatar\\\/87ce3dd4e41e60c22a79c758614f01a6bc2469255fc936ec7b15efb9bb5cb66f?s=96&d=mm&r=g\",\"caption\":\"Forbes\"},\"url\":\"https:\\\/\\\/fuentesfidedignas.com.mx\\\/index.php\\\/author\\\/forbes\\\/\"}]}<\/script>\n<!-- \/ Yoast SEO plugin. -->","yoast_head_json":{"title":"Variante \u00d3micron extingue la esperanza de la inmunidad de reba\u00f1o - Fuentes Fidedignas","robots":{"index":"index","follow":"follow","max-snippet":"max-snippet:-1","max-image-preview":"max-image-preview:large","max-video-preview":"max-video-preview:-1"},"canonical":"https:\/\/fuentesfidedignas.com.mx\/index.php\/2022\/01\/20\/variante-omicron-extingue-la-esperanza-de-la-inmunidad-de-rebano\/","og_locale":"es_MX","og_type":"article","og_title":"Variante \u00d3micron extingue la esperanza de la inmunidad de reba\u00f1o - Fuentes Fidedignas","og_description":"La transmisibilidad de \u00d3micron se ve favorecida por el hecho de que esta variante es incluso mejor que sus predecesoras a la hora de infectar a personas vacunadas o con una infecci\u00f3n previa Ciudad de M\u00e9xico.- Es improbable que la variante \u00d3micron, que se propaga mucho m\u00e1s r\u00e1pido que las mutaciones anteriores del coronavirus, ayude [&hellip;]","og_url":"https:\/\/fuentesfidedignas.com.mx\/index.php\/2022\/01\/20\/variante-omicron-extingue-la-esperanza-de-la-inmunidad-de-rebano\/","og_site_name":"Fuentes Fidedignas","article_publisher":"https:\/\/www.facebook.com\/Fuentes-Fidedignas-368234489921644","article_published_time":"2022-01-20T18:12:38+00:00","article_modified_time":"2022-01-20T18:12:39+00:00","og_image":[{"width":1280,"height":720,"url":"https:\/\/fuentesfidedignas.com.mx\/wp-content\/uploads\/2022\/01\/covid-omicron-coronavirus.jpg-.jpg","type":"image\/jpeg"}],"author":"Forbes","twitter_card":"summary_large_image","twitter_creator":"@fidedignas","twitter_site":"@fidedignas","twitter_misc":{"Escrito por":"Forbes","Tiempo de lectura":"4 minutos"},"schema":{"@context":"https:\/\/schema.org","@graph":[{"@type":"Article","@id":"https:\/\/fuentesfidedignas.com.mx\/index.php\/2022\/01\/20\/variante-omicron-extingue-la-esperanza-de-la-inmunidad-de-rebano\/#article","isPartOf":{"@id":"https:\/\/fuentesfidedignas.com.mx\/index.php\/2022\/01\/20\/variante-omicron-extingue-la-esperanza-de-la-inmunidad-de-rebano\/"},"author":{"name":"Forbes","@id":"https:\/\/fuentesfidedignas.com.mx\/#\/schema\/person\/5623d53fe2e579d825b1679734abcc44"},"headline":"Variante \u00d3micron extingue la esperanza de la inmunidad de reba\u00f1o","datePublished":"2022-01-20T18:12:38+00:00","dateModified":"2022-01-20T18:12:39+00:00","mainEntityOfPage":{"@id":"https:\/\/fuentesfidedignas.com.mx\/index.php\/2022\/01\/20\/variante-omicron-extingue-la-esperanza-de-la-inmunidad-de-rebano\/"},"wordCount":957,"commentCount":0,"publisher":{"@id":"https:\/\/fuentesfidedignas.com.mx\/#organization"},"image":{"@id":"https:\/\/fuentesfidedignas.com.mx\/index.php\/2022\/01\/20\/variante-omicron-extingue-la-esperanza-de-la-inmunidad-de-rebano\/#primaryimage"},"thumbnailUrl":"https:\/\/fuentesfidedignas.com.mx\/wp-content\/uploads\/2022\/01\/covid-omicron-coronavirus.jpg-.jpg","keywords":["Coronavirus","Covid-19","SARS-CoV-2","Vacuna anticovid"],"articleSection":["NOTICIAS NACIONALES"],"inLanguage":"es","potentialAction":[{"@type":"CommentAction","name":"Comment","target":["https:\/\/fuentesfidedignas.com.mx\/index.php\/2022\/01\/20\/variante-omicron-extingue-la-esperanza-de-la-inmunidad-de-rebano\/#respond"]}]},{"@type":"WebPage","@id":"https:\/\/fuentesfidedignas.com.mx\/index.php\/2022\/01\/20\/variante-omicron-extingue-la-esperanza-de-la-inmunidad-de-rebano\/","url":"https:\/\/fuentesfidedignas.com.mx\/index.php\/2022\/01\/20\/variante-omicron-extingue-la-esperanza-de-la-inmunidad-de-rebano\/","name":"Variante \u00d3micron extingue la esperanza de la inmunidad de reba\u00f1o - Fuentes Fidedignas","isPartOf":{"@id":"https:\/\/fuentesfidedignas.com.mx\/#website"},"primaryImageOfPage":{"@id":"https:\/\/fuentesfidedignas.com.mx\/index.php\/2022\/01\/20\/variante-omicron-extingue-la-esperanza-de-la-inmunidad-de-rebano\/#primaryimage"},"image":{"@id":"https:\/\/fuentesfidedignas.com.mx\/index.php\/2022\/01\/20\/variante-omicron-extingue-la-esperanza-de-la-inmunidad-de-rebano\/#primaryimage"},"thumbnailUrl":"https:\/\/fuentesfidedignas.com.mx\/wp-content\/uploads\/2022\/01\/covid-omicron-coronavirus.jpg-.jpg","datePublished":"2022-01-20T18:12:38+00:00","dateModified":"2022-01-20T18:12:39+00:00","breadcrumb":{"@id":"https:\/\/fuentesfidedignas.com.mx\/index.php\/2022\/01\/20\/variante-omicron-extingue-la-esperanza-de-la-inmunidad-de-rebano\/#breadcrumb"},"inLanguage":"es","potentialAction":[{"@type":"ReadAction","target":["https:\/\/fuentesfidedignas.com.mx\/index.php\/2022\/01\/20\/variante-omicron-extingue-la-esperanza-de-la-inmunidad-de-rebano\/"]}]},{"@type":"ImageObject","inLanguage":"es","@id":"https:\/\/fuentesfidedignas.com.mx\/index.php\/2022\/01\/20\/variante-omicron-extingue-la-esperanza-de-la-inmunidad-de-rebano\/#primaryimage","url":"https:\/\/fuentesfidedignas.com.mx\/wp-content\/uploads\/2022\/01\/covid-omicron-coronavirus.jpg-.jpg","contentUrl":"https:\/\/fuentesfidedignas.com.mx\/wp-content\/uploads\/2022\/01\/covid-omicron-coronavirus.jpg-.jpg","width":1280,"height":720},{"@type":"BreadcrumbList","@id":"https:\/\/fuentesfidedignas.com.mx\/index.php\/2022\/01\/20\/variante-omicron-extingue-la-esperanza-de-la-inmunidad-de-rebano\/#breadcrumb","itemListElement":[{"@type":"ListItem","position":1,"name":"Inicio","item":"https:\/\/fuentesfidedignas.com.mx\/"},{"@type":"ListItem","position":2,"name":"Variante \u00d3micron extingue la esperanza de la inmunidad de reba\u00f1o"}]},{"@type":"WebSite","@id":"https:\/\/fuentesfidedignas.com.mx\/#website","url":"https:\/\/fuentesfidedignas.com.mx\/","name":"Fuentes Fidedignas","description":"Otro sitio realizado con WordPress","publisher":{"@id":"https:\/\/fuentesfidedignas.com.mx\/#organization"},"potentialAction":[{"@type":"SearchAction","target":{"@type":"EntryPoint","urlTemplate":"https:\/\/fuentesfidedignas.com.mx\/?s={search_term_string}"},"query-input":{"@type":"PropertyValueSpecification","valueRequired":true,"valueName":"search_term_string"}}],"inLanguage":"es"},{"@type":"Organization","@id":"https:\/\/fuentesfidedignas.com.mx\/#organization","name":"Fuentes Fidedignas","url":"https:\/\/fuentesfidedignas.com.mx\/","logo":{"@type":"ImageObject","inLanguage":"es","@id":"https:\/\/fuentesfidedignas.com.mx\/#\/schema\/logo\/image\/","url":"https:\/\/fuentesfidedignas.com.mx\/wp-content\/uploads\/2021\/04\/logo-retina.png","contentUrl":"https:\/\/fuentesfidedignas.com.mx\/wp-content\/uploads\/2021\/04\/logo-retina.png","width":280,"height":51,"caption":"Fuentes Fidedignas"},"image":{"@id":"https:\/\/fuentesfidedignas.com.mx\/#\/schema\/logo\/image\/"},"sameAs":["https:\/\/www.facebook.com\/Fuentes-Fidedignas-368234489921644","https:\/\/x.com\/fidedignas"]},{"@type":"Person","@id":"https:\/\/fuentesfidedignas.com.mx\/#\/schema\/person\/5623d53fe2e579d825b1679734abcc44","name":"Forbes","image":{"@type":"ImageObject","inLanguage":"es","@id":"https:\/\/secure.gravatar.com\/avatar\/87ce3dd4e41e60c22a79c758614f01a6bc2469255fc936ec7b15efb9bb5cb66f?s=96&d=mm&r=g","url":"https:\/\/secure.gravatar.com\/avatar\/87ce3dd4e41e60c22a79c758614f01a6bc2469255fc936ec7b15efb9bb5cb66f?s=96&d=mm&r=g","contentUrl":"https:\/\/secure.gravatar.com\/avatar\/87ce3dd4e41e60c22a79c758614f01a6bc2469255fc936ec7b15efb9bb5cb66f?s=96&d=mm&r=g","caption":"Forbes"},"url":"https:\/\/fuentesfidedignas.com.mx\/index.php\/author\/forbes\/"}]}},"_links":{"self":[{"href":"https:\/\/fuentesfidedignas.com.mx\/index.php\/wp-json\/wp\/v2\/posts\/22260","targetHints":{"allow":["GET"]}}],"collection":[{"href":"https:\/\/fuentesfidedignas.com.mx\/index.php\/wp-json\/wp\/v2\/posts"}],"about":[{"href":"https:\/\/fuentesfidedignas.com.mx\/index.php\/wp-json\/wp\/v2\/types\/post"}],"author":[{"embeddable":true,"href":"https:\/\/fuentesfidedignas.com.mx\/index.php\/wp-json\/wp\/v2\/users\/5"}],"replies":[{"embeddable":true,"href":"https:\/\/fuentesfidedignas.com.mx\/index.php\/wp-json\/wp\/v2\/comments?post=22260"}],"version-history":[{"count":1,"href":"https:\/\/fuentesfidedignas.com.mx\/index.php\/wp-json\/wp\/v2\/posts\/22260\/revisions"}],"predecessor-version":[{"id":22262,"href":"https:\/\/fuentesfidedignas.com.mx\/index.php\/wp-json\/wp\/v2\/posts\/22260\/revisions\/22262"}],"wp:featuredmedia":[{"embeddable":true,"href":"https:\/\/fuentesfidedignas.com.mx\/index.php\/wp-json\/wp\/v2\/media\/22261"}],"wp:attachment":[{"href":"https:\/\/fuentesfidedignas.com.mx\/index.php\/wp-json\/wp\/v2\/media?parent=22260"}],"wp:term":[{"taxonomy":"category","embeddable":true,"href":"https:\/\/fuentesfidedignas.com.mx\/index.php\/wp-json\/wp\/v2\/categories?post=22260"},{"taxonomy":"post_tag","embeddable":true,"href":"https:\/\/fuentesfidedignas.com.mx\/index.php\/wp-json\/wp\/v2\/tags?post=22260"}],"curies":[{"name":"wp","href":"https:\/\/api.w.org\/{rel}","templated":true}]}}