{"id":22130,"date":"2022-01-18T16:28:22","date_gmt":"2022-01-18T23:28:22","guid":{"rendered":"https:\/\/fuentesfidedignas.com.mx\/?p=22130"},"modified":"2022-01-18T16:28:24","modified_gmt":"2022-01-18T23:28:24","slug":"morena-pas-y-pri-deben-concluir-proceso-de-representacion-politica-indigena","status":"publish","type":"post","link":"https:\/\/fuentesfidedignas.com.mx\/index.php\/2022\/01\/18\/morena-pas-y-pri-deben-concluir-proceso-de-representacion-politica-indigena\/","title":{"rendered":"Morena, PAS y PRI; Deben concluir proceso de representaci\u00f3n pol\u00edtica ind\u00edgena"},"content":{"rendered":"\n<p><\/p>\n\n\n\n<p>Culiac\u00e1n, Sin. Diputadas de Morena, PAS y PRI se pronunciaron a favor de legislar para que en la actual Legislatura se haga realidad que las comunidades ind\u00edgenas tengan regidores que les representen en los ayuntamientos, as\u00ed como diputaciones en el Congreso del Estado de Sinaloa.<\/p>\n\n\n\n<p>La diputada Mar\u00eda Victoria S\u00e1nchez Pe\u00f1a, de Morena, asegur\u00f3 que lograr estos cargos traer\u00e1n diversos beneficios: un menor rezago en las comunidades, un mejor entendimiento de sus necesidades, una mayor integraci\u00f3n cultural y una mayor representaci\u00f3n pol\u00edtica.<br>Subray\u00f3 que el art\u00edculo 2 de la Constituci\u00f3n Pol\u00edtica de M\u00e9xico establece ya que las comunidades y pueblos ind\u00edgenas deben tener representantes ante los Cabildos, con el prop\u00f3sito de fortalecer su participaci\u00f3n y representaci\u00f3n pol\u00edtica y de conformidad con sus tradiciones y normas.<\/p>\n\n\n\n<p>Sin embargo, lament\u00f3, que por diversas razones no se ha podido plasmar ello en las leyes locales y por tanto en Sinaloa no es una realidad lo que establece la Constituci\u00f3n.<\/p>\n\n\n\n<p>Record\u00f3 que como integrante de la 63 Legislatura present\u00f3 iniciativa de reformas a las leyes de la materia para que en los municipios donde haya asentamientos ind\u00edgenas, estos tengan un regidor que les represente.<\/p>\n\n\n\n<p>Adem\u00e1s, advirti\u00f3 que la Sala Superior del Poder Judicial de la Federaci\u00f3n ya emiti\u00f3 sentencia en la que advierte que el Poder Legislativo local no ha dictaminado la ley que permita el ejercicio del derecho de representaci\u00f3n ind\u00edgena en los ayuntamientos de Sinaloa como lo ordena la Constituci\u00f3n.<\/p>\n\n\n\n<p>El presidente de la Comisi\u00f3n de Comunidades y Asuntos Ind\u00edgenas, Mart\u00edn Vega \u00c1lvarez, y legislador del PAS, asegur\u00f3 que es el primer diputado ind\u00edgena electo como tal, pues la autoridad electoral mediante acci\u00f3n afirmativa oblig\u00f3 a los partidos a postular a candidatos y candidatas ind\u00edgenas a diputaciones y regidur\u00edas.<\/p>\n\n\n\n<p>\u201cLas acciones afirmativas del instituto electoral rindieron frutos, pero es importante aclarar que ello no es de forma gratuita. Es lamentable que las comunidades ind\u00edgenas tengamos que hacer valer nuestros derechos a golpe de sentencia\u201d.<\/p>\n\n\n\n<p>Por ello consider\u00f3 que es fundamental y urgente legislar en la materia para que la representaci\u00f3n pol\u00edtica de las comunidades y pueblos ind\u00edgenas quede ya establecido en las leyes de la materia.<\/p>\n\n\n\n<p>Incluso precis\u00f3 que el trabajo legislativo a realizar se deber\u00e1 centrar en reformas a diversas leyes, tales como Ley de los Derechos de los Pueblos y Comunidades Ind\u00edgenas, Ley de Consulta de las Comunidades y Ley de Cultura y Derechos Ling\u00fc\u00edsticos, todas del estado de Sinaloa, as\u00ed como actualizar el Cat\u00e1logo de Comunidades Ind\u00edgenas.<\/p>\n\n\n\n<p>La diputada Deysi Judith Ayala Valenzuela, del PRI, se\u00f1al\u00f3 que hist\u00f3ricamente las comunidades y pueblos ind\u00edgenas han sido vulnerables no solo ante hechos de violencia, sino tambi\u00e9n por no tener acceso al disfrute de los derechos m\u00e1s elementales.<\/p>\n\n\n\n<p>Afirm\u00f3 que los logros que se han alcanzado han sido por la lucha que diversos l\u00edderes ind\u00edgenas han realizado y que permitieron que el Instituto Electoral del Estado de Sinaloa estableciera lineamientos para lograr la representaci\u00f3n ind\u00edgena tanto en el Congreso como en ayuntamientos.<\/p>\n\n\n\n<p>Para resaltar la importancia de legislar a favor de estas comunidades y pueblos, expuso que tienen mucha presencia en varios municipios, ante lo cual en los casos de Ahome, Angostura, El Fuerte, Guasave y Sinaloa, los respectivos ayuntamientos tienen oficinas para atenderles.<\/p>\n\n\n\n<p>La diputada Cecilia Covarrubias Gonz\u00e1lez, de Morena, record\u00f3 que la 63 Legislatura ya realiz\u00f3 consultas en pueblos y comunidades ind\u00edgenas para plasmar en la legislaci\u00f3n local su representaci\u00f3n pol\u00edtica.<\/p>\n\n\n\n<p>Sin embargo, explic\u00f3 que por el impacto de la pandemia del Covid-19 no se pudo concluir el proceso legislativo.<\/p>\n\n\n\n<p>Por lo pronto, reconoci\u00f3 tambi\u00e9n que los lineamientos establecidos al respeto por el instituto electoral han permitido avanzar y consider\u00f3 que por ah\u00ed pudiera seguir la discusi\u00f3n del tema hasta lograr que por derecho constitucional se establezca su inclusi\u00f3n en los cabildos.<\/p>\n","protected":false},"excerpt":{"rendered":"<p>Culiac\u00e1n, Sin. Diputadas de Morena, PAS y PRI se pronunciaron a favor de legislar para que en la actual Legislatura se haga realidad que las comunidades ind\u00edgenas tengan regidores que les representen en los ayuntamientos, as\u00ed como diputaciones en el Congreso del Estado de Sinaloa. La diputada Mar\u00eda Victoria S\u00e1nchez Pe\u00f1a, de Morena, asegur\u00f3 que [&hellip;]<\/p>\n","protected":false},"author":4,"featured_media":22131,"comment_status":"open","ping_status":"open","sticky":false,"template":"","format":"standard","meta":{"tdm_status":"","tdm_grid_status":"","footnotes":""},"categories":[38],"tags":[708],"class_list":{"0":"post-22130","1":"post","2":"type-post","3":"status-publish","4":"format-standard","5":"has-post-thumbnail","7":"category-noticias-locales","8":"tag-congreso-del-estado-de-sinaloa"},"yoast_head":"<!-- This site is optimized with the Yoast SEO plugin v27.5 - https:\/\/yoast.com\/product\/yoast-seo-wordpress\/ -->\n<title>Morena, PAS y PRI; Deben concluir proceso de representaci\u00f3n pol\u00edtica ind\u00edgena - Fuentes Fidedignas<\/title>\n<meta name=\"robots\" content=\"index, follow, max-snippet:-1, max-image-preview:large, max-video-preview:-1\" \/>\n<link rel=\"canonical\" href=\"https:\/\/fuentesfidedignas.com.mx\/index.php\/2022\/01\/18\/morena-pas-y-pri-deben-concluir-proceso-de-representacion-politica-indigena\/\" \/>\n<meta property=\"og:locale\" content=\"es_MX\" \/>\n<meta property=\"og:type\" content=\"article\" \/>\n<meta property=\"og:title\" content=\"Morena, PAS y PRI; Deben concluir proceso de representaci\u00f3n pol\u00edtica ind\u00edgena - Fuentes Fidedignas\" \/>\n<meta property=\"og:description\" content=\"Culiac\u00e1n, Sin. Diputadas de Morena, PAS y PRI se pronunciaron a favor de legislar para que en la actual Legislatura se haga realidad que las comunidades ind\u00edgenas tengan regidores que les representen en los ayuntamientos, as\u00ed como diputaciones en el Congreso del Estado de Sinaloa. La diputada Mar\u00eda Victoria S\u00e1nchez Pe\u00f1a, de Morena, asegur\u00f3 que [&hellip;]\" \/>\n<meta property=\"og:url\" content=\"https:\/\/fuentesfidedignas.com.mx\/index.php\/2022\/01\/18\/morena-pas-y-pri-deben-concluir-proceso-de-representacion-politica-indigena\/\" \/>\n<meta property=\"og:site_name\" content=\"Fuentes Fidedignas\" \/>\n<meta property=\"article:publisher\" content=\"https:\/\/www.facebook.com\/Fuentes-Fidedignas-368234489921644\" \/>\n<meta property=\"article:published_time\" content=\"2022-01-18T23:28:22+00:00\" \/>\n<meta property=\"article:modified_time\" content=\"2022-01-18T23:28:24+00:00\" \/>\n<meta property=\"og:image\" content=\"https:\/\/fuentesfidedignas.com.mx\/wp-content\/uploads\/2022\/01\/IMG-20220118-WA0034.jpg\" \/>\n\t<meta property=\"og:image:width\" content=\"1600\" \/>\n\t<meta property=\"og:image:height\" content=\"1069\" \/>\n\t<meta property=\"og:image:type\" content=\"image\/jpeg\" \/>\n<meta name=\"author\" content=\"Redacci\u00f3n\" \/>\n<meta name=\"twitter:card\" content=\"summary_large_image\" \/>\n<meta name=\"twitter:creator\" content=\"@fidedignas\" \/>\n<meta name=\"twitter:site\" content=\"@fidedignas\" \/>\n<meta name=\"twitter:label1\" content=\"Escrito por\" \/>\n\t<meta name=\"twitter:data1\" content=\"Redacci\u00f3n\" \/>\n\t<meta name=\"twitter:label2\" content=\"Tiempo de lectura\" \/>\n\t<meta name=\"twitter:data2\" content=\"3 minutos\" \/>\n<script type=\"application\/ld+json\" class=\"yoast-schema-graph\">{\"@context\":\"https:\\\/\\\/schema.org\",\"@graph\":[{\"@type\":\"Article\",\"@id\":\"https:\\\/\\\/fuentesfidedignas.com.mx\\\/index.php\\\/2022\\\/01\\\/18\\\/morena-pas-y-pri-deben-concluir-proceso-de-representacion-politica-indigena\\\/#article\",\"isPartOf\":{\"@id\":\"https:\\\/\\\/fuentesfidedignas.com.mx\\\/index.php\\\/2022\\\/01\\\/18\\\/morena-pas-y-pri-deben-concluir-proceso-de-representacion-politica-indigena\\\/\"},\"author\":{\"name\":\"Redacci\u00f3n\",\"@id\":\"https:\\\/\\\/fuentesfidedignas.com.mx\\\/#\\\/schema\\\/person\\\/331be9283d37198e2acd5750279085b0\"},\"headline\":\"Morena, PAS y PRI; Deben concluir proceso de representaci\u00f3n pol\u00edtica ind\u00edgena\",\"datePublished\":\"2022-01-18T23:28:22+00:00\",\"dateModified\":\"2022-01-18T23:28:24+00:00\",\"mainEntityOfPage\":{\"@id\":\"https:\\\/\\\/fuentesfidedignas.com.mx\\\/index.php\\\/2022\\\/01\\\/18\\\/morena-pas-y-pri-deben-concluir-proceso-de-representacion-politica-indigena\\\/\"},\"wordCount\":690,\"commentCount\":0,\"publisher\":{\"@id\":\"https:\\\/\\\/fuentesfidedignas.com.mx\\\/#organization\"},\"image\":{\"@id\":\"https:\\\/\\\/fuentesfidedignas.com.mx\\\/index.php\\\/2022\\\/01\\\/18\\\/morena-pas-y-pri-deben-concluir-proceso-de-representacion-politica-indigena\\\/#primaryimage\"},\"thumbnailUrl\":\"https:\\\/\\\/fuentesfidedignas.com.mx\\\/wp-content\\\/uploads\\\/2022\\\/01\\\/IMG-20220118-WA0034.jpg\",\"keywords\":[\"Congreso del Estado de Sinaloa\"],\"articleSection\":[\"NOTICIAS LOCALES\"],\"inLanguage\":\"es\",\"potentialAction\":[{\"@type\":\"CommentAction\",\"name\":\"Comment\",\"target\":[\"https:\\\/\\\/fuentesfidedignas.com.mx\\\/index.php\\\/2022\\\/01\\\/18\\\/morena-pas-y-pri-deben-concluir-proceso-de-representacion-politica-indigena\\\/#respond\"]}]},{\"@type\":\"WebPage\",\"@id\":\"https:\\\/\\\/fuentesfidedignas.com.mx\\\/index.php\\\/2022\\\/01\\\/18\\\/morena-pas-y-pri-deben-concluir-proceso-de-representacion-politica-indigena\\\/\",\"url\":\"https:\\\/\\\/fuentesfidedignas.com.mx\\\/index.php\\\/2022\\\/01\\\/18\\\/morena-pas-y-pri-deben-concluir-proceso-de-representacion-politica-indigena\\\/\",\"name\":\"Morena, PAS y PRI; Deben concluir proceso de representaci\u00f3n pol\u00edtica ind\u00edgena - Fuentes Fidedignas\",\"isPartOf\":{\"@id\":\"https:\\\/\\\/fuentesfidedignas.com.mx\\\/#website\"},\"primaryImageOfPage\":{\"@id\":\"https:\\\/\\\/fuentesfidedignas.com.mx\\\/index.php\\\/2022\\\/01\\\/18\\\/morena-pas-y-pri-deben-concluir-proceso-de-representacion-politica-indigena\\\/#primaryimage\"},\"image\":{\"@id\":\"https:\\\/\\\/fuentesfidedignas.com.mx\\\/index.php\\\/2022\\\/01\\\/18\\\/morena-pas-y-pri-deben-concluir-proceso-de-representacion-politica-indigena\\\/#primaryimage\"},\"thumbnailUrl\":\"https:\\\/\\\/fuentesfidedignas.com.mx\\\/wp-content\\\/uploads\\\/2022\\\/01\\\/IMG-20220118-WA0034.jpg\",\"datePublished\":\"2022-01-18T23:28:22+00:00\",\"dateModified\":\"2022-01-18T23:28:24+00:00\",\"breadcrumb\":{\"@id\":\"https:\\\/\\\/fuentesfidedignas.com.mx\\\/index.php\\\/2022\\\/01\\\/18\\\/morena-pas-y-pri-deben-concluir-proceso-de-representacion-politica-indigena\\\/#breadcrumb\"},\"inLanguage\":\"es\",\"potentialAction\":[{\"@type\":\"ReadAction\",\"target\":[\"https:\\\/\\\/fuentesfidedignas.com.mx\\\/index.php\\\/2022\\\/01\\\/18\\\/morena-pas-y-pri-deben-concluir-proceso-de-representacion-politica-indigena\\\/\"]}]},{\"@type\":\"ImageObject\",\"inLanguage\":\"es\",\"@id\":\"https:\\\/\\\/fuentesfidedignas.com.mx\\\/index.php\\\/2022\\\/01\\\/18\\\/morena-pas-y-pri-deben-concluir-proceso-de-representacion-politica-indigena\\\/#primaryimage\",\"url\":\"https:\\\/\\\/fuentesfidedignas.com.mx\\\/wp-content\\\/uploads\\\/2022\\\/01\\\/IMG-20220118-WA0034.jpg\",\"contentUrl\":\"https:\\\/\\\/fuentesfidedignas.com.mx\\\/wp-content\\\/uploads\\\/2022\\\/01\\\/IMG-20220118-WA0034.jpg\",\"width\":1600,\"height\":1069},{\"@type\":\"BreadcrumbList\",\"@id\":\"https:\\\/\\\/fuentesfidedignas.com.mx\\\/index.php\\\/2022\\\/01\\\/18\\\/morena-pas-y-pri-deben-concluir-proceso-de-representacion-politica-indigena\\\/#breadcrumb\",\"itemListElement\":[{\"@type\":\"ListItem\",\"position\":1,\"name\":\"Inicio\",\"item\":\"https:\\\/\\\/fuentesfidedignas.com.mx\\\/\"},{\"@type\":\"ListItem\",\"position\":2,\"name\":\"Morena, PAS y PRI; Deben concluir proceso de representaci\u00f3n pol\u00edtica ind\u00edgena\"}]},{\"@type\":\"WebSite\",\"@id\":\"https:\\\/\\\/fuentesfidedignas.com.mx\\\/#website\",\"url\":\"https:\\\/\\\/fuentesfidedignas.com.mx\\\/\",\"name\":\"Fuentes Fidedignas\",\"description\":\"Otro sitio realizado con WordPress\",\"publisher\":{\"@id\":\"https:\\\/\\\/fuentesfidedignas.com.mx\\\/#organization\"},\"potentialAction\":[{\"@type\":\"SearchAction\",\"target\":{\"@type\":\"EntryPoint\",\"urlTemplate\":\"https:\\\/\\\/fuentesfidedignas.com.mx\\\/?s={search_term_string}\"},\"query-input\":{\"@type\":\"PropertyValueSpecification\",\"valueRequired\":true,\"valueName\":\"search_term_string\"}}],\"inLanguage\":\"es\"},{\"@type\":\"Organization\",\"@id\":\"https:\\\/\\\/fuentesfidedignas.com.mx\\\/#organization\",\"name\":\"Fuentes Fidedignas\",\"url\":\"https:\\\/\\\/fuentesfidedignas.com.mx\\\/\",\"logo\":{\"@type\":\"ImageObject\",\"inLanguage\":\"es\",\"@id\":\"https:\\\/\\\/fuentesfidedignas.com.mx\\\/#\\\/schema\\\/logo\\\/image\\\/\",\"url\":\"https:\\\/\\\/fuentesfidedignas.com.mx\\\/wp-content\\\/uploads\\\/2021\\\/04\\\/logo-retina.png\",\"contentUrl\":\"https:\\\/\\\/fuentesfidedignas.com.mx\\\/wp-content\\\/uploads\\\/2021\\\/04\\\/logo-retina.png\",\"width\":280,\"height\":51,\"caption\":\"Fuentes Fidedignas\"},\"image\":{\"@id\":\"https:\\\/\\\/fuentesfidedignas.com.mx\\\/#\\\/schema\\\/logo\\\/image\\\/\"},\"sameAs\":[\"https:\\\/\\\/www.facebook.com\\\/Fuentes-Fidedignas-368234489921644\",\"https:\\\/\\\/x.com\\\/fidedignas\"]},{\"@type\":\"Person\",\"@id\":\"https:\\\/\\\/fuentesfidedignas.com.mx\\\/#\\\/schema\\\/person\\\/331be9283d37198e2acd5750279085b0\",\"name\":\"Redacci\u00f3n\",\"image\":{\"@type\":\"ImageObject\",\"inLanguage\":\"es\",\"@id\":\"https:\\\/\\\/secure.gravatar.com\\\/avatar\\\/f6d8782c11d12b2d4ad3fbb6931aeab5309937a4d6cd2fc9cfaa28a6396a5aec?s=96&d=mm&r=g\",\"url\":\"https:\\\/\\\/secure.gravatar.com\\\/avatar\\\/f6d8782c11d12b2d4ad3fbb6931aeab5309937a4d6cd2fc9cfaa28a6396a5aec?s=96&d=mm&r=g\",\"contentUrl\":\"https:\\\/\\\/secure.gravatar.com\\\/avatar\\\/f6d8782c11d12b2d4ad3fbb6931aeab5309937a4d6cd2fc9cfaa28a6396a5aec?s=96&d=mm&r=g\",\"caption\":\"Redacci\u00f3n\"},\"url\":\"https:\\\/\\\/fuentesfidedignas.com.mx\\\/index.php\\\/author\\\/redaccion\\\/\"}]}<\/script>\n<!-- \/ Yoast SEO plugin. -->","yoast_head_json":{"title":"Morena, PAS y PRI; Deben concluir proceso de representaci\u00f3n pol\u00edtica ind\u00edgena - Fuentes Fidedignas","robots":{"index":"index","follow":"follow","max-snippet":"max-snippet:-1","max-image-preview":"max-image-preview:large","max-video-preview":"max-video-preview:-1"},"canonical":"https:\/\/fuentesfidedignas.com.mx\/index.php\/2022\/01\/18\/morena-pas-y-pri-deben-concluir-proceso-de-representacion-politica-indigena\/","og_locale":"es_MX","og_type":"article","og_title":"Morena, PAS y PRI; Deben concluir proceso de representaci\u00f3n pol\u00edtica ind\u00edgena - Fuentes Fidedignas","og_description":"Culiac\u00e1n, Sin. Diputadas de Morena, PAS y PRI se pronunciaron a favor de legislar para que en la actual Legislatura se haga realidad que las comunidades ind\u00edgenas tengan regidores que les representen en los ayuntamientos, as\u00ed como diputaciones en el Congreso del Estado de Sinaloa. La diputada Mar\u00eda Victoria S\u00e1nchez Pe\u00f1a, de Morena, asegur\u00f3 que [&hellip;]","og_url":"https:\/\/fuentesfidedignas.com.mx\/index.php\/2022\/01\/18\/morena-pas-y-pri-deben-concluir-proceso-de-representacion-politica-indigena\/","og_site_name":"Fuentes Fidedignas","article_publisher":"https:\/\/www.facebook.com\/Fuentes-Fidedignas-368234489921644","article_published_time":"2022-01-18T23:28:22+00:00","article_modified_time":"2022-01-18T23:28:24+00:00","og_image":[{"width":1600,"height":1069,"url":"https:\/\/fuentesfidedignas.com.mx\/wp-content\/uploads\/2022\/01\/IMG-20220118-WA0034.jpg","type":"image\/jpeg"}],"author":"Redacci\u00f3n","twitter_card":"summary_large_image","twitter_creator":"@fidedignas","twitter_site":"@fidedignas","twitter_misc":{"Escrito por":"Redacci\u00f3n","Tiempo de lectura":"3 minutos"},"schema":{"@context":"https:\/\/schema.org","@graph":[{"@type":"Article","@id":"https:\/\/fuentesfidedignas.com.mx\/index.php\/2022\/01\/18\/morena-pas-y-pri-deben-concluir-proceso-de-representacion-politica-indigena\/#article","isPartOf":{"@id":"https:\/\/fuentesfidedignas.com.mx\/index.php\/2022\/01\/18\/morena-pas-y-pri-deben-concluir-proceso-de-representacion-politica-indigena\/"},"author":{"name":"Redacci\u00f3n","@id":"https:\/\/fuentesfidedignas.com.mx\/#\/schema\/person\/331be9283d37198e2acd5750279085b0"},"headline":"Morena, PAS y PRI; Deben concluir proceso de representaci\u00f3n pol\u00edtica ind\u00edgena","datePublished":"2022-01-18T23:28:22+00:00","dateModified":"2022-01-18T23:28:24+00:00","mainEntityOfPage":{"@id":"https:\/\/fuentesfidedignas.com.mx\/index.php\/2022\/01\/18\/morena-pas-y-pri-deben-concluir-proceso-de-representacion-politica-indigena\/"},"wordCount":690,"commentCount":0,"publisher":{"@id":"https:\/\/fuentesfidedignas.com.mx\/#organization"},"image":{"@id":"https:\/\/fuentesfidedignas.com.mx\/index.php\/2022\/01\/18\/morena-pas-y-pri-deben-concluir-proceso-de-representacion-politica-indigena\/#primaryimage"},"thumbnailUrl":"https:\/\/fuentesfidedignas.com.mx\/wp-content\/uploads\/2022\/01\/IMG-20220118-WA0034.jpg","keywords":["Congreso del Estado de Sinaloa"],"articleSection":["NOTICIAS LOCALES"],"inLanguage":"es","potentialAction":[{"@type":"CommentAction","name":"Comment","target":["https:\/\/fuentesfidedignas.com.mx\/index.php\/2022\/01\/18\/morena-pas-y-pri-deben-concluir-proceso-de-representacion-politica-indigena\/#respond"]}]},{"@type":"WebPage","@id":"https:\/\/fuentesfidedignas.com.mx\/index.php\/2022\/01\/18\/morena-pas-y-pri-deben-concluir-proceso-de-representacion-politica-indigena\/","url":"https:\/\/fuentesfidedignas.com.mx\/index.php\/2022\/01\/18\/morena-pas-y-pri-deben-concluir-proceso-de-representacion-politica-indigena\/","name":"Morena, PAS y PRI; Deben concluir proceso de representaci\u00f3n pol\u00edtica ind\u00edgena - Fuentes Fidedignas","isPartOf":{"@id":"https:\/\/fuentesfidedignas.com.mx\/#website"},"primaryImageOfPage":{"@id":"https:\/\/fuentesfidedignas.com.mx\/index.php\/2022\/01\/18\/morena-pas-y-pri-deben-concluir-proceso-de-representacion-politica-indigena\/#primaryimage"},"image":{"@id":"https:\/\/fuentesfidedignas.com.mx\/index.php\/2022\/01\/18\/morena-pas-y-pri-deben-concluir-proceso-de-representacion-politica-indigena\/#primaryimage"},"thumbnailUrl":"https:\/\/fuentesfidedignas.com.mx\/wp-content\/uploads\/2022\/01\/IMG-20220118-WA0034.jpg","datePublished":"2022-01-18T23:28:22+00:00","dateModified":"2022-01-18T23:28:24+00:00","breadcrumb":{"@id":"https:\/\/fuentesfidedignas.com.mx\/index.php\/2022\/01\/18\/morena-pas-y-pri-deben-concluir-proceso-de-representacion-politica-indigena\/#breadcrumb"},"inLanguage":"es","potentialAction":[{"@type":"ReadAction","target":["https:\/\/fuentesfidedignas.com.mx\/index.php\/2022\/01\/18\/morena-pas-y-pri-deben-concluir-proceso-de-representacion-politica-indigena\/"]}]},{"@type":"ImageObject","inLanguage":"es","@id":"https:\/\/fuentesfidedignas.com.mx\/index.php\/2022\/01\/18\/morena-pas-y-pri-deben-concluir-proceso-de-representacion-politica-indigena\/#primaryimage","url":"https:\/\/fuentesfidedignas.com.mx\/wp-content\/uploads\/2022\/01\/IMG-20220118-WA0034.jpg","contentUrl":"https:\/\/fuentesfidedignas.com.mx\/wp-content\/uploads\/2022\/01\/IMG-20220118-WA0034.jpg","width":1600,"height":1069},{"@type":"BreadcrumbList","@id":"https:\/\/fuentesfidedignas.com.mx\/index.php\/2022\/01\/18\/morena-pas-y-pri-deben-concluir-proceso-de-representacion-politica-indigena\/#breadcrumb","itemListElement":[{"@type":"ListItem","position":1,"name":"Inicio","item":"https:\/\/fuentesfidedignas.com.mx\/"},{"@type":"ListItem","position":2,"name":"Morena, PAS y PRI; Deben concluir proceso de representaci\u00f3n pol\u00edtica ind\u00edgena"}]},{"@type":"WebSite","@id":"https:\/\/fuentesfidedignas.com.mx\/#website","url":"https:\/\/fuentesfidedignas.com.mx\/","name":"Fuentes Fidedignas","description":"Otro sitio realizado con WordPress","publisher":{"@id":"https:\/\/fuentesfidedignas.com.mx\/#organization"},"potentialAction":[{"@type":"SearchAction","target":{"@type":"EntryPoint","urlTemplate":"https:\/\/fuentesfidedignas.com.mx\/?s={search_term_string}"},"query-input":{"@type":"PropertyValueSpecification","valueRequired":true,"valueName":"search_term_string"}}],"inLanguage":"es"},{"@type":"Organization","@id":"https:\/\/fuentesfidedignas.com.mx\/#organization","name":"Fuentes Fidedignas","url":"https:\/\/fuentesfidedignas.com.mx\/","logo":{"@type":"ImageObject","inLanguage":"es","@id":"https:\/\/fuentesfidedignas.com.mx\/#\/schema\/logo\/image\/","url":"https:\/\/fuentesfidedignas.com.mx\/wp-content\/uploads\/2021\/04\/logo-retina.png","contentUrl":"https:\/\/fuentesfidedignas.com.mx\/wp-content\/uploads\/2021\/04\/logo-retina.png","width":280,"height":51,"caption":"Fuentes Fidedignas"},"image":{"@id":"https:\/\/fuentesfidedignas.com.mx\/#\/schema\/logo\/image\/"},"sameAs":["https:\/\/www.facebook.com\/Fuentes-Fidedignas-368234489921644","https:\/\/x.com\/fidedignas"]},{"@type":"Person","@id":"https:\/\/fuentesfidedignas.com.mx\/#\/schema\/person\/331be9283d37198e2acd5750279085b0","name":"Redacci\u00f3n","image":{"@type":"ImageObject","inLanguage":"es","@id":"https:\/\/secure.gravatar.com\/avatar\/f6d8782c11d12b2d4ad3fbb6931aeab5309937a4d6cd2fc9cfaa28a6396a5aec?s=96&d=mm&r=g","url":"https:\/\/secure.gravatar.com\/avatar\/f6d8782c11d12b2d4ad3fbb6931aeab5309937a4d6cd2fc9cfaa28a6396a5aec?s=96&d=mm&r=g","contentUrl":"https:\/\/secure.gravatar.com\/avatar\/f6d8782c11d12b2d4ad3fbb6931aeab5309937a4d6cd2fc9cfaa28a6396a5aec?s=96&d=mm&r=g","caption":"Redacci\u00f3n"},"url":"https:\/\/fuentesfidedignas.com.mx\/index.php\/author\/redaccion\/"}]}},"_links":{"self":[{"href":"https:\/\/fuentesfidedignas.com.mx\/index.php\/wp-json\/wp\/v2\/posts\/22130","targetHints":{"allow":["GET"]}}],"collection":[{"href":"https:\/\/fuentesfidedignas.com.mx\/index.php\/wp-json\/wp\/v2\/posts"}],"about":[{"href":"https:\/\/fuentesfidedignas.com.mx\/index.php\/wp-json\/wp\/v2\/types\/post"}],"author":[{"embeddable":true,"href":"https:\/\/fuentesfidedignas.com.mx\/index.php\/wp-json\/wp\/v2\/users\/4"}],"replies":[{"embeddable":true,"href":"https:\/\/fuentesfidedignas.com.mx\/index.php\/wp-json\/wp\/v2\/comments?post=22130"}],"version-history":[{"count":1,"href":"https:\/\/fuentesfidedignas.com.mx\/index.php\/wp-json\/wp\/v2\/posts\/22130\/revisions"}],"predecessor-version":[{"id":22132,"href":"https:\/\/fuentesfidedignas.com.mx\/index.php\/wp-json\/wp\/v2\/posts\/22130\/revisions\/22132"}],"wp:featuredmedia":[{"embeddable":true,"href":"https:\/\/fuentesfidedignas.com.mx\/index.php\/wp-json\/wp\/v2\/media\/22131"}],"wp:attachment":[{"href":"https:\/\/fuentesfidedignas.com.mx\/index.php\/wp-json\/wp\/v2\/media?parent=22130"}],"wp:term":[{"taxonomy":"category","embeddable":true,"href":"https:\/\/fuentesfidedignas.com.mx\/index.php\/wp-json\/wp\/v2\/categories?post=22130"},{"taxonomy":"post_tag","embeddable":true,"href":"https:\/\/fuentesfidedignas.com.mx\/index.php\/wp-json\/wp\/v2\/tags?post=22130"}],"curies":[{"name":"wp","href":"https:\/\/api.w.org\/{rel}","templated":true}]}}