{"id":21938,"date":"2022-01-16T10:58:07","date_gmt":"2022-01-16T17:58:07","guid":{"rendered":"https:\/\/fuentesfidedignas.com.mx\/?p=21938"},"modified":"2022-01-16T10:58:58","modified_gmt":"2022-01-16T17:58:58","slug":"pide-ebrad-que-patrimonio-cultural-de-banamex-debe-ser-propiedad-nacional","status":"publish","type":"post","link":"https:\/\/fuentesfidedignas.com.mx\/index.php\/2022\/01\/16\/pide-ebrad-que-patrimonio-cultural-de-banamex-debe-ser-propiedad-nacional\/","title":{"rendered":"Pide Ebrad que patrimonio cultural de Banamex debe ser \u201cpropiedad nacional\u201d"},"content":{"rendered":"\n<p><strong><em>En medio del proceso de venta de la empresa el canciller dijo que estar\u00e1 al tanto de la integraci\u00f3n y destino de la informaci\u00f3n del banco<\/em><\/strong><\/p>\n\n\n\n<p>Ciudad de M\u00e9xico. &#8211; El canciller Marcelo Ebrard Casaubon consider\u00f3 que el patrimonio cultural de Banamex \u201cdeber\u00eda pasar a propiedad nacional\u201d con el fin de conservar su acervo.<\/p>\n\n\n\n<p>En un mensaje a trav\u00e9s de Twitter, el secretario de relaciones Exteriores dijo que con el cambio de propietarios de Citi-Banamex, se mantendr\u00e1 al tanto del destino de la Fundaci\u00f3n Cultural del banco.<\/p>\n\n\n\n<p>Se\u00f1al\u00f3 que se mantendr\u00e1 al tanto de \u201cla integridad y destino de la Fundaci\u00f3n Cultural Banamex y el importante patrimonio cultural que la integra\u201d.<\/p>\n\n\n\n<figure class=\"wp-block-embed is-type-rich is-provider-twitter wp-block-embed-twitter\"><div class=\"wp-block-embed__wrapper\">\n<blockquote class=\"twitter-tweet\" data-width=\"550\" data-dnt=\"true\"><p lang=\"es\" dir=\"ltr\">Con el anuncio del pr\u00f3ximo cambio de propietarios de Citi- Banamex estar\u00e9 atento, a la integridad y destino de la Fundaci\u00f3n Cultural Banamex y el importante patrimonio cultural que la integra. En mi opini\u00f3n deber\u00eda pasar a propiedad nacional para su preservaci\u00f3n.<\/p>&mdash; Marcelo Ebrard C. (@m_ebrard) <a href=\"https:\/\/twitter.com\/m_ebrard\/status\/1482734717149536264?ref_src=twsrc%5Etfw\">January 16, 2022<\/a><\/blockquote><script async src=\"https:\/\/platform.twitter.com\/widgets.js\" charset=\"utf-8\"><\/script>\n<\/div><\/figure>\n\n\n\n<p>El pasado 11 de enero, el director corporativo de desarrollo institucional, estudios econ\u00f3micos y comunicaci\u00f3n de Citibanamex, Alberto G\u00f3mez Alcal\u00e1 detall\u00f3 que la venta de Banamex incluye la marca, Afore, acervo cultural y el cr\u00e9dito en M\u00e9xico.<\/p>\n\n\n\n<p>Fomento Cultural Banamex (o Citibanamex como se llama desde 2001) posee inmuebles hist\u00f3ricos en varias ciudades del pa\u00eds \u2013el Palacio de Iturbide, el Foro Valpara\u00edso, en el Centro Hist\u00f3rico de la Ciudad de M\u00e9xico; las casas de Cultura del Mayorazgo de La Canal, en San Miguel de Allende; el palacio del Conde del Valle de S\u00fachil, en Durango; el Museo Casa Montejo, en Yucat\u00e1n.<\/p>\n\n\n\n<p>Adem\u00e1s, Citibanamex guarda una de las colecciones de arte mexicano m\u00e1s notables e importantes \u2013con obras de artistas como Diego Rivera, Mar\u00eda Izquierdo, Jos\u00e9 Mar\u00eda Velasco; algunos de estos artistas tienen declaratoria de Monumento Art\u00edstico.<\/p>\n\n\n\n<p>El reci\u00e9n inaugurado Foro Valpara\u00edso, en el Centro Hist\u00f3rico, exhibe parte de esa colecci\u00f3n, una exposici\u00f3n permanente conformada por 117 pinturas de artistas como David Alfaro Siqueiros, Diego Rivera, Remedios Varo, Jos\u00e9 Mar\u00eda Velasco, Leonora Carrington, Julio Ruelas, Frida Kahlo y Jos\u00e9 Clemente Orozco, entre otros.<\/p>\n","protected":false},"excerpt":{"rendered":"<p>En medio del proceso de venta de la empresa el canciller dijo que estar\u00e1 al tanto de la integraci\u00f3n y destino de la informaci\u00f3n del banco Ciudad de M\u00e9xico. &#8211; El canciller Marcelo Ebrard Casaubon consider\u00f3 que el patrimonio cultural de Banamex \u201cdeber\u00eda pasar a propiedad nacional\u201d con el fin de conservar su acervo. En [&hellip;]<\/p>\n","protected":false},"author":39,"featured_media":21939,"comment_status":"open","ping_status":"open","sticky":false,"template":"","format":"standard","meta":{"tdm_status":"","tdm_grid_status":"","footnotes":""},"categories":[39],"tags":[],"class_list":{"0":"post-21938","1":"post","2":"type-post","3":"status-publish","4":"format-standard","5":"has-post-thumbnail","7":"category-noticias-nacionales"},"yoast_head":"<!-- This site is optimized with the Yoast SEO plugin v27.5 - https:\/\/yoast.com\/product\/yoast-seo-wordpress\/ -->\n<title>Pide Ebrad que patrimonio cultural de Banamex debe ser \u201cpropiedad nacional\u201d - Fuentes Fidedignas<\/title>\n<meta name=\"robots\" content=\"index, follow, max-snippet:-1, max-image-preview:large, max-video-preview:-1\" \/>\n<link rel=\"canonical\" href=\"https:\/\/fuentesfidedignas.com.mx\/index.php\/2022\/01\/16\/pide-ebrad-que-patrimonio-cultural-de-banamex-debe-ser-propiedad-nacional\/\" \/>\n<meta property=\"og:locale\" content=\"es_MX\" \/>\n<meta property=\"og:type\" content=\"article\" \/>\n<meta property=\"og:title\" content=\"Pide Ebrad que patrimonio cultural de Banamex debe ser \u201cpropiedad nacional\u201d - Fuentes Fidedignas\" \/>\n<meta property=\"og:description\" content=\"En medio del proceso de venta de la empresa el canciller dijo que estar\u00e1 al tanto de la integraci\u00f3n y destino de la informaci\u00f3n del banco Ciudad de M\u00e9xico. &#8211; El canciller Marcelo Ebrard Casaubon consider\u00f3 que el patrimonio cultural de Banamex \u201cdeber\u00eda pasar a propiedad nacional\u201d con el fin de conservar su acervo. En [&hellip;]\" \/>\n<meta property=\"og:url\" content=\"https:\/\/fuentesfidedignas.com.mx\/index.php\/2022\/01\/16\/pide-ebrad-que-patrimonio-cultural-de-banamex-debe-ser-propiedad-nacional\/\" \/>\n<meta property=\"og:site_name\" content=\"Fuentes Fidedignas\" \/>\n<meta property=\"article:publisher\" content=\"https:\/\/www.facebook.com\/Fuentes-Fidedignas-368234489921644\" \/>\n<meta property=\"article:published_time\" content=\"2022-01-16T17:58:07+00:00\" \/>\n<meta property=\"article:modified_time\" content=\"2022-01-16T17:58:58+00:00\" \/>\n<meta property=\"og:image\" content=\"https:\/\/fuentesfidedignas.com.mx\/wp-content\/uploads\/2022\/01\/EBRAD.jpg\" \/>\n\t<meta property=\"og:image:width\" content=\"800\" \/>\n\t<meta property=\"og:image:height\" content=\"600\" \/>\n\t<meta property=\"og:image:type\" content=\"image\/jpeg\" \/>\n<meta name=\"author\" content=\"El Universal\" \/>\n<meta name=\"twitter:card\" content=\"summary_large_image\" \/>\n<meta name=\"twitter:creator\" content=\"@fidedignas\" \/>\n<meta name=\"twitter:site\" content=\"@fidedignas\" \/>\n<meta name=\"twitter:label1\" content=\"Escrito por\" \/>\n\t<meta name=\"twitter:data1\" content=\"El Universal\" \/>\n\t<meta name=\"twitter:label2\" content=\"Tiempo de lectura\" \/>\n\t<meta name=\"twitter:data2\" content=\"2 minutos\" \/>\n<script type=\"application\/ld+json\" class=\"yoast-schema-graph\">{\"@context\":\"https:\\\/\\\/schema.org\",\"@graph\":[{\"@type\":\"Article\",\"@id\":\"https:\\\/\\\/fuentesfidedignas.com.mx\\\/index.php\\\/2022\\\/01\\\/16\\\/pide-ebrad-que-patrimonio-cultural-de-banamex-debe-ser-propiedad-nacional\\\/#article\",\"isPartOf\":{\"@id\":\"https:\\\/\\\/fuentesfidedignas.com.mx\\\/index.php\\\/2022\\\/01\\\/16\\\/pide-ebrad-que-patrimonio-cultural-de-banamex-debe-ser-propiedad-nacional\\\/\"},\"author\":{\"name\":\"El Universal\",\"@id\":\"https:\\\/\\\/fuentesfidedignas.com.mx\\\/#\\\/schema\\\/person\\\/fee3882e65fd0510d292c43a346d35d7\"},\"headline\":\"Pide Ebrad que patrimonio cultural de Banamex debe ser \u201cpropiedad nacional\u201d\",\"datePublished\":\"2022-01-16T17:58:07+00:00\",\"dateModified\":\"2022-01-16T17:58:58+00:00\",\"mainEntityOfPage\":{\"@id\":\"https:\\\/\\\/fuentesfidedignas.com.mx\\\/index.php\\\/2022\\\/01\\\/16\\\/pide-ebrad-que-patrimonio-cultural-de-banamex-debe-ser-propiedad-nacional\\\/\"},\"wordCount\":361,\"commentCount\":0,\"publisher\":{\"@id\":\"https:\\\/\\\/fuentesfidedignas.com.mx\\\/#organization\"},\"image\":{\"@id\":\"https:\\\/\\\/fuentesfidedignas.com.mx\\\/index.php\\\/2022\\\/01\\\/16\\\/pide-ebrad-que-patrimonio-cultural-de-banamex-debe-ser-propiedad-nacional\\\/#primaryimage\"},\"thumbnailUrl\":\"https:\\\/\\\/fuentesfidedignas.com.mx\\\/wp-content\\\/uploads\\\/2022\\\/01\\\/EBRAD.jpg\",\"articleSection\":[\"NOTICIAS NACIONALES\"],\"inLanguage\":\"es\",\"potentialAction\":[{\"@type\":\"CommentAction\",\"name\":\"Comment\",\"target\":[\"https:\\\/\\\/fuentesfidedignas.com.mx\\\/index.php\\\/2022\\\/01\\\/16\\\/pide-ebrad-que-patrimonio-cultural-de-banamex-debe-ser-propiedad-nacional\\\/#respond\"]}]},{\"@type\":\"WebPage\",\"@id\":\"https:\\\/\\\/fuentesfidedignas.com.mx\\\/index.php\\\/2022\\\/01\\\/16\\\/pide-ebrad-que-patrimonio-cultural-de-banamex-debe-ser-propiedad-nacional\\\/\",\"url\":\"https:\\\/\\\/fuentesfidedignas.com.mx\\\/index.php\\\/2022\\\/01\\\/16\\\/pide-ebrad-que-patrimonio-cultural-de-banamex-debe-ser-propiedad-nacional\\\/\",\"name\":\"Pide Ebrad que patrimonio cultural de Banamex debe ser \u201cpropiedad nacional\u201d - Fuentes Fidedignas\",\"isPartOf\":{\"@id\":\"https:\\\/\\\/fuentesfidedignas.com.mx\\\/#website\"},\"primaryImageOfPage\":{\"@id\":\"https:\\\/\\\/fuentesfidedignas.com.mx\\\/index.php\\\/2022\\\/01\\\/16\\\/pide-ebrad-que-patrimonio-cultural-de-banamex-debe-ser-propiedad-nacional\\\/#primaryimage\"},\"image\":{\"@id\":\"https:\\\/\\\/fuentesfidedignas.com.mx\\\/index.php\\\/2022\\\/01\\\/16\\\/pide-ebrad-que-patrimonio-cultural-de-banamex-debe-ser-propiedad-nacional\\\/#primaryimage\"},\"thumbnailUrl\":\"https:\\\/\\\/fuentesfidedignas.com.mx\\\/wp-content\\\/uploads\\\/2022\\\/01\\\/EBRAD.jpg\",\"datePublished\":\"2022-01-16T17:58:07+00:00\",\"dateModified\":\"2022-01-16T17:58:58+00:00\",\"breadcrumb\":{\"@id\":\"https:\\\/\\\/fuentesfidedignas.com.mx\\\/index.php\\\/2022\\\/01\\\/16\\\/pide-ebrad-que-patrimonio-cultural-de-banamex-debe-ser-propiedad-nacional\\\/#breadcrumb\"},\"inLanguage\":\"es\",\"potentialAction\":[{\"@type\":\"ReadAction\",\"target\":[\"https:\\\/\\\/fuentesfidedignas.com.mx\\\/index.php\\\/2022\\\/01\\\/16\\\/pide-ebrad-que-patrimonio-cultural-de-banamex-debe-ser-propiedad-nacional\\\/\"]}]},{\"@type\":\"ImageObject\",\"inLanguage\":\"es\",\"@id\":\"https:\\\/\\\/fuentesfidedignas.com.mx\\\/index.php\\\/2022\\\/01\\\/16\\\/pide-ebrad-que-patrimonio-cultural-de-banamex-debe-ser-propiedad-nacional\\\/#primaryimage\",\"url\":\"https:\\\/\\\/fuentesfidedignas.com.mx\\\/wp-content\\\/uploads\\\/2022\\\/01\\\/EBRAD.jpg\",\"contentUrl\":\"https:\\\/\\\/fuentesfidedignas.com.mx\\\/wp-content\\\/uploads\\\/2022\\\/01\\\/EBRAD.jpg\",\"width\":800,\"height\":600},{\"@type\":\"BreadcrumbList\",\"@id\":\"https:\\\/\\\/fuentesfidedignas.com.mx\\\/index.php\\\/2022\\\/01\\\/16\\\/pide-ebrad-que-patrimonio-cultural-de-banamex-debe-ser-propiedad-nacional\\\/#breadcrumb\",\"itemListElement\":[{\"@type\":\"ListItem\",\"position\":1,\"name\":\"Inicio\",\"item\":\"https:\\\/\\\/fuentesfidedignas.com.mx\\\/\"},{\"@type\":\"ListItem\",\"position\":2,\"name\":\"Pide Ebrad que patrimonio cultural de Banamex debe ser \u201cpropiedad nacional\u201d\"}]},{\"@type\":\"WebSite\",\"@id\":\"https:\\\/\\\/fuentesfidedignas.com.mx\\\/#website\",\"url\":\"https:\\\/\\\/fuentesfidedignas.com.mx\\\/\",\"name\":\"Fuentes Fidedignas\",\"description\":\"Otro sitio realizado con WordPress\",\"publisher\":{\"@id\":\"https:\\\/\\\/fuentesfidedignas.com.mx\\\/#organization\"},\"potentialAction\":[{\"@type\":\"SearchAction\",\"target\":{\"@type\":\"EntryPoint\",\"urlTemplate\":\"https:\\\/\\\/fuentesfidedignas.com.mx\\\/?s={search_term_string}\"},\"query-input\":{\"@type\":\"PropertyValueSpecification\",\"valueRequired\":true,\"valueName\":\"search_term_string\"}}],\"inLanguage\":\"es\"},{\"@type\":\"Organization\",\"@id\":\"https:\\\/\\\/fuentesfidedignas.com.mx\\\/#organization\",\"name\":\"Fuentes Fidedignas\",\"url\":\"https:\\\/\\\/fuentesfidedignas.com.mx\\\/\",\"logo\":{\"@type\":\"ImageObject\",\"inLanguage\":\"es\",\"@id\":\"https:\\\/\\\/fuentesfidedignas.com.mx\\\/#\\\/schema\\\/logo\\\/image\\\/\",\"url\":\"https:\\\/\\\/fuentesfidedignas.com.mx\\\/wp-content\\\/uploads\\\/2021\\\/04\\\/logo-retina.png\",\"contentUrl\":\"https:\\\/\\\/fuentesfidedignas.com.mx\\\/wp-content\\\/uploads\\\/2021\\\/04\\\/logo-retina.png\",\"width\":280,\"height\":51,\"caption\":\"Fuentes Fidedignas\"},\"image\":{\"@id\":\"https:\\\/\\\/fuentesfidedignas.com.mx\\\/#\\\/schema\\\/logo\\\/image\\\/\"},\"sameAs\":[\"https:\\\/\\\/www.facebook.com\\\/Fuentes-Fidedignas-368234489921644\",\"https:\\\/\\\/x.com\\\/fidedignas\"]},{\"@type\":\"Person\",\"@id\":\"https:\\\/\\\/fuentesfidedignas.com.mx\\\/#\\\/schema\\\/person\\\/fee3882e65fd0510d292c43a346d35d7\",\"name\":\"El Universal\",\"image\":{\"@type\":\"ImageObject\",\"inLanguage\":\"es\",\"@id\":\"https:\\\/\\\/secure.gravatar.com\\\/avatar\\\/1ebc94d82b6c3c081781f73e5b76a0d0c1ac7bf8e57426f18802246eeaa2747c?s=96&d=mm&r=g\",\"url\":\"https:\\\/\\\/secure.gravatar.com\\\/avatar\\\/1ebc94d82b6c3c081781f73e5b76a0d0c1ac7bf8e57426f18802246eeaa2747c?s=96&d=mm&r=g\",\"contentUrl\":\"https:\\\/\\\/secure.gravatar.com\\\/avatar\\\/1ebc94d82b6c3c081781f73e5b76a0d0c1ac7bf8e57426f18802246eeaa2747c?s=96&d=mm&r=g\",\"caption\":\"El Universal\"},\"url\":\"https:\\\/\\\/fuentesfidedignas.com.mx\\\/index.php\\\/author\\\/el-universal\\\/\"}]}<\/script>\n<!-- \/ Yoast SEO plugin. -->","yoast_head_json":{"title":"Pide Ebrad que patrimonio cultural de Banamex debe ser \u201cpropiedad nacional\u201d - Fuentes Fidedignas","robots":{"index":"index","follow":"follow","max-snippet":"max-snippet:-1","max-image-preview":"max-image-preview:large","max-video-preview":"max-video-preview:-1"},"canonical":"https:\/\/fuentesfidedignas.com.mx\/index.php\/2022\/01\/16\/pide-ebrad-que-patrimonio-cultural-de-banamex-debe-ser-propiedad-nacional\/","og_locale":"es_MX","og_type":"article","og_title":"Pide Ebrad que patrimonio cultural de Banamex debe ser \u201cpropiedad nacional\u201d - Fuentes Fidedignas","og_description":"En medio del proceso de venta de la empresa el canciller dijo que estar\u00e1 al tanto de la integraci\u00f3n y destino de la informaci\u00f3n del banco Ciudad de M\u00e9xico. &#8211; El canciller Marcelo Ebrard Casaubon consider\u00f3 que el patrimonio cultural de Banamex \u201cdeber\u00eda pasar a propiedad nacional\u201d con el fin de conservar su acervo. En [&hellip;]","og_url":"https:\/\/fuentesfidedignas.com.mx\/index.php\/2022\/01\/16\/pide-ebrad-que-patrimonio-cultural-de-banamex-debe-ser-propiedad-nacional\/","og_site_name":"Fuentes Fidedignas","article_publisher":"https:\/\/www.facebook.com\/Fuentes-Fidedignas-368234489921644","article_published_time":"2022-01-16T17:58:07+00:00","article_modified_time":"2022-01-16T17:58:58+00:00","og_image":[{"width":800,"height":600,"url":"https:\/\/fuentesfidedignas.com.mx\/wp-content\/uploads\/2022\/01\/EBRAD.jpg","type":"image\/jpeg"}],"author":"El Universal","twitter_card":"summary_large_image","twitter_creator":"@fidedignas","twitter_site":"@fidedignas","twitter_misc":{"Escrito por":"El Universal","Tiempo de lectura":"2 minutos"},"schema":{"@context":"https:\/\/schema.org","@graph":[{"@type":"Article","@id":"https:\/\/fuentesfidedignas.com.mx\/index.php\/2022\/01\/16\/pide-ebrad-que-patrimonio-cultural-de-banamex-debe-ser-propiedad-nacional\/#article","isPartOf":{"@id":"https:\/\/fuentesfidedignas.com.mx\/index.php\/2022\/01\/16\/pide-ebrad-que-patrimonio-cultural-de-banamex-debe-ser-propiedad-nacional\/"},"author":{"name":"El Universal","@id":"https:\/\/fuentesfidedignas.com.mx\/#\/schema\/person\/fee3882e65fd0510d292c43a346d35d7"},"headline":"Pide Ebrad que patrimonio cultural de Banamex debe ser \u201cpropiedad nacional\u201d","datePublished":"2022-01-16T17:58:07+00:00","dateModified":"2022-01-16T17:58:58+00:00","mainEntityOfPage":{"@id":"https:\/\/fuentesfidedignas.com.mx\/index.php\/2022\/01\/16\/pide-ebrad-que-patrimonio-cultural-de-banamex-debe-ser-propiedad-nacional\/"},"wordCount":361,"commentCount":0,"publisher":{"@id":"https:\/\/fuentesfidedignas.com.mx\/#organization"},"image":{"@id":"https:\/\/fuentesfidedignas.com.mx\/index.php\/2022\/01\/16\/pide-ebrad-que-patrimonio-cultural-de-banamex-debe-ser-propiedad-nacional\/#primaryimage"},"thumbnailUrl":"https:\/\/fuentesfidedignas.com.mx\/wp-content\/uploads\/2022\/01\/EBRAD.jpg","articleSection":["NOTICIAS NACIONALES"],"inLanguage":"es","potentialAction":[{"@type":"CommentAction","name":"Comment","target":["https:\/\/fuentesfidedignas.com.mx\/index.php\/2022\/01\/16\/pide-ebrad-que-patrimonio-cultural-de-banamex-debe-ser-propiedad-nacional\/#respond"]}]},{"@type":"WebPage","@id":"https:\/\/fuentesfidedignas.com.mx\/index.php\/2022\/01\/16\/pide-ebrad-que-patrimonio-cultural-de-banamex-debe-ser-propiedad-nacional\/","url":"https:\/\/fuentesfidedignas.com.mx\/index.php\/2022\/01\/16\/pide-ebrad-que-patrimonio-cultural-de-banamex-debe-ser-propiedad-nacional\/","name":"Pide Ebrad que patrimonio cultural de Banamex debe ser \u201cpropiedad nacional\u201d - Fuentes Fidedignas","isPartOf":{"@id":"https:\/\/fuentesfidedignas.com.mx\/#website"},"primaryImageOfPage":{"@id":"https:\/\/fuentesfidedignas.com.mx\/index.php\/2022\/01\/16\/pide-ebrad-que-patrimonio-cultural-de-banamex-debe-ser-propiedad-nacional\/#primaryimage"},"image":{"@id":"https:\/\/fuentesfidedignas.com.mx\/index.php\/2022\/01\/16\/pide-ebrad-que-patrimonio-cultural-de-banamex-debe-ser-propiedad-nacional\/#primaryimage"},"thumbnailUrl":"https:\/\/fuentesfidedignas.com.mx\/wp-content\/uploads\/2022\/01\/EBRAD.jpg","datePublished":"2022-01-16T17:58:07+00:00","dateModified":"2022-01-16T17:58:58+00:00","breadcrumb":{"@id":"https:\/\/fuentesfidedignas.com.mx\/index.php\/2022\/01\/16\/pide-ebrad-que-patrimonio-cultural-de-banamex-debe-ser-propiedad-nacional\/#breadcrumb"},"inLanguage":"es","potentialAction":[{"@type":"ReadAction","target":["https:\/\/fuentesfidedignas.com.mx\/index.php\/2022\/01\/16\/pide-ebrad-que-patrimonio-cultural-de-banamex-debe-ser-propiedad-nacional\/"]}]},{"@type":"ImageObject","inLanguage":"es","@id":"https:\/\/fuentesfidedignas.com.mx\/index.php\/2022\/01\/16\/pide-ebrad-que-patrimonio-cultural-de-banamex-debe-ser-propiedad-nacional\/#primaryimage","url":"https:\/\/fuentesfidedignas.com.mx\/wp-content\/uploads\/2022\/01\/EBRAD.jpg","contentUrl":"https:\/\/fuentesfidedignas.com.mx\/wp-content\/uploads\/2022\/01\/EBRAD.jpg","width":800,"height":600},{"@type":"BreadcrumbList","@id":"https:\/\/fuentesfidedignas.com.mx\/index.php\/2022\/01\/16\/pide-ebrad-que-patrimonio-cultural-de-banamex-debe-ser-propiedad-nacional\/#breadcrumb","itemListElement":[{"@type":"ListItem","position":1,"name":"Inicio","item":"https:\/\/fuentesfidedignas.com.mx\/"},{"@type":"ListItem","position":2,"name":"Pide Ebrad que patrimonio cultural de Banamex debe ser \u201cpropiedad nacional\u201d"}]},{"@type":"WebSite","@id":"https:\/\/fuentesfidedignas.com.mx\/#website","url":"https:\/\/fuentesfidedignas.com.mx\/","name":"Fuentes Fidedignas","description":"Otro sitio realizado con WordPress","publisher":{"@id":"https:\/\/fuentesfidedignas.com.mx\/#organization"},"potentialAction":[{"@type":"SearchAction","target":{"@type":"EntryPoint","urlTemplate":"https:\/\/fuentesfidedignas.com.mx\/?s={search_term_string}"},"query-input":{"@type":"PropertyValueSpecification","valueRequired":true,"valueName":"search_term_string"}}],"inLanguage":"es"},{"@type":"Organization","@id":"https:\/\/fuentesfidedignas.com.mx\/#organization","name":"Fuentes Fidedignas","url":"https:\/\/fuentesfidedignas.com.mx\/","logo":{"@type":"ImageObject","inLanguage":"es","@id":"https:\/\/fuentesfidedignas.com.mx\/#\/schema\/logo\/image\/","url":"https:\/\/fuentesfidedignas.com.mx\/wp-content\/uploads\/2021\/04\/logo-retina.png","contentUrl":"https:\/\/fuentesfidedignas.com.mx\/wp-content\/uploads\/2021\/04\/logo-retina.png","width":280,"height":51,"caption":"Fuentes Fidedignas"},"image":{"@id":"https:\/\/fuentesfidedignas.com.mx\/#\/schema\/logo\/image\/"},"sameAs":["https:\/\/www.facebook.com\/Fuentes-Fidedignas-368234489921644","https:\/\/x.com\/fidedignas"]},{"@type":"Person","@id":"https:\/\/fuentesfidedignas.com.mx\/#\/schema\/person\/fee3882e65fd0510d292c43a346d35d7","name":"El Universal","image":{"@type":"ImageObject","inLanguage":"es","@id":"https:\/\/secure.gravatar.com\/avatar\/1ebc94d82b6c3c081781f73e5b76a0d0c1ac7bf8e57426f18802246eeaa2747c?s=96&d=mm&r=g","url":"https:\/\/secure.gravatar.com\/avatar\/1ebc94d82b6c3c081781f73e5b76a0d0c1ac7bf8e57426f18802246eeaa2747c?s=96&d=mm&r=g","contentUrl":"https:\/\/secure.gravatar.com\/avatar\/1ebc94d82b6c3c081781f73e5b76a0d0c1ac7bf8e57426f18802246eeaa2747c?s=96&d=mm&r=g","caption":"El Universal"},"url":"https:\/\/fuentesfidedignas.com.mx\/index.php\/author\/el-universal\/"}]}},"_links":{"self":[{"href":"https:\/\/fuentesfidedignas.com.mx\/index.php\/wp-json\/wp\/v2\/posts\/21938","targetHints":{"allow":["GET"]}}],"collection":[{"href":"https:\/\/fuentesfidedignas.com.mx\/index.php\/wp-json\/wp\/v2\/posts"}],"about":[{"href":"https:\/\/fuentesfidedignas.com.mx\/index.php\/wp-json\/wp\/v2\/types\/post"}],"author":[{"embeddable":true,"href":"https:\/\/fuentesfidedignas.com.mx\/index.php\/wp-json\/wp\/v2\/users\/39"}],"replies":[{"embeddable":true,"href":"https:\/\/fuentesfidedignas.com.mx\/index.php\/wp-json\/wp\/v2\/comments?post=21938"}],"version-history":[{"count":2,"href":"https:\/\/fuentesfidedignas.com.mx\/index.php\/wp-json\/wp\/v2\/posts\/21938\/revisions"}],"predecessor-version":[{"id":21941,"href":"https:\/\/fuentesfidedignas.com.mx\/index.php\/wp-json\/wp\/v2\/posts\/21938\/revisions\/21941"}],"wp:featuredmedia":[{"embeddable":true,"href":"https:\/\/fuentesfidedignas.com.mx\/index.php\/wp-json\/wp\/v2\/media\/21939"}],"wp:attachment":[{"href":"https:\/\/fuentesfidedignas.com.mx\/index.php\/wp-json\/wp\/v2\/media?parent=21938"}],"wp:term":[{"taxonomy":"category","embeddable":true,"href":"https:\/\/fuentesfidedignas.com.mx\/index.php\/wp-json\/wp\/v2\/categories?post=21938"},{"taxonomy":"post_tag","embeddable":true,"href":"https:\/\/fuentesfidedignas.com.mx\/index.php\/wp-json\/wp\/v2\/tags?post=21938"}],"curies":[{"name":"wp","href":"https:\/\/api.w.org\/{rel}","templated":true}]}}