{"id":21862,"date":"2022-01-14T17:24:50","date_gmt":"2022-01-15T00:24:50","guid":{"rendered":"https:\/\/fuentesfidedignas.com.mx\/?p=21862"},"modified":"2022-01-15T15:57:02","modified_gmt":"2022-01-15T22:57:02","slug":"se-extiende-la-jornada-de-vacunacion-a-docentes-hasta-este-sabado-15-de-enero","status":"publish","type":"post","link":"https:\/\/fuentesfidedignas.com.mx\/index.php\/2022\/01\/14\/se-extiende-la-jornada-de-vacunacion-a-docentes-hasta-este-sabado-15-de-enero\/","title":{"rendered":"Se extiende la jornada de vacunaci\u00f3n a docentes hasta este s\u00e1bado 15 de enero"},"content":{"rendered":"\n<p><strong><em>Permanecer\u00e1n habilitadas cuatro sedes en Ahome, Salvador Alvarado, Culiac\u00e1n y Mazatl\u00e1<\/em>n <\/strong><\/p>\n\n\n\n<p>Culiac\u00e1n, Sin.- La jornada de vacunaci\u00f3n al sector educativo se extiende hasta este s\u00e1bado 15 de enero, con cuatro sedes en los municipios de Ahome, Culiac\u00e1n, Salvador Alvarado y Mazatl\u00e1n, a fin de atender el rezago de docentes o trabajadores administrativos que por alguna raz\u00f3n no pudieron recibir su dosis en la fecha y d\u00eda establecidos, inform\u00f3 el subsecretario de Vinculaci\u00f3n Social de SEPyC, Jorge Rafael Quintero Salazar.<\/p>\n\n\n\n<p>Explic\u00f3 que la dosis de refuerzo contra el Covid-19 que se aplicar\u00e1 el d\u00eda de ma\u00f1ana, tambi\u00e9n ser\u00e1 el biol\u00f3gico Moderna y las y los trabajadores del sector educativo podr\u00e1n presentarse en la sede m\u00e1s cercana, presentando el expediente de vacunaci\u00f3n impreso, identificaci\u00f3n oficial (INE o pasaporte), as\u00ed como el comprobante o certificado de vacunaci\u00f3n.<\/p>\n\n\n\n<p>El municipio de Ahome tendr\u00e1 como sede Ciudad Universitaria de la UAS, en Los Mochis, con un horario de 10:00 a 17:00 horas; en Culiac\u00e1n la sede ser\u00e1 el Cuartel de la Novena Zona Militar, en horario de 08:00 a 17:00 horas; en Salvador Alvarado, los docentes podr\u00e1n acudir de 09:00 a 17:00 horas a la Preparatoria UAS, de Guam\u00fachil, mientras que en Mazatl\u00e1n, la atenci\u00f3n ser\u00e1 en el Polideportivo Universitario de la UAS, en horario de 09:00 a 17:00 horas.<\/p>\n\n\n\n<figure class=\"wp-block-image size-large\"><img decoding=\"async\" width=\"1024\" height=\"763\" src=\"https:\/\/fuentesfidedignas.com.mx\/wp-content\/uploads\/2022\/01\/FB_IMG_1642206088543-1024x763.jpg\" alt=\"\" class=\"wp-image-21864\" srcset=\"https:\/\/fuentesfidedignas.com.mx\/wp-content\/uploads\/2022\/01\/FB_IMG_1642206088543-1024x763.jpg 1024w, https:\/\/fuentesfidedignas.com.mx\/wp-content\/uploads\/2022\/01\/FB_IMG_1642206088543-300x224.jpg 300w, https:\/\/fuentesfidedignas.com.mx\/wp-content\/uploads\/2022\/01\/FB_IMG_1642206088543-768x572.jpg 768w, https:\/\/fuentesfidedignas.com.mx\/wp-content\/uploads\/2022\/01\/FB_IMG_1642206088543.jpg 1080w\" sizes=\"(max-width: 1024px) 100vw, 1024px\" \/><\/figure>\n\n\n\n<p>Quintero Salazar mencion\u00f3 que se tiene registrada una poblaci\u00f3n de 76 mil usuarios, entre docentes, administrativos y personal de apoyo, para quienes se gestionaron 77 mil 280 vacunas del f\u00e1rmaco Moderna.<\/p>\n\n\n\n<p>En esta jornada, la Secretar\u00eda de Educaci\u00f3n P\u00fablica y Cultura trabaj\u00f3 de manera coordinada con la Secretar\u00eda de Bienestar, la Secretar\u00eda de Salud, el Ej\u00e9rcito Mexicano, la Cruz Roja, entre otras instituciones en la log\u00edstica de la aplicaci\u00f3n.<\/p>\n\n\n\n<p>La jornada de vacunaci\u00f3n a docentes y personal del sector educativo integra a 950 brigadistas y voluntarios de la Secretar\u00eda de Salud, de la Coordinaci\u00f3n Estatal de Salud (m\u00e9dicos, enfermeras y odont\u00f3logos), de la Escuela de Medicina y Enfermer\u00eda de la Universidad Aut\u00f3noma de Sinaloa (UAS), as\u00ed como de la Subsecretar\u00eda de Vinculaci\u00f3n Social, Subsecretar\u00eda de Educaci\u00f3n Media Superior y Superior, y la Direcci\u00f3n de Educaci\u00f3n F\u00edsica de SEPyC.<\/p>\n\n\n\n<p>Hasta la tarde de este jueves, se aplic\u00f3 la dosis de vacuna Moderna a 41 mil 341 trabajadores de la educaci\u00f3n en las 10 sedes ubicadas en siete municipios de la entidad. De acuerdo con el reporte emitido por el Comando Estatal de Vacunaci\u00f3n, 22 mil 526 dosis se aplicaron solo el mi\u00e9rcoles, y 19 mil 085 el jueves.<\/p>\n","protected":false},"excerpt":{"rendered":"<p>Permanecer\u00e1n habilitadas cuatro sedes en Ahome, Salvador Alvarado, Culiac\u00e1n y Mazatl\u00e1n Culiac\u00e1n, Sin.- La jornada de vacunaci\u00f3n al sector educativo se extiende hasta este s\u00e1bado 15 de enero, con cuatro sedes en los municipios de Ahome, Culiac\u00e1n, Salvador Alvarado y Mazatl\u00e1n, a fin de atender el rezago de docentes o trabajadores administrativos que por alguna [&hellip;]<\/p>\n","protected":false},"author":4,"featured_media":21863,"comment_status":"open","ping_status":"open","sticky":false,"template":"","format":"standard","meta":{"tdm_status":"","tdm_grid_status":"","footnotes":""},"categories":[1],"tags":[332,59,416,407],"class_list":{"0":"post-21862","1":"post","2":"type-post","3":"status-publish","4":"format-standard","5":"has-post-thumbnail","7":"category-sin-categoria","8":"tag-coronavirus","9":"tag-covid-19","10":"tag-sars-cov-2","11":"tag-vacuna-anticovid"},"yoast_head":"<!-- This site is optimized with the Yoast SEO plugin v27.5 - https:\/\/yoast.com\/product\/yoast-seo-wordpress\/ -->\n<title>Se extiende la jornada de vacunaci\u00f3n a docentes hasta este s\u00e1bado 15 de enero - Fuentes Fidedignas<\/title>\n<meta name=\"robots\" content=\"index, follow, max-snippet:-1, max-image-preview:large, max-video-preview:-1\" \/>\n<link rel=\"canonical\" href=\"https:\/\/fuentesfidedignas.com.mx\/index.php\/2022\/01\/14\/se-extiende-la-jornada-de-vacunacion-a-docentes-hasta-este-sabado-15-de-enero\/\" \/>\n<meta property=\"og:locale\" content=\"es_MX\" \/>\n<meta property=\"og:type\" content=\"article\" \/>\n<meta property=\"og:title\" content=\"Se extiende la jornada de vacunaci\u00f3n a docentes hasta este s\u00e1bado 15 de enero - Fuentes Fidedignas\" \/>\n<meta property=\"og:description\" content=\"Permanecer\u00e1n habilitadas cuatro sedes en Ahome, Salvador Alvarado, Culiac\u00e1n y Mazatl\u00e1n Culiac\u00e1n, Sin.- La jornada de vacunaci\u00f3n al sector educativo se extiende hasta este s\u00e1bado 15 de enero, con cuatro sedes en los municipios de Ahome, Culiac\u00e1n, Salvador Alvarado y Mazatl\u00e1n, a fin de atender el rezago de docentes o trabajadores administrativos que por alguna [&hellip;]\" \/>\n<meta property=\"og:url\" content=\"https:\/\/fuentesfidedignas.com.mx\/index.php\/2022\/01\/14\/se-extiende-la-jornada-de-vacunacion-a-docentes-hasta-este-sabado-15-de-enero\/\" \/>\n<meta property=\"og:site_name\" content=\"Fuentes Fidedignas\" \/>\n<meta property=\"article:publisher\" content=\"https:\/\/www.facebook.com\/Fuentes-Fidedignas-368234489921644\" \/>\n<meta property=\"article:published_time\" content=\"2022-01-15T00:24:50+00:00\" \/>\n<meta property=\"article:modified_time\" content=\"2022-01-15T22:57:02+00:00\" \/>\n<meta property=\"og:image\" content=\"https:\/\/fuentesfidedignas.com.mx\/wp-content\/uploads\/2022\/01\/FB_IMG_1642206099064.jpg\" \/>\n\t<meta property=\"og:image:width\" content=\"1080\" \/>\n\t<meta property=\"og:image:height\" content=\"525\" \/>\n\t<meta property=\"og:image:type\" content=\"image\/jpeg\" \/>\n<meta name=\"author\" content=\"Redacci\u00f3n\" \/>\n<meta name=\"twitter:card\" content=\"summary_large_image\" \/>\n<meta name=\"twitter:creator\" content=\"@fidedignas\" \/>\n<meta name=\"twitter:site\" content=\"@fidedignas\" \/>\n<meta name=\"twitter:label1\" content=\"Escrito por\" \/>\n\t<meta name=\"twitter:data1\" content=\"Redacci\u00f3n\" \/>\n\t<meta name=\"twitter:label2\" content=\"Tiempo de lectura\" \/>\n\t<meta name=\"twitter:data2\" content=\"3 minutos\" \/>\n<script type=\"application\/ld+json\" class=\"yoast-schema-graph\">{\"@context\":\"https:\\\/\\\/schema.org\",\"@graph\":[{\"@type\":\"Article\",\"@id\":\"https:\\\/\\\/fuentesfidedignas.com.mx\\\/index.php\\\/2022\\\/01\\\/14\\\/se-extiende-la-jornada-de-vacunacion-a-docentes-hasta-este-sabado-15-de-enero\\\/#article\",\"isPartOf\":{\"@id\":\"https:\\\/\\\/fuentesfidedignas.com.mx\\\/index.php\\\/2022\\\/01\\\/14\\\/se-extiende-la-jornada-de-vacunacion-a-docentes-hasta-este-sabado-15-de-enero\\\/\"},\"author\":{\"name\":\"Redacci\u00f3n\",\"@id\":\"https:\\\/\\\/fuentesfidedignas.com.mx\\\/#\\\/schema\\\/person\\\/331be9283d37198e2acd5750279085b0\"},\"headline\":\"Se extiende la jornada de vacunaci\u00f3n a docentes hasta este s\u00e1bado 15 de enero\",\"datePublished\":\"2022-01-15T00:24:50+00:00\",\"dateModified\":\"2022-01-15T22:57:02+00:00\",\"mainEntityOfPage\":{\"@id\":\"https:\\\/\\\/fuentesfidedignas.com.mx\\\/index.php\\\/2022\\\/01\\\/14\\\/se-extiende-la-jornada-de-vacunacion-a-docentes-hasta-este-sabado-15-de-enero\\\/\"},\"wordCount\":460,\"commentCount\":0,\"publisher\":{\"@id\":\"https:\\\/\\\/fuentesfidedignas.com.mx\\\/#organization\"},\"image\":{\"@id\":\"https:\\\/\\\/fuentesfidedignas.com.mx\\\/index.php\\\/2022\\\/01\\\/14\\\/se-extiende-la-jornada-de-vacunacion-a-docentes-hasta-este-sabado-15-de-enero\\\/#primaryimage\"},\"thumbnailUrl\":\"https:\\\/\\\/fuentesfidedignas.com.mx\\\/wp-content\\\/uploads\\\/2022\\\/01\\\/FB_IMG_1642206099064.jpg\",\"keywords\":[\"Coronavirus\",\"Covid-19\",\"SARS-CoV-2\",\"Vacuna anticovid\"],\"inLanguage\":\"es\",\"potentialAction\":[{\"@type\":\"CommentAction\",\"name\":\"Comment\",\"target\":[\"https:\\\/\\\/fuentesfidedignas.com.mx\\\/index.php\\\/2022\\\/01\\\/14\\\/se-extiende-la-jornada-de-vacunacion-a-docentes-hasta-este-sabado-15-de-enero\\\/#respond\"]}]},{\"@type\":\"WebPage\",\"@id\":\"https:\\\/\\\/fuentesfidedignas.com.mx\\\/index.php\\\/2022\\\/01\\\/14\\\/se-extiende-la-jornada-de-vacunacion-a-docentes-hasta-este-sabado-15-de-enero\\\/\",\"url\":\"https:\\\/\\\/fuentesfidedignas.com.mx\\\/index.php\\\/2022\\\/01\\\/14\\\/se-extiende-la-jornada-de-vacunacion-a-docentes-hasta-este-sabado-15-de-enero\\\/\",\"name\":\"Se extiende la jornada de vacunaci\u00f3n a docentes hasta este s\u00e1bado 15 de enero - Fuentes Fidedignas\",\"isPartOf\":{\"@id\":\"https:\\\/\\\/fuentesfidedignas.com.mx\\\/#website\"},\"primaryImageOfPage\":{\"@id\":\"https:\\\/\\\/fuentesfidedignas.com.mx\\\/index.php\\\/2022\\\/01\\\/14\\\/se-extiende-la-jornada-de-vacunacion-a-docentes-hasta-este-sabado-15-de-enero\\\/#primaryimage\"},\"image\":{\"@id\":\"https:\\\/\\\/fuentesfidedignas.com.mx\\\/index.php\\\/2022\\\/01\\\/14\\\/se-extiende-la-jornada-de-vacunacion-a-docentes-hasta-este-sabado-15-de-enero\\\/#primaryimage\"},\"thumbnailUrl\":\"https:\\\/\\\/fuentesfidedignas.com.mx\\\/wp-content\\\/uploads\\\/2022\\\/01\\\/FB_IMG_1642206099064.jpg\",\"datePublished\":\"2022-01-15T00:24:50+00:00\",\"dateModified\":\"2022-01-15T22:57:02+00:00\",\"breadcrumb\":{\"@id\":\"https:\\\/\\\/fuentesfidedignas.com.mx\\\/index.php\\\/2022\\\/01\\\/14\\\/se-extiende-la-jornada-de-vacunacion-a-docentes-hasta-este-sabado-15-de-enero\\\/#breadcrumb\"},\"inLanguage\":\"es\",\"potentialAction\":[{\"@type\":\"ReadAction\",\"target\":[\"https:\\\/\\\/fuentesfidedignas.com.mx\\\/index.php\\\/2022\\\/01\\\/14\\\/se-extiende-la-jornada-de-vacunacion-a-docentes-hasta-este-sabado-15-de-enero\\\/\"]}]},{\"@type\":\"ImageObject\",\"inLanguage\":\"es\",\"@id\":\"https:\\\/\\\/fuentesfidedignas.com.mx\\\/index.php\\\/2022\\\/01\\\/14\\\/se-extiende-la-jornada-de-vacunacion-a-docentes-hasta-este-sabado-15-de-enero\\\/#primaryimage\",\"url\":\"https:\\\/\\\/fuentesfidedignas.com.mx\\\/wp-content\\\/uploads\\\/2022\\\/01\\\/FB_IMG_1642206099064.jpg\",\"contentUrl\":\"https:\\\/\\\/fuentesfidedignas.com.mx\\\/wp-content\\\/uploads\\\/2022\\\/01\\\/FB_IMG_1642206099064.jpg\",\"width\":1080,\"height\":525},{\"@type\":\"BreadcrumbList\",\"@id\":\"https:\\\/\\\/fuentesfidedignas.com.mx\\\/index.php\\\/2022\\\/01\\\/14\\\/se-extiende-la-jornada-de-vacunacion-a-docentes-hasta-este-sabado-15-de-enero\\\/#breadcrumb\",\"itemListElement\":[{\"@type\":\"ListItem\",\"position\":1,\"name\":\"Inicio\",\"item\":\"https:\\\/\\\/fuentesfidedignas.com.mx\\\/\"},{\"@type\":\"ListItem\",\"position\":2,\"name\":\"Se extiende la jornada de vacunaci\u00f3n a docentes hasta este s\u00e1bado 15 de enero\"}]},{\"@type\":\"WebSite\",\"@id\":\"https:\\\/\\\/fuentesfidedignas.com.mx\\\/#website\",\"url\":\"https:\\\/\\\/fuentesfidedignas.com.mx\\\/\",\"name\":\"Fuentes Fidedignas\",\"description\":\"Otro sitio realizado con WordPress\",\"publisher\":{\"@id\":\"https:\\\/\\\/fuentesfidedignas.com.mx\\\/#organization\"},\"potentialAction\":[{\"@type\":\"SearchAction\",\"target\":{\"@type\":\"EntryPoint\",\"urlTemplate\":\"https:\\\/\\\/fuentesfidedignas.com.mx\\\/?s={search_term_string}\"},\"query-input\":{\"@type\":\"PropertyValueSpecification\",\"valueRequired\":true,\"valueName\":\"search_term_string\"}}],\"inLanguage\":\"es\"},{\"@type\":\"Organization\",\"@id\":\"https:\\\/\\\/fuentesfidedignas.com.mx\\\/#organization\",\"name\":\"Fuentes Fidedignas\",\"url\":\"https:\\\/\\\/fuentesfidedignas.com.mx\\\/\",\"logo\":{\"@type\":\"ImageObject\",\"inLanguage\":\"es\",\"@id\":\"https:\\\/\\\/fuentesfidedignas.com.mx\\\/#\\\/schema\\\/logo\\\/image\\\/\",\"url\":\"https:\\\/\\\/fuentesfidedignas.com.mx\\\/wp-content\\\/uploads\\\/2021\\\/04\\\/logo-retina.png\",\"contentUrl\":\"https:\\\/\\\/fuentesfidedignas.com.mx\\\/wp-content\\\/uploads\\\/2021\\\/04\\\/logo-retina.png\",\"width\":280,\"height\":51,\"caption\":\"Fuentes Fidedignas\"},\"image\":{\"@id\":\"https:\\\/\\\/fuentesfidedignas.com.mx\\\/#\\\/schema\\\/logo\\\/image\\\/\"},\"sameAs\":[\"https:\\\/\\\/www.facebook.com\\\/Fuentes-Fidedignas-368234489921644\",\"https:\\\/\\\/x.com\\\/fidedignas\"]},{\"@type\":\"Person\",\"@id\":\"https:\\\/\\\/fuentesfidedignas.com.mx\\\/#\\\/schema\\\/person\\\/331be9283d37198e2acd5750279085b0\",\"name\":\"Redacci\u00f3n\",\"image\":{\"@type\":\"ImageObject\",\"inLanguage\":\"es\",\"@id\":\"https:\\\/\\\/secure.gravatar.com\\\/avatar\\\/f6d8782c11d12b2d4ad3fbb6931aeab5309937a4d6cd2fc9cfaa28a6396a5aec?s=96&d=mm&r=g\",\"url\":\"https:\\\/\\\/secure.gravatar.com\\\/avatar\\\/f6d8782c11d12b2d4ad3fbb6931aeab5309937a4d6cd2fc9cfaa28a6396a5aec?s=96&d=mm&r=g\",\"contentUrl\":\"https:\\\/\\\/secure.gravatar.com\\\/avatar\\\/f6d8782c11d12b2d4ad3fbb6931aeab5309937a4d6cd2fc9cfaa28a6396a5aec?s=96&d=mm&r=g\",\"caption\":\"Redacci\u00f3n\"},\"url\":\"https:\\\/\\\/fuentesfidedignas.com.mx\\\/index.php\\\/author\\\/redaccion\\\/\"}]}<\/script>\n<!-- \/ Yoast SEO plugin. -->","yoast_head_json":{"title":"Se extiende la jornada de vacunaci\u00f3n a docentes hasta este s\u00e1bado 15 de enero - Fuentes Fidedignas","robots":{"index":"index","follow":"follow","max-snippet":"max-snippet:-1","max-image-preview":"max-image-preview:large","max-video-preview":"max-video-preview:-1"},"canonical":"https:\/\/fuentesfidedignas.com.mx\/index.php\/2022\/01\/14\/se-extiende-la-jornada-de-vacunacion-a-docentes-hasta-este-sabado-15-de-enero\/","og_locale":"es_MX","og_type":"article","og_title":"Se extiende la jornada de vacunaci\u00f3n a docentes hasta este s\u00e1bado 15 de enero - Fuentes Fidedignas","og_description":"Permanecer\u00e1n habilitadas cuatro sedes en Ahome, Salvador Alvarado, Culiac\u00e1n y Mazatl\u00e1n Culiac\u00e1n, Sin.- La jornada de vacunaci\u00f3n al sector educativo se extiende hasta este s\u00e1bado 15 de enero, con cuatro sedes en los municipios de Ahome, Culiac\u00e1n, Salvador Alvarado y Mazatl\u00e1n, a fin de atender el rezago de docentes o trabajadores administrativos que por alguna [&hellip;]","og_url":"https:\/\/fuentesfidedignas.com.mx\/index.php\/2022\/01\/14\/se-extiende-la-jornada-de-vacunacion-a-docentes-hasta-este-sabado-15-de-enero\/","og_site_name":"Fuentes Fidedignas","article_publisher":"https:\/\/www.facebook.com\/Fuentes-Fidedignas-368234489921644","article_published_time":"2022-01-15T00:24:50+00:00","article_modified_time":"2022-01-15T22:57:02+00:00","og_image":[{"width":1080,"height":525,"url":"https:\/\/fuentesfidedignas.com.mx\/wp-content\/uploads\/2022\/01\/FB_IMG_1642206099064.jpg","type":"image\/jpeg"}],"author":"Redacci\u00f3n","twitter_card":"summary_large_image","twitter_creator":"@fidedignas","twitter_site":"@fidedignas","twitter_misc":{"Escrito por":"Redacci\u00f3n","Tiempo de lectura":"3 minutos"},"schema":{"@context":"https:\/\/schema.org","@graph":[{"@type":"Article","@id":"https:\/\/fuentesfidedignas.com.mx\/index.php\/2022\/01\/14\/se-extiende-la-jornada-de-vacunacion-a-docentes-hasta-este-sabado-15-de-enero\/#article","isPartOf":{"@id":"https:\/\/fuentesfidedignas.com.mx\/index.php\/2022\/01\/14\/se-extiende-la-jornada-de-vacunacion-a-docentes-hasta-este-sabado-15-de-enero\/"},"author":{"name":"Redacci\u00f3n","@id":"https:\/\/fuentesfidedignas.com.mx\/#\/schema\/person\/331be9283d37198e2acd5750279085b0"},"headline":"Se extiende la jornada de vacunaci\u00f3n a docentes hasta este s\u00e1bado 15 de enero","datePublished":"2022-01-15T00:24:50+00:00","dateModified":"2022-01-15T22:57:02+00:00","mainEntityOfPage":{"@id":"https:\/\/fuentesfidedignas.com.mx\/index.php\/2022\/01\/14\/se-extiende-la-jornada-de-vacunacion-a-docentes-hasta-este-sabado-15-de-enero\/"},"wordCount":460,"commentCount":0,"publisher":{"@id":"https:\/\/fuentesfidedignas.com.mx\/#organization"},"image":{"@id":"https:\/\/fuentesfidedignas.com.mx\/index.php\/2022\/01\/14\/se-extiende-la-jornada-de-vacunacion-a-docentes-hasta-este-sabado-15-de-enero\/#primaryimage"},"thumbnailUrl":"https:\/\/fuentesfidedignas.com.mx\/wp-content\/uploads\/2022\/01\/FB_IMG_1642206099064.jpg","keywords":["Coronavirus","Covid-19","SARS-CoV-2","Vacuna anticovid"],"inLanguage":"es","potentialAction":[{"@type":"CommentAction","name":"Comment","target":["https:\/\/fuentesfidedignas.com.mx\/index.php\/2022\/01\/14\/se-extiende-la-jornada-de-vacunacion-a-docentes-hasta-este-sabado-15-de-enero\/#respond"]}]},{"@type":"WebPage","@id":"https:\/\/fuentesfidedignas.com.mx\/index.php\/2022\/01\/14\/se-extiende-la-jornada-de-vacunacion-a-docentes-hasta-este-sabado-15-de-enero\/","url":"https:\/\/fuentesfidedignas.com.mx\/index.php\/2022\/01\/14\/se-extiende-la-jornada-de-vacunacion-a-docentes-hasta-este-sabado-15-de-enero\/","name":"Se extiende la jornada de vacunaci\u00f3n a docentes hasta este s\u00e1bado 15 de enero - Fuentes Fidedignas","isPartOf":{"@id":"https:\/\/fuentesfidedignas.com.mx\/#website"},"primaryImageOfPage":{"@id":"https:\/\/fuentesfidedignas.com.mx\/index.php\/2022\/01\/14\/se-extiende-la-jornada-de-vacunacion-a-docentes-hasta-este-sabado-15-de-enero\/#primaryimage"},"image":{"@id":"https:\/\/fuentesfidedignas.com.mx\/index.php\/2022\/01\/14\/se-extiende-la-jornada-de-vacunacion-a-docentes-hasta-este-sabado-15-de-enero\/#primaryimage"},"thumbnailUrl":"https:\/\/fuentesfidedignas.com.mx\/wp-content\/uploads\/2022\/01\/FB_IMG_1642206099064.jpg","datePublished":"2022-01-15T00:24:50+00:00","dateModified":"2022-01-15T22:57:02+00:00","breadcrumb":{"@id":"https:\/\/fuentesfidedignas.com.mx\/index.php\/2022\/01\/14\/se-extiende-la-jornada-de-vacunacion-a-docentes-hasta-este-sabado-15-de-enero\/#breadcrumb"},"inLanguage":"es","potentialAction":[{"@type":"ReadAction","target":["https:\/\/fuentesfidedignas.com.mx\/index.php\/2022\/01\/14\/se-extiende-la-jornada-de-vacunacion-a-docentes-hasta-este-sabado-15-de-enero\/"]}]},{"@type":"ImageObject","inLanguage":"es","@id":"https:\/\/fuentesfidedignas.com.mx\/index.php\/2022\/01\/14\/se-extiende-la-jornada-de-vacunacion-a-docentes-hasta-este-sabado-15-de-enero\/#primaryimage","url":"https:\/\/fuentesfidedignas.com.mx\/wp-content\/uploads\/2022\/01\/FB_IMG_1642206099064.jpg","contentUrl":"https:\/\/fuentesfidedignas.com.mx\/wp-content\/uploads\/2022\/01\/FB_IMG_1642206099064.jpg","width":1080,"height":525},{"@type":"BreadcrumbList","@id":"https:\/\/fuentesfidedignas.com.mx\/index.php\/2022\/01\/14\/se-extiende-la-jornada-de-vacunacion-a-docentes-hasta-este-sabado-15-de-enero\/#breadcrumb","itemListElement":[{"@type":"ListItem","position":1,"name":"Inicio","item":"https:\/\/fuentesfidedignas.com.mx\/"},{"@type":"ListItem","position":2,"name":"Se extiende la jornada de vacunaci\u00f3n a docentes hasta este s\u00e1bado 15 de enero"}]},{"@type":"WebSite","@id":"https:\/\/fuentesfidedignas.com.mx\/#website","url":"https:\/\/fuentesfidedignas.com.mx\/","name":"Fuentes Fidedignas","description":"Otro sitio realizado con WordPress","publisher":{"@id":"https:\/\/fuentesfidedignas.com.mx\/#organization"},"potentialAction":[{"@type":"SearchAction","target":{"@type":"EntryPoint","urlTemplate":"https:\/\/fuentesfidedignas.com.mx\/?s={search_term_string}"},"query-input":{"@type":"PropertyValueSpecification","valueRequired":true,"valueName":"search_term_string"}}],"inLanguage":"es"},{"@type":"Organization","@id":"https:\/\/fuentesfidedignas.com.mx\/#organization","name":"Fuentes Fidedignas","url":"https:\/\/fuentesfidedignas.com.mx\/","logo":{"@type":"ImageObject","inLanguage":"es","@id":"https:\/\/fuentesfidedignas.com.mx\/#\/schema\/logo\/image\/","url":"https:\/\/fuentesfidedignas.com.mx\/wp-content\/uploads\/2021\/04\/logo-retina.png","contentUrl":"https:\/\/fuentesfidedignas.com.mx\/wp-content\/uploads\/2021\/04\/logo-retina.png","width":280,"height":51,"caption":"Fuentes Fidedignas"},"image":{"@id":"https:\/\/fuentesfidedignas.com.mx\/#\/schema\/logo\/image\/"},"sameAs":["https:\/\/www.facebook.com\/Fuentes-Fidedignas-368234489921644","https:\/\/x.com\/fidedignas"]},{"@type":"Person","@id":"https:\/\/fuentesfidedignas.com.mx\/#\/schema\/person\/331be9283d37198e2acd5750279085b0","name":"Redacci\u00f3n","image":{"@type":"ImageObject","inLanguage":"es","@id":"https:\/\/secure.gravatar.com\/avatar\/f6d8782c11d12b2d4ad3fbb6931aeab5309937a4d6cd2fc9cfaa28a6396a5aec?s=96&d=mm&r=g","url":"https:\/\/secure.gravatar.com\/avatar\/f6d8782c11d12b2d4ad3fbb6931aeab5309937a4d6cd2fc9cfaa28a6396a5aec?s=96&d=mm&r=g","contentUrl":"https:\/\/secure.gravatar.com\/avatar\/f6d8782c11d12b2d4ad3fbb6931aeab5309937a4d6cd2fc9cfaa28a6396a5aec?s=96&d=mm&r=g","caption":"Redacci\u00f3n"},"url":"https:\/\/fuentesfidedignas.com.mx\/index.php\/author\/redaccion\/"}]}},"_links":{"self":[{"href":"https:\/\/fuentesfidedignas.com.mx\/index.php\/wp-json\/wp\/v2\/posts\/21862","targetHints":{"allow":["GET"]}}],"collection":[{"href":"https:\/\/fuentesfidedignas.com.mx\/index.php\/wp-json\/wp\/v2\/posts"}],"about":[{"href":"https:\/\/fuentesfidedignas.com.mx\/index.php\/wp-json\/wp\/v2\/types\/post"}],"author":[{"embeddable":true,"href":"https:\/\/fuentesfidedignas.com.mx\/index.php\/wp-json\/wp\/v2\/users\/4"}],"replies":[{"embeddable":true,"href":"https:\/\/fuentesfidedignas.com.mx\/index.php\/wp-json\/wp\/v2\/comments?post=21862"}],"version-history":[{"count":1,"href":"https:\/\/fuentesfidedignas.com.mx\/index.php\/wp-json\/wp\/v2\/posts\/21862\/revisions"}],"predecessor-version":[{"id":21865,"href":"https:\/\/fuentesfidedignas.com.mx\/index.php\/wp-json\/wp\/v2\/posts\/21862\/revisions\/21865"}],"wp:featuredmedia":[{"embeddable":true,"href":"https:\/\/fuentesfidedignas.com.mx\/index.php\/wp-json\/wp\/v2\/media\/21863"}],"wp:attachment":[{"href":"https:\/\/fuentesfidedignas.com.mx\/index.php\/wp-json\/wp\/v2\/media?parent=21862"}],"wp:term":[{"taxonomy":"category","embeddable":true,"href":"https:\/\/fuentesfidedignas.com.mx\/index.php\/wp-json\/wp\/v2\/categories?post=21862"},{"taxonomy":"post_tag","embeddable":true,"href":"https:\/\/fuentesfidedignas.com.mx\/index.php\/wp-json\/wp\/v2\/tags?post=21862"}],"curies":[{"name":"wp","href":"https:\/\/api.w.org\/{rel}","templated":true}]}}