{"id":21856,"date":"2022-01-14T16:30:48","date_gmt":"2022-01-14T23:30:48","guid":{"rendered":"https:\/\/fuentesfidedignas.com.mx\/?p=21856"},"modified":"2022-01-14T16:31:21","modified_gmt":"2022-01-14T23:31:21","slug":"pildora-covid-de-pfizer-aprobada-en-mexico-es-la-segunda","status":"publish","type":"post","link":"https:\/\/fuentesfidedignas.com.mx\/index.php\/2022\/01\/14\/pildora-covid-de-pfizer-aprobada-en-mexico-es-la-segunda\/","title":{"rendered":"P\u00edldora covid de Pfizer, aprobada en M\u00e9xico; es la segunda"},"content":{"rendered":"\n<p><strong><em>La p\u00edldora covid de Pfizer s\u00f3lo se administrar\u00e1 con prescripci\u00f3n m\u00e9dica; se destinar\u00e1 a pacientes con coronavirus leve o moderado y con riesgo de complicaciones <\/em><\/strong><\/p>\n\n\n\n<p>Ciudad de M\u00e9xico. La p\u00edldora anticovid de Pfizer fue aprobada para su uso de emergencia en M\u00e9xico, as\u00ed lo dio a conocer la Comisi\u00f3n Federal para la Protecci\u00f3n de Riesgos Sanitarios (Cofepris). Se trata del segundo medicamento oral que es autorizado luego del respaldo a la de Merck.<\/p>\n\n\n\n<p>El paxlovid ser\u00e1 destinado para pacientes con covid-19 leve o moderado y con riesgo de complicaciones, inform\u00f3 la Cofepris, la cual aclar\u00f3 que la p\u00edldora no sustituye la aplicaci\u00f3n de las vacunas anticovid y tampoco debe ser utilizado sin indicaci\u00f3n m\u00e9dica. <\/p>\n\n\n\n<p>La dependencia indic\u00f3 que la p\u00edldora anticovid de Pfizer requiere prescripci\u00f3n m\u00e9dica y considerando los factores de uso y riesgos detallados en el oficio de autorizaci\u00f3n para evitar el mal uso de este medicamento.<\/p>\n\n\n\n<p>Los componentes de la p\u00edldora, nirmatrelvir y ritonavir, reducen hasta en 88% las hospitalizaciones y muertes por el SARS-CoV-2. De acuerdo con la Cofepris la primera sustancia inhibe la prote\u00edna del coronavirus, lo que evita que el virus se replique, mientras que el otro evita la descomposici\u00f3n del medicamento para que permanezca m\u00e1s tiempo en el organismo.<\/p>\n\n\n\n<p>&#8220;Estos tratamientos ser\u00e1n clave para reducir las hospitalizaciones en M\u00e9xico, por lo que celebramos ser el primer pa\u00eds de Am\u00e9rica Latina en autorizar su uso de emergencia&#8221;, destac\u00f3 Alejandro Svarch P\u00e9rez, titular de la Cofepris.<\/p>\n\n\n\n<p>&#8220;Estos tratamientos ser\u00e1n clave para reducir las hospitalizaciones en M\u00e9xico, por lo que celebramos ser el primer pa\u00eds de Am\u00e9rica Latina en autorizar su uso de emergencia&#8221;, destac\u00f3 Alejandro Svarch P\u00e9rez, titular de la Cofepris.<\/p>\n\n\n\n<p>El paxlovid ha sido autorizado por Estados Unidos, Reino Unido, Espa\u00f1a y Corea, entre otros; mientras que en pa\u00edses como Jap\u00f3n y Canad\u00e1 se encuentra en proceso de an\u00e1lisis.<\/p>\n","protected":false},"excerpt":{"rendered":"<p>La p\u00edldora covid de Pfizer s\u00f3lo se administrar\u00e1 con prescripci\u00f3n m\u00e9dica; se destinar\u00e1 a pacientes con coronavirus leve o moderado y con riesgo de complicaciones Ciudad de M\u00e9xico. La p\u00edldora anticovid de Pfizer fue aprobada para su uso de emergencia en M\u00e9xico, as\u00ed lo dio a conocer la Comisi\u00f3n Federal para la Protecci\u00f3n de Riesgos [&hellip;]<\/p>\n","protected":false},"author":7,"featured_media":21857,"comment_status":"open","ping_status":"open","sticky":false,"template":"","format":"standard","meta":{"tdm_status":"","tdm_grid_status":"","footnotes":""},"categories":[39],"tags":[332,59,416],"class_list":{"0":"post-21856","1":"post","2":"type-post","3":"status-publish","4":"format-standard","5":"has-post-thumbnail","7":"category-noticias-nacionales","8":"tag-coronavirus","9":"tag-covid-19","10":"tag-sars-cov-2"},"yoast_head":"<!-- This site is optimized with the Yoast SEO plugin v27.5 - https:\/\/yoast.com\/product\/yoast-seo-wordpress\/ -->\n<title>P\u00edldora covid de Pfizer, aprobada en M\u00e9xico; es la segunda - Fuentes Fidedignas<\/title>\n<meta name=\"robots\" content=\"index, follow, max-snippet:-1, max-image-preview:large, max-video-preview:-1\" \/>\n<link rel=\"canonical\" href=\"https:\/\/fuentesfidedignas.com.mx\/index.php\/2022\/01\/14\/pildora-covid-de-pfizer-aprobada-en-mexico-es-la-segunda\/\" \/>\n<meta property=\"og:locale\" content=\"es_MX\" \/>\n<meta property=\"og:type\" content=\"article\" \/>\n<meta property=\"og:title\" content=\"P\u00edldora covid de Pfizer, aprobada en M\u00e9xico; es la segunda - Fuentes Fidedignas\" \/>\n<meta property=\"og:description\" content=\"La p\u00edldora covid de Pfizer s\u00f3lo se administrar\u00e1 con prescripci\u00f3n m\u00e9dica; se destinar\u00e1 a pacientes con coronavirus leve o moderado y con riesgo de complicaciones Ciudad de M\u00e9xico. La p\u00edldora anticovid de Pfizer fue aprobada para su uso de emergencia en M\u00e9xico, as\u00ed lo dio a conocer la Comisi\u00f3n Federal para la Protecci\u00f3n de Riesgos [&hellip;]\" \/>\n<meta property=\"og:url\" content=\"https:\/\/fuentesfidedignas.com.mx\/index.php\/2022\/01\/14\/pildora-covid-de-pfizer-aprobada-en-mexico-es-la-segunda\/\" \/>\n<meta property=\"og:site_name\" content=\"Fuentes Fidedignas\" \/>\n<meta property=\"article:publisher\" content=\"https:\/\/www.facebook.com\/Fuentes-Fidedignas-368234489921644\" \/>\n<meta property=\"article:published_time\" content=\"2022-01-14T23:30:48+00:00\" \/>\n<meta property=\"article:modified_time\" content=\"2022-01-14T23:31:21+00:00\" \/>\n<meta property=\"og:image\" content=\"https:\/\/fuentesfidedignas.com.mx\/wp-content\/uploads\/2022\/01\/2699837.jpg\" \/>\n\t<meta property=\"og:image:width\" content=\"800\" \/>\n\t<meta property=\"og:image:height\" content=\"600\" \/>\n\t<meta property=\"og:image:type\" content=\"image\/jpeg\" \/>\n<meta name=\"author\" content=\"Exc\u00e9lsior\" \/>\n<meta name=\"twitter:card\" content=\"summary_large_image\" \/>\n<meta name=\"twitter:creator\" content=\"@fidedignas\" \/>\n<meta name=\"twitter:site\" content=\"@fidedignas\" \/>\n<meta name=\"twitter:label1\" content=\"Escrito por\" \/>\n\t<meta name=\"twitter:data1\" content=\"Exc\u00e9lsior\" \/>\n\t<meta name=\"twitter:label2\" content=\"Tiempo de lectura\" \/>\n\t<meta name=\"twitter:data2\" content=\"2 minutos\" \/>\n<script type=\"application\/ld+json\" class=\"yoast-schema-graph\">{\"@context\":\"https:\\\/\\\/schema.org\",\"@graph\":[{\"@type\":\"Article\",\"@id\":\"https:\\\/\\\/fuentesfidedignas.com.mx\\\/index.php\\\/2022\\\/01\\\/14\\\/pildora-covid-de-pfizer-aprobada-en-mexico-es-la-segunda\\\/#article\",\"isPartOf\":{\"@id\":\"https:\\\/\\\/fuentesfidedignas.com.mx\\\/index.php\\\/2022\\\/01\\\/14\\\/pildora-covid-de-pfizer-aprobada-en-mexico-es-la-segunda\\\/\"},\"author\":{\"name\":\"Exc\u00e9lsior\",\"@id\":\"https:\\\/\\\/fuentesfidedignas.com.mx\\\/#\\\/schema\\\/person\\\/ec4edd1fbf5efa3e44fce34fe2787780\"},\"headline\":\"P\u00edldora covid de Pfizer, aprobada en M\u00e9xico; es la segunda\",\"datePublished\":\"2022-01-14T23:30:48+00:00\",\"dateModified\":\"2022-01-14T23:31:21+00:00\",\"mainEntityOfPage\":{\"@id\":\"https:\\\/\\\/fuentesfidedignas.com.mx\\\/index.php\\\/2022\\\/01\\\/14\\\/pildora-covid-de-pfizer-aprobada-en-mexico-es-la-segunda\\\/\"},\"wordCount\":350,\"commentCount\":0,\"publisher\":{\"@id\":\"https:\\\/\\\/fuentesfidedignas.com.mx\\\/#organization\"},\"image\":{\"@id\":\"https:\\\/\\\/fuentesfidedignas.com.mx\\\/index.php\\\/2022\\\/01\\\/14\\\/pildora-covid-de-pfizer-aprobada-en-mexico-es-la-segunda\\\/#primaryimage\"},\"thumbnailUrl\":\"https:\\\/\\\/fuentesfidedignas.com.mx\\\/wp-content\\\/uploads\\\/2022\\\/01\\\/2699837.jpg\",\"keywords\":[\"Coronavirus\",\"Covid-19\",\"SARS-CoV-2\"],\"articleSection\":[\"NOTICIAS NACIONALES\"],\"inLanguage\":\"es\",\"potentialAction\":[{\"@type\":\"CommentAction\",\"name\":\"Comment\",\"target\":[\"https:\\\/\\\/fuentesfidedignas.com.mx\\\/index.php\\\/2022\\\/01\\\/14\\\/pildora-covid-de-pfizer-aprobada-en-mexico-es-la-segunda\\\/#respond\"]}]},{\"@type\":\"WebPage\",\"@id\":\"https:\\\/\\\/fuentesfidedignas.com.mx\\\/index.php\\\/2022\\\/01\\\/14\\\/pildora-covid-de-pfizer-aprobada-en-mexico-es-la-segunda\\\/\",\"url\":\"https:\\\/\\\/fuentesfidedignas.com.mx\\\/index.php\\\/2022\\\/01\\\/14\\\/pildora-covid-de-pfizer-aprobada-en-mexico-es-la-segunda\\\/\",\"name\":\"P\u00edldora covid de Pfizer, aprobada en M\u00e9xico; es la segunda - Fuentes Fidedignas\",\"isPartOf\":{\"@id\":\"https:\\\/\\\/fuentesfidedignas.com.mx\\\/#website\"},\"primaryImageOfPage\":{\"@id\":\"https:\\\/\\\/fuentesfidedignas.com.mx\\\/index.php\\\/2022\\\/01\\\/14\\\/pildora-covid-de-pfizer-aprobada-en-mexico-es-la-segunda\\\/#primaryimage\"},\"image\":{\"@id\":\"https:\\\/\\\/fuentesfidedignas.com.mx\\\/index.php\\\/2022\\\/01\\\/14\\\/pildora-covid-de-pfizer-aprobada-en-mexico-es-la-segunda\\\/#primaryimage\"},\"thumbnailUrl\":\"https:\\\/\\\/fuentesfidedignas.com.mx\\\/wp-content\\\/uploads\\\/2022\\\/01\\\/2699837.jpg\",\"datePublished\":\"2022-01-14T23:30:48+00:00\",\"dateModified\":\"2022-01-14T23:31:21+00:00\",\"breadcrumb\":{\"@id\":\"https:\\\/\\\/fuentesfidedignas.com.mx\\\/index.php\\\/2022\\\/01\\\/14\\\/pildora-covid-de-pfizer-aprobada-en-mexico-es-la-segunda\\\/#breadcrumb\"},\"inLanguage\":\"es\",\"potentialAction\":[{\"@type\":\"ReadAction\",\"target\":[\"https:\\\/\\\/fuentesfidedignas.com.mx\\\/index.php\\\/2022\\\/01\\\/14\\\/pildora-covid-de-pfizer-aprobada-en-mexico-es-la-segunda\\\/\"]}]},{\"@type\":\"ImageObject\",\"inLanguage\":\"es\",\"@id\":\"https:\\\/\\\/fuentesfidedignas.com.mx\\\/index.php\\\/2022\\\/01\\\/14\\\/pildora-covid-de-pfizer-aprobada-en-mexico-es-la-segunda\\\/#primaryimage\",\"url\":\"https:\\\/\\\/fuentesfidedignas.com.mx\\\/wp-content\\\/uploads\\\/2022\\\/01\\\/2699837.jpg\",\"contentUrl\":\"https:\\\/\\\/fuentesfidedignas.com.mx\\\/wp-content\\\/uploads\\\/2022\\\/01\\\/2699837.jpg\",\"width\":800,\"height\":600},{\"@type\":\"BreadcrumbList\",\"@id\":\"https:\\\/\\\/fuentesfidedignas.com.mx\\\/index.php\\\/2022\\\/01\\\/14\\\/pildora-covid-de-pfizer-aprobada-en-mexico-es-la-segunda\\\/#breadcrumb\",\"itemListElement\":[{\"@type\":\"ListItem\",\"position\":1,\"name\":\"Inicio\",\"item\":\"https:\\\/\\\/fuentesfidedignas.com.mx\\\/\"},{\"@type\":\"ListItem\",\"position\":2,\"name\":\"P\u00edldora covid de Pfizer, aprobada en M\u00e9xico; es la segunda\"}]},{\"@type\":\"WebSite\",\"@id\":\"https:\\\/\\\/fuentesfidedignas.com.mx\\\/#website\",\"url\":\"https:\\\/\\\/fuentesfidedignas.com.mx\\\/\",\"name\":\"Fuentes Fidedignas\",\"description\":\"Otro sitio realizado con WordPress\",\"publisher\":{\"@id\":\"https:\\\/\\\/fuentesfidedignas.com.mx\\\/#organization\"},\"potentialAction\":[{\"@type\":\"SearchAction\",\"target\":{\"@type\":\"EntryPoint\",\"urlTemplate\":\"https:\\\/\\\/fuentesfidedignas.com.mx\\\/?s={search_term_string}\"},\"query-input\":{\"@type\":\"PropertyValueSpecification\",\"valueRequired\":true,\"valueName\":\"search_term_string\"}}],\"inLanguage\":\"es\"},{\"@type\":\"Organization\",\"@id\":\"https:\\\/\\\/fuentesfidedignas.com.mx\\\/#organization\",\"name\":\"Fuentes Fidedignas\",\"url\":\"https:\\\/\\\/fuentesfidedignas.com.mx\\\/\",\"logo\":{\"@type\":\"ImageObject\",\"inLanguage\":\"es\",\"@id\":\"https:\\\/\\\/fuentesfidedignas.com.mx\\\/#\\\/schema\\\/logo\\\/image\\\/\",\"url\":\"https:\\\/\\\/fuentesfidedignas.com.mx\\\/wp-content\\\/uploads\\\/2021\\\/04\\\/logo-retina.png\",\"contentUrl\":\"https:\\\/\\\/fuentesfidedignas.com.mx\\\/wp-content\\\/uploads\\\/2021\\\/04\\\/logo-retina.png\",\"width\":280,\"height\":51,\"caption\":\"Fuentes Fidedignas\"},\"image\":{\"@id\":\"https:\\\/\\\/fuentesfidedignas.com.mx\\\/#\\\/schema\\\/logo\\\/image\\\/\"},\"sameAs\":[\"https:\\\/\\\/www.facebook.com\\\/Fuentes-Fidedignas-368234489921644\",\"https:\\\/\\\/x.com\\\/fidedignas\"]},{\"@type\":\"Person\",\"@id\":\"https:\\\/\\\/fuentesfidedignas.com.mx\\\/#\\\/schema\\\/person\\\/ec4edd1fbf5efa3e44fce34fe2787780\",\"name\":\"Exc\u00e9lsior\",\"image\":{\"@type\":\"ImageObject\",\"inLanguage\":\"es\",\"@id\":\"https:\\\/\\\/secure.gravatar.com\\\/avatar\\\/4b7ee9206b48be08447852b3f0814dbc7c0f3b51541b164f1464a2725614020b?s=96&d=mm&r=g\",\"url\":\"https:\\\/\\\/secure.gravatar.com\\\/avatar\\\/4b7ee9206b48be08447852b3f0814dbc7c0f3b51541b164f1464a2725614020b?s=96&d=mm&r=g\",\"contentUrl\":\"https:\\\/\\\/secure.gravatar.com\\\/avatar\\\/4b7ee9206b48be08447852b3f0814dbc7c0f3b51541b164f1464a2725614020b?s=96&d=mm&r=g\",\"caption\":\"Exc\u00e9lsior\"},\"url\":\"https:\\\/\\\/fuentesfidedignas.com.mx\\\/index.php\\\/author\\\/excelsior\\\/\"}]}<\/script>\n<!-- \/ Yoast SEO plugin. -->","yoast_head_json":{"title":"P\u00edldora covid de Pfizer, aprobada en M\u00e9xico; es la segunda - Fuentes Fidedignas","robots":{"index":"index","follow":"follow","max-snippet":"max-snippet:-1","max-image-preview":"max-image-preview:large","max-video-preview":"max-video-preview:-1"},"canonical":"https:\/\/fuentesfidedignas.com.mx\/index.php\/2022\/01\/14\/pildora-covid-de-pfizer-aprobada-en-mexico-es-la-segunda\/","og_locale":"es_MX","og_type":"article","og_title":"P\u00edldora covid de Pfizer, aprobada en M\u00e9xico; es la segunda - Fuentes Fidedignas","og_description":"La p\u00edldora covid de Pfizer s\u00f3lo se administrar\u00e1 con prescripci\u00f3n m\u00e9dica; se destinar\u00e1 a pacientes con coronavirus leve o moderado y con riesgo de complicaciones Ciudad de M\u00e9xico. La p\u00edldora anticovid de Pfizer fue aprobada para su uso de emergencia en M\u00e9xico, as\u00ed lo dio a conocer la Comisi\u00f3n Federal para la Protecci\u00f3n de Riesgos [&hellip;]","og_url":"https:\/\/fuentesfidedignas.com.mx\/index.php\/2022\/01\/14\/pildora-covid-de-pfizer-aprobada-en-mexico-es-la-segunda\/","og_site_name":"Fuentes Fidedignas","article_publisher":"https:\/\/www.facebook.com\/Fuentes-Fidedignas-368234489921644","article_published_time":"2022-01-14T23:30:48+00:00","article_modified_time":"2022-01-14T23:31:21+00:00","og_image":[{"width":800,"height":600,"url":"https:\/\/fuentesfidedignas.com.mx\/wp-content\/uploads\/2022\/01\/2699837.jpg","type":"image\/jpeg"}],"author":"Exc\u00e9lsior","twitter_card":"summary_large_image","twitter_creator":"@fidedignas","twitter_site":"@fidedignas","twitter_misc":{"Escrito por":"Exc\u00e9lsior","Tiempo de lectura":"2 minutos"},"schema":{"@context":"https:\/\/schema.org","@graph":[{"@type":"Article","@id":"https:\/\/fuentesfidedignas.com.mx\/index.php\/2022\/01\/14\/pildora-covid-de-pfizer-aprobada-en-mexico-es-la-segunda\/#article","isPartOf":{"@id":"https:\/\/fuentesfidedignas.com.mx\/index.php\/2022\/01\/14\/pildora-covid-de-pfizer-aprobada-en-mexico-es-la-segunda\/"},"author":{"name":"Exc\u00e9lsior","@id":"https:\/\/fuentesfidedignas.com.mx\/#\/schema\/person\/ec4edd1fbf5efa3e44fce34fe2787780"},"headline":"P\u00edldora covid de Pfizer, aprobada en M\u00e9xico; es la segunda","datePublished":"2022-01-14T23:30:48+00:00","dateModified":"2022-01-14T23:31:21+00:00","mainEntityOfPage":{"@id":"https:\/\/fuentesfidedignas.com.mx\/index.php\/2022\/01\/14\/pildora-covid-de-pfizer-aprobada-en-mexico-es-la-segunda\/"},"wordCount":350,"commentCount":0,"publisher":{"@id":"https:\/\/fuentesfidedignas.com.mx\/#organization"},"image":{"@id":"https:\/\/fuentesfidedignas.com.mx\/index.php\/2022\/01\/14\/pildora-covid-de-pfizer-aprobada-en-mexico-es-la-segunda\/#primaryimage"},"thumbnailUrl":"https:\/\/fuentesfidedignas.com.mx\/wp-content\/uploads\/2022\/01\/2699837.jpg","keywords":["Coronavirus","Covid-19","SARS-CoV-2"],"articleSection":["NOTICIAS NACIONALES"],"inLanguage":"es","potentialAction":[{"@type":"CommentAction","name":"Comment","target":["https:\/\/fuentesfidedignas.com.mx\/index.php\/2022\/01\/14\/pildora-covid-de-pfizer-aprobada-en-mexico-es-la-segunda\/#respond"]}]},{"@type":"WebPage","@id":"https:\/\/fuentesfidedignas.com.mx\/index.php\/2022\/01\/14\/pildora-covid-de-pfizer-aprobada-en-mexico-es-la-segunda\/","url":"https:\/\/fuentesfidedignas.com.mx\/index.php\/2022\/01\/14\/pildora-covid-de-pfizer-aprobada-en-mexico-es-la-segunda\/","name":"P\u00edldora covid de Pfizer, aprobada en M\u00e9xico; es la segunda - Fuentes Fidedignas","isPartOf":{"@id":"https:\/\/fuentesfidedignas.com.mx\/#website"},"primaryImageOfPage":{"@id":"https:\/\/fuentesfidedignas.com.mx\/index.php\/2022\/01\/14\/pildora-covid-de-pfizer-aprobada-en-mexico-es-la-segunda\/#primaryimage"},"image":{"@id":"https:\/\/fuentesfidedignas.com.mx\/index.php\/2022\/01\/14\/pildora-covid-de-pfizer-aprobada-en-mexico-es-la-segunda\/#primaryimage"},"thumbnailUrl":"https:\/\/fuentesfidedignas.com.mx\/wp-content\/uploads\/2022\/01\/2699837.jpg","datePublished":"2022-01-14T23:30:48+00:00","dateModified":"2022-01-14T23:31:21+00:00","breadcrumb":{"@id":"https:\/\/fuentesfidedignas.com.mx\/index.php\/2022\/01\/14\/pildora-covid-de-pfizer-aprobada-en-mexico-es-la-segunda\/#breadcrumb"},"inLanguage":"es","potentialAction":[{"@type":"ReadAction","target":["https:\/\/fuentesfidedignas.com.mx\/index.php\/2022\/01\/14\/pildora-covid-de-pfizer-aprobada-en-mexico-es-la-segunda\/"]}]},{"@type":"ImageObject","inLanguage":"es","@id":"https:\/\/fuentesfidedignas.com.mx\/index.php\/2022\/01\/14\/pildora-covid-de-pfizer-aprobada-en-mexico-es-la-segunda\/#primaryimage","url":"https:\/\/fuentesfidedignas.com.mx\/wp-content\/uploads\/2022\/01\/2699837.jpg","contentUrl":"https:\/\/fuentesfidedignas.com.mx\/wp-content\/uploads\/2022\/01\/2699837.jpg","width":800,"height":600},{"@type":"BreadcrumbList","@id":"https:\/\/fuentesfidedignas.com.mx\/index.php\/2022\/01\/14\/pildora-covid-de-pfizer-aprobada-en-mexico-es-la-segunda\/#breadcrumb","itemListElement":[{"@type":"ListItem","position":1,"name":"Inicio","item":"https:\/\/fuentesfidedignas.com.mx\/"},{"@type":"ListItem","position":2,"name":"P\u00edldora covid de Pfizer, aprobada en M\u00e9xico; es la segunda"}]},{"@type":"WebSite","@id":"https:\/\/fuentesfidedignas.com.mx\/#website","url":"https:\/\/fuentesfidedignas.com.mx\/","name":"Fuentes Fidedignas","description":"Otro sitio realizado con WordPress","publisher":{"@id":"https:\/\/fuentesfidedignas.com.mx\/#organization"},"potentialAction":[{"@type":"SearchAction","target":{"@type":"EntryPoint","urlTemplate":"https:\/\/fuentesfidedignas.com.mx\/?s={search_term_string}"},"query-input":{"@type":"PropertyValueSpecification","valueRequired":true,"valueName":"search_term_string"}}],"inLanguage":"es"},{"@type":"Organization","@id":"https:\/\/fuentesfidedignas.com.mx\/#organization","name":"Fuentes Fidedignas","url":"https:\/\/fuentesfidedignas.com.mx\/","logo":{"@type":"ImageObject","inLanguage":"es","@id":"https:\/\/fuentesfidedignas.com.mx\/#\/schema\/logo\/image\/","url":"https:\/\/fuentesfidedignas.com.mx\/wp-content\/uploads\/2021\/04\/logo-retina.png","contentUrl":"https:\/\/fuentesfidedignas.com.mx\/wp-content\/uploads\/2021\/04\/logo-retina.png","width":280,"height":51,"caption":"Fuentes Fidedignas"},"image":{"@id":"https:\/\/fuentesfidedignas.com.mx\/#\/schema\/logo\/image\/"},"sameAs":["https:\/\/www.facebook.com\/Fuentes-Fidedignas-368234489921644","https:\/\/x.com\/fidedignas"]},{"@type":"Person","@id":"https:\/\/fuentesfidedignas.com.mx\/#\/schema\/person\/ec4edd1fbf5efa3e44fce34fe2787780","name":"Exc\u00e9lsior","image":{"@type":"ImageObject","inLanguage":"es","@id":"https:\/\/secure.gravatar.com\/avatar\/4b7ee9206b48be08447852b3f0814dbc7c0f3b51541b164f1464a2725614020b?s=96&d=mm&r=g","url":"https:\/\/secure.gravatar.com\/avatar\/4b7ee9206b48be08447852b3f0814dbc7c0f3b51541b164f1464a2725614020b?s=96&d=mm&r=g","contentUrl":"https:\/\/secure.gravatar.com\/avatar\/4b7ee9206b48be08447852b3f0814dbc7c0f3b51541b164f1464a2725614020b?s=96&d=mm&r=g","caption":"Exc\u00e9lsior"},"url":"https:\/\/fuentesfidedignas.com.mx\/index.php\/author\/excelsior\/"}]}},"_links":{"self":[{"href":"https:\/\/fuentesfidedignas.com.mx\/index.php\/wp-json\/wp\/v2\/posts\/21856","targetHints":{"allow":["GET"]}}],"collection":[{"href":"https:\/\/fuentesfidedignas.com.mx\/index.php\/wp-json\/wp\/v2\/posts"}],"about":[{"href":"https:\/\/fuentesfidedignas.com.mx\/index.php\/wp-json\/wp\/v2\/types\/post"}],"author":[{"embeddable":true,"href":"https:\/\/fuentesfidedignas.com.mx\/index.php\/wp-json\/wp\/v2\/users\/7"}],"replies":[{"embeddable":true,"href":"https:\/\/fuentesfidedignas.com.mx\/index.php\/wp-json\/wp\/v2\/comments?post=21856"}],"version-history":[{"count":1,"href":"https:\/\/fuentesfidedignas.com.mx\/index.php\/wp-json\/wp\/v2\/posts\/21856\/revisions"}],"predecessor-version":[{"id":21858,"href":"https:\/\/fuentesfidedignas.com.mx\/index.php\/wp-json\/wp\/v2\/posts\/21856\/revisions\/21858"}],"wp:featuredmedia":[{"embeddable":true,"href":"https:\/\/fuentesfidedignas.com.mx\/index.php\/wp-json\/wp\/v2\/media\/21857"}],"wp:attachment":[{"href":"https:\/\/fuentesfidedignas.com.mx\/index.php\/wp-json\/wp\/v2\/media?parent=21856"}],"wp:term":[{"taxonomy":"category","embeddable":true,"href":"https:\/\/fuentesfidedignas.com.mx\/index.php\/wp-json\/wp\/v2\/categories?post=21856"},{"taxonomy":"post_tag","embeddable":true,"href":"https:\/\/fuentesfidedignas.com.mx\/index.php\/wp-json\/wp\/v2\/tags?post=21856"}],"curies":[{"name":"wp","href":"https:\/\/api.w.org\/{rel}","templated":true}]}}