{"id":21688,"date":"2022-01-13T06:35:05","date_gmt":"2022-01-13T13:35:05","guid":{"rendered":"https:\/\/fuentesfidedignas.com.mx\/?p=21688"},"modified":"2022-01-13T06:35:06","modified_gmt":"2022-01-13T13:35:06","slug":"enfrenta-5-de-adultos-depresion-reporte-de-la-organizacion-mundial-de-la-salud","status":"publish","type":"post","link":"https:\/\/fuentesfidedignas.com.mx\/index.php\/2022\/01\/13\/enfrenta-5-de-adultos-depresion-reporte-de-la-organizacion-mundial-de-la-salud\/","title":{"rendered":"Enfrenta 5% de adultos depresi\u00f3n: reporte de la Organizaci\u00f3n Mundial de la Salud"},"content":{"rendered":"\n<p><strong><em>\u00c9sta condici\u00f3n puede convertirse en un problema de salud serio, especialmente cuando es recurrente y de intensidad moderada a grave.<\/em><\/strong><\/p>\n\n\n\n<p>Ciudad de M\u00e9xico.- A escala mundial, 5% de la poblaci\u00f3n adulta tiene depresi\u00f3n, seg\u00fan la Organizaci\u00f3n Mundial de la Salud (OMS), por lo que es un trastorno mental com\u00fan.<\/p>\n\n\n\n<p>La depresi\u00f3n es distinta de las variaciones habituales del estado de \u00e1nimo y de las respuestas emocionales breves a los problemas de la vida cotidiana, define el organismo.<\/p>\n\n\n\n<p>\u00c9sta condici\u00f3n puede convertirse en un problema de salud serio, especialmente cuando es recurrente y de intensidad moderada a grave.<\/p>\n\n\n\n<p>Puede causar gran sufrimiento a la persona afectada y alterar sus actividades laborales, escolares y familiares, detall\u00f3 el organismo.<\/p>\n\n\n\n<p>Adem\u00e1s, puede llevar al suicidio, que actualmente es la cuarta causa de muerte entre personas de 15 a 29 a\u00f1os.<\/p>\n\n\n\n<p>Seg\u00fan la secci\u00f3n dedicada a esta situaci\u00f3n en el sitio de la OMS, la depresi\u00f3n es la principal causa mundial de discapacidad y contribuye de forma muy importante a la carga mundial general de morbilidad.<\/p>\n\n\n\n<p>Adem\u00e1s, afecta m\u00e1s a la mujer que al hombre.<\/p>\n\n\n\n<p>De acuerdo con el Atlas de Salud Mental de la OMS, las pol\u00edticas globales para atender este mal son escasas.<\/p>\n\n\n\n<p>En 2020, el \u00faltimo conteo disponible, s\u00f3lo 52% de los pa\u00edses cumpli\u00f3 la meta relacionada con los programas de prevenci\u00f3n y promoci\u00f3n en la materia, a pesar de que la meta era de 80%<\/p>\n\n\n\n<p>&#8220;Es sumamente preocupante que, a pesar de la evidente y creciente necesidad de servicios de salud mental, la cual se ha agudizado a\u00fan m\u00e1s durante la pandemia de covid-19, las buenas intenciones no se vean acompa\u00f1adas de inversiones\u201d, dijo el Dr. Tedros Adhanom Ghebreyesus, director general de la OMS.<\/p>\n\n\n\n<p>Ante esto, el n\u00famero medio mundial de trabajadores de salud mental por cada 100 mil habitantes pas\u00f3 de nueve trabajadores en 2014 a 13 trabajadores por cada 100 mil habitantes en 2020. Sin embargo, existe una brecha entre naciones de altos y bajos ingresos.<\/p>\n\n\n\n<p>&#8220;Debemos atender esta llamada de atenci\u00f3n y actuar al respecto acelerando dr\u00e1sticamente el aumento de la inversi\u00f3n en salud mental, porque no hay salud sin salud mental\u201d, concluy\u00f3 Tedros Adhanom.<\/p>\n\n\n\n<p>En nuestro pa\u00eds, la depresi\u00f3n es la primera causa discapacitante para mujeres y la novena para los hombres.<\/p>\n\n\n\n<p>Para 2030, la OMS proyecta que los problemas mentales sean la principal causa de muerte.<\/p>\n","protected":false},"excerpt":{"rendered":"<p>\u00c9sta condici\u00f3n puede convertirse en un problema de salud serio, especialmente cuando es recurrente y de intensidad moderada a grave. Ciudad de M\u00e9xico.- A escala mundial, 5% de la poblaci\u00f3n adulta tiene depresi\u00f3n, seg\u00fan la Organizaci\u00f3n Mundial de la Salud (OMS), por lo que es un trastorno mental com\u00fan. La depresi\u00f3n es distinta de las [&hellip;]<\/p>\n","protected":false},"author":7,"featured_media":21689,"comment_status":"open","ping_status":"open","sticky":false,"template":"","format":"standard","meta":{"tdm_status":"","tdm_grid_status":"","footnotes":""},"categories":[39],"tags":[59,374,416],"class_list":{"0":"post-21688","1":"post","2":"type-post","3":"status-publish","4":"format-standard","5":"has-post-thumbnail","7":"category-noticias-nacionales","8":"tag-covid-19","9":"tag-oms","10":"tag-sars-cov-2"},"yoast_head":"<!-- This site is optimized with the Yoast SEO plugin v27.5 - https:\/\/yoast.com\/product\/yoast-seo-wordpress\/ -->\n<title>Enfrenta 5% de adultos depresi\u00f3n: reporte de la Organizaci\u00f3n Mundial de la Salud - Fuentes Fidedignas<\/title>\n<meta name=\"robots\" content=\"index, follow, max-snippet:-1, max-image-preview:large, max-video-preview:-1\" \/>\n<link rel=\"canonical\" href=\"https:\/\/fuentesfidedignas.com.mx\/index.php\/2022\/01\/13\/enfrenta-5-de-adultos-depresion-reporte-de-la-organizacion-mundial-de-la-salud\/\" \/>\n<meta property=\"og:locale\" content=\"es_MX\" \/>\n<meta property=\"og:type\" content=\"article\" \/>\n<meta property=\"og:title\" content=\"Enfrenta 5% de adultos depresi\u00f3n: reporte de la Organizaci\u00f3n Mundial de la Salud - Fuentes Fidedignas\" \/>\n<meta property=\"og:description\" content=\"\u00c9sta condici\u00f3n puede convertirse en un problema de salud serio, especialmente cuando es recurrente y de intensidad moderada a grave. Ciudad de M\u00e9xico.- A escala mundial, 5% de la poblaci\u00f3n adulta tiene depresi\u00f3n, seg\u00fan la Organizaci\u00f3n Mundial de la Salud (OMS), por lo que es un trastorno mental com\u00fan. La depresi\u00f3n es distinta de las [&hellip;]\" \/>\n<meta property=\"og:url\" content=\"https:\/\/fuentesfidedignas.com.mx\/index.php\/2022\/01\/13\/enfrenta-5-de-adultos-depresion-reporte-de-la-organizacion-mundial-de-la-salud\/\" \/>\n<meta property=\"og:site_name\" content=\"Fuentes Fidedignas\" \/>\n<meta property=\"article:publisher\" content=\"https:\/\/www.facebook.com\/Fuentes-Fidedignas-368234489921644\" \/>\n<meta property=\"article:published_time\" content=\"2022-01-13T13:35:05+00:00\" \/>\n<meta property=\"article:modified_time\" content=\"2022-01-13T13:35:06+00:00\" \/>\n<meta property=\"og:image\" content=\"https:\/\/fuentesfidedignas.com.mx\/wp-content\/uploads\/2022\/01\/DEPRESION.jpg\" \/>\n\t<meta property=\"og:image:width\" content=\"1600\" \/>\n\t<meta property=\"og:image:height\" content=\"900\" \/>\n\t<meta property=\"og:image:type\" content=\"image\/jpeg\" \/>\n<meta name=\"author\" content=\"Exc\u00e9lsior\" \/>\n<meta name=\"twitter:card\" content=\"summary_large_image\" \/>\n<meta name=\"twitter:creator\" content=\"@fidedignas\" \/>\n<meta name=\"twitter:site\" content=\"@fidedignas\" \/>\n<meta name=\"twitter:label1\" content=\"Escrito por\" \/>\n\t<meta name=\"twitter:data1\" content=\"Exc\u00e9lsior\" \/>\n\t<meta name=\"twitter:label2\" content=\"Tiempo de lectura\" \/>\n\t<meta name=\"twitter:data2\" content=\"2 minutos\" \/>\n<script type=\"application\/ld+json\" class=\"yoast-schema-graph\">{\"@context\":\"https:\\\/\\\/schema.org\",\"@graph\":[{\"@type\":\"Article\",\"@id\":\"https:\\\/\\\/fuentesfidedignas.com.mx\\\/index.php\\\/2022\\\/01\\\/13\\\/enfrenta-5-de-adultos-depresion-reporte-de-la-organizacion-mundial-de-la-salud\\\/#article\",\"isPartOf\":{\"@id\":\"https:\\\/\\\/fuentesfidedignas.com.mx\\\/index.php\\\/2022\\\/01\\\/13\\\/enfrenta-5-de-adultos-depresion-reporte-de-la-organizacion-mundial-de-la-salud\\\/\"},\"author\":{\"name\":\"Exc\u00e9lsior\",\"@id\":\"https:\\\/\\\/fuentesfidedignas.com.mx\\\/#\\\/schema\\\/person\\\/ec4edd1fbf5efa3e44fce34fe2787780\"},\"headline\":\"Enfrenta 5% de adultos depresi\u00f3n: reporte de la Organizaci\u00f3n Mundial de la Salud\",\"datePublished\":\"2022-01-13T13:35:05+00:00\",\"dateModified\":\"2022-01-13T13:35:06+00:00\",\"mainEntityOfPage\":{\"@id\":\"https:\\\/\\\/fuentesfidedignas.com.mx\\\/index.php\\\/2022\\\/01\\\/13\\\/enfrenta-5-de-adultos-depresion-reporte-de-la-organizacion-mundial-de-la-salud\\\/\"},\"wordCount\":424,\"commentCount\":0,\"publisher\":{\"@id\":\"https:\\\/\\\/fuentesfidedignas.com.mx\\\/#organization\"},\"image\":{\"@id\":\"https:\\\/\\\/fuentesfidedignas.com.mx\\\/index.php\\\/2022\\\/01\\\/13\\\/enfrenta-5-de-adultos-depresion-reporte-de-la-organizacion-mundial-de-la-salud\\\/#primaryimage\"},\"thumbnailUrl\":\"https:\\\/\\\/fuentesfidedignas.com.mx\\\/wp-content\\\/uploads\\\/2022\\\/01\\\/DEPRESION.jpg\",\"keywords\":[\"Covid-19\",\"OMS\",\"SARS-CoV-2\"],\"articleSection\":[\"NOTICIAS NACIONALES\"],\"inLanguage\":\"es\",\"potentialAction\":[{\"@type\":\"CommentAction\",\"name\":\"Comment\",\"target\":[\"https:\\\/\\\/fuentesfidedignas.com.mx\\\/index.php\\\/2022\\\/01\\\/13\\\/enfrenta-5-de-adultos-depresion-reporte-de-la-organizacion-mundial-de-la-salud\\\/#respond\"]}]},{\"@type\":\"WebPage\",\"@id\":\"https:\\\/\\\/fuentesfidedignas.com.mx\\\/index.php\\\/2022\\\/01\\\/13\\\/enfrenta-5-de-adultos-depresion-reporte-de-la-organizacion-mundial-de-la-salud\\\/\",\"url\":\"https:\\\/\\\/fuentesfidedignas.com.mx\\\/index.php\\\/2022\\\/01\\\/13\\\/enfrenta-5-de-adultos-depresion-reporte-de-la-organizacion-mundial-de-la-salud\\\/\",\"name\":\"Enfrenta 5% de adultos depresi\u00f3n: reporte de la Organizaci\u00f3n Mundial de la Salud - Fuentes Fidedignas\",\"isPartOf\":{\"@id\":\"https:\\\/\\\/fuentesfidedignas.com.mx\\\/#website\"},\"primaryImageOfPage\":{\"@id\":\"https:\\\/\\\/fuentesfidedignas.com.mx\\\/index.php\\\/2022\\\/01\\\/13\\\/enfrenta-5-de-adultos-depresion-reporte-de-la-organizacion-mundial-de-la-salud\\\/#primaryimage\"},\"image\":{\"@id\":\"https:\\\/\\\/fuentesfidedignas.com.mx\\\/index.php\\\/2022\\\/01\\\/13\\\/enfrenta-5-de-adultos-depresion-reporte-de-la-organizacion-mundial-de-la-salud\\\/#primaryimage\"},\"thumbnailUrl\":\"https:\\\/\\\/fuentesfidedignas.com.mx\\\/wp-content\\\/uploads\\\/2022\\\/01\\\/DEPRESION.jpg\",\"datePublished\":\"2022-01-13T13:35:05+00:00\",\"dateModified\":\"2022-01-13T13:35:06+00:00\",\"breadcrumb\":{\"@id\":\"https:\\\/\\\/fuentesfidedignas.com.mx\\\/index.php\\\/2022\\\/01\\\/13\\\/enfrenta-5-de-adultos-depresion-reporte-de-la-organizacion-mundial-de-la-salud\\\/#breadcrumb\"},\"inLanguage\":\"es\",\"potentialAction\":[{\"@type\":\"ReadAction\",\"target\":[\"https:\\\/\\\/fuentesfidedignas.com.mx\\\/index.php\\\/2022\\\/01\\\/13\\\/enfrenta-5-de-adultos-depresion-reporte-de-la-organizacion-mundial-de-la-salud\\\/\"]}]},{\"@type\":\"ImageObject\",\"inLanguage\":\"es\",\"@id\":\"https:\\\/\\\/fuentesfidedignas.com.mx\\\/index.php\\\/2022\\\/01\\\/13\\\/enfrenta-5-de-adultos-depresion-reporte-de-la-organizacion-mundial-de-la-salud\\\/#primaryimage\",\"url\":\"https:\\\/\\\/fuentesfidedignas.com.mx\\\/wp-content\\\/uploads\\\/2022\\\/01\\\/DEPRESION.jpg\",\"contentUrl\":\"https:\\\/\\\/fuentesfidedignas.com.mx\\\/wp-content\\\/uploads\\\/2022\\\/01\\\/DEPRESION.jpg\",\"width\":1600,\"height\":900},{\"@type\":\"BreadcrumbList\",\"@id\":\"https:\\\/\\\/fuentesfidedignas.com.mx\\\/index.php\\\/2022\\\/01\\\/13\\\/enfrenta-5-de-adultos-depresion-reporte-de-la-organizacion-mundial-de-la-salud\\\/#breadcrumb\",\"itemListElement\":[{\"@type\":\"ListItem\",\"position\":1,\"name\":\"Inicio\",\"item\":\"https:\\\/\\\/fuentesfidedignas.com.mx\\\/\"},{\"@type\":\"ListItem\",\"position\":2,\"name\":\"Enfrenta 5% de adultos depresi\u00f3n: reporte de la Organizaci\u00f3n Mundial de la Salud\"}]},{\"@type\":\"WebSite\",\"@id\":\"https:\\\/\\\/fuentesfidedignas.com.mx\\\/#website\",\"url\":\"https:\\\/\\\/fuentesfidedignas.com.mx\\\/\",\"name\":\"Fuentes Fidedignas\",\"description\":\"Otro sitio realizado con WordPress\",\"publisher\":{\"@id\":\"https:\\\/\\\/fuentesfidedignas.com.mx\\\/#organization\"},\"potentialAction\":[{\"@type\":\"SearchAction\",\"target\":{\"@type\":\"EntryPoint\",\"urlTemplate\":\"https:\\\/\\\/fuentesfidedignas.com.mx\\\/?s={search_term_string}\"},\"query-input\":{\"@type\":\"PropertyValueSpecification\",\"valueRequired\":true,\"valueName\":\"search_term_string\"}}],\"inLanguage\":\"es\"},{\"@type\":\"Organization\",\"@id\":\"https:\\\/\\\/fuentesfidedignas.com.mx\\\/#organization\",\"name\":\"Fuentes Fidedignas\",\"url\":\"https:\\\/\\\/fuentesfidedignas.com.mx\\\/\",\"logo\":{\"@type\":\"ImageObject\",\"inLanguage\":\"es\",\"@id\":\"https:\\\/\\\/fuentesfidedignas.com.mx\\\/#\\\/schema\\\/logo\\\/image\\\/\",\"url\":\"https:\\\/\\\/fuentesfidedignas.com.mx\\\/wp-content\\\/uploads\\\/2021\\\/04\\\/logo-retina.png\",\"contentUrl\":\"https:\\\/\\\/fuentesfidedignas.com.mx\\\/wp-content\\\/uploads\\\/2021\\\/04\\\/logo-retina.png\",\"width\":280,\"height\":51,\"caption\":\"Fuentes Fidedignas\"},\"image\":{\"@id\":\"https:\\\/\\\/fuentesfidedignas.com.mx\\\/#\\\/schema\\\/logo\\\/image\\\/\"},\"sameAs\":[\"https:\\\/\\\/www.facebook.com\\\/Fuentes-Fidedignas-368234489921644\",\"https:\\\/\\\/x.com\\\/fidedignas\"]},{\"@type\":\"Person\",\"@id\":\"https:\\\/\\\/fuentesfidedignas.com.mx\\\/#\\\/schema\\\/person\\\/ec4edd1fbf5efa3e44fce34fe2787780\",\"name\":\"Exc\u00e9lsior\",\"image\":{\"@type\":\"ImageObject\",\"inLanguage\":\"es\",\"@id\":\"https:\\\/\\\/secure.gravatar.com\\\/avatar\\\/4b7ee9206b48be08447852b3f0814dbc7c0f3b51541b164f1464a2725614020b?s=96&d=mm&r=g\",\"url\":\"https:\\\/\\\/secure.gravatar.com\\\/avatar\\\/4b7ee9206b48be08447852b3f0814dbc7c0f3b51541b164f1464a2725614020b?s=96&d=mm&r=g\",\"contentUrl\":\"https:\\\/\\\/secure.gravatar.com\\\/avatar\\\/4b7ee9206b48be08447852b3f0814dbc7c0f3b51541b164f1464a2725614020b?s=96&d=mm&r=g\",\"caption\":\"Exc\u00e9lsior\"},\"url\":\"https:\\\/\\\/fuentesfidedignas.com.mx\\\/index.php\\\/author\\\/excelsior\\\/\"}]}<\/script>\n<!-- \/ Yoast SEO plugin. -->","yoast_head_json":{"title":"Enfrenta 5% de adultos depresi\u00f3n: reporte de la Organizaci\u00f3n Mundial de la Salud - Fuentes Fidedignas","robots":{"index":"index","follow":"follow","max-snippet":"max-snippet:-1","max-image-preview":"max-image-preview:large","max-video-preview":"max-video-preview:-1"},"canonical":"https:\/\/fuentesfidedignas.com.mx\/index.php\/2022\/01\/13\/enfrenta-5-de-adultos-depresion-reporte-de-la-organizacion-mundial-de-la-salud\/","og_locale":"es_MX","og_type":"article","og_title":"Enfrenta 5% de adultos depresi\u00f3n: reporte de la Organizaci\u00f3n Mundial de la Salud - Fuentes Fidedignas","og_description":"\u00c9sta condici\u00f3n puede convertirse en un problema de salud serio, especialmente cuando es recurrente y de intensidad moderada a grave. Ciudad de M\u00e9xico.- A escala mundial, 5% de la poblaci\u00f3n adulta tiene depresi\u00f3n, seg\u00fan la Organizaci\u00f3n Mundial de la Salud (OMS), por lo que es un trastorno mental com\u00fan. La depresi\u00f3n es distinta de las [&hellip;]","og_url":"https:\/\/fuentesfidedignas.com.mx\/index.php\/2022\/01\/13\/enfrenta-5-de-adultos-depresion-reporte-de-la-organizacion-mundial-de-la-salud\/","og_site_name":"Fuentes Fidedignas","article_publisher":"https:\/\/www.facebook.com\/Fuentes-Fidedignas-368234489921644","article_published_time":"2022-01-13T13:35:05+00:00","article_modified_time":"2022-01-13T13:35:06+00:00","og_image":[{"width":1600,"height":900,"url":"https:\/\/fuentesfidedignas.com.mx\/wp-content\/uploads\/2022\/01\/DEPRESION.jpg","type":"image\/jpeg"}],"author":"Exc\u00e9lsior","twitter_card":"summary_large_image","twitter_creator":"@fidedignas","twitter_site":"@fidedignas","twitter_misc":{"Escrito por":"Exc\u00e9lsior","Tiempo de lectura":"2 minutos"},"schema":{"@context":"https:\/\/schema.org","@graph":[{"@type":"Article","@id":"https:\/\/fuentesfidedignas.com.mx\/index.php\/2022\/01\/13\/enfrenta-5-de-adultos-depresion-reporte-de-la-organizacion-mundial-de-la-salud\/#article","isPartOf":{"@id":"https:\/\/fuentesfidedignas.com.mx\/index.php\/2022\/01\/13\/enfrenta-5-de-adultos-depresion-reporte-de-la-organizacion-mundial-de-la-salud\/"},"author":{"name":"Exc\u00e9lsior","@id":"https:\/\/fuentesfidedignas.com.mx\/#\/schema\/person\/ec4edd1fbf5efa3e44fce34fe2787780"},"headline":"Enfrenta 5% de adultos depresi\u00f3n: reporte de la Organizaci\u00f3n Mundial de la Salud","datePublished":"2022-01-13T13:35:05+00:00","dateModified":"2022-01-13T13:35:06+00:00","mainEntityOfPage":{"@id":"https:\/\/fuentesfidedignas.com.mx\/index.php\/2022\/01\/13\/enfrenta-5-de-adultos-depresion-reporte-de-la-organizacion-mundial-de-la-salud\/"},"wordCount":424,"commentCount":0,"publisher":{"@id":"https:\/\/fuentesfidedignas.com.mx\/#organization"},"image":{"@id":"https:\/\/fuentesfidedignas.com.mx\/index.php\/2022\/01\/13\/enfrenta-5-de-adultos-depresion-reporte-de-la-organizacion-mundial-de-la-salud\/#primaryimage"},"thumbnailUrl":"https:\/\/fuentesfidedignas.com.mx\/wp-content\/uploads\/2022\/01\/DEPRESION.jpg","keywords":["Covid-19","OMS","SARS-CoV-2"],"articleSection":["NOTICIAS NACIONALES"],"inLanguage":"es","potentialAction":[{"@type":"CommentAction","name":"Comment","target":["https:\/\/fuentesfidedignas.com.mx\/index.php\/2022\/01\/13\/enfrenta-5-de-adultos-depresion-reporte-de-la-organizacion-mundial-de-la-salud\/#respond"]}]},{"@type":"WebPage","@id":"https:\/\/fuentesfidedignas.com.mx\/index.php\/2022\/01\/13\/enfrenta-5-de-adultos-depresion-reporte-de-la-organizacion-mundial-de-la-salud\/","url":"https:\/\/fuentesfidedignas.com.mx\/index.php\/2022\/01\/13\/enfrenta-5-de-adultos-depresion-reporte-de-la-organizacion-mundial-de-la-salud\/","name":"Enfrenta 5% de adultos depresi\u00f3n: reporte de la Organizaci\u00f3n Mundial de la Salud - Fuentes Fidedignas","isPartOf":{"@id":"https:\/\/fuentesfidedignas.com.mx\/#website"},"primaryImageOfPage":{"@id":"https:\/\/fuentesfidedignas.com.mx\/index.php\/2022\/01\/13\/enfrenta-5-de-adultos-depresion-reporte-de-la-organizacion-mundial-de-la-salud\/#primaryimage"},"image":{"@id":"https:\/\/fuentesfidedignas.com.mx\/index.php\/2022\/01\/13\/enfrenta-5-de-adultos-depresion-reporte-de-la-organizacion-mundial-de-la-salud\/#primaryimage"},"thumbnailUrl":"https:\/\/fuentesfidedignas.com.mx\/wp-content\/uploads\/2022\/01\/DEPRESION.jpg","datePublished":"2022-01-13T13:35:05+00:00","dateModified":"2022-01-13T13:35:06+00:00","breadcrumb":{"@id":"https:\/\/fuentesfidedignas.com.mx\/index.php\/2022\/01\/13\/enfrenta-5-de-adultos-depresion-reporte-de-la-organizacion-mundial-de-la-salud\/#breadcrumb"},"inLanguage":"es","potentialAction":[{"@type":"ReadAction","target":["https:\/\/fuentesfidedignas.com.mx\/index.php\/2022\/01\/13\/enfrenta-5-de-adultos-depresion-reporte-de-la-organizacion-mundial-de-la-salud\/"]}]},{"@type":"ImageObject","inLanguage":"es","@id":"https:\/\/fuentesfidedignas.com.mx\/index.php\/2022\/01\/13\/enfrenta-5-de-adultos-depresion-reporte-de-la-organizacion-mundial-de-la-salud\/#primaryimage","url":"https:\/\/fuentesfidedignas.com.mx\/wp-content\/uploads\/2022\/01\/DEPRESION.jpg","contentUrl":"https:\/\/fuentesfidedignas.com.mx\/wp-content\/uploads\/2022\/01\/DEPRESION.jpg","width":1600,"height":900},{"@type":"BreadcrumbList","@id":"https:\/\/fuentesfidedignas.com.mx\/index.php\/2022\/01\/13\/enfrenta-5-de-adultos-depresion-reporte-de-la-organizacion-mundial-de-la-salud\/#breadcrumb","itemListElement":[{"@type":"ListItem","position":1,"name":"Inicio","item":"https:\/\/fuentesfidedignas.com.mx\/"},{"@type":"ListItem","position":2,"name":"Enfrenta 5% de adultos depresi\u00f3n: reporte de la Organizaci\u00f3n Mundial de la Salud"}]},{"@type":"WebSite","@id":"https:\/\/fuentesfidedignas.com.mx\/#website","url":"https:\/\/fuentesfidedignas.com.mx\/","name":"Fuentes Fidedignas","description":"Otro sitio realizado con WordPress","publisher":{"@id":"https:\/\/fuentesfidedignas.com.mx\/#organization"},"potentialAction":[{"@type":"SearchAction","target":{"@type":"EntryPoint","urlTemplate":"https:\/\/fuentesfidedignas.com.mx\/?s={search_term_string}"},"query-input":{"@type":"PropertyValueSpecification","valueRequired":true,"valueName":"search_term_string"}}],"inLanguage":"es"},{"@type":"Organization","@id":"https:\/\/fuentesfidedignas.com.mx\/#organization","name":"Fuentes Fidedignas","url":"https:\/\/fuentesfidedignas.com.mx\/","logo":{"@type":"ImageObject","inLanguage":"es","@id":"https:\/\/fuentesfidedignas.com.mx\/#\/schema\/logo\/image\/","url":"https:\/\/fuentesfidedignas.com.mx\/wp-content\/uploads\/2021\/04\/logo-retina.png","contentUrl":"https:\/\/fuentesfidedignas.com.mx\/wp-content\/uploads\/2021\/04\/logo-retina.png","width":280,"height":51,"caption":"Fuentes Fidedignas"},"image":{"@id":"https:\/\/fuentesfidedignas.com.mx\/#\/schema\/logo\/image\/"},"sameAs":["https:\/\/www.facebook.com\/Fuentes-Fidedignas-368234489921644","https:\/\/x.com\/fidedignas"]},{"@type":"Person","@id":"https:\/\/fuentesfidedignas.com.mx\/#\/schema\/person\/ec4edd1fbf5efa3e44fce34fe2787780","name":"Exc\u00e9lsior","image":{"@type":"ImageObject","inLanguage":"es","@id":"https:\/\/secure.gravatar.com\/avatar\/4b7ee9206b48be08447852b3f0814dbc7c0f3b51541b164f1464a2725614020b?s=96&d=mm&r=g","url":"https:\/\/secure.gravatar.com\/avatar\/4b7ee9206b48be08447852b3f0814dbc7c0f3b51541b164f1464a2725614020b?s=96&d=mm&r=g","contentUrl":"https:\/\/secure.gravatar.com\/avatar\/4b7ee9206b48be08447852b3f0814dbc7c0f3b51541b164f1464a2725614020b?s=96&d=mm&r=g","caption":"Exc\u00e9lsior"},"url":"https:\/\/fuentesfidedignas.com.mx\/index.php\/author\/excelsior\/"}]}},"_links":{"self":[{"href":"https:\/\/fuentesfidedignas.com.mx\/index.php\/wp-json\/wp\/v2\/posts\/21688","targetHints":{"allow":["GET"]}}],"collection":[{"href":"https:\/\/fuentesfidedignas.com.mx\/index.php\/wp-json\/wp\/v2\/posts"}],"about":[{"href":"https:\/\/fuentesfidedignas.com.mx\/index.php\/wp-json\/wp\/v2\/types\/post"}],"author":[{"embeddable":true,"href":"https:\/\/fuentesfidedignas.com.mx\/index.php\/wp-json\/wp\/v2\/users\/7"}],"replies":[{"embeddable":true,"href":"https:\/\/fuentesfidedignas.com.mx\/index.php\/wp-json\/wp\/v2\/comments?post=21688"}],"version-history":[{"count":1,"href":"https:\/\/fuentesfidedignas.com.mx\/index.php\/wp-json\/wp\/v2\/posts\/21688\/revisions"}],"predecessor-version":[{"id":21690,"href":"https:\/\/fuentesfidedignas.com.mx\/index.php\/wp-json\/wp\/v2\/posts\/21688\/revisions\/21690"}],"wp:featuredmedia":[{"embeddable":true,"href":"https:\/\/fuentesfidedignas.com.mx\/index.php\/wp-json\/wp\/v2\/media\/21689"}],"wp:attachment":[{"href":"https:\/\/fuentesfidedignas.com.mx\/index.php\/wp-json\/wp\/v2\/media?parent=21688"}],"wp:term":[{"taxonomy":"category","embeddable":true,"href":"https:\/\/fuentesfidedignas.com.mx\/index.php\/wp-json\/wp\/v2\/categories?post=21688"},{"taxonomy":"post_tag","embeddable":true,"href":"https:\/\/fuentesfidedignas.com.mx\/index.php\/wp-json\/wp\/v2\/tags?post=21688"}],"curies":[{"name":"wp","href":"https:\/\/api.w.org\/{rel}","templated":true}]}}