{"id":21613,"date":"2022-01-12T07:50:58","date_gmt":"2022-01-12T14:50:58","guid":{"rendered":"https:\/\/fuentesfidedignas.com.mx\/?p=21613"},"modified":"2022-01-12T07:50:59","modified_gmt":"2022-01-12T14:50:59","slug":"ine-ya-alcanzo-meta-de-validacion-de-firmas-para-revocacion-segob","status":"publish","type":"post","link":"https:\/\/fuentesfidedignas.com.mx\/index.php\/2022\/01\/12\/ine-ya-alcanzo-meta-de-validacion-de-firmas-para-revocacion-segob\/","title":{"rendered":"INE ya alcanz\u00f3 meta de validaci\u00f3n de firmas para revocaci\u00f3n: Segob"},"content":{"rendered":"\n<p><strong><em>Gobernaci\u00f3n inform\u00f3 que el INE ya alcanz\u00f3 el umbral de 2.7 millones de firmas validadas para llamar a la consulta de revocaci\u00f3n de mandato.<\/em><\/strong><\/p>\n\n\n\n<p>Ciudad de M\u00e9xico.- Ad\u00e1n Augusto L\u00f3pez Hern\u00e1ndez, secretario de Gobernaci\u00f3n, inform\u00f3 que el Instituto Nacional Electoral (INE) ya alcalz\u00f3 la meta de validaci\u00f3n de 2 millones 758 mil 227 de firmas necesarias para convocar a la consulta de revocaci\u00f3n de mandato.<\/p>\n\n\n\n<p>En conferencia de prensa desde Palacio Nacional, el titular de Gobernaci\u00f3n indic\u00f3 que a fin de eficientar el gasto, el INE determin\u00f3 que no seguir\u00e1 validando las r\u00fabricas a fin de no comprometer m\u00e1s el presupuesto.<\/p>\n\n\n\n<p>\u201cLo que s\u00ed sabemos es que ha terminado pr\u00e1cticamente el proceso de validaci\u00f3n. Ya se obtuvo el porcentaje requerido para hacer la convocatoria oficial. Determinaron que ya no seguir\u00e1n contando o validando porque se trata de economizar y canalizar esos recursos a la consulta\u201c, explic\u00f3 el funcionario federal.<\/p>\n\n\n\n<p>De acuerdo con informaci\u00f3n difundida por el diario Milenio, el pleno del INE discutir\u00e1 hoy un acuerdo para solicitar a la Secretar\u00eda de Hacienda un incremento presupuestal de mil 738 millones de pesos a fin de poder llevar a cabo la consulta de manera \u00f3ptima.<\/p>\n\n\n\n<p>Seg\u00fan el proyecto, el instituto plantea solicitar a Talleres Gr\u00e1ficos de M\u00e9xico, la Comisi\u00f3n Federal de Electricidad (CFE) y el Instituto Mexicano del Seguro Social (IMSS) apoye con servicios gratuitos.<\/p>\n\n\n\n<p>Al respecto, L\u00f3pez Hern\u00e1ndez explic\u00f3 que el gobierno a\u00fan no ha recbido comunicaci\u00f3n oficial sobre la petici\u00f3n del INE, pero dijo que el gobierno prepara un plan de austeridad para delinear en qu\u00e9 gasta el organismo sus recursos.<\/p>\n\n\n\n<p>\u201cNosotros lo que hemos venido diciendo es no nada m\u00e1s que se transparente, sino que se ajuste, terminar con gastos superfluos, que no haya flotillas de veh\u00edculos que no se utilizan, que se termine con los excesivos gastos de representaci\u00f3n o vi\u00e1ticos, con lo superfluo y que nos ajustemos a un ingreso que sea moderado, que de acaben los sueldos que hab\u00eda en el pasado\u201d, coment\u00f3.<\/p>\n","protected":false},"excerpt":{"rendered":"<p>Gobernaci\u00f3n inform\u00f3 que el INE ya alcanz\u00f3 el umbral de 2.7 millones de firmas validadas para llamar a la consulta de revocaci\u00f3n de mandato. Ciudad de M\u00e9xico.- Ad\u00e1n Augusto L\u00f3pez Hern\u00e1ndez, secretario de Gobernaci\u00f3n, inform\u00f3 que el Instituto Nacional Electoral (INE) ya alcalz\u00f3 la meta de validaci\u00f3n de 2 millones 758 mil 227 de firmas [&hellip;]<\/p>\n","protected":false},"author":5,"featured_media":21614,"comment_status":"open","ping_status":"open","sticky":false,"template":"","format":"standard","meta":{"tdm_status":"","tdm_grid_status":"","footnotes":""},"categories":[39],"tags":[247,297,264,263,1582],"class_list":{"0":"post-21613","1":"post","2":"type-post","3":"status-publish","4":"format-standard","5":"has-post-thumbnail","7":"category-noticias-nacionales","8":"tag-amlo","9":"tag-andres-manuel-lopez-obrador","10":"tag-ine","11":"tag-instituto-nacional-electoral","12":"tag-revocacion-de-mandato"},"yoast_head":"<!-- This site is optimized with the Yoast SEO plugin v27.5 - https:\/\/yoast.com\/product\/yoast-seo-wordpress\/ -->\n<title>INE ya alcanz\u00f3 meta de validaci\u00f3n de firmas para revocaci\u00f3n: Segob - Fuentes Fidedignas<\/title>\n<meta name=\"robots\" content=\"index, follow, max-snippet:-1, max-image-preview:large, max-video-preview:-1\" \/>\n<link rel=\"canonical\" href=\"https:\/\/fuentesfidedignas.com.mx\/index.php\/2022\/01\/12\/ine-ya-alcanzo-meta-de-validacion-de-firmas-para-revocacion-segob\/\" \/>\n<meta property=\"og:locale\" content=\"es_MX\" \/>\n<meta property=\"og:type\" content=\"article\" \/>\n<meta property=\"og:title\" content=\"INE ya alcanz\u00f3 meta de validaci\u00f3n de firmas para revocaci\u00f3n: Segob - Fuentes Fidedignas\" \/>\n<meta property=\"og:description\" content=\"Gobernaci\u00f3n inform\u00f3 que el INE ya alcanz\u00f3 el umbral de 2.7 millones de firmas validadas para llamar a la consulta de revocaci\u00f3n de mandato. Ciudad de M\u00e9xico.- Ad\u00e1n Augusto L\u00f3pez Hern\u00e1ndez, secretario de Gobernaci\u00f3n, inform\u00f3 que el Instituto Nacional Electoral (INE) ya alcalz\u00f3 la meta de validaci\u00f3n de 2 millones 758 mil 227 de firmas [&hellip;]\" \/>\n<meta property=\"og:url\" content=\"https:\/\/fuentesfidedignas.com.mx\/index.php\/2022\/01\/12\/ine-ya-alcanzo-meta-de-validacion-de-firmas-para-revocacion-segob\/\" \/>\n<meta property=\"og:site_name\" content=\"Fuentes Fidedignas\" \/>\n<meta property=\"article:publisher\" content=\"https:\/\/www.facebook.com\/Fuentes-Fidedignas-368234489921644\" \/>\n<meta property=\"article:published_time\" content=\"2022-01-12T14:50:58+00:00\" \/>\n<meta property=\"article:modified_time\" content=\"2022-01-12T14:50:59+00:00\" \/>\n<meta property=\"og:image\" content=\"https:\/\/fuentesfidedignas.com.mx\/wp-content\/uploads\/2022\/01\/Revocacio\u0301nAMLO2-640x360-1.jpg\" \/>\n\t<meta property=\"og:image:width\" content=\"640\" \/>\n\t<meta property=\"og:image:height\" content=\"360\" \/>\n\t<meta property=\"og:image:type\" content=\"image\/jpeg\" \/>\n<meta name=\"author\" content=\"Forbes\" \/>\n<meta name=\"twitter:card\" content=\"summary_large_image\" \/>\n<meta name=\"twitter:creator\" content=\"@fidedignas\" \/>\n<meta name=\"twitter:site\" content=\"@fidedignas\" \/>\n<meta name=\"twitter:label1\" content=\"Escrito por\" \/>\n\t<meta name=\"twitter:data1\" content=\"Forbes\" \/>\n\t<meta name=\"twitter:label2\" content=\"Tiempo de lectura\" \/>\n\t<meta name=\"twitter:data2\" content=\"2 minutos\" \/>\n<script type=\"application\/ld+json\" class=\"yoast-schema-graph\">{\"@context\":\"https:\\\/\\\/schema.org\",\"@graph\":[{\"@type\":\"Article\",\"@id\":\"https:\\\/\\\/fuentesfidedignas.com.mx\\\/index.php\\\/2022\\\/01\\\/12\\\/ine-ya-alcanzo-meta-de-validacion-de-firmas-para-revocacion-segob\\\/#article\",\"isPartOf\":{\"@id\":\"https:\\\/\\\/fuentesfidedignas.com.mx\\\/index.php\\\/2022\\\/01\\\/12\\\/ine-ya-alcanzo-meta-de-validacion-de-firmas-para-revocacion-segob\\\/\"},\"author\":{\"name\":\"Forbes\",\"@id\":\"https:\\\/\\\/fuentesfidedignas.com.mx\\\/#\\\/schema\\\/person\\\/5623d53fe2e579d825b1679734abcc44\"},\"headline\":\"INE ya alcanz\u00f3 meta de validaci\u00f3n de firmas para revocaci\u00f3n: Segob\",\"datePublished\":\"2022-01-12T14:50:58+00:00\",\"dateModified\":\"2022-01-12T14:50:59+00:00\",\"mainEntityOfPage\":{\"@id\":\"https:\\\/\\\/fuentesfidedignas.com.mx\\\/index.php\\\/2022\\\/01\\\/12\\\/ine-ya-alcanzo-meta-de-validacion-de-firmas-para-revocacion-segob\\\/\"},\"wordCount\":368,\"commentCount\":0,\"publisher\":{\"@id\":\"https:\\\/\\\/fuentesfidedignas.com.mx\\\/#organization\"},\"image\":{\"@id\":\"https:\\\/\\\/fuentesfidedignas.com.mx\\\/index.php\\\/2022\\\/01\\\/12\\\/ine-ya-alcanzo-meta-de-validacion-de-firmas-para-revocacion-segob\\\/#primaryimage\"},\"thumbnailUrl\":\"https:\\\/\\\/fuentesfidedignas.com.mx\\\/wp-content\\\/uploads\\\/2022\\\/01\\\/Revocacio\u0301nAMLO2-640x360-1.jpg\",\"keywords\":[\"AMLO\",\"Andr\u00e9s Manuel L\u00f3pez Obrador\",\"INE\",\"Instituto Nacional Electoral\",\"Revocaci\u00f3n de mandato\"],\"articleSection\":[\"NOTICIAS NACIONALES\"],\"inLanguage\":\"es\",\"potentialAction\":[{\"@type\":\"CommentAction\",\"name\":\"Comment\",\"target\":[\"https:\\\/\\\/fuentesfidedignas.com.mx\\\/index.php\\\/2022\\\/01\\\/12\\\/ine-ya-alcanzo-meta-de-validacion-de-firmas-para-revocacion-segob\\\/#respond\"]}]},{\"@type\":\"WebPage\",\"@id\":\"https:\\\/\\\/fuentesfidedignas.com.mx\\\/index.php\\\/2022\\\/01\\\/12\\\/ine-ya-alcanzo-meta-de-validacion-de-firmas-para-revocacion-segob\\\/\",\"url\":\"https:\\\/\\\/fuentesfidedignas.com.mx\\\/index.php\\\/2022\\\/01\\\/12\\\/ine-ya-alcanzo-meta-de-validacion-de-firmas-para-revocacion-segob\\\/\",\"name\":\"INE ya alcanz\u00f3 meta de validaci\u00f3n de firmas para revocaci\u00f3n: Segob - Fuentes Fidedignas\",\"isPartOf\":{\"@id\":\"https:\\\/\\\/fuentesfidedignas.com.mx\\\/#website\"},\"primaryImageOfPage\":{\"@id\":\"https:\\\/\\\/fuentesfidedignas.com.mx\\\/index.php\\\/2022\\\/01\\\/12\\\/ine-ya-alcanzo-meta-de-validacion-de-firmas-para-revocacion-segob\\\/#primaryimage\"},\"image\":{\"@id\":\"https:\\\/\\\/fuentesfidedignas.com.mx\\\/index.php\\\/2022\\\/01\\\/12\\\/ine-ya-alcanzo-meta-de-validacion-de-firmas-para-revocacion-segob\\\/#primaryimage\"},\"thumbnailUrl\":\"https:\\\/\\\/fuentesfidedignas.com.mx\\\/wp-content\\\/uploads\\\/2022\\\/01\\\/Revocacio\u0301nAMLO2-640x360-1.jpg\",\"datePublished\":\"2022-01-12T14:50:58+00:00\",\"dateModified\":\"2022-01-12T14:50:59+00:00\",\"breadcrumb\":{\"@id\":\"https:\\\/\\\/fuentesfidedignas.com.mx\\\/index.php\\\/2022\\\/01\\\/12\\\/ine-ya-alcanzo-meta-de-validacion-de-firmas-para-revocacion-segob\\\/#breadcrumb\"},\"inLanguage\":\"es\",\"potentialAction\":[{\"@type\":\"ReadAction\",\"target\":[\"https:\\\/\\\/fuentesfidedignas.com.mx\\\/index.php\\\/2022\\\/01\\\/12\\\/ine-ya-alcanzo-meta-de-validacion-de-firmas-para-revocacion-segob\\\/\"]}]},{\"@type\":\"ImageObject\",\"inLanguage\":\"es\",\"@id\":\"https:\\\/\\\/fuentesfidedignas.com.mx\\\/index.php\\\/2022\\\/01\\\/12\\\/ine-ya-alcanzo-meta-de-validacion-de-firmas-para-revocacion-segob\\\/#primaryimage\",\"url\":\"https:\\\/\\\/fuentesfidedignas.com.mx\\\/wp-content\\\/uploads\\\/2022\\\/01\\\/Revocacio\u0301nAMLO2-640x360-1.jpg\",\"contentUrl\":\"https:\\\/\\\/fuentesfidedignas.com.mx\\\/wp-content\\\/uploads\\\/2022\\\/01\\\/Revocacio\u0301nAMLO2-640x360-1.jpg\",\"width\":640,\"height\":360},{\"@type\":\"BreadcrumbList\",\"@id\":\"https:\\\/\\\/fuentesfidedignas.com.mx\\\/index.php\\\/2022\\\/01\\\/12\\\/ine-ya-alcanzo-meta-de-validacion-de-firmas-para-revocacion-segob\\\/#breadcrumb\",\"itemListElement\":[{\"@type\":\"ListItem\",\"position\":1,\"name\":\"Inicio\",\"item\":\"https:\\\/\\\/fuentesfidedignas.com.mx\\\/\"},{\"@type\":\"ListItem\",\"position\":2,\"name\":\"INE ya alcanz\u00f3 meta de validaci\u00f3n de firmas para revocaci\u00f3n: Segob\"}]},{\"@type\":\"WebSite\",\"@id\":\"https:\\\/\\\/fuentesfidedignas.com.mx\\\/#website\",\"url\":\"https:\\\/\\\/fuentesfidedignas.com.mx\\\/\",\"name\":\"Fuentes Fidedignas\",\"description\":\"Otro sitio realizado con WordPress\",\"publisher\":{\"@id\":\"https:\\\/\\\/fuentesfidedignas.com.mx\\\/#organization\"},\"potentialAction\":[{\"@type\":\"SearchAction\",\"target\":{\"@type\":\"EntryPoint\",\"urlTemplate\":\"https:\\\/\\\/fuentesfidedignas.com.mx\\\/?s={search_term_string}\"},\"query-input\":{\"@type\":\"PropertyValueSpecification\",\"valueRequired\":true,\"valueName\":\"search_term_string\"}}],\"inLanguage\":\"es\"},{\"@type\":\"Organization\",\"@id\":\"https:\\\/\\\/fuentesfidedignas.com.mx\\\/#organization\",\"name\":\"Fuentes Fidedignas\",\"url\":\"https:\\\/\\\/fuentesfidedignas.com.mx\\\/\",\"logo\":{\"@type\":\"ImageObject\",\"inLanguage\":\"es\",\"@id\":\"https:\\\/\\\/fuentesfidedignas.com.mx\\\/#\\\/schema\\\/logo\\\/image\\\/\",\"url\":\"https:\\\/\\\/fuentesfidedignas.com.mx\\\/wp-content\\\/uploads\\\/2021\\\/04\\\/logo-retina.png\",\"contentUrl\":\"https:\\\/\\\/fuentesfidedignas.com.mx\\\/wp-content\\\/uploads\\\/2021\\\/04\\\/logo-retina.png\",\"width\":280,\"height\":51,\"caption\":\"Fuentes Fidedignas\"},\"image\":{\"@id\":\"https:\\\/\\\/fuentesfidedignas.com.mx\\\/#\\\/schema\\\/logo\\\/image\\\/\"},\"sameAs\":[\"https:\\\/\\\/www.facebook.com\\\/Fuentes-Fidedignas-368234489921644\",\"https:\\\/\\\/x.com\\\/fidedignas\"]},{\"@type\":\"Person\",\"@id\":\"https:\\\/\\\/fuentesfidedignas.com.mx\\\/#\\\/schema\\\/person\\\/5623d53fe2e579d825b1679734abcc44\",\"name\":\"Forbes\",\"image\":{\"@type\":\"ImageObject\",\"inLanguage\":\"es\",\"@id\":\"https:\\\/\\\/secure.gravatar.com\\\/avatar\\\/87ce3dd4e41e60c22a79c758614f01a6bc2469255fc936ec7b15efb9bb5cb66f?s=96&d=mm&r=g\",\"url\":\"https:\\\/\\\/secure.gravatar.com\\\/avatar\\\/87ce3dd4e41e60c22a79c758614f01a6bc2469255fc936ec7b15efb9bb5cb66f?s=96&d=mm&r=g\",\"contentUrl\":\"https:\\\/\\\/secure.gravatar.com\\\/avatar\\\/87ce3dd4e41e60c22a79c758614f01a6bc2469255fc936ec7b15efb9bb5cb66f?s=96&d=mm&r=g\",\"caption\":\"Forbes\"},\"url\":\"https:\\\/\\\/fuentesfidedignas.com.mx\\\/index.php\\\/author\\\/forbes\\\/\"}]}<\/script>\n<!-- \/ Yoast SEO plugin. -->","yoast_head_json":{"title":"INE ya alcanz\u00f3 meta de validaci\u00f3n de firmas para revocaci\u00f3n: Segob - Fuentes Fidedignas","robots":{"index":"index","follow":"follow","max-snippet":"max-snippet:-1","max-image-preview":"max-image-preview:large","max-video-preview":"max-video-preview:-1"},"canonical":"https:\/\/fuentesfidedignas.com.mx\/index.php\/2022\/01\/12\/ine-ya-alcanzo-meta-de-validacion-de-firmas-para-revocacion-segob\/","og_locale":"es_MX","og_type":"article","og_title":"INE ya alcanz\u00f3 meta de validaci\u00f3n de firmas para revocaci\u00f3n: Segob - Fuentes Fidedignas","og_description":"Gobernaci\u00f3n inform\u00f3 que el INE ya alcanz\u00f3 el umbral de 2.7 millones de firmas validadas para llamar a la consulta de revocaci\u00f3n de mandato. Ciudad de M\u00e9xico.- Ad\u00e1n Augusto L\u00f3pez Hern\u00e1ndez, secretario de Gobernaci\u00f3n, inform\u00f3 que el Instituto Nacional Electoral (INE) ya alcalz\u00f3 la meta de validaci\u00f3n de 2 millones 758 mil 227 de firmas [&hellip;]","og_url":"https:\/\/fuentesfidedignas.com.mx\/index.php\/2022\/01\/12\/ine-ya-alcanzo-meta-de-validacion-de-firmas-para-revocacion-segob\/","og_site_name":"Fuentes Fidedignas","article_publisher":"https:\/\/www.facebook.com\/Fuentes-Fidedignas-368234489921644","article_published_time":"2022-01-12T14:50:58+00:00","article_modified_time":"2022-01-12T14:50:59+00:00","og_image":[{"width":640,"height":360,"url":"https:\/\/fuentesfidedignas.com.mx\/wp-content\/uploads\/2022\/01\/Revocacio\u0301nAMLO2-640x360-1.jpg","type":"image\/jpeg"}],"author":"Forbes","twitter_card":"summary_large_image","twitter_creator":"@fidedignas","twitter_site":"@fidedignas","twitter_misc":{"Escrito por":"Forbes","Tiempo de lectura":"2 minutos"},"schema":{"@context":"https:\/\/schema.org","@graph":[{"@type":"Article","@id":"https:\/\/fuentesfidedignas.com.mx\/index.php\/2022\/01\/12\/ine-ya-alcanzo-meta-de-validacion-de-firmas-para-revocacion-segob\/#article","isPartOf":{"@id":"https:\/\/fuentesfidedignas.com.mx\/index.php\/2022\/01\/12\/ine-ya-alcanzo-meta-de-validacion-de-firmas-para-revocacion-segob\/"},"author":{"name":"Forbes","@id":"https:\/\/fuentesfidedignas.com.mx\/#\/schema\/person\/5623d53fe2e579d825b1679734abcc44"},"headline":"INE ya alcanz\u00f3 meta de validaci\u00f3n de firmas para revocaci\u00f3n: Segob","datePublished":"2022-01-12T14:50:58+00:00","dateModified":"2022-01-12T14:50:59+00:00","mainEntityOfPage":{"@id":"https:\/\/fuentesfidedignas.com.mx\/index.php\/2022\/01\/12\/ine-ya-alcanzo-meta-de-validacion-de-firmas-para-revocacion-segob\/"},"wordCount":368,"commentCount":0,"publisher":{"@id":"https:\/\/fuentesfidedignas.com.mx\/#organization"},"image":{"@id":"https:\/\/fuentesfidedignas.com.mx\/index.php\/2022\/01\/12\/ine-ya-alcanzo-meta-de-validacion-de-firmas-para-revocacion-segob\/#primaryimage"},"thumbnailUrl":"https:\/\/fuentesfidedignas.com.mx\/wp-content\/uploads\/2022\/01\/Revocacio\u0301nAMLO2-640x360-1.jpg","keywords":["AMLO","Andr\u00e9s Manuel L\u00f3pez Obrador","INE","Instituto Nacional Electoral","Revocaci\u00f3n de mandato"],"articleSection":["NOTICIAS NACIONALES"],"inLanguage":"es","potentialAction":[{"@type":"CommentAction","name":"Comment","target":["https:\/\/fuentesfidedignas.com.mx\/index.php\/2022\/01\/12\/ine-ya-alcanzo-meta-de-validacion-de-firmas-para-revocacion-segob\/#respond"]}]},{"@type":"WebPage","@id":"https:\/\/fuentesfidedignas.com.mx\/index.php\/2022\/01\/12\/ine-ya-alcanzo-meta-de-validacion-de-firmas-para-revocacion-segob\/","url":"https:\/\/fuentesfidedignas.com.mx\/index.php\/2022\/01\/12\/ine-ya-alcanzo-meta-de-validacion-de-firmas-para-revocacion-segob\/","name":"INE ya alcanz\u00f3 meta de validaci\u00f3n de firmas para revocaci\u00f3n: Segob - Fuentes Fidedignas","isPartOf":{"@id":"https:\/\/fuentesfidedignas.com.mx\/#website"},"primaryImageOfPage":{"@id":"https:\/\/fuentesfidedignas.com.mx\/index.php\/2022\/01\/12\/ine-ya-alcanzo-meta-de-validacion-de-firmas-para-revocacion-segob\/#primaryimage"},"image":{"@id":"https:\/\/fuentesfidedignas.com.mx\/index.php\/2022\/01\/12\/ine-ya-alcanzo-meta-de-validacion-de-firmas-para-revocacion-segob\/#primaryimage"},"thumbnailUrl":"https:\/\/fuentesfidedignas.com.mx\/wp-content\/uploads\/2022\/01\/Revocacio\u0301nAMLO2-640x360-1.jpg","datePublished":"2022-01-12T14:50:58+00:00","dateModified":"2022-01-12T14:50:59+00:00","breadcrumb":{"@id":"https:\/\/fuentesfidedignas.com.mx\/index.php\/2022\/01\/12\/ine-ya-alcanzo-meta-de-validacion-de-firmas-para-revocacion-segob\/#breadcrumb"},"inLanguage":"es","potentialAction":[{"@type":"ReadAction","target":["https:\/\/fuentesfidedignas.com.mx\/index.php\/2022\/01\/12\/ine-ya-alcanzo-meta-de-validacion-de-firmas-para-revocacion-segob\/"]}]},{"@type":"ImageObject","inLanguage":"es","@id":"https:\/\/fuentesfidedignas.com.mx\/index.php\/2022\/01\/12\/ine-ya-alcanzo-meta-de-validacion-de-firmas-para-revocacion-segob\/#primaryimage","url":"https:\/\/fuentesfidedignas.com.mx\/wp-content\/uploads\/2022\/01\/Revocacio\u0301nAMLO2-640x360-1.jpg","contentUrl":"https:\/\/fuentesfidedignas.com.mx\/wp-content\/uploads\/2022\/01\/Revocacio\u0301nAMLO2-640x360-1.jpg","width":640,"height":360},{"@type":"BreadcrumbList","@id":"https:\/\/fuentesfidedignas.com.mx\/index.php\/2022\/01\/12\/ine-ya-alcanzo-meta-de-validacion-de-firmas-para-revocacion-segob\/#breadcrumb","itemListElement":[{"@type":"ListItem","position":1,"name":"Inicio","item":"https:\/\/fuentesfidedignas.com.mx\/"},{"@type":"ListItem","position":2,"name":"INE ya alcanz\u00f3 meta de validaci\u00f3n de firmas para revocaci\u00f3n: Segob"}]},{"@type":"WebSite","@id":"https:\/\/fuentesfidedignas.com.mx\/#website","url":"https:\/\/fuentesfidedignas.com.mx\/","name":"Fuentes Fidedignas","description":"Otro sitio realizado con WordPress","publisher":{"@id":"https:\/\/fuentesfidedignas.com.mx\/#organization"},"potentialAction":[{"@type":"SearchAction","target":{"@type":"EntryPoint","urlTemplate":"https:\/\/fuentesfidedignas.com.mx\/?s={search_term_string}"},"query-input":{"@type":"PropertyValueSpecification","valueRequired":true,"valueName":"search_term_string"}}],"inLanguage":"es"},{"@type":"Organization","@id":"https:\/\/fuentesfidedignas.com.mx\/#organization","name":"Fuentes Fidedignas","url":"https:\/\/fuentesfidedignas.com.mx\/","logo":{"@type":"ImageObject","inLanguage":"es","@id":"https:\/\/fuentesfidedignas.com.mx\/#\/schema\/logo\/image\/","url":"https:\/\/fuentesfidedignas.com.mx\/wp-content\/uploads\/2021\/04\/logo-retina.png","contentUrl":"https:\/\/fuentesfidedignas.com.mx\/wp-content\/uploads\/2021\/04\/logo-retina.png","width":280,"height":51,"caption":"Fuentes Fidedignas"},"image":{"@id":"https:\/\/fuentesfidedignas.com.mx\/#\/schema\/logo\/image\/"},"sameAs":["https:\/\/www.facebook.com\/Fuentes-Fidedignas-368234489921644","https:\/\/x.com\/fidedignas"]},{"@type":"Person","@id":"https:\/\/fuentesfidedignas.com.mx\/#\/schema\/person\/5623d53fe2e579d825b1679734abcc44","name":"Forbes","image":{"@type":"ImageObject","inLanguage":"es","@id":"https:\/\/secure.gravatar.com\/avatar\/87ce3dd4e41e60c22a79c758614f01a6bc2469255fc936ec7b15efb9bb5cb66f?s=96&d=mm&r=g","url":"https:\/\/secure.gravatar.com\/avatar\/87ce3dd4e41e60c22a79c758614f01a6bc2469255fc936ec7b15efb9bb5cb66f?s=96&d=mm&r=g","contentUrl":"https:\/\/secure.gravatar.com\/avatar\/87ce3dd4e41e60c22a79c758614f01a6bc2469255fc936ec7b15efb9bb5cb66f?s=96&d=mm&r=g","caption":"Forbes"},"url":"https:\/\/fuentesfidedignas.com.mx\/index.php\/author\/forbes\/"}]}},"_links":{"self":[{"href":"https:\/\/fuentesfidedignas.com.mx\/index.php\/wp-json\/wp\/v2\/posts\/21613","targetHints":{"allow":["GET"]}}],"collection":[{"href":"https:\/\/fuentesfidedignas.com.mx\/index.php\/wp-json\/wp\/v2\/posts"}],"about":[{"href":"https:\/\/fuentesfidedignas.com.mx\/index.php\/wp-json\/wp\/v2\/types\/post"}],"author":[{"embeddable":true,"href":"https:\/\/fuentesfidedignas.com.mx\/index.php\/wp-json\/wp\/v2\/users\/5"}],"replies":[{"embeddable":true,"href":"https:\/\/fuentesfidedignas.com.mx\/index.php\/wp-json\/wp\/v2\/comments?post=21613"}],"version-history":[{"count":1,"href":"https:\/\/fuentesfidedignas.com.mx\/index.php\/wp-json\/wp\/v2\/posts\/21613\/revisions"}],"predecessor-version":[{"id":21615,"href":"https:\/\/fuentesfidedignas.com.mx\/index.php\/wp-json\/wp\/v2\/posts\/21613\/revisions\/21615"}],"wp:featuredmedia":[{"embeddable":true,"href":"https:\/\/fuentesfidedignas.com.mx\/index.php\/wp-json\/wp\/v2\/media\/21614"}],"wp:attachment":[{"href":"https:\/\/fuentesfidedignas.com.mx\/index.php\/wp-json\/wp\/v2\/media?parent=21613"}],"wp:term":[{"taxonomy":"category","embeddable":true,"href":"https:\/\/fuentesfidedignas.com.mx\/index.php\/wp-json\/wp\/v2\/categories?post=21613"},{"taxonomy":"post_tag","embeddable":true,"href":"https:\/\/fuentesfidedignas.com.mx\/index.php\/wp-json\/wp\/v2\/tags?post=21613"}],"curies":[{"name":"wp","href":"https:\/\/api.w.org\/{rel}","templated":true}]}}