{"id":21607,"date":"2022-01-12T06:35:20","date_gmt":"2022-01-12T13:35:20","guid":{"rendered":"https:\/\/fuentesfidedignas.com.mx\/?p=21607"},"modified":"2022-01-12T06:35:21","modified_gmt":"2022-01-12T13:35:21","slug":"primer-ministro-britanico-pide-perdon-por-asistir-a-fiesta-durante-confinamiento","status":"publish","type":"post","link":"https:\/\/fuentesfidedignas.com.mx\/index.php\/2022\/01\/12\/primer-ministro-britanico-pide-perdon-por-asistir-a-fiesta-durante-confinamiento\/","title":{"rendered":"Primer ministro brit\u00e1nico pide perd\u00f3n por asistir a fiesta durante confinamiento"},"content":{"rendered":"\n<p><strong><em>Johnson admiti\u00f3 por primera vez que hab\u00eda asistido a la fiesta en Downing Street el 20 de mayo de 2020, cuando las reuniones sociales estaban limitadas al<\/em><\/strong> <strong><em>m\u00ednimo.<\/em><\/strong><\/p>\n\n\n\n<p>Ciudad de M\u00e9xico.- El primer ministro brit\u00e1nico, Boris Johnson, se disculp\u00f3 el mi\u00e9rcoles por haber asistido a una fiesta en su residencia oficial durante el primer confinamiento por el coronavirus, mientras la oposici\u00f3n pidi\u00f3 su dimisi\u00f3n.<\/p>\n\n\n\n<p>Johnson admiti\u00f3 por primera vez que hab\u00eda asistido a la fiesta en Downing Street el 20 de mayo de 2020, cuando las reuniones sociales estaban limitadas al m\u00ednimo, y dijo que entend\u00eda el enfado que hab\u00edan causado las revelaciones.<\/p>\n\n\n\n<p>\u201cSoy consciente de la rabia que sienten hacia m\u00ed por el gobierno que dirijo cuando piensan que en la propia Downing Street no se est\u00e1n cumpliendo adecuadamente las normas por parte de las personas que las hacen\u201c, dijo un Johnson con cara compungida en el Parlamento.<\/p>\n\n\n\n<p>Johnson, que obtuvo una aplastante victoria electoral en 2019 con la promesa de asegurar la salida de Reino Unido de la Uni\u00f3n Europea, dijo que se arrepent\u00eda de su actuaci\u00f3n y que hab\u00eda pensado que la celebraci\u00f3n era un evento de trabajo.<\/p>\n\n\n\n<p>\u201cFui a ese jard\u00edn solo despu\u00e9s de las seis del 20 de mayo de 2020 para dar las gracias a grupos de empleados antes de volver a mi despacho 25 minutos m\u00e1s tarde para seguir trabajando\u201c, dijo. \u201cEn retrospectiva, deber\u00eda haber mandado a todo el mundo de vuelta al interior\u201d.<\/p>\n\n\n\n<p>El l\u00edder de la oposici\u00f3n, Keir Starmer, dijo que Johnson debe dimitir ahora y que el p\u00fablico piensa que es un mentiroso.<\/p>\n\n\n\n<p>\u201cLa fiesta se ha acabado para el primer ministro\u201d, le dijo Starmer. \u201cLa \u00fanica pregunta es: \u00bflo echar\u00e1 la opini\u00f3n p\u00fablica brit\u00e1nica? \u00bfLo echar\u00e1 su partido? \u00bfO har\u00e1 lo m\u00e1s decente y dimitir\u00e1?\u201d.<\/p>\n\n\n\n<p>Algunos diputados del propio Partido Conservador de Johnson han dicho que la forma en que responda al creciente clamor determinar\u00e1 su permanencia en el cargo.<\/p>\n\n\n\n<p>\u201cSu supervivencia est\u00e1 en la balanza en este momento\u201d, dijo un legislador conservador de alto rango, hablando bajo condici\u00f3n de anonimato debido a lo delicado de la situaci\u00f3n.<\/p>\n\n\n\n<p>Dos sondeos de opini\u00f3n mostraron el martes que mucha m\u00e1s de la mitad de los encuestados cree que Johnson deber\u00eda dimitir.<\/p>\n","protected":false},"excerpt":{"rendered":"<p>Johnson admiti\u00f3 por primera vez que hab\u00eda asistido a la fiesta en Downing Street el 20 de mayo de 2020, cuando las reuniones sociales estaban limitadas al m\u00ednimo. Ciudad de M\u00e9xico.- El primer ministro brit\u00e1nico, Boris Johnson, se disculp\u00f3 el mi\u00e9rcoles por haber asistido a una fiesta en su residencia oficial durante el primer confinamiento [&hellip;]<\/p>\n","protected":false},"author":5,"featured_media":21608,"comment_status":"open","ping_status":"open","sticky":false,"template":"","format":"standard","meta":{"tdm_status":"","tdm_grid_status":"","footnotes":""},"categories":[39],"tags":[332,59,416],"class_list":{"0":"post-21607","1":"post","2":"type-post","3":"status-publish","4":"format-standard","5":"has-post-thumbnail","7":"category-noticias-nacionales","8":"tag-coronavirus","9":"tag-covid-19","10":"tag-sars-cov-2"},"yoast_head":"<!-- This site is optimized with the Yoast SEO plugin v27.5 - https:\/\/yoast.com\/product\/yoast-seo-wordpress\/ -->\n<title>Primer ministro brit\u00e1nico pide perd\u00f3n por asistir a fiesta durante confinamiento - Fuentes Fidedignas<\/title>\n<meta name=\"robots\" content=\"index, follow, max-snippet:-1, max-image-preview:large, max-video-preview:-1\" \/>\n<link rel=\"canonical\" href=\"https:\/\/fuentesfidedignas.com.mx\/index.php\/2022\/01\/12\/primer-ministro-britanico-pide-perdon-por-asistir-a-fiesta-durante-confinamiento\/\" \/>\n<meta property=\"og:locale\" content=\"es_MX\" \/>\n<meta property=\"og:type\" content=\"article\" \/>\n<meta property=\"og:title\" content=\"Primer ministro brit\u00e1nico pide perd\u00f3n por asistir a fiesta durante confinamiento - Fuentes Fidedignas\" \/>\n<meta property=\"og:description\" content=\"Johnson admiti\u00f3 por primera vez que hab\u00eda asistido a la fiesta en Downing Street el 20 de mayo de 2020, cuando las reuniones sociales estaban limitadas al m\u00ednimo. Ciudad de M\u00e9xico.- El primer ministro brit\u00e1nico, Boris Johnson, se disculp\u00f3 el mi\u00e9rcoles por haber asistido a una fiesta en su residencia oficial durante el primer confinamiento [&hellip;]\" \/>\n<meta property=\"og:url\" content=\"https:\/\/fuentesfidedignas.com.mx\/index.php\/2022\/01\/12\/primer-ministro-britanico-pide-perdon-por-asistir-a-fiesta-durante-confinamiento\/\" \/>\n<meta property=\"og:site_name\" content=\"Fuentes Fidedignas\" \/>\n<meta property=\"article:publisher\" content=\"https:\/\/www.facebook.com\/Fuentes-Fidedignas-368234489921644\" \/>\n<meta property=\"article:published_time\" content=\"2022-01-12T13:35:20+00:00\" \/>\n<meta property=\"article:modified_time\" content=\"2022-01-12T13:35:21+00:00\" \/>\n<meta property=\"og:image\" content=\"https:\/\/fuentesfidedignas.com.mx\/wp-content\/uploads\/2022\/01\/borisJ-e1641993530797-640x360-1.jpg\" \/>\n\t<meta property=\"og:image:width\" content=\"640\" \/>\n\t<meta property=\"og:image:height\" content=\"360\" \/>\n\t<meta property=\"og:image:type\" content=\"image\/jpeg\" \/>\n<meta name=\"author\" content=\"Forbes\" \/>\n<meta name=\"twitter:card\" content=\"summary_large_image\" \/>\n<meta name=\"twitter:creator\" content=\"@fidedignas\" \/>\n<meta name=\"twitter:site\" content=\"@fidedignas\" \/>\n<meta name=\"twitter:label1\" content=\"Escrito por\" \/>\n\t<meta name=\"twitter:data1\" content=\"Forbes\" \/>\n\t<meta name=\"twitter:label2\" content=\"Tiempo de lectura\" \/>\n\t<meta name=\"twitter:data2\" content=\"2 minutos\" \/>\n<script type=\"application\/ld+json\" class=\"yoast-schema-graph\">{\"@context\":\"https:\\\/\\\/schema.org\",\"@graph\":[{\"@type\":\"Article\",\"@id\":\"https:\\\/\\\/fuentesfidedignas.com.mx\\\/index.php\\\/2022\\\/01\\\/12\\\/primer-ministro-britanico-pide-perdon-por-asistir-a-fiesta-durante-confinamiento\\\/#article\",\"isPartOf\":{\"@id\":\"https:\\\/\\\/fuentesfidedignas.com.mx\\\/index.php\\\/2022\\\/01\\\/12\\\/primer-ministro-britanico-pide-perdon-por-asistir-a-fiesta-durante-confinamiento\\\/\"},\"author\":{\"name\":\"Forbes\",\"@id\":\"https:\\\/\\\/fuentesfidedignas.com.mx\\\/#\\\/schema\\\/person\\\/5623d53fe2e579d825b1679734abcc44\"},\"headline\":\"Primer ministro brit\u00e1nico pide perd\u00f3n por asistir a fiesta durante confinamiento\",\"datePublished\":\"2022-01-12T13:35:20+00:00\",\"dateModified\":\"2022-01-12T13:35:21+00:00\",\"mainEntityOfPage\":{\"@id\":\"https:\\\/\\\/fuentesfidedignas.com.mx\\\/index.php\\\/2022\\\/01\\\/12\\\/primer-ministro-britanico-pide-perdon-por-asistir-a-fiesta-durante-confinamiento\\\/\"},\"wordCount\":409,\"commentCount\":0,\"publisher\":{\"@id\":\"https:\\\/\\\/fuentesfidedignas.com.mx\\\/#organization\"},\"image\":{\"@id\":\"https:\\\/\\\/fuentesfidedignas.com.mx\\\/index.php\\\/2022\\\/01\\\/12\\\/primer-ministro-britanico-pide-perdon-por-asistir-a-fiesta-durante-confinamiento\\\/#primaryimage\"},\"thumbnailUrl\":\"https:\\\/\\\/fuentesfidedignas.com.mx\\\/wp-content\\\/uploads\\\/2022\\\/01\\\/borisJ-e1641993530797-640x360-1.jpg\",\"keywords\":[\"Coronavirus\",\"Covid-19\",\"SARS-CoV-2\"],\"articleSection\":[\"NOTICIAS NACIONALES\"],\"inLanguage\":\"es\",\"potentialAction\":[{\"@type\":\"CommentAction\",\"name\":\"Comment\",\"target\":[\"https:\\\/\\\/fuentesfidedignas.com.mx\\\/index.php\\\/2022\\\/01\\\/12\\\/primer-ministro-britanico-pide-perdon-por-asistir-a-fiesta-durante-confinamiento\\\/#respond\"]}]},{\"@type\":\"WebPage\",\"@id\":\"https:\\\/\\\/fuentesfidedignas.com.mx\\\/index.php\\\/2022\\\/01\\\/12\\\/primer-ministro-britanico-pide-perdon-por-asistir-a-fiesta-durante-confinamiento\\\/\",\"url\":\"https:\\\/\\\/fuentesfidedignas.com.mx\\\/index.php\\\/2022\\\/01\\\/12\\\/primer-ministro-britanico-pide-perdon-por-asistir-a-fiesta-durante-confinamiento\\\/\",\"name\":\"Primer ministro brit\u00e1nico pide perd\u00f3n por asistir a fiesta durante confinamiento - Fuentes Fidedignas\",\"isPartOf\":{\"@id\":\"https:\\\/\\\/fuentesfidedignas.com.mx\\\/#website\"},\"primaryImageOfPage\":{\"@id\":\"https:\\\/\\\/fuentesfidedignas.com.mx\\\/index.php\\\/2022\\\/01\\\/12\\\/primer-ministro-britanico-pide-perdon-por-asistir-a-fiesta-durante-confinamiento\\\/#primaryimage\"},\"image\":{\"@id\":\"https:\\\/\\\/fuentesfidedignas.com.mx\\\/index.php\\\/2022\\\/01\\\/12\\\/primer-ministro-britanico-pide-perdon-por-asistir-a-fiesta-durante-confinamiento\\\/#primaryimage\"},\"thumbnailUrl\":\"https:\\\/\\\/fuentesfidedignas.com.mx\\\/wp-content\\\/uploads\\\/2022\\\/01\\\/borisJ-e1641993530797-640x360-1.jpg\",\"datePublished\":\"2022-01-12T13:35:20+00:00\",\"dateModified\":\"2022-01-12T13:35:21+00:00\",\"breadcrumb\":{\"@id\":\"https:\\\/\\\/fuentesfidedignas.com.mx\\\/index.php\\\/2022\\\/01\\\/12\\\/primer-ministro-britanico-pide-perdon-por-asistir-a-fiesta-durante-confinamiento\\\/#breadcrumb\"},\"inLanguage\":\"es\",\"potentialAction\":[{\"@type\":\"ReadAction\",\"target\":[\"https:\\\/\\\/fuentesfidedignas.com.mx\\\/index.php\\\/2022\\\/01\\\/12\\\/primer-ministro-britanico-pide-perdon-por-asistir-a-fiesta-durante-confinamiento\\\/\"]}]},{\"@type\":\"ImageObject\",\"inLanguage\":\"es\",\"@id\":\"https:\\\/\\\/fuentesfidedignas.com.mx\\\/index.php\\\/2022\\\/01\\\/12\\\/primer-ministro-britanico-pide-perdon-por-asistir-a-fiesta-durante-confinamiento\\\/#primaryimage\",\"url\":\"https:\\\/\\\/fuentesfidedignas.com.mx\\\/wp-content\\\/uploads\\\/2022\\\/01\\\/borisJ-e1641993530797-640x360-1.jpg\",\"contentUrl\":\"https:\\\/\\\/fuentesfidedignas.com.mx\\\/wp-content\\\/uploads\\\/2022\\\/01\\\/borisJ-e1641993530797-640x360-1.jpg\",\"width\":640,\"height\":360},{\"@type\":\"BreadcrumbList\",\"@id\":\"https:\\\/\\\/fuentesfidedignas.com.mx\\\/index.php\\\/2022\\\/01\\\/12\\\/primer-ministro-britanico-pide-perdon-por-asistir-a-fiesta-durante-confinamiento\\\/#breadcrumb\",\"itemListElement\":[{\"@type\":\"ListItem\",\"position\":1,\"name\":\"Inicio\",\"item\":\"https:\\\/\\\/fuentesfidedignas.com.mx\\\/\"},{\"@type\":\"ListItem\",\"position\":2,\"name\":\"Primer ministro brit\u00e1nico pide perd\u00f3n por asistir a fiesta durante confinamiento\"}]},{\"@type\":\"WebSite\",\"@id\":\"https:\\\/\\\/fuentesfidedignas.com.mx\\\/#website\",\"url\":\"https:\\\/\\\/fuentesfidedignas.com.mx\\\/\",\"name\":\"Fuentes Fidedignas\",\"description\":\"Otro sitio realizado con WordPress\",\"publisher\":{\"@id\":\"https:\\\/\\\/fuentesfidedignas.com.mx\\\/#organization\"},\"potentialAction\":[{\"@type\":\"SearchAction\",\"target\":{\"@type\":\"EntryPoint\",\"urlTemplate\":\"https:\\\/\\\/fuentesfidedignas.com.mx\\\/?s={search_term_string}\"},\"query-input\":{\"@type\":\"PropertyValueSpecification\",\"valueRequired\":true,\"valueName\":\"search_term_string\"}}],\"inLanguage\":\"es\"},{\"@type\":\"Organization\",\"@id\":\"https:\\\/\\\/fuentesfidedignas.com.mx\\\/#organization\",\"name\":\"Fuentes Fidedignas\",\"url\":\"https:\\\/\\\/fuentesfidedignas.com.mx\\\/\",\"logo\":{\"@type\":\"ImageObject\",\"inLanguage\":\"es\",\"@id\":\"https:\\\/\\\/fuentesfidedignas.com.mx\\\/#\\\/schema\\\/logo\\\/image\\\/\",\"url\":\"https:\\\/\\\/fuentesfidedignas.com.mx\\\/wp-content\\\/uploads\\\/2021\\\/04\\\/logo-retina.png\",\"contentUrl\":\"https:\\\/\\\/fuentesfidedignas.com.mx\\\/wp-content\\\/uploads\\\/2021\\\/04\\\/logo-retina.png\",\"width\":280,\"height\":51,\"caption\":\"Fuentes Fidedignas\"},\"image\":{\"@id\":\"https:\\\/\\\/fuentesfidedignas.com.mx\\\/#\\\/schema\\\/logo\\\/image\\\/\"},\"sameAs\":[\"https:\\\/\\\/www.facebook.com\\\/Fuentes-Fidedignas-368234489921644\",\"https:\\\/\\\/x.com\\\/fidedignas\"]},{\"@type\":\"Person\",\"@id\":\"https:\\\/\\\/fuentesfidedignas.com.mx\\\/#\\\/schema\\\/person\\\/5623d53fe2e579d825b1679734abcc44\",\"name\":\"Forbes\",\"image\":{\"@type\":\"ImageObject\",\"inLanguage\":\"es\",\"@id\":\"https:\\\/\\\/secure.gravatar.com\\\/avatar\\\/87ce3dd4e41e60c22a79c758614f01a6bc2469255fc936ec7b15efb9bb5cb66f?s=96&d=mm&r=g\",\"url\":\"https:\\\/\\\/secure.gravatar.com\\\/avatar\\\/87ce3dd4e41e60c22a79c758614f01a6bc2469255fc936ec7b15efb9bb5cb66f?s=96&d=mm&r=g\",\"contentUrl\":\"https:\\\/\\\/secure.gravatar.com\\\/avatar\\\/87ce3dd4e41e60c22a79c758614f01a6bc2469255fc936ec7b15efb9bb5cb66f?s=96&d=mm&r=g\",\"caption\":\"Forbes\"},\"url\":\"https:\\\/\\\/fuentesfidedignas.com.mx\\\/index.php\\\/author\\\/forbes\\\/\"}]}<\/script>\n<!-- \/ Yoast SEO plugin. -->","yoast_head_json":{"title":"Primer ministro brit\u00e1nico pide perd\u00f3n por asistir a fiesta durante confinamiento - Fuentes Fidedignas","robots":{"index":"index","follow":"follow","max-snippet":"max-snippet:-1","max-image-preview":"max-image-preview:large","max-video-preview":"max-video-preview:-1"},"canonical":"https:\/\/fuentesfidedignas.com.mx\/index.php\/2022\/01\/12\/primer-ministro-britanico-pide-perdon-por-asistir-a-fiesta-durante-confinamiento\/","og_locale":"es_MX","og_type":"article","og_title":"Primer ministro brit\u00e1nico pide perd\u00f3n por asistir a fiesta durante confinamiento - Fuentes Fidedignas","og_description":"Johnson admiti\u00f3 por primera vez que hab\u00eda asistido a la fiesta en Downing Street el 20 de mayo de 2020, cuando las reuniones sociales estaban limitadas al m\u00ednimo. Ciudad de M\u00e9xico.- El primer ministro brit\u00e1nico, Boris Johnson, se disculp\u00f3 el mi\u00e9rcoles por haber asistido a una fiesta en su residencia oficial durante el primer confinamiento [&hellip;]","og_url":"https:\/\/fuentesfidedignas.com.mx\/index.php\/2022\/01\/12\/primer-ministro-britanico-pide-perdon-por-asistir-a-fiesta-durante-confinamiento\/","og_site_name":"Fuentes Fidedignas","article_publisher":"https:\/\/www.facebook.com\/Fuentes-Fidedignas-368234489921644","article_published_time":"2022-01-12T13:35:20+00:00","article_modified_time":"2022-01-12T13:35:21+00:00","og_image":[{"width":640,"height":360,"url":"https:\/\/fuentesfidedignas.com.mx\/wp-content\/uploads\/2022\/01\/borisJ-e1641993530797-640x360-1.jpg","type":"image\/jpeg"}],"author":"Forbes","twitter_card":"summary_large_image","twitter_creator":"@fidedignas","twitter_site":"@fidedignas","twitter_misc":{"Escrito por":"Forbes","Tiempo de lectura":"2 minutos"},"schema":{"@context":"https:\/\/schema.org","@graph":[{"@type":"Article","@id":"https:\/\/fuentesfidedignas.com.mx\/index.php\/2022\/01\/12\/primer-ministro-britanico-pide-perdon-por-asistir-a-fiesta-durante-confinamiento\/#article","isPartOf":{"@id":"https:\/\/fuentesfidedignas.com.mx\/index.php\/2022\/01\/12\/primer-ministro-britanico-pide-perdon-por-asistir-a-fiesta-durante-confinamiento\/"},"author":{"name":"Forbes","@id":"https:\/\/fuentesfidedignas.com.mx\/#\/schema\/person\/5623d53fe2e579d825b1679734abcc44"},"headline":"Primer ministro brit\u00e1nico pide perd\u00f3n por asistir a fiesta durante confinamiento","datePublished":"2022-01-12T13:35:20+00:00","dateModified":"2022-01-12T13:35:21+00:00","mainEntityOfPage":{"@id":"https:\/\/fuentesfidedignas.com.mx\/index.php\/2022\/01\/12\/primer-ministro-britanico-pide-perdon-por-asistir-a-fiesta-durante-confinamiento\/"},"wordCount":409,"commentCount":0,"publisher":{"@id":"https:\/\/fuentesfidedignas.com.mx\/#organization"},"image":{"@id":"https:\/\/fuentesfidedignas.com.mx\/index.php\/2022\/01\/12\/primer-ministro-britanico-pide-perdon-por-asistir-a-fiesta-durante-confinamiento\/#primaryimage"},"thumbnailUrl":"https:\/\/fuentesfidedignas.com.mx\/wp-content\/uploads\/2022\/01\/borisJ-e1641993530797-640x360-1.jpg","keywords":["Coronavirus","Covid-19","SARS-CoV-2"],"articleSection":["NOTICIAS NACIONALES"],"inLanguage":"es","potentialAction":[{"@type":"CommentAction","name":"Comment","target":["https:\/\/fuentesfidedignas.com.mx\/index.php\/2022\/01\/12\/primer-ministro-britanico-pide-perdon-por-asistir-a-fiesta-durante-confinamiento\/#respond"]}]},{"@type":"WebPage","@id":"https:\/\/fuentesfidedignas.com.mx\/index.php\/2022\/01\/12\/primer-ministro-britanico-pide-perdon-por-asistir-a-fiesta-durante-confinamiento\/","url":"https:\/\/fuentesfidedignas.com.mx\/index.php\/2022\/01\/12\/primer-ministro-britanico-pide-perdon-por-asistir-a-fiesta-durante-confinamiento\/","name":"Primer ministro brit\u00e1nico pide perd\u00f3n por asistir a fiesta durante confinamiento - Fuentes Fidedignas","isPartOf":{"@id":"https:\/\/fuentesfidedignas.com.mx\/#website"},"primaryImageOfPage":{"@id":"https:\/\/fuentesfidedignas.com.mx\/index.php\/2022\/01\/12\/primer-ministro-britanico-pide-perdon-por-asistir-a-fiesta-durante-confinamiento\/#primaryimage"},"image":{"@id":"https:\/\/fuentesfidedignas.com.mx\/index.php\/2022\/01\/12\/primer-ministro-britanico-pide-perdon-por-asistir-a-fiesta-durante-confinamiento\/#primaryimage"},"thumbnailUrl":"https:\/\/fuentesfidedignas.com.mx\/wp-content\/uploads\/2022\/01\/borisJ-e1641993530797-640x360-1.jpg","datePublished":"2022-01-12T13:35:20+00:00","dateModified":"2022-01-12T13:35:21+00:00","breadcrumb":{"@id":"https:\/\/fuentesfidedignas.com.mx\/index.php\/2022\/01\/12\/primer-ministro-britanico-pide-perdon-por-asistir-a-fiesta-durante-confinamiento\/#breadcrumb"},"inLanguage":"es","potentialAction":[{"@type":"ReadAction","target":["https:\/\/fuentesfidedignas.com.mx\/index.php\/2022\/01\/12\/primer-ministro-britanico-pide-perdon-por-asistir-a-fiesta-durante-confinamiento\/"]}]},{"@type":"ImageObject","inLanguage":"es","@id":"https:\/\/fuentesfidedignas.com.mx\/index.php\/2022\/01\/12\/primer-ministro-britanico-pide-perdon-por-asistir-a-fiesta-durante-confinamiento\/#primaryimage","url":"https:\/\/fuentesfidedignas.com.mx\/wp-content\/uploads\/2022\/01\/borisJ-e1641993530797-640x360-1.jpg","contentUrl":"https:\/\/fuentesfidedignas.com.mx\/wp-content\/uploads\/2022\/01\/borisJ-e1641993530797-640x360-1.jpg","width":640,"height":360},{"@type":"BreadcrumbList","@id":"https:\/\/fuentesfidedignas.com.mx\/index.php\/2022\/01\/12\/primer-ministro-britanico-pide-perdon-por-asistir-a-fiesta-durante-confinamiento\/#breadcrumb","itemListElement":[{"@type":"ListItem","position":1,"name":"Inicio","item":"https:\/\/fuentesfidedignas.com.mx\/"},{"@type":"ListItem","position":2,"name":"Primer ministro brit\u00e1nico pide perd\u00f3n por asistir a fiesta durante confinamiento"}]},{"@type":"WebSite","@id":"https:\/\/fuentesfidedignas.com.mx\/#website","url":"https:\/\/fuentesfidedignas.com.mx\/","name":"Fuentes Fidedignas","description":"Otro sitio realizado con WordPress","publisher":{"@id":"https:\/\/fuentesfidedignas.com.mx\/#organization"},"potentialAction":[{"@type":"SearchAction","target":{"@type":"EntryPoint","urlTemplate":"https:\/\/fuentesfidedignas.com.mx\/?s={search_term_string}"},"query-input":{"@type":"PropertyValueSpecification","valueRequired":true,"valueName":"search_term_string"}}],"inLanguage":"es"},{"@type":"Organization","@id":"https:\/\/fuentesfidedignas.com.mx\/#organization","name":"Fuentes Fidedignas","url":"https:\/\/fuentesfidedignas.com.mx\/","logo":{"@type":"ImageObject","inLanguage":"es","@id":"https:\/\/fuentesfidedignas.com.mx\/#\/schema\/logo\/image\/","url":"https:\/\/fuentesfidedignas.com.mx\/wp-content\/uploads\/2021\/04\/logo-retina.png","contentUrl":"https:\/\/fuentesfidedignas.com.mx\/wp-content\/uploads\/2021\/04\/logo-retina.png","width":280,"height":51,"caption":"Fuentes Fidedignas"},"image":{"@id":"https:\/\/fuentesfidedignas.com.mx\/#\/schema\/logo\/image\/"},"sameAs":["https:\/\/www.facebook.com\/Fuentes-Fidedignas-368234489921644","https:\/\/x.com\/fidedignas"]},{"@type":"Person","@id":"https:\/\/fuentesfidedignas.com.mx\/#\/schema\/person\/5623d53fe2e579d825b1679734abcc44","name":"Forbes","image":{"@type":"ImageObject","inLanguage":"es","@id":"https:\/\/secure.gravatar.com\/avatar\/87ce3dd4e41e60c22a79c758614f01a6bc2469255fc936ec7b15efb9bb5cb66f?s=96&d=mm&r=g","url":"https:\/\/secure.gravatar.com\/avatar\/87ce3dd4e41e60c22a79c758614f01a6bc2469255fc936ec7b15efb9bb5cb66f?s=96&d=mm&r=g","contentUrl":"https:\/\/secure.gravatar.com\/avatar\/87ce3dd4e41e60c22a79c758614f01a6bc2469255fc936ec7b15efb9bb5cb66f?s=96&d=mm&r=g","caption":"Forbes"},"url":"https:\/\/fuentesfidedignas.com.mx\/index.php\/author\/forbes\/"}]}},"_links":{"self":[{"href":"https:\/\/fuentesfidedignas.com.mx\/index.php\/wp-json\/wp\/v2\/posts\/21607","targetHints":{"allow":["GET"]}}],"collection":[{"href":"https:\/\/fuentesfidedignas.com.mx\/index.php\/wp-json\/wp\/v2\/posts"}],"about":[{"href":"https:\/\/fuentesfidedignas.com.mx\/index.php\/wp-json\/wp\/v2\/types\/post"}],"author":[{"embeddable":true,"href":"https:\/\/fuentesfidedignas.com.mx\/index.php\/wp-json\/wp\/v2\/users\/5"}],"replies":[{"embeddable":true,"href":"https:\/\/fuentesfidedignas.com.mx\/index.php\/wp-json\/wp\/v2\/comments?post=21607"}],"version-history":[{"count":1,"href":"https:\/\/fuentesfidedignas.com.mx\/index.php\/wp-json\/wp\/v2\/posts\/21607\/revisions"}],"predecessor-version":[{"id":21609,"href":"https:\/\/fuentesfidedignas.com.mx\/index.php\/wp-json\/wp\/v2\/posts\/21607\/revisions\/21609"}],"wp:featuredmedia":[{"embeddable":true,"href":"https:\/\/fuentesfidedignas.com.mx\/index.php\/wp-json\/wp\/v2\/media\/21608"}],"wp:attachment":[{"href":"https:\/\/fuentesfidedignas.com.mx\/index.php\/wp-json\/wp\/v2\/media?parent=21607"}],"wp:term":[{"taxonomy":"category","embeddable":true,"href":"https:\/\/fuentesfidedignas.com.mx\/index.php\/wp-json\/wp\/v2\/categories?post=21607"},{"taxonomy":"post_tag","embeddable":true,"href":"https:\/\/fuentesfidedignas.com.mx\/index.php\/wp-json\/wp\/v2\/tags?post=21607"}],"curies":[{"name":"wp","href":"https:\/\/api.w.org\/{rel}","templated":true}]}}