{"id":21505,"date":"2022-01-11T07:50:19","date_gmt":"2022-01-11T14:50:19","guid":{"rendered":"https:\/\/fuentesfidedignas.com.mx\/?p=21505"},"modified":"2022-01-11T07:50:20","modified_gmt":"2022-01-11T14:50:20","slug":"autoridades-alertan-por-escasez-de-pruebas-de-covid-19-piden-aislarse-ante-sintomas","status":"publish","type":"post","link":"https:\/\/fuentesfidedignas.com.mx\/index.php\/2022\/01\/11\/autoridades-alertan-por-escasez-de-pruebas-de-covid-19-piden-aislarse-ante-sintomas\/","title":{"rendered":"Autoridades alertan por escasez de pruebas de Covid-19; piden aislarse ante s\u00edntomas"},"content":{"rendered":"\n<p><strong><em>Hugo L\u00f3pez-Gatell, subsecretario de Salud, afirm\u00f3 que ante ola de contagios de Covid-19, la vacunaci\u00f3n con esquema completo ha sido efectiva.<\/em><\/strong><\/p>\n\n\n\n<p>Ciudad de M\u00e9xico.- Hugo L\u00f3pez-Gatell, subsecretario de Prevenci\u00f3n y Promoci\u00f3n de la Salud, hizo un llamado a la poblaci\u00f3n para que si presenta s\u00edntomas de enfermedad respiratoria asuma que es Covid-19, se a\u00edsle y monitoree su estado de salud y no tenga la intenci\u00f3n de ir a formarse para realizarse una prueba del virus.<\/p>\n\n\n\n<p>El funcionario federal alert\u00f3 que a nivel mundial existe escasez de reactivos para detectar el Covid-19 por lo que dijo es necesario que la poblaci\u00f3n guarde la calma y act\u00fae con responsabilidad.<\/p>\n\n\n\n<p>\u201cSi se tienen s\u00edntomas, tos, ronquera, fiebre, hay que pensar que se tiene una enfermedad respiratoria, pero hacerse la prueba no va modificar nuestra decisi\u00f3n de aislarnos.<\/p>\n\n\n\n<p>\u201cEn lugar de correr al quiosco a hacerse una prueba, qu\u00e9dese en casa. Esto incluye estar pendiente de monitorear la respiraci\u00f3n. Si la oxigenaci\u00f3n baja entonces s\u00ed podr\u00eda ser una condici\u00f3n de mayor riesgo\u201d, subray\u00f3 L\u00f3pez-Gatell en conferencia de prensa desde Palacio Nacional.<\/p>\n\n\n\n<p>Como al principio de la emergencia sanitaria por Covid-19 en 2020, el funcionario recomend\u00f3 reforzar las medidas sanitarias personales como el lavado frecuente de manos; usar cubrebocas en espacios cerrados y aplicar el estornudo de etiqueta.<\/p>\n\n\n\n<p>De igual forma, resalt\u00f3 la importancia de cumplir con la vacunaci\u00f3n en esquema completo ya que en esta nueva ola de contagios los biol\u00f3gicos han demostrado su eficacia en no producir enfermedad grave pulmonar.<\/p>\n\n\n\n<p>\u201cTambi\u00e9n hay que vacunarse, lo m\u00e1s importante, evitar aglomeraciones y serenarnos. Ver una cantidad de casos importante, familiares, amigos, nos puede generar miedo, angustia\u201d, coment\u00f3.<\/p>\n\n\n\n<p>Ayer, la Secretar\u00eda de Salud inform\u00f3 un incremento del 188% en los contagios semanales de coronavirus.<\/p>\n\n\n\n<p>La dependencia inform\u00f3 hoy 11,052 nuevos contagios de Covid-19, para un total de 4,136,440 casos, adem\u00e1s de 78 muertes para llegar a 300,412 decesos totales.<\/p>\n\n\n\n<p>Apenas el s\u00e1bado pasado, el pa\u00eds alcanz\u00f3 el r\u00e9cord de casos en toda la pandemia al sumar 30,671 en un solo d\u00eda; generalmente, los domingos y lunes los casos reportados bajan porque los fines de semana se atrasa el registro de datos.<\/p>\n","protected":false},"excerpt":{"rendered":"<p>Hugo L\u00f3pez-Gatell, subsecretario de Salud, afirm\u00f3 que ante ola de contagios de Covid-19, la vacunaci\u00f3n con esquema completo ha sido efectiva. Ciudad de M\u00e9xico.- Hugo L\u00f3pez-Gatell, subsecretario de Prevenci\u00f3n y Promoci\u00f3n de la Salud, hizo un llamado a la poblaci\u00f3n para que si presenta s\u00edntomas de enfermedad respiratoria asuma que es Covid-19, se a\u00edsle y [&hellip;]<\/p>\n","protected":false},"author":5,"featured_media":21506,"comment_status":"open","ping_status":"open","sticky":false,"template":"","format":"standard","meta":{"tdm_status":"","tdm_grid_status":"","footnotes":""},"categories":[39],"tags":[332,59,416,407],"class_list":{"0":"post-21505","1":"post","2":"type-post","3":"status-publish","4":"format-standard","5":"has-post-thumbnail","7":"category-noticias-nacionales","8":"tag-coronavirus","9":"tag-covid-19","10":"tag-sars-cov-2","11":"tag-vacuna-anticovid"},"yoast_head":"<!-- This site is optimized with the Yoast SEO plugin v27.5 - https:\/\/yoast.com\/product\/yoast-seo-wordpress\/ -->\n<title>Autoridades alertan por escasez de pruebas de Covid-19; piden aislarse ante s\u00edntomas - Fuentes Fidedignas<\/title>\n<meta name=\"robots\" content=\"index, follow, max-snippet:-1, max-image-preview:large, max-video-preview:-1\" \/>\n<link rel=\"canonical\" href=\"https:\/\/fuentesfidedignas.com.mx\/index.php\/2022\/01\/11\/autoridades-alertan-por-escasez-de-pruebas-de-covid-19-piden-aislarse-ante-sintomas\/\" \/>\n<meta property=\"og:locale\" content=\"es_MX\" \/>\n<meta property=\"og:type\" content=\"article\" \/>\n<meta property=\"og:title\" content=\"Autoridades alertan por escasez de pruebas de Covid-19; piden aislarse ante s\u00edntomas - Fuentes Fidedignas\" \/>\n<meta property=\"og:description\" content=\"Hugo L\u00f3pez-Gatell, subsecretario de Salud, afirm\u00f3 que ante ola de contagios de Covid-19, la vacunaci\u00f3n con esquema completo ha sido efectiva. Ciudad de M\u00e9xico.- Hugo L\u00f3pez-Gatell, subsecretario de Prevenci\u00f3n y Promoci\u00f3n de la Salud, hizo un llamado a la poblaci\u00f3n para que si presenta s\u00edntomas de enfermedad respiratoria asuma que es Covid-19, se a\u00edsle y [&hellip;]\" \/>\n<meta property=\"og:url\" content=\"https:\/\/fuentesfidedignas.com.mx\/index.php\/2022\/01\/11\/autoridades-alertan-por-escasez-de-pruebas-de-covid-19-piden-aislarse-ante-sintomas\/\" \/>\n<meta property=\"og:site_name\" content=\"Fuentes Fidedignas\" \/>\n<meta property=\"article:publisher\" content=\"https:\/\/www.facebook.com\/Fuentes-Fidedignas-368234489921644\" \/>\n<meta property=\"article:published_time\" content=\"2022-01-11T14:50:19+00:00\" \/>\n<meta property=\"article:modified_time\" content=\"2022-01-11T14:50:20+00:00\" \/>\n<meta property=\"og:image\" content=\"https:\/\/fuentesfidedignas.com.mx\/wp-content\/uploads\/2022\/01\/hlg-640x360-1.jpg\" \/>\n\t<meta property=\"og:image:width\" content=\"640\" \/>\n\t<meta property=\"og:image:height\" content=\"360\" \/>\n\t<meta property=\"og:image:type\" content=\"image\/jpeg\" \/>\n<meta name=\"author\" content=\"Forbes\" \/>\n<meta name=\"twitter:card\" content=\"summary_large_image\" \/>\n<meta name=\"twitter:creator\" content=\"@fidedignas\" \/>\n<meta name=\"twitter:site\" content=\"@fidedignas\" \/>\n<meta name=\"twitter:label1\" content=\"Escrito por\" \/>\n\t<meta name=\"twitter:data1\" content=\"Forbes\" \/>\n\t<meta name=\"twitter:label2\" content=\"Tiempo de lectura\" \/>\n\t<meta name=\"twitter:data2\" content=\"2 minutos\" \/>\n<script type=\"application\/ld+json\" class=\"yoast-schema-graph\">{\"@context\":\"https:\\\/\\\/schema.org\",\"@graph\":[{\"@type\":\"Article\",\"@id\":\"https:\\\/\\\/fuentesfidedignas.com.mx\\\/index.php\\\/2022\\\/01\\\/11\\\/autoridades-alertan-por-escasez-de-pruebas-de-covid-19-piden-aislarse-ante-sintomas\\\/#article\",\"isPartOf\":{\"@id\":\"https:\\\/\\\/fuentesfidedignas.com.mx\\\/index.php\\\/2022\\\/01\\\/11\\\/autoridades-alertan-por-escasez-de-pruebas-de-covid-19-piden-aislarse-ante-sintomas\\\/\"},\"author\":{\"name\":\"Forbes\",\"@id\":\"https:\\\/\\\/fuentesfidedignas.com.mx\\\/#\\\/schema\\\/person\\\/5623d53fe2e579d825b1679734abcc44\"},\"headline\":\"Autoridades alertan por escasez de pruebas de Covid-19; piden aislarse ante s\u00edntomas\",\"datePublished\":\"2022-01-11T14:50:19+00:00\",\"dateModified\":\"2022-01-11T14:50:20+00:00\",\"mainEntityOfPage\":{\"@id\":\"https:\\\/\\\/fuentesfidedignas.com.mx\\\/index.php\\\/2022\\\/01\\\/11\\\/autoridades-alertan-por-escasez-de-pruebas-de-covid-19-piden-aislarse-ante-sintomas\\\/\"},\"wordCount\":392,\"commentCount\":0,\"publisher\":{\"@id\":\"https:\\\/\\\/fuentesfidedignas.com.mx\\\/#organization\"},\"image\":{\"@id\":\"https:\\\/\\\/fuentesfidedignas.com.mx\\\/index.php\\\/2022\\\/01\\\/11\\\/autoridades-alertan-por-escasez-de-pruebas-de-covid-19-piden-aislarse-ante-sintomas\\\/#primaryimage\"},\"thumbnailUrl\":\"https:\\\/\\\/fuentesfidedignas.com.mx\\\/wp-content\\\/uploads\\\/2022\\\/01\\\/hlg-640x360-1.jpg\",\"keywords\":[\"Coronavirus\",\"Covid-19\",\"SARS-CoV-2\",\"Vacuna anticovid\"],\"articleSection\":[\"NOTICIAS NACIONALES\"],\"inLanguage\":\"es\",\"potentialAction\":[{\"@type\":\"CommentAction\",\"name\":\"Comment\",\"target\":[\"https:\\\/\\\/fuentesfidedignas.com.mx\\\/index.php\\\/2022\\\/01\\\/11\\\/autoridades-alertan-por-escasez-de-pruebas-de-covid-19-piden-aislarse-ante-sintomas\\\/#respond\"]}]},{\"@type\":\"WebPage\",\"@id\":\"https:\\\/\\\/fuentesfidedignas.com.mx\\\/index.php\\\/2022\\\/01\\\/11\\\/autoridades-alertan-por-escasez-de-pruebas-de-covid-19-piden-aislarse-ante-sintomas\\\/\",\"url\":\"https:\\\/\\\/fuentesfidedignas.com.mx\\\/index.php\\\/2022\\\/01\\\/11\\\/autoridades-alertan-por-escasez-de-pruebas-de-covid-19-piden-aislarse-ante-sintomas\\\/\",\"name\":\"Autoridades alertan por escasez de pruebas de Covid-19; piden aislarse ante s\u00edntomas - Fuentes Fidedignas\",\"isPartOf\":{\"@id\":\"https:\\\/\\\/fuentesfidedignas.com.mx\\\/#website\"},\"primaryImageOfPage\":{\"@id\":\"https:\\\/\\\/fuentesfidedignas.com.mx\\\/index.php\\\/2022\\\/01\\\/11\\\/autoridades-alertan-por-escasez-de-pruebas-de-covid-19-piden-aislarse-ante-sintomas\\\/#primaryimage\"},\"image\":{\"@id\":\"https:\\\/\\\/fuentesfidedignas.com.mx\\\/index.php\\\/2022\\\/01\\\/11\\\/autoridades-alertan-por-escasez-de-pruebas-de-covid-19-piden-aislarse-ante-sintomas\\\/#primaryimage\"},\"thumbnailUrl\":\"https:\\\/\\\/fuentesfidedignas.com.mx\\\/wp-content\\\/uploads\\\/2022\\\/01\\\/hlg-640x360-1.jpg\",\"datePublished\":\"2022-01-11T14:50:19+00:00\",\"dateModified\":\"2022-01-11T14:50:20+00:00\",\"breadcrumb\":{\"@id\":\"https:\\\/\\\/fuentesfidedignas.com.mx\\\/index.php\\\/2022\\\/01\\\/11\\\/autoridades-alertan-por-escasez-de-pruebas-de-covid-19-piden-aislarse-ante-sintomas\\\/#breadcrumb\"},\"inLanguage\":\"es\",\"potentialAction\":[{\"@type\":\"ReadAction\",\"target\":[\"https:\\\/\\\/fuentesfidedignas.com.mx\\\/index.php\\\/2022\\\/01\\\/11\\\/autoridades-alertan-por-escasez-de-pruebas-de-covid-19-piden-aislarse-ante-sintomas\\\/\"]}]},{\"@type\":\"ImageObject\",\"inLanguage\":\"es\",\"@id\":\"https:\\\/\\\/fuentesfidedignas.com.mx\\\/index.php\\\/2022\\\/01\\\/11\\\/autoridades-alertan-por-escasez-de-pruebas-de-covid-19-piden-aislarse-ante-sintomas\\\/#primaryimage\",\"url\":\"https:\\\/\\\/fuentesfidedignas.com.mx\\\/wp-content\\\/uploads\\\/2022\\\/01\\\/hlg-640x360-1.jpg\",\"contentUrl\":\"https:\\\/\\\/fuentesfidedignas.com.mx\\\/wp-content\\\/uploads\\\/2022\\\/01\\\/hlg-640x360-1.jpg\",\"width\":640,\"height\":360},{\"@type\":\"BreadcrumbList\",\"@id\":\"https:\\\/\\\/fuentesfidedignas.com.mx\\\/index.php\\\/2022\\\/01\\\/11\\\/autoridades-alertan-por-escasez-de-pruebas-de-covid-19-piden-aislarse-ante-sintomas\\\/#breadcrumb\",\"itemListElement\":[{\"@type\":\"ListItem\",\"position\":1,\"name\":\"Inicio\",\"item\":\"https:\\\/\\\/fuentesfidedignas.com.mx\\\/\"},{\"@type\":\"ListItem\",\"position\":2,\"name\":\"Autoridades alertan por escasez de pruebas de Covid-19; piden aislarse ante s\u00edntomas\"}]},{\"@type\":\"WebSite\",\"@id\":\"https:\\\/\\\/fuentesfidedignas.com.mx\\\/#website\",\"url\":\"https:\\\/\\\/fuentesfidedignas.com.mx\\\/\",\"name\":\"Fuentes Fidedignas\",\"description\":\"Otro sitio realizado con WordPress\",\"publisher\":{\"@id\":\"https:\\\/\\\/fuentesfidedignas.com.mx\\\/#organization\"},\"potentialAction\":[{\"@type\":\"SearchAction\",\"target\":{\"@type\":\"EntryPoint\",\"urlTemplate\":\"https:\\\/\\\/fuentesfidedignas.com.mx\\\/?s={search_term_string}\"},\"query-input\":{\"@type\":\"PropertyValueSpecification\",\"valueRequired\":true,\"valueName\":\"search_term_string\"}}],\"inLanguage\":\"es\"},{\"@type\":\"Organization\",\"@id\":\"https:\\\/\\\/fuentesfidedignas.com.mx\\\/#organization\",\"name\":\"Fuentes Fidedignas\",\"url\":\"https:\\\/\\\/fuentesfidedignas.com.mx\\\/\",\"logo\":{\"@type\":\"ImageObject\",\"inLanguage\":\"es\",\"@id\":\"https:\\\/\\\/fuentesfidedignas.com.mx\\\/#\\\/schema\\\/logo\\\/image\\\/\",\"url\":\"https:\\\/\\\/fuentesfidedignas.com.mx\\\/wp-content\\\/uploads\\\/2021\\\/04\\\/logo-retina.png\",\"contentUrl\":\"https:\\\/\\\/fuentesfidedignas.com.mx\\\/wp-content\\\/uploads\\\/2021\\\/04\\\/logo-retina.png\",\"width\":280,\"height\":51,\"caption\":\"Fuentes Fidedignas\"},\"image\":{\"@id\":\"https:\\\/\\\/fuentesfidedignas.com.mx\\\/#\\\/schema\\\/logo\\\/image\\\/\"},\"sameAs\":[\"https:\\\/\\\/www.facebook.com\\\/Fuentes-Fidedignas-368234489921644\",\"https:\\\/\\\/x.com\\\/fidedignas\"]},{\"@type\":\"Person\",\"@id\":\"https:\\\/\\\/fuentesfidedignas.com.mx\\\/#\\\/schema\\\/person\\\/5623d53fe2e579d825b1679734abcc44\",\"name\":\"Forbes\",\"image\":{\"@type\":\"ImageObject\",\"inLanguage\":\"es\",\"@id\":\"https:\\\/\\\/secure.gravatar.com\\\/avatar\\\/87ce3dd4e41e60c22a79c758614f01a6bc2469255fc936ec7b15efb9bb5cb66f?s=96&d=mm&r=g\",\"url\":\"https:\\\/\\\/secure.gravatar.com\\\/avatar\\\/87ce3dd4e41e60c22a79c758614f01a6bc2469255fc936ec7b15efb9bb5cb66f?s=96&d=mm&r=g\",\"contentUrl\":\"https:\\\/\\\/secure.gravatar.com\\\/avatar\\\/87ce3dd4e41e60c22a79c758614f01a6bc2469255fc936ec7b15efb9bb5cb66f?s=96&d=mm&r=g\",\"caption\":\"Forbes\"},\"url\":\"https:\\\/\\\/fuentesfidedignas.com.mx\\\/index.php\\\/author\\\/forbes\\\/\"}]}<\/script>\n<!-- \/ Yoast SEO plugin. -->","yoast_head_json":{"title":"Autoridades alertan por escasez de pruebas de Covid-19; piden aislarse ante s\u00edntomas - Fuentes Fidedignas","robots":{"index":"index","follow":"follow","max-snippet":"max-snippet:-1","max-image-preview":"max-image-preview:large","max-video-preview":"max-video-preview:-1"},"canonical":"https:\/\/fuentesfidedignas.com.mx\/index.php\/2022\/01\/11\/autoridades-alertan-por-escasez-de-pruebas-de-covid-19-piden-aislarse-ante-sintomas\/","og_locale":"es_MX","og_type":"article","og_title":"Autoridades alertan por escasez de pruebas de Covid-19; piden aislarse ante s\u00edntomas - Fuentes Fidedignas","og_description":"Hugo L\u00f3pez-Gatell, subsecretario de Salud, afirm\u00f3 que ante ola de contagios de Covid-19, la vacunaci\u00f3n con esquema completo ha sido efectiva. Ciudad de M\u00e9xico.- Hugo L\u00f3pez-Gatell, subsecretario de Prevenci\u00f3n y Promoci\u00f3n de la Salud, hizo un llamado a la poblaci\u00f3n para que si presenta s\u00edntomas de enfermedad respiratoria asuma que es Covid-19, se a\u00edsle y [&hellip;]","og_url":"https:\/\/fuentesfidedignas.com.mx\/index.php\/2022\/01\/11\/autoridades-alertan-por-escasez-de-pruebas-de-covid-19-piden-aislarse-ante-sintomas\/","og_site_name":"Fuentes Fidedignas","article_publisher":"https:\/\/www.facebook.com\/Fuentes-Fidedignas-368234489921644","article_published_time":"2022-01-11T14:50:19+00:00","article_modified_time":"2022-01-11T14:50:20+00:00","og_image":[{"width":640,"height":360,"url":"https:\/\/fuentesfidedignas.com.mx\/wp-content\/uploads\/2022\/01\/hlg-640x360-1.jpg","type":"image\/jpeg"}],"author":"Forbes","twitter_card":"summary_large_image","twitter_creator":"@fidedignas","twitter_site":"@fidedignas","twitter_misc":{"Escrito por":"Forbes","Tiempo de lectura":"2 minutos"},"schema":{"@context":"https:\/\/schema.org","@graph":[{"@type":"Article","@id":"https:\/\/fuentesfidedignas.com.mx\/index.php\/2022\/01\/11\/autoridades-alertan-por-escasez-de-pruebas-de-covid-19-piden-aislarse-ante-sintomas\/#article","isPartOf":{"@id":"https:\/\/fuentesfidedignas.com.mx\/index.php\/2022\/01\/11\/autoridades-alertan-por-escasez-de-pruebas-de-covid-19-piden-aislarse-ante-sintomas\/"},"author":{"name":"Forbes","@id":"https:\/\/fuentesfidedignas.com.mx\/#\/schema\/person\/5623d53fe2e579d825b1679734abcc44"},"headline":"Autoridades alertan por escasez de pruebas de Covid-19; piden aislarse ante s\u00edntomas","datePublished":"2022-01-11T14:50:19+00:00","dateModified":"2022-01-11T14:50:20+00:00","mainEntityOfPage":{"@id":"https:\/\/fuentesfidedignas.com.mx\/index.php\/2022\/01\/11\/autoridades-alertan-por-escasez-de-pruebas-de-covid-19-piden-aislarse-ante-sintomas\/"},"wordCount":392,"commentCount":0,"publisher":{"@id":"https:\/\/fuentesfidedignas.com.mx\/#organization"},"image":{"@id":"https:\/\/fuentesfidedignas.com.mx\/index.php\/2022\/01\/11\/autoridades-alertan-por-escasez-de-pruebas-de-covid-19-piden-aislarse-ante-sintomas\/#primaryimage"},"thumbnailUrl":"https:\/\/fuentesfidedignas.com.mx\/wp-content\/uploads\/2022\/01\/hlg-640x360-1.jpg","keywords":["Coronavirus","Covid-19","SARS-CoV-2","Vacuna anticovid"],"articleSection":["NOTICIAS NACIONALES"],"inLanguage":"es","potentialAction":[{"@type":"CommentAction","name":"Comment","target":["https:\/\/fuentesfidedignas.com.mx\/index.php\/2022\/01\/11\/autoridades-alertan-por-escasez-de-pruebas-de-covid-19-piden-aislarse-ante-sintomas\/#respond"]}]},{"@type":"WebPage","@id":"https:\/\/fuentesfidedignas.com.mx\/index.php\/2022\/01\/11\/autoridades-alertan-por-escasez-de-pruebas-de-covid-19-piden-aislarse-ante-sintomas\/","url":"https:\/\/fuentesfidedignas.com.mx\/index.php\/2022\/01\/11\/autoridades-alertan-por-escasez-de-pruebas-de-covid-19-piden-aislarse-ante-sintomas\/","name":"Autoridades alertan por escasez de pruebas de Covid-19; piden aislarse ante s\u00edntomas - Fuentes Fidedignas","isPartOf":{"@id":"https:\/\/fuentesfidedignas.com.mx\/#website"},"primaryImageOfPage":{"@id":"https:\/\/fuentesfidedignas.com.mx\/index.php\/2022\/01\/11\/autoridades-alertan-por-escasez-de-pruebas-de-covid-19-piden-aislarse-ante-sintomas\/#primaryimage"},"image":{"@id":"https:\/\/fuentesfidedignas.com.mx\/index.php\/2022\/01\/11\/autoridades-alertan-por-escasez-de-pruebas-de-covid-19-piden-aislarse-ante-sintomas\/#primaryimage"},"thumbnailUrl":"https:\/\/fuentesfidedignas.com.mx\/wp-content\/uploads\/2022\/01\/hlg-640x360-1.jpg","datePublished":"2022-01-11T14:50:19+00:00","dateModified":"2022-01-11T14:50:20+00:00","breadcrumb":{"@id":"https:\/\/fuentesfidedignas.com.mx\/index.php\/2022\/01\/11\/autoridades-alertan-por-escasez-de-pruebas-de-covid-19-piden-aislarse-ante-sintomas\/#breadcrumb"},"inLanguage":"es","potentialAction":[{"@type":"ReadAction","target":["https:\/\/fuentesfidedignas.com.mx\/index.php\/2022\/01\/11\/autoridades-alertan-por-escasez-de-pruebas-de-covid-19-piden-aislarse-ante-sintomas\/"]}]},{"@type":"ImageObject","inLanguage":"es","@id":"https:\/\/fuentesfidedignas.com.mx\/index.php\/2022\/01\/11\/autoridades-alertan-por-escasez-de-pruebas-de-covid-19-piden-aislarse-ante-sintomas\/#primaryimage","url":"https:\/\/fuentesfidedignas.com.mx\/wp-content\/uploads\/2022\/01\/hlg-640x360-1.jpg","contentUrl":"https:\/\/fuentesfidedignas.com.mx\/wp-content\/uploads\/2022\/01\/hlg-640x360-1.jpg","width":640,"height":360},{"@type":"BreadcrumbList","@id":"https:\/\/fuentesfidedignas.com.mx\/index.php\/2022\/01\/11\/autoridades-alertan-por-escasez-de-pruebas-de-covid-19-piden-aislarse-ante-sintomas\/#breadcrumb","itemListElement":[{"@type":"ListItem","position":1,"name":"Inicio","item":"https:\/\/fuentesfidedignas.com.mx\/"},{"@type":"ListItem","position":2,"name":"Autoridades alertan por escasez de pruebas de Covid-19; piden aislarse ante s\u00edntomas"}]},{"@type":"WebSite","@id":"https:\/\/fuentesfidedignas.com.mx\/#website","url":"https:\/\/fuentesfidedignas.com.mx\/","name":"Fuentes Fidedignas","description":"Otro sitio realizado con WordPress","publisher":{"@id":"https:\/\/fuentesfidedignas.com.mx\/#organization"},"potentialAction":[{"@type":"SearchAction","target":{"@type":"EntryPoint","urlTemplate":"https:\/\/fuentesfidedignas.com.mx\/?s={search_term_string}"},"query-input":{"@type":"PropertyValueSpecification","valueRequired":true,"valueName":"search_term_string"}}],"inLanguage":"es"},{"@type":"Organization","@id":"https:\/\/fuentesfidedignas.com.mx\/#organization","name":"Fuentes Fidedignas","url":"https:\/\/fuentesfidedignas.com.mx\/","logo":{"@type":"ImageObject","inLanguage":"es","@id":"https:\/\/fuentesfidedignas.com.mx\/#\/schema\/logo\/image\/","url":"https:\/\/fuentesfidedignas.com.mx\/wp-content\/uploads\/2021\/04\/logo-retina.png","contentUrl":"https:\/\/fuentesfidedignas.com.mx\/wp-content\/uploads\/2021\/04\/logo-retina.png","width":280,"height":51,"caption":"Fuentes Fidedignas"},"image":{"@id":"https:\/\/fuentesfidedignas.com.mx\/#\/schema\/logo\/image\/"},"sameAs":["https:\/\/www.facebook.com\/Fuentes-Fidedignas-368234489921644","https:\/\/x.com\/fidedignas"]},{"@type":"Person","@id":"https:\/\/fuentesfidedignas.com.mx\/#\/schema\/person\/5623d53fe2e579d825b1679734abcc44","name":"Forbes","image":{"@type":"ImageObject","inLanguage":"es","@id":"https:\/\/secure.gravatar.com\/avatar\/87ce3dd4e41e60c22a79c758614f01a6bc2469255fc936ec7b15efb9bb5cb66f?s=96&d=mm&r=g","url":"https:\/\/secure.gravatar.com\/avatar\/87ce3dd4e41e60c22a79c758614f01a6bc2469255fc936ec7b15efb9bb5cb66f?s=96&d=mm&r=g","contentUrl":"https:\/\/secure.gravatar.com\/avatar\/87ce3dd4e41e60c22a79c758614f01a6bc2469255fc936ec7b15efb9bb5cb66f?s=96&d=mm&r=g","caption":"Forbes"},"url":"https:\/\/fuentesfidedignas.com.mx\/index.php\/author\/forbes\/"}]}},"_links":{"self":[{"href":"https:\/\/fuentesfidedignas.com.mx\/index.php\/wp-json\/wp\/v2\/posts\/21505","targetHints":{"allow":["GET"]}}],"collection":[{"href":"https:\/\/fuentesfidedignas.com.mx\/index.php\/wp-json\/wp\/v2\/posts"}],"about":[{"href":"https:\/\/fuentesfidedignas.com.mx\/index.php\/wp-json\/wp\/v2\/types\/post"}],"author":[{"embeddable":true,"href":"https:\/\/fuentesfidedignas.com.mx\/index.php\/wp-json\/wp\/v2\/users\/5"}],"replies":[{"embeddable":true,"href":"https:\/\/fuentesfidedignas.com.mx\/index.php\/wp-json\/wp\/v2\/comments?post=21505"}],"version-history":[{"count":1,"href":"https:\/\/fuentesfidedignas.com.mx\/index.php\/wp-json\/wp\/v2\/posts\/21505\/revisions"}],"predecessor-version":[{"id":21507,"href":"https:\/\/fuentesfidedignas.com.mx\/index.php\/wp-json\/wp\/v2\/posts\/21505\/revisions\/21507"}],"wp:featuredmedia":[{"embeddable":true,"href":"https:\/\/fuentesfidedignas.com.mx\/index.php\/wp-json\/wp\/v2\/media\/21506"}],"wp:attachment":[{"href":"https:\/\/fuentesfidedignas.com.mx\/index.php\/wp-json\/wp\/v2\/media?parent=21505"}],"wp:term":[{"taxonomy":"category","embeddable":true,"href":"https:\/\/fuentesfidedignas.com.mx\/index.php\/wp-json\/wp\/v2\/categories?post=21505"},{"taxonomy":"post_tag","embeddable":true,"href":"https:\/\/fuentesfidedignas.com.mx\/index.php\/wp-json\/wp\/v2\/tags?post=21505"}],"curies":[{"name":"wp","href":"https:\/\/api.w.org\/{rel}","templated":true}]}}