{"id":21499,"date":"2022-01-11T07:40:10","date_gmt":"2022-01-11T14:40:10","guid":{"rendered":"https:\/\/fuentesfidedignas.com.mx\/?p=21499"},"modified":"2022-01-11T07:40:11","modified_gmt":"2022-01-11T14:40:11","slug":"amlo-da-mensaje-estoy-bien-no-hay-que-alarmarnos-el-virus-esta-de-salida","status":"publish","type":"post","link":"https:\/\/fuentesfidedignas.com.mx\/index.php\/2022\/01\/11\/amlo-da-mensaje-estoy-bien-no-hay-que-alarmarnos-el-virus-esta-de-salida\/","title":{"rendered":"AMLO da mensaje: \u2018Estoy bien, no hay que alarmarnos; el virus est\u00e1 de salida\u2019"},"content":{"rendered":"\n<p><strong><em>En un mensaje tras informar que est\u00e1 contagiado de Covid-19, el presidente L\u00f3pez Obrador dijo estar bien de salud y llam\u00f3 a mexicanos a vacunarse y no alarmarse<\/em><\/strong>.<\/p>\n\n\n\n<p>Ciudad de M\u00e9xico.- En un mensaje desde su despacho en Palacio Nacional tras su segundo diagn\u00f3stico de Covid-19, esta ma\u00f1ana el presidente Andr\u00e9s Manuel L\u00f3pez Obrador dijo sentirse bien de salud con s\u00edntomas leves como dolor de cuerpo y ronquera, por lo que llam\u00f3 a la poblaci\u00f3n no alarmarse ya que el virus va de salida.<\/p>\n\n\n\n<p>Ayer por la tarde, el mandatario federal inform\u00f3 que tras una prueba Covid-19, su resultado fue positivo por lo que se aislar\u00eda con trabajo de oficina y eventuales mensajes virtuales.<\/p>\n\n\n\n<p>\u201cEstoy ronco, af\u00f3nico, pero fijense que bien. Este mensaje es para informar como me encuentro pero tambi\u00e9n para transmitirles mi experiencia ahora que me he vuelto a contagiar.<\/p>\n\n\n\n<p>\u201cCon el prop\u00f3sito fundamental que no nos espantemos, afortunadamente esta es una variante (\u00d3micron) que no tiene el nivel, el grado de peligro que la variante Delta y lo estoy experimentando\u201d, explic\u00f3 el jefe del Ejecutivo federal.<\/p>\n\n\n\n<p>Durante su exposici\u00f3n, el presidente de la Rep\u00fablica se tom\u00f3 la temperatura, que marc\u00f3 36.1 grados cent\u00edgrados y oxigenaci\u00f3n de 96, lo cual lo ubica en par\u00e1metros normales respiratorios.<\/p>\n\n\n\n<p>\u201cQue es lo que tengo, ardor en la garganta es como una gripe con ronquera, un poco de dolor de cuerpo al principio, estoy tomando paracetamol y me siento bastante bien.<\/p>\n\n\n\n<p>\u201cCreo que afortunadamente no vamos a necesitar hospitalizarnos y tener perdidas humanas, esto es distinto. Este virus va de salida, no va los pulmones y muy pronto las cosas van a normalizarse\u201d, apunt\u00f3.<\/p>\n\n\n\n<p>En un mensaje reiterado desde la conferencia matutina, que est\u00e1 encabezada por el secretario de Gobernaci\u00f3n, Ad\u00e1n Augusto L\u00f3pez Hern\u00e1ndez, el funcionario pidi\u00f3 a los mexicanos no alarmarse y cuidar sus s\u00edntomas ante cualquier signo de alarma de enfermedad respiratoria.<\/p>\n","protected":false},"excerpt":{"rendered":"<p>En un mensaje tras informar que est\u00e1 contagiado de Covid-19, el presidente L\u00f3pez Obrador dijo estar bien de salud y llam\u00f3 a mexicanos a vacunarse y no alarmarse. Ciudad de M\u00e9xico.- En un mensaje desde su despacho en Palacio Nacional tras su segundo diagn\u00f3stico de Covid-19, esta ma\u00f1ana el presidente Andr\u00e9s Manuel L\u00f3pez Obrador dijo [&hellip;]<\/p>\n","protected":false},"author":5,"featured_media":21500,"comment_status":"open","ping_status":"open","sticky":false,"template":"","format":"standard","meta":{"tdm_status":"","tdm_grid_status":"","footnotes":""},"categories":[39],"tags":[247,297,332,59,416,407],"class_list":{"0":"post-21499","1":"post","2":"type-post","3":"status-publish","4":"format-standard","5":"has-post-thumbnail","7":"category-noticias-nacionales","8":"tag-amlo","9":"tag-andres-manuel-lopez-obrador","10":"tag-coronavirus","11":"tag-covid-19","12":"tag-sars-cov-2","13":"tag-vacuna-anticovid"},"yoast_head":"<!-- This site is optimized with the Yoast SEO plugin v27.5 - https:\/\/yoast.com\/product\/yoast-seo-wordpress\/ -->\n<title>AMLO da mensaje: \u2018Estoy bien, no hay que alarmarnos; el virus est\u00e1 de salida\u2019 - Fuentes Fidedignas<\/title>\n<meta name=\"robots\" content=\"index, follow, max-snippet:-1, max-image-preview:large, max-video-preview:-1\" \/>\n<link rel=\"canonical\" href=\"https:\/\/fuentesfidedignas.com.mx\/index.php\/2022\/01\/11\/amlo-da-mensaje-estoy-bien-no-hay-que-alarmarnos-el-virus-esta-de-salida\/\" \/>\n<meta property=\"og:locale\" content=\"es_MX\" \/>\n<meta property=\"og:type\" content=\"article\" \/>\n<meta property=\"og:title\" content=\"AMLO da mensaje: \u2018Estoy bien, no hay que alarmarnos; el virus est\u00e1 de salida\u2019 - Fuentes Fidedignas\" \/>\n<meta property=\"og:description\" content=\"En un mensaje tras informar que est\u00e1 contagiado de Covid-19, el presidente L\u00f3pez Obrador dijo estar bien de salud y llam\u00f3 a mexicanos a vacunarse y no alarmarse. Ciudad de M\u00e9xico.- En un mensaje desde su despacho en Palacio Nacional tras su segundo diagn\u00f3stico de Covid-19, esta ma\u00f1ana el presidente Andr\u00e9s Manuel L\u00f3pez Obrador dijo [&hellip;]\" \/>\n<meta property=\"og:url\" content=\"https:\/\/fuentesfidedignas.com.mx\/index.php\/2022\/01\/11\/amlo-da-mensaje-estoy-bien-no-hay-que-alarmarnos-el-virus-esta-de-salida\/\" \/>\n<meta property=\"og:site_name\" content=\"Fuentes Fidedignas\" \/>\n<meta property=\"article:publisher\" content=\"https:\/\/www.facebook.com\/Fuentes-Fidedignas-368234489921644\" \/>\n<meta property=\"article:published_time\" content=\"2022-01-11T14:40:10+00:00\" \/>\n<meta property=\"article:modified_time\" content=\"2022-01-11T14:40:11+00:00\" \/>\n<meta property=\"og:image\" content=\"https:\/\/fuentesfidedignas.com.mx\/wp-content\/uploads\/2022\/01\/amlo-640x360-1.jpg\" \/>\n\t<meta property=\"og:image:width\" content=\"640\" \/>\n\t<meta property=\"og:image:height\" content=\"360\" \/>\n\t<meta property=\"og:image:type\" content=\"image\/jpeg\" \/>\n<meta name=\"author\" content=\"Forbes\" \/>\n<meta name=\"twitter:card\" content=\"summary_large_image\" \/>\n<meta name=\"twitter:creator\" content=\"@fidedignas\" \/>\n<meta name=\"twitter:site\" content=\"@fidedignas\" \/>\n<meta name=\"twitter:label1\" content=\"Escrito por\" \/>\n\t<meta name=\"twitter:data1\" content=\"Forbes\" \/>\n\t<meta name=\"twitter:label2\" content=\"Tiempo de lectura\" \/>\n\t<meta name=\"twitter:data2\" content=\"2 minutos\" \/>\n<script type=\"application\/ld+json\" class=\"yoast-schema-graph\">{\"@context\":\"https:\\\/\\\/schema.org\",\"@graph\":[{\"@type\":\"Article\",\"@id\":\"https:\\\/\\\/fuentesfidedignas.com.mx\\\/index.php\\\/2022\\\/01\\\/11\\\/amlo-da-mensaje-estoy-bien-no-hay-que-alarmarnos-el-virus-esta-de-salida\\\/#article\",\"isPartOf\":{\"@id\":\"https:\\\/\\\/fuentesfidedignas.com.mx\\\/index.php\\\/2022\\\/01\\\/11\\\/amlo-da-mensaje-estoy-bien-no-hay-que-alarmarnos-el-virus-esta-de-salida\\\/\"},\"author\":{\"name\":\"Forbes\",\"@id\":\"https:\\\/\\\/fuentesfidedignas.com.mx\\\/#\\\/schema\\\/person\\\/5623d53fe2e579d825b1679734abcc44\"},\"headline\":\"AMLO da mensaje: \u2018Estoy bien, no hay que alarmarnos; el virus est\u00e1 de salida\u2019\",\"datePublished\":\"2022-01-11T14:40:10+00:00\",\"dateModified\":\"2022-01-11T14:40:11+00:00\",\"mainEntityOfPage\":{\"@id\":\"https:\\\/\\\/fuentesfidedignas.com.mx\\\/index.php\\\/2022\\\/01\\\/11\\\/amlo-da-mensaje-estoy-bien-no-hay-que-alarmarnos-el-virus-esta-de-salida\\\/\"},\"wordCount\":347,\"commentCount\":0,\"publisher\":{\"@id\":\"https:\\\/\\\/fuentesfidedignas.com.mx\\\/#organization\"},\"image\":{\"@id\":\"https:\\\/\\\/fuentesfidedignas.com.mx\\\/index.php\\\/2022\\\/01\\\/11\\\/amlo-da-mensaje-estoy-bien-no-hay-que-alarmarnos-el-virus-esta-de-salida\\\/#primaryimage\"},\"thumbnailUrl\":\"https:\\\/\\\/fuentesfidedignas.com.mx\\\/wp-content\\\/uploads\\\/2022\\\/01\\\/amlo-640x360-1.jpg\",\"keywords\":[\"AMLO\",\"Andr\u00e9s Manuel L\u00f3pez Obrador\",\"Coronavirus\",\"Covid-19\",\"SARS-CoV-2\",\"Vacuna anticovid\"],\"articleSection\":[\"NOTICIAS NACIONALES\"],\"inLanguage\":\"es\",\"potentialAction\":[{\"@type\":\"CommentAction\",\"name\":\"Comment\",\"target\":[\"https:\\\/\\\/fuentesfidedignas.com.mx\\\/index.php\\\/2022\\\/01\\\/11\\\/amlo-da-mensaje-estoy-bien-no-hay-que-alarmarnos-el-virus-esta-de-salida\\\/#respond\"]}]},{\"@type\":\"WebPage\",\"@id\":\"https:\\\/\\\/fuentesfidedignas.com.mx\\\/index.php\\\/2022\\\/01\\\/11\\\/amlo-da-mensaje-estoy-bien-no-hay-que-alarmarnos-el-virus-esta-de-salida\\\/\",\"url\":\"https:\\\/\\\/fuentesfidedignas.com.mx\\\/index.php\\\/2022\\\/01\\\/11\\\/amlo-da-mensaje-estoy-bien-no-hay-que-alarmarnos-el-virus-esta-de-salida\\\/\",\"name\":\"AMLO da mensaje: \u2018Estoy bien, no hay que alarmarnos; el virus est\u00e1 de salida\u2019 - Fuentes Fidedignas\",\"isPartOf\":{\"@id\":\"https:\\\/\\\/fuentesfidedignas.com.mx\\\/#website\"},\"primaryImageOfPage\":{\"@id\":\"https:\\\/\\\/fuentesfidedignas.com.mx\\\/index.php\\\/2022\\\/01\\\/11\\\/amlo-da-mensaje-estoy-bien-no-hay-que-alarmarnos-el-virus-esta-de-salida\\\/#primaryimage\"},\"image\":{\"@id\":\"https:\\\/\\\/fuentesfidedignas.com.mx\\\/index.php\\\/2022\\\/01\\\/11\\\/amlo-da-mensaje-estoy-bien-no-hay-que-alarmarnos-el-virus-esta-de-salida\\\/#primaryimage\"},\"thumbnailUrl\":\"https:\\\/\\\/fuentesfidedignas.com.mx\\\/wp-content\\\/uploads\\\/2022\\\/01\\\/amlo-640x360-1.jpg\",\"datePublished\":\"2022-01-11T14:40:10+00:00\",\"dateModified\":\"2022-01-11T14:40:11+00:00\",\"breadcrumb\":{\"@id\":\"https:\\\/\\\/fuentesfidedignas.com.mx\\\/index.php\\\/2022\\\/01\\\/11\\\/amlo-da-mensaje-estoy-bien-no-hay-que-alarmarnos-el-virus-esta-de-salida\\\/#breadcrumb\"},\"inLanguage\":\"es\",\"potentialAction\":[{\"@type\":\"ReadAction\",\"target\":[\"https:\\\/\\\/fuentesfidedignas.com.mx\\\/index.php\\\/2022\\\/01\\\/11\\\/amlo-da-mensaje-estoy-bien-no-hay-que-alarmarnos-el-virus-esta-de-salida\\\/\"]}]},{\"@type\":\"ImageObject\",\"inLanguage\":\"es\",\"@id\":\"https:\\\/\\\/fuentesfidedignas.com.mx\\\/index.php\\\/2022\\\/01\\\/11\\\/amlo-da-mensaje-estoy-bien-no-hay-que-alarmarnos-el-virus-esta-de-salida\\\/#primaryimage\",\"url\":\"https:\\\/\\\/fuentesfidedignas.com.mx\\\/wp-content\\\/uploads\\\/2022\\\/01\\\/amlo-640x360-1.jpg\",\"contentUrl\":\"https:\\\/\\\/fuentesfidedignas.com.mx\\\/wp-content\\\/uploads\\\/2022\\\/01\\\/amlo-640x360-1.jpg\",\"width\":640,\"height\":360},{\"@type\":\"BreadcrumbList\",\"@id\":\"https:\\\/\\\/fuentesfidedignas.com.mx\\\/index.php\\\/2022\\\/01\\\/11\\\/amlo-da-mensaje-estoy-bien-no-hay-que-alarmarnos-el-virus-esta-de-salida\\\/#breadcrumb\",\"itemListElement\":[{\"@type\":\"ListItem\",\"position\":1,\"name\":\"Inicio\",\"item\":\"https:\\\/\\\/fuentesfidedignas.com.mx\\\/\"},{\"@type\":\"ListItem\",\"position\":2,\"name\":\"AMLO da mensaje: \u2018Estoy bien, no hay que alarmarnos; el virus est\u00e1 de salida\u2019\"}]},{\"@type\":\"WebSite\",\"@id\":\"https:\\\/\\\/fuentesfidedignas.com.mx\\\/#website\",\"url\":\"https:\\\/\\\/fuentesfidedignas.com.mx\\\/\",\"name\":\"Fuentes Fidedignas\",\"description\":\"Otro sitio realizado con WordPress\",\"publisher\":{\"@id\":\"https:\\\/\\\/fuentesfidedignas.com.mx\\\/#organization\"},\"potentialAction\":[{\"@type\":\"SearchAction\",\"target\":{\"@type\":\"EntryPoint\",\"urlTemplate\":\"https:\\\/\\\/fuentesfidedignas.com.mx\\\/?s={search_term_string}\"},\"query-input\":{\"@type\":\"PropertyValueSpecification\",\"valueRequired\":true,\"valueName\":\"search_term_string\"}}],\"inLanguage\":\"es\"},{\"@type\":\"Organization\",\"@id\":\"https:\\\/\\\/fuentesfidedignas.com.mx\\\/#organization\",\"name\":\"Fuentes Fidedignas\",\"url\":\"https:\\\/\\\/fuentesfidedignas.com.mx\\\/\",\"logo\":{\"@type\":\"ImageObject\",\"inLanguage\":\"es\",\"@id\":\"https:\\\/\\\/fuentesfidedignas.com.mx\\\/#\\\/schema\\\/logo\\\/image\\\/\",\"url\":\"https:\\\/\\\/fuentesfidedignas.com.mx\\\/wp-content\\\/uploads\\\/2021\\\/04\\\/logo-retina.png\",\"contentUrl\":\"https:\\\/\\\/fuentesfidedignas.com.mx\\\/wp-content\\\/uploads\\\/2021\\\/04\\\/logo-retina.png\",\"width\":280,\"height\":51,\"caption\":\"Fuentes Fidedignas\"},\"image\":{\"@id\":\"https:\\\/\\\/fuentesfidedignas.com.mx\\\/#\\\/schema\\\/logo\\\/image\\\/\"},\"sameAs\":[\"https:\\\/\\\/www.facebook.com\\\/Fuentes-Fidedignas-368234489921644\",\"https:\\\/\\\/x.com\\\/fidedignas\"]},{\"@type\":\"Person\",\"@id\":\"https:\\\/\\\/fuentesfidedignas.com.mx\\\/#\\\/schema\\\/person\\\/5623d53fe2e579d825b1679734abcc44\",\"name\":\"Forbes\",\"image\":{\"@type\":\"ImageObject\",\"inLanguage\":\"es\",\"@id\":\"https:\\\/\\\/secure.gravatar.com\\\/avatar\\\/87ce3dd4e41e60c22a79c758614f01a6bc2469255fc936ec7b15efb9bb5cb66f?s=96&d=mm&r=g\",\"url\":\"https:\\\/\\\/secure.gravatar.com\\\/avatar\\\/87ce3dd4e41e60c22a79c758614f01a6bc2469255fc936ec7b15efb9bb5cb66f?s=96&d=mm&r=g\",\"contentUrl\":\"https:\\\/\\\/secure.gravatar.com\\\/avatar\\\/87ce3dd4e41e60c22a79c758614f01a6bc2469255fc936ec7b15efb9bb5cb66f?s=96&d=mm&r=g\",\"caption\":\"Forbes\"},\"url\":\"https:\\\/\\\/fuentesfidedignas.com.mx\\\/index.php\\\/author\\\/forbes\\\/\"}]}<\/script>\n<!-- \/ Yoast SEO plugin. -->","yoast_head_json":{"title":"AMLO da mensaje: \u2018Estoy bien, no hay que alarmarnos; el virus est\u00e1 de salida\u2019 - Fuentes Fidedignas","robots":{"index":"index","follow":"follow","max-snippet":"max-snippet:-1","max-image-preview":"max-image-preview:large","max-video-preview":"max-video-preview:-1"},"canonical":"https:\/\/fuentesfidedignas.com.mx\/index.php\/2022\/01\/11\/amlo-da-mensaje-estoy-bien-no-hay-que-alarmarnos-el-virus-esta-de-salida\/","og_locale":"es_MX","og_type":"article","og_title":"AMLO da mensaje: \u2018Estoy bien, no hay que alarmarnos; el virus est\u00e1 de salida\u2019 - Fuentes Fidedignas","og_description":"En un mensaje tras informar que est\u00e1 contagiado de Covid-19, el presidente L\u00f3pez Obrador dijo estar bien de salud y llam\u00f3 a mexicanos a vacunarse y no alarmarse. Ciudad de M\u00e9xico.- En un mensaje desde su despacho en Palacio Nacional tras su segundo diagn\u00f3stico de Covid-19, esta ma\u00f1ana el presidente Andr\u00e9s Manuel L\u00f3pez Obrador dijo [&hellip;]","og_url":"https:\/\/fuentesfidedignas.com.mx\/index.php\/2022\/01\/11\/amlo-da-mensaje-estoy-bien-no-hay-que-alarmarnos-el-virus-esta-de-salida\/","og_site_name":"Fuentes Fidedignas","article_publisher":"https:\/\/www.facebook.com\/Fuentes-Fidedignas-368234489921644","article_published_time":"2022-01-11T14:40:10+00:00","article_modified_time":"2022-01-11T14:40:11+00:00","og_image":[{"width":640,"height":360,"url":"https:\/\/fuentesfidedignas.com.mx\/wp-content\/uploads\/2022\/01\/amlo-640x360-1.jpg","type":"image\/jpeg"}],"author":"Forbes","twitter_card":"summary_large_image","twitter_creator":"@fidedignas","twitter_site":"@fidedignas","twitter_misc":{"Escrito por":"Forbes","Tiempo de lectura":"2 minutos"},"schema":{"@context":"https:\/\/schema.org","@graph":[{"@type":"Article","@id":"https:\/\/fuentesfidedignas.com.mx\/index.php\/2022\/01\/11\/amlo-da-mensaje-estoy-bien-no-hay-que-alarmarnos-el-virus-esta-de-salida\/#article","isPartOf":{"@id":"https:\/\/fuentesfidedignas.com.mx\/index.php\/2022\/01\/11\/amlo-da-mensaje-estoy-bien-no-hay-que-alarmarnos-el-virus-esta-de-salida\/"},"author":{"name":"Forbes","@id":"https:\/\/fuentesfidedignas.com.mx\/#\/schema\/person\/5623d53fe2e579d825b1679734abcc44"},"headline":"AMLO da mensaje: \u2018Estoy bien, no hay que alarmarnos; el virus est\u00e1 de salida\u2019","datePublished":"2022-01-11T14:40:10+00:00","dateModified":"2022-01-11T14:40:11+00:00","mainEntityOfPage":{"@id":"https:\/\/fuentesfidedignas.com.mx\/index.php\/2022\/01\/11\/amlo-da-mensaje-estoy-bien-no-hay-que-alarmarnos-el-virus-esta-de-salida\/"},"wordCount":347,"commentCount":0,"publisher":{"@id":"https:\/\/fuentesfidedignas.com.mx\/#organization"},"image":{"@id":"https:\/\/fuentesfidedignas.com.mx\/index.php\/2022\/01\/11\/amlo-da-mensaje-estoy-bien-no-hay-que-alarmarnos-el-virus-esta-de-salida\/#primaryimage"},"thumbnailUrl":"https:\/\/fuentesfidedignas.com.mx\/wp-content\/uploads\/2022\/01\/amlo-640x360-1.jpg","keywords":["AMLO","Andr\u00e9s Manuel L\u00f3pez Obrador","Coronavirus","Covid-19","SARS-CoV-2","Vacuna anticovid"],"articleSection":["NOTICIAS NACIONALES"],"inLanguage":"es","potentialAction":[{"@type":"CommentAction","name":"Comment","target":["https:\/\/fuentesfidedignas.com.mx\/index.php\/2022\/01\/11\/amlo-da-mensaje-estoy-bien-no-hay-que-alarmarnos-el-virus-esta-de-salida\/#respond"]}]},{"@type":"WebPage","@id":"https:\/\/fuentesfidedignas.com.mx\/index.php\/2022\/01\/11\/amlo-da-mensaje-estoy-bien-no-hay-que-alarmarnos-el-virus-esta-de-salida\/","url":"https:\/\/fuentesfidedignas.com.mx\/index.php\/2022\/01\/11\/amlo-da-mensaje-estoy-bien-no-hay-que-alarmarnos-el-virus-esta-de-salida\/","name":"AMLO da mensaje: \u2018Estoy bien, no hay que alarmarnos; el virus est\u00e1 de salida\u2019 - Fuentes Fidedignas","isPartOf":{"@id":"https:\/\/fuentesfidedignas.com.mx\/#website"},"primaryImageOfPage":{"@id":"https:\/\/fuentesfidedignas.com.mx\/index.php\/2022\/01\/11\/amlo-da-mensaje-estoy-bien-no-hay-que-alarmarnos-el-virus-esta-de-salida\/#primaryimage"},"image":{"@id":"https:\/\/fuentesfidedignas.com.mx\/index.php\/2022\/01\/11\/amlo-da-mensaje-estoy-bien-no-hay-que-alarmarnos-el-virus-esta-de-salida\/#primaryimage"},"thumbnailUrl":"https:\/\/fuentesfidedignas.com.mx\/wp-content\/uploads\/2022\/01\/amlo-640x360-1.jpg","datePublished":"2022-01-11T14:40:10+00:00","dateModified":"2022-01-11T14:40:11+00:00","breadcrumb":{"@id":"https:\/\/fuentesfidedignas.com.mx\/index.php\/2022\/01\/11\/amlo-da-mensaje-estoy-bien-no-hay-que-alarmarnos-el-virus-esta-de-salida\/#breadcrumb"},"inLanguage":"es","potentialAction":[{"@type":"ReadAction","target":["https:\/\/fuentesfidedignas.com.mx\/index.php\/2022\/01\/11\/amlo-da-mensaje-estoy-bien-no-hay-que-alarmarnos-el-virus-esta-de-salida\/"]}]},{"@type":"ImageObject","inLanguage":"es","@id":"https:\/\/fuentesfidedignas.com.mx\/index.php\/2022\/01\/11\/amlo-da-mensaje-estoy-bien-no-hay-que-alarmarnos-el-virus-esta-de-salida\/#primaryimage","url":"https:\/\/fuentesfidedignas.com.mx\/wp-content\/uploads\/2022\/01\/amlo-640x360-1.jpg","contentUrl":"https:\/\/fuentesfidedignas.com.mx\/wp-content\/uploads\/2022\/01\/amlo-640x360-1.jpg","width":640,"height":360},{"@type":"BreadcrumbList","@id":"https:\/\/fuentesfidedignas.com.mx\/index.php\/2022\/01\/11\/amlo-da-mensaje-estoy-bien-no-hay-que-alarmarnos-el-virus-esta-de-salida\/#breadcrumb","itemListElement":[{"@type":"ListItem","position":1,"name":"Inicio","item":"https:\/\/fuentesfidedignas.com.mx\/"},{"@type":"ListItem","position":2,"name":"AMLO da mensaje: \u2018Estoy bien, no hay que alarmarnos; el virus est\u00e1 de salida\u2019"}]},{"@type":"WebSite","@id":"https:\/\/fuentesfidedignas.com.mx\/#website","url":"https:\/\/fuentesfidedignas.com.mx\/","name":"Fuentes Fidedignas","description":"Otro sitio realizado con WordPress","publisher":{"@id":"https:\/\/fuentesfidedignas.com.mx\/#organization"},"potentialAction":[{"@type":"SearchAction","target":{"@type":"EntryPoint","urlTemplate":"https:\/\/fuentesfidedignas.com.mx\/?s={search_term_string}"},"query-input":{"@type":"PropertyValueSpecification","valueRequired":true,"valueName":"search_term_string"}}],"inLanguage":"es"},{"@type":"Organization","@id":"https:\/\/fuentesfidedignas.com.mx\/#organization","name":"Fuentes Fidedignas","url":"https:\/\/fuentesfidedignas.com.mx\/","logo":{"@type":"ImageObject","inLanguage":"es","@id":"https:\/\/fuentesfidedignas.com.mx\/#\/schema\/logo\/image\/","url":"https:\/\/fuentesfidedignas.com.mx\/wp-content\/uploads\/2021\/04\/logo-retina.png","contentUrl":"https:\/\/fuentesfidedignas.com.mx\/wp-content\/uploads\/2021\/04\/logo-retina.png","width":280,"height":51,"caption":"Fuentes Fidedignas"},"image":{"@id":"https:\/\/fuentesfidedignas.com.mx\/#\/schema\/logo\/image\/"},"sameAs":["https:\/\/www.facebook.com\/Fuentes-Fidedignas-368234489921644","https:\/\/x.com\/fidedignas"]},{"@type":"Person","@id":"https:\/\/fuentesfidedignas.com.mx\/#\/schema\/person\/5623d53fe2e579d825b1679734abcc44","name":"Forbes","image":{"@type":"ImageObject","inLanguage":"es","@id":"https:\/\/secure.gravatar.com\/avatar\/87ce3dd4e41e60c22a79c758614f01a6bc2469255fc936ec7b15efb9bb5cb66f?s=96&d=mm&r=g","url":"https:\/\/secure.gravatar.com\/avatar\/87ce3dd4e41e60c22a79c758614f01a6bc2469255fc936ec7b15efb9bb5cb66f?s=96&d=mm&r=g","contentUrl":"https:\/\/secure.gravatar.com\/avatar\/87ce3dd4e41e60c22a79c758614f01a6bc2469255fc936ec7b15efb9bb5cb66f?s=96&d=mm&r=g","caption":"Forbes"},"url":"https:\/\/fuentesfidedignas.com.mx\/index.php\/author\/forbes\/"}]}},"_links":{"self":[{"href":"https:\/\/fuentesfidedignas.com.mx\/index.php\/wp-json\/wp\/v2\/posts\/21499","targetHints":{"allow":["GET"]}}],"collection":[{"href":"https:\/\/fuentesfidedignas.com.mx\/index.php\/wp-json\/wp\/v2\/posts"}],"about":[{"href":"https:\/\/fuentesfidedignas.com.mx\/index.php\/wp-json\/wp\/v2\/types\/post"}],"author":[{"embeddable":true,"href":"https:\/\/fuentesfidedignas.com.mx\/index.php\/wp-json\/wp\/v2\/users\/5"}],"replies":[{"embeddable":true,"href":"https:\/\/fuentesfidedignas.com.mx\/index.php\/wp-json\/wp\/v2\/comments?post=21499"}],"version-history":[{"count":1,"href":"https:\/\/fuentesfidedignas.com.mx\/index.php\/wp-json\/wp\/v2\/posts\/21499\/revisions"}],"predecessor-version":[{"id":21501,"href":"https:\/\/fuentesfidedignas.com.mx\/index.php\/wp-json\/wp\/v2\/posts\/21499\/revisions\/21501"}],"wp:featuredmedia":[{"embeddable":true,"href":"https:\/\/fuentesfidedignas.com.mx\/index.php\/wp-json\/wp\/v2\/media\/21500"}],"wp:attachment":[{"href":"https:\/\/fuentesfidedignas.com.mx\/index.php\/wp-json\/wp\/v2\/media?parent=21499"}],"wp:term":[{"taxonomy":"category","embeddable":true,"href":"https:\/\/fuentesfidedignas.com.mx\/index.php\/wp-json\/wp\/v2\/categories?post=21499"},{"taxonomy":"post_tag","embeddable":true,"href":"https:\/\/fuentesfidedignas.com.mx\/index.php\/wp-json\/wp\/v2\/tags?post=21499"}],"curies":[{"name":"wp","href":"https:\/\/api.w.org\/{rel}","templated":true}]}}