{"id":21496,"date":"2022-01-11T06:23:01","date_gmt":"2022-01-11T13:23:01","guid":{"rendered":"https:\/\/fuentesfidedignas.com.mx\/?p=21496"},"modified":"2022-01-11T06:23:02","modified_gmt":"2022-01-11T13:23:02","slug":"hijo-de-amlo-agradecio-mensajes-de-apoyo-al-presidente-de-mexico","status":"publish","type":"post","link":"https:\/\/fuentesfidedignas.com.mx\/index.php\/2022\/01\/11\/hijo-de-amlo-agradecio-mensajes-de-apoyo-al-presidente-de-mexico\/","title":{"rendered":"Hijo de AMLO agradeci\u00f3 mensajes de apoyo al presidente de M\u00e9xico"},"content":{"rendered":"\n<p><em><strong>Tras<\/strong> <strong>el anuncio, Andr\u00e9s Manuel L\u00f3pez Obrador asegur\u00f3 que seguir\u00e1 trabajando, pero aislado y de manera virtual<\/strong><\/em><\/p>\n\n\n\n<p>Ciudad de M\u00e9xico.- Andr\u00e9s Manuel L\u00f3pez Obrador, presidente de M\u00e9xico, public\u00f3 a trav\u00e9s de sus redes sociales oficiales que\u00a0dio positivo, por segunda vez, a un contagio de COVID-19, por lo que se mantendr\u00e1 aislado durante los pr\u00f3ximos d\u00edas.<\/p>\n\n\n\n<p>Ante la noticia, los miembros de gabinete, as\u00ed como otros actores pol\u00edticos de la Cuarta Transformaci\u00f3n (4T), de Morena, e incluso de la oposici\u00f3n, as\u00ed como periodistas y la sociedad civil, enviaron diversas\u00a0muestras de cari\u00f1o y mensajes de pronta recuperaci\u00f3n.<\/p>\n\n\n\n<p>Alfredo del Mazo, Jes\u00fas Ram\u00edrez Cuevas, Marko Cort\u00e9s, Felipe Calder\u00f3n, Margarita Zavala, Claudia Sheinbaum, Luisa Alcalde, Hugo L\u00f3pez-Gatell, Olga S\u00e1nchez Cordero, Mart\u00ed Batres, Zo\u00e9 Robledo, Layda Sansores y Mar\u00eda Luisa Albores fueron solo algunas de las personalidades en la pol\u00edtica nacional que se pronunciaron.<\/p>\n\n\n\n<p>Tras esto, Jos\u00e9 Ram\u00f3n, el hijo mayor de Andr\u00e9s Manuel,\u00a0agradeci\u00f3 a todos los mexicanos que han dedicado un momento y un espacio en sus perfiles oficiales, p\u00e1ginas, programas, diarios, etc\u00e9tera, para mostrar su apoyo al presidente en estos momentos de enfermedad.<\/p>\n\n\n\n<p>\u201cMuchas gracias por sus muestras de cari\u00f1o y apoyo #FuerzaPresidente @lopezobrador_\u201d, escribi\u00f3 en su perfil oficial de Twitter, @_3OJRT4O_.<img decoding=\"async\" height=\"543\" width=\"731\" srcset=\"https:\/\/www.infobae.com\/new-resizer\/z19yD8YZFK05Bl447M8y8LGEAHA=\/420x315\/filters:format(webp):quality(85)\/cloudfront-us-east-1.images.arcpublishing.com\/infobae\/RF5FSK6OXFFNJG4ODMLQX22P2I.jpg 420w,https:\/\/www.infobae.com\/new-resizer\/1ndOUSbmiACdnZTGrn38phs7T8w=\/768x576\/filters:format(webp):quality(85)\/cloudfront-us-east-1.images.arcpublishing.com\/infobae\/RF5FSK6OXFFNJG4ODMLQX22P2I.jpg 768w,https:\/\/www.infobae.com\/new-resizer\/RNam-yP9AFmVZp1W77qja33HBUQ=\/992x744\/filters:format(webp):quality(85)\/cloudfront-us-east-1.images.arcpublishing.com\/infobae\/RF5FSK6OXFFNJG4ODMLQX22P2I.jpg 992w,https:\/\/www.infobae.com\/new-resizer\/Rcv0qTzv2RHnjykWEUpO18JU4lw=\/1200x900\/filters:format(webp):quality(85)\/cloudfront-us-east-1.images.arcpublishing.com\/infobae\/RF5FSK6OXFFNJG4ODMLQX22P2I.jpg 1200w,https:\/\/www.infobae.com\/new-resizer\/j-ksrNQMfB-8vuopzFspe7y_2t0=\/1440x1080\/filters:format(webp):quality(85)\/cloudfront-us-east-1.images.arcpublishing.com\/infobae\/RF5FSK6OXFFNJG4ODMLQX22P2I.jpg 1440w\" alt=\"A un a\u00f1o de su primer contagio, AMLO anunci\u00f3 nuevo positivo, pero fue respaldado por su familia (Foto: Twitter @30jr39)\" src=\"https:\/\/www.infobae.com\/new-resizer\/z19yD8YZFK05Bl447M8y8LGEAHA=\/420x315\/filters:format(webp):quality(85)\/cloudfront-us-east-1.images.arcpublishing.com\/infobae\/RF5FSK6OXFFNJG4ODMLQX22P2I.jpg%20420w\"><em>A un a\u00f1o de su primer contagio, AMLO anunci\u00f3 nuevo positivo, pero fue respaldado por su familia (Foto: Twitter @30jr39)<\/em><\/p>\n\n\n\n<h2 class=\"wp-block-heading\">Segundo contagio de AMLO<\/h2>\n\n\n\n<p>Por su parte, el presidente mexicano indic\u00f3 que durante los pr\u00f3ximos d\u00edas estar\u00e1 aislado, y revel\u00f3 que su sintomatolog\u00eda es apenas leve. Adem\u00e1s, indic\u00f3 que\u00a0realizar\u00e1 trabajo de oficina desde casa, y estar\u00e1 en constante comunicaci\u00f3n virtual con su gabinete.<\/p>\n\n\n\n<p>\u201cEn tanto, el secretario de Gobernaci\u00f3n, Ad\u00e1n Augusto L\u00f3pez Hern\u00e1ndez, me representar\u00e1 en las conferencias de prensa y en otros actos. \u00a1\u00c1nimo, con el afecto de siempre!\u201d, inform\u00f3 el mandatario, dejando claro que continuar\u00e1n las reuniones con la prensa desde Palacio Nacional.<\/p>\n\n\n\n<p>El\u00a0primer contagio del presidente fue anunciado el domingo 24 de enero de 2021, y en alrededor de 15 d\u00edas regres\u00f3 a las actividades tras permanecer en aislamiento y en constante revisi\u00f3n m\u00e9dica.<\/p>\n\n\n\n<p>En aquel momento,\u00a0el mandatario federal a\u00fan no contaba con ninguna dosis de vacuna contra el coronavirus, pues la campa\u00f1a hab\u00eda comenzado apenas un mes antes con el personal de salud de primera l\u00ednea.<\/p>\n\n\n\n<p>Sin embargo, para esta ocasi\u00f3n el presidente cuenta con el esquema completo de vacunaci\u00f3n, y el pasado 7 de diciembre de 2021, recibi\u00f3 tambi\u00e9n su\u00a0tercera dosis de refuerzo AstraZeneca.<\/p>\n\n\n\n<p>Pese a esto, se hizo una prueba para descartar un nuevo contagio, pues estuvo en contacto con personas que dieron positivo, dando cuenta de su resultado a trav\u00e9s de la red social Twitter.<img decoding=\"async\" height=\"910\" width=\"1280\" srcset=\"https:\/\/www.infobae.com\/new-resizer\/cQLGqSWqgqnmI6LNxf6TPcTgsPw=\/420x280\/filters:format(webp):quality(85)\/cloudfront-us-east-1.images.arcpublishing.com\/infobae\/3AGJULJ4ZBBLXCOEDVCGJVKLJY.jpeg 420w,https:\/\/www.infobae.com\/new-resizer\/ZGDZYrBtFvTOJ2tvtJfVEU7QPmI=\/768x512\/filters:format(webp):quality(85)\/cloudfront-us-east-1.images.arcpublishing.com\/infobae\/3AGJULJ4ZBBLXCOEDVCGJVKLJY.jpeg 768w,https:\/\/www.infobae.com\/new-resizer\/AaQTErbbqXrG-J1uTOt6ZvMB560=\/992x661\/filters:format(webp):quality(85)\/cloudfront-us-east-1.images.arcpublishing.com\/infobae\/3AGJULJ4ZBBLXCOEDVCGJVKLJY.jpeg 992w,https:\/\/www.infobae.com\/new-resizer\/0bykIIlb4BkGcIvOXymX7pyfl3U=\/1200x800\/filters:format(webp):quality(85)\/cloudfront-us-east-1.images.arcpublishing.com\/infobae\/3AGJULJ4ZBBLXCOEDVCGJVKLJY.jpeg 1200w,https:\/\/www.infobae.com\/new-resizer\/L43FndB728-N3irxhq-UIFxrq6c=\/1440x960\/filters:format(webp):quality(85)\/cloudfront-us-east-1.images.arcpublishing.com\/infobae\/3AGJULJ4ZBBLXCOEDVCGJVKLJY.jpeg 1440w\" alt=\"(Foto: Presidencia de M\u00e9xico)\" src=\"https:\/\/www.infobae.com\/new-resizer\/cQLGqSWqgqnmI6LNxf6TPcTgsPw=\/420x280\/filters:format(webp):quality(85)\/cloudfront-us-east-1.images.arcpublishing.com\/infobae\/3AGJULJ4ZBBLXCOEDVCGJVKLJY.jpeg%20420w\"><em>(Foto: Presidencia de M\u00e9xico)<\/em><\/p>\n\n\n\n<h2 class=\"wp-block-heading\">Mandatarios internacionales se sumaron a los mensajes para AMLO<\/h2>\n\n\n\n<p>El tema, adem\u00e1s, trascendi\u00f3 fronteras, pues los mandatarios\u00a0Justin Trudeau, de Canad\u00e1; Luis Alberto Arce, de Bolivia; y Miguel D\u00edaz-Canel, de Cuba se sumaron a los mensajes de apoyo para AMLO.<\/p>\n\n\n\n<p>\u201cPronta recuperaci\u00f3n, Presidente @lopezobrador_. Le deseo personalmente y en nombre de nuestro Partido, Gobierno y\u00a0el pueblo de #Cuba que le agradece su invariable solidaridad\u00a0siempre\u201d, escribi\u00f3 el cubano.<\/p>\n\n\n\n<p>\u201cLamento escuchar esto. Cu\u00eddate y mej\u00f3rate pronto\u201d, fue el corto mensaje del canadiense en respuesta directa a la publicaci\u00f3n de su hom\u00f3logo mexicano.<\/p>\n\n\n\n<p>\u201cExpresamos nuestra solidaridad al Presidente de #M\u00e9xico, hermano @lopezobrador_, que\u00a0dio positivo a la #COVID19. Deseamos que tenga una pronta recuperaci\u00f3n y\u00a0le enviamos nuestro sincero aprecio por la obra que realiza en beneficio del pueblo mexicano\u00a0y de la #PatriaGrande\u201d, escribi\u00f3 el boliviano junto a una fotograf\u00eda en Palacio Nacional de CDMX.<\/p>\n","protected":false},"excerpt":{"rendered":"<p>Tras el anuncio, Andr\u00e9s Manuel L\u00f3pez Obrador asegur\u00f3 que seguir\u00e1 trabajando, pero aislado y de manera virtual Ciudad de M\u00e9xico.- Andr\u00e9s Manuel L\u00f3pez Obrador, presidente de M\u00e9xico, public\u00f3 a trav\u00e9s de sus redes sociales oficiales que\u00a0dio positivo, por segunda vez, a un contagio de COVID-19, por lo que se mantendr\u00e1 aislado durante los pr\u00f3ximos d\u00edas. [&hellip;]<\/p>\n","protected":false},"author":41,"featured_media":21497,"comment_status":"open","ping_status":"open","sticky":false,"template":"","format":"standard","meta":{"tdm_status":"","tdm_grid_status":"","footnotes":""},"categories":[39],"tags":[247,297,332,59,416,407],"class_list":{"0":"post-21496","1":"post","2":"type-post","3":"status-publish","4":"format-standard","5":"has-post-thumbnail","7":"category-noticias-nacionales","8":"tag-amlo","9":"tag-andres-manuel-lopez-obrador","10":"tag-coronavirus","11":"tag-covid-19","12":"tag-sars-cov-2","13":"tag-vacuna-anticovid"},"yoast_head":"<!-- This site is optimized with the Yoast SEO plugin v27.5 - https:\/\/yoast.com\/product\/yoast-seo-wordpress\/ -->\n<title>Hijo de AMLO agradeci\u00f3 mensajes de apoyo al presidente de M\u00e9xico - Fuentes Fidedignas<\/title>\n<meta name=\"robots\" content=\"index, follow, max-snippet:-1, max-image-preview:large, max-video-preview:-1\" \/>\n<link rel=\"canonical\" href=\"https:\/\/fuentesfidedignas.com.mx\/index.php\/2022\/01\/11\/hijo-de-amlo-agradecio-mensajes-de-apoyo-al-presidente-de-mexico\/\" \/>\n<meta property=\"og:locale\" content=\"es_MX\" \/>\n<meta property=\"og:type\" content=\"article\" \/>\n<meta property=\"og:title\" content=\"Hijo de AMLO agradeci\u00f3 mensajes de apoyo al presidente de M\u00e9xico - Fuentes Fidedignas\" \/>\n<meta property=\"og:description\" content=\"Tras el anuncio, Andr\u00e9s Manuel L\u00f3pez Obrador asegur\u00f3 que seguir\u00e1 trabajando, pero aislado y de manera virtual Ciudad de M\u00e9xico.- Andr\u00e9s Manuel L\u00f3pez Obrador, presidente de M\u00e9xico, public\u00f3 a trav\u00e9s de sus redes sociales oficiales que\u00a0dio positivo, por segunda vez, a un contagio de COVID-19, por lo que se mantendr\u00e1 aislado durante los pr\u00f3ximos d\u00edas. [&hellip;]\" \/>\n<meta property=\"og:url\" content=\"https:\/\/fuentesfidedignas.com.mx\/index.php\/2022\/01\/11\/hijo-de-amlo-agradecio-mensajes-de-apoyo-al-presidente-de-mexico\/\" \/>\n<meta property=\"og:site_name\" content=\"Fuentes Fidedignas\" \/>\n<meta property=\"article:publisher\" content=\"https:\/\/www.facebook.com\/Fuentes-Fidedignas-368234489921644\" \/>\n<meta property=\"article:published_time\" content=\"2022-01-11T13:23:01+00:00\" \/>\n<meta property=\"article:modified_time\" content=\"2022-01-11T13:23:02+00:00\" \/>\n<meta property=\"og:image\" content=\"https:\/\/fuentesfidedignas.com.mx\/wp-content\/uploads\/2022\/01\/HIJO_AMLO.jpg\" \/>\n\t<meta property=\"og:image:width\" content=\"945\" \/>\n\t<meta property=\"og:image:height\" content=\"537\" \/>\n\t<meta property=\"og:image:type\" content=\"image\/jpeg\" \/>\n<meta name=\"author\" content=\"Infobae\" \/>\n<meta name=\"twitter:card\" content=\"summary_large_image\" \/>\n<meta name=\"twitter:creator\" content=\"@fidedignas\" \/>\n<meta name=\"twitter:site\" content=\"@fidedignas\" \/>\n<meta name=\"twitter:label1\" content=\"Escrito por\" \/>\n\t<meta name=\"twitter:data1\" content=\"Infobae\" \/>\n\t<meta name=\"twitter:label2\" content=\"Tiempo de lectura\" \/>\n\t<meta name=\"twitter:data2\" content=\"4 minutos\" \/>\n<script type=\"application\/ld+json\" class=\"yoast-schema-graph\">{\"@context\":\"https:\\\/\\\/schema.org\",\"@graph\":[{\"@type\":\"Article\",\"@id\":\"https:\\\/\\\/fuentesfidedignas.com.mx\\\/index.php\\\/2022\\\/01\\\/11\\\/hijo-de-amlo-agradecio-mensajes-de-apoyo-al-presidente-de-mexico\\\/#article\",\"isPartOf\":{\"@id\":\"https:\\\/\\\/fuentesfidedignas.com.mx\\\/index.php\\\/2022\\\/01\\\/11\\\/hijo-de-amlo-agradecio-mensajes-de-apoyo-al-presidente-de-mexico\\\/\"},\"author\":{\"name\":\"Infobae\",\"@id\":\"https:\\\/\\\/fuentesfidedignas.com.mx\\\/#\\\/schema\\\/person\\\/8575896a7c1067d352f6c1cd6582c389\"},\"headline\":\"Hijo de AMLO agradeci\u00f3 mensajes de apoyo al presidente de M\u00e9xico\",\"datePublished\":\"2022-01-11T13:23:01+00:00\",\"dateModified\":\"2022-01-11T13:23:02+00:00\",\"mainEntityOfPage\":{\"@id\":\"https:\\\/\\\/fuentesfidedignas.com.mx\\\/index.php\\\/2022\\\/01\\\/11\\\/hijo-de-amlo-agradecio-mensajes-de-apoyo-al-presidente-de-mexico\\\/\"},\"wordCount\":656,\"commentCount\":0,\"publisher\":{\"@id\":\"https:\\\/\\\/fuentesfidedignas.com.mx\\\/#organization\"},\"image\":{\"@id\":\"https:\\\/\\\/fuentesfidedignas.com.mx\\\/index.php\\\/2022\\\/01\\\/11\\\/hijo-de-amlo-agradecio-mensajes-de-apoyo-al-presidente-de-mexico\\\/#primaryimage\"},\"thumbnailUrl\":\"https:\\\/\\\/fuentesfidedignas.com.mx\\\/wp-content\\\/uploads\\\/2022\\\/01\\\/HIJO_AMLO.jpg\",\"keywords\":[\"AMLO\",\"Andr\u00e9s Manuel L\u00f3pez Obrador\",\"Coronavirus\",\"Covid-19\",\"SARS-CoV-2\",\"Vacuna anticovid\"],\"articleSection\":[\"NOTICIAS NACIONALES\"],\"inLanguage\":\"es\",\"potentialAction\":[{\"@type\":\"CommentAction\",\"name\":\"Comment\",\"target\":[\"https:\\\/\\\/fuentesfidedignas.com.mx\\\/index.php\\\/2022\\\/01\\\/11\\\/hijo-de-amlo-agradecio-mensajes-de-apoyo-al-presidente-de-mexico\\\/#respond\"]}]},{\"@type\":\"WebPage\",\"@id\":\"https:\\\/\\\/fuentesfidedignas.com.mx\\\/index.php\\\/2022\\\/01\\\/11\\\/hijo-de-amlo-agradecio-mensajes-de-apoyo-al-presidente-de-mexico\\\/\",\"url\":\"https:\\\/\\\/fuentesfidedignas.com.mx\\\/index.php\\\/2022\\\/01\\\/11\\\/hijo-de-amlo-agradecio-mensajes-de-apoyo-al-presidente-de-mexico\\\/\",\"name\":\"Hijo de AMLO agradeci\u00f3 mensajes de apoyo al presidente de M\u00e9xico - Fuentes Fidedignas\",\"isPartOf\":{\"@id\":\"https:\\\/\\\/fuentesfidedignas.com.mx\\\/#website\"},\"primaryImageOfPage\":{\"@id\":\"https:\\\/\\\/fuentesfidedignas.com.mx\\\/index.php\\\/2022\\\/01\\\/11\\\/hijo-de-amlo-agradecio-mensajes-de-apoyo-al-presidente-de-mexico\\\/#primaryimage\"},\"image\":{\"@id\":\"https:\\\/\\\/fuentesfidedignas.com.mx\\\/index.php\\\/2022\\\/01\\\/11\\\/hijo-de-amlo-agradecio-mensajes-de-apoyo-al-presidente-de-mexico\\\/#primaryimage\"},\"thumbnailUrl\":\"https:\\\/\\\/fuentesfidedignas.com.mx\\\/wp-content\\\/uploads\\\/2022\\\/01\\\/HIJO_AMLO.jpg\",\"datePublished\":\"2022-01-11T13:23:01+00:00\",\"dateModified\":\"2022-01-11T13:23:02+00:00\",\"breadcrumb\":{\"@id\":\"https:\\\/\\\/fuentesfidedignas.com.mx\\\/index.php\\\/2022\\\/01\\\/11\\\/hijo-de-amlo-agradecio-mensajes-de-apoyo-al-presidente-de-mexico\\\/#breadcrumb\"},\"inLanguage\":\"es\",\"potentialAction\":[{\"@type\":\"ReadAction\",\"target\":[\"https:\\\/\\\/fuentesfidedignas.com.mx\\\/index.php\\\/2022\\\/01\\\/11\\\/hijo-de-amlo-agradecio-mensajes-de-apoyo-al-presidente-de-mexico\\\/\"]}]},{\"@type\":\"ImageObject\",\"inLanguage\":\"es\",\"@id\":\"https:\\\/\\\/fuentesfidedignas.com.mx\\\/index.php\\\/2022\\\/01\\\/11\\\/hijo-de-amlo-agradecio-mensajes-de-apoyo-al-presidente-de-mexico\\\/#primaryimage\",\"url\":\"https:\\\/\\\/fuentesfidedignas.com.mx\\\/wp-content\\\/uploads\\\/2022\\\/01\\\/HIJO_AMLO.jpg\",\"contentUrl\":\"https:\\\/\\\/fuentesfidedignas.com.mx\\\/wp-content\\\/uploads\\\/2022\\\/01\\\/HIJO_AMLO.jpg\",\"width\":945,\"height\":537},{\"@type\":\"BreadcrumbList\",\"@id\":\"https:\\\/\\\/fuentesfidedignas.com.mx\\\/index.php\\\/2022\\\/01\\\/11\\\/hijo-de-amlo-agradecio-mensajes-de-apoyo-al-presidente-de-mexico\\\/#breadcrumb\",\"itemListElement\":[{\"@type\":\"ListItem\",\"position\":1,\"name\":\"Inicio\",\"item\":\"https:\\\/\\\/fuentesfidedignas.com.mx\\\/\"},{\"@type\":\"ListItem\",\"position\":2,\"name\":\"Hijo de AMLO agradeci\u00f3 mensajes de apoyo al presidente de M\u00e9xico\"}]},{\"@type\":\"WebSite\",\"@id\":\"https:\\\/\\\/fuentesfidedignas.com.mx\\\/#website\",\"url\":\"https:\\\/\\\/fuentesfidedignas.com.mx\\\/\",\"name\":\"Fuentes Fidedignas\",\"description\":\"Otro sitio realizado con WordPress\",\"publisher\":{\"@id\":\"https:\\\/\\\/fuentesfidedignas.com.mx\\\/#organization\"},\"potentialAction\":[{\"@type\":\"SearchAction\",\"target\":{\"@type\":\"EntryPoint\",\"urlTemplate\":\"https:\\\/\\\/fuentesfidedignas.com.mx\\\/?s={search_term_string}\"},\"query-input\":{\"@type\":\"PropertyValueSpecification\",\"valueRequired\":true,\"valueName\":\"search_term_string\"}}],\"inLanguage\":\"es\"},{\"@type\":\"Organization\",\"@id\":\"https:\\\/\\\/fuentesfidedignas.com.mx\\\/#organization\",\"name\":\"Fuentes Fidedignas\",\"url\":\"https:\\\/\\\/fuentesfidedignas.com.mx\\\/\",\"logo\":{\"@type\":\"ImageObject\",\"inLanguage\":\"es\",\"@id\":\"https:\\\/\\\/fuentesfidedignas.com.mx\\\/#\\\/schema\\\/logo\\\/image\\\/\",\"url\":\"https:\\\/\\\/fuentesfidedignas.com.mx\\\/wp-content\\\/uploads\\\/2021\\\/04\\\/logo-retina.png\",\"contentUrl\":\"https:\\\/\\\/fuentesfidedignas.com.mx\\\/wp-content\\\/uploads\\\/2021\\\/04\\\/logo-retina.png\",\"width\":280,\"height\":51,\"caption\":\"Fuentes Fidedignas\"},\"image\":{\"@id\":\"https:\\\/\\\/fuentesfidedignas.com.mx\\\/#\\\/schema\\\/logo\\\/image\\\/\"},\"sameAs\":[\"https:\\\/\\\/www.facebook.com\\\/Fuentes-Fidedignas-368234489921644\",\"https:\\\/\\\/x.com\\\/fidedignas\"]},{\"@type\":\"Person\",\"@id\":\"https:\\\/\\\/fuentesfidedignas.com.mx\\\/#\\\/schema\\\/person\\\/8575896a7c1067d352f6c1cd6582c389\",\"name\":\"Infobae\",\"image\":{\"@type\":\"ImageObject\",\"inLanguage\":\"es\",\"@id\":\"https:\\\/\\\/secure.gravatar.com\\\/avatar\\\/e4ec95706f8d1670343f6526fdcec45474bab17475a851434a64ca12b5acba1c?s=96&d=mm&r=g\",\"url\":\"https:\\\/\\\/secure.gravatar.com\\\/avatar\\\/e4ec95706f8d1670343f6526fdcec45474bab17475a851434a64ca12b5acba1c?s=96&d=mm&r=g\",\"contentUrl\":\"https:\\\/\\\/secure.gravatar.com\\\/avatar\\\/e4ec95706f8d1670343f6526fdcec45474bab17475a851434a64ca12b5acba1c?s=96&d=mm&r=g\",\"caption\":\"Infobae\"},\"url\":\"https:\\\/\\\/fuentesfidedignas.com.mx\\\/index.php\\\/author\\\/infobae\\\/\"}]}<\/script>\n<!-- \/ Yoast SEO plugin. -->","yoast_head_json":{"title":"Hijo de AMLO agradeci\u00f3 mensajes de apoyo al presidente de M\u00e9xico - Fuentes Fidedignas","robots":{"index":"index","follow":"follow","max-snippet":"max-snippet:-1","max-image-preview":"max-image-preview:large","max-video-preview":"max-video-preview:-1"},"canonical":"https:\/\/fuentesfidedignas.com.mx\/index.php\/2022\/01\/11\/hijo-de-amlo-agradecio-mensajes-de-apoyo-al-presidente-de-mexico\/","og_locale":"es_MX","og_type":"article","og_title":"Hijo de AMLO agradeci\u00f3 mensajes de apoyo al presidente de M\u00e9xico - Fuentes Fidedignas","og_description":"Tras el anuncio, Andr\u00e9s Manuel L\u00f3pez Obrador asegur\u00f3 que seguir\u00e1 trabajando, pero aislado y de manera virtual Ciudad de M\u00e9xico.- Andr\u00e9s Manuel L\u00f3pez Obrador, presidente de M\u00e9xico, public\u00f3 a trav\u00e9s de sus redes sociales oficiales que\u00a0dio positivo, por segunda vez, a un contagio de COVID-19, por lo que se mantendr\u00e1 aislado durante los pr\u00f3ximos d\u00edas. [&hellip;]","og_url":"https:\/\/fuentesfidedignas.com.mx\/index.php\/2022\/01\/11\/hijo-de-amlo-agradecio-mensajes-de-apoyo-al-presidente-de-mexico\/","og_site_name":"Fuentes Fidedignas","article_publisher":"https:\/\/www.facebook.com\/Fuentes-Fidedignas-368234489921644","article_published_time":"2022-01-11T13:23:01+00:00","article_modified_time":"2022-01-11T13:23:02+00:00","og_image":[{"width":945,"height":537,"url":"https:\/\/fuentesfidedignas.com.mx\/wp-content\/uploads\/2022\/01\/HIJO_AMLO.jpg","type":"image\/jpeg"}],"author":"Infobae","twitter_card":"summary_large_image","twitter_creator":"@fidedignas","twitter_site":"@fidedignas","twitter_misc":{"Escrito por":"Infobae","Tiempo de lectura":"4 minutos"},"schema":{"@context":"https:\/\/schema.org","@graph":[{"@type":"Article","@id":"https:\/\/fuentesfidedignas.com.mx\/index.php\/2022\/01\/11\/hijo-de-amlo-agradecio-mensajes-de-apoyo-al-presidente-de-mexico\/#article","isPartOf":{"@id":"https:\/\/fuentesfidedignas.com.mx\/index.php\/2022\/01\/11\/hijo-de-amlo-agradecio-mensajes-de-apoyo-al-presidente-de-mexico\/"},"author":{"name":"Infobae","@id":"https:\/\/fuentesfidedignas.com.mx\/#\/schema\/person\/8575896a7c1067d352f6c1cd6582c389"},"headline":"Hijo de AMLO agradeci\u00f3 mensajes de apoyo al presidente de M\u00e9xico","datePublished":"2022-01-11T13:23:01+00:00","dateModified":"2022-01-11T13:23:02+00:00","mainEntityOfPage":{"@id":"https:\/\/fuentesfidedignas.com.mx\/index.php\/2022\/01\/11\/hijo-de-amlo-agradecio-mensajes-de-apoyo-al-presidente-de-mexico\/"},"wordCount":656,"commentCount":0,"publisher":{"@id":"https:\/\/fuentesfidedignas.com.mx\/#organization"},"image":{"@id":"https:\/\/fuentesfidedignas.com.mx\/index.php\/2022\/01\/11\/hijo-de-amlo-agradecio-mensajes-de-apoyo-al-presidente-de-mexico\/#primaryimage"},"thumbnailUrl":"https:\/\/fuentesfidedignas.com.mx\/wp-content\/uploads\/2022\/01\/HIJO_AMLO.jpg","keywords":["AMLO","Andr\u00e9s Manuel L\u00f3pez Obrador","Coronavirus","Covid-19","SARS-CoV-2","Vacuna anticovid"],"articleSection":["NOTICIAS NACIONALES"],"inLanguage":"es","potentialAction":[{"@type":"CommentAction","name":"Comment","target":["https:\/\/fuentesfidedignas.com.mx\/index.php\/2022\/01\/11\/hijo-de-amlo-agradecio-mensajes-de-apoyo-al-presidente-de-mexico\/#respond"]}]},{"@type":"WebPage","@id":"https:\/\/fuentesfidedignas.com.mx\/index.php\/2022\/01\/11\/hijo-de-amlo-agradecio-mensajes-de-apoyo-al-presidente-de-mexico\/","url":"https:\/\/fuentesfidedignas.com.mx\/index.php\/2022\/01\/11\/hijo-de-amlo-agradecio-mensajes-de-apoyo-al-presidente-de-mexico\/","name":"Hijo de AMLO agradeci\u00f3 mensajes de apoyo al presidente de M\u00e9xico - Fuentes Fidedignas","isPartOf":{"@id":"https:\/\/fuentesfidedignas.com.mx\/#website"},"primaryImageOfPage":{"@id":"https:\/\/fuentesfidedignas.com.mx\/index.php\/2022\/01\/11\/hijo-de-amlo-agradecio-mensajes-de-apoyo-al-presidente-de-mexico\/#primaryimage"},"image":{"@id":"https:\/\/fuentesfidedignas.com.mx\/index.php\/2022\/01\/11\/hijo-de-amlo-agradecio-mensajes-de-apoyo-al-presidente-de-mexico\/#primaryimage"},"thumbnailUrl":"https:\/\/fuentesfidedignas.com.mx\/wp-content\/uploads\/2022\/01\/HIJO_AMLO.jpg","datePublished":"2022-01-11T13:23:01+00:00","dateModified":"2022-01-11T13:23:02+00:00","breadcrumb":{"@id":"https:\/\/fuentesfidedignas.com.mx\/index.php\/2022\/01\/11\/hijo-de-amlo-agradecio-mensajes-de-apoyo-al-presidente-de-mexico\/#breadcrumb"},"inLanguage":"es","potentialAction":[{"@type":"ReadAction","target":["https:\/\/fuentesfidedignas.com.mx\/index.php\/2022\/01\/11\/hijo-de-amlo-agradecio-mensajes-de-apoyo-al-presidente-de-mexico\/"]}]},{"@type":"ImageObject","inLanguage":"es","@id":"https:\/\/fuentesfidedignas.com.mx\/index.php\/2022\/01\/11\/hijo-de-amlo-agradecio-mensajes-de-apoyo-al-presidente-de-mexico\/#primaryimage","url":"https:\/\/fuentesfidedignas.com.mx\/wp-content\/uploads\/2022\/01\/HIJO_AMLO.jpg","contentUrl":"https:\/\/fuentesfidedignas.com.mx\/wp-content\/uploads\/2022\/01\/HIJO_AMLO.jpg","width":945,"height":537},{"@type":"BreadcrumbList","@id":"https:\/\/fuentesfidedignas.com.mx\/index.php\/2022\/01\/11\/hijo-de-amlo-agradecio-mensajes-de-apoyo-al-presidente-de-mexico\/#breadcrumb","itemListElement":[{"@type":"ListItem","position":1,"name":"Inicio","item":"https:\/\/fuentesfidedignas.com.mx\/"},{"@type":"ListItem","position":2,"name":"Hijo de AMLO agradeci\u00f3 mensajes de apoyo al presidente de M\u00e9xico"}]},{"@type":"WebSite","@id":"https:\/\/fuentesfidedignas.com.mx\/#website","url":"https:\/\/fuentesfidedignas.com.mx\/","name":"Fuentes Fidedignas","description":"Otro sitio realizado con WordPress","publisher":{"@id":"https:\/\/fuentesfidedignas.com.mx\/#organization"},"potentialAction":[{"@type":"SearchAction","target":{"@type":"EntryPoint","urlTemplate":"https:\/\/fuentesfidedignas.com.mx\/?s={search_term_string}"},"query-input":{"@type":"PropertyValueSpecification","valueRequired":true,"valueName":"search_term_string"}}],"inLanguage":"es"},{"@type":"Organization","@id":"https:\/\/fuentesfidedignas.com.mx\/#organization","name":"Fuentes Fidedignas","url":"https:\/\/fuentesfidedignas.com.mx\/","logo":{"@type":"ImageObject","inLanguage":"es","@id":"https:\/\/fuentesfidedignas.com.mx\/#\/schema\/logo\/image\/","url":"https:\/\/fuentesfidedignas.com.mx\/wp-content\/uploads\/2021\/04\/logo-retina.png","contentUrl":"https:\/\/fuentesfidedignas.com.mx\/wp-content\/uploads\/2021\/04\/logo-retina.png","width":280,"height":51,"caption":"Fuentes Fidedignas"},"image":{"@id":"https:\/\/fuentesfidedignas.com.mx\/#\/schema\/logo\/image\/"},"sameAs":["https:\/\/www.facebook.com\/Fuentes-Fidedignas-368234489921644","https:\/\/x.com\/fidedignas"]},{"@type":"Person","@id":"https:\/\/fuentesfidedignas.com.mx\/#\/schema\/person\/8575896a7c1067d352f6c1cd6582c389","name":"Infobae","image":{"@type":"ImageObject","inLanguage":"es","@id":"https:\/\/secure.gravatar.com\/avatar\/e4ec95706f8d1670343f6526fdcec45474bab17475a851434a64ca12b5acba1c?s=96&d=mm&r=g","url":"https:\/\/secure.gravatar.com\/avatar\/e4ec95706f8d1670343f6526fdcec45474bab17475a851434a64ca12b5acba1c?s=96&d=mm&r=g","contentUrl":"https:\/\/secure.gravatar.com\/avatar\/e4ec95706f8d1670343f6526fdcec45474bab17475a851434a64ca12b5acba1c?s=96&d=mm&r=g","caption":"Infobae"},"url":"https:\/\/fuentesfidedignas.com.mx\/index.php\/author\/infobae\/"}]}},"_links":{"self":[{"href":"https:\/\/fuentesfidedignas.com.mx\/index.php\/wp-json\/wp\/v2\/posts\/21496","targetHints":{"allow":["GET"]}}],"collection":[{"href":"https:\/\/fuentesfidedignas.com.mx\/index.php\/wp-json\/wp\/v2\/posts"}],"about":[{"href":"https:\/\/fuentesfidedignas.com.mx\/index.php\/wp-json\/wp\/v2\/types\/post"}],"author":[{"embeddable":true,"href":"https:\/\/fuentesfidedignas.com.mx\/index.php\/wp-json\/wp\/v2\/users\/41"}],"replies":[{"embeddable":true,"href":"https:\/\/fuentesfidedignas.com.mx\/index.php\/wp-json\/wp\/v2\/comments?post=21496"}],"version-history":[{"count":1,"href":"https:\/\/fuentesfidedignas.com.mx\/index.php\/wp-json\/wp\/v2\/posts\/21496\/revisions"}],"predecessor-version":[{"id":21498,"href":"https:\/\/fuentesfidedignas.com.mx\/index.php\/wp-json\/wp\/v2\/posts\/21496\/revisions\/21498"}],"wp:featuredmedia":[{"embeddable":true,"href":"https:\/\/fuentesfidedignas.com.mx\/index.php\/wp-json\/wp\/v2\/media\/21497"}],"wp:attachment":[{"href":"https:\/\/fuentesfidedignas.com.mx\/index.php\/wp-json\/wp\/v2\/media?parent=21496"}],"wp:term":[{"taxonomy":"category","embeddable":true,"href":"https:\/\/fuentesfidedignas.com.mx\/index.php\/wp-json\/wp\/v2\/categories?post=21496"},{"taxonomy":"post_tag","embeddable":true,"href":"https:\/\/fuentesfidedignas.com.mx\/index.php\/wp-json\/wp\/v2\/tags?post=21496"}],"curies":[{"name":"wp","href":"https:\/\/api.w.org\/{rel}","templated":true}]}}