{"id":21490,"date":"2022-01-11T06:09:47","date_gmt":"2022-01-11T13:09:47","guid":{"rendered":"https:\/\/fuentesfidedignas.com.mx\/?p=21490"},"modified":"2022-01-11T06:09:48","modified_gmt":"2022-01-11T13:09:48","slug":"dan-luz-verde-a-la-cfe-para-construir-minicentral-hidroelectrica-en-sinaloa","status":"publish","type":"post","link":"https:\/\/fuentesfidedignas.com.mx\/index.php\/2022\/01\/11\/dan-luz-verde-a-la-cfe-para-construir-minicentral-hidroelectrica-en-sinaloa\/","title":{"rendered":"Dan luz verde a la CFE para construir minicentral hidroel\u00e9ctrica en Sinaloa"},"content":{"rendered":"\n<p><strong><em>Se trata del Proyecto de Equipamiento Hidroel\u00e9ctrico de la Presa Amata, en el municipio de Cosal\u00e1; la construcci\u00f3n tardar\u00e1 2 a\u00f1os y medio.<\/em><\/strong><\/p>\n\n\n\n<p>Ciudad de M\u00e9xico.- La Comisi\u00f3n Federal de Electricidad (CFE) recibi\u00f3 el visto bueno de la autoridad ambiental para el equipamiento de una minicentral hidroel\u00e9ctrica\u00a0para producir 10 megavatios (MW)\u00a0de capacidad neta, proyecto que considera\u00a0una inversi\u00f3n de 429 millones de pesos.<\/p>\n\n\n\n<p>Se trata del\u00a0Proyecto de Equipamiento Hidroel\u00e9ctrico de la Presa Reguladora Amata\u00a0(PEH Amata) en el municipio de Cosal\u00e1 en Sinaloa; para la construcci\u00f3n se prev\u00e9 un tiempo de 2 a\u00f1os y 5 meses, y su operaci\u00f3n tendr\u00e1 una vida \u00fatil de 50 a\u00f1os.<\/p>\n\n\n\n<p>La Secretar\u00eda de Medio Ambiente y Recursos Naturales (Semarnat) a cargo de Mar\u00eda Luisa Albores, se pronunci\u00f3 el pasado 9 de diciembre a favor del proyecto de la CFE, dirigida Manuel Bartlett D\u00edaz.<\/p>\n\n\n\n<p>De acuerdo con la informaci\u00f3n de la Empresa Productiva del Estado en poder de\u00a0<em>Forbes M\u00e9xico<\/em>, el proyecto se realizar\u00e1\u00a0aprovechando la infraestructura existente de la presa para complementarla con obras civiles y electromec\u00e1nicas de baja escala.<\/p>\n\n\n\n<p>El objetivo es beneficiarse de los escurrimientos del r\u00edo San Lorenzo, descargado por la central hidroel\u00e9ctrica Profesor Ra\u00fal Jaime Marsal C\u00f3rdoba \u201cComedero\u201d, y la carga obtenida del embalsamiento de estas descargas por parte de la presa reguladora.<\/p>\n\n\n\n<p>Con el desarrollo de la minicentral hidroel\u00e9ctrica\u00a0ser\u00e1 factible producir energ\u00eda el\u00e9ctrica durante todo el a\u00f1o, lo que responder\u00e1 a la\u00a0demanda\u00a0que existe en la\u00a0regi\u00f3n noroeste del pa\u00eds.<\/p>\n\n\n\n<p>De acuerdo con el Escenario de Planeaci\u00f3n del Desarrollo del Mercado El\u00e9ctrico, se estima que la demanda m\u00e1xima del \u00e1rea noroeste crecer\u00e1 anualmente 2.6% en promedio durante 2020-2034.<\/p>\n\n\n\n<p>\u201cPor ello, se propone instalar 10 MW de capacidad neta del PEH Amata, lo cual contribuir\u00e1 a satisfacer la demanda del sistema al menor costo total a largo plazo\u201d, justifica la CFE.<\/p>\n\n\n\n<figure class=\"wp-block-image\"><img decoding=\"async\" src=\"https:\/\/cdn.forbes.com.mx\/2022\/01\/Captura-de-Pantalla-2022-01-10-a-las-19.37.41-1024x478.png\" alt=\"\" class=\"wp-image-927099\"\/><figcaption>Gr\u00e1fica: CFE.<\/figcaption><\/figure>\n\n\n\n<p>La Empresa Productiva del Estado destaca que de esta forma se pretende contribuir a satisfacer la demanda de energ\u00eda el\u00e9ctrica proyectados para el Sistema Interconectado Nacional con base en los pron\u00f3sticos del Programa para el Desarrollo del Sistema El\u00e9ctrico Nacional (Prodesen) 2020-2034 y aumentar la producci\u00f3n de energ\u00eda el\u00e9ctrica con energ\u00edas limpias y de menor costo.<\/p>\n\n\n\n<p>La ejecuci\u00f3n del proyecto es bajo un esquema de generaci\u00f3n de tipo \u201ca pie de presa\u201d, por lo que las turbinas deben localizarse a una distancia considerablemente corta de la cortina aguas abajo, particularmente en el caso de la Presa Reguladora Amata.<\/p>\n\n\n\n<p>Las obras permanentes que considera est\u00e1 hidroel\u00e9ctrica de baja escala son plataforma de oficinas, subestaci\u00f3n el\u00e9ctrica, caminos de acceso y un puente.<\/p>\n\n\n\n<p>El proyecto se integrar\u00e1 por los siguientes componentes: canal de llamada (estructura para captar agua), obra de control, conducci\u00f3n (tuber\u00edas para alimentar las turbinas), casa de m\u00e1quinas, desfogue y una obra de toma, esta \u00faltima se conforma de un canal de llamada y una estructura de control de la alimentaci\u00f3n de agua a las turbinas.<\/p>\n\n\n\n<figure class=\"wp-block-image\"><img decoding=\"async\" src=\"https:\/\/cdn.forbes.com.mx\/2022\/01\/Captura-de-Pantalla-2022-01-10-a-las-19.39.23.png\" alt=\"\" class=\"wp-image-927101\"\/><\/figure>\n\n\n\n<p>El PEH Amanta fue considerado por la CFE en su informe anual de 2019 como uno de lo principales proyectos de infraestructura de ese a\u00f1o\u00a0bajo el nombre Obra de Generaci\u00f3n Hidroel\u00e9ctrica en Presa Reguladora Amata, de una capacidad instalada de 10 MW.<\/p>\n\n\n\n<p>El Instituto Mexicano de Tecnolog\u00eda del Agua en 2017 identific\u00f3 a Amata como una de las 25 estructuras hidr\u00e1ulicas existentes con potencial de instalar peque\u00f1as centrales de entre 5 a 30 MW.<\/p>\n\n\n\n<p>Si bien la autorizaci\u00f3n de la Semarnat se dio el pasado 9 de diciembre como consta el oficio de la Direcci\u00f3n General de Impacto Ambiental, la CFE lanz\u00f3 el 20 de noviembre de 2021, el concurso abierto para el equipamiento de la Presa Reguladora Amata, el cual sigue vigente, pendiente de adjudicar.<\/p>\n","protected":false},"excerpt":{"rendered":"<p>Se trata del Proyecto de Equipamiento Hidroel\u00e9ctrico de la Presa Amata, en el municipio de Cosal\u00e1; la construcci\u00f3n tardar\u00e1 2 a\u00f1os y medio. Ciudad de M\u00e9xico.- La Comisi\u00f3n Federal de Electricidad (CFE) recibi\u00f3 el visto bueno de la autoridad ambiental para el equipamiento de una minicentral hidroel\u00e9ctrica\u00a0para producir 10 megavatios (MW)\u00a0de capacidad neta, proyecto que [&hellip;]<\/p>\n","protected":false},"author":5,"featured_media":21491,"comment_status":"open","ping_status":"open","sticky":false,"template":"","format":"standard","meta":{"tdm_status":"","tdm_grid_status":"","footnotes":""},"categories":[37],"tags":[933,934,2288],"class_list":{"0":"post-21490","1":"post","2":"type-post","3":"status-publish","4":"format-standard","5":"has-post-thumbnail","7":"category-nota-principal","8":"tag-cfe","9":"tag-comision-federal-de-electricidad","10":"tag-hidroelectrica"},"yoast_head":"<!-- This site is optimized with the Yoast SEO plugin v27.5 - https:\/\/yoast.com\/product\/yoast-seo-wordpress\/ -->\n<title>Dan luz verde a la CFE para construir minicentral hidroel\u00e9ctrica en Sinaloa - Fuentes Fidedignas<\/title>\n<meta name=\"robots\" content=\"index, follow, max-snippet:-1, max-image-preview:large, max-video-preview:-1\" \/>\n<link rel=\"canonical\" href=\"https:\/\/fuentesfidedignas.com.mx\/index.php\/2022\/01\/11\/dan-luz-verde-a-la-cfe-para-construir-minicentral-hidroelectrica-en-sinaloa\/\" \/>\n<meta property=\"og:locale\" content=\"es_MX\" \/>\n<meta property=\"og:type\" content=\"article\" \/>\n<meta property=\"og:title\" content=\"Dan luz verde a la CFE para construir minicentral hidroel\u00e9ctrica en Sinaloa - Fuentes Fidedignas\" \/>\n<meta property=\"og:description\" content=\"Se trata del Proyecto de Equipamiento Hidroel\u00e9ctrico de la Presa Amata, en el municipio de Cosal\u00e1; la construcci\u00f3n tardar\u00e1 2 a\u00f1os y medio. Ciudad de M\u00e9xico.- La Comisi\u00f3n Federal de Electricidad (CFE) recibi\u00f3 el visto bueno de la autoridad ambiental para el equipamiento de una minicentral hidroel\u00e9ctrica\u00a0para producir 10 megavatios (MW)\u00a0de capacidad neta, proyecto que [&hellip;]\" \/>\n<meta property=\"og:url\" content=\"https:\/\/fuentesfidedignas.com.mx\/index.php\/2022\/01\/11\/dan-luz-verde-a-la-cfe-para-construir-minicentral-hidroelectrica-en-sinaloa\/\" \/>\n<meta property=\"og:site_name\" content=\"Fuentes Fidedignas\" \/>\n<meta property=\"article:publisher\" content=\"https:\/\/www.facebook.com\/Fuentes-Fidedignas-368234489921644\" \/>\n<meta property=\"article:published_time\" content=\"2022-01-11T13:09:47+00:00\" \/>\n<meta property=\"article:modified_time\" content=\"2022-01-11T13:09:48+00:00\" \/>\n<meta property=\"og:image\" content=\"https:\/\/fuentesfidedignas.com.mx\/wp-content\/uploads\/2022\/01\/Hidroele\u0301ctrica-CFE-640x360-1.jpg\" \/>\n\t<meta property=\"og:image:width\" content=\"640\" \/>\n\t<meta property=\"og:image:height\" content=\"360\" \/>\n\t<meta property=\"og:image:type\" content=\"image\/jpeg\" \/>\n<meta name=\"author\" content=\"Forbes\" \/>\n<meta name=\"twitter:card\" content=\"summary_large_image\" \/>\n<meta name=\"twitter:creator\" content=\"@fidedignas\" \/>\n<meta name=\"twitter:site\" content=\"@fidedignas\" \/>\n<meta name=\"twitter:label1\" content=\"Escrito por\" \/>\n\t<meta name=\"twitter:data1\" content=\"Forbes\" \/>\n\t<meta name=\"twitter:label2\" content=\"Tiempo de lectura\" \/>\n\t<meta name=\"twitter:data2\" content=\"4 minutos\" \/>\n<script type=\"application\/ld+json\" class=\"yoast-schema-graph\">{\"@context\":\"https:\\\/\\\/schema.org\",\"@graph\":[{\"@type\":\"Article\",\"@id\":\"https:\\\/\\\/fuentesfidedignas.com.mx\\\/index.php\\\/2022\\\/01\\\/11\\\/dan-luz-verde-a-la-cfe-para-construir-minicentral-hidroelectrica-en-sinaloa\\\/#article\",\"isPartOf\":{\"@id\":\"https:\\\/\\\/fuentesfidedignas.com.mx\\\/index.php\\\/2022\\\/01\\\/11\\\/dan-luz-verde-a-la-cfe-para-construir-minicentral-hidroelectrica-en-sinaloa\\\/\"},\"author\":{\"name\":\"Forbes\",\"@id\":\"https:\\\/\\\/fuentesfidedignas.com.mx\\\/#\\\/schema\\\/person\\\/5623d53fe2e579d825b1679734abcc44\"},\"headline\":\"Dan luz verde a la CFE para construir minicentral hidroel\u00e9ctrica en Sinaloa\",\"datePublished\":\"2022-01-11T13:09:47+00:00\",\"dateModified\":\"2022-01-11T13:09:48+00:00\",\"mainEntityOfPage\":{\"@id\":\"https:\\\/\\\/fuentesfidedignas.com.mx\\\/index.php\\\/2022\\\/01\\\/11\\\/dan-luz-verde-a-la-cfe-para-construir-minicentral-hidroelectrica-en-sinaloa\\\/\"},\"wordCount\":663,\"commentCount\":0,\"publisher\":{\"@id\":\"https:\\\/\\\/fuentesfidedignas.com.mx\\\/#organization\"},\"image\":{\"@id\":\"https:\\\/\\\/fuentesfidedignas.com.mx\\\/index.php\\\/2022\\\/01\\\/11\\\/dan-luz-verde-a-la-cfe-para-construir-minicentral-hidroelectrica-en-sinaloa\\\/#primaryimage\"},\"thumbnailUrl\":\"https:\\\/\\\/fuentesfidedignas.com.mx\\\/wp-content\\\/uploads\\\/2022\\\/01\\\/Hidroele\u0301ctrica-CFE-640x360-1.jpg\",\"keywords\":[\"CFE\",\"Comisi\u00f3n Federal de Electricidad\",\"Hidroel\u00e9ctrica\"],\"articleSection\":[\"NOTA PRINCIPAL\"],\"inLanguage\":\"es\",\"potentialAction\":[{\"@type\":\"CommentAction\",\"name\":\"Comment\",\"target\":[\"https:\\\/\\\/fuentesfidedignas.com.mx\\\/index.php\\\/2022\\\/01\\\/11\\\/dan-luz-verde-a-la-cfe-para-construir-minicentral-hidroelectrica-en-sinaloa\\\/#respond\"]}]},{\"@type\":\"WebPage\",\"@id\":\"https:\\\/\\\/fuentesfidedignas.com.mx\\\/index.php\\\/2022\\\/01\\\/11\\\/dan-luz-verde-a-la-cfe-para-construir-minicentral-hidroelectrica-en-sinaloa\\\/\",\"url\":\"https:\\\/\\\/fuentesfidedignas.com.mx\\\/index.php\\\/2022\\\/01\\\/11\\\/dan-luz-verde-a-la-cfe-para-construir-minicentral-hidroelectrica-en-sinaloa\\\/\",\"name\":\"Dan luz verde a la CFE para construir minicentral hidroel\u00e9ctrica en Sinaloa - Fuentes Fidedignas\",\"isPartOf\":{\"@id\":\"https:\\\/\\\/fuentesfidedignas.com.mx\\\/#website\"},\"primaryImageOfPage\":{\"@id\":\"https:\\\/\\\/fuentesfidedignas.com.mx\\\/index.php\\\/2022\\\/01\\\/11\\\/dan-luz-verde-a-la-cfe-para-construir-minicentral-hidroelectrica-en-sinaloa\\\/#primaryimage\"},\"image\":{\"@id\":\"https:\\\/\\\/fuentesfidedignas.com.mx\\\/index.php\\\/2022\\\/01\\\/11\\\/dan-luz-verde-a-la-cfe-para-construir-minicentral-hidroelectrica-en-sinaloa\\\/#primaryimage\"},\"thumbnailUrl\":\"https:\\\/\\\/fuentesfidedignas.com.mx\\\/wp-content\\\/uploads\\\/2022\\\/01\\\/Hidroele\u0301ctrica-CFE-640x360-1.jpg\",\"datePublished\":\"2022-01-11T13:09:47+00:00\",\"dateModified\":\"2022-01-11T13:09:48+00:00\",\"breadcrumb\":{\"@id\":\"https:\\\/\\\/fuentesfidedignas.com.mx\\\/index.php\\\/2022\\\/01\\\/11\\\/dan-luz-verde-a-la-cfe-para-construir-minicentral-hidroelectrica-en-sinaloa\\\/#breadcrumb\"},\"inLanguage\":\"es\",\"potentialAction\":[{\"@type\":\"ReadAction\",\"target\":[\"https:\\\/\\\/fuentesfidedignas.com.mx\\\/index.php\\\/2022\\\/01\\\/11\\\/dan-luz-verde-a-la-cfe-para-construir-minicentral-hidroelectrica-en-sinaloa\\\/\"]}]},{\"@type\":\"ImageObject\",\"inLanguage\":\"es\",\"@id\":\"https:\\\/\\\/fuentesfidedignas.com.mx\\\/index.php\\\/2022\\\/01\\\/11\\\/dan-luz-verde-a-la-cfe-para-construir-minicentral-hidroelectrica-en-sinaloa\\\/#primaryimage\",\"url\":\"https:\\\/\\\/fuentesfidedignas.com.mx\\\/wp-content\\\/uploads\\\/2022\\\/01\\\/Hidroele\u0301ctrica-CFE-640x360-1.jpg\",\"contentUrl\":\"https:\\\/\\\/fuentesfidedignas.com.mx\\\/wp-content\\\/uploads\\\/2022\\\/01\\\/Hidroele\u0301ctrica-CFE-640x360-1.jpg\",\"width\":640,\"height\":360},{\"@type\":\"BreadcrumbList\",\"@id\":\"https:\\\/\\\/fuentesfidedignas.com.mx\\\/index.php\\\/2022\\\/01\\\/11\\\/dan-luz-verde-a-la-cfe-para-construir-minicentral-hidroelectrica-en-sinaloa\\\/#breadcrumb\",\"itemListElement\":[{\"@type\":\"ListItem\",\"position\":1,\"name\":\"Inicio\",\"item\":\"https:\\\/\\\/fuentesfidedignas.com.mx\\\/\"},{\"@type\":\"ListItem\",\"position\":2,\"name\":\"Dan luz verde a la CFE para construir minicentral hidroel\u00e9ctrica en Sinaloa\"}]},{\"@type\":\"WebSite\",\"@id\":\"https:\\\/\\\/fuentesfidedignas.com.mx\\\/#website\",\"url\":\"https:\\\/\\\/fuentesfidedignas.com.mx\\\/\",\"name\":\"Fuentes Fidedignas\",\"description\":\"Otro sitio realizado con WordPress\",\"publisher\":{\"@id\":\"https:\\\/\\\/fuentesfidedignas.com.mx\\\/#organization\"},\"potentialAction\":[{\"@type\":\"SearchAction\",\"target\":{\"@type\":\"EntryPoint\",\"urlTemplate\":\"https:\\\/\\\/fuentesfidedignas.com.mx\\\/?s={search_term_string}\"},\"query-input\":{\"@type\":\"PropertyValueSpecification\",\"valueRequired\":true,\"valueName\":\"search_term_string\"}}],\"inLanguage\":\"es\"},{\"@type\":\"Organization\",\"@id\":\"https:\\\/\\\/fuentesfidedignas.com.mx\\\/#organization\",\"name\":\"Fuentes Fidedignas\",\"url\":\"https:\\\/\\\/fuentesfidedignas.com.mx\\\/\",\"logo\":{\"@type\":\"ImageObject\",\"inLanguage\":\"es\",\"@id\":\"https:\\\/\\\/fuentesfidedignas.com.mx\\\/#\\\/schema\\\/logo\\\/image\\\/\",\"url\":\"https:\\\/\\\/fuentesfidedignas.com.mx\\\/wp-content\\\/uploads\\\/2021\\\/04\\\/logo-retina.png\",\"contentUrl\":\"https:\\\/\\\/fuentesfidedignas.com.mx\\\/wp-content\\\/uploads\\\/2021\\\/04\\\/logo-retina.png\",\"width\":280,\"height\":51,\"caption\":\"Fuentes Fidedignas\"},\"image\":{\"@id\":\"https:\\\/\\\/fuentesfidedignas.com.mx\\\/#\\\/schema\\\/logo\\\/image\\\/\"},\"sameAs\":[\"https:\\\/\\\/www.facebook.com\\\/Fuentes-Fidedignas-368234489921644\",\"https:\\\/\\\/x.com\\\/fidedignas\"]},{\"@type\":\"Person\",\"@id\":\"https:\\\/\\\/fuentesfidedignas.com.mx\\\/#\\\/schema\\\/person\\\/5623d53fe2e579d825b1679734abcc44\",\"name\":\"Forbes\",\"image\":{\"@type\":\"ImageObject\",\"inLanguage\":\"es\",\"@id\":\"https:\\\/\\\/secure.gravatar.com\\\/avatar\\\/87ce3dd4e41e60c22a79c758614f01a6bc2469255fc936ec7b15efb9bb5cb66f?s=96&d=mm&r=g\",\"url\":\"https:\\\/\\\/secure.gravatar.com\\\/avatar\\\/87ce3dd4e41e60c22a79c758614f01a6bc2469255fc936ec7b15efb9bb5cb66f?s=96&d=mm&r=g\",\"contentUrl\":\"https:\\\/\\\/secure.gravatar.com\\\/avatar\\\/87ce3dd4e41e60c22a79c758614f01a6bc2469255fc936ec7b15efb9bb5cb66f?s=96&d=mm&r=g\",\"caption\":\"Forbes\"},\"url\":\"https:\\\/\\\/fuentesfidedignas.com.mx\\\/index.php\\\/author\\\/forbes\\\/\"}]}<\/script>\n<!-- \/ Yoast SEO plugin. -->","yoast_head_json":{"title":"Dan luz verde a la CFE para construir minicentral hidroel\u00e9ctrica en Sinaloa - Fuentes Fidedignas","robots":{"index":"index","follow":"follow","max-snippet":"max-snippet:-1","max-image-preview":"max-image-preview:large","max-video-preview":"max-video-preview:-1"},"canonical":"https:\/\/fuentesfidedignas.com.mx\/index.php\/2022\/01\/11\/dan-luz-verde-a-la-cfe-para-construir-minicentral-hidroelectrica-en-sinaloa\/","og_locale":"es_MX","og_type":"article","og_title":"Dan luz verde a la CFE para construir minicentral hidroel\u00e9ctrica en Sinaloa - Fuentes Fidedignas","og_description":"Se trata del Proyecto de Equipamiento Hidroel\u00e9ctrico de la Presa Amata, en el municipio de Cosal\u00e1; la construcci\u00f3n tardar\u00e1 2 a\u00f1os y medio. Ciudad de M\u00e9xico.- La Comisi\u00f3n Federal de Electricidad (CFE) recibi\u00f3 el visto bueno de la autoridad ambiental para el equipamiento de una minicentral hidroel\u00e9ctrica\u00a0para producir 10 megavatios (MW)\u00a0de capacidad neta, proyecto que [&hellip;]","og_url":"https:\/\/fuentesfidedignas.com.mx\/index.php\/2022\/01\/11\/dan-luz-verde-a-la-cfe-para-construir-minicentral-hidroelectrica-en-sinaloa\/","og_site_name":"Fuentes Fidedignas","article_publisher":"https:\/\/www.facebook.com\/Fuentes-Fidedignas-368234489921644","article_published_time":"2022-01-11T13:09:47+00:00","article_modified_time":"2022-01-11T13:09:48+00:00","og_image":[{"width":640,"height":360,"url":"https:\/\/fuentesfidedignas.com.mx\/wp-content\/uploads\/2022\/01\/Hidroele\u0301ctrica-CFE-640x360-1.jpg","type":"image\/jpeg"}],"author":"Forbes","twitter_card":"summary_large_image","twitter_creator":"@fidedignas","twitter_site":"@fidedignas","twitter_misc":{"Escrito por":"Forbes","Tiempo de lectura":"4 minutos"},"schema":{"@context":"https:\/\/schema.org","@graph":[{"@type":"Article","@id":"https:\/\/fuentesfidedignas.com.mx\/index.php\/2022\/01\/11\/dan-luz-verde-a-la-cfe-para-construir-minicentral-hidroelectrica-en-sinaloa\/#article","isPartOf":{"@id":"https:\/\/fuentesfidedignas.com.mx\/index.php\/2022\/01\/11\/dan-luz-verde-a-la-cfe-para-construir-minicentral-hidroelectrica-en-sinaloa\/"},"author":{"name":"Forbes","@id":"https:\/\/fuentesfidedignas.com.mx\/#\/schema\/person\/5623d53fe2e579d825b1679734abcc44"},"headline":"Dan luz verde a la CFE para construir minicentral hidroel\u00e9ctrica en Sinaloa","datePublished":"2022-01-11T13:09:47+00:00","dateModified":"2022-01-11T13:09:48+00:00","mainEntityOfPage":{"@id":"https:\/\/fuentesfidedignas.com.mx\/index.php\/2022\/01\/11\/dan-luz-verde-a-la-cfe-para-construir-minicentral-hidroelectrica-en-sinaloa\/"},"wordCount":663,"commentCount":0,"publisher":{"@id":"https:\/\/fuentesfidedignas.com.mx\/#organization"},"image":{"@id":"https:\/\/fuentesfidedignas.com.mx\/index.php\/2022\/01\/11\/dan-luz-verde-a-la-cfe-para-construir-minicentral-hidroelectrica-en-sinaloa\/#primaryimage"},"thumbnailUrl":"https:\/\/fuentesfidedignas.com.mx\/wp-content\/uploads\/2022\/01\/Hidroele\u0301ctrica-CFE-640x360-1.jpg","keywords":["CFE","Comisi\u00f3n Federal de Electricidad","Hidroel\u00e9ctrica"],"articleSection":["NOTA PRINCIPAL"],"inLanguage":"es","potentialAction":[{"@type":"CommentAction","name":"Comment","target":["https:\/\/fuentesfidedignas.com.mx\/index.php\/2022\/01\/11\/dan-luz-verde-a-la-cfe-para-construir-minicentral-hidroelectrica-en-sinaloa\/#respond"]}]},{"@type":"WebPage","@id":"https:\/\/fuentesfidedignas.com.mx\/index.php\/2022\/01\/11\/dan-luz-verde-a-la-cfe-para-construir-minicentral-hidroelectrica-en-sinaloa\/","url":"https:\/\/fuentesfidedignas.com.mx\/index.php\/2022\/01\/11\/dan-luz-verde-a-la-cfe-para-construir-minicentral-hidroelectrica-en-sinaloa\/","name":"Dan luz verde a la CFE para construir minicentral hidroel\u00e9ctrica en Sinaloa - Fuentes Fidedignas","isPartOf":{"@id":"https:\/\/fuentesfidedignas.com.mx\/#website"},"primaryImageOfPage":{"@id":"https:\/\/fuentesfidedignas.com.mx\/index.php\/2022\/01\/11\/dan-luz-verde-a-la-cfe-para-construir-minicentral-hidroelectrica-en-sinaloa\/#primaryimage"},"image":{"@id":"https:\/\/fuentesfidedignas.com.mx\/index.php\/2022\/01\/11\/dan-luz-verde-a-la-cfe-para-construir-minicentral-hidroelectrica-en-sinaloa\/#primaryimage"},"thumbnailUrl":"https:\/\/fuentesfidedignas.com.mx\/wp-content\/uploads\/2022\/01\/Hidroele\u0301ctrica-CFE-640x360-1.jpg","datePublished":"2022-01-11T13:09:47+00:00","dateModified":"2022-01-11T13:09:48+00:00","breadcrumb":{"@id":"https:\/\/fuentesfidedignas.com.mx\/index.php\/2022\/01\/11\/dan-luz-verde-a-la-cfe-para-construir-minicentral-hidroelectrica-en-sinaloa\/#breadcrumb"},"inLanguage":"es","potentialAction":[{"@type":"ReadAction","target":["https:\/\/fuentesfidedignas.com.mx\/index.php\/2022\/01\/11\/dan-luz-verde-a-la-cfe-para-construir-minicentral-hidroelectrica-en-sinaloa\/"]}]},{"@type":"ImageObject","inLanguage":"es","@id":"https:\/\/fuentesfidedignas.com.mx\/index.php\/2022\/01\/11\/dan-luz-verde-a-la-cfe-para-construir-minicentral-hidroelectrica-en-sinaloa\/#primaryimage","url":"https:\/\/fuentesfidedignas.com.mx\/wp-content\/uploads\/2022\/01\/Hidroele\u0301ctrica-CFE-640x360-1.jpg","contentUrl":"https:\/\/fuentesfidedignas.com.mx\/wp-content\/uploads\/2022\/01\/Hidroele\u0301ctrica-CFE-640x360-1.jpg","width":640,"height":360},{"@type":"BreadcrumbList","@id":"https:\/\/fuentesfidedignas.com.mx\/index.php\/2022\/01\/11\/dan-luz-verde-a-la-cfe-para-construir-minicentral-hidroelectrica-en-sinaloa\/#breadcrumb","itemListElement":[{"@type":"ListItem","position":1,"name":"Inicio","item":"https:\/\/fuentesfidedignas.com.mx\/"},{"@type":"ListItem","position":2,"name":"Dan luz verde a la CFE para construir minicentral hidroel\u00e9ctrica en Sinaloa"}]},{"@type":"WebSite","@id":"https:\/\/fuentesfidedignas.com.mx\/#website","url":"https:\/\/fuentesfidedignas.com.mx\/","name":"Fuentes Fidedignas","description":"Otro sitio realizado con WordPress","publisher":{"@id":"https:\/\/fuentesfidedignas.com.mx\/#organization"},"potentialAction":[{"@type":"SearchAction","target":{"@type":"EntryPoint","urlTemplate":"https:\/\/fuentesfidedignas.com.mx\/?s={search_term_string}"},"query-input":{"@type":"PropertyValueSpecification","valueRequired":true,"valueName":"search_term_string"}}],"inLanguage":"es"},{"@type":"Organization","@id":"https:\/\/fuentesfidedignas.com.mx\/#organization","name":"Fuentes Fidedignas","url":"https:\/\/fuentesfidedignas.com.mx\/","logo":{"@type":"ImageObject","inLanguage":"es","@id":"https:\/\/fuentesfidedignas.com.mx\/#\/schema\/logo\/image\/","url":"https:\/\/fuentesfidedignas.com.mx\/wp-content\/uploads\/2021\/04\/logo-retina.png","contentUrl":"https:\/\/fuentesfidedignas.com.mx\/wp-content\/uploads\/2021\/04\/logo-retina.png","width":280,"height":51,"caption":"Fuentes Fidedignas"},"image":{"@id":"https:\/\/fuentesfidedignas.com.mx\/#\/schema\/logo\/image\/"},"sameAs":["https:\/\/www.facebook.com\/Fuentes-Fidedignas-368234489921644","https:\/\/x.com\/fidedignas"]},{"@type":"Person","@id":"https:\/\/fuentesfidedignas.com.mx\/#\/schema\/person\/5623d53fe2e579d825b1679734abcc44","name":"Forbes","image":{"@type":"ImageObject","inLanguage":"es","@id":"https:\/\/secure.gravatar.com\/avatar\/87ce3dd4e41e60c22a79c758614f01a6bc2469255fc936ec7b15efb9bb5cb66f?s=96&d=mm&r=g","url":"https:\/\/secure.gravatar.com\/avatar\/87ce3dd4e41e60c22a79c758614f01a6bc2469255fc936ec7b15efb9bb5cb66f?s=96&d=mm&r=g","contentUrl":"https:\/\/secure.gravatar.com\/avatar\/87ce3dd4e41e60c22a79c758614f01a6bc2469255fc936ec7b15efb9bb5cb66f?s=96&d=mm&r=g","caption":"Forbes"},"url":"https:\/\/fuentesfidedignas.com.mx\/index.php\/author\/forbes\/"}]}},"_links":{"self":[{"href":"https:\/\/fuentesfidedignas.com.mx\/index.php\/wp-json\/wp\/v2\/posts\/21490","targetHints":{"allow":["GET"]}}],"collection":[{"href":"https:\/\/fuentesfidedignas.com.mx\/index.php\/wp-json\/wp\/v2\/posts"}],"about":[{"href":"https:\/\/fuentesfidedignas.com.mx\/index.php\/wp-json\/wp\/v2\/types\/post"}],"author":[{"embeddable":true,"href":"https:\/\/fuentesfidedignas.com.mx\/index.php\/wp-json\/wp\/v2\/users\/5"}],"replies":[{"embeddable":true,"href":"https:\/\/fuentesfidedignas.com.mx\/index.php\/wp-json\/wp\/v2\/comments?post=21490"}],"version-history":[{"count":1,"href":"https:\/\/fuentesfidedignas.com.mx\/index.php\/wp-json\/wp\/v2\/posts\/21490\/revisions"}],"predecessor-version":[{"id":21492,"href":"https:\/\/fuentesfidedignas.com.mx\/index.php\/wp-json\/wp\/v2\/posts\/21490\/revisions\/21492"}],"wp:featuredmedia":[{"embeddable":true,"href":"https:\/\/fuentesfidedignas.com.mx\/index.php\/wp-json\/wp\/v2\/media\/21491"}],"wp:attachment":[{"href":"https:\/\/fuentesfidedignas.com.mx\/index.php\/wp-json\/wp\/v2\/media?parent=21490"}],"wp:term":[{"taxonomy":"category","embeddable":true,"href":"https:\/\/fuentesfidedignas.com.mx\/index.php\/wp-json\/wp\/v2\/categories?post=21490"},{"taxonomy":"post_tag","embeddable":true,"href":"https:\/\/fuentesfidedignas.com.mx\/index.php\/wp-json\/wp\/v2\/tags?post=21490"}],"curies":[{"name":"wp","href":"https:\/\/api.w.org\/{rel}","templated":true}]}}