{"id":21484,"date":"2022-01-11T06:01:19","date_gmt":"2022-01-11T13:01:19","guid":{"rendered":"https:\/\/fuentesfidedignas.com.mx\/?p=21484"},"modified":"2022-01-11T06:01:21","modified_gmt":"2022-01-11T13:01:21","slug":"se-necesita-mas-investigacion-sobre-eficacia-de-vacunas-contra-omicron-oms","status":"publish","type":"post","link":"https:\/\/fuentesfidedignas.com.mx\/index.php\/2022\/01\/11\/se-necesita-mas-investigacion-sobre-eficacia-de-vacunas-contra-omicron-oms\/","title":{"rendered":"Se necesita m\u00e1s investigaci\u00f3n sobre eficacia de vacunas contra \u00d3micron: OMS"},"content":{"rendered":"\n<p><strong><em>El \u00faltimo informe t\u00e9cnico del organismo sanitario mundial pretende responder a algunas de las grandes cuestiones pendientes sobre la variante fuertemente mutada que apareci\u00f3 por primera vez en noviembre, como su gravedad, su transmisibilidad y su capacidad de evadir las vacunas.<\/em><\/strong><\/p>\n\n\n\n<p>Ciudad de M\u00e9xico- La Organizaci\u00f3n Mundial de la Salud (OMS) afirm\u00f3 este martes que se necesita m\u00e1s investigaci\u00f3n para averiguar si las vacunas actuales contra el Covid-19 proporcionan una protecci\u00f3n adecuada contra la variante \u00d3micron, altamente contagiosa, incluso a pesar de que los fabricantes ya est\u00e1n desarrollando vacunas de pr\u00f3xima generaci\u00f3n.<\/p>\n\n\n\n<p>El \u00faltimo informe t\u00e9cnico del organismo sanitario mundial pretende responder a algunas de las grandes cuestiones pendientes sobre la variante fuertemente mutada que apareci\u00f3 por primera vez en noviembre, como su gravedad, su transmisibilidad y su capacidad de evadir las vacunas.<\/p>\n\n\n\n<p>Tambi\u00e9n fija las prioridades para sus Estados miembros. Pero sobre una de las cuestiones clave, la de si se necesita ahora una nueva vacuna espec\u00edfica para \u00d3micron, la agencia de la ONU no ofreci\u00f3 una respuesta inmediata.<\/p>\n\n\n\n<p>\u201cEs necesario seguir investigando para comprender mejor el potencial de escape inmunol\u00f3gico de \u00d3micron frente a la inmunidad inducida por vacunas e infecciones, y las respuestas espec\u00edficas de \u00d3micron a las vacunas\u201d, dijo.<\/p>\n\n\n\n<p>Un responsable de la OMS hab\u00eda dicho anteriormente que esta cuesti\u00f3n requiere una \u201ccoordinaci\u00f3n global\u201d y que no debe dejarse que los fabricantes decidan en solitario. Algunos fabricantes de vacunas ya est\u00e1n desarrollando inyecciones de nueva generaci\u00f3n contra la variante \u00d3micron detectada por primera vez en \u00c1frica y Hong Kong.<\/p>\n\n\n\n<p>El consejero delegado de Pfizer, Albert Bourla, dijo el lunes que probablemente se necesitar\u00e1 una vacuna contra Covid-19 redise\u00f1ada que se dirija espec\u00edficamente a la variante \u00d3micron del coronavirus, as\u00ed como que su empresa podr\u00eda tener una inyecci\u00f3n lista para su despliegue en marzo.<\/p>\n\n\n\n<p>La farmac\u00e9utica Moderna tambi\u00e9n est\u00e1 trabajando en una vacuna adaptada a la variante \u00d3micron del coronavirus, pero es poco probable que est\u00e9 disponible en los pr\u00f3ximos dos meses.<\/p>\n\n\n\n<p>Un grupo t\u00e9cnico de la OMS se ha reunido en las \u00faltimas semanas para estudiar la composici\u00f3n de la vacuna y se espera que haga una nueva declaraci\u00f3n el martes, seg\u00fan un portavoz de la OMS.<\/p>\n\n\n\n<p>En las pr\u00f3ximas semanas se dispondr\u00e1 de datos adicionales sobre la eficacia de la vacuna contra \u00d3micron y la necesidad de vacunas adaptadas a la variante, dijo la OMS en el comunicado.<\/p>\n\n\n\n<p>El organismo inst\u00f3 a los pa\u00edses y socios a estudiar la eficacia y el impacto de la vacuna. La OMS dijo que los primeros datos sugieren que las dosis de refuerzo hom\u00f3logas y heter\u00f3logas aumentan la eficacia de la vacuna contra la infecci\u00f3n por \u00d3micron y la enfermedad sintom\u00e1tica en comparaci\u00f3n con la variante delta, pero un estudio ha mostrado la disminuci\u00f3n de la eficacia de las dosis de refuerzo contra la enfermedad sintom\u00e1tica causada por \u00d3micron.<\/p>\n\n\n\n<p>Un an\u00e1lisis de la Agencia de Seguridad Sanitaria del Reino Unido ha demostrado que las dosis de refuerzo proporcionan altos niveles de protecci\u00f3n a las personas mayores contra la enfermedad grave causada por la variante \u00d3micron, pero la duraci\u00f3n de la protecci\u00f3n contra la infecci\u00f3n sintom\u00e1tica leve es m\u00e1s breve y desciende a alrededor del 30% a los tres meses.<\/p>\n","protected":false},"excerpt":{"rendered":"<p>El \u00faltimo informe t\u00e9cnico del organismo sanitario mundial pretende responder a algunas de las grandes cuestiones pendientes sobre la variante fuertemente mutada que apareci\u00f3 por primera vez en noviembre, como su gravedad, su transmisibilidad y su capacidad de evadir las vacunas. Ciudad de M\u00e9xico- La Organizaci\u00f3n Mundial de la Salud (OMS) afirm\u00f3 este martes que [&hellip;]<\/p>\n","protected":false},"author":5,"featured_media":21485,"comment_status":"open","ping_status":"open","sticky":false,"template":"","format":"standard","meta":{"tdm_status":"","tdm_grid_status":"","footnotes":""},"categories":[39],"tags":[332,59,416,407],"class_list":{"0":"post-21484","1":"post","2":"type-post","3":"status-publish","4":"format-standard","5":"has-post-thumbnail","7":"category-noticias-nacionales","8":"tag-coronavirus","9":"tag-covid-19","10":"tag-sars-cov-2","11":"tag-vacuna-anticovid"},"yoast_head":"<!-- This site is optimized with the Yoast SEO plugin v27.5 - https:\/\/yoast.com\/product\/yoast-seo-wordpress\/ -->\n<title>Se necesita m\u00e1s investigaci\u00f3n sobre eficacia de vacunas contra \u00d3micron: OMS - Fuentes Fidedignas<\/title>\n<meta name=\"robots\" content=\"index, follow, max-snippet:-1, max-image-preview:large, max-video-preview:-1\" \/>\n<link rel=\"canonical\" href=\"https:\/\/fuentesfidedignas.com.mx\/index.php\/2022\/01\/11\/se-necesita-mas-investigacion-sobre-eficacia-de-vacunas-contra-omicron-oms\/\" \/>\n<meta property=\"og:locale\" content=\"es_MX\" \/>\n<meta property=\"og:type\" content=\"article\" \/>\n<meta property=\"og:title\" content=\"Se necesita m\u00e1s investigaci\u00f3n sobre eficacia de vacunas contra \u00d3micron: OMS - Fuentes Fidedignas\" \/>\n<meta property=\"og:description\" content=\"El \u00faltimo informe t\u00e9cnico del organismo sanitario mundial pretende responder a algunas de las grandes cuestiones pendientes sobre la variante fuertemente mutada que apareci\u00f3 por primera vez en noviembre, como su gravedad, su transmisibilidad y su capacidad de evadir las vacunas. Ciudad de M\u00e9xico- La Organizaci\u00f3n Mundial de la Salud (OMS) afirm\u00f3 este martes que [&hellip;]\" \/>\n<meta property=\"og:url\" content=\"https:\/\/fuentesfidedignas.com.mx\/index.php\/2022\/01\/11\/se-necesita-mas-investigacion-sobre-eficacia-de-vacunas-contra-omicron-oms\/\" \/>\n<meta property=\"og:site_name\" content=\"Fuentes Fidedignas\" \/>\n<meta property=\"article:publisher\" content=\"https:\/\/www.facebook.com\/Fuentes-Fidedignas-368234489921644\" \/>\n<meta property=\"article:published_time\" content=\"2022-01-11T13:01:19+00:00\" \/>\n<meta property=\"article:modified_time\" content=\"2022-01-11T13:01:21+00:00\" \/>\n<meta property=\"og:image\" content=\"https:\/\/fuentesfidedignas.com.mx\/wp-content\/uploads\/2022\/01\/vacunas-covid-640x360-1.jpg\" \/>\n\t<meta property=\"og:image:width\" content=\"640\" \/>\n\t<meta property=\"og:image:height\" content=\"360\" \/>\n\t<meta property=\"og:image:type\" content=\"image\/jpeg\" \/>\n<meta name=\"author\" content=\"Forbes\" \/>\n<meta name=\"twitter:card\" content=\"summary_large_image\" \/>\n<meta name=\"twitter:creator\" content=\"@fidedignas\" \/>\n<meta name=\"twitter:site\" content=\"@fidedignas\" \/>\n<meta name=\"twitter:label1\" content=\"Escrito por\" \/>\n\t<meta name=\"twitter:data1\" content=\"Forbes\" \/>\n\t<meta name=\"twitter:label2\" content=\"Tiempo de lectura\" \/>\n\t<meta name=\"twitter:data2\" content=\"3 minutos\" \/>\n<script type=\"application\/ld+json\" class=\"yoast-schema-graph\">{\"@context\":\"https:\\\/\\\/schema.org\",\"@graph\":[{\"@type\":\"Article\",\"@id\":\"https:\\\/\\\/fuentesfidedignas.com.mx\\\/index.php\\\/2022\\\/01\\\/11\\\/se-necesita-mas-investigacion-sobre-eficacia-de-vacunas-contra-omicron-oms\\\/#article\",\"isPartOf\":{\"@id\":\"https:\\\/\\\/fuentesfidedignas.com.mx\\\/index.php\\\/2022\\\/01\\\/11\\\/se-necesita-mas-investigacion-sobre-eficacia-de-vacunas-contra-omicron-oms\\\/\"},\"author\":{\"name\":\"Forbes\",\"@id\":\"https:\\\/\\\/fuentesfidedignas.com.mx\\\/#\\\/schema\\\/person\\\/5623d53fe2e579d825b1679734abcc44\"},\"headline\":\"Se necesita m\u00e1s investigaci\u00f3n sobre eficacia de vacunas contra \u00d3micron: OMS\",\"datePublished\":\"2022-01-11T13:01:19+00:00\",\"dateModified\":\"2022-01-11T13:01:21+00:00\",\"mainEntityOfPage\":{\"@id\":\"https:\\\/\\\/fuentesfidedignas.com.mx\\\/index.php\\\/2022\\\/01\\\/11\\\/se-necesita-mas-investigacion-sobre-eficacia-de-vacunas-contra-omicron-oms\\\/\"},\"wordCount\":588,\"commentCount\":0,\"publisher\":{\"@id\":\"https:\\\/\\\/fuentesfidedignas.com.mx\\\/#organization\"},\"image\":{\"@id\":\"https:\\\/\\\/fuentesfidedignas.com.mx\\\/index.php\\\/2022\\\/01\\\/11\\\/se-necesita-mas-investigacion-sobre-eficacia-de-vacunas-contra-omicron-oms\\\/#primaryimage\"},\"thumbnailUrl\":\"https:\\\/\\\/fuentesfidedignas.com.mx\\\/wp-content\\\/uploads\\\/2022\\\/01\\\/vacunas-covid-640x360-1.jpg\",\"keywords\":[\"Coronavirus\",\"Covid-19\",\"SARS-CoV-2\",\"Vacuna anticovid\"],\"articleSection\":[\"NOTICIAS NACIONALES\"],\"inLanguage\":\"es\",\"potentialAction\":[{\"@type\":\"CommentAction\",\"name\":\"Comment\",\"target\":[\"https:\\\/\\\/fuentesfidedignas.com.mx\\\/index.php\\\/2022\\\/01\\\/11\\\/se-necesita-mas-investigacion-sobre-eficacia-de-vacunas-contra-omicron-oms\\\/#respond\"]}]},{\"@type\":\"WebPage\",\"@id\":\"https:\\\/\\\/fuentesfidedignas.com.mx\\\/index.php\\\/2022\\\/01\\\/11\\\/se-necesita-mas-investigacion-sobre-eficacia-de-vacunas-contra-omicron-oms\\\/\",\"url\":\"https:\\\/\\\/fuentesfidedignas.com.mx\\\/index.php\\\/2022\\\/01\\\/11\\\/se-necesita-mas-investigacion-sobre-eficacia-de-vacunas-contra-omicron-oms\\\/\",\"name\":\"Se necesita m\u00e1s investigaci\u00f3n sobre eficacia de vacunas contra \u00d3micron: OMS - Fuentes Fidedignas\",\"isPartOf\":{\"@id\":\"https:\\\/\\\/fuentesfidedignas.com.mx\\\/#website\"},\"primaryImageOfPage\":{\"@id\":\"https:\\\/\\\/fuentesfidedignas.com.mx\\\/index.php\\\/2022\\\/01\\\/11\\\/se-necesita-mas-investigacion-sobre-eficacia-de-vacunas-contra-omicron-oms\\\/#primaryimage\"},\"image\":{\"@id\":\"https:\\\/\\\/fuentesfidedignas.com.mx\\\/index.php\\\/2022\\\/01\\\/11\\\/se-necesita-mas-investigacion-sobre-eficacia-de-vacunas-contra-omicron-oms\\\/#primaryimage\"},\"thumbnailUrl\":\"https:\\\/\\\/fuentesfidedignas.com.mx\\\/wp-content\\\/uploads\\\/2022\\\/01\\\/vacunas-covid-640x360-1.jpg\",\"datePublished\":\"2022-01-11T13:01:19+00:00\",\"dateModified\":\"2022-01-11T13:01:21+00:00\",\"breadcrumb\":{\"@id\":\"https:\\\/\\\/fuentesfidedignas.com.mx\\\/index.php\\\/2022\\\/01\\\/11\\\/se-necesita-mas-investigacion-sobre-eficacia-de-vacunas-contra-omicron-oms\\\/#breadcrumb\"},\"inLanguage\":\"es\",\"potentialAction\":[{\"@type\":\"ReadAction\",\"target\":[\"https:\\\/\\\/fuentesfidedignas.com.mx\\\/index.php\\\/2022\\\/01\\\/11\\\/se-necesita-mas-investigacion-sobre-eficacia-de-vacunas-contra-omicron-oms\\\/\"]}]},{\"@type\":\"ImageObject\",\"inLanguage\":\"es\",\"@id\":\"https:\\\/\\\/fuentesfidedignas.com.mx\\\/index.php\\\/2022\\\/01\\\/11\\\/se-necesita-mas-investigacion-sobre-eficacia-de-vacunas-contra-omicron-oms\\\/#primaryimage\",\"url\":\"https:\\\/\\\/fuentesfidedignas.com.mx\\\/wp-content\\\/uploads\\\/2022\\\/01\\\/vacunas-covid-640x360-1.jpg\",\"contentUrl\":\"https:\\\/\\\/fuentesfidedignas.com.mx\\\/wp-content\\\/uploads\\\/2022\\\/01\\\/vacunas-covid-640x360-1.jpg\",\"width\":640,\"height\":360},{\"@type\":\"BreadcrumbList\",\"@id\":\"https:\\\/\\\/fuentesfidedignas.com.mx\\\/index.php\\\/2022\\\/01\\\/11\\\/se-necesita-mas-investigacion-sobre-eficacia-de-vacunas-contra-omicron-oms\\\/#breadcrumb\",\"itemListElement\":[{\"@type\":\"ListItem\",\"position\":1,\"name\":\"Inicio\",\"item\":\"https:\\\/\\\/fuentesfidedignas.com.mx\\\/\"},{\"@type\":\"ListItem\",\"position\":2,\"name\":\"Se necesita m\u00e1s investigaci\u00f3n sobre eficacia de vacunas contra \u00d3micron: OMS\"}]},{\"@type\":\"WebSite\",\"@id\":\"https:\\\/\\\/fuentesfidedignas.com.mx\\\/#website\",\"url\":\"https:\\\/\\\/fuentesfidedignas.com.mx\\\/\",\"name\":\"Fuentes Fidedignas\",\"description\":\"Otro sitio realizado con WordPress\",\"publisher\":{\"@id\":\"https:\\\/\\\/fuentesfidedignas.com.mx\\\/#organization\"},\"potentialAction\":[{\"@type\":\"SearchAction\",\"target\":{\"@type\":\"EntryPoint\",\"urlTemplate\":\"https:\\\/\\\/fuentesfidedignas.com.mx\\\/?s={search_term_string}\"},\"query-input\":{\"@type\":\"PropertyValueSpecification\",\"valueRequired\":true,\"valueName\":\"search_term_string\"}}],\"inLanguage\":\"es\"},{\"@type\":\"Organization\",\"@id\":\"https:\\\/\\\/fuentesfidedignas.com.mx\\\/#organization\",\"name\":\"Fuentes Fidedignas\",\"url\":\"https:\\\/\\\/fuentesfidedignas.com.mx\\\/\",\"logo\":{\"@type\":\"ImageObject\",\"inLanguage\":\"es\",\"@id\":\"https:\\\/\\\/fuentesfidedignas.com.mx\\\/#\\\/schema\\\/logo\\\/image\\\/\",\"url\":\"https:\\\/\\\/fuentesfidedignas.com.mx\\\/wp-content\\\/uploads\\\/2021\\\/04\\\/logo-retina.png\",\"contentUrl\":\"https:\\\/\\\/fuentesfidedignas.com.mx\\\/wp-content\\\/uploads\\\/2021\\\/04\\\/logo-retina.png\",\"width\":280,\"height\":51,\"caption\":\"Fuentes Fidedignas\"},\"image\":{\"@id\":\"https:\\\/\\\/fuentesfidedignas.com.mx\\\/#\\\/schema\\\/logo\\\/image\\\/\"},\"sameAs\":[\"https:\\\/\\\/www.facebook.com\\\/Fuentes-Fidedignas-368234489921644\",\"https:\\\/\\\/x.com\\\/fidedignas\"]},{\"@type\":\"Person\",\"@id\":\"https:\\\/\\\/fuentesfidedignas.com.mx\\\/#\\\/schema\\\/person\\\/5623d53fe2e579d825b1679734abcc44\",\"name\":\"Forbes\",\"image\":{\"@type\":\"ImageObject\",\"inLanguage\":\"es\",\"@id\":\"https:\\\/\\\/secure.gravatar.com\\\/avatar\\\/87ce3dd4e41e60c22a79c758614f01a6bc2469255fc936ec7b15efb9bb5cb66f?s=96&d=mm&r=g\",\"url\":\"https:\\\/\\\/secure.gravatar.com\\\/avatar\\\/87ce3dd4e41e60c22a79c758614f01a6bc2469255fc936ec7b15efb9bb5cb66f?s=96&d=mm&r=g\",\"contentUrl\":\"https:\\\/\\\/secure.gravatar.com\\\/avatar\\\/87ce3dd4e41e60c22a79c758614f01a6bc2469255fc936ec7b15efb9bb5cb66f?s=96&d=mm&r=g\",\"caption\":\"Forbes\"},\"url\":\"https:\\\/\\\/fuentesfidedignas.com.mx\\\/index.php\\\/author\\\/forbes\\\/\"}]}<\/script>\n<!-- \/ Yoast SEO plugin. -->","yoast_head_json":{"title":"Se necesita m\u00e1s investigaci\u00f3n sobre eficacia de vacunas contra \u00d3micron: OMS - Fuentes Fidedignas","robots":{"index":"index","follow":"follow","max-snippet":"max-snippet:-1","max-image-preview":"max-image-preview:large","max-video-preview":"max-video-preview:-1"},"canonical":"https:\/\/fuentesfidedignas.com.mx\/index.php\/2022\/01\/11\/se-necesita-mas-investigacion-sobre-eficacia-de-vacunas-contra-omicron-oms\/","og_locale":"es_MX","og_type":"article","og_title":"Se necesita m\u00e1s investigaci\u00f3n sobre eficacia de vacunas contra \u00d3micron: OMS - Fuentes Fidedignas","og_description":"El \u00faltimo informe t\u00e9cnico del organismo sanitario mundial pretende responder a algunas de las grandes cuestiones pendientes sobre la variante fuertemente mutada que apareci\u00f3 por primera vez en noviembre, como su gravedad, su transmisibilidad y su capacidad de evadir las vacunas. Ciudad de M\u00e9xico- La Organizaci\u00f3n Mundial de la Salud (OMS) afirm\u00f3 este martes que [&hellip;]","og_url":"https:\/\/fuentesfidedignas.com.mx\/index.php\/2022\/01\/11\/se-necesita-mas-investigacion-sobre-eficacia-de-vacunas-contra-omicron-oms\/","og_site_name":"Fuentes Fidedignas","article_publisher":"https:\/\/www.facebook.com\/Fuentes-Fidedignas-368234489921644","article_published_time":"2022-01-11T13:01:19+00:00","article_modified_time":"2022-01-11T13:01:21+00:00","og_image":[{"width":640,"height":360,"url":"https:\/\/fuentesfidedignas.com.mx\/wp-content\/uploads\/2022\/01\/vacunas-covid-640x360-1.jpg","type":"image\/jpeg"}],"author":"Forbes","twitter_card":"summary_large_image","twitter_creator":"@fidedignas","twitter_site":"@fidedignas","twitter_misc":{"Escrito por":"Forbes","Tiempo de lectura":"3 minutos"},"schema":{"@context":"https:\/\/schema.org","@graph":[{"@type":"Article","@id":"https:\/\/fuentesfidedignas.com.mx\/index.php\/2022\/01\/11\/se-necesita-mas-investigacion-sobre-eficacia-de-vacunas-contra-omicron-oms\/#article","isPartOf":{"@id":"https:\/\/fuentesfidedignas.com.mx\/index.php\/2022\/01\/11\/se-necesita-mas-investigacion-sobre-eficacia-de-vacunas-contra-omicron-oms\/"},"author":{"name":"Forbes","@id":"https:\/\/fuentesfidedignas.com.mx\/#\/schema\/person\/5623d53fe2e579d825b1679734abcc44"},"headline":"Se necesita m\u00e1s investigaci\u00f3n sobre eficacia de vacunas contra \u00d3micron: OMS","datePublished":"2022-01-11T13:01:19+00:00","dateModified":"2022-01-11T13:01:21+00:00","mainEntityOfPage":{"@id":"https:\/\/fuentesfidedignas.com.mx\/index.php\/2022\/01\/11\/se-necesita-mas-investigacion-sobre-eficacia-de-vacunas-contra-omicron-oms\/"},"wordCount":588,"commentCount":0,"publisher":{"@id":"https:\/\/fuentesfidedignas.com.mx\/#organization"},"image":{"@id":"https:\/\/fuentesfidedignas.com.mx\/index.php\/2022\/01\/11\/se-necesita-mas-investigacion-sobre-eficacia-de-vacunas-contra-omicron-oms\/#primaryimage"},"thumbnailUrl":"https:\/\/fuentesfidedignas.com.mx\/wp-content\/uploads\/2022\/01\/vacunas-covid-640x360-1.jpg","keywords":["Coronavirus","Covid-19","SARS-CoV-2","Vacuna anticovid"],"articleSection":["NOTICIAS NACIONALES"],"inLanguage":"es","potentialAction":[{"@type":"CommentAction","name":"Comment","target":["https:\/\/fuentesfidedignas.com.mx\/index.php\/2022\/01\/11\/se-necesita-mas-investigacion-sobre-eficacia-de-vacunas-contra-omicron-oms\/#respond"]}]},{"@type":"WebPage","@id":"https:\/\/fuentesfidedignas.com.mx\/index.php\/2022\/01\/11\/se-necesita-mas-investigacion-sobre-eficacia-de-vacunas-contra-omicron-oms\/","url":"https:\/\/fuentesfidedignas.com.mx\/index.php\/2022\/01\/11\/se-necesita-mas-investigacion-sobre-eficacia-de-vacunas-contra-omicron-oms\/","name":"Se necesita m\u00e1s investigaci\u00f3n sobre eficacia de vacunas contra \u00d3micron: OMS - Fuentes Fidedignas","isPartOf":{"@id":"https:\/\/fuentesfidedignas.com.mx\/#website"},"primaryImageOfPage":{"@id":"https:\/\/fuentesfidedignas.com.mx\/index.php\/2022\/01\/11\/se-necesita-mas-investigacion-sobre-eficacia-de-vacunas-contra-omicron-oms\/#primaryimage"},"image":{"@id":"https:\/\/fuentesfidedignas.com.mx\/index.php\/2022\/01\/11\/se-necesita-mas-investigacion-sobre-eficacia-de-vacunas-contra-omicron-oms\/#primaryimage"},"thumbnailUrl":"https:\/\/fuentesfidedignas.com.mx\/wp-content\/uploads\/2022\/01\/vacunas-covid-640x360-1.jpg","datePublished":"2022-01-11T13:01:19+00:00","dateModified":"2022-01-11T13:01:21+00:00","breadcrumb":{"@id":"https:\/\/fuentesfidedignas.com.mx\/index.php\/2022\/01\/11\/se-necesita-mas-investigacion-sobre-eficacia-de-vacunas-contra-omicron-oms\/#breadcrumb"},"inLanguage":"es","potentialAction":[{"@type":"ReadAction","target":["https:\/\/fuentesfidedignas.com.mx\/index.php\/2022\/01\/11\/se-necesita-mas-investigacion-sobre-eficacia-de-vacunas-contra-omicron-oms\/"]}]},{"@type":"ImageObject","inLanguage":"es","@id":"https:\/\/fuentesfidedignas.com.mx\/index.php\/2022\/01\/11\/se-necesita-mas-investigacion-sobre-eficacia-de-vacunas-contra-omicron-oms\/#primaryimage","url":"https:\/\/fuentesfidedignas.com.mx\/wp-content\/uploads\/2022\/01\/vacunas-covid-640x360-1.jpg","contentUrl":"https:\/\/fuentesfidedignas.com.mx\/wp-content\/uploads\/2022\/01\/vacunas-covid-640x360-1.jpg","width":640,"height":360},{"@type":"BreadcrumbList","@id":"https:\/\/fuentesfidedignas.com.mx\/index.php\/2022\/01\/11\/se-necesita-mas-investigacion-sobre-eficacia-de-vacunas-contra-omicron-oms\/#breadcrumb","itemListElement":[{"@type":"ListItem","position":1,"name":"Inicio","item":"https:\/\/fuentesfidedignas.com.mx\/"},{"@type":"ListItem","position":2,"name":"Se necesita m\u00e1s investigaci\u00f3n sobre eficacia de vacunas contra \u00d3micron: OMS"}]},{"@type":"WebSite","@id":"https:\/\/fuentesfidedignas.com.mx\/#website","url":"https:\/\/fuentesfidedignas.com.mx\/","name":"Fuentes Fidedignas","description":"Otro sitio realizado con WordPress","publisher":{"@id":"https:\/\/fuentesfidedignas.com.mx\/#organization"},"potentialAction":[{"@type":"SearchAction","target":{"@type":"EntryPoint","urlTemplate":"https:\/\/fuentesfidedignas.com.mx\/?s={search_term_string}"},"query-input":{"@type":"PropertyValueSpecification","valueRequired":true,"valueName":"search_term_string"}}],"inLanguage":"es"},{"@type":"Organization","@id":"https:\/\/fuentesfidedignas.com.mx\/#organization","name":"Fuentes Fidedignas","url":"https:\/\/fuentesfidedignas.com.mx\/","logo":{"@type":"ImageObject","inLanguage":"es","@id":"https:\/\/fuentesfidedignas.com.mx\/#\/schema\/logo\/image\/","url":"https:\/\/fuentesfidedignas.com.mx\/wp-content\/uploads\/2021\/04\/logo-retina.png","contentUrl":"https:\/\/fuentesfidedignas.com.mx\/wp-content\/uploads\/2021\/04\/logo-retina.png","width":280,"height":51,"caption":"Fuentes Fidedignas"},"image":{"@id":"https:\/\/fuentesfidedignas.com.mx\/#\/schema\/logo\/image\/"},"sameAs":["https:\/\/www.facebook.com\/Fuentes-Fidedignas-368234489921644","https:\/\/x.com\/fidedignas"]},{"@type":"Person","@id":"https:\/\/fuentesfidedignas.com.mx\/#\/schema\/person\/5623d53fe2e579d825b1679734abcc44","name":"Forbes","image":{"@type":"ImageObject","inLanguage":"es","@id":"https:\/\/secure.gravatar.com\/avatar\/87ce3dd4e41e60c22a79c758614f01a6bc2469255fc936ec7b15efb9bb5cb66f?s=96&d=mm&r=g","url":"https:\/\/secure.gravatar.com\/avatar\/87ce3dd4e41e60c22a79c758614f01a6bc2469255fc936ec7b15efb9bb5cb66f?s=96&d=mm&r=g","contentUrl":"https:\/\/secure.gravatar.com\/avatar\/87ce3dd4e41e60c22a79c758614f01a6bc2469255fc936ec7b15efb9bb5cb66f?s=96&d=mm&r=g","caption":"Forbes"},"url":"https:\/\/fuentesfidedignas.com.mx\/index.php\/author\/forbes\/"}]}},"_links":{"self":[{"href":"https:\/\/fuentesfidedignas.com.mx\/index.php\/wp-json\/wp\/v2\/posts\/21484","targetHints":{"allow":["GET"]}}],"collection":[{"href":"https:\/\/fuentesfidedignas.com.mx\/index.php\/wp-json\/wp\/v2\/posts"}],"about":[{"href":"https:\/\/fuentesfidedignas.com.mx\/index.php\/wp-json\/wp\/v2\/types\/post"}],"author":[{"embeddable":true,"href":"https:\/\/fuentesfidedignas.com.mx\/index.php\/wp-json\/wp\/v2\/users\/5"}],"replies":[{"embeddable":true,"href":"https:\/\/fuentesfidedignas.com.mx\/index.php\/wp-json\/wp\/v2\/comments?post=21484"}],"version-history":[{"count":1,"href":"https:\/\/fuentesfidedignas.com.mx\/index.php\/wp-json\/wp\/v2\/posts\/21484\/revisions"}],"predecessor-version":[{"id":21486,"href":"https:\/\/fuentesfidedignas.com.mx\/index.php\/wp-json\/wp\/v2\/posts\/21484\/revisions\/21486"}],"wp:featuredmedia":[{"embeddable":true,"href":"https:\/\/fuentesfidedignas.com.mx\/index.php\/wp-json\/wp\/v2\/media\/21485"}],"wp:attachment":[{"href":"https:\/\/fuentesfidedignas.com.mx\/index.php\/wp-json\/wp\/v2\/media?parent=21484"}],"wp:term":[{"taxonomy":"category","embeddable":true,"href":"https:\/\/fuentesfidedignas.com.mx\/index.php\/wp-json\/wp\/v2\/categories?post=21484"},{"taxonomy":"post_tag","embeddable":true,"href":"https:\/\/fuentesfidedignas.com.mx\/index.php\/wp-json\/wp\/v2\/tags?post=21484"}],"curies":[{"name":"wp","href":"https:\/\/api.w.org\/{rel}","templated":true}]}}