{"id":21419,"date":"2022-01-10T09:29:31","date_gmt":"2022-01-10T16:29:31","guid":{"rendered":"https:\/\/fuentesfidedignas.com.mx\/?p=21419"},"modified":"2022-01-10T09:29:32","modified_gmt":"2022-01-10T16:29:32","slug":"maria-luisa-albores-titular-de-semarnat-da-positivo-a-covid-19-van-dos-secretarios-contagiados","status":"publish","type":"post","link":"https:\/\/fuentesfidedignas.com.mx\/index.php\/2022\/01\/10\/maria-luisa-albores-titular-de-semarnat-da-positivo-a-covid-19-van-dos-secretarios-contagiados\/","title":{"rendered":"Mar\u00eda Luisa Albores, titular de Semarnat, da positivo a Covid-19; van dos secretarios contagiados"},"content":{"rendered":"\n<p><strong><em>Luisa Mar\u00eda Albores, titular de la Semarnat, inform\u00f3 que dio positivo a Covid-19; se suma a Tatiana Clouthier, titular de Econom\u00eda.<\/em><\/strong><\/p>\n\n\n\n<p>Ciudad de M\u00e9xico.- Mar\u00eda Luisa Albores Gonz\u00e1lez, titular de la secretar\u00eda del Medio Ambiente y Recursos Naturales (Semarnat), inform\u00f3 que dio positivo a Covid-19 por lo que permanecer\u00e1 aislada.<\/p>\n\n\n\n<p>A trav\u00e9s de su cuenta de Twitter, la funcionaria federal explic\u00f3 que se encuentra bien de salud, pero se mantendr\u00e1 trabajando desde su hogar.<\/p>\n\n\n\n<p>Con Albores Gonz\u00e1lez, suman dos secretarios de Estado, los infectados por Covid-19 en plena cuarta ola. La primera fue la secretaria de Econom\u00eda, Tatiana Clouthier.<\/p>\n\n\n\n<p>\u201cLes informo que di positivo a #Covid19. Me encuentro bien y seguir\u00e9 atendiendo los asuntos del sector ambiental desde casa. Sigamos cuid\u00e1ndonos\u201d, escribi\u00f3.<\/p>\n\n\n\n<p>Esta ma\u00f1ana, el presidente Andr\u00e9s Manuel L\u00f3pez Obrador inform\u00f3 que tras amanecer con ronquera se someter\u00eda a lo largo de este d\u00eda a una prueba para detectar si est\u00e1 contagiado o no de Covid-19.<\/p>\n\n\n\n<p>El pasado viernes, tras revelarse el contagio de Clouthier, el mandatario concedi\u00f3 haberse reunido con la funcionaria la semana pasada, sin embargo, descart\u00f3 hacerse una prueba de Covid-19 ya que no presentaba s\u00edntomas.<\/p>\n\n\n\n<p>Desde entonces, el presidente L\u00f3pez Obrador no ha utilizado cubrebocas durante su conferencia matutina.<\/p>\n\n\n\n<p>Ayer, la Secretar\u00eda de Salud report\u00f3 11 mil 599 casos m\u00e1s de Covid-19 en M\u00e9xico, con lo que suman 4 millones 125 mil 388.<\/p>\n\n\n\n<p>Del total de contagios acumulados en el pa\u00eds, Ciudad de M\u00e9xico, Estado de M\u00e9xico, Nuevo Le\u00f3n, Guanajuato, Jalisco, Tabasco, Puebla, Sonora, Veracruz y San Luis Potos\u00ed concentran el 65%.<\/p>\n","protected":false},"excerpt":{"rendered":"<p>Luisa Mar\u00eda Albores, titular de la Semarnat, inform\u00f3 que dio positivo a Covid-19; se suma a Tatiana Clouthier, titular de Econom\u00eda. Ciudad de M\u00e9xico.- Mar\u00eda Luisa Albores Gonz\u00e1lez, titular de la secretar\u00eda del Medio Ambiente y Recursos Naturales (Semarnat), inform\u00f3 que dio positivo a Covid-19 por lo que permanecer\u00e1 aislada. A trav\u00e9s de su cuenta [&hellip;]<\/p>\n","protected":false},"author":5,"featured_media":21420,"comment_status":"open","ping_status":"open","sticky":false,"template":"","format":"standard","meta":{"tdm_status":"","tdm_grid_status":"","footnotes":""},"categories":[39],"tags":[],"class_list":{"0":"post-21419","1":"post","2":"type-post","3":"status-publish","4":"format-standard","5":"has-post-thumbnail","7":"category-noticias-nacionales"},"yoast_head":"<!-- This site is optimized with the Yoast SEO plugin v27.5 - https:\/\/yoast.com\/product\/yoast-seo-wordpress\/ -->\n<title>Mar\u00eda Luisa Albores, titular de Semarnat, da positivo a Covid-19; van dos secretarios contagiados - Fuentes Fidedignas<\/title>\n<meta name=\"robots\" content=\"index, follow, max-snippet:-1, max-image-preview:large, max-video-preview:-1\" \/>\n<link rel=\"canonical\" href=\"https:\/\/fuentesfidedignas.com.mx\/index.php\/2022\/01\/10\/maria-luisa-albores-titular-de-semarnat-da-positivo-a-covid-19-van-dos-secretarios-contagiados\/\" \/>\n<meta property=\"og:locale\" content=\"es_MX\" \/>\n<meta property=\"og:type\" content=\"article\" \/>\n<meta property=\"og:title\" content=\"Mar\u00eda Luisa Albores, titular de Semarnat, da positivo a Covid-19; van dos secretarios contagiados - Fuentes Fidedignas\" \/>\n<meta property=\"og:description\" content=\"Luisa Mar\u00eda Albores, titular de la Semarnat, inform\u00f3 que dio positivo a Covid-19; se suma a Tatiana Clouthier, titular de Econom\u00eda. Ciudad de M\u00e9xico.- Mar\u00eda Luisa Albores Gonz\u00e1lez, titular de la secretar\u00eda del Medio Ambiente y Recursos Naturales (Semarnat), inform\u00f3 que dio positivo a Covid-19 por lo que permanecer\u00e1 aislada. A trav\u00e9s de su cuenta [&hellip;]\" \/>\n<meta property=\"og:url\" content=\"https:\/\/fuentesfidedignas.com.mx\/index.php\/2022\/01\/10\/maria-luisa-albores-titular-de-semarnat-da-positivo-a-covid-19-van-dos-secretarios-contagiados\/\" \/>\n<meta property=\"og:site_name\" content=\"Fuentes Fidedignas\" \/>\n<meta property=\"article:publisher\" content=\"https:\/\/www.facebook.com\/Fuentes-Fidedignas-368234489921644\" \/>\n<meta property=\"article:published_time\" content=\"2022-01-10T16:29:31+00:00\" \/>\n<meta property=\"article:modified_time\" content=\"2022-01-10T16:29:32+00:00\" \/>\n<meta property=\"og:image\" content=\"https:\/\/fuentesfidedignas.com.mx\/wp-content\/uploads\/2022\/01\/LUISA_SEMARNAT.jpeg\" \/>\n\t<meta property=\"og:image:width\" content=\"640\" \/>\n\t<meta property=\"og:image:height\" content=\"360\" \/>\n\t<meta property=\"og:image:type\" content=\"image\/jpeg\" \/>\n<meta name=\"author\" content=\"Forbes\" \/>\n<meta name=\"twitter:card\" content=\"summary_large_image\" \/>\n<meta name=\"twitter:creator\" content=\"@fidedignas\" \/>\n<meta name=\"twitter:site\" content=\"@fidedignas\" \/>\n<meta name=\"twitter:label1\" content=\"Escrito por\" \/>\n\t<meta name=\"twitter:data1\" content=\"Forbes\" \/>\n\t<meta name=\"twitter:label2\" content=\"Tiempo de lectura\" \/>\n\t<meta name=\"twitter:data2\" content=\"2 minutos\" \/>\n<script type=\"application\/ld+json\" class=\"yoast-schema-graph\">{\"@context\":\"https:\\\/\\\/schema.org\",\"@graph\":[{\"@type\":\"Article\",\"@id\":\"https:\\\/\\\/fuentesfidedignas.com.mx\\\/index.php\\\/2022\\\/01\\\/10\\\/maria-luisa-albores-titular-de-semarnat-da-positivo-a-covid-19-van-dos-secretarios-contagiados\\\/#article\",\"isPartOf\":{\"@id\":\"https:\\\/\\\/fuentesfidedignas.com.mx\\\/index.php\\\/2022\\\/01\\\/10\\\/maria-luisa-albores-titular-de-semarnat-da-positivo-a-covid-19-van-dos-secretarios-contagiados\\\/\"},\"author\":{\"name\":\"Forbes\",\"@id\":\"https:\\\/\\\/fuentesfidedignas.com.mx\\\/#\\\/schema\\\/person\\\/5623d53fe2e579d825b1679734abcc44\"},\"headline\":\"Mar\u00eda Luisa Albores, titular de Semarnat, da positivo a Covid-19; van dos secretarios contagiados\",\"datePublished\":\"2022-01-10T16:29:31+00:00\",\"dateModified\":\"2022-01-10T16:29:32+00:00\",\"mainEntityOfPage\":{\"@id\":\"https:\\\/\\\/fuentesfidedignas.com.mx\\\/index.php\\\/2022\\\/01\\\/10\\\/maria-luisa-albores-titular-de-semarnat-da-positivo-a-covid-19-van-dos-secretarios-contagiados\\\/\"},\"wordCount\":290,\"commentCount\":0,\"publisher\":{\"@id\":\"https:\\\/\\\/fuentesfidedignas.com.mx\\\/#organization\"},\"image\":{\"@id\":\"https:\\\/\\\/fuentesfidedignas.com.mx\\\/index.php\\\/2022\\\/01\\\/10\\\/maria-luisa-albores-titular-de-semarnat-da-positivo-a-covid-19-van-dos-secretarios-contagiados\\\/#primaryimage\"},\"thumbnailUrl\":\"https:\\\/\\\/fuentesfidedignas.com.mx\\\/wp-content\\\/uploads\\\/2022\\\/01\\\/LUISA_SEMARNAT.jpeg\",\"articleSection\":[\"NOTICIAS NACIONALES\"],\"inLanguage\":\"es\",\"potentialAction\":[{\"@type\":\"CommentAction\",\"name\":\"Comment\",\"target\":[\"https:\\\/\\\/fuentesfidedignas.com.mx\\\/index.php\\\/2022\\\/01\\\/10\\\/maria-luisa-albores-titular-de-semarnat-da-positivo-a-covid-19-van-dos-secretarios-contagiados\\\/#respond\"]}]},{\"@type\":\"WebPage\",\"@id\":\"https:\\\/\\\/fuentesfidedignas.com.mx\\\/index.php\\\/2022\\\/01\\\/10\\\/maria-luisa-albores-titular-de-semarnat-da-positivo-a-covid-19-van-dos-secretarios-contagiados\\\/\",\"url\":\"https:\\\/\\\/fuentesfidedignas.com.mx\\\/index.php\\\/2022\\\/01\\\/10\\\/maria-luisa-albores-titular-de-semarnat-da-positivo-a-covid-19-van-dos-secretarios-contagiados\\\/\",\"name\":\"Mar\u00eda Luisa Albores, titular de Semarnat, da positivo a Covid-19; van dos secretarios contagiados - Fuentes Fidedignas\",\"isPartOf\":{\"@id\":\"https:\\\/\\\/fuentesfidedignas.com.mx\\\/#website\"},\"primaryImageOfPage\":{\"@id\":\"https:\\\/\\\/fuentesfidedignas.com.mx\\\/index.php\\\/2022\\\/01\\\/10\\\/maria-luisa-albores-titular-de-semarnat-da-positivo-a-covid-19-van-dos-secretarios-contagiados\\\/#primaryimage\"},\"image\":{\"@id\":\"https:\\\/\\\/fuentesfidedignas.com.mx\\\/index.php\\\/2022\\\/01\\\/10\\\/maria-luisa-albores-titular-de-semarnat-da-positivo-a-covid-19-van-dos-secretarios-contagiados\\\/#primaryimage\"},\"thumbnailUrl\":\"https:\\\/\\\/fuentesfidedignas.com.mx\\\/wp-content\\\/uploads\\\/2022\\\/01\\\/LUISA_SEMARNAT.jpeg\",\"datePublished\":\"2022-01-10T16:29:31+00:00\",\"dateModified\":\"2022-01-10T16:29:32+00:00\",\"breadcrumb\":{\"@id\":\"https:\\\/\\\/fuentesfidedignas.com.mx\\\/index.php\\\/2022\\\/01\\\/10\\\/maria-luisa-albores-titular-de-semarnat-da-positivo-a-covid-19-van-dos-secretarios-contagiados\\\/#breadcrumb\"},\"inLanguage\":\"es\",\"potentialAction\":[{\"@type\":\"ReadAction\",\"target\":[\"https:\\\/\\\/fuentesfidedignas.com.mx\\\/index.php\\\/2022\\\/01\\\/10\\\/maria-luisa-albores-titular-de-semarnat-da-positivo-a-covid-19-van-dos-secretarios-contagiados\\\/\"]}]},{\"@type\":\"ImageObject\",\"inLanguage\":\"es\",\"@id\":\"https:\\\/\\\/fuentesfidedignas.com.mx\\\/index.php\\\/2022\\\/01\\\/10\\\/maria-luisa-albores-titular-de-semarnat-da-positivo-a-covid-19-van-dos-secretarios-contagiados\\\/#primaryimage\",\"url\":\"https:\\\/\\\/fuentesfidedignas.com.mx\\\/wp-content\\\/uploads\\\/2022\\\/01\\\/LUISA_SEMARNAT.jpeg\",\"contentUrl\":\"https:\\\/\\\/fuentesfidedignas.com.mx\\\/wp-content\\\/uploads\\\/2022\\\/01\\\/LUISA_SEMARNAT.jpeg\",\"width\":640,\"height\":360},{\"@type\":\"BreadcrumbList\",\"@id\":\"https:\\\/\\\/fuentesfidedignas.com.mx\\\/index.php\\\/2022\\\/01\\\/10\\\/maria-luisa-albores-titular-de-semarnat-da-positivo-a-covid-19-van-dos-secretarios-contagiados\\\/#breadcrumb\",\"itemListElement\":[{\"@type\":\"ListItem\",\"position\":1,\"name\":\"Inicio\",\"item\":\"https:\\\/\\\/fuentesfidedignas.com.mx\\\/\"},{\"@type\":\"ListItem\",\"position\":2,\"name\":\"Mar\u00eda Luisa Albores, titular de Semarnat, da positivo a Covid-19; van dos secretarios contagiados\"}]},{\"@type\":\"WebSite\",\"@id\":\"https:\\\/\\\/fuentesfidedignas.com.mx\\\/#website\",\"url\":\"https:\\\/\\\/fuentesfidedignas.com.mx\\\/\",\"name\":\"Fuentes Fidedignas\",\"description\":\"Otro sitio realizado con WordPress\",\"publisher\":{\"@id\":\"https:\\\/\\\/fuentesfidedignas.com.mx\\\/#organization\"},\"potentialAction\":[{\"@type\":\"SearchAction\",\"target\":{\"@type\":\"EntryPoint\",\"urlTemplate\":\"https:\\\/\\\/fuentesfidedignas.com.mx\\\/?s={search_term_string}\"},\"query-input\":{\"@type\":\"PropertyValueSpecification\",\"valueRequired\":true,\"valueName\":\"search_term_string\"}}],\"inLanguage\":\"es\"},{\"@type\":\"Organization\",\"@id\":\"https:\\\/\\\/fuentesfidedignas.com.mx\\\/#organization\",\"name\":\"Fuentes Fidedignas\",\"url\":\"https:\\\/\\\/fuentesfidedignas.com.mx\\\/\",\"logo\":{\"@type\":\"ImageObject\",\"inLanguage\":\"es\",\"@id\":\"https:\\\/\\\/fuentesfidedignas.com.mx\\\/#\\\/schema\\\/logo\\\/image\\\/\",\"url\":\"https:\\\/\\\/fuentesfidedignas.com.mx\\\/wp-content\\\/uploads\\\/2021\\\/04\\\/logo-retina.png\",\"contentUrl\":\"https:\\\/\\\/fuentesfidedignas.com.mx\\\/wp-content\\\/uploads\\\/2021\\\/04\\\/logo-retina.png\",\"width\":280,\"height\":51,\"caption\":\"Fuentes Fidedignas\"},\"image\":{\"@id\":\"https:\\\/\\\/fuentesfidedignas.com.mx\\\/#\\\/schema\\\/logo\\\/image\\\/\"},\"sameAs\":[\"https:\\\/\\\/www.facebook.com\\\/Fuentes-Fidedignas-368234489921644\",\"https:\\\/\\\/x.com\\\/fidedignas\"]},{\"@type\":\"Person\",\"@id\":\"https:\\\/\\\/fuentesfidedignas.com.mx\\\/#\\\/schema\\\/person\\\/5623d53fe2e579d825b1679734abcc44\",\"name\":\"Forbes\",\"image\":{\"@type\":\"ImageObject\",\"inLanguage\":\"es\",\"@id\":\"https:\\\/\\\/secure.gravatar.com\\\/avatar\\\/87ce3dd4e41e60c22a79c758614f01a6bc2469255fc936ec7b15efb9bb5cb66f?s=96&d=mm&r=g\",\"url\":\"https:\\\/\\\/secure.gravatar.com\\\/avatar\\\/87ce3dd4e41e60c22a79c758614f01a6bc2469255fc936ec7b15efb9bb5cb66f?s=96&d=mm&r=g\",\"contentUrl\":\"https:\\\/\\\/secure.gravatar.com\\\/avatar\\\/87ce3dd4e41e60c22a79c758614f01a6bc2469255fc936ec7b15efb9bb5cb66f?s=96&d=mm&r=g\",\"caption\":\"Forbes\"},\"url\":\"https:\\\/\\\/fuentesfidedignas.com.mx\\\/index.php\\\/author\\\/forbes\\\/\"}]}<\/script>\n<!-- \/ Yoast SEO plugin. -->","yoast_head_json":{"title":"Mar\u00eda Luisa Albores, titular de Semarnat, da positivo a Covid-19; van dos secretarios contagiados - Fuentes Fidedignas","robots":{"index":"index","follow":"follow","max-snippet":"max-snippet:-1","max-image-preview":"max-image-preview:large","max-video-preview":"max-video-preview:-1"},"canonical":"https:\/\/fuentesfidedignas.com.mx\/index.php\/2022\/01\/10\/maria-luisa-albores-titular-de-semarnat-da-positivo-a-covid-19-van-dos-secretarios-contagiados\/","og_locale":"es_MX","og_type":"article","og_title":"Mar\u00eda Luisa Albores, titular de Semarnat, da positivo a Covid-19; van dos secretarios contagiados - Fuentes Fidedignas","og_description":"Luisa Mar\u00eda Albores, titular de la Semarnat, inform\u00f3 que dio positivo a Covid-19; se suma a Tatiana Clouthier, titular de Econom\u00eda. Ciudad de M\u00e9xico.- Mar\u00eda Luisa Albores Gonz\u00e1lez, titular de la secretar\u00eda del Medio Ambiente y Recursos Naturales (Semarnat), inform\u00f3 que dio positivo a Covid-19 por lo que permanecer\u00e1 aislada. A trav\u00e9s de su cuenta [&hellip;]","og_url":"https:\/\/fuentesfidedignas.com.mx\/index.php\/2022\/01\/10\/maria-luisa-albores-titular-de-semarnat-da-positivo-a-covid-19-van-dos-secretarios-contagiados\/","og_site_name":"Fuentes Fidedignas","article_publisher":"https:\/\/www.facebook.com\/Fuentes-Fidedignas-368234489921644","article_published_time":"2022-01-10T16:29:31+00:00","article_modified_time":"2022-01-10T16:29:32+00:00","og_image":[{"width":640,"height":360,"url":"https:\/\/fuentesfidedignas.com.mx\/wp-content\/uploads\/2022\/01\/LUISA_SEMARNAT.jpeg","type":"image\/jpeg"}],"author":"Forbes","twitter_card":"summary_large_image","twitter_creator":"@fidedignas","twitter_site":"@fidedignas","twitter_misc":{"Escrito por":"Forbes","Tiempo de lectura":"2 minutos"},"schema":{"@context":"https:\/\/schema.org","@graph":[{"@type":"Article","@id":"https:\/\/fuentesfidedignas.com.mx\/index.php\/2022\/01\/10\/maria-luisa-albores-titular-de-semarnat-da-positivo-a-covid-19-van-dos-secretarios-contagiados\/#article","isPartOf":{"@id":"https:\/\/fuentesfidedignas.com.mx\/index.php\/2022\/01\/10\/maria-luisa-albores-titular-de-semarnat-da-positivo-a-covid-19-van-dos-secretarios-contagiados\/"},"author":{"name":"Forbes","@id":"https:\/\/fuentesfidedignas.com.mx\/#\/schema\/person\/5623d53fe2e579d825b1679734abcc44"},"headline":"Mar\u00eda Luisa Albores, titular de Semarnat, da positivo a Covid-19; van dos secretarios contagiados","datePublished":"2022-01-10T16:29:31+00:00","dateModified":"2022-01-10T16:29:32+00:00","mainEntityOfPage":{"@id":"https:\/\/fuentesfidedignas.com.mx\/index.php\/2022\/01\/10\/maria-luisa-albores-titular-de-semarnat-da-positivo-a-covid-19-van-dos-secretarios-contagiados\/"},"wordCount":290,"commentCount":0,"publisher":{"@id":"https:\/\/fuentesfidedignas.com.mx\/#organization"},"image":{"@id":"https:\/\/fuentesfidedignas.com.mx\/index.php\/2022\/01\/10\/maria-luisa-albores-titular-de-semarnat-da-positivo-a-covid-19-van-dos-secretarios-contagiados\/#primaryimage"},"thumbnailUrl":"https:\/\/fuentesfidedignas.com.mx\/wp-content\/uploads\/2022\/01\/LUISA_SEMARNAT.jpeg","articleSection":["NOTICIAS NACIONALES"],"inLanguage":"es","potentialAction":[{"@type":"CommentAction","name":"Comment","target":["https:\/\/fuentesfidedignas.com.mx\/index.php\/2022\/01\/10\/maria-luisa-albores-titular-de-semarnat-da-positivo-a-covid-19-van-dos-secretarios-contagiados\/#respond"]}]},{"@type":"WebPage","@id":"https:\/\/fuentesfidedignas.com.mx\/index.php\/2022\/01\/10\/maria-luisa-albores-titular-de-semarnat-da-positivo-a-covid-19-van-dos-secretarios-contagiados\/","url":"https:\/\/fuentesfidedignas.com.mx\/index.php\/2022\/01\/10\/maria-luisa-albores-titular-de-semarnat-da-positivo-a-covid-19-van-dos-secretarios-contagiados\/","name":"Mar\u00eda Luisa Albores, titular de Semarnat, da positivo a Covid-19; van dos secretarios contagiados - Fuentes Fidedignas","isPartOf":{"@id":"https:\/\/fuentesfidedignas.com.mx\/#website"},"primaryImageOfPage":{"@id":"https:\/\/fuentesfidedignas.com.mx\/index.php\/2022\/01\/10\/maria-luisa-albores-titular-de-semarnat-da-positivo-a-covid-19-van-dos-secretarios-contagiados\/#primaryimage"},"image":{"@id":"https:\/\/fuentesfidedignas.com.mx\/index.php\/2022\/01\/10\/maria-luisa-albores-titular-de-semarnat-da-positivo-a-covid-19-van-dos-secretarios-contagiados\/#primaryimage"},"thumbnailUrl":"https:\/\/fuentesfidedignas.com.mx\/wp-content\/uploads\/2022\/01\/LUISA_SEMARNAT.jpeg","datePublished":"2022-01-10T16:29:31+00:00","dateModified":"2022-01-10T16:29:32+00:00","breadcrumb":{"@id":"https:\/\/fuentesfidedignas.com.mx\/index.php\/2022\/01\/10\/maria-luisa-albores-titular-de-semarnat-da-positivo-a-covid-19-van-dos-secretarios-contagiados\/#breadcrumb"},"inLanguage":"es","potentialAction":[{"@type":"ReadAction","target":["https:\/\/fuentesfidedignas.com.mx\/index.php\/2022\/01\/10\/maria-luisa-albores-titular-de-semarnat-da-positivo-a-covid-19-van-dos-secretarios-contagiados\/"]}]},{"@type":"ImageObject","inLanguage":"es","@id":"https:\/\/fuentesfidedignas.com.mx\/index.php\/2022\/01\/10\/maria-luisa-albores-titular-de-semarnat-da-positivo-a-covid-19-van-dos-secretarios-contagiados\/#primaryimage","url":"https:\/\/fuentesfidedignas.com.mx\/wp-content\/uploads\/2022\/01\/LUISA_SEMARNAT.jpeg","contentUrl":"https:\/\/fuentesfidedignas.com.mx\/wp-content\/uploads\/2022\/01\/LUISA_SEMARNAT.jpeg","width":640,"height":360},{"@type":"BreadcrumbList","@id":"https:\/\/fuentesfidedignas.com.mx\/index.php\/2022\/01\/10\/maria-luisa-albores-titular-de-semarnat-da-positivo-a-covid-19-van-dos-secretarios-contagiados\/#breadcrumb","itemListElement":[{"@type":"ListItem","position":1,"name":"Inicio","item":"https:\/\/fuentesfidedignas.com.mx\/"},{"@type":"ListItem","position":2,"name":"Mar\u00eda Luisa Albores, titular de Semarnat, da positivo a Covid-19; van dos secretarios contagiados"}]},{"@type":"WebSite","@id":"https:\/\/fuentesfidedignas.com.mx\/#website","url":"https:\/\/fuentesfidedignas.com.mx\/","name":"Fuentes Fidedignas","description":"Otro sitio realizado con WordPress","publisher":{"@id":"https:\/\/fuentesfidedignas.com.mx\/#organization"},"potentialAction":[{"@type":"SearchAction","target":{"@type":"EntryPoint","urlTemplate":"https:\/\/fuentesfidedignas.com.mx\/?s={search_term_string}"},"query-input":{"@type":"PropertyValueSpecification","valueRequired":true,"valueName":"search_term_string"}}],"inLanguage":"es"},{"@type":"Organization","@id":"https:\/\/fuentesfidedignas.com.mx\/#organization","name":"Fuentes Fidedignas","url":"https:\/\/fuentesfidedignas.com.mx\/","logo":{"@type":"ImageObject","inLanguage":"es","@id":"https:\/\/fuentesfidedignas.com.mx\/#\/schema\/logo\/image\/","url":"https:\/\/fuentesfidedignas.com.mx\/wp-content\/uploads\/2021\/04\/logo-retina.png","contentUrl":"https:\/\/fuentesfidedignas.com.mx\/wp-content\/uploads\/2021\/04\/logo-retina.png","width":280,"height":51,"caption":"Fuentes Fidedignas"},"image":{"@id":"https:\/\/fuentesfidedignas.com.mx\/#\/schema\/logo\/image\/"},"sameAs":["https:\/\/www.facebook.com\/Fuentes-Fidedignas-368234489921644","https:\/\/x.com\/fidedignas"]},{"@type":"Person","@id":"https:\/\/fuentesfidedignas.com.mx\/#\/schema\/person\/5623d53fe2e579d825b1679734abcc44","name":"Forbes","image":{"@type":"ImageObject","inLanguage":"es","@id":"https:\/\/secure.gravatar.com\/avatar\/87ce3dd4e41e60c22a79c758614f01a6bc2469255fc936ec7b15efb9bb5cb66f?s=96&d=mm&r=g","url":"https:\/\/secure.gravatar.com\/avatar\/87ce3dd4e41e60c22a79c758614f01a6bc2469255fc936ec7b15efb9bb5cb66f?s=96&d=mm&r=g","contentUrl":"https:\/\/secure.gravatar.com\/avatar\/87ce3dd4e41e60c22a79c758614f01a6bc2469255fc936ec7b15efb9bb5cb66f?s=96&d=mm&r=g","caption":"Forbes"},"url":"https:\/\/fuentesfidedignas.com.mx\/index.php\/author\/forbes\/"}]}},"_links":{"self":[{"href":"https:\/\/fuentesfidedignas.com.mx\/index.php\/wp-json\/wp\/v2\/posts\/21419","targetHints":{"allow":["GET"]}}],"collection":[{"href":"https:\/\/fuentesfidedignas.com.mx\/index.php\/wp-json\/wp\/v2\/posts"}],"about":[{"href":"https:\/\/fuentesfidedignas.com.mx\/index.php\/wp-json\/wp\/v2\/types\/post"}],"author":[{"embeddable":true,"href":"https:\/\/fuentesfidedignas.com.mx\/index.php\/wp-json\/wp\/v2\/users\/5"}],"replies":[{"embeddable":true,"href":"https:\/\/fuentesfidedignas.com.mx\/index.php\/wp-json\/wp\/v2\/comments?post=21419"}],"version-history":[{"count":1,"href":"https:\/\/fuentesfidedignas.com.mx\/index.php\/wp-json\/wp\/v2\/posts\/21419\/revisions"}],"predecessor-version":[{"id":21421,"href":"https:\/\/fuentesfidedignas.com.mx\/index.php\/wp-json\/wp\/v2\/posts\/21419\/revisions\/21421"}],"wp:featuredmedia":[{"embeddable":true,"href":"https:\/\/fuentesfidedignas.com.mx\/index.php\/wp-json\/wp\/v2\/media\/21420"}],"wp:attachment":[{"href":"https:\/\/fuentesfidedignas.com.mx\/index.php\/wp-json\/wp\/v2\/media?parent=21419"}],"wp:term":[{"taxonomy":"category","embeddable":true,"href":"https:\/\/fuentesfidedignas.com.mx\/index.php\/wp-json\/wp\/v2\/categories?post=21419"},{"taxonomy":"post_tag","embeddable":true,"href":"https:\/\/fuentesfidedignas.com.mx\/index.php\/wp-json\/wp\/v2\/tags?post=21419"}],"curies":[{"name":"wp","href":"https:\/\/api.w.org\/{rel}","templated":true}]}}