{"id":21390,"date":"2022-01-09T18:40:10","date_gmt":"2022-01-10T01:40:10","guid":{"rendered":"https:\/\/fuentesfidedignas.com.mx\/?p=21390"},"modified":"2022-01-09T18:40:12","modified_gmt":"2022-01-10T01:40:12","slug":"mexico-suma-11599-nuevos-casos-y-31-nuevas-muertes-por-covid-19","status":"publish","type":"post","link":"https:\/\/fuentesfidedignas.com.mx\/index.php\/2022\/01\/09\/mexico-suma-11599-nuevos-casos-y-31-nuevas-muertes-por-covid-19\/","title":{"rendered":"M\u00e9xico suma 11,599 nuevos casos y 31 nuevas muertes por Covid-19"},"content":{"rendered":"\n<p><strong><em>Hubo una reducci\u00f3n despu\u00e9s de que el s\u00e1bado el pa\u00eds alcanzara el r\u00e9cord de casos en toda la pandemia al sumar 30,671 en un solo d\u00eda.<\/em><\/strong><\/p>\n\n\n\n<p>Ciudad de M\u00e9xico.- La Secretar\u00eda de Salud del gobierno federal inform\u00f3 que M\u00e9xico registr\u00f3 este domingo 11,599 nuevos contagios de Covid-19 para un total de 4 millones125,388 casos, adem\u00e1s de 31 muertes para llegar a 300,334 decesos totales.<\/p>\n\n\n\n<p>Los poco m\u00e1s 11,000 contagios representan una reducci\u00f3n importante despu\u00e9s de que el s\u00e1bado el pa\u00eds alcanzara el r\u00e9cord de casos en toda la pandemia al sumar 30,671 en un solo d\u00eda.<\/p>\n\n\n\n<p>La ocupaci\u00f3n media de camas generales en los hospitales mexicanos se sit\u00faa en un 20% y el uso de camas de terapia intensiva en un 13%.<\/p>\n\n\n\n<p>Respecto a las defunciones, Ciudad de M\u00e9xico, el foco de la pandemia acumula cerca del 18% de todos los decesos a nivel nacional.<\/p>\n\n\n\n<p>A diferencia de otros pa\u00edses, M\u00e9xico pas\u00f3 unas fiestas navide\u00f1as sin restricciones por la pandemia. Y pese al alza de contagios, el Gobierno mexicano ha defendido la defensa de su gesti\u00f3n de la crisis sanitaria y ha descartado una cuarta ola de la Covid-19.<\/p>\n\n\n\n<p>Las autoridades tambi\u00e9n indicaron que dentro del programa de vacunaci\u00f3n se han administrado 151.94 millones de dosis, al sumar 480,491 durante la \u00faltima jornada.<\/p>\n\n\n\n<p>El gobierno de M\u00e9xico afirma que es el s\u00e9ptimo pa\u00eds que m\u00e1s dosis ha aplicado en n\u00fameros absolutos. De sus 126 millones de habitantes, 82.4 millones en el pa\u00eds tienen al menos una dosis de la vacuna. En tanto, 74 millones ha completado su esquema de vacunaci\u00f3n.<\/p>\n\n\n\n<p>Desde finales de diciembre de 2020 han llegado a M\u00e9xico 201.29 millones de dosis vacunas de las estadounidenses Pfizer, Johnson &amp; Johnson y Moderna, la brit\u00e1nica AstraZeneca, la rusa Sputnik V y las chinas CanSino o Sinovac.<\/p>\n\n\n\n<p>El gobierno mexicano dijo esta semana que el pa\u00eds espera contar con la vacuna cubana Abdala contra Covid-19 en el segundo trimestre de 2022 y estar\u00eda contemplada como dosis de refuerzo.<\/p>\n","protected":false},"excerpt":{"rendered":"<p>Hubo una reducci\u00f3n despu\u00e9s de que el s\u00e1bado el pa\u00eds alcanzara el r\u00e9cord de casos en toda la pandemia al sumar 30,671 en un solo d\u00eda. Ciudad de M\u00e9xico.- La Secretar\u00eda de Salud del gobierno federal inform\u00f3 que M\u00e9xico registr\u00f3 este domingo 11,599 nuevos contagios de Covid-19 para un total de 4 millones125,388 casos, adem\u00e1s [&hellip;]<\/p>\n","protected":false},"author":5,"featured_media":21391,"comment_status":"open","ping_status":"open","sticky":false,"template":"","format":"standard","meta":{"tdm_status":"","tdm_grid_status":"","footnotes":""},"categories":[39],"tags":[332,59,416,407],"class_list":{"0":"post-21390","1":"post","2":"type-post","3":"status-publish","4":"format-standard","5":"has-post-thumbnail","7":"category-noticias-nacionales","8":"tag-coronavirus","9":"tag-covid-19","10":"tag-sars-cov-2","11":"tag-vacuna-anticovid"},"yoast_head":"<!-- This site is optimized with the Yoast SEO plugin v27.5 - https:\/\/yoast.com\/product\/yoast-seo-wordpress\/ -->\n<title>M\u00e9xico suma 11,599 nuevos casos y 31 nuevas muertes por Covid-19 - Fuentes Fidedignas<\/title>\n<meta name=\"robots\" content=\"index, follow, max-snippet:-1, max-image-preview:large, max-video-preview:-1\" \/>\n<link rel=\"canonical\" href=\"https:\/\/fuentesfidedignas.com.mx\/index.php\/2022\/01\/09\/mexico-suma-11599-nuevos-casos-y-31-nuevas-muertes-por-covid-19\/\" \/>\n<meta property=\"og:locale\" content=\"es_MX\" \/>\n<meta property=\"og:type\" content=\"article\" \/>\n<meta property=\"og:title\" content=\"M\u00e9xico suma 11,599 nuevos casos y 31 nuevas muertes por Covid-19 - Fuentes Fidedignas\" \/>\n<meta property=\"og:description\" content=\"Hubo una reducci\u00f3n despu\u00e9s de que el s\u00e1bado el pa\u00eds alcanzara el r\u00e9cord de casos en toda la pandemia al sumar 30,671 en un solo d\u00eda. Ciudad de M\u00e9xico.- La Secretar\u00eda de Salud del gobierno federal inform\u00f3 que M\u00e9xico registr\u00f3 este domingo 11,599 nuevos contagios de Covid-19 para un total de 4 millones125,388 casos, adem\u00e1s [&hellip;]\" \/>\n<meta property=\"og:url\" content=\"https:\/\/fuentesfidedignas.com.mx\/index.php\/2022\/01\/09\/mexico-suma-11599-nuevos-casos-y-31-nuevas-muertes-por-covid-19\/\" \/>\n<meta property=\"og:site_name\" content=\"Fuentes Fidedignas\" \/>\n<meta property=\"article:publisher\" content=\"https:\/\/www.facebook.com\/Fuentes-Fidedignas-368234489921644\" \/>\n<meta property=\"article:published_time\" content=\"2022-01-10T01:40:10+00:00\" \/>\n<meta property=\"article:modified_time\" content=\"2022-01-10T01:40:12+00:00\" \/>\n<meta property=\"og:image\" content=\"https:\/\/fuentesfidedignas.com.mx\/wp-content\/uploads\/2022\/01\/covid-mexicali-640x360-1.jpg\" \/>\n\t<meta property=\"og:image:width\" content=\"640\" \/>\n\t<meta property=\"og:image:height\" content=\"360\" \/>\n\t<meta property=\"og:image:type\" content=\"image\/jpeg\" \/>\n<meta name=\"author\" content=\"Forbes\" \/>\n<meta name=\"twitter:card\" content=\"summary_large_image\" \/>\n<meta name=\"twitter:creator\" content=\"@fidedignas\" \/>\n<meta name=\"twitter:site\" content=\"@fidedignas\" \/>\n<meta name=\"twitter:label1\" content=\"Escrito por\" \/>\n\t<meta name=\"twitter:data1\" content=\"Forbes\" \/>\n\t<meta name=\"twitter:label2\" content=\"Tiempo de lectura\" \/>\n\t<meta name=\"twitter:data2\" content=\"2 minutos\" \/>\n<script type=\"application\/ld+json\" class=\"yoast-schema-graph\">{\"@context\":\"https:\\\/\\\/schema.org\",\"@graph\":[{\"@type\":\"Article\",\"@id\":\"https:\\\/\\\/fuentesfidedignas.com.mx\\\/index.php\\\/2022\\\/01\\\/09\\\/mexico-suma-11599-nuevos-casos-y-31-nuevas-muertes-por-covid-19\\\/#article\",\"isPartOf\":{\"@id\":\"https:\\\/\\\/fuentesfidedignas.com.mx\\\/index.php\\\/2022\\\/01\\\/09\\\/mexico-suma-11599-nuevos-casos-y-31-nuevas-muertes-por-covid-19\\\/\"},\"author\":{\"name\":\"Forbes\",\"@id\":\"https:\\\/\\\/fuentesfidedignas.com.mx\\\/#\\\/schema\\\/person\\\/5623d53fe2e579d825b1679734abcc44\"},\"headline\":\"M\u00e9xico suma 11,599 nuevos casos y 31 nuevas muertes por Covid-19\",\"datePublished\":\"2022-01-10T01:40:10+00:00\",\"dateModified\":\"2022-01-10T01:40:12+00:00\",\"mainEntityOfPage\":{\"@id\":\"https:\\\/\\\/fuentesfidedignas.com.mx\\\/index.php\\\/2022\\\/01\\\/09\\\/mexico-suma-11599-nuevos-casos-y-31-nuevas-muertes-por-covid-19\\\/\"},\"wordCount\":358,\"commentCount\":0,\"publisher\":{\"@id\":\"https:\\\/\\\/fuentesfidedignas.com.mx\\\/#organization\"},\"image\":{\"@id\":\"https:\\\/\\\/fuentesfidedignas.com.mx\\\/index.php\\\/2022\\\/01\\\/09\\\/mexico-suma-11599-nuevos-casos-y-31-nuevas-muertes-por-covid-19\\\/#primaryimage\"},\"thumbnailUrl\":\"https:\\\/\\\/fuentesfidedignas.com.mx\\\/wp-content\\\/uploads\\\/2022\\\/01\\\/covid-mexicali-640x360-1.jpg\",\"keywords\":[\"Coronavirus\",\"Covid-19\",\"SARS-CoV-2\",\"Vacuna anticovid\"],\"articleSection\":[\"NOTICIAS NACIONALES\"],\"inLanguage\":\"es\",\"potentialAction\":[{\"@type\":\"CommentAction\",\"name\":\"Comment\",\"target\":[\"https:\\\/\\\/fuentesfidedignas.com.mx\\\/index.php\\\/2022\\\/01\\\/09\\\/mexico-suma-11599-nuevos-casos-y-31-nuevas-muertes-por-covid-19\\\/#respond\"]}]},{\"@type\":\"WebPage\",\"@id\":\"https:\\\/\\\/fuentesfidedignas.com.mx\\\/index.php\\\/2022\\\/01\\\/09\\\/mexico-suma-11599-nuevos-casos-y-31-nuevas-muertes-por-covid-19\\\/\",\"url\":\"https:\\\/\\\/fuentesfidedignas.com.mx\\\/index.php\\\/2022\\\/01\\\/09\\\/mexico-suma-11599-nuevos-casos-y-31-nuevas-muertes-por-covid-19\\\/\",\"name\":\"M\u00e9xico suma 11,599 nuevos casos y 31 nuevas muertes por Covid-19 - Fuentes Fidedignas\",\"isPartOf\":{\"@id\":\"https:\\\/\\\/fuentesfidedignas.com.mx\\\/#website\"},\"primaryImageOfPage\":{\"@id\":\"https:\\\/\\\/fuentesfidedignas.com.mx\\\/index.php\\\/2022\\\/01\\\/09\\\/mexico-suma-11599-nuevos-casos-y-31-nuevas-muertes-por-covid-19\\\/#primaryimage\"},\"image\":{\"@id\":\"https:\\\/\\\/fuentesfidedignas.com.mx\\\/index.php\\\/2022\\\/01\\\/09\\\/mexico-suma-11599-nuevos-casos-y-31-nuevas-muertes-por-covid-19\\\/#primaryimage\"},\"thumbnailUrl\":\"https:\\\/\\\/fuentesfidedignas.com.mx\\\/wp-content\\\/uploads\\\/2022\\\/01\\\/covid-mexicali-640x360-1.jpg\",\"datePublished\":\"2022-01-10T01:40:10+00:00\",\"dateModified\":\"2022-01-10T01:40:12+00:00\",\"breadcrumb\":{\"@id\":\"https:\\\/\\\/fuentesfidedignas.com.mx\\\/index.php\\\/2022\\\/01\\\/09\\\/mexico-suma-11599-nuevos-casos-y-31-nuevas-muertes-por-covid-19\\\/#breadcrumb\"},\"inLanguage\":\"es\",\"potentialAction\":[{\"@type\":\"ReadAction\",\"target\":[\"https:\\\/\\\/fuentesfidedignas.com.mx\\\/index.php\\\/2022\\\/01\\\/09\\\/mexico-suma-11599-nuevos-casos-y-31-nuevas-muertes-por-covid-19\\\/\"]}]},{\"@type\":\"ImageObject\",\"inLanguage\":\"es\",\"@id\":\"https:\\\/\\\/fuentesfidedignas.com.mx\\\/index.php\\\/2022\\\/01\\\/09\\\/mexico-suma-11599-nuevos-casos-y-31-nuevas-muertes-por-covid-19\\\/#primaryimage\",\"url\":\"https:\\\/\\\/fuentesfidedignas.com.mx\\\/wp-content\\\/uploads\\\/2022\\\/01\\\/covid-mexicali-640x360-1.jpg\",\"contentUrl\":\"https:\\\/\\\/fuentesfidedignas.com.mx\\\/wp-content\\\/uploads\\\/2022\\\/01\\\/covid-mexicali-640x360-1.jpg\",\"width\":640,\"height\":360},{\"@type\":\"BreadcrumbList\",\"@id\":\"https:\\\/\\\/fuentesfidedignas.com.mx\\\/index.php\\\/2022\\\/01\\\/09\\\/mexico-suma-11599-nuevos-casos-y-31-nuevas-muertes-por-covid-19\\\/#breadcrumb\",\"itemListElement\":[{\"@type\":\"ListItem\",\"position\":1,\"name\":\"Inicio\",\"item\":\"https:\\\/\\\/fuentesfidedignas.com.mx\\\/\"},{\"@type\":\"ListItem\",\"position\":2,\"name\":\"M\u00e9xico suma 11,599 nuevos casos y 31 nuevas muertes por Covid-19\"}]},{\"@type\":\"WebSite\",\"@id\":\"https:\\\/\\\/fuentesfidedignas.com.mx\\\/#website\",\"url\":\"https:\\\/\\\/fuentesfidedignas.com.mx\\\/\",\"name\":\"Fuentes Fidedignas\",\"description\":\"Otro sitio realizado con WordPress\",\"publisher\":{\"@id\":\"https:\\\/\\\/fuentesfidedignas.com.mx\\\/#organization\"},\"potentialAction\":[{\"@type\":\"SearchAction\",\"target\":{\"@type\":\"EntryPoint\",\"urlTemplate\":\"https:\\\/\\\/fuentesfidedignas.com.mx\\\/?s={search_term_string}\"},\"query-input\":{\"@type\":\"PropertyValueSpecification\",\"valueRequired\":true,\"valueName\":\"search_term_string\"}}],\"inLanguage\":\"es\"},{\"@type\":\"Organization\",\"@id\":\"https:\\\/\\\/fuentesfidedignas.com.mx\\\/#organization\",\"name\":\"Fuentes Fidedignas\",\"url\":\"https:\\\/\\\/fuentesfidedignas.com.mx\\\/\",\"logo\":{\"@type\":\"ImageObject\",\"inLanguage\":\"es\",\"@id\":\"https:\\\/\\\/fuentesfidedignas.com.mx\\\/#\\\/schema\\\/logo\\\/image\\\/\",\"url\":\"https:\\\/\\\/fuentesfidedignas.com.mx\\\/wp-content\\\/uploads\\\/2021\\\/04\\\/logo-retina.png\",\"contentUrl\":\"https:\\\/\\\/fuentesfidedignas.com.mx\\\/wp-content\\\/uploads\\\/2021\\\/04\\\/logo-retina.png\",\"width\":280,\"height\":51,\"caption\":\"Fuentes Fidedignas\"},\"image\":{\"@id\":\"https:\\\/\\\/fuentesfidedignas.com.mx\\\/#\\\/schema\\\/logo\\\/image\\\/\"},\"sameAs\":[\"https:\\\/\\\/www.facebook.com\\\/Fuentes-Fidedignas-368234489921644\",\"https:\\\/\\\/x.com\\\/fidedignas\"]},{\"@type\":\"Person\",\"@id\":\"https:\\\/\\\/fuentesfidedignas.com.mx\\\/#\\\/schema\\\/person\\\/5623d53fe2e579d825b1679734abcc44\",\"name\":\"Forbes\",\"image\":{\"@type\":\"ImageObject\",\"inLanguage\":\"es\",\"@id\":\"https:\\\/\\\/secure.gravatar.com\\\/avatar\\\/87ce3dd4e41e60c22a79c758614f01a6bc2469255fc936ec7b15efb9bb5cb66f?s=96&d=mm&r=g\",\"url\":\"https:\\\/\\\/secure.gravatar.com\\\/avatar\\\/87ce3dd4e41e60c22a79c758614f01a6bc2469255fc936ec7b15efb9bb5cb66f?s=96&d=mm&r=g\",\"contentUrl\":\"https:\\\/\\\/secure.gravatar.com\\\/avatar\\\/87ce3dd4e41e60c22a79c758614f01a6bc2469255fc936ec7b15efb9bb5cb66f?s=96&d=mm&r=g\",\"caption\":\"Forbes\"},\"url\":\"https:\\\/\\\/fuentesfidedignas.com.mx\\\/index.php\\\/author\\\/forbes\\\/\"}]}<\/script>\n<!-- \/ Yoast SEO plugin. -->","yoast_head_json":{"title":"M\u00e9xico suma 11,599 nuevos casos y 31 nuevas muertes por Covid-19 - Fuentes Fidedignas","robots":{"index":"index","follow":"follow","max-snippet":"max-snippet:-1","max-image-preview":"max-image-preview:large","max-video-preview":"max-video-preview:-1"},"canonical":"https:\/\/fuentesfidedignas.com.mx\/index.php\/2022\/01\/09\/mexico-suma-11599-nuevos-casos-y-31-nuevas-muertes-por-covid-19\/","og_locale":"es_MX","og_type":"article","og_title":"M\u00e9xico suma 11,599 nuevos casos y 31 nuevas muertes por Covid-19 - Fuentes Fidedignas","og_description":"Hubo una reducci\u00f3n despu\u00e9s de que el s\u00e1bado el pa\u00eds alcanzara el r\u00e9cord de casos en toda la pandemia al sumar 30,671 en un solo d\u00eda. Ciudad de M\u00e9xico.- La Secretar\u00eda de Salud del gobierno federal inform\u00f3 que M\u00e9xico registr\u00f3 este domingo 11,599 nuevos contagios de Covid-19 para un total de 4 millones125,388 casos, adem\u00e1s [&hellip;]","og_url":"https:\/\/fuentesfidedignas.com.mx\/index.php\/2022\/01\/09\/mexico-suma-11599-nuevos-casos-y-31-nuevas-muertes-por-covid-19\/","og_site_name":"Fuentes Fidedignas","article_publisher":"https:\/\/www.facebook.com\/Fuentes-Fidedignas-368234489921644","article_published_time":"2022-01-10T01:40:10+00:00","article_modified_time":"2022-01-10T01:40:12+00:00","og_image":[{"width":640,"height":360,"url":"https:\/\/fuentesfidedignas.com.mx\/wp-content\/uploads\/2022\/01\/covid-mexicali-640x360-1.jpg","type":"image\/jpeg"}],"author":"Forbes","twitter_card":"summary_large_image","twitter_creator":"@fidedignas","twitter_site":"@fidedignas","twitter_misc":{"Escrito por":"Forbes","Tiempo de lectura":"2 minutos"},"schema":{"@context":"https:\/\/schema.org","@graph":[{"@type":"Article","@id":"https:\/\/fuentesfidedignas.com.mx\/index.php\/2022\/01\/09\/mexico-suma-11599-nuevos-casos-y-31-nuevas-muertes-por-covid-19\/#article","isPartOf":{"@id":"https:\/\/fuentesfidedignas.com.mx\/index.php\/2022\/01\/09\/mexico-suma-11599-nuevos-casos-y-31-nuevas-muertes-por-covid-19\/"},"author":{"name":"Forbes","@id":"https:\/\/fuentesfidedignas.com.mx\/#\/schema\/person\/5623d53fe2e579d825b1679734abcc44"},"headline":"M\u00e9xico suma 11,599 nuevos casos y 31 nuevas muertes por Covid-19","datePublished":"2022-01-10T01:40:10+00:00","dateModified":"2022-01-10T01:40:12+00:00","mainEntityOfPage":{"@id":"https:\/\/fuentesfidedignas.com.mx\/index.php\/2022\/01\/09\/mexico-suma-11599-nuevos-casos-y-31-nuevas-muertes-por-covid-19\/"},"wordCount":358,"commentCount":0,"publisher":{"@id":"https:\/\/fuentesfidedignas.com.mx\/#organization"},"image":{"@id":"https:\/\/fuentesfidedignas.com.mx\/index.php\/2022\/01\/09\/mexico-suma-11599-nuevos-casos-y-31-nuevas-muertes-por-covid-19\/#primaryimage"},"thumbnailUrl":"https:\/\/fuentesfidedignas.com.mx\/wp-content\/uploads\/2022\/01\/covid-mexicali-640x360-1.jpg","keywords":["Coronavirus","Covid-19","SARS-CoV-2","Vacuna anticovid"],"articleSection":["NOTICIAS NACIONALES"],"inLanguage":"es","potentialAction":[{"@type":"CommentAction","name":"Comment","target":["https:\/\/fuentesfidedignas.com.mx\/index.php\/2022\/01\/09\/mexico-suma-11599-nuevos-casos-y-31-nuevas-muertes-por-covid-19\/#respond"]}]},{"@type":"WebPage","@id":"https:\/\/fuentesfidedignas.com.mx\/index.php\/2022\/01\/09\/mexico-suma-11599-nuevos-casos-y-31-nuevas-muertes-por-covid-19\/","url":"https:\/\/fuentesfidedignas.com.mx\/index.php\/2022\/01\/09\/mexico-suma-11599-nuevos-casos-y-31-nuevas-muertes-por-covid-19\/","name":"M\u00e9xico suma 11,599 nuevos casos y 31 nuevas muertes por Covid-19 - Fuentes Fidedignas","isPartOf":{"@id":"https:\/\/fuentesfidedignas.com.mx\/#website"},"primaryImageOfPage":{"@id":"https:\/\/fuentesfidedignas.com.mx\/index.php\/2022\/01\/09\/mexico-suma-11599-nuevos-casos-y-31-nuevas-muertes-por-covid-19\/#primaryimage"},"image":{"@id":"https:\/\/fuentesfidedignas.com.mx\/index.php\/2022\/01\/09\/mexico-suma-11599-nuevos-casos-y-31-nuevas-muertes-por-covid-19\/#primaryimage"},"thumbnailUrl":"https:\/\/fuentesfidedignas.com.mx\/wp-content\/uploads\/2022\/01\/covid-mexicali-640x360-1.jpg","datePublished":"2022-01-10T01:40:10+00:00","dateModified":"2022-01-10T01:40:12+00:00","breadcrumb":{"@id":"https:\/\/fuentesfidedignas.com.mx\/index.php\/2022\/01\/09\/mexico-suma-11599-nuevos-casos-y-31-nuevas-muertes-por-covid-19\/#breadcrumb"},"inLanguage":"es","potentialAction":[{"@type":"ReadAction","target":["https:\/\/fuentesfidedignas.com.mx\/index.php\/2022\/01\/09\/mexico-suma-11599-nuevos-casos-y-31-nuevas-muertes-por-covid-19\/"]}]},{"@type":"ImageObject","inLanguage":"es","@id":"https:\/\/fuentesfidedignas.com.mx\/index.php\/2022\/01\/09\/mexico-suma-11599-nuevos-casos-y-31-nuevas-muertes-por-covid-19\/#primaryimage","url":"https:\/\/fuentesfidedignas.com.mx\/wp-content\/uploads\/2022\/01\/covid-mexicali-640x360-1.jpg","contentUrl":"https:\/\/fuentesfidedignas.com.mx\/wp-content\/uploads\/2022\/01\/covid-mexicali-640x360-1.jpg","width":640,"height":360},{"@type":"BreadcrumbList","@id":"https:\/\/fuentesfidedignas.com.mx\/index.php\/2022\/01\/09\/mexico-suma-11599-nuevos-casos-y-31-nuevas-muertes-por-covid-19\/#breadcrumb","itemListElement":[{"@type":"ListItem","position":1,"name":"Inicio","item":"https:\/\/fuentesfidedignas.com.mx\/"},{"@type":"ListItem","position":2,"name":"M\u00e9xico suma 11,599 nuevos casos y 31 nuevas muertes por Covid-19"}]},{"@type":"WebSite","@id":"https:\/\/fuentesfidedignas.com.mx\/#website","url":"https:\/\/fuentesfidedignas.com.mx\/","name":"Fuentes Fidedignas","description":"Otro sitio realizado con WordPress","publisher":{"@id":"https:\/\/fuentesfidedignas.com.mx\/#organization"},"potentialAction":[{"@type":"SearchAction","target":{"@type":"EntryPoint","urlTemplate":"https:\/\/fuentesfidedignas.com.mx\/?s={search_term_string}"},"query-input":{"@type":"PropertyValueSpecification","valueRequired":true,"valueName":"search_term_string"}}],"inLanguage":"es"},{"@type":"Organization","@id":"https:\/\/fuentesfidedignas.com.mx\/#organization","name":"Fuentes Fidedignas","url":"https:\/\/fuentesfidedignas.com.mx\/","logo":{"@type":"ImageObject","inLanguage":"es","@id":"https:\/\/fuentesfidedignas.com.mx\/#\/schema\/logo\/image\/","url":"https:\/\/fuentesfidedignas.com.mx\/wp-content\/uploads\/2021\/04\/logo-retina.png","contentUrl":"https:\/\/fuentesfidedignas.com.mx\/wp-content\/uploads\/2021\/04\/logo-retina.png","width":280,"height":51,"caption":"Fuentes Fidedignas"},"image":{"@id":"https:\/\/fuentesfidedignas.com.mx\/#\/schema\/logo\/image\/"},"sameAs":["https:\/\/www.facebook.com\/Fuentes-Fidedignas-368234489921644","https:\/\/x.com\/fidedignas"]},{"@type":"Person","@id":"https:\/\/fuentesfidedignas.com.mx\/#\/schema\/person\/5623d53fe2e579d825b1679734abcc44","name":"Forbes","image":{"@type":"ImageObject","inLanguage":"es","@id":"https:\/\/secure.gravatar.com\/avatar\/87ce3dd4e41e60c22a79c758614f01a6bc2469255fc936ec7b15efb9bb5cb66f?s=96&d=mm&r=g","url":"https:\/\/secure.gravatar.com\/avatar\/87ce3dd4e41e60c22a79c758614f01a6bc2469255fc936ec7b15efb9bb5cb66f?s=96&d=mm&r=g","contentUrl":"https:\/\/secure.gravatar.com\/avatar\/87ce3dd4e41e60c22a79c758614f01a6bc2469255fc936ec7b15efb9bb5cb66f?s=96&d=mm&r=g","caption":"Forbes"},"url":"https:\/\/fuentesfidedignas.com.mx\/index.php\/author\/forbes\/"}]}},"_links":{"self":[{"href":"https:\/\/fuentesfidedignas.com.mx\/index.php\/wp-json\/wp\/v2\/posts\/21390","targetHints":{"allow":["GET"]}}],"collection":[{"href":"https:\/\/fuentesfidedignas.com.mx\/index.php\/wp-json\/wp\/v2\/posts"}],"about":[{"href":"https:\/\/fuentesfidedignas.com.mx\/index.php\/wp-json\/wp\/v2\/types\/post"}],"author":[{"embeddable":true,"href":"https:\/\/fuentesfidedignas.com.mx\/index.php\/wp-json\/wp\/v2\/users\/5"}],"replies":[{"embeddable":true,"href":"https:\/\/fuentesfidedignas.com.mx\/index.php\/wp-json\/wp\/v2\/comments?post=21390"}],"version-history":[{"count":1,"href":"https:\/\/fuentesfidedignas.com.mx\/index.php\/wp-json\/wp\/v2\/posts\/21390\/revisions"}],"predecessor-version":[{"id":21392,"href":"https:\/\/fuentesfidedignas.com.mx\/index.php\/wp-json\/wp\/v2\/posts\/21390\/revisions\/21392"}],"wp:featuredmedia":[{"embeddable":true,"href":"https:\/\/fuentesfidedignas.com.mx\/index.php\/wp-json\/wp\/v2\/media\/21391"}],"wp:attachment":[{"href":"https:\/\/fuentesfidedignas.com.mx\/index.php\/wp-json\/wp\/v2\/media?parent=21390"}],"wp:term":[{"taxonomy":"category","embeddable":true,"href":"https:\/\/fuentesfidedignas.com.mx\/index.php\/wp-json\/wp\/v2\/categories?post=21390"},{"taxonomy":"post_tag","embeddable":true,"href":"https:\/\/fuentesfidedignas.com.mx\/index.php\/wp-json\/wp\/v2\/tags?post=21390"}],"curies":[{"name":"wp","href":"https:\/\/api.w.org\/{rel}","templated":true}]}}