{"id":21366,"date":"2022-01-09T10:46:04","date_gmt":"2022-01-09T17:46:04","guid":{"rendered":"https:\/\/fuentesfidedignas.com.mx\/?p=21366"},"modified":"2022-01-09T10:46:05","modified_gmt":"2022-01-09T17:46:05","slug":"suman-8-turistas-muertos-en-brasil-por-desprendimiento-de-rocas-en-lago","status":"publish","type":"post","link":"https:\/\/fuentesfidedignas.com.mx\/index.php\/2022\/01\/09\/suman-8-turistas-muertos-en-brasil-por-desprendimiento-de-rocas-en-lago\/","title":{"rendered":"Suman 8 turistas muertos en Brasil por desprendimiento de rocas en lago"},"content":{"rendered":"\n<p><strong><em>Los equipos de rescate recuperaron otro cuerpo que estaba sumergido en el lago Furnas, y contin\u00faan las b\u00fasqueda de otras dos personas.<\/em><\/strong><\/p>\n\n\n\n<p>Brasil.- Los bomberos brasile\u00f1os retomaron este domingo la b\u00fasqueda de dos personas desaparecidas tras el derrumbe de un despe\u00f1adero en un lago del interior de Minas Gerais (sudeste), que dej\u00f3 al menos ocho turistas muertos.<\/p>\n\n\n\n<p>&#8220;Nuestro equipo de b\u00fasqueda ubic\u00f3 otro cuerpo, que estaba sumergido&#8221;, notific\u00f3 Rodrigo Castro, integrante del cuerpo de Bomberos de Minas Gerais.<\/p>\n\n\n\n<p>Castro a\u00f1adi\u00f3 que falta ubicar a dos v\u00edctimas que permanecen desaparecidas.<\/p>\n\n\n\n<p>El s\u00e1bado a mediod\u00eda, un gran fragmento rocoso se desprendi\u00f3 de un barranco y cay\u00f3, perpendicular, encima de cuatro lanchas que paseaban por el lago, una regi\u00f3n tur\u00edstica de Minas Gerais.<\/p>\n\n\n\n<p>En dram\u00e1ticos videos compartidos en las redes sociales se puede ver el momento exacto en que el macizo se desprende y cae sobre las embarcaciones, ante el p\u00e1nico de quienes presencian la escena desde las otras lanchas.<\/p>\n\n\n\n<p>Otro de los registros muestra el minuto previo al derrumbe, en el que varias personas advierten que &#8220;est\u00e1n cayendo muchas piedras&#8221; y piden a gritos a los ocupantes de las otras lanchas que se alejen del pared\u00f3n.<\/p>\n\n\n\n<p>El presidente Jair Bolsonaro comparti\u00f3 algunos de estos videos en sus redes sociales y calific\u00f3 el accidente como un &#8220;desastre lamentable&#8221;.<\/p>\n\n\n\n<figure class=\"wp-block-embed is-type-rich is-provider-twitter wp-block-embed-twitter\"><div class=\"wp-block-embed__wrapper\">\n<blockquote class=\"twitter-tweet\" data-width=\"550\" data-dnt=\"true\"><p lang=\"pt\" dir=\"ltr\">&#8211; T\u00e3o logo aconteceu o lament\u00e1vel desastre em Capit\u00f3lio\/MG, a Marinha deslocou para a regi\u00e3o equipe de socorro da For\u00e7a. <br><br>&#8211; Desde ent\u00e3o a <a href=\"https:\/\/twitter.com\/marmilbr?ref_src=twsrc%5Etfw\">@marmilbr<\/a> vem atuando no resgate de v\u00edtimas e transporte de feridos para a Santa Casa local. <a href=\"https:\/\/t.co\/lDuF0jPK7T\">pic.twitter.com\/lDuF0jPK7T<\/a><\/p>&mdash; Jair M. Bolsonaro (@jairbolsonaro) <a href=\"https:\/\/twitter.com\/jairbolsonaro\/status\/1479922456223694848?ref_src=twsrc%5Etfw\">January 8, 2022<\/a><\/blockquote><script async src=\"https:\/\/platform.twitter.com\/widgets.js\" charset=\"utf-8\"><\/script>\n<\/div><\/figure>\n\n\n\n<p>Los muertos y desaparecidos viajaban en la embarcaci\u00f3n que sufri\u00f3 el mayor impacto bajo la roca, seg\u00fan los bomberos.<\/p>\n\n\n\n<p>M\u00e1s de 30 personas resultaron heridas, nueve de las cuales precisaron ser hospitalizadas.<\/p>\n\n\n\n<p><strong>Factor clim\u00e1tico<\/strong><\/p>\n\n\n\n<p>Las causas del derrumbe todav\u00eda est\u00e1n siendo investigadas, pero las intensas lluvias que han ca\u00eddo los \u00faltimos d\u00edas en el sudeste de Brasil favorecieron el desprendimiento, seg\u00fan los bomberos.<\/p>\n\n\n\n<p>La regi\u00f3n de Capitolio, a 300 km de la capital Belo Horizonte, atrae a numerosos turistas brasile\u00f1os con sus paredones de rocas y cascadas que rodean las verdes aguas del lago Furnas, formado por la represa hidroel\u00e9ctrica con el mismo nombre.<\/p>\n\n\n\n<p>&#8220;La naturaleza peculiar de ese lugar, todo el atractivo tur\u00edstico que proporciona el paisaje, con el embalse que forma el lago, las cascadas y saltos de agua, es creada por la erosi\u00f3n del relieve, un proceso natural y constante&#8221;, explic\u00f3 el ge\u00f3grafo Eduardo Bulhoes, de la Universidad Federal Fluminense (UFF).<\/p>\n\n\n\n<p>A esa erosi\u00f3n natural se suman las lluvias intensas, que tornan m\u00e1s probables los desprendimientos como el ocurrido el s\u00e1bado, llamados &#8220;movimientos de masa&#8221;.<\/p>\n\n\n\n<p>&#8220;Diciembre y enero son los meses con m\u00e1s lluvia en Capitolio y consecuentemente los meses con mayor potencial de movimientos de masa&#8221;, afirm\u00f3 Bulhoes.<\/p>\n\n\n\n<p>Para evitar nuevos accidentes, ser\u00eda recomendable &#8220;limitar el \u00e1rea recreativa y alejar los paseos de los paredones y saltos de agua&#8221; en la temporada de mayor riesgo, recomend\u00f3 el especialista.<\/p>\n","protected":false},"excerpt":{"rendered":"<p>Los equipos de rescate recuperaron otro cuerpo que estaba sumergido en el lago Furnas, y contin\u00faan las b\u00fasqueda de otras dos personas. Brasil.- Los bomberos brasile\u00f1os retomaron este domingo la b\u00fasqueda de dos personas desaparecidas tras el derrumbe de un despe\u00f1adero en un lago del interior de Minas Gerais (sudeste), que dej\u00f3 al menos ocho [&hellip;]<\/p>\n","protected":false},"author":12,"featured_media":21367,"comment_status":"open","ping_status":"open","sticky":false,"template":"","format":"standard","meta":{"tdm_status":"","tdm_grid_status":"","footnotes":""},"categories":[39],"tags":[],"class_list":{"0":"post-21366","1":"post","2":"type-post","3":"status-publish","4":"format-standard","5":"has-post-thumbnail","7":"category-noticias-nacionales"},"yoast_head":"<!-- This site is optimized with the Yoast SEO plugin v27.5 - https:\/\/yoast.com\/product\/yoast-seo-wordpress\/ -->\n<title>Suman 8 turistas muertos en Brasil por desprendimiento de rocas en lago - Fuentes Fidedignas<\/title>\n<meta name=\"robots\" content=\"index, follow, max-snippet:-1, max-image-preview:large, max-video-preview:-1\" \/>\n<link rel=\"canonical\" href=\"https:\/\/fuentesfidedignas.com.mx\/index.php\/2022\/01\/09\/suman-8-turistas-muertos-en-brasil-por-desprendimiento-de-rocas-en-lago\/\" \/>\n<meta property=\"og:locale\" content=\"es_MX\" \/>\n<meta property=\"og:type\" content=\"article\" \/>\n<meta property=\"og:title\" content=\"Suman 8 turistas muertos en Brasil por desprendimiento de rocas en lago - Fuentes Fidedignas\" \/>\n<meta property=\"og:description\" content=\"Los equipos de rescate recuperaron otro cuerpo que estaba sumergido en el lago Furnas, y contin\u00faan las b\u00fasqueda de otras dos personas. Brasil.- Los bomberos brasile\u00f1os retomaron este domingo la b\u00fasqueda de dos personas desaparecidas tras el derrumbe de un despe\u00f1adero en un lago del interior de Minas Gerais (sudeste), que dej\u00f3 al menos ocho [&hellip;]\" \/>\n<meta property=\"og:url\" content=\"https:\/\/fuentesfidedignas.com.mx\/index.php\/2022\/01\/09\/suman-8-turistas-muertos-en-brasil-por-desprendimiento-de-rocas-en-lago\/\" \/>\n<meta property=\"og:site_name\" content=\"Fuentes Fidedignas\" \/>\n<meta property=\"article:publisher\" content=\"https:\/\/www.facebook.com\/Fuentes-Fidedignas-368234489921644\" \/>\n<meta property=\"article:published_time\" content=\"2022-01-09T17:46:04+00:00\" \/>\n<meta property=\"article:modified_time\" content=\"2022-01-09T17:46:05+00:00\" \/>\n<meta property=\"og:image\" content=\"https:\/\/fuentesfidedignas.com.mx\/wp-content\/uploads\/2022\/01\/ROCA_BRASIL.jpg\" \/>\n\t<meta property=\"og:image:width\" content=\"800\" \/>\n\t<meta property=\"og:image:height\" content=\"600\" \/>\n\t<meta property=\"og:image:type\" content=\"image\/jpeg\" \/>\n<meta name=\"author\" content=\"AFP\" \/>\n<meta name=\"twitter:card\" content=\"summary_large_image\" \/>\n<meta name=\"twitter:creator\" content=\"@fidedignas\" \/>\n<meta name=\"twitter:site\" content=\"@fidedignas\" \/>\n<meta name=\"twitter:label1\" content=\"Escrito por\" \/>\n\t<meta name=\"twitter:data1\" content=\"AFP\" \/>\n\t<meta name=\"twitter:label2\" content=\"Tiempo de lectura\" \/>\n\t<meta name=\"twitter:data2\" content=\"3 minutos\" \/>\n<script type=\"application\/ld+json\" class=\"yoast-schema-graph\">{\"@context\":\"https:\\\/\\\/schema.org\",\"@graph\":[{\"@type\":\"Article\",\"@id\":\"https:\\\/\\\/fuentesfidedignas.com.mx\\\/index.php\\\/2022\\\/01\\\/09\\\/suman-8-turistas-muertos-en-brasil-por-desprendimiento-de-rocas-en-lago\\\/#article\",\"isPartOf\":{\"@id\":\"https:\\\/\\\/fuentesfidedignas.com.mx\\\/index.php\\\/2022\\\/01\\\/09\\\/suman-8-turistas-muertos-en-brasil-por-desprendimiento-de-rocas-en-lago\\\/\"},\"author\":{\"name\":\"AFP\",\"@id\":\"https:\\\/\\\/fuentesfidedignas.com.mx\\\/#\\\/schema\\\/person\\\/1827b38c6cf89e1d6cc7d78ca3fae732\"},\"headline\":\"Suman 8 turistas muertos en Brasil por desprendimiento de rocas en lago\",\"datePublished\":\"2022-01-09T17:46:04+00:00\",\"dateModified\":\"2022-01-09T17:46:05+00:00\",\"mainEntityOfPage\":{\"@id\":\"https:\\\/\\\/fuentesfidedignas.com.mx\\\/index.php\\\/2022\\\/01\\\/09\\\/suman-8-turistas-muertos-en-brasil-por-desprendimiento-de-rocas-en-lago\\\/\"},\"wordCount\":498,\"commentCount\":0,\"publisher\":{\"@id\":\"https:\\\/\\\/fuentesfidedignas.com.mx\\\/#organization\"},\"image\":{\"@id\":\"https:\\\/\\\/fuentesfidedignas.com.mx\\\/index.php\\\/2022\\\/01\\\/09\\\/suman-8-turistas-muertos-en-brasil-por-desprendimiento-de-rocas-en-lago\\\/#primaryimage\"},\"thumbnailUrl\":\"https:\\\/\\\/fuentesfidedignas.com.mx\\\/wp-content\\\/uploads\\\/2022\\\/01\\\/ROCA_BRASIL.jpg\",\"articleSection\":[\"NOTICIAS NACIONALES\"],\"inLanguage\":\"es\",\"potentialAction\":[{\"@type\":\"CommentAction\",\"name\":\"Comment\",\"target\":[\"https:\\\/\\\/fuentesfidedignas.com.mx\\\/index.php\\\/2022\\\/01\\\/09\\\/suman-8-turistas-muertos-en-brasil-por-desprendimiento-de-rocas-en-lago\\\/#respond\"]}]},{\"@type\":\"WebPage\",\"@id\":\"https:\\\/\\\/fuentesfidedignas.com.mx\\\/index.php\\\/2022\\\/01\\\/09\\\/suman-8-turistas-muertos-en-brasil-por-desprendimiento-de-rocas-en-lago\\\/\",\"url\":\"https:\\\/\\\/fuentesfidedignas.com.mx\\\/index.php\\\/2022\\\/01\\\/09\\\/suman-8-turistas-muertos-en-brasil-por-desprendimiento-de-rocas-en-lago\\\/\",\"name\":\"Suman 8 turistas muertos en Brasil por desprendimiento de rocas en lago - Fuentes Fidedignas\",\"isPartOf\":{\"@id\":\"https:\\\/\\\/fuentesfidedignas.com.mx\\\/#website\"},\"primaryImageOfPage\":{\"@id\":\"https:\\\/\\\/fuentesfidedignas.com.mx\\\/index.php\\\/2022\\\/01\\\/09\\\/suman-8-turistas-muertos-en-brasil-por-desprendimiento-de-rocas-en-lago\\\/#primaryimage\"},\"image\":{\"@id\":\"https:\\\/\\\/fuentesfidedignas.com.mx\\\/index.php\\\/2022\\\/01\\\/09\\\/suman-8-turistas-muertos-en-brasil-por-desprendimiento-de-rocas-en-lago\\\/#primaryimage\"},\"thumbnailUrl\":\"https:\\\/\\\/fuentesfidedignas.com.mx\\\/wp-content\\\/uploads\\\/2022\\\/01\\\/ROCA_BRASIL.jpg\",\"datePublished\":\"2022-01-09T17:46:04+00:00\",\"dateModified\":\"2022-01-09T17:46:05+00:00\",\"breadcrumb\":{\"@id\":\"https:\\\/\\\/fuentesfidedignas.com.mx\\\/index.php\\\/2022\\\/01\\\/09\\\/suman-8-turistas-muertos-en-brasil-por-desprendimiento-de-rocas-en-lago\\\/#breadcrumb\"},\"inLanguage\":\"es\",\"potentialAction\":[{\"@type\":\"ReadAction\",\"target\":[\"https:\\\/\\\/fuentesfidedignas.com.mx\\\/index.php\\\/2022\\\/01\\\/09\\\/suman-8-turistas-muertos-en-brasil-por-desprendimiento-de-rocas-en-lago\\\/\"]}]},{\"@type\":\"ImageObject\",\"inLanguage\":\"es\",\"@id\":\"https:\\\/\\\/fuentesfidedignas.com.mx\\\/index.php\\\/2022\\\/01\\\/09\\\/suman-8-turistas-muertos-en-brasil-por-desprendimiento-de-rocas-en-lago\\\/#primaryimage\",\"url\":\"https:\\\/\\\/fuentesfidedignas.com.mx\\\/wp-content\\\/uploads\\\/2022\\\/01\\\/ROCA_BRASIL.jpg\",\"contentUrl\":\"https:\\\/\\\/fuentesfidedignas.com.mx\\\/wp-content\\\/uploads\\\/2022\\\/01\\\/ROCA_BRASIL.jpg\",\"width\":800,\"height\":600},{\"@type\":\"BreadcrumbList\",\"@id\":\"https:\\\/\\\/fuentesfidedignas.com.mx\\\/index.php\\\/2022\\\/01\\\/09\\\/suman-8-turistas-muertos-en-brasil-por-desprendimiento-de-rocas-en-lago\\\/#breadcrumb\",\"itemListElement\":[{\"@type\":\"ListItem\",\"position\":1,\"name\":\"Inicio\",\"item\":\"https:\\\/\\\/fuentesfidedignas.com.mx\\\/\"},{\"@type\":\"ListItem\",\"position\":2,\"name\":\"Suman 8 turistas muertos en Brasil por desprendimiento de rocas en lago\"}]},{\"@type\":\"WebSite\",\"@id\":\"https:\\\/\\\/fuentesfidedignas.com.mx\\\/#website\",\"url\":\"https:\\\/\\\/fuentesfidedignas.com.mx\\\/\",\"name\":\"Fuentes Fidedignas\",\"description\":\"Otro sitio realizado con WordPress\",\"publisher\":{\"@id\":\"https:\\\/\\\/fuentesfidedignas.com.mx\\\/#organization\"},\"potentialAction\":[{\"@type\":\"SearchAction\",\"target\":{\"@type\":\"EntryPoint\",\"urlTemplate\":\"https:\\\/\\\/fuentesfidedignas.com.mx\\\/?s={search_term_string}\"},\"query-input\":{\"@type\":\"PropertyValueSpecification\",\"valueRequired\":true,\"valueName\":\"search_term_string\"}}],\"inLanguage\":\"es\"},{\"@type\":\"Organization\",\"@id\":\"https:\\\/\\\/fuentesfidedignas.com.mx\\\/#organization\",\"name\":\"Fuentes Fidedignas\",\"url\":\"https:\\\/\\\/fuentesfidedignas.com.mx\\\/\",\"logo\":{\"@type\":\"ImageObject\",\"inLanguage\":\"es\",\"@id\":\"https:\\\/\\\/fuentesfidedignas.com.mx\\\/#\\\/schema\\\/logo\\\/image\\\/\",\"url\":\"https:\\\/\\\/fuentesfidedignas.com.mx\\\/wp-content\\\/uploads\\\/2021\\\/04\\\/logo-retina.png\",\"contentUrl\":\"https:\\\/\\\/fuentesfidedignas.com.mx\\\/wp-content\\\/uploads\\\/2021\\\/04\\\/logo-retina.png\",\"width\":280,\"height\":51,\"caption\":\"Fuentes Fidedignas\"},\"image\":{\"@id\":\"https:\\\/\\\/fuentesfidedignas.com.mx\\\/#\\\/schema\\\/logo\\\/image\\\/\"},\"sameAs\":[\"https:\\\/\\\/www.facebook.com\\\/Fuentes-Fidedignas-368234489921644\",\"https:\\\/\\\/x.com\\\/fidedignas\"]},{\"@type\":\"Person\",\"@id\":\"https:\\\/\\\/fuentesfidedignas.com.mx\\\/#\\\/schema\\\/person\\\/1827b38c6cf89e1d6cc7d78ca3fae732\",\"name\":\"AFP\",\"image\":{\"@type\":\"ImageObject\",\"inLanguage\":\"es\",\"@id\":\"https:\\\/\\\/secure.gravatar.com\\\/avatar\\\/236827d2ee9bf15e1ea99e0c1cd1b467cffa55e324d177638d0f8de7950cbae6?s=96&d=mm&r=g\",\"url\":\"https:\\\/\\\/secure.gravatar.com\\\/avatar\\\/236827d2ee9bf15e1ea99e0c1cd1b467cffa55e324d177638d0f8de7950cbae6?s=96&d=mm&r=g\",\"contentUrl\":\"https:\\\/\\\/secure.gravatar.com\\\/avatar\\\/236827d2ee9bf15e1ea99e0c1cd1b467cffa55e324d177638d0f8de7950cbae6?s=96&d=mm&r=g\",\"caption\":\"AFP\"},\"url\":\"https:\\\/\\\/fuentesfidedignas.com.mx\\\/index.php\\\/author\\\/afp\\\/\"}]}<\/script>\n<!-- \/ Yoast SEO plugin. -->","yoast_head_json":{"title":"Suman 8 turistas muertos en Brasil por desprendimiento de rocas en lago - Fuentes Fidedignas","robots":{"index":"index","follow":"follow","max-snippet":"max-snippet:-1","max-image-preview":"max-image-preview:large","max-video-preview":"max-video-preview:-1"},"canonical":"https:\/\/fuentesfidedignas.com.mx\/index.php\/2022\/01\/09\/suman-8-turistas-muertos-en-brasil-por-desprendimiento-de-rocas-en-lago\/","og_locale":"es_MX","og_type":"article","og_title":"Suman 8 turistas muertos en Brasil por desprendimiento de rocas en lago - Fuentes Fidedignas","og_description":"Los equipos de rescate recuperaron otro cuerpo que estaba sumergido en el lago Furnas, y contin\u00faan las b\u00fasqueda de otras dos personas. Brasil.- Los bomberos brasile\u00f1os retomaron este domingo la b\u00fasqueda de dos personas desaparecidas tras el derrumbe de un despe\u00f1adero en un lago del interior de Minas Gerais (sudeste), que dej\u00f3 al menos ocho [&hellip;]","og_url":"https:\/\/fuentesfidedignas.com.mx\/index.php\/2022\/01\/09\/suman-8-turistas-muertos-en-brasil-por-desprendimiento-de-rocas-en-lago\/","og_site_name":"Fuentes Fidedignas","article_publisher":"https:\/\/www.facebook.com\/Fuentes-Fidedignas-368234489921644","article_published_time":"2022-01-09T17:46:04+00:00","article_modified_time":"2022-01-09T17:46:05+00:00","og_image":[{"width":800,"height":600,"url":"https:\/\/fuentesfidedignas.com.mx\/wp-content\/uploads\/2022\/01\/ROCA_BRASIL.jpg","type":"image\/jpeg"}],"author":"AFP","twitter_card":"summary_large_image","twitter_creator":"@fidedignas","twitter_site":"@fidedignas","twitter_misc":{"Escrito por":"AFP","Tiempo de lectura":"3 minutos"},"schema":{"@context":"https:\/\/schema.org","@graph":[{"@type":"Article","@id":"https:\/\/fuentesfidedignas.com.mx\/index.php\/2022\/01\/09\/suman-8-turistas-muertos-en-brasil-por-desprendimiento-de-rocas-en-lago\/#article","isPartOf":{"@id":"https:\/\/fuentesfidedignas.com.mx\/index.php\/2022\/01\/09\/suman-8-turistas-muertos-en-brasil-por-desprendimiento-de-rocas-en-lago\/"},"author":{"name":"AFP","@id":"https:\/\/fuentesfidedignas.com.mx\/#\/schema\/person\/1827b38c6cf89e1d6cc7d78ca3fae732"},"headline":"Suman 8 turistas muertos en Brasil por desprendimiento de rocas en lago","datePublished":"2022-01-09T17:46:04+00:00","dateModified":"2022-01-09T17:46:05+00:00","mainEntityOfPage":{"@id":"https:\/\/fuentesfidedignas.com.mx\/index.php\/2022\/01\/09\/suman-8-turistas-muertos-en-brasil-por-desprendimiento-de-rocas-en-lago\/"},"wordCount":498,"commentCount":0,"publisher":{"@id":"https:\/\/fuentesfidedignas.com.mx\/#organization"},"image":{"@id":"https:\/\/fuentesfidedignas.com.mx\/index.php\/2022\/01\/09\/suman-8-turistas-muertos-en-brasil-por-desprendimiento-de-rocas-en-lago\/#primaryimage"},"thumbnailUrl":"https:\/\/fuentesfidedignas.com.mx\/wp-content\/uploads\/2022\/01\/ROCA_BRASIL.jpg","articleSection":["NOTICIAS NACIONALES"],"inLanguage":"es","potentialAction":[{"@type":"CommentAction","name":"Comment","target":["https:\/\/fuentesfidedignas.com.mx\/index.php\/2022\/01\/09\/suman-8-turistas-muertos-en-brasil-por-desprendimiento-de-rocas-en-lago\/#respond"]}]},{"@type":"WebPage","@id":"https:\/\/fuentesfidedignas.com.mx\/index.php\/2022\/01\/09\/suman-8-turistas-muertos-en-brasil-por-desprendimiento-de-rocas-en-lago\/","url":"https:\/\/fuentesfidedignas.com.mx\/index.php\/2022\/01\/09\/suman-8-turistas-muertos-en-brasil-por-desprendimiento-de-rocas-en-lago\/","name":"Suman 8 turistas muertos en Brasil por desprendimiento de rocas en lago - Fuentes Fidedignas","isPartOf":{"@id":"https:\/\/fuentesfidedignas.com.mx\/#website"},"primaryImageOfPage":{"@id":"https:\/\/fuentesfidedignas.com.mx\/index.php\/2022\/01\/09\/suman-8-turistas-muertos-en-brasil-por-desprendimiento-de-rocas-en-lago\/#primaryimage"},"image":{"@id":"https:\/\/fuentesfidedignas.com.mx\/index.php\/2022\/01\/09\/suman-8-turistas-muertos-en-brasil-por-desprendimiento-de-rocas-en-lago\/#primaryimage"},"thumbnailUrl":"https:\/\/fuentesfidedignas.com.mx\/wp-content\/uploads\/2022\/01\/ROCA_BRASIL.jpg","datePublished":"2022-01-09T17:46:04+00:00","dateModified":"2022-01-09T17:46:05+00:00","breadcrumb":{"@id":"https:\/\/fuentesfidedignas.com.mx\/index.php\/2022\/01\/09\/suman-8-turistas-muertos-en-brasil-por-desprendimiento-de-rocas-en-lago\/#breadcrumb"},"inLanguage":"es","potentialAction":[{"@type":"ReadAction","target":["https:\/\/fuentesfidedignas.com.mx\/index.php\/2022\/01\/09\/suman-8-turistas-muertos-en-brasil-por-desprendimiento-de-rocas-en-lago\/"]}]},{"@type":"ImageObject","inLanguage":"es","@id":"https:\/\/fuentesfidedignas.com.mx\/index.php\/2022\/01\/09\/suman-8-turistas-muertos-en-brasil-por-desprendimiento-de-rocas-en-lago\/#primaryimage","url":"https:\/\/fuentesfidedignas.com.mx\/wp-content\/uploads\/2022\/01\/ROCA_BRASIL.jpg","contentUrl":"https:\/\/fuentesfidedignas.com.mx\/wp-content\/uploads\/2022\/01\/ROCA_BRASIL.jpg","width":800,"height":600},{"@type":"BreadcrumbList","@id":"https:\/\/fuentesfidedignas.com.mx\/index.php\/2022\/01\/09\/suman-8-turistas-muertos-en-brasil-por-desprendimiento-de-rocas-en-lago\/#breadcrumb","itemListElement":[{"@type":"ListItem","position":1,"name":"Inicio","item":"https:\/\/fuentesfidedignas.com.mx\/"},{"@type":"ListItem","position":2,"name":"Suman 8 turistas muertos en Brasil por desprendimiento de rocas en lago"}]},{"@type":"WebSite","@id":"https:\/\/fuentesfidedignas.com.mx\/#website","url":"https:\/\/fuentesfidedignas.com.mx\/","name":"Fuentes Fidedignas","description":"Otro sitio realizado con WordPress","publisher":{"@id":"https:\/\/fuentesfidedignas.com.mx\/#organization"},"potentialAction":[{"@type":"SearchAction","target":{"@type":"EntryPoint","urlTemplate":"https:\/\/fuentesfidedignas.com.mx\/?s={search_term_string}"},"query-input":{"@type":"PropertyValueSpecification","valueRequired":true,"valueName":"search_term_string"}}],"inLanguage":"es"},{"@type":"Organization","@id":"https:\/\/fuentesfidedignas.com.mx\/#organization","name":"Fuentes Fidedignas","url":"https:\/\/fuentesfidedignas.com.mx\/","logo":{"@type":"ImageObject","inLanguage":"es","@id":"https:\/\/fuentesfidedignas.com.mx\/#\/schema\/logo\/image\/","url":"https:\/\/fuentesfidedignas.com.mx\/wp-content\/uploads\/2021\/04\/logo-retina.png","contentUrl":"https:\/\/fuentesfidedignas.com.mx\/wp-content\/uploads\/2021\/04\/logo-retina.png","width":280,"height":51,"caption":"Fuentes Fidedignas"},"image":{"@id":"https:\/\/fuentesfidedignas.com.mx\/#\/schema\/logo\/image\/"},"sameAs":["https:\/\/www.facebook.com\/Fuentes-Fidedignas-368234489921644","https:\/\/x.com\/fidedignas"]},{"@type":"Person","@id":"https:\/\/fuentesfidedignas.com.mx\/#\/schema\/person\/1827b38c6cf89e1d6cc7d78ca3fae732","name":"AFP","image":{"@type":"ImageObject","inLanguage":"es","@id":"https:\/\/secure.gravatar.com\/avatar\/236827d2ee9bf15e1ea99e0c1cd1b467cffa55e324d177638d0f8de7950cbae6?s=96&d=mm&r=g","url":"https:\/\/secure.gravatar.com\/avatar\/236827d2ee9bf15e1ea99e0c1cd1b467cffa55e324d177638d0f8de7950cbae6?s=96&d=mm&r=g","contentUrl":"https:\/\/secure.gravatar.com\/avatar\/236827d2ee9bf15e1ea99e0c1cd1b467cffa55e324d177638d0f8de7950cbae6?s=96&d=mm&r=g","caption":"AFP"},"url":"https:\/\/fuentesfidedignas.com.mx\/index.php\/author\/afp\/"}]}},"_links":{"self":[{"href":"https:\/\/fuentesfidedignas.com.mx\/index.php\/wp-json\/wp\/v2\/posts\/21366","targetHints":{"allow":["GET"]}}],"collection":[{"href":"https:\/\/fuentesfidedignas.com.mx\/index.php\/wp-json\/wp\/v2\/posts"}],"about":[{"href":"https:\/\/fuentesfidedignas.com.mx\/index.php\/wp-json\/wp\/v2\/types\/post"}],"author":[{"embeddable":true,"href":"https:\/\/fuentesfidedignas.com.mx\/index.php\/wp-json\/wp\/v2\/users\/12"}],"replies":[{"embeddable":true,"href":"https:\/\/fuentesfidedignas.com.mx\/index.php\/wp-json\/wp\/v2\/comments?post=21366"}],"version-history":[{"count":1,"href":"https:\/\/fuentesfidedignas.com.mx\/index.php\/wp-json\/wp\/v2\/posts\/21366\/revisions"}],"predecessor-version":[{"id":21368,"href":"https:\/\/fuentesfidedignas.com.mx\/index.php\/wp-json\/wp\/v2\/posts\/21366\/revisions\/21368"}],"wp:featuredmedia":[{"embeddable":true,"href":"https:\/\/fuentesfidedignas.com.mx\/index.php\/wp-json\/wp\/v2\/media\/21367"}],"wp:attachment":[{"href":"https:\/\/fuentesfidedignas.com.mx\/index.php\/wp-json\/wp\/v2\/media?parent=21366"}],"wp:term":[{"taxonomy":"category","embeddable":true,"href":"https:\/\/fuentesfidedignas.com.mx\/index.php\/wp-json\/wp\/v2\/categories?post=21366"},{"taxonomy":"post_tag","embeddable":true,"href":"https:\/\/fuentesfidedignas.com.mx\/index.php\/wp-json\/wp\/v2\/tags?post=21366"}],"curies":[{"name":"wp","href":"https:\/\/api.w.org\/{rel}","templated":true}]}}