{"id":21255,"date":"2022-01-07T14:34:52","date_gmt":"2022-01-07T21:34:52","guid":{"rendered":"https:\/\/fuentesfidedignas.com.mx\/?p=21255"},"modified":"2022-01-07T14:35:34","modified_gmt":"2022-01-07T21:35:34","slug":"firman-convenio-de-colaboracion-ayuntamiento-de-ahome-y-canirac-los-mochis","status":"publish","type":"post","link":"https:\/\/fuentesfidedignas.com.mx\/index.php\/2022\/01\/07\/firman-convenio-de-colaboracion-ayuntamiento-de-ahome-y-canirac-los-mochis\/","title":{"rendered":"Firman convenio de colaboraci\u00f3n Ayuntamiento de Ahome y Canirac-Los Mochis"},"content":{"rendered":"\n<p><strong><em>Gerardo Vargas Landeros destaca que el compromiso con los restauranteros es apoyarlos, al igual que al resto de los sectores productivos de Ahome, se trabaja de la mano con ellos<\/em><\/strong><\/p>\n\n\n\n<p><div>Ahome, Sin.- A efecto de ser facilitadores con el sector restaurantero, el H. Ayuntamiento de Ahome y la C\u00e1mara Nacional de la Industria Restaurantera y Alimentos Condimentados, delegaci\u00f3n Los Mochis, signaron convenio de colaboraci\u00f3n.<\/div><\/p>\n\n\n\n<p><div>En el marco de la primera reuni\u00f3n de Consejo de CANIRAC-Ahome 2022, Luis Alejandro F\u00e9lix Lim\u00f3n, presidente de Canirac Los Mochis y Gerardo Vargas Landeros, presidente municipal firmaron de dicho documento de colaboraci\u00f3n que permitir\u00e1 apoyarlos al igual que al resto de los sectores productivos de Ahome, se trabaja de la mano con ellos.<\/div><\/p>\n\n\n\n<p><div>\u201cParte importante de las actividades de esta hermosa tierra es la gastronom\u00eda, son de los sectores productivos que generan m\u00e1s ingresos y tenemos que ayudarlos, tenemos que ser facilitadores, me acompa\u00f1a el licenciado Bernardo C\u00e1rdenas, Secretario de Desarrollo Econ\u00f3mico, quien es la ventanilla directa con ellos, pero, los compromisos est\u00e1n muy claros, hay que ayudarlos\u201d, expres\u00f3 el alcalde de Ahome.<\/div><\/p>\n\n\n\n<p><div>Asever\u00f3 que los restauranteros, por su parte, se comprometieron a apoyar al Gobierno Municipal durante esta nueva ola de Covid-19, por lo que aclar\u00f3 los nuevos lineamientos que se deben de seguir.<\/div><\/p>\n\n\n\n<p><div>Gerardo Vargas Landeros indic\u00f3 que el sector restaurantero aplica la Mesa segura, la cual cumplen con todos los protocolos que de COEPRIS, porque es una campa\u00f1a a nivel nacional, por lo que han sido uno de los sectores con mayor responsabilidad social en este tema.<\/div><\/p>\n\n\n\n<p><div>Precis\u00f3 que dentro de las medidas sanitarias que se tienen que aplicar para lugares cerrados es el aforo de hasta el 50 por ciento, mientras que para los lugares abiertos es de hasta el 65 por ciento.<\/div><\/p>\n\n\n\n<p><div>\u201cLos menores de edad s\u00ed tienen acceso a los restaurantes, obviamente acompa\u00f1ados de un adulto o varios adultos, no podemos tener esa discriminaci\u00f3n con los ni\u00f1os, ni\u00f1as y adolescentes\u201d, puntualiz\u00f3 el presidente municipal.<br><\/div><\/p>\n\n\n\n<figure class=\"wp-block-image size-large\"><img decoding=\"async\" width=\"1024\" height=\"682\" src=\"https:\/\/fuentesfidedignas.com.mx\/wp-content\/uploads\/2022\/01\/IMG-20220107-WA0047-1024x682.jpg\" alt=\"\" class=\"wp-image-21258\" srcset=\"https:\/\/fuentesfidedignas.com.mx\/wp-content\/uploads\/2022\/01\/IMG-20220107-WA0047-1024x682.jpg 1024w, https:\/\/fuentesfidedignas.com.mx\/wp-content\/uploads\/2022\/01\/IMG-20220107-WA0047-300x200.jpg 300w, https:\/\/fuentesfidedignas.com.mx\/wp-content\/uploads\/2022\/01\/IMG-20220107-WA0047-768x511.jpg 768w, https:\/\/fuentesfidedignas.com.mx\/wp-content\/uploads\/2022\/01\/IMG-20220107-WA0047.jpg 1280w\" sizes=\"(max-width: 1024px) 100vw, 1024px\" \/><\/figure>\n\n\n\n<p><strong>La vida humana no tiene precio y no se tendr\u00e1 l\u00edmite para atender el tema de salud<\/strong><\/p>\n\n\n\n<p>Para darle continuidad al trabajo extenuante que realiza la Direcci\u00f3n de Salud Municipal para brindar seguridad a la poblaci\u00f3n durante esta cuarta ola de Covid-19 (Coronavirus), Gerardo Octavio Vargas Landeros, presidente municipal de Ahome entreg\u00f3 medicamentos para 22 dispensarios m\u00e9dicos y dio inicio a las acciones de sanitizaci\u00f3n en espacios p\u00fablicos.<\/p>\n\n\n\n<p><div>En su mensaje, el alcalde destac\u00f3 que la vida humana no tiene precio, por lo que de inmediato atendi\u00f3 la petici\u00f3n de la Direcci\u00f3n de Salud Municipal y se realiz\u00f3 la adquisici\u00f3n de equipamiento.<\/div><\/p>\n\n\n\n<p><div>\u201cSe compraron estos equipos, es m\u00e1s, me pidieron menos equipos, pero le dije \u2018no, no quiero andar batallando, c\u00f3mprale uno por sindicatura y los que ya tienen que se queden aqu\u00ed en la ciudad\u2019, la inversi\u00f3n, entre estas m\u00e1quinas y los medicamentos que vamos entregar, son, en el a\u00f1o, como 5 millones de pesos, pero si se requiere m\u00e1s, reitero, no vamos a tener l\u00edmite para atender el tema de salud\u201d, subray\u00f3.<\/div><\/p>\n","protected":false},"excerpt":{"rendered":"<p>Gerardo Vargas Landeros destaca que el compromiso con los restauranteros es apoyarlos, al igual que al resto de los sectores productivos de Ahome, se trabaja de la mano con ellos Ahome, Sin.- A efecto de ser facilitadores con el sector restaurantero, el H. Ayuntamiento de Ahome y la C\u00e1mara Nacional de la Industria Restaurantera y [&hellip;]<\/p>\n","protected":false},"author":4,"featured_media":21256,"comment_status":"open","ping_status":"open","sticky":false,"template":"","format":"standard","meta":{"tdm_status":"","tdm_grid_status":"","footnotes":""},"categories":[38],"tags":[1715,1654],"class_list":{"0":"post-21255","1":"post","2":"type-post","3":"status-publish","4":"format-standard","5":"has-post-thumbnail","7":"category-noticias-locales","8":"tag-ayuntamiento-de-ahome","9":"tag-gerardo-vargas-landeros"},"yoast_head":"<!-- This site is optimized with the Yoast SEO plugin v27.5 - https:\/\/yoast.com\/product\/yoast-seo-wordpress\/ -->\n<title>Firman convenio de colaboraci\u00f3n Ayuntamiento de Ahome y Canirac-Los Mochis - Fuentes Fidedignas<\/title>\n<meta name=\"robots\" content=\"index, follow, max-snippet:-1, max-image-preview:large, max-video-preview:-1\" \/>\n<link rel=\"canonical\" href=\"https:\/\/fuentesfidedignas.com.mx\/index.php\/2022\/01\/07\/firman-convenio-de-colaboracion-ayuntamiento-de-ahome-y-canirac-los-mochis\/\" \/>\n<meta property=\"og:locale\" content=\"es_MX\" \/>\n<meta property=\"og:type\" content=\"article\" \/>\n<meta property=\"og:title\" content=\"Firman convenio de colaboraci\u00f3n Ayuntamiento de Ahome y Canirac-Los Mochis - Fuentes Fidedignas\" \/>\n<meta property=\"og:description\" content=\"Gerardo Vargas Landeros destaca que el compromiso con los restauranteros es apoyarlos, al igual que al resto de los sectores productivos de Ahome, se trabaja de la mano con ellos Ahome, Sin.- A efecto de ser facilitadores con el sector restaurantero, el H. Ayuntamiento de Ahome y la C\u00e1mara Nacional de la Industria Restaurantera y [&hellip;]\" \/>\n<meta property=\"og:url\" content=\"https:\/\/fuentesfidedignas.com.mx\/index.php\/2022\/01\/07\/firman-convenio-de-colaboracion-ayuntamiento-de-ahome-y-canirac-los-mochis\/\" \/>\n<meta property=\"og:site_name\" content=\"Fuentes Fidedignas\" \/>\n<meta property=\"article:publisher\" content=\"https:\/\/www.facebook.com\/Fuentes-Fidedignas-368234489921644\" \/>\n<meta property=\"article:published_time\" content=\"2022-01-07T21:34:52+00:00\" \/>\n<meta property=\"article:modified_time\" content=\"2022-01-07T21:35:34+00:00\" \/>\n<meta property=\"og:image\" content=\"https:\/\/fuentesfidedignas.com.mx\/wp-content\/uploads\/2022\/01\/IMG-20220107-WA0044.jpg\" \/>\n\t<meta property=\"og:image:width\" content=\"1598\" \/>\n\t<meta property=\"og:image:height\" content=\"1066\" \/>\n\t<meta property=\"og:image:type\" content=\"image\/jpeg\" \/>\n<meta name=\"author\" content=\"Redacci\u00f3n\" \/>\n<meta name=\"twitter:card\" content=\"summary_large_image\" \/>\n<meta name=\"twitter:creator\" content=\"@fidedignas\" \/>\n<meta name=\"twitter:site\" content=\"@fidedignas\" \/>\n<meta name=\"twitter:label1\" content=\"Escrito por\" \/>\n\t<meta name=\"twitter:data1\" content=\"Redacci\u00f3n\" \/>\n\t<meta name=\"twitter:label2\" content=\"Tiempo de lectura\" \/>\n\t<meta name=\"twitter:data2\" content=\"3 minutos\" \/>\n<script type=\"application\/ld+json\" class=\"yoast-schema-graph\">{\"@context\":\"https:\\\/\\\/schema.org\",\"@graph\":[{\"@type\":\"Article\",\"@id\":\"https:\\\/\\\/fuentesfidedignas.com.mx\\\/index.php\\\/2022\\\/01\\\/07\\\/firman-convenio-de-colaboracion-ayuntamiento-de-ahome-y-canirac-los-mochis\\\/#article\",\"isPartOf\":{\"@id\":\"https:\\\/\\\/fuentesfidedignas.com.mx\\\/index.php\\\/2022\\\/01\\\/07\\\/firman-convenio-de-colaboracion-ayuntamiento-de-ahome-y-canirac-los-mochis\\\/\"},\"author\":{\"name\":\"Redacci\u00f3n\",\"@id\":\"https:\\\/\\\/fuentesfidedignas.com.mx\\\/#\\\/schema\\\/person\\\/331be9283d37198e2acd5750279085b0\"},\"headline\":\"Firman convenio de colaboraci\u00f3n Ayuntamiento de Ahome y Canirac-Los Mochis\",\"datePublished\":\"2022-01-07T21:34:52+00:00\",\"dateModified\":\"2022-01-07T21:35:34+00:00\",\"mainEntityOfPage\":{\"@id\":\"https:\\\/\\\/fuentesfidedignas.com.mx\\\/index.php\\\/2022\\\/01\\\/07\\\/firman-convenio-de-colaboracion-ayuntamiento-de-ahome-y-canirac-los-mochis\\\/\"},\"wordCount\":540,\"commentCount\":0,\"publisher\":{\"@id\":\"https:\\\/\\\/fuentesfidedignas.com.mx\\\/#organization\"},\"image\":{\"@id\":\"https:\\\/\\\/fuentesfidedignas.com.mx\\\/index.php\\\/2022\\\/01\\\/07\\\/firman-convenio-de-colaboracion-ayuntamiento-de-ahome-y-canirac-los-mochis\\\/#primaryimage\"},\"thumbnailUrl\":\"https:\\\/\\\/fuentesfidedignas.com.mx\\\/wp-content\\\/uploads\\\/2022\\\/01\\\/IMG-20220107-WA0044.jpg\",\"keywords\":[\"Ayuntamiento de Ahome\",\"Gerardo Vargas Landeros\"],\"articleSection\":[\"NOTICIAS LOCALES\"],\"inLanguage\":\"es\",\"potentialAction\":[{\"@type\":\"CommentAction\",\"name\":\"Comment\",\"target\":[\"https:\\\/\\\/fuentesfidedignas.com.mx\\\/index.php\\\/2022\\\/01\\\/07\\\/firman-convenio-de-colaboracion-ayuntamiento-de-ahome-y-canirac-los-mochis\\\/#respond\"]}]},{\"@type\":\"WebPage\",\"@id\":\"https:\\\/\\\/fuentesfidedignas.com.mx\\\/index.php\\\/2022\\\/01\\\/07\\\/firman-convenio-de-colaboracion-ayuntamiento-de-ahome-y-canirac-los-mochis\\\/\",\"url\":\"https:\\\/\\\/fuentesfidedignas.com.mx\\\/index.php\\\/2022\\\/01\\\/07\\\/firman-convenio-de-colaboracion-ayuntamiento-de-ahome-y-canirac-los-mochis\\\/\",\"name\":\"Firman convenio de colaboraci\u00f3n Ayuntamiento de Ahome y Canirac-Los Mochis - Fuentes Fidedignas\",\"isPartOf\":{\"@id\":\"https:\\\/\\\/fuentesfidedignas.com.mx\\\/#website\"},\"primaryImageOfPage\":{\"@id\":\"https:\\\/\\\/fuentesfidedignas.com.mx\\\/index.php\\\/2022\\\/01\\\/07\\\/firman-convenio-de-colaboracion-ayuntamiento-de-ahome-y-canirac-los-mochis\\\/#primaryimage\"},\"image\":{\"@id\":\"https:\\\/\\\/fuentesfidedignas.com.mx\\\/index.php\\\/2022\\\/01\\\/07\\\/firman-convenio-de-colaboracion-ayuntamiento-de-ahome-y-canirac-los-mochis\\\/#primaryimage\"},\"thumbnailUrl\":\"https:\\\/\\\/fuentesfidedignas.com.mx\\\/wp-content\\\/uploads\\\/2022\\\/01\\\/IMG-20220107-WA0044.jpg\",\"datePublished\":\"2022-01-07T21:34:52+00:00\",\"dateModified\":\"2022-01-07T21:35:34+00:00\",\"breadcrumb\":{\"@id\":\"https:\\\/\\\/fuentesfidedignas.com.mx\\\/index.php\\\/2022\\\/01\\\/07\\\/firman-convenio-de-colaboracion-ayuntamiento-de-ahome-y-canirac-los-mochis\\\/#breadcrumb\"},\"inLanguage\":\"es\",\"potentialAction\":[{\"@type\":\"ReadAction\",\"target\":[\"https:\\\/\\\/fuentesfidedignas.com.mx\\\/index.php\\\/2022\\\/01\\\/07\\\/firman-convenio-de-colaboracion-ayuntamiento-de-ahome-y-canirac-los-mochis\\\/\"]}]},{\"@type\":\"ImageObject\",\"inLanguage\":\"es\",\"@id\":\"https:\\\/\\\/fuentesfidedignas.com.mx\\\/index.php\\\/2022\\\/01\\\/07\\\/firman-convenio-de-colaboracion-ayuntamiento-de-ahome-y-canirac-los-mochis\\\/#primaryimage\",\"url\":\"https:\\\/\\\/fuentesfidedignas.com.mx\\\/wp-content\\\/uploads\\\/2022\\\/01\\\/IMG-20220107-WA0044.jpg\",\"contentUrl\":\"https:\\\/\\\/fuentesfidedignas.com.mx\\\/wp-content\\\/uploads\\\/2022\\\/01\\\/IMG-20220107-WA0044.jpg\",\"width\":1598,\"height\":1066},{\"@type\":\"BreadcrumbList\",\"@id\":\"https:\\\/\\\/fuentesfidedignas.com.mx\\\/index.php\\\/2022\\\/01\\\/07\\\/firman-convenio-de-colaboracion-ayuntamiento-de-ahome-y-canirac-los-mochis\\\/#breadcrumb\",\"itemListElement\":[{\"@type\":\"ListItem\",\"position\":1,\"name\":\"Inicio\",\"item\":\"https:\\\/\\\/fuentesfidedignas.com.mx\\\/\"},{\"@type\":\"ListItem\",\"position\":2,\"name\":\"Firman convenio de colaboraci\u00f3n Ayuntamiento de Ahome y Canirac-Los Mochis\"}]},{\"@type\":\"WebSite\",\"@id\":\"https:\\\/\\\/fuentesfidedignas.com.mx\\\/#website\",\"url\":\"https:\\\/\\\/fuentesfidedignas.com.mx\\\/\",\"name\":\"Fuentes Fidedignas\",\"description\":\"Otro sitio realizado con WordPress\",\"publisher\":{\"@id\":\"https:\\\/\\\/fuentesfidedignas.com.mx\\\/#organization\"},\"potentialAction\":[{\"@type\":\"SearchAction\",\"target\":{\"@type\":\"EntryPoint\",\"urlTemplate\":\"https:\\\/\\\/fuentesfidedignas.com.mx\\\/?s={search_term_string}\"},\"query-input\":{\"@type\":\"PropertyValueSpecification\",\"valueRequired\":true,\"valueName\":\"search_term_string\"}}],\"inLanguage\":\"es\"},{\"@type\":\"Organization\",\"@id\":\"https:\\\/\\\/fuentesfidedignas.com.mx\\\/#organization\",\"name\":\"Fuentes Fidedignas\",\"url\":\"https:\\\/\\\/fuentesfidedignas.com.mx\\\/\",\"logo\":{\"@type\":\"ImageObject\",\"inLanguage\":\"es\",\"@id\":\"https:\\\/\\\/fuentesfidedignas.com.mx\\\/#\\\/schema\\\/logo\\\/image\\\/\",\"url\":\"https:\\\/\\\/fuentesfidedignas.com.mx\\\/wp-content\\\/uploads\\\/2021\\\/04\\\/logo-retina.png\",\"contentUrl\":\"https:\\\/\\\/fuentesfidedignas.com.mx\\\/wp-content\\\/uploads\\\/2021\\\/04\\\/logo-retina.png\",\"width\":280,\"height\":51,\"caption\":\"Fuentes Fidedignas\"},\"image\":{\"@id\":\"https:\\\/\\\/fuentesfidedignas.com.mx\\\/#\\\/schema\\\/logo\\\/image\\\/\"},\"sameAs\":[\"https:\\\/\\\/www.facebook.com\\\/Fuentes-Fidedignas-368234489921644\",\"https:\\\/\\\/x.com\\\/fidedignas\"]},{\"@type\":\"Person\",\"@id\":\"https:\\\/\\\/fuentesfidedignas.com.mx\\\/#\\\/schema\\\/person\\\/331be9283d37198e2acd5750279085b0\",\"name\":\"Redacci\u00f3n\",\"image\":{\"@type\":\"ImageObject\",\"inLanguage\":\"es\",\"@id\":\"https:\\\/\\\/secure.gravatar.com\\\/avatar\\\/f6d8782c11d12b2d4ad3fbb6931aeab5309937a4d6cd2fc9cfaa28a6396a5aec?s=96&d=mm&r=g\",\"url\":\"https:\\\/\\\/secure.gravatar.com\\\/avatar\\\/f6d8782c11d12b2d4ad3fbb6931aeab5309937a4d6cd2fc9cfaa28a6396a5aec?s=96&d=mm&r=g\",\"contentUrl\":\"https:\\\/\\\/secure.gravatar.com\\\/avatar\\\/f6d8782c11d12b2d4ad3fbb6931aeab5309937a4d6cd2fc9cfaa28a6396a5aec?s=96&d=mm&r=g\",\"caption\":\"Redacci\u00f3n\"},\"url\":\"https:\\\/\\\/fuentesfidedignas.com.mx\\\/index.php\\\/author\\\/redaccion\\\/\"}]}<\/script>\n<!-- \/ Yoast SEO plugin. -->","yoast_head_json":{"title":"Firman convenio de colaboraci\u00f3n Ayuntamiento de Ahome y Canirac-Los Mochis - Fuentes Fidedignas","robots":{"index":"index","follow":"follow","max-snippet":"max-snippet:-1","max-image-preview":"max-image-preview:large","max-video-preview":"max-video-preview:-1"},"canonical":"https:\/\/fuentesfidedignas.com.mx\/index.php\/2022\/01\/07\/firman-convenio-de-colaboracion-ayuntamiento-de-ahome-y-canirac-los-mochis\/","og_locale":"es_MX","og_type":"article","og_title":"Firman convenio de colaboraci\u00f3n Ayuntamiento de Ahome y Canirac-Los Mochis - Fuentes Fidedignas","og_description":"Gerardo Vargas Landeros destaca que el compromiso con los restauranteros es apoyarlos, al igual que al resto de los sectores productivos de Ahome, se trabaja de la mano con ellos Ahome, Sin.- A efecto de ser facilitadores con el sector restaurantero, el H. Ayuntamiento de Ahome y la C\u00e1mara Nacional de la Industria Restaurantera y [&hellip;]","og_url":"https:\/\/fuentesfidedignas.com.mx\/index.php\/2022\/01\/07\/firman-convenio-de-colaboracion-ayuntamiento-de-ahome-y-canirac-los-mochis\/","og_site_name":"Fuentes Fidedignas","article_publisher":"https:\/\/www.facebook.com\/Fuentes-Fidedignas-368234489921644","article_published_time":"2022-01-07T21:34:52+00:00","article_modified_time":"2022-01-07T21:35:34+00:00","og_image":[{"width":1598,"height":1066,"url":"https:\/\/fuentesfidedignas.com.mx\/wp-content\/uploads\/2022\/01\/IMG-20220107-WA0044.jpg","type":"image\/jpeg"}],"author":"Redacci\u00f3n","twitter_card":"summary_large_image","twitter_creator":"@fidedignas","twitter_site":"@fidedignas","twitter_misc":{"Escrito por":"Redacci\u00f3n","Tiempo de lectura":"3 minutos"},"schema":{"@context":"https:\/\/schema.org","@graph":[{"@type":"Article","@id":"https:\/\/fuentesfidedignas.com.mx\/index.php\/2022\/01\/07\/firman-convenio-de-colaboracion-ayuntamiento-de-ahome-y-canirac-los-mochis\/#article","isPartOf":{"@id":"https:\/\/fuentesfidedignas.com.mx\/index.php\/2022\/01\/07\/firman-convenio-de-colaboracion-ayuntamiento-de-ahome-y-canirac-los-mochis\/"},"author":{"name":"Redacci\u00f3n","@id":"https:\/\/fuentesfidedignas.com.mx\/#\/schema\/person\/331be9283d37198e2acd5750279085b0"},"headline":"Firman convenio de colaboraci\u00f3n Ayuntamiento de Ahome y Canirac-Los Mochis","datePublished":"2022-01-07T21:34:52+00:00","dateModified":"2022-01-07T21:35:34+00:00","mainEntityOfPage":{"@id":"https:\/\/fuentesfidedignas.com.mx\/index.php\/2022\/01\/07\/firman-convenio-de-colaboracion-ayuntamiento-de-ahome-y-canirac-los-mochis\/"},"wordCount":540,"commentCount":0,"publisher":{"@id":"https:\/\/fuentesfidedignas.com.mx\/#organization"},"image":{"@id":"https:\/\/fuentesfidedignas.com.mx\/index.php\/2022\/01\/07\/firman-convenio-de-colaboracion-ayuntamiento-de-ahome-y-canirac-los-mochis\/#primaryimage"},"thumbnailUrl":"https:\/\/fuentesfidedignas.com.mx\/wp-content\/uploads\/2022\/01\/IMG-20220107-WA0044.jpg","keywords":["Ayuntamiento de Ahome","Gerardo Vargas Landeros"],"articleSection":["NOTICIAS LOCALES"],"inLanguage":"es","potentialAction":[{"@type":"CommentAction","name":"Comment","target":["https:\/\/fuentesfidedignas.com.mx\/index.php\/2022\/01\/07\/firman-convenio-de-colaboracion-ayuntamiento-de-ahome-y-canirac-los-mochis\/#respond"]}]},{"@type":"WebPage","@id":"https:\/\/fuentesfidedignas.com.mx\/index.php\/2022\/01\/07\/firman-convenio-de-colaboracion-ayuntamiento-de-ahome-y-canirac-los-mochis\/","url":"https:\/\/fuentesfidedignas.com.mx\/index.php\/2022\/01\/07\/firman-convenio-de-colaboracion-ayuntamiento-de-ahome-y-canirac-los-mochis\/","name":"Firman convenio de colaboraci\u00f3n Ayuntamiento de Ahome y Canirac-Los Mochis - Fuentes Fidedignas","isPartOf":{"@id":"https:\/\/fuentesfidedignas.com.mx\/#website"},"primaryImageOfPage":{"@id":"https:\/\/fuentesfidedignas.com.mx\/index.php\/2022\/01\/07\/firman-convenio-de-colaboracion-ayuntamiento-de-ahome-y-canirac-los-mochis\/#primaryimage"},"image":{"@id":"https:\/\/fuentesfidedignas.com.mx\/index.php\/2022\/01\/07\/firman-convenio-de-colaboracion-ayuntamiento-de-ahome-y-canirac-los-mochis\/#primaryimage"},"thumbnailUrl":"https:\/\/fuentesfidedignas.com.mx\/wp-content\/uploads\/2022\/01\/IMG-20220107-WA0044.jpg","datePublished":"2022-01-07T21:34:52+00:00","dateModified":"2022-01-07T21:35:34+00:00","breadcrumb":{"@id":"https:\/\/fuentesfidedignas.com.mx\/index.php\/2022\/01\/07\/firman-convenio-de-colaboracion-ayuntamiento-de-ahome-y-canirac-los-mochis\/#breadcrumb"},"inLanguage":"es","potentialAction":[{"@type":"ReadAction","target":["https:\/\/fuentesfidedignas.com.mx\/index.php\/2022\/01\/07\/firman-convenio-de-colaboracion-ayuntamiento-de-ahome-y-canirac-los-mochis\/"]}]},{"@type":"ImageObject","inLanguage":"es","@id":"https:\/\/fuentesfidedignas.com.mx\/index.php\/2022\/01\/07\/firman-convenio-de-colaboracion-ayuntamiento-de-ahome-y-canirac-los-mochis\/#primaryimage","url":"https:\/\/fuentesfidedignas.com.mx\/wp-content\/uploads\/2022\/01\/IMG-20220107-WA0044.jpg","contentUrl":"https:\/\/fuentesfidedignas.com.mx\/wp-content\/uploads\/2022\/01\/IMG-20220107-WA0044.jpg","width":1598,"height":1066},{"@type":"BreadcrumbList","@id":"https:\/\/fuentesfidedignas.com.mx\/index.php\/2022\/01\/07\/firman-convenio-de-colaboracion-ayuntamiento-de-ahome-y-canirac-los-mochis\/#breadcrumb","itemListElement":[{"@type":"ListItem","position":1,"name":"Inicio","item":"https:\/\/fuentesfidedignas.com.mx\/"},{"@type":"ListItem","position":2,"name":"Firman convenio de colaboraci\u00f3n Ayuntamiento de Ahome y Canirac-Los Mochis"}]},{"@type":"WebSite","@id":"https:\/\/fuentesfidedignas.com.mx\/#website","url":"https:\/\/fuentesfidedignas.com.mx\/","name":"Fuentes Fidedignas","description":"Otro sitio realizado con WordPress","publisher":{"@id":"https:\/\/fuentesfidedignas.com.mx\/#organization"},"potentialAction":[{"@type":"SearchAction","target":{"@type":"EntryPoint","urlTemplate":"https:\/\/fuentesfidedignas.com.mx\/?s={search_term_string}"},"query-input":{"@type":"PropertyValueSpecification","valueRequired":true,"valueName":"search_term_string"}}],"inLanguage":"es"},{"@type":"Organization","@id":"https:\/\/fuentesfidedignas.com.mx\/#organization","name":"Fuentes Fidedignas","url":"https:\/\/fuentesfidedignas.com.mx\/","logo":{"@type":"ImageObject","inLanguage":"es","@id":"https:\/\/fuentesfidedignas.com.mx\/#\/schema\/logo\/image\/","url":"https:\/\/fuentesfidedignas.com.mx\/wp-content\/uploads\/2021\/04\/logo-retina.png","contentUrl":"https:\/\/fuentesfidedignas.com.mx\/wp-content\/uploads\/2021\/04\/logo-retina.png","width":280,"height":51,"caption":"Fuentes Fidedignas"},"image":{"@id":"https:\/\/fuentesfidedignas.com.mx\/#\/schema\/logo\/image\/"},"sameAs":["https:\/\/www.facebook.com\/Fuentes-Fidedignas-368234489921644","https:\/\/x.com\/fidedignas"]},{"@type":"Person","@id":"https:\/\/fuentesfidedignas.com.mx\/#\/schema\/person\/331be9283d37198e2acd5750279085b0","name":"Redacci\u00f3n","image":{"@type":"ImageObject","inLanguage":"es","@id":"https:\/\/secure.gravatar.com\/avatar\/f6d8782c11d12b2d4ad3fbb6931aeab5309937a4d6cd2fc9cfaa28a6396a5aec?s=96&d=mm&r=g","url":"https:\/\/secure.gravatar.com\/avatar\/f6d8782c11d12b2d4ad3fbb6931aeab5309937a4d6cd2fc9cfaa28a6396a5aec?s=96&d=mm&r=g","contentUrl":"https:\/\/secure.gravatar.com\/avatar\/f6d8782c11d12b2d4ad3fbb6931aeab5309937a4d6cd2fc9cfaa28a6396a5aec?s=96&d=mm&r=g","caption":"Redacci\u00f3n"},"url":"https:\/\/fuentesfidedignas.com.mx\/index.php\/author\/redaccion\/"}]}},"_links":{"self":[{"href":"https:\/\/fuentesfidedignas.com.mx\/index.php\/wp-json\/wp\/v2\/posts\/21255","targetHints":{"allow":["GET"]}}],"collection":[{"href":"https:\/\/fuentesfidedignas.com.mx\/index.php\/wp-json\/wp\/v2\/posts"}],"about":[{"href":"https:\/\/fuentesfidedignas.com.mx\/index.php\/wp-json\/wp\/v2\/types\/post"}],"author":[{"embeddable":true,"href":"https:\/\/fuentesfidedignas.com.mx\/index.php\/wp-json\/wp\/v2\/users\/4"}],"replies":[{"embeddable":true,"href":"https:\/\/fuentesfidedignas.com.mx\/index.php\/wp-json\/wp\/v2\/comments?post=21255"}],"version-history":[{"count":2,"href":"https:\/\/fuentesfidedignas.com.mx\/index.php\/wp-json\/wp\/v2\/posts\/21255\/revisions"}],"predecessor-version":[{"id":21259,"href":"https:\/\/fuentesfidedignas.com.mx\/index.php\/wp-json\/wp\/v2\/posts\/21255\/revisions\/21259"}],"wp:featuredmedia":[{"embeddable":true,"href":"https:\/\/fuentesfidedignas.com.mx\/index.php\/wp-json\/wp\/v2\/media\/21256"}],"wp:attachment":[{"href":"https:\/\/fuentesfidedignas.com.mx\/index.php\/wp-json\/wp\/v2\/media?parent=21255"}],"wp:term":[{"taxonomy":"category","embeddable":true,"href":"https:\/\/fuentesfidedignas.com.mx\/index.php\/wp-json\/wp\/v2\/categories?post=21255"},{"taxonomy":"post_tag","embeddable":true,"href":"https:\/\/fuentesfidedignas.com.mx\/index.php\/wp-json\/wp\/v2\/tags?post=21255"}],"curies":[{"name":"wp","href":"https:\/\/api.w.org\/{rel}","templated":true}]}}