{"id":21228,"date":"2022-01-07T07:41:25","date_gmt":"2022-01-07T14:41:25","guid":{"rendered":"https:\/\/fuentesfidedignas.com.mx\/?p=21228"},"modified":"2022-01-07T07:41:29","modified_gmt":"2022-01-07T14:41:29","slug":"cofepris-autoriza-pildora-de-merck-contra-covid-19-la-aplicaran-en-hospitales","status":"publish","type":"post","link":"https:\/\/fuentesfidedignas.com.mx\/index.php\/2022\/01\/07\/cofepris-autoriza-pildora-de-merck-contra-covid-19-la-aplicaran-en-hospitales\/","title":{"rendered":"Cofepris autoriza p\u00edldora de Merck contra Covid-19; la aplicar\u00e1n en hospitales"},"content":{"rendered":"\n<p><strong><em>L\u00f3pez Obrador dijo que Cofepris trabaja en an\u00e1lisis de medicamentos contra Covid-19 de Pfizer y Merck para aplicarlos en hospitales.<\/em><\/strong><\/p>\n\n\n\n<p>Ciudad de M\u00e9xico.- El presidente Andr\u00e9s Manuel L\u00f3pez Obrador inform\u00f3 este viernes que la Comisi\u00f3n Federal para la Protecci\u00f3n contra Riesgos Sanitarios (Cofepris) autoriz\u00f3 el uso de emergencia controlado de la p\u00edldora para combatir el Covid-19 de la farmac\u00e9utica Merck &amp; CO.<\/p>\n\n\n\n<p>Se trata de Molnupiravir de la farmac\u00e9utica Merck &amp; CO que en breve ser\u00e1 adquirida por el gobierno de M\u00e9xico y aplicada en hospitales p\u00fablicos.<\/p>\n\n\n\n<p>\u201cHoy se aprueba, autorizaci\u00f3n para uso de emergencia controlada y es efectivo es una buena noticia\u201d, revel\u00f3 el tabasque\u00f1o.<\/p>\n\n\n\n<p>De igual forma, las autoridades sanitarias analizan la efectividad de la p\u00edldora Paxlovid de la farmac\u00e9utica Pfizer y se prev\u00e9 que la siguiente semana se d\u00e9 luz verde para su uso de emergencia.<\/p>\n\n\n\n<p>\u201cHay adem\u00e1s ya dos medicamentos que se est\u00e1n aprobando, est\u00e1n en proceso de aprobaci\u00f3n por Cofepris que resultan efectivos, tomados y ya est\u00e1n por autorizarse y se van a empezar a aplicar en hospitales p\u00fablicos, para que est\u00e9n al acceso de todos.<\/p>\n\n\n\n<p>\u201cQue se sepa que son dos (medicamentos) y act\u00faan r\u00e1pido, no solo es menos el tiempo de molestias, sino tambi\u00e9n menos el tiempo de la enfermedad, del contagio, se tarda menos en salir\u201d, coment\u00f3.<\/p>\n\n\n\n<p>En su tradicional conferencia matutina en Palacio Nacional, el mandatario federal explic\u00f3 que aunque hay velocidad en los contagios por coronavirus en el pa\u00eds no se tienen mayores hospitalizaciones ni defunciones.<\/p>\n\n\n\n<p>\u201cHemos estado d\u00e1ndole seguimiento a esta nueva variante de la pandemia, es muy contagiosa, pero afortunadamente no tiene el nivel de peligro, no hace tanto da\u00f1o como las otras variantes, s\u00ed hay contagios, pero no tenemos incrementos todav\u00eda en hospitalizaciones que nos lleven a pensar que pueda rebasarnos, que no tengamos capacidad para atender enfermos\u201d, apunt\u00f3 el presidente de la Rep\u00fablica.<\/p>\n\n\n\n<p>A finales del a\u00f1o pasado, las autoridades sanitarias de Estados Unidos dieron luz verde al medicamento Paxlovid de la farm\u00e1ceutica Pfizer y Molnupiravir de la farmac\u00e9utica Merck &amp; CO (MSD).<\/p>\n\n\n\n<p>Este medicamento puede ser una opci\u00f3n viable para tratar de Covid-19 en pacientes con alto riesgo de vulnerabilidad por el nuevo coronavirus.<\/p>\n\n\n\n<p>Hasta el momento, inform\u00f3 el jefe del Ejecutivo federal, analizan c\u00f3mo se adquirir\u00e1n estos medicamentos y cu\u00e1ntas dosis una vez que las autoridades regulatorias sanitarias mexicanas den el visto bueno.<\/p>\n\n\n\n<p>\u201cUna vez que est\u00e9 autorizado, ya tomamos la decisi\u00f3n, pero estamos en eso, diario, este dato es de hoy en la ma\u00f1ana, todos los d\u00edas le damos seguimiento\u201d, dijo L\u00f3pez Obrador.<\/p>\n","protected":false},"excerpt":{"rendered":"<p>L\u00f3pez Obrador dijo que Cofepris trabaja en an\u00e1lisis de medicamentos contra Covid-19 de Pfizer y Merck para aplicarlos en hospitales. Ciudad de M\u00e9xico.- El presidente Andr\u00e9s Manuel L\u00f3pez Obrador inform\u00f3 este viernes que la Comisi\u00f3n Federal para la Protecci\u00f3n contra Riesgos Sanitarios (Cofepris) autoriz\u00f3 el uso de emergencia controlado de la p\u00edldora para combatir el [&hellip;]<\/p>\n","protected":false},"author":5,"featured_media":21229,"comment_status":"open","ping_status":"open","sticky":false,"template":"","format":"standard","meta":{"tdm_status":"","tdm_grid_status":"","footnotes":""},"categories":[39],"tags":[332,59,416],"class_list":{"0":"post-21228","1":"post","2":"type-post","3":"status-publish","4":"format-standard","5":"has-post-thumbnail","7":"category-noticias-nacionales","8":"tag-coronavirus","9":"tag-covid-19","10":"tag-sars-cov-2"},"yoast_head":"<!-- This site is optimized with the Yoast SEO plugin v27.5 - https:\/\/yoast.com\/product\/yoast-seo-wordpress\/ -->\n<title>Cofepris autoriza p\u00edldora de Merck contra Covid-19; la aplicar\u00e1n en hospitales - Fuentes Fidedignas<\/title>\n<meta name=\"robots\" content=\"index, follow, max-snippet:-1, max-image-preview:large, max-video-preview:-1\" \/>\n<link rel=\"canonical\" href=\"https:\/\/fuentesfidedignas.com.mx\/index.php\/2022\/01\/07\/cofepris-autoriza-pildora-de-merck-contra-covid-19-la-aplicaran-en-hospitales\/\" \/>\n<meta property=\"og:locale\" content=\"es_MX\" \/>\n<meta property=\"og:type\" content=\"article\" \/>\n<meta property=\"og:title\" content=\"Cofepris autoriza p\u00edldora de Merck contra Covid-19; la aplicar\u00e1n en hospitales - Fuentes Fidedignas\" \/>\n<meta property=\"og:description\" content=\"L\u00f3pez Obrador dijo que Cofepris trabaja en an\u00e1lisis de medicamentos contra Covid-19 de Pfizer y Merck para aplicarlos en hospitales. Ciudad de M\u00e9xico.- El presidente Andr\u00e9s Manuel L\u00f3pez Obrador inform\u00f3 este viernes que la Comisi\u00f3n Federal para la Protecci\u00f3n contra Riesgos Sanitarios (Cofepris) autoriz\u00f3 el uso de emergencia controlado de la p\u00edldora para combatir el [&hellip;]\" \/>\n<meta property=\"og:url\" content=\"https:\/\/fuentesfidedignas.com.mx\/index.php\/2022\/01\/07\/cofepris-autoriza-pildora-de-merck-contra-covid-19-la-aplicaran-en-hospitales\/\" \/>\n<meta property=\"og:site_name\" content=\"Fuentes Fidedignas\" \/>\n<meta property=\"article:publisher\" content=\"https:\/\/www.facebook.com\/Fuentes-Fidedignas-368234489921644\" \/>\n<meta property=\"article:published_time\" content=\"2022-01-07T14:41:25+00:00\" \/>\n<meta property=\"article:modified_time\" content=\"2022-01-07T14:41:29+00:00\" \/>\n<meta property=\"og:image\" content=\"https:\/\/fuentesfidedignas.com.mx\/wp-content\/uploads\/2022\/01\/merck-medicamento-pastilla-covid-640x360-1.jpg\" \/>\n\t<meta property=\"og:image:width\" content=\"640\" \/>\n\t<meta property=\"og:image:height\" content=\"360\" \/>\n\t<meta property=\"og:image:type\" content=\"image\/jpeg\" \/>\n<meta name=\"author\" content=\"Forbes\" \/>\n<meta name=\"twitter:card\" content=\"summary_large_image\" \/>\n<meta name=\"twitter:creator\" content=\"@fidedignas\" \/>\n<meta name=\"twitter:site\" content=\"@fidedignas\" \/>\n<meta name=\"twitter:label1\" content=\"Escrito por\" \/>\n\t<meta name=\"twitter:data1\" content=\"Forbes\" \/>\n\t<meta name=\"twitter:label2\" content=\"Tiempo de lectura\" \/>\n\t<meta name=\"twitter:data2\" content=\"2 minutos\" \/>\n<script type=\"application\/ld+json\" class=\"yoast-schema-graph\">{\"@context\":\"https:\\\/\\\/schema.org\",\"@graph\":[{\"@type\":\"Article\",\"@id\":\"https:\\\/\\\/fuentesfidedignas.com.mx\\\/index.php\\\/2022\\\/01\\\/07\\\/cofepris-autoriza-pildora-de-merck-contra-covid-19-la-aplicaran-en-hospitales\\\/#article\",\"isPartOf\":{\"@id\":\"https:\\\/\\\/fuentesfidedignas.com.mx\\\/index.php\\\/2022\\\/01\\\/07\\\/cofepris-autoriza-pildora-de-merck-contra-covid-19-la-aplicaran-en-hospitales\\\/\"},\"author\":{\"name\":\"Forbes\",\"@id\":\"https:\\\/\\\/fuentesfidedignas.com.mx\\\/#\\\/schema\\\/person\\\/5623d53fe2e579d825b1679734abcc44\"},\"headline\":\"Cofepris autoriza p\u00edldora de Merck contra Covid-19; la aplicar\u00e1n en hospitales\",\"datePublished\":\"2022-01-07T14:41:25+00:00\",\"dateModified\":\"2022-01-07T14:41:29+00:00\",\"mainEntityOfPage\":{\"@id\":\"https:\\\/\\\/fuentesfidedignas.com.mx\\\/index.php\\\/2022\\\/01\\\/07\\\/cofepris-autoriza-pildora-de-merck-contra-covid-19-la-aplicaran-en-hospitales\\\/\"},\"wordCount\":476,\"commentCount\":0,\"publisher\":{\"@id\":\"https:\\\/\\\/fuentesfidedignas.com.mx\\\/#organization\"},\"image\":{\"@id\":\"https:\\\/\\\/fuentesfidedignas.com.mx\\\/index.php\\\/2022\\\/01\\\/07\\\/cofepris-autoriza-pildora-de-merck-contra-covid-19-la-aplicaran-en-hospitales\\\/#primaryimage\"},\"thumbnailUrl\":\"https:\\\/\\\/fuentesfidedignas.com.mx\\\/wp-content\\\/uploads\\\/2022\\\/01\\\/merck-medicamento-pastilla-covid-640x360-1.jpg\",\"keywords\":[\"Coronavirus\",\"Covid-19\",\"SARS-CoV-2\"],\"articleSection\":[\"NOTICIAS NACIONALES\"],\"inLanguage\":\"es\",\"potentialAction\":[{\"@type\":\"CommentAction\",\"name\":\"Comment\",\"target\":[\"https:\\\/\\\/fuentesfidedignas.com.mx\\\/index.php\\\/2022\\\/01\\\/07\\\/cofepris-autoriza-pildora-de-merck-contra-covid-19-la-aplicaran-en-hospitales\\\/#respond\"]}]},{\"@type\":\"WebPage\",\"@id\":\"https:\\\/\\\/fuentesfidedignas.com.mx\\\/index.php\\\/2022\\\/01\\\/07\\\/cofepris-autoriza-pildora-de-merck-contra-covid-19-la-aplicaran-en-hospitales\\\/\",\"url\":\"https:\\\/\\\/fuentesfidedignas.com.mx\\\/index.php\\\/2022\\\/01\\\/07\\\/cofepris-autoriza-pildora-de-merck-contra-covid-19-la-aplicaran-en-hospitales\\\/\",\"name\":\"Cofepris autoriza p\u00edldora de Merck contra Covid-19; la aplicar\u00e1n en hospitales - Fuentes Fidedignas\",\"isPartOf\":{\"@id\":\"https:\\\/\\\/fuentesfidedignas.com.mx\\\/#website\"},\"primaryImageOfPage\":{\"@id\":\"https:\\\/\\\/fuentesfidedignas.com.mx\\\/index.php\\\/2022\\\/01\\\/07\\\/cofepris-autoriza-pildora-de-merck-contra-covid-19-la-aplicaran-en-hospitales\\\/#primaryimage\"},\"image\":{\"@id\":\"https:\\\/\\\/fuentesfidedignas.com.mx\\\/index.php\\\/2022\\\/01\\\/07\\\/cofepris-autoriza-pildora-de-merck-contra-covid-19-la-aplicaran-en-hospitales\\\/#primaryimage\"},\"thumbnailUrl\":\"https:\\\/\\\/fuentesfidedignas.com.mx\\\/wp-content\\\/uploads\\\/2022\\\/01\\\/merck-medicamento-pastilla-covid-640x360-1.jpg\",\"datePublished\":\"2022-01-07T14:41:25+00:00\",\"dateModified\":\"2022-01-07T14:41:29+00:00\",\"breadcrumb\":{\"@id\":\"https:\\\/\\\/fuentesfidedignas.com.mx\\\/index.php\\\/2022\\\/01\\\/07\\\/cofepris-autoriza-pildora-de-merck-contra-covid-19-la-aplicaran-en-hospitales\\\/#breadcrumb\"},\"inLanguage\":\"es\",\"potentialAction\":[{\"@type\":\"ReadAction\",\"target\":[\"https:\\\/\\\/fuentesfidedignas.com.mx\\\/index.php\\\/2022\\\/01\\\/07\\\/cofepris-autoriza-pildora-de-merck-contra-covid-19-la-aplicaran-en-hospitales\\\/\"]}]},{\"@type\":\"ImageObject\",\"inLanguage\":\"es\",\"@id\":\"https:\\\/\\\/fuentesfidedignas.com.mx\\\/index.php\\\/2022\\\/01\\\/07\\\/cofepris-autoriza-pildora-de-merck-contra-covid-19-la-aplicaran-en-hospitales\\\/#primaryimage\",\"url\":\"https:\\\/\\\/fuentesfidedignas.com.mx\\\/wp-content\\\/uploads\\\/2022\\\/01\\\/merck-medicamento-pastilla-covid-640x360-1.jpg\",\"contentUrl\":\"https:\\\/\\\/fuentesfidedignas.com.mx\\\/wp-content\\\/uploads\\\/2022\\\/01\\\/merck-medicamento-pastilla-covid-640x360-1.jpg\",\"width\":640,\"height\":360},{\"@type\":\"BreadcrumbList\",\"@id\":\"https:\\\/\\\/fuentesfidedignas.com.mx\\\/index.php\\\/2022\\\/01\\\/07\\\/cofepris-autoriza-pildora-de-merck-contra-covid-19-la-aplicaran-en-hospitales\\\/#breadcrumb\",\"itemListElement\":[{\"@type\":\"ListItem\",\"position\":1,\"name\":\"Inicio\",\"item\":\"https:\\\/\\\/fuentesfidedignas.com.mx\\\/\"},{\"@type\":\"ListItem\",\"position\":2,\"name\":\"Cofepris autoriza p\u00edldora de Merck contra Covid-19; la aplicar\u00e1n en hospitales\"}]},{\"@type\":\"WebSite\",\"@id\":\"https:\\\/\\\/fuentesfidedignas.com.mx\\\/#website\",\"url\":\"https:\\\/\\\/fuentesfidedignas.com.mx\\\/\",\"name\":\"Fuentes Fidedignas\",\"description\":\"Otro sitio realizado con WordPress\",\"publisher\":{\"@id\":\"https:\\\/\\\/fuentesfidedignas.com.mx\\\/#organization\"},\"potentialAction\":[{\"@type\":\"SearchAction\",\"target\":{\"@type\":\"EntryPoint\",\"urlTemplate\":\"https:\\\/\\\/fuentesfidedignas.com.mx\\\/?s={search_term_string}\"},\"query-input\":{\"@type\":\"PropertyValueSpecification\",\"valueRequired\":true,\"valueName\":\"search_term_string\"}}],\"inLanguage\":\"es\"},{\"@type\":\"Organization\",\"@id\":\"https:\\\/\\\/fuentesfidedignas.com.mx\\\/#organization\",\"name\":\"Fuentes Fidedignas\",\"url\":\"https:\\\/\\\/fuentesfidedignas.com.mx\\\/\",\"logo\":{\"@type\":\"ImageObject\",\"inLanguage\":\"es\",\"@id\":\"https:\\\/\\\/fuentesfidedignas.com.mx\\\/#\\\/schema\\\/logo\\\/image\\\/\",\"url\":\"https:\\\/\\\/fuentesfidedignas.com.mx\\\/wp-content\\\/uploads\\\/2021\\\/04\\\/logo-retina.png\",\"contentUrl\":\"https:\\\/\\\/fuentesfidedignas.com.mx\\\/wp-content\\\/uploads\\\/2021\\\/04\\\/logo-retina.png\",\"width\":280,\"height\":51,\"caption\":\"Fuentes Fidedignas\"},\"image\":{\"@id\":\"https:\\\/\\\/fuentesfidedignas.com.mx\\\/#\\\/schema\\\/logo\\\/image\\\/\"},\"sameAs\":[\"https:\\\/\\\/www.facebook.com\\\/Fuentes-Fidedignas-368234489921644\",\"https:\\\/\\\/x.com\\\/fidedignas\"]},{\"@type\":\"Person\",\"@id\":\"https:\\\/\\\/fuentesfidedignas.com.mx\\\/#\\\/schema\\\/person\\\/5623d53fe2e579d825b1679734abcc44\",\"name\":\"Forbes\",\"image\":{\"@type\":\"ImageObject\",\"inLanguage\":\"es\",\"@id\":\"https:\\\/\\\/secure.gravatar.com\\\/avatar\\\/87ce3dd4e41e60c22a79c758614f01a6bc2469255fc936ec7b15efb9bb5cb66f?s=96&d=mm&r=g\",\"url\":\"https:\\\/\\\/secure.gravatar.com\\\/avatar\\\/87ce3dd4e41e60c22a79c758614f01a6bc2469255fc936ec7b15efb9bb5cb66f?s=96&d=mm&r=g\",\"contentUrl\":\"https:\\\/\\\/secure.gravatar.com\\\/avatar\\\/87ce3dd4e41e60c22a79c758614f01a6bc2469255fc936ec7b15efb9bb5cb66f?s=96&d=mm&r=g\",\"caption\":\"Forbes\"},\"url\":\"https:\\\/\\\/fuentesfidedignas.com.mx\\\/index.php\\\/author\\\/forbes\\\/\"}]}<\/script>\n<!-- \/ Yoast SEO plugin. -->","yoast_head_json":{"title":"Cofepris autoriza p\u00edldora de Merck contra Covid-19; la aplicar\u00e1n en hospitales - Fuentes Fidedignas","robots":{"index":"index","follow":"follow","max-snippet":"max-snippet:-1","max-image-preview":"max-image-preview:large","max-video-preview":"max-video-preview:-1"},"canonical":"https:\/\/fuentesfidedignas.com.mx\/index.php\/2022\/01\/07\/cofepris-autoriza-pildora-de-merck-contra-covid-19-la-aplicaran-en-hospitales\/","og_locale":"es_MX","og_type":"article","og_title":"Cofepris autoriza p\u00edldora de Merck contra Covid-19; la aplicar\u00e1n en hospitales - Fuentes Fidedignas","og_description":"L\u00f3pez Obrador dijo que Cofepris trabaja en an\u00e1lisis de medicamentos contra Covid-19 de Pfizer y Merck para aplicarlos en hospitales. Ciudad de M\u00e9xico.- El presidente Andr\u00e9s Manuel L\u00f3pez Obrador inform\u00f3 este viernes que la Comisi\u00f3n Federal para la Protecci\u00f3n contra Riesgos Sanitarios (Cofepris) autoriz\u00f3 el uso de emergencia controlado de la p\u00edldora para combatir el [&hellip;]","og_url":"https:\/\/fuentesfidedignas.com.mx\/index.php\/2022\/01\/07\/cofepris-autoriza-pildora-de-merck-contra-covid-19-la-aplicaran-en-hospitales\/","og_site_name":"Fuentes Fidedignas","article_publisher":"https:\/\/www.facebook.com\/Fuentes-Fidedignas-368234489921644","article_published_time":"2022-01-07T14:41:25+00:00","article_modified_time":"2022-01-07T14:41:29+00:00","og_image":[{"width":640,"height":360,"url":"https:\/\/fuentesfidedignas.com.mx\/wp-content\/uploads\/2022\/01\/merck-medicamento-pastilla-covid-640x360-1.jpg","type":"image\/jpeg"}],"author":"Forbes","twitter_card":"summary_large_image","twitter_creator":"@fidedignas","twitter_site":"@fidedignas","twitter_misc":{"Escrito por":"Forbes","Tiempo de lectura":"2 minutos"},"schema":{"@context":"https:\/\/schema.org","@graph":[{"@type":"Article","@id":"https:\/\/fuentesfidedignas.com.mx\/index.php\/2022\/01\/07\/cofepris-autoriza-pildora-de-merck-contra-covid-19-la-aplicaran-en-hospitales\/#article","isPartOf":{"@id":"https:\/\/fuentesfidedignas.com.mx\/index.php\/2022\/01\/07\/cofepris-autoriza-pildora-de-merck-contra-covid-19-la-aplicaran-en-hospitales\/"},"author":{"name":"Forbes","@id":"https:\/\/fuentesfidedignas.com.mx\/#\/schema\/person\/5623d53fe2e579d825b1679734abcc44"},"headline":"Cofepris autoriza p\u00edldora de Merck contra Covid-19; la aplicar\u00e1n en hospitales","datePublished":"2022-01-07T14:41:25+00:00","dateModified":"2022-01-07T14:41:29+00:00","mainEntityOfPage":{"@id":"https:\/\/fuentesfidedignas.com.mx\/index.php\/2022\/01\/07\/cofepris-autoriza-pildora-de-merck-contra-covid-19-la-aplicaran-en-hospitales\/"},"wordCount":476,"commentCount":0,"publisher":{"@id":"https:\/\/fuentesfidedignas.com.mx\/#organization"},"image":{"@id":"https:\/\/fuentesfidedignas.com.mx\/index.php\/2022\/01\/07\/cofepris-autoriza-pildora-de-merck-contra-covid-19-la-aplicaran-en-hospitales\/#primaryimage"},"thumbnailUrl":"https:\/\/fuentesfidedignas.com.mx\/wp-content\/uploads\/2022\/01\/merck-medicamento-pastilla-covid-640x360-1.jpg","keywords":["Coronavirus","Covid-19","SARS-CoV-2"],"articleSection":["NOTICIAS NACIONALES"],"inLanguage":"es","potentialAction":[{"@type":"CommentAction","name":"Comment","target":["https:\/\/fuentesfidedignas.com.mx\/index.php\/2022\/01\/07\/cofepris-autoriza-pildora-de-merck-contra-covid-19-la-aplicaran-en-hospitales\/#respond"]}]},{"@type":"WebPage","@id":"https:\/\/fuentesfidedignas.com.mx\/index.php\/2022\/01\/07\/cofepris-autoriza-pildora-de-merck-contra-covid-19-la-aplicaran-en-hospitales\/","url":"https:\/\/fuentesfidedignas.com.mx\/index.php\/2022\/01\/07\/cofepris-autoriza-pildora-de-merck-contra-covid-19-la-aplicaran-en-hospitales\/","name":"Cofepris autoriza p\u00edldora de Merck contra Covid-19; la aplicar\u00e1n en hospitales - Fuentes Fidedignas","isPartOf":{"@id":"https:\/\/fuentesfidedignas.com.mx\/#website"},"primaryImageOfPage":{"@id":"https:\/\/fuentesfidedignas.com.mx\/index.php\/2022\/01\/07\/cofepris-autoriza-pildora-de-merck-contra-covid-19-la-aplicaran-en-hospitales\/#primaryimage"},"image":{"@id":"https:\/\/fuentesfidedignas.com.mx\/index.php\/2022\/01\/07\/cofepris-autoriza-pildora-de-merck-contra-covid-19-la-aplicaran-en-hospitales\/#primaryimage"},"thumbnailUrl":"https:\/\/fuentesfidedignas.com.mx\/wp-content\/uploads\/2022\/01\/merck-medicamento-pastilla-covid-640x360-1.jpg","datePublished":"2022-01-07T14:41:25+00:00","dateModified":"2022-01-07T14:41:29+00:00","breadcrumb":{"@id":"https:\/\/fuentesfidedignas.com.mx\/index.php\/2022\/01\/07\/cofepris-autoriza-pildora-de-merck-contra-covid-19-la-aplicaran-en-hospitales\/#breadcrumb"},"inLanguage":"es","potentialAction":[{"@type":"ReadAction","target":["https:\/\/fuentesfidedignas.com.mx\/index.php\/2022\/01\/07\/cofepris-autoriza-pildora-de-merck-contra-covid-19-la-aplicaran-en-hospitales\/"]}]},{"@type":"ImageObject","inLanguage":"es","@id":"https:\/\/fuentesfidedignas.com.mx\/index.php\/2022\/01\/07\/cofepris-autoriza-pildora-de-merck-contra-covid-19-la-aplicaran-en-hospitales\/#primaryimage","url":"https:\/\/fuentesfidedignas.com.mx\/wp-content\/uploads\/2022\/01\/merck-medicamento-pastilla-covid-640x360-1.jpg","contentUrl":"https:\/\/fuentesfidedignas.com.mx\/wp-content\/uploads\/2022\/01\/merck-medicamento-pastilla-covid-640x360-1.jpg","width":640,"height":360},{"@type":"BreadcrumbList","@id":"https:\/\/fuentesfidedignas.com.mx\/index.php\/2022\/01\/07\/cofepris-autoriza-pildora-de-merck-contra-covid-19-la-aplicaran-en-hospitales\/#breadcrumb","itemListElement":[{"@type":"ListItem","position":1,"name":"Inicio","item":"https:\/\/fuentesfidedignas.com.mx\/"},{"@type":"ListItem","position":2,"name":"Cofepris autoriza p\u00edldora de Merck contra Covid-19; la aplicar\u00e1n en hospitales"}]},{"@type":"WebSite","@id":"https:\/\/fuentesfidedignas.com.mx\/#website","url":"https:\/\/fuentesfidedignas.com.mx\/","name":"Fuentes Fidedignas","description":"Otro sitio realizado con WordPress","publisher":{"@id":"https:\/\/fuentesfidedignas.com.mx\/#organization"},"potentialAction":[{"@type":"SearchAction","target":{"@type":"EntryPoint","urlTemplate":"https:\/\/fuentesfidedignas.com.mx\/?s={search_term_string}"},"query-input":{"@type":"PropertyValueSpecification","valueRequired":true,"valueName":"search_term_string"}}],"inLanguage":"es"},{"@type":"Organization","@id":"https:\/\/fuentesfidedignas.com.mx\/#organization","name":"Fuentes Fidedignas","url":"https:\/\/fuentesfidedignas.com.mx\/","logo":{"@type":"ImageObject","inLanguage":"es","@id":"https:\/\/fuentesfidedignas.com.mx\/#\/schema\/logo\/image\/","url":"https:\/\/fuentesfidedignas.com.mx\/wp-content\/uploads\/2021\/04\/logo-retina.png","contentUrl":"https:\/\/fuentesfidedignas.com.mx\/wp-content\/uploads\/2021\/04\/logo-retina.png","width":280,"height":51,"caption":"Fuentes Fidedignas"},"image":{"@id":"https:\/\/fuentesfidedignas.com.mx\/#\/schema\/logo\/image\/"},"sameAs":["https:\/\/www.facebook.com\/Fuentes-Fidedignas-368234489921644","https:\/\/x.com\/fidedignas"]},{"@type":"Person","@id":"https:\/\/fuentesfidedignas.com.mx\/#\/schema\/person\/5623d53fe2e579d825b1679734abcc44","name":"Forbes","image":{"@type":"ImageObject","inLanguage":"es","@id":"https:\/\/secure.gravatar.com\/avatar\/87ce3dd4e41e60c22a79c758614f01a6bc2469255fc936ec7b15efb9bb5cb66f?s=96&d=mm&r=g","url":"https:\/\/secure.gravatar.com\/avatar\/87ce3dd4e41e60c22a79c758614f01a6bc2469255fc936ec7b15efb9bb5cb66f?s=96&d=mm&r=g","contentUrl":"https:\/\/secure.gravatar.com\/avatar\/87ce3dd4e41e60c22a79c758614f01a6bc2469255fc936ec7b15efb9bb5cb66f?s=96&d=mm&r=g","caption":"Forbes"},"url":"https:\/\/fuentesfidedignas.com.mx\/index.php\/author\/forbes\/"}]}},"_links":{"self":[{"href":"https:\/\/fuentesfidedignas.com.mx\/index.php\/wp-json\/wp\/v2\/posts\/21228","targetHints":{"allow":["GET"]}}],"collection":[{"href":"https:\/\/fuentesfidedignas.com.mx\/index.php\/wp-json\/wp\/v2\/posts"}],"about":[{"href":"https:\/\/fuentesfidedignas.com.mx\/index.php\/wp-json\/wp\/v2\/types\/post"}],"author":[{"embeddable":true,"href":"https:\/\/fuentesfidedignas.com.mx\/index.php\/wp-json\/wp\/v2\/users\/5"}],"replies":[{"embeddable":true,"href":"https:\/\/fuentesfidedignas.com.mx\/index.php\/wp-json\/wp\/v2\/comments?post=21228"}],"version-history":[{"count":1,"href":"https:\/\/fuentesfidedignas.com.mx\/index.php\/wp-json\/wp\/v2\/posts\/21228\/revisions"}],"predecessor-version":[{"id":21230,"href":"https:\/\/fuentesfidedignas.com.mx\/index.php\/wp-json\/wp\/v2\/posts\/21228\/revisions\/21230"}],"wp:featuredmedia":[{"embeddable":true,"href":"https:\/\/fuentesfidedignas.com.mx\/index.php\/wp-json\/wp\/v2\/media\/21229"}],"wp:attachment":[{"href":"https:\/\/fuentesfidedignas.com.mx\/index.php\/wp-json\/wp\/v2\/media?parent=21228"}],"wp:term":[{"taxonomy":"category","embeddable":true,"href":"https:\/\/fuentesfidedignas.com.mx\/index.php\/wp-json\/wp\/v2\/categories?post=21228"},{"taxonomy":"post_tag","embeddable":true,"href":"https:\/\/fuentesfidedignas.com.mx\/index.php\/wp-json\/wp\/v2\/tags?post=21228"}],"curies":[{"name":"wp","href":"https:\/\/api.w.org\/{rel}","templated":true}]}}