{"id":21106,"date":"2022-01-06T06:11:35","date_gmt":"2022-01-06T13:11:35","guid":{"rendered":"https:\/\/fuentesfidedignas.com.mx\/?p=21106"},"modified":"2022-01-06T06:11:37","modified_gmt":"2022-01-06T13:11:37","slug":"perrito-heroe-salva-a-excursionista-caido-en-barranco-lo-calento-con-su-pelaje","status":"publish","type":"post","link":"https:\/\/fuentesfidedignas.com.mx\/index.php\/2022\/01\/06\/perrito-heroe-salva-a-excursionista-caido-en-barranco-lo-calento-con-su-pelaje\/","title":{"rendered":"Perrito h\u00e9roe salva a excursionista ca\u00eddo en barranco; lo calent\u00f3 con su pelaje"},"content":{"rendered":"\n<p><strong><em>El can se acost\u00f3 sobre el hombre para darle calor por m\u00e1s de 13 horas en lo que llegaron los socorristas<\/em><\/strong><\/p>\n\n\n\n<p>Ciudad de M\u00e9xico.- Un perro salv\u00f3 la vida de un excursionista que hab\u00eda ca\u00eddo en un barranco de una monta\u00f1a croata, acost\u00e1ndose sobre \u00e9l para calentarlo durante 13 horas hasta que llegaron los socorristas, informaron los medios de comunicaci\u00f3n croatas.<\/p>\n\n\n\n<p>Grga Brkic result\u00f3 herido el fin de semana pasado despu\u00e9s de caer 150 metros junto con el perro de su primo en la cadena de Velebit, cerca de la costa adri\u00e1tica.<\/p>\n\n\n\n<p>Los socorristas tuvieron dificultades para llegar al hombre y al animal debido a la nieve, el hielo y los \u00e1rboles arrancados por los desprendimientos de tierra.<\/p>\n\n\n\n<p>La amistad y el amor entre el hombre y el perro son ilimitados&#8221;, dijo el Servicio de Rescate de Monta\u00f1a de Croacia (HGSS) en Facebook. En la foto publicada por los param\u00e9dicos, se ve al perro acostado en una camilla sobre la v\u00edctima.<\/p>\n\n\n\n<p>Este perrito es un verdadero milagro, dulce, agradable&#8221;, dijo cont\u00f3 su due\u00f1o al diario Jutarnji List.<\/p>\n\n\n\n<p>Tres excursionistas acompa\u00f1ados de &#8220;North&#8221;, un malamute de Alaska de ocho meses, hab\u00edan iniciado su descenso sobre una pendiente helada en el momento del accidente, ocurrido cerca de la cumbre m\u00e1s alta del macizo que roza los 1.800 metros de altitud.<\/p>\n\n\n\n<p>North se enroll\u00f3 sobre (la v\u00edctima) y la calent\u00f3&#8221;, indic\u00f3 el HGSS. &#8220;De este ejemplo, todos podemos aprender a cuidar los unos de los otros&#8221;.<\/p>\n\n\n\n<p>Los malamute de Alaska son perros de abundante y espeso pelaje, famosos por su resistencia.<\/p>\n","protected":false},"excerpt":{"rendered":"<p>El can se acost\u00f3 sobre el hombre para darle calor por m\u00e1s de 13 horas en lo que llegaron los socorristas Ciudad de M\u00e9xico.- Un perro salv\u00f3 la vida de un excursionista que hab\u00eda ca\u00eddo en un barranco de una monta\u00f1a croata, acost\u00e1ndose sobre \u00e9l para calentarlo durante 13 horas hasta que llegaron los socorristas, [&hellip;]<\/p>\n","protected":false},"author":12,"featured_media":21107,"comment_status":"open","ping_status":"open","sticky":false,"template":"","format":"standard","meta":{"tdm_status":"","tdm_grid_status":"","footnotes":""},"categories":[40],"tags":[290,193],"class_list":{"0":"post-21106","1":"post","2":"type-post","3":"status-publish","4":"format-standard","5":"has-post-thumbnail","7":"category-las-asombrosas","8":"tag-asombrosa","9":"tag-viral"},"yoast_head":"<!-- This site is optimized with the Yoast SEO plugin v27.5 - https:\/\/yoast.com\/product\/yoast-seo-wordpress\/ -->\n<title>Perrito h\u00e9roe salva a excursionista ca\u00eddo en barranco; lo calent\u00f3 con su pelaje - Fuentes Fidedignas<\/title>\n<meta name=\"robots\" content=\"index, follow, max-snippet:-1, max-image-preview:large, max-video-preview:-1\" \/>\n<link rel=\"canonical\" href=\"https:\/\/fuentesfidedignas.com.mx\/index.php\/2022\/01\/06\/perrito-heroe-salva-a-excursionista-caido-en-barranco-lo-calento-con-su-pelaje\/\" \/>\n<meta property=\"og:locale\" content=\"es_MX\" \/>\n<meta property=\"og:type\" content=\"article\" \/>\n<meta property=\"og:title\" content=\"Perrito h\u00e9roe salva a excursionista ca\u00eddo en barranco; lo calent\u00f3 con su pelaje - Fuentes Fidedignas\" \/>\n<meta property=\"og:description\" content=\"El can se acost\u00f3 sobre el hombre para darle calor por m\u00e1s de 13 horas en lo que llegaron los socorristas Ciudad de M\u00e9xico.- Un perro salv\u00f3 la vida de un excursionista que hab\u00eda ca\u00eddo en un barranco de una monta\u00f1a croata, acost\u00e1ndose sobre \u00e9l para calentarlo durante 13 horas hasta que llegaron los socorristas, [&hellip;]\" \/>\n<meta property=\"og:url\" content=\"https:\/\/fuentesfidedignas.com.mx\/index.php\/2022\/01\/06\/perrito-heroe-salva-a-excursionista-caido-en-barranco-lo-calento-con-su-pelaje\/\" \/>\n<meta property=\"og:site_name\" content=\"Fuentes Fidedignas\" \/>\n<meta property=\"article:publisher\" content=\"https:\/\/www.facebook.com\/Fuentes-Fidedignas-368234489921644\" \/>\n<meta property=\"article:published_time\" content=\"2022-01-06T13:11:35+00:00\" \/>\n<meta property=\"article:modified_time\" content=\"2022-01-06T13:11:37+00:00\" \/>\n<meta property=\"og:image\" content=\"https:\/\/fuentesfidedignas.com.mx\/wp-content\/uploads\/2022\/01\/PERRO_PELO.jpg\" \/>\n\t<meta property=\"og:image:width\" content=\"800\" \/>\n\t<meta property=\"og:image:height\" content=\"600\" \/>\n\t<meta property=\"og:image:type\" content=\"image\/jpeg\" \/>\n<meta name=\"author\" content=\"AFP\" \/>\n<meta name=\"twitter:card\" content=\"summary_large_image\" \/>\n<meta name=\"twitter:creator\" content=\"@fidedignas\" \/>\n<meta name=\"twitter:site\" content=\"@fidedignas\" \/>\n<meta name=\"twitter:label1\" content=\"Escrito por\" \/>\n\t<meta name=\"twitter:data1\" content=\"AFP\" \/>\n\t<meta name=\"twitter:label2\" content=\"Tiempo de lectura\" \/>\n\t<meta name=\"twitter:data2\" content=\"2 minutos\" \/>\n<script type=\"application\/ld+json\" class=\"yoast-schema-graph\">{\"@context\":\"https:\\\/\\\/schema.org\",\"@graph\":[{\"@type\":\"Article\",\"@id\":\"https:\\\/\\\/fuentesfidedignas.com.mx\\\/index.php\\\/2022\\\/01\\\/06\\\/perrito-heroe-salva-a-excursionista-caido-en-barranco-lo-calento-con-su-pelaje\\\/#article\",\"isPartOf\":{\"@id\":\"https:\\\/\\\/fuentesfidedignas.com.mx\\\/index.php\\\/2022\\\/01\\\/06\\\/perrito-heroe-salva-a-excursionista-caido-en-barranco-lo-calento-con-su-pelaje\\\/\"},\"author\":{\"name\":\"AFP\",\"@id\":\"https:\\\/\\\/fuentesfidedignas.com.mx\\\/#\\\/schema\\\/person\\\/1827b38c6cf89e1d6cc7d78ca3fae732\"},\"headline\":\"Perrito h\u00e9roe salva a excursionista ca\u00eddo en barranco; lo calent\u00f3 con su pelaje\",\"datePublished\":\"2022-01-06T13:11:35+00:00\",\"dateModified\":\"2022-01-06T13:11:37+00:00\",\"mainEntityOfPage\":{\"@id\":\"https:\\\/\\\/fuentesfidedignas.com.mx\\\/index.php\\\/2022\\\/01\\\/06\\\/perrito-heroe-salva-a-excursionista-caido-en-barranco-lo-calento-con-su-pelaje\\\/\"},\"wordCount\":287,\"commentCount\":0,\"publisher\":{\"@id\":\"https:\\\/\\\/fuentesfidedignas.com.mx\\\/#organization\"},\"image\":{\"@id\":\"https:\\\/\\\/fuentesfidedignas.com.mx\\\/index.php\\\/2022\\\/01\\\/06\\\/perrito-heroe-salva-a-excursionista-caido-en-barranco-lo-calento-con-su-pelaje\\\/#primaryimage\"},\"thumbnailUrl\":\"https:\\\/\\\/fuentesfidedignas.com.mx\\\/wp-content\\\/uploads\\\/2022\\\/01\\\/PERRO_PELO.jpg\",\"keywords\":[\"Asombrosa\",\"Viral\"],\"articleSection\":[\"LAS ASOMBROSAS\"],\"inLanguage\":\"es\",\"potentialAction\":[{\"@type\":\"CommentAction\",\"name\":\"Comment\",\"target\":[\"https:\\\/\\\/fuentesfidedignas.com.mx\\\/index.php\\\/2022\\\/01\\\/06\\\/perrito-heroe-salva-a-excursionista-caido-en-barranco-lo-calento-con-su-pelaje\\\/#respond\"]}]},{\"@type\":\"WebPage\",\"@id\":\"https:\\\/\\\/fuentesfidedignas.com.mx\\\/index.php\\\/2022\\\/01\\\/06\\\/perrito-heroe-salva-a-excursionista-caido-en-barranco-lo-calento-con-su-pelaje\\\/\",\"url\":\"https:\\\/\\\/fuentesfidedignas.com.mx\\\/index.php\\\/2022\\\/01\\\/06\\\/perrito-heroe-salva-a-excursionista-caido-en-barranco-lo-calento-con-su-pelaje\\\/\",\"name\":\"Perrito h\u00e9roe salva a excursionista ca\u00eddo en barranco; lo calent\u00f3 con su pelaje - Fuentes Fidedignas\",\"isPartOf\":{\"@id\":\"https:\\\/\\\/fuentesfidedignas.com.mx\\\/#website\"},\"primaryImageOfPage\":{\"@id\":\"https:\\\/\\\/fuentesfidedignas.com.mx\\\/index.php\\\/2022\\\/01\\\/06\\\/perrito-heroe-salva-a-excursionista-caido-en-barranco-lo-calento-con-su-pelaje\\\/#primaryimage\"},\"image\":{\"@id\":\"https:\\\/\\\/fuentesfidedignas.com.mx\\\/index.php\\\/2022\\\/01\\\/06\\\/perrito-heroe-salva-a-excursionista-caido-en-barranco-lo-calento-con-su-pelaje\\\/#primaryimage\"},\"thumbnailUrl\":\"https:\\\/\\\/fuentesfidedignas.com.mx\\\/wp-content\\\/uploads\\\/2022\\\/01\\\/PERRO_PELO.jpg\",\"datePublished\":\"2022-01-06T13:11:35+00:00\",\"dateModified\":\"2022-01-06T13:11:37+00:00\",\"breadcrumb\":{\"@id\":\"https:\\\/\\\/fuentesfidedignas.com.mx\\\/index.php\\\/2022\\\/01\\\/06\\\/perrito-heroe-salva-a-excursionista-caido-en-barranco-lo-calento-con-su-pelaje\\\/#breadcrumb\"},\"inLanguage\":\"es\",\"potentialAction\":[{\"@type\":\"ReadAction\",\"target\":[\"https:\\\/\\\/fuentesfidedignas.com.mx\\\/index.php\\\/2022\\\/01\\\/06\\\/perrito-heroe-salva-a-excursionista-caido-en-barranco-lo-calento-con-su-pelaje\\\/\"]}]},{\"@type\":\"ImageObject\",\"inLanguage\":\"es\",\"@id\":\"https:\\\/\\\/fuentesfidedignas.com.mx\\\/index.php\\\/2022\\\/01\\\/06\\\/perrito-heroe-salva-a-excursionista-caido-en-barranco-lo-calento-con-su-pelaje\\\/#primaryimage\",\"url\":\"https:\\\/\\\/fuentesfidedignas.com.mx\\\/wp-content\\\/uploads\\\/2022\\\/01\\\/PERRO_PELO.jpg\",\"contentUrl\":\"https:\\\/\\\/fuentesfidedignas.com.mx\\\/wp-content\\\/uploads\\\/2022\\\/01\\\/PERRO_PELO.jpg\",\"width\":800,\"height\":600},{\"@type\":\"BreadcrumbList\",\"@id\":\"https:\\\/\\\/fuentesfidedignas.com.mx\\\/index.php\\\/2022\\\/01\\\/06\\\/perrito-heroe-salva-a-excursionista-caido-en-barranco-lo-calento-con-su-pelaje\\\/#breadcrumb\",\"itemListElement\":[{\"@type\":\"ListItem\",\"position\":1,\"name\":\"Inicio\",\"item\":\"https:\\\/\\\/fuentesfidedignas.com.mx\\\/\"},{\"@type\":\"ListItem\",\"position\":2,\"name\":\"Perrito h\u00e9roe salva a excursionista ca\u00eddo en barranco; lo calent\u00f3 con su pelaje\"}]},{\"@type\":\"WebSite\",\"@id\":\"https:\\\/\\\/fuentesfidedignas.com.mx\\\/#website\",\"url\":\"https:\\\/\\\/fuentesfidedignas.com.mx\\\/\",\"name\":\"Fuentes Fidedignas\",\"description\":\"Otro sitio realizado con WordPress\",\"publisher\":{\"@id\":\"https:\\\/\\\/fuentesfidedignas.com.mx\\\/#organization\"},\"potentialAction\":[{\"@type\":\"SearchAction\",\"target\":{\"@type\":\"EntryPoint\",\"urlTemplate\":\"https:\\\/\\\/fuentesfidedignas.com.mx\\\/?s={search_term_string}\"},\"query-input\":{\"@type\":\"PropertyValueSpecification\",\"valueRequired\":true,\"valueName\":\"search_term_string\"}}],\"inLanguage\":\"es\"},{\"@type\":\"Organization\",\"@id\":\"https:\\\/\\\/fuentesfidedignas.com.mx\\\/#organization\",\"name\":\"Fuentes Fidedignas\",\"url\":\"https:\\\/\\\/fuentesfidedignas.com.mx\\\/\",\"logo\":{\"@type\":\"ImageObject\",\"inLanguage\":\"es\",\"@id\":\"https:\\\/\\\/fuentesfidedignas.com.mx\\\/#\\\/schema\\\/logo\\\/image\\\/\",\"url\":\"https:\\\/\\\/fuentesfidedignas.com.mx\\\/wp-content\\\/uploads\\\/2021\\\/04\\\/logo-retina.png\",\"contentUrl\":\"https:\\\/\\\/fuentesfidedignas.com.mx\\\/wp-content\\\/uploads\\\/2021\\\/04\\\/logo-retina.png\",\"width\":280,\"height\":51,\"caption\":\"Fuentes Fidedignas\"},\"image\":{\"@id\":\"https:\\\/\\\/fuentesfidedignas.com.mx\\\/#\\\/schema\\\/logo\\\/image\\\/\"},\"sameAs\":[\"https:\\\/\\\/www.facebook.com\\\/Fuentes-Fidedignas-368234489921644\",\"https:\\\/\\\/x.com\\\/fidedignas\"]},{\"@type\":\"Person\",\"@id\":\"https:\\\/\\\/fuentesfidedignas.com.mx\\\/#\\\/schema\\\/person\\\/1827b38c6cf89e1d6cc7d78ca3fae732\",\"name\":\"AFP\",\"image\":{\"@type\":\"ImageObject\",\"inLanguage\":\"es\",\"@id\":\"https:\\\/\\\/secure.gravatar.com\\\/avatar\\\/236827d2ee9bf15e1ea99e0c1cd1b467cffa55e324d177638d0f8de7950cbae6?s=96&d=mm&r=g\",\"url\":\"https:\\\/\\\/secure.gravatar.com\\\/avatar\\\/236827d2ee9bf15e1ea99e0c1cd1b467cffa55e324d177638d0f8de7950cbae6?s=96&d=mm&r=g\",\"contentUrl\":\"https:\\\/\\\/secure.gravatar.com\\\/avatar\\\/236827d2ee9bf15e1ea99e0c1cd1b467cffa55e324d177638d0f8de7950cbae6?s=96&d=mm&r=g\",\"caption\":\"AFP\"},\"url\":\"https:\\\/\\\/fuentesfidedignas.com.mx\\\/index.php\\\/author\\\/afp\\\/\"}]}<\/script>\n<!-- \/ Yoast SEO plugin. -->","yoast_head_json":{"title":"Perrito h\u00e9roe salva a excursionista ca\u00eddo en barranco; lo calent\u00f3 con su pelaje - Fuentes Fidedignas","robots":{"index":"index","follow":"follow","max-snippet":"max-snippet:-1","max-image-preview":"max-image-preview:large","max-video-preview":"max-video-preview:-1"},"canonical":"https:\/\/fuentesfidedignas.com.mx\/index.php\/2022\/01\/06\/perrito-heroe-salva-a-excursionista-caido-en-barranco-lo-calento-con-su-pelaje\/","og_locale":"es_MX","og_type":"article","og_title":"Perrito h\u00e9roe salva a excursionista ca\u00eddo en barranco; lo calent\u00f3 con su pelaje - Fuentes Fidedignas","og_description":"El can se acost\u00f3 sobre el hombre para darle calor por m\u00e1s de 13 horas en lo que llegaron los socorristas Ciudad de M\u00e9xico.- Un perro salv\u00f3 la vida de un excursionista que hab\u00eda ca\u00eddo en un barranco de una monta\u00f1a croata, acost\u00e1ndose sobre \u00e9l para calentarlo durante 13 horas hasta que llegaron los socorristas, [&hellip;]","og_url":"https:\/\/fuentesfidedignas.com.mx\/index.php\/2022\/01\/06\/perrito-heroe-salva-a-excursionista-caido-en-barranco-lo-calento-con-su-pelaje\/","og_site_name":"Fuentes Fidedignas","article_publisher":"https:\/\/www.facebook.com\/Fuentes-Fidedignas-368234489921644","article_published_time":"2022-01-06T13:11:35+00:00","article_modified_time":"2022-01-06T13:11:37+00:00","og_image":[{"width":800,"height":600,"url":"https:\/\/fuentesfidedignas.com.mx\/wp-content\/uploads\/2022\/01\/PERRO_PELO.jpg","type":"image\/jpeg"}],"author":"AFP","twitter_card":"summary_large_image","twitter_creator":"@fidedignas","twitter_site":"@fidedignas","twitter_misc":{"Escrito por":"AFP","Tiempo de lectura":"2 minutos"},"schema":{"@context":"https:\/\/schema.org","@graph":[{"@type":"Article","@id":"https:\/\/fuentesfidedignas.com.mx\/index.php\/2022\/01\/06\/perrito-heroe-salva-a-excursionista-caido-en-barranco-lo-calento-con-su-pelaje\/#article","isPartOf":{"@id":"https:\/\/fuentesfidedignas.com.mx\/index.php\/2022\/01\/06\/perrito-heroe-salva-a-excursionista-caido-en-barranco-lo-calento-con-su-pelaje\/"},"author":{"name":"AFP","@id":"https:\/\/fuentesfidedignas.com.mx\/#\/schema\/person\/1827b38c6cf89e1d6cc7d78ca3fae732"},"headline":"Perrito h\u00e9roe salva a excursionista ca\u00eddo en barranco; lo calent\u00f3 con su pelaje","datePublished":"2022-01-06T13:11:35+00:00","dateModified":"2022-01-06T13:11:37+00:00","mainEntityOfPage":{"@id":"https:\/\/fuentesfidedignas.com.mx\/index.php\/2022\/01\/06\/perrito-heroe-salva-a-excursionista-caido-en-barranco-lo-calento-con-su-pelaje\/"},"wordCount":287,"commentCount":0,"publisher":{"@id":"https:\/\/fuentesfidedignas.com.mx\/#organization"},"image":{"@id":"https:\/\/fuentesfidedignas.com.mx\/index.php\/2022\/01\/06\/perrito-heroe-salva-a-excursionista-caido-en-barranco-lo-calento-con-su-pelaje\/#primaryimage"},"thumbnailUrl":"https:\/\/fuentesfidedignas.com.mx\/wp-content\/uploads\/2022\/01\/PERRO_PELO.jpg","keywords":["Asombrosa","Viral"],"articleSection":["LAS ASOMBROSAS"],"inLanguage":"es","potentialAction":[{"@type":"CommentAction","name":"Comment","target":["https:\/\/fuentesfidedignas.com.mx\/index.php\/2022\/01\/06\/perrito-heroe-salva-a-excursionista-caido-en-barranco-lo-calento-con-su-pelaje\/#respond"]}]},{"@type":"WebPage","@id":"https:\/\/fuentesfidedignas.com.mx\/index.php\/2022\/01\/06\/perrito-heroe-salva-a-excursionista-caido-en-barranco-lo-calento-con-su-pelaje\/","url":"https:\/\/fuentesfidedignas.com.mx\/index.php\/2022\/01\/06\/perrito-heroe-salva-a-excursionista-caido-en-barranco-lo-calento-con-su-pelaje\/","name":"Perrito h\u00e9roe salva a excursionista ca\u00eddo en barranco; lo calent\u00f3 con su pelaje - Fuentes Fidedignas","isPartOf":{"@id":"https:\/\/fuentesfidedignas.com.mx\/#website"},"primaryImageOfPage":{"@id":"https:\/\/fuentesfidedignas.com.mx\/index.php\/2022\/01\/06\/perrito-heroe-salva-a-excursionista-caido-en-barranco-lo-calento-con-su-pelaje\/#primaryimage"},"image":{"@id":"https:\/\/fuentesfidedignas.com.mx\/index.php\/2022\/01\/06\/perrito-heroe-salva-a-excursionista-caido-en-barranco-lo-calento-con-su-pelaje\/#primaryimage"},"thumbnailUrl":"https:\/\/fuentesfidedignas.com.mx\/wp-content\/uploads\/2022\/01\/PERRO_PELO.jpg","datePublished":"2022-01-06T13:11:35+00:00","dateModified":"2022-01-06T13:11:37+00:00","breadcrumb":{"@id":"https:\/\/fuentesfidedignas.com.mx\/index.php\/2022\/01\/06\/perrito-heroe-salva-a-excursionista-caido-en-barranco-lo-calento-con-su-pelaje\/#breadcrumb"},"inLanguage":"es","potentialAction":[{"@type":"ReadAction","target":["https:\/\/fuentesfidedignas.com.mx\/index.php\/2022\/01\/06\/perrito-heroe-salva-a-excursionista-caido-en-barranco-lo-calento-con-su-pelaje\/"]}]},{"@type":"ImageObject","inLanguage":"es","@id":"https:\/\/fuentesfidedignas.com.mx\/index.php\/2022\/01\/06\/perrito-heroe-salva-a-excursionista-caido-en-barranco-lo-calento-con-su-pelaje\/#primaryimage","url":"https:\/\/fuentesfidedignas.com.mx\/wp-content\/uploads\/2022\/01\/PERRO_PELO.jpg","contentUrl":"https:\/\/fuentesfidedignas.com.mx\/wp-content\/uploads\/2022\/01\/PERRO_PELO.jpg","width":800,"height":600},{"@type":"BreadcrumbList","@id":"https:\/\/fuentesfidedignas.com.mx\/index.php\/2022\/01\/06\/perrito-heroe-salva-a-excursionista-caido-en-barranco-lo-calento-con-su-pelaje\/#breadcrumb","itemListElement":[{"@type":"ListItem","position":1,"name":"Inicio","item":"https:\/\/fuentesfidedignas.com.mx\/"},{"@type":"ListItem","position":2,"name":"Perrito h\u00e9roe salva a excursionista ca\u00eddo en barranco; lo calent\u00f3 con su pelaje"}]},{"@type":"WebSite","@id":"https:\/\/fuentesfidedignas.com.mx\/#website","url":"https:\/\/fuentesfidedignas.com.mx\/","name":"Fuentes Fidedignas","description":"Otro sitio realizado con WordPress","publisher":{"@id":"https:\/\/fuentesfidedignas.com.mx\/#organization"},"potentialAction":[{"@type":"SearchAction","target":{"@type":"EntryPoint","urlTemplate":"https:\/\/fuentesfidedignas.com.mx\/?s={search_term_string}"},"query-input":{"@type":"PropertyValueSpecification","valueRequired":true,"valueName":"search_term_string"}}],"inLanguage":"es"},{"@type":"Organization","@id":"https:\/\/fuentesfidedignas.com.mx\/#organization","name":"Fuentes Fidedignas","url":"https:\/\/fuentesfidedignas.com.mx\/","logo":{"@type":"ImageObject","inLanguage":"es","@id":"https:\/\/fuentesfidedignas.com.mx\/#\/schema\/logo\/image\/","url":"https:\/\/fuentesfidedignas.com.mx\/wp-content\/uploads\/2021\/04\/logo-retina.png","contentUrl":"https:\/\/fuentesfidedignas.com.mx\/wp-content\/uploads\/2021\/04\/logo-retina.png","width":280,"height":51,"caption":"Fuentes Fidedignas"},"image":{"@id":"https:\/\/fuentesfidedignas.com.mx\/#\/schema\/logo\/image\/"},"sameAs":["https:\/\/www.facebook.com\/Fuentes-Fidedignas-368234489921644","https:\/\/x.com\/fidedignas"]},{"@type":"Person","@id":"https:\/\/fuentesfidedignas.com.mx\/#\/schema\/person\/1827b38c6cf89e1d6cc7d78ca3fae732","name":"AFP","image":{"@type":"ImageObject","inLanguage":"es","@id":"https:\/\/secure.gravatar.com\/avatar\/236827d2ee9bf15e1ea99e0c1cd1b467cffa55e324d177638d0f8de7950cbae6?s=96&d=mm&r=g","url":"https:\/\/secure.gravatar.com\/avatar\/236827d2ee9bf15e1ea99e0c1cd1b467cffa55e324d177638d0f8de7950cbae6?s=96&d=mm&r=g","contentUrl":"https:\/\/secure.gravatar.com\/avatar\/236827d2ee9bf15e1ea99e0c1cd1b467cffa55e324d177638d0f8de7950cbae6?s=96&d=mm&r=g","caption":"AFP"},"url":"https:\/\/fuentesfidedignas.com.mx\/index.php\/author\/afp\/"}]}},"_links":{"self":[{"href":"https:\/\/fuentesfidedignas.com.mx\/index.php\/wp-json\/wp\/v2\/posts\/21106","targetHints":{"allow":["GET"]}}],"collection":[{"href":"https:\/\/fuentesfidedignas.com.mx\/index.php\/wp-json\/wp\/v2\/posts"}],"about":[{"href":"https:\/\/fuentesfidedignas.com.mx\/index.php\/wp-json\/wp\/v2\/types\/post"}],"author":[{"embeddable":true,"href":"https:\/\/fuentesfidedignas.com.mx\/index.php\/wp-json\/wp\/v2\/users\/12"}],"replies":[{"embeddable":true,"href":"https:\/\/fuentesfidedignas.com.mx\/index.php\/wp-json\/wp\/v2\/comments?post=21106"}],"version-history":[{"count":1,"href":"https:\/\/fuentesfidedignas.com.mx\/index.php\/wp-json\/wp\/v2\/posts\/21106\/revisions"}],"predecessor-version":[{"id":21108,"href":"https:\/\/fuentesfidedignas.com.mx\/index.php\/wp-json\/wp\/v2\/posts\/21106\/revisions\/21108"}],"wp:featuredmedia":[{"embeddable":true,"href":"https:\/\/fuentesfidedignas.com.mx\/index.php\/wp-json\/wp\/v2\/media\/21107"}],"wp:attachment":[{"href":"https:\/\/fuentesfidedignas.com.mx\/index.php\/wp-json\/wp\/v2\/media?parent=21106"}],"wp:term":[{"taxonomy":"category","embeddable":true,"href":"https:\/\/fuentesfidedignas.com.mx\/index.php\/wp-json\/wp\/v2\/categories?post=21106"},{"taxonomy":"post_tag","embeddable":true,"href":"https:\/\/fuentesfidedignas.com.mx\/index.php\/wp-json\/wp\/v2\/tags?post=21106"}],"curies":[{"name":"wp","href":"https:\/\/api.w.org\/{rel}","templated":true}]}}