{"id":21071,"date":"2022-01-05T14:08:41","date_gmt":"2022-01-05T21:08:41","guid":{"rendered":"https:\/\/fuentesfidedignas.com.mx\/?p=21071"},"modified":"2022-01-05T14:09:57","modified_gmt":"2022-01-05T21:09:57","slug":"pan-critica-a-amlo-por-aumentos-en-los-precios-de-la-gasolina-y-la-tortilla","status":"publish","type":"post","link":"https:\/\/fuentesfidedignas.com.mx\/index.php\/2022\/01\/05\/pan-critica-a-amlo-por-aumentos-en-los-precios-de-la-gasolina-y-la-tortilla\/","title":{"rendered":"PAN critica a AMLO por aumentos en los precios de la gasolina y la tortilla"},"content":{"rendered":"\n<p><strong><em>El dirigente del PAN y su coordinador en el Senado criticaron al gobierno por el alza en los precios de la gasolina y de la tortilla <\/em><\/strong><\/p>\n\n\n\n<p>Ciudad de M\u00e9xico. La dirigencia del PAN y el coordinador de los senadores de este partido criticaron al gobierno de Andr\u00e9s Manuel L\u00f3pez Obrador por el aumento de precio de la gasolina y la tortilla. <\/p>\n\n\n\n<p>\u201cM\u00e9xico quiere salir adelante, pero las decisiones de este gobierno han aumentado los precios de muchos productos b\u00e1sicos. Cada d\u00eda les alcanza para menos a las familias\u201d, escribi\u00f3 en sus redes sociales el presidente del PAN, Marko Cort\u00e9s.<\/p>\n\n\n\n<p>Mientras, el coordinador del PAN en el Senado, Julen Rementer\u00eda, se\u00f1al\u00f3 que el presidente busca desviar la atenci\u00f3n de la situaci\u00f3n econ\u00f3mica que se vive en el pa\u00eds con temas como la revocaci\u00f3n de mandato o con presiones hacia la Universidad Nacional Aut\u00f3noma de M\u00e9xico (UNAM).<\/p>\n\n\n\n<figure class=\"wp-block-embed is-type-rich is-provider-twitter wp-block-embed-twitter\"><div class=\"wp-block-embed__wrapper\">\n<blockquote class=\"twitter-tweet\" data-width=\"550\" data-dnt=\"true\"><p lang=\"es\" dir=\"ltr\">M\u00e9xico quiere salir adelante pero las decisiones de este gobierno han aumentado los precios de muchos productos b\u00e1sicos. <br><br>Cada d\u00eda les alcanza para menos a la familias.<a href=\"https:\/\/twitter.com\/hashtag\/Qu%C3%A9MalPlan?src=hash&amp;ref_src=twsrc%5Etfw\">#Qu\u00e9MalPlan<\/a> <a href=\"https:\/\/t.co\/9d6BpQIten\">pic.twitter.com\/9d6BpQIten<\/a><\/p>&mdash; Marko Cort\u00e9s (@MarkoCortes) <a href=\"https:\/\/twitter.com\/MarkoCortes\/status\/1478752119251423233?ref_src=twsrc%5Etfw\">January 5, 2022<\/a><\/blockquote><script async src=\"https:\/\/platform.twitter.com\/widgets.js\" charset=\"utf-8\"><\/script>\n<\/div><\/figure>\n\n\n\n<p>\u201cEl presidente saca estos temas (en la ma\u00f1anera) para dejar de lado otros temas. Deja de lado la inflaci\u00f3n. Es un fen\u00f3meno grave, que est\u00e1 en los l\u00edmites de ser incontrolable y serio en materia econ\u00f3mica, que a\u00fan puede corregirse, pero de no ser as\u00ed da\u00f1ar\u00e1 a la gente m\u00e1s necesitada\u201d, se\u00f1al\u00f3 en conferencia.<\/p>\n\n\n\n<p>Rementer\u00eda enfatiz\u00f3 que el mandatario incumple con sus promesas de campa\u00f1a, como bajar el precio de la gasolina, y por eso prefiere hablar de \u201clas universidades, de la revocaci\u00f3n, de cajas chinas para no hablar de los pendientes que son un verdadero desastre\u201d.<\/p>\n","protected":false},"excerpt":{"rendered":"<p>El dirigente del PAN y su coordinador en el Senado criticaron al gobierno por el alza en los precios de la gasolina y de la tortilla Ciudad de M\u00e9xico. La dirigencia del PAN y el coordinador de los senadores de este partido criticaron al gobierno de Andr\u00e9s Manuel L\u00f3pez Obrador por el aumento de precio [&hellip;]<\/p>\n","protected":false},"author":5,"featured_media":21072,"comment_status":"open","ping_status":"open","sticky":false,"template":"","format":"standard","meta":{"tdm_status":"","tdm_grid_status":"","footnotes":""},"categories":[39],"tags":[],"class_list":{"0":"post-21071","1":"post","2":"type-post","3":"status-publish","4":"format-standard","5":"has-post-thumbnail","7":"category-noticias-nacionales"},"yoast_head":"<!-- This site is optimized with the Yoast SEO plugin v27.5 - https:\/\/yoast.com\/product\/yoast-seo-wordpress\/ -->\n<title>PAN critica a AMLO por aumentos en los precios de la gasolina y la tortilla - Fuentes Fidedignas<\/title>\n<meta name=\"robots\" content=\"index, follow, max-snippet:-1, max-image-preview:large, max-video-preview:-1\" \/>\n<link rel=\"canonical\" href=\"https:\/\/fuentesfidedignas.com.mx\/index.php\/2022\/01\/05\/pan-critica-a-amlo-por-aumentos-en-los-precios-de-la-gasolina-y-la-tortilla\/\" \/>\n<meta property=\"og:locale\" content=\"es_MX\" \/>\n<meta property=\"og:type\" content=\"article\" \/>\n<meta property=\"og:title\" content=\"PAN critica a AMLO por aumentos en los precios de la gasolina y la tortilla - Fuentes Fidedignas\" \/>\n<meta property=\"og:description\" content=\"El dirigente del PAN y su coordinador en el Senado criticaron al gobierno por el alza en los precios de la gasolina y de la tortilla Ciudad de M\u00e9xico. La dirigencia del PAN y el coordinador de los senadores de este partido criticaron al gobierno de Andr\u00e9s Manuel L\u00f3pez Obrador por el aumento de precio [&hellip;]\" \/>\n<meta property=\"og:url\" content=\"https:\/\/fuentesfidedignas.com.mx\/index.php\/2022\/01\/05\/pan-critica-a-amlo-por-aumentos-en-los-precios-de-la-gasolina-y-la-tortilla\/\" \/>\n<meta property=\"og:site_name\" content=\"Fuentes Fidedignas\" \/>\n<meta property=\"article:publisher\" content=\"https:\/\/www.facebook.com\/Fuentes-Fidedignas-368234489921644\" \/>\n<meta property=\"article:published_time\" content=\"2022-01-05T21:08:41+00:00\" \/>\n<meta property=\"article:modified_time\" content=\"2022-01-05T21:09:57+00:00\" \/>\n<meta property=\"og:image\" content=\"https:\/\/fuentesfidedignas.com.mx\/wp-content\/uploads\/2022\/01\/Tortilla-2-e1618855352453-1024x576-1.jpg\" \/>\n\t<meta property=\"og:image:width\" content=\"1024\" \/>\n\t<meta property=\"og:image:height\" content=\"576\" \/>\n\t<meta property=\"og:image:type\" content=\"image\/jpeg\" \/>\n<meta name=\"author\" content=\"Forbes\" \/>\n<meta name=\"twitter:card\" content=\"summary_large_image\" \/>\n<meta name=\"twitter:creator\" content=\"@fidedignas\" \/>\n<meta name=\"twitter:site\" content=\"@fidedignas\" \/>\n<meta name=\"twitter:label1\" content=\"Escrito por\" \/>\n\t<meta name=\"twitter:data1\" content=\"Forbes\" \/>\n\t<meta name=\"twitter:label2\" content=\"Tiempo de lectura\" \/>\n\t<meta name=\"twitter:data2\" content=\"2 minutos\" \/>\n<script type=\"application\/ld+json\" class=\"yoast-schema-graph\">{\"@context\":\"https:\\\/\\\/schema.org\",\"@graph\":[{\"@type\":\"Article\",\"@id\":\"https:\\\/\\\/fuentesfidedignas.com.mx\\\/index.php\\\/2022\\\/01\\\/05\\\/pan-critica-a-amlo-por-aumentos-en-los-precios-de-la-gasolina-y-la-tortilla\\\/#article\",\"isPartOf\":{\"@id\":\"https:\\\/\\\/fuentesfidedignas.com.mx\\\/index.php\\\/2022\\\/01\\\/05\\\/pan-critica-a-amlo-por-aumentos-en-los-precios-de-la-gasolina-y-la-tortilla\\\/\"},\"author\":{\"name\":\"Forbes\",\"@id\":\"https:\\\/\\\/fuentesfidedignas.com.mx\\\/#\\\/schema\\\/person\\\/5623d53fe2e579d825b1679734abcc44\"},\"headline\":\"PAN critica a AMLO por aumentos en los precios de la gasolina y la tortilla\",\"datePublished\":\"2022-01-05T21:08:41+00:00\",\"dateModified\":\"2022-01-05T21:09:57+00:00\",\"mainEntityOfPage\":{\"@id\":\"https:\\\/\\\/fuentesfidedignas.com.mx\\\/index.php\\\/2022\\\/01\\\/05\\\/pan-critica-a-amlo-por-aumentos-en-los-precios-de-la-gasolina-y-la-tortilla\\\/\"},\"wordCount\":315,\"commentCount\":0,\"publisher\":{\"@id\":\"https:\\\/\\\/fuentesfidedignas.com.mx\\\/#organization\"},\"image\":{\"@id\":\"https:\\\/\\\/fuentesfidedignas.com.mx\\\/index.php\\\/2022\\\/01\\\/05\\\/pan-critica-a-amlo-por-aumentos-en-los-precios-de-la-gasolina-y-la-tortilla\\\/#primaryimage\"},\"thumbnailUrl\":\"https:\\\/\\\/fuentesfidedignas.com.mx\\\/wp-content\\\/uploads\\\/2022\\\/01\\\/Tortilla-2-e1618855352453-1024x576-1.jpg\",\"articleSection\":[\"NOTICIAS NACIONALES\"],\"inLanguage\":\"es\",\"potentialAction\":[{\"@type\":\"CommentAction\",\"name\":\"Comment\",\"target\":[\"https:\\\/\\\/fuentesfidedignas.com.mx\\\/index.php\\\/2022\\\/01\\\/05\\\/pan-critica-a-amlo-por-aumentos-en-los-precios-de-la-gasolina-y-la-tortilla\\\/#respond\"]}]},{\"@type\":\"WebPage\",\"@id\":\"https:\\\/\\\/fuentesfidedignas.com.mx\\\/index.php\\\/2022\\\/01\\\/05\\\/pan-critica-a-amlo-por-aumentos-en-los-precios-de-la-gasolina-y-la-tortilla\\\/\",\"url\":\"https:\\\/\\\/fuentesfidedignas.com.mx\\\/index.php\\\/2022\\\/01\\\/05\\\/pan-critica-a-amlo-por-aumentos-en-los-precios-de-la-gasolina-y-la-tortilla\\\/\",\"name\":\"PAN critica a AMLO por aumentos en los precios de la gasolina y la tortilla - Fuentes Fidedignas\",\"isPartOf\":{\"@id\":\"https:\\\/\\\/fuentesfidedignas.com.mx\\\/#website\"},\"primaryImageOfPage\":{\"@id\":\"https:\\\/\\\/fuentesfidedignas.com.mx\\\/index.php\\\/2022\\\/01\\\/05\\\/pan-critica-a-amlo-por-aumentos-en-los-precios-de-la-gasolina-y-la-tortilla\\\/#primaryimage\"},\"image\":{\"@id\":\"https:\\\/\\\/fuentesfidedignas.com.mx\\\/index.php\\\/2022\\\/01\\\/05\\\/pan-critica-a-amlo-por-aumentos-en-los-precios-de-la-gasolina-y-la-tortilla\\\/#primaryimage\"},\"thumbnailUrl\":\"https:\\\/\\\/fuentesfidedignas.com.mx\\\/wp-content\\\/uploads\\\/2022\\\/01\\\/Tortilla-2-e1618855352453-1024x576-1.jpg\",\"datePublished\":\"2022-01-05T21:08:41+00:00\",\"dateModified\":\"2022-01-05T21:09:57+00:00\",\"breadcrumb\":{\"@id\":\"https:\\\/\\\/fuentesfidedignas.com.mx\\\/index.php\\\/2022\\\/01\\\/05\\\/pan-critica-a-amlo-por-aumentos-en-los-precios-de-la-gasolina-y-la-tortilla\\\/#breadcrumb\"},\"inLanguage\":\"es\",\"potentialAction\":[{\"@type\":\"ReadAction\",\"target\":[\"https:\\\/\\\/fuentesfidedignas.com.mx\\\/index.php\\\/2022\\\/01\\\/05\\\/pan-critica-a-amlo-por-aumentos-en-los-precios-de-la-gasolina-y-la-tortilla\\\/\"]}]},{\"@type\":\"ImageObject\",\"inLanguage\":\"es\",\"@id\":\"https:\\\/\\\/fuentesfidedignas.com.mx\\\/index.php\\\/2022\\\/01\\\/05\\\/pan-critica-a-amlo-por-aumentos-en-los-precios-de-la-gasolina-y-la-tortilla\\\/#primaryimage\",\"url\":\"https:\\\/\\\/fuentesfidedignas.com.mx\\\/wp-content\\\/uploads\\\/2022\\\/01\\\/Tortilla-2-e1618855352453-1024x576-1.jpg\",\"contentUrl\":\"https:\\\/\\\/fuentesfidedignas.com.mx\\\/wp-content\\\/uploads\\\/2022\\\/01\\\/Tortilla-2-e1618855352453-1024x576-1.jpg\",\"width\":1024,\"height\":576},{\"@type\":\"BreadcrumbList\",\"@id\":\"https:\\\/\\\/fuentesfidedignas.com.mx\\\/index.php\\\/2022\\\/01\\\/05\\\/pan-critica-a-amlo-por-aumentos-en-los-precios-de-la-gasolina-y-la-tortilla\\\/#breadcrumb\",\"itemListElement\":[{\"@type\":\"ListItem\",\"position\":1,\"name\":\"Inicio\",\"item\":\"https:\\\/\\\/fuentesfidedignas.com.mx\\\/\"},{\"@type\":\"ListItem\",\"position\":2,\"name\":\"PAN critica a AMLO por aumentos en los precios de la gasolina y la tortilla\"}]},{\"@type\":\"WebSite\",\"@id\":\"https:\\\/\\\/fuentesfidedignas.com.mx\\\/#website\",\"url\":\"https:\\\/\\\/fuentesfidedignas.com.mx\\\/\",\"name\":\"Fuentes Fidedignas\",\"description\":\"Otro sitio realizado con WordPress\",\"publisher\":{\"@id\":\"https:\\\/\\\/fuentesfidedignas.com.mx\\\/#organization\"},\"potentialAction\":[{\"@type\":\"SearchAction\",\"target\":{\"@type\":\"EntryPoint\",\"urlTemplate\":\"https:\\\/\\\/fuentesfidedignas.com.mx\\\/?s={search_term_string}\"},\"query-input\":{\"@type\":\"PropertyValueSpecification\",\"valueRequired\":true,\"valueName\":\"search_term_string\"}}],\"inLanguage\":\"es\"},{\"@type\":\"Organization\",\"@id\":\"https:\\\/\\\/fuentesfidedignas.com.mx\\\/#organization\",\"name\":\"Fuentes Fidedignas\",\"url\":\"https:\\\/\\\/fuentesfidedignas.com.mx\\\/\",\"logo\":{\"@type\":\"ImageObject\",\"inLanguage\":\"es\",\"@id\":\"https:\\\/\\\/fuentesfidedignas.com.mx\\\/#\\\/schema\\\/logo\\\/image\\\/\",\"url\":\"https:\\\/\\\/fuentesfidedignas.com.mx\\\/wp-content\\\/uploads\\\/2021\\\/04\\\/logo-retina.png\",\"contentUrl\":\"https:\\\/\\\/fuentesfidedignas.com.mx\\\/wp-content\\\/uploads\\\/2021\\\/04\\\/logo-retina.png\",\"width\":280,\"height\":51,\"caption\":\"Fuentes Fidedignas\"},\"image\":{\"@id\":\"https:\\\/\\\/fuentesfidedignas.com.mx\\\/#\\\/schema\\\/logo\\\/image\\\/\"},\"sameAs\":[\"https:\\\/\\\/www.facebook.com\\\/Fuentes-Fidedignas-368234489921644\",\"https:\\\/\\\/x.com\\\/fidedignas\"]},{\"@type\":\"Person\",\"@id\":\"https:\\\/\\\/fuentesfidedignas.com.mx\\\/#\\\/schema\\\/person\\\/5623d53fe2e579d825b1679734abcc44\",\"name\":\"Forbes\",\"image\":{\"@type\":\"ImageObject\",\"inLanguage\":\"es\",\"@id\":\"https:\\\/\\\/secure.gravatar.com\\\/avatar\\\/87ce3dd4e41e60c22a79c758614f01a6bc2469255fc936ec7b15efb9bb5cb66f?s=96&d=mm&r=g\",\"url\":\"https:\\\/\\\/secure.gravatar.com\\\/avatar\\\/87ce3dd4e41e60c22a79c758614f01a6bc2469255fc936ec7b15efb9bb5cb66f?s=96&d=mm&r=g\",\"contentUrl\":\"https:\\\/\\\/secure.gravatar.com\\\/avatar\\\/87ce3dd4e41e60c22a79c758614f01a6bc2469255fc936ec7b15efb9bb5cb66f?s=96&d=mm&r=g\",\"caption\":\"Forbes\"},\"url\":\"https:\\\/\\\/fuentesfidedignas.com.mx\\\/index.php\\\/author\\\/forbes\\\/\"}]}<\/script>\n<!-- \/ Yoast SEO plugin. -->","yoast_head_json":{"title":"PAN critica a AMLO por aumentos en los precios de la gasolina y la tortilla - Fuentes Fidedignas","robots":{"index":"index","follow":"follow","max-snippet":"max-snippet:-1","max-image-preview":"max-image-preview:large","max-video-preview":"max-video-preview:-1"},"canonical":"https:\/\/fuentesfidedignas.com.mx\/index.php\/2022\/01\/05\/pan-critica-a-amlo-por-aumentos-en-los-precios-de-la-gasolina-y-la-tortilla\/","og_locale":"es_MX","og_type":"article","og_title":"PAN critica a AMLO por aumentos en los precios de la gasolina y la tortilla - Fuentes Fidedignas","og_description":"El dirigente del PAN y su coordinador en el Senado criticaron al gobierno por el alza en los precios de la gasolina y de la tortilla Ciudad de M\u00e9xico. La dirigencia del PAN y el coordinador de los senadores de este partido criticaron al gobierno de Andr\u00e9s Manuel L\u00f3pez Obrador por el aumento de precio [&hellip;]","og_url":"https:\/\/fuentesfidedignas.com.mx\/index.php\/2022\/01\/05\/pan-critica-a-amlo-por-aumentos-en-los-precios-de-la-gasolina-y-la-tortilla\/","og_site_name":"Fuentes Fidedignas","article_publisher":"https:\/\/www.facebook.com\/Fuentes-Fidedignas-368234489921644","article_published_time":"2022-01-05T21:08:41+00:00","article_modified_time":"2022-01-05T21:09:57+00:00","og_image":[{"width":1024,"height":576,"url":"https:\/\/fuentesfidedignas.com.mx\/wp-content\/uploads\/2022\/01\/Tortilla-2-e1618855352453-1024x576-1.jpg","type":"image\/jpeg"}],"author":"Forbes","twitter_card":"summary_large_image","twitter_creator":"@fidedignas","twitter_site":"@fidedignas","twitter_misc":{"Escrito por":"Forbes","Tiempo de lectura":"2 minutos"},"schema":{"@context":"https:\/\/schema.org","@graph":[{"@type":"Article","@id":"https:\/\/fuentesfidedignas.com.mx\/index.php\/2022\/01\/05\/pan-critica-a-amlo-por-aumentos-en-los-precios-de-la-gasolina-y-la-tortilla\/#article","isPartOf":{"@id":"https:\/\/fuentesfidedignas.com.mx\/index.php\/2022\/01\/05\/pan-critica-a-amlo-por-aumentos-en-los-precios-de-la-gasolina-y-la-tortilla\/"},"author":{"name":"Forbes","@id":"https:\/\/fuentesfidedignas.com.mx\/#\/schema\/person\/5623d53fe2e579d825b1679734abcc44"},"headline":"PAN critica a AMLO por aumentos en los precios de la gasolina y la tortilla","datePublished":"2022-01-05T21:08:41+00:00","dateModified":"2022-01-05T21:09:57+00:00","mainEntityOfPage":{"@id":"https:\/\/fuentesfidedignas.com.mx\/index.php\/2022\/01\/05\/pan-critica-a-amlo-por-aumentos-en-los-precios-de-la-gasolina-y-la-tortilla\/"},"wordCount":315,"commentCount":0,"publisher":{"@id":"https:\/\/fuentesfidedignas.com.mx\/#organization"},"image":{"@id":"https:\/\/fuentesfidedignas.com.mx\/index.php\/2022\/01\/05\/pan-critica-a-amlo-por-aumentos-en-los-precios-de-la-gasolina-y-la-tortilla\/#primaryimage"},"thumbnailUrl":"https:\/\/fuentesfidedignas.com.mx\/wp-content\/uploads\/2022\/01\/Tortilla-2-e1618855352453-1024x576-1.jpg","articleSection":["NOTICIAS NACIONALES"],"inLanguage":"es","potentialAction":[{"@type":"CommentAction","name":"Comment","target":["https:\/\/fuentesfidedignas.com.mx\/index.php\/2022\/01\/05\/pan-critica-a-amlo-por-aumentos-en-los-precios-de-la-gasolina-y-la-tortilla\/#respond"]}]},{"@type":"WebPage","@id":"https:\/\/fuentesfidedignas.com.mx\/index.php\/2022\/01\/05\/pan-critica-a-amlo-por-aumentos-en-los-precios-de-la-gasolina-y-la-tortilla\/","url":"https:\/\/fuentesfidedignas.com.mx\/index.php\/2022\/01\/05\/pan-critica-a-amlo-por-aumentos-en-los-precios-de-la-gasolina-y-la-tortilla\/","name":"PAN critica a AMLO por aumentos en los precios de la gasolina y la tortilla - Fuentes Fidedignas","isPartOf":{"@id":"https:\/\/fuentesfidedignas.com.mx\/#website"},"primaryImageOfPage":{"@id":"https:\/\/fuentesfidedignas.com.mx\/index.php\/2022\/01\/05\/pan-critica-a-amlo-por-aumentos-en-los-precios-de-la-gasolina-y-la-tortilla\/#primaryimage"},"image":{"@id":"https:\/\/fuentesfidedignas.com.mx\/index.php\/2022\/01\/05\/pan-critica-a-amlo-por-aumentos-en-los-precios-de-la-gasolina-y-la-tortilla\/#primaryimage"},"thumbnailUrl":"https:\/\/fuentesfidedignas.com.mx\/wp-content\/uploads\/2022\/01\/Tortilla-2-e1618855352453-1024x576-1.jpg","datePublished":"2022-01-05T21:08:41+00:00","dateModified":"2022-01-05T21:09:57+00:00","breadcrumb":{"@id":"https:\/\/fuentesfidedignas.com.mx\/index.php\/2022\/01\/05\/pan-critica-a-amlo-por-aumentos-en-los-precios-de-la-gasolina-y-la-tortilla\/#breadcrumb"},"inLanguage":"es","potentialAction":[{"@type":"ReadAction","target":["https:\/\/fuentesfidedignas.com.mx\/index.php\/2022\/01\/05\/pan-critica-a-amlo-por-aumentos-en-los-precios-de-la-gasolina-y-la-tortilla\/"]}]},{"@type":"ImageObject","inLanguage":"es","@id":"https:\/\/fuentesfidedignas.com.mx\/index.php\/2022\/01\/05\/pan-critica-a-amlo-por-aumentos-en-los-precios-de-la-gasolina-y-la-tortilla\/#primaryimage","url":"https:\/\/fuentesfidedignas.com.mx\/wp-content\/uploads\/2022\/01\/Tortilla-2-e1618855352453-1024x576-1.jpg","contentUrl":"https:\/\/fuentesfidedignas.com.mx\/wp-content\/uploads\/2022\/01\/Tortilla-2-e1618855352453-1024x576-1.jpg","width":1024,"height":576},{"@type":"BreadcrumbList","@id":"https:\/\/fuentesfidedignas.com.mx\/index.php\/2022\/01\/05\/pan-critica-a-amlo-por-aumentos-en-los-precios-de-la-gasolina-y-la-tortilla\/#breadcrumb","itemListElement":[{"@type":"ListItem","position":1,"name":"Inicio","item":"https:\/\/fuentesfidedignas.com.mx\/"},{"@type":"ListItem","position":2,"name":"PAN critica a AMLO por aumentos en los precios de la gasolina y la tortilla"}]},{"@type":"WebSite","@id":"https:\/\/fuentesfidedignas.com.mx\/#website","url":"https:\/\/fuentesfidedignas.com.mx\/","name":"Fuentes Fidedignas","description":"Otro sitio realizado con WordPress","publisher":{"@id":"https:\/\/fuentesfidedignas.com.mx\/#organization"},"potentialAction":[{"@type":"SearchAction","target":{"@type":"EntryPoint","urlTemplate":"https:\/\/fuentesfidedignas.com.mx\/?s={search_term_string}"},"query-input":{"@type":"PropertyValueSpecification","valueRequired":true,"valueName":"search_term_string"}}],"inLanguage":"es"},{"@type":"Organization","@id":"https:\/\/fuentesfidedignas.com.mx\/#organization","name":"Fuentes Fidedignas","url":"https:\/\/fuentesfidedignas.com.mx\/","logo":{"@type":"ImageObject","inLanguage":"es","@id":"https:\/\/fuentesfidedignas.com.mx\/#\/schema\/logo\/image\/","url":"https:\/\/fuentesfidedignas.com.mx\/wp-content\/uploads\/2021\/04\/logo-retina.png","contentUrl":"https:\/\/fuentesfidedignas.com.mx\/wp-content\/uploads\/2021\/04\/logo-retina.png","width":280,"height":51,"caption":"Fuentes Fidedignas"},"image":{"@id":"https:\/\/fuentesfidedignas.com.mx\/#\/schema\/logo\/image\/"},"sameAs":["https:\/\/www.facebook.com\/Fuentes-Fidedignas-368234489921644","https:\/\/x.com\/fidedignas"]},{"@type":"Person","@id":"https:\/\/fuentesfidedignas.com.mx\/#\/schema\/person\/5623d53fe2e579d825b1679734abcc44","name":"Forbes","image":{"@type":"ImageObject","inLanguage":"es","@id":"https:\/\/secure.gravatar.com\/avatar\/87ce3dd4e41e60c22a79c758614f01a6bc2469255fc936ec7b15efb9bb5cb66f?s=96&d=mm&r=g","url":"https:\/\/secure.gravatar.com\/avatar\/87ce3dd4e41e60c22a79c758614f01a6bc2469255fc936ec7b15efb9bb5cb66f?s=96&d=mm&r=g","contentUrl":"https:\/\/secure.gravatar.com\/avatar\/87ce3dd4e41e60c22a79c758614f01a6bc2469255fc936ec7b15efb9bb5cb66f?s=96&d=mm&r=g","caption":"Forbes"},"url":"https:\/\/fuentesfidedignas.com.mx\/index.php\/author\/forbes\/"}]}},"_links":{"self":[{"href":"https:\/\/fuentesfidedignas.com.mx\/index.php\/wp-json\/wp\/v2\/posts\/21071","targetHints":{"allow":["GET"]}}],"collection":[{"href":"https:\/\/fuentesfidedignas.com.mx\/index.php\/wp-json\/wp\/v2\/posts"}],"about":[{"href":"https:\/\/fuentesfidedignas.com.mx\/index.php\/wp-json\/wp\/v2\/types\/post"}],"author":[{"embeddable":true,"href":"https:\/\/fuentesfidedignas.com.mx\/index.php\/wp-json\/wp\/v2\/users\/5"}],"replies":[{"embeddable":true,"href":"https:\/\/fuentesfidedignas.com.mx\/index.php\/wp-json\/wp\/v2\/comments?post=21071"}],"version-history":[{"count":1,"href":"https:\/\/fuentesfidedignas.com.mx\/index.php\/wp-json\/wp\/v2\/posts\/21071\/revisions"}],"predecessor-version":[{"id":21073,"href":"https:\/\/fuentesfidedignas.com.mx\/index.php\/wp-json\/wp\/v2\/posts\/21071\/revisions\/21073"}],"wp:featuredmedia":[{"embeddable":true,"href":"https:\/\/fuentesfidedignas.com.mx\/index.php\/wp-json\/wp\/v2\/media\/21072"}],"wp:attachment":[{"href":"https:\/\/fuentesfidedignas.com.mx\/index.php\/wp-json\/wp\/v2\/media?parent=21071"}],"wp:term":[{"taxonomy":"category","embeddable":true,"href":"https:\/\/fuentesfidedignas.com.mx\/index.php\/wp-json\/wp\/v2\/categories?post=21071"},{"taxonomy":"post_tag","embeddable":true,"href":"https:\/\/fuentesfidedignas.com.mx\/index.php\/wp-json\/wp\/v2\/tags?post=21071"}],"curies":[{"name":"wp","href":"https:\/\/api.w.org\/{rel}","templated":true}]}}