{"id":21060,"date":"2022-01-05T13:04:52","date_gmt":"2022-01-05T20:04:52","guid":{"rendered":"https:\/\/fuentesfidedignas.com.mx\/?p=21060"},"modified":"2022-01-05T16:35:22","modified_gmt":"2022-01-05T23:35:22","slug":"convertir-a-ahome-en-un-mejor-lugar-para-vivir-es-el-compromiso-vargas","status":"publish","type":"post","link":"https:\/\/fuentesfidedignas.com.mx\/index.php\/2022\/01\/05\/convertir-a-ahome-en-un-mejor-lugar-para-vivir-es-el-compromiso-vargas\/","title":{"rendered":"Convertir a Ahome en un mejor lugar para vivir es el compromiso: Vargas"},"content":{"rendered":"\n<p><strong><em>Se entreg\u00f3 reconocimientos a ciudadanos que se distinguen por su trabajo en pro de la comunidad.<\/em><\/strong><\/p>\n\n\n\n<p>Villa de Ahome, Ahome, Sin.- En el marco de la sesi\u00f3n Solemne de Cabildo para conmemorar el 105 Aniversario de la Fundaci\u00f3n de H. Ayuntamiento de Ahome y Traslado de Poderes a esta sindicatura, Gerardo Vargas Landeros, presidente municipal reiter\u00f3 el compromiso de su Gesti\u00f3n de Gobierno 2021-2024 de intensificar los esfuerzos para mejorar la calidad de vida de los ahomenses, transformar y consolidar el bienestar de la 4T en el municipio.<\/p>\n\n\n\n<p>\u201cEstamos trabajando para mejorar la calidad de vida de todos, transformar el Municipio en un mejor lugar para vivir, para trabajar, para estudiar y para visitar, como es caracter\u00edstico de las pol\u00edticas p\u00fablicas de la cuarta transformaci\u00f3n\u201d.<br>Con Sesi\u00f3n Solemne de Cabildo y Traslado de poderes municipales a la hist\u00f3rica Villa y Pueblo Se\u00f1orial de Ahome, se conmemor\u00f3 el 105 aniversario de la instalaci\u00f3n del primer Ayuntamiento del Municipio de Ahome, en la emblem\u00e1tica casa Azul, museo de esa comunidad.<\/p>\n\n\n\n<p>Como parte del programa de Sesi\u00f3n Solemne de Cabildo, el Gobierno Municipal entreg\u00f3 reconocimientos a 4 ciudadanos que se distinguen por su trabajo en pro de la comunidad, siendo estos: Francisco Armenta Valenzuela, por su labor en sector pesquero; Mar\u00eda de Jes\u00fas Cruz Gaxiola por ser una mujer l\u00edder en su trabajo comunitario; Guadalupe de Jes\u00fas Luna Carre\u00f3n, por su desempe\u00f1o en favor del fomento deportivo; Mirtha Isabel L\u00f3pez \u00c1vila, ciclista campeona nacional y medallista panamericana; y Guadalupe Valenzuela Castillo por el rescate de archivos hist\u00f3ricos del Municipio de Ahome y el Estado de Sinaloa.<\/p>\n\n\n\n<p>El discurso oficial con la rese\u00f1a hist\u00f3rica de la comunidad, estuvo a cargo de la regidora arque\u00f3loga Mar\u00eda de los \u00c1ngeles Heredia Zavala, qui\u00e9n hizo una remembranza de la fundaci\u00f3n de la Villa de Ahome desde antes de la llegada de los espa\u00f1oles hasta la actualidad, y sobre la fundaci\u00f3n del primer Ayuntamiento de Ahome en la Casa Azul, y resalt\u00f3 que Ahome se caracteriza por ser un lugar de gente buena y trabajadora, y que as\u00ed lo escribieron los primeros colonizadores al llegar a esta localidad.<\/p>\n\n\n\n<p>Por su parte, el S\u00edndico de Ahome, Jes\u00fas Ru\u00edz, agradeci\u00f3 al Alcalde Gerardo Vargas Landeros el apoyo que han recibido en esa sindicatura y comunidades durante los primeros dos meses del actual Gobierno de Ahome 2021-2024.<\/p>\n\n\n\n<p>Antes del acto de la celebraci\u00f3n del 105 aniversario de la Fundaci\u00f3n del H. Ayuntamiento de Ahome y Traslado de Poderes a esta sindicatura, el presidente municipal de Ahome, reiter\u00f3 su compromiso con la ciudadan\u00eda durante un encuentro que sostuvo con comisarios, comisariados ejidales y s\u00edndicos municipales, en donde precis\u00f3 que en su administraci\u00f3n se est\u00e1 acatando el mandato del pueblo.<\/p>\n\n\n\n<p>Agreg\u00f3 que ya se llev\u00f3 a cabo la primera reuni\u00f3n del a\u00f1o del Consejo Municipal de Bienestar, donde destac\u00f3 que muchas de las necesidades expresadas por los comisarios y comisariados coinciden con el programa que se trae.<\/p>\n\n\n\n<p>\u201cYa tenemos un peque\u00f1o presupuesto, de una secretar\u00eda nada m\u00e1s, pero no est\u00e1 el presupuesto del deporte, faltan las diversas dependencias, estamos avanzando, poco a poquito, no nos pierdan la fe, no nos pierdan la esperanza\u201d, manifest\u00f3 el alcalde de Ahome.<\/p>\n\n\n\n<p>Por \u00faltimo, expres\u00f3 que est\u00e1 agradecido por el apoyo que tiene por parte de la ciudadan\u00eda y la confianza que le han dado al nuevo gobierno, explicando que se requiere el apoyo del Gobernador de Sinaloa, el doctor Rub\u00e9n Rocha Moya, quien, dijo, ha sido muy solidario con el municipio de Ahome.<\/p>\n","protected":false},"excerpt":{"rendered":"<p>Se entreg\u00f3 reconocimientos a ciudadanos que se distinguen por su trabajo en pro de la comunidad. Villa de Ahome, Ahome, Sin.- En el marco de la sesi\u00f3n Solemne de Cabildo para conmemorar el 105 Aniversario de la Fundaci\u00f3n de H. Ayuntamiento de Ahome y Traslado de Poderes a esta sindicatura, Gerardo Vargas Landeros, presidente municipal [&hellip;]<\/p>\n","protected":false},"author":4,"featured_media":21062,"comment_status":"open","ping_status":"open","sticky":false,"template":"","format":"standard","meta":{"tdm_status":"","tdm_grid_status":"","footnotes":""},"categories":[38],"tags":[278,1715,1654],"class_list":{"0":"post-21060","1":"post","2":"type-post","3":"status-publish","4":"format-standard","5":"has-post-thumbnail","7":"category-noticias-locales","8":"tag-ahome","9":"tag-ayuntamiento-de-ahome","10":"tag-gerardo-vargas-landeros"},"yoast_head":"<!-- This site is optimized with the Yoast SEO plugin v27.5 - https:\/\/yoast.com\/product\/yoast-seo-wordpress\/ -->\n<title>Convertir a Ahome en un mejor lugar para vivir es el compromiso: Vargas - Fuentes Fidedignas<\/title>\n<meta name=\"robots\" content=\"index, follow, max-snippet:-1, max-image-preview:large, max-video-preview:-1\" \/>\n<link rel=\"canonical\" href=\"https:\/\/fuentesfidedignas.com.mx\/index.php\/2022\/01\/05\/convertir-a-ahome-en-un-mejor-lugar-para-vivir-es-el-compromiso-vargas\/\" \/>\n<meta property=\"og:locale\" content=\"es_MX\" \/>\n<meta property=\"og:type\" content=\"article\" \/>\n<meta property=\"og:title\" content=\"Convertir a Ahome en un mejor lugar para vivir es el compromiso: Vargas - Fuentes Fidedignas\" \/>\n<meta property=\"og:description\" content=\"Se entreg\u00f3 reconocimientos a ciudadanos que se distinguen por su trabajo en pro de la comunidad. Villa de Ahome, Ahome, Sin.- En el marco de la sesi\u00f3n Solemne de Cabildo para conmemorar el 105 Aniversario de la Fundaci\u00f3n de H. Ayuntamiento de Ahome y Traslado de Poderes a esta sindicatura, Gerardo Vargas Landeros, presidente municipal [&hellip;]\" \/>\n<meta property=\"og:url\" content=\"https:\/\/fuentesfidedignas.com.mx\/index.php\/2022\/01\/05\/convertir-a-ahome-en-un-mejor-lugar-para-vivir-es-el-compromiso-vargas\/\" \/>\n<meta property=\"og:site_name\" content=\"Fuentes Fidedignas\" \/>\n<meta property=\"article:publisher\" content=\"https:\/\/www.facebook.com\/Fuentes-Fidedignas-368234489921644\" \/>\n<meta property=\"article:published_time\" content=\"2022-01-05T20:04:52+00:00\" \/>\n<meta property=\"article:modified_time\" content=\"2022-01-05T23:35:22+00:00\" \/>\n<meta property=\"og:image\" content=\"https:\/\/fuentesfidedignas.com.mx\/wp-content\/uploads\/2022\/01\/WhatsApp-Image-2022-01-05-at-1.01.12-PM.jpeg\" \/>\n\t<meta property=\"og:image:width\" content=\"1280\" \/>\n\t<meta property=\"og:image:height\" content=\"852\" \/>\n\t<meta property=\"og:image:type\" content=\"image\/jpeg\" \/>\n<meta name=\"author\" content=\"Redacci\u00f3n\" \/>\n<meta name=\"twitter:card\" content=\"summary_large_image\" \/>\n<meta name=\"twitter:creator\" content=\"@fidedignas\" \/>\n<meta name=\"twitter:site\" content=\"@fidedignas\" \/>\n<meta name=\"twitter:label1\" content=\"Escrito por\" \/>\n\t<meta name=\"twitter:data1\" content=\"Redacci\u00f3n\" \/>\n\t<meta name=\"twitter:label2\" content=\"Tiempo de lectura\" \/>\n\t<meta name=\"twitter:data2\" content=\"3 minutos\" \/>\n<script type=\"application\/ld+json\" class=\"yoast-schema-graph\">{\"@context\":\"https:\\\/\\\/schema.org\",\"@graph\":[{\"@type\":\"Article\",\"@id\":\"https:\\\/\\\/fuentesfidedignas.com.mx\\\/index.php\\\/2022\\\/01\\\/05\\\/convertir-a-ahome-en-un-mejor-lugar-para-vivir-es-el-compromiso-vargas\\\/#article\",\"isPartOf\":{\"@id\":\"https:\\\/\\\/fuentesfidedignas.com.mx\\\/index.php\\\/2022\\\/01\\\/05\\\/convertir-a-ahome-en-un-mejor-lugar-para-vivir-es-el-compromiso-vargas\\\/\"},\"author\":{\"name\":\"Redacci\u00f3n\",\"@id\":\"https:\\\/\\\/fuentesfidedignas.com.mx\\\/#\\\/schema\\\/person\\\/331be9283d37198e2acd5750279085b0\"},\"headline\":\"Convertir a Ahome en un mejor lugar para vivir es el compromiso: Vargas\",\"datePublished\":\"2022-01-05T20:04:52+00:00\",\"dateModified\":\"2022-01-05T23:35:22+00:00\",\"mainEntityOfPage\":{\"@id\":\"https:\\\/\\\/fuentesfidedignas.com.mx\\\/index.php\\\/2022\\\/01\\\/05\\\/convertir-a-ahome-en-un-mejor-lugar-para-vivir-es-el-compromiso-vargas\\\/\"},\"wordCount\":631,\"commentCount\":0,\"publisher\":{\"@id\":\"https:\\\/\\\/fuentesfidedignas.com.mx\\\/#organization\"},\"image\":{\"@id\":\"https:\\\/\\\/fuentesfidedignas.com.mx\\\/index.php\\\/2022\\\/01\\\/05\\\/convertir-a-ahome-en-un-mejor-lugar-para-vivir-es-el-compromiso-vargas\\\/#primaryimage\"},\"thumbnailUrl\":\"https:\\\/\\\/fuentesfidedignas.com.mx\\\/wp-content\\\/uploads\\\/2022\\\/01\\\/WhatsApp-Image-2022-01-05-at-1.01.12-PM.jpeg\",\"keywords\":[\"Ahome\",\"Ayuntamiento de Ahome\",\"Gerardo Vargas Landeros\"],\"articleSection\":[\"NOTICIAS LOCALES\"],\"inLanguage\":\"es\",\"potentialAction\":[{\"@type\":\"CommentAction\",\"name\":\"Comment\",\"target\":[\"https:\\\/\\\/fuentesfidedignas.com.mx\\\/index.php\\\/2022\\\/01\\\/05\\\/convertir-a-ahome-en-un-mejor-lugar-para-vivir-es-el-compromiso-vargas\\\/#respond\"]}]},{\"@type\":\"WebPage\",\"@id\":\"https:\\\/\\\/fuentesfidedignas.com.mx\\\/index.php\\\/2022\\\/01\\\/05\\\/convertir-a-ahome-en-un-mejor-lugar-para-vivir-es-el-compromiso-vargas\\\/\",\"url\":\"https:\\\/\\\/fuentesfidedignas.com.mx\\\/index.php\\\/2022\\\/01\\\/05\\\/convertir-a-ahome-en-un-mejor-lugar-para-vivir-es-el-compromiso-vargas\\\/\",\"name\":\"Convertir a Ahome en un mejor lugar para vivir es el compromiso: Vargas - Fuentes Fidedignas\",\"isPartOf\":{\"@id\":\"https:\\\/\\\/fuentesfidedignas.com.mx\\\/#website\"},\"primaryImageOfPage\":{\"@id\":\"https:\\\/\\\/fuentesfidedignas.com.mx\\\/index.php\\\/2022\\\/01\\\/05\\\/convertir-a-ahome-en-un-mejor-lugar-para-vivir-es-el-compromiso-vargas\\\/#primaryimage\"},\"image\":{\"@id\":\"https:\\\/\\\/fuentesfidedignas.com.mx\\\/index.php\\\/2022\\\/01\\\/05\\\/convertir-a-ahome-en-un-mejor-lugar-para-vivir-es-el-compromiso-vargas\\\/#primaryimage\"},\"thumbnailUrl\":\"https:\\\/\\\/fuentesfidedignas.com.mx\\\/wp-content\\\/uploads\\\/2022\\\/01\\\/WhatsApp-Image-2022-01-05-at-1.01.12-PM.jpeg\",\"datePublished\":\"2022-01-05T20:04:52+00:00\",\"dateModified\":\"2022-01-05T23:35:22+00:00\",\"breadcrumb\":{\"@id\":\"https:\\\/\\\/fuentesfidedignas.com.mx\\\/index.php\\\/2022\\\/01\\\/05\\\/convertir-a-ahome-en-un-mejor-lugar-para-vivir-es-el-compromiso-vargas\\\/#breadcrumb\"},\"inLanguage\":\"es\",\"potentialAction\":[{\"@type\":\"ReadAction\",\"target\":[\"https:\\\/\\\/fuentesfidedignas.com.mx\\\/index.php\\\/2022\\\/01\\\/05\\\/convertir-a-ahome-en-un-mejor-lugar-para-vivir-es-el-compromiso-vargas\\\/\"]}]},{\"@type\":\"ImageObject\",\"inLanguage\":\"es\",\"@id\":\"https:\\\/\\\/fuentesfidedignas.com.mx\\\/index.php\\\/2022\\\/01\\\/05\\\/convertir-a-ahome-en-un-mejor-lugar-para-vivir-es-el-compromiso-vargas\\\/#primaryimage\",\"url\":\"https:\\\/\\\/fuentesfidedignas.com.mx\\\/wp-content\\\/uploads\\\/2022\\\/01\\\/WhatsApp-Image-2022-01-05-at-1.01.12-PM.jpeg\",\"contentUrl\":\"https:\\\/\\\/fuentesfidedignas.com.mx\\\/wp-content\\\/uploads\\\/2022\\\/01\\\/WhatsApp-Image-2022-01-05-at-1.01.12-PM.jpeg\",\"width\":1280,\"height\":852},{\"@type\":\"BreadcrumbList\",\"@id\":\"https:\\\/\\\/fuentesfidedignas.com.mx\\\/index.php\\\/2022\\\/01\\\/05\\\/convertir-a-ahome-en-un-mejor-lugar-para-vivir-es-el-compromiso-vargas\\\/#breadcrumb\",\"itemListElement\":[{\"@type\":\"ListItem\",\"position\":1,\"name\":\"Inicio\",\"item\":\"https:\\\/\\\/fuentesfidedignas.com.mx\\\/\"},{\"@type\":\"ListItem\",\"position\":2,\"name\":\"Convertir a Ahome en un mejor lugar para vivir es el compromiso: Vargas\"}]},{\"@type\":\"WebSite\",\"@id\":\"https:\\\/\\\/fuentesfidedignas.com.mx\\\/#website\",\"url\":\"https:\\\/\\\/fuentesfidedignas.com.mx\\\/\",\"name\":\"Fuentes Fidedignas\",\"description\":\"Otro sitio realizado con WordPress\",\"publisher\":{\"@id\":\"https:\\\/\\\/fuentesfidedignas.com.mx\\\/#organization\"},\"potentialAction\":[{\"@type\":\"SearchAction\",\"target\":{\"@type\":\"EntryPoint\",\"urlTemplate\":\"https:\\\/\\\/fuentesfidedignas.com.mx\\\/?s={search_term_string}\"},\"query-input\":{\"@type\":\"PropertyValueSpecification\",\"valueRequired\":true,\"valueName\":\"search_term_string\"}}],\"inLanguage\":\"es\"},{\"@type\":\"Organization\",\"@id\":\"https:\\\/\\\/fuentesfidedignas.com.mx\\\/#organization\",\"name\":\"Fuentes Fidedignas\",\"url\":\"https:\\\/\\\/fuentesfidedignas.com.mx\\\/\",\"logo\":{\"@type\":\"ImageObject\",\"inLanguage\":\"es\",\"@id\":\"https:\\\/\\\/fuentesfidedignas.com.mx\\\/#\\\/schema\\\/logo\\\/image\\\/\",\"url\":\"https:\\\/\\\/fuentesfidedignas.com.mx\\\/wp-content\\\/uploads\\\/2021\\\/04\\\/logo-retina.png\",\"contentUrl\":\"https:\\\/\\\/fuentesfidedignas.com.mx\\\/wp-content\\\/uploads\\\/2021\\\/04\\\/logo-retina.png\",\"width\":280,\"height\":51,\"caption\":\"Fuentes Fidedignas\"},\"image\":{\"@id\":\"https:\\\/\\\/fuentesfidedignas.com.mx\\\/#\\\/schema\\\/logo\\\/image\\\/\"},\"sameAs\":[\"https:\\\/\\\/www.facebook.com\\\/Fuentes-Fidedignas-368234489921644\",\"https:\\\/\\\/x.com\\\/fidedignas\"]},{\"@type\":\"Person\",\"@id\":\"https:\\\/\\\/fuentesfidedignas.com.mx\\\/#\\\/schema\\\/person\\\/331be9283d37198e2acd5750279085b0\",\"name\":\"Redacci\u00f3n\",\"image\":{\"@type\":\"ImageObject\",\"inLanguage\":\"es\",\"@id\":\"https:\\\/\\\/secure.gravatar.com\\\/avatar\\\/f6d8782c11d12b2d4ad3fbb6931aeab5309937a4d6cd2fc9cfaa28a6396a5aec?s=96&d=mm&r=g\",\"url\":\"https:\\\/\\\/secure.gravatar.com\\\/avatar\\\/f6d8782c11d12b2d4ad3fbb6931aeab5309937a4d6cd2fc9cfaa28a6396a5aec?s=96&d=mm&r=g\",\"contentUrl\":\"https:\\\/\\\/secure.gravatar.com\\\/avatar\\\/f6d8782c11d12b2d4ad3fbb6931aeab5309937a4d6cd2fc9cfaa28a6396a5aec?s=96&d=mm&r=g\",\"caption\":\"Redacci\u00f3n\"},\"url\":\"https:\\\/\\\/fuentesfidedignas.com.mx\\\/index.php\\\/author\\\/redaccion\\\/\"}]}<\/script>\n<!-- \/ Yoast SEO plugin. -->","yoast_head_json":{"title":"Convertir a Ahome en un mejor lugar para vivir es el compromiso: Vargas - Fuentes Fidedignas","robots":{"index":"index","follow":"follow","max-snippet":"max-snippet:-1","max-image-preview":"max-image-preview:large","max-video-preview":"max-video-preview:-1"},"canonical":"https:\/\/fuentesfidedignas.com.mx\/index.php\/2022\/01\/05\/convertir-a-ahome-en-un-mejor-lugar-para-vivir-es-el-compromiso-vargas\/","og_locale":"es_MX","og_type":"article","og_title":"Convertir a Ahome en un mejor lugar para vivir es el compromiso: Vargas - Fuentes Fidedignas","og_description":"Se entreg\u00f3 reconocimientos a ciudadanos que se distinguen por su trabajo en pro de la comunidad. Villa de Ahome, Ahome, Sin.- En el marco de la sesi\u00f3n Solemne de Cabildo para conmemorar el 105 Aniversario de la Fundaci\u00f3n de H. Ayuntamiento de Ahome y Traslado de Poderes a esta sindicatura, Gerardo Vargas Landeros, presidente municipal [&hellip;]","og_url":"https:\/\/fuentesfidedignas.com.mx\/index.php\/2022\/01\/05\/convertir-a-ahome-en-un-mejor-lugar-para-vivir-es-el-compromiso-vargas\/","og_site_name":"Fuentes Fidedignas","article_publisher":"https:\/\/www.facebook.com\/Fuentes-Fidedignas-368234489921644","article_published_time":"2022-01-05T20:04:52+00:00","article_modified_time":"2022-01-05T23:35:22+00:00","og_image":[{"width":1280,"height":852,"url":"https:\/\/fuentesfidedignas.com.mx\/wp-content\/uploads\/2022\/01\/WhatsApp-Image-2022-01-05-at-1.01.12-PM.jpeg","type":"image\/jpeg"}],"author":"Redacci\u00f3n","twitter_card":"summary_large_image","twitter_creator":"@fidedignas","twitter_site":"@fidedignas","twitter_misc":{"Escrito por":"Redacci\u00f3n","Tiempo de lectura":"3 minutos"},"schema":{"@context":"https:\/\/schema.org","@graph":[{"@type":"Article","@id":"https:\/\/fuentesfidedignas.com.mx\/index.php\/2022\/01\/05\/convertir-a-ahome-en-un-mejor-lugar-para-vivir-es-el-compromiso-vargas\/#article","isPartOf":{"@id":"https:\/\/fuentesfidedignas.com.mx\/index.php\/2022\/01\/05\/convertir-a-ahome-en-un-mejor-lugar-para-vivir-es-el-compromiso-vargas\/"},"author":{"name":"Redacci\u00f3n","@id":"https:\/\/fuentesfidedignas.com.mx\/#\/schema\/person\/331be9283d37198e2acd5750279085b0"},"headline":"Convertir a Ahome en un mejor lugar para vivir es el compromiso: Vargas","datePublished":"2022-01-05T20:04:52+00:00","dateModified":"2022-01-05T23:35:22+00:00","mainEntityOfPage":{"@id":"https:\/\/fuentesfidedignas.com.mx\/index.php\/2022\/01\/05\/convertir-a-ahome-en-un-mejor-lugar-para-vivir-es-el-compromiso-vargas\/"},"wordCount":631,"commentCount":0,"publisher":{"@id":"https:\/\/fuentesfidedignas.com.mx\/#organization"},"image":{"@id":"https:\/\/fuentesfidedignas.com.mx\/index.php\/2022\/01\/05\/convertir-a-ahome-en-un-mejor-lugar-para-vivir-es-el-compromiso-vargas\/#primaryimage"},"thumbnailUrl":"https:\/\/fuentesfidedignas.com.mx\/wp-content\/uploads\/2022\/01\/WhatsApp-Image-2022-01-05-at-1.01.12-PM.jpeg","keywords":["Ahome","Ayuntamiento de Ahome","Gerardo Vargas Landeros"],"articleSection":["NOTICIAS LOCALES"],"inLanguage":"es","potentialAction":[{"@type":"CommentAction","name":"Comment","target":["https:\/\/fuentesfidedignas.com.mx\/index.php\/2022\/01\/05\/convertir-a-ahome-en-un-mejor-lugar-para-vivir-es-el-compromiso-vargas\/#respond"]}]},{"@type":"WebPage","@id":"https:\/\/fuentesfidedignas.com.mx\/index.php\/2022\/01\/05\/convertir-a-ahome-en-un-mejor-lugar-para-vivir-es-el-compromiso-vargas\/","url":"https:\/\/fuentesfidedignas.com.mx\/index.php\/2022\/01\/05\/convertir-a-ahome-en-un-mejor-lugar-para-vivir-es-el-compromiso-vargas\/","name":"Convertir a Ahome en un mejor lugar para vivir es el compromiso: Vargas - Fuentes Fidedignas","isPartOf":{"@id":"https:\/\/fuentesfidedignas.com.mx\/#website"},"primaryImageOfPage":{"@id":"https:\/\/fuentesfidedignas.com.mx\/index.php\/2022\/01\/05\/convertir-a-ahome-en-un-mejor-lugar-para-vivir-es-el-compromiso-vargas\/#primaryimage"},"image":{"@id":"https:\/\/fuentesfidedignas.com.mx\/index.php\/2022\/01\/05\/convertir-a-ahome-en-un-mejor-lugar-para-vivir-es-el-compromiso-vargas\/#primaryimage"},"thumbnailUrl":"https:\/\/fuentesfidedignas.com.mx\/wp-content\/uploads\/2022\/01\/WhatsApp-Image-2022-01-05-at-1.01.12-PM.jpeg","datePublished":"2022-01-05T20:04:52+00:00","dateModified":"2022-01-05T23:35:22+00:00","breadcrumb":{"@id":"https:\/\/fuentesfidedignas.com.mx\/index.php\/2022\/01\/05\/convertir-a-ahome-en-un-mejor-lugar-para-vivir-es-el-compromiso-vargas\/#breadcrumb"},"inLanguage":"es","potentialAction":[{"@type":"ReadAction","target":["https:\/\/fuentesfidedignas.com.mx\/index.php\/2022\/01\/05\/convertir-a-ahome-en-un-mejor-lugar-para-vivir-es-el-compromiso-vargas\/"]}]},{"@type":"ImageObject","inLanguage":"es","@id":"https:\/\/fuentesfidedignas.com.mx\/index.php\/2022\/01\/05\/convertir-a-ahome-en-un-mejor-lugar-para-vivir-es-el-compromiso-vargas\/#primaryimage","url":"https:\/\/fuentesfidedignas.com.mx\/wp-content\/uploads\/2022\/01\/WhatsApp-Image-2022-01-05-at-1.01.12-PM.jpeg","contentUrl":"https:\/\/fuentesfidedignas.com.mx\/wp-content\/uploads\/2022\/01\/WhatsApp-Image-2022-01-05-at-1.01.12-PM.jpeg","width":1280,"height":852},{"@type":"BreadcrumbList","@id":"https:\/\/fuentesfidedignas.com.mx\/index.php\/2022\/01\/05\/convertir-a-ahome-en-un-mejor-lugar-para-vivir-es-el-compromiso-vargas\/#breadcrumb","itemListElement":[{"@type":"ListItem","position":1,"name":"Inicio","item":"https:\/\/fuentesfidedignas.com.mx\/"},{"@type":"ListItem","position":2,"name":"Convertir a Ahome en un mejor lugar para vivir es el compromiso: Vargas"}]},{"@type":"WebSite","@id":"https:\/\/fuentesfidedignas.com.mx\/#website","url":"https:\/\/fuentesfidedignas.com.mx\/","name":"Fuentes Fidedignas","description":"Otro sitio realizado con WordPress","publisher":{"@id":"https:\/\/fuentesfidedignas.com.mx\/#organization"},"potentialAction":[{"@type":"SearchAction","target":{"@type":"EntryPoint","urlTemplate":"https:\/\/fuentesfidedignas.com.mx\/?s={search_term_string}"},"query-input":{"@type":"PropertyValueSpecification","valueRequired":true,"valueName":"search_term_string"}}],"inLanguage":"es"},{"@type":"Organization","@id":"https:\/\/fuentesfidedignas.com.mx\/#organization","name":"Fuentes Fidedignas","url":"https:\/\/fuentesfidedignas.com.mx\/","logo":{"@type":"ImageObject","inLanguage":"es","@id":"https:\/\/fuentesfidedignas.com.mx\/#\/schema\/logo\/image\/","url":"https:\/\/fuentesfidedignas.com.mx\/wp-content\/uploads\/2021\/04\/logo-retina.png","contentUrl":"https:\/\/fuentesfidedignas.com.mx\/wp-content\/uploads\/2021\/04\/logo-retina.png","width":280,"height":51,"caption":"Fuentes Fidedignas"},"image":{"@id":"https:\/\/fuentesfidedignas.com.mx\/#\/schema\/logo\/image\/"},"sameAs":["https:\/\/www.facebook.com\/Fuentes-Fidedignas-368234489921644","https:\/\/x.com\/fidedignas"]},{"@type":"Person","@id":"https:\/\/fuentesfidedignas.com.mx\/#\/schema\/person\/331be9283d37198e2acd5750279085b0","name":"Redacci\u00f3n","image":{"@type":"ImageObject","inLanguage":"es","@id":"https:\/\/secure.gravatar.com\/avatar\/f6d8782c11d12b2d4ad3fbb6931aeab5309937a4d6cd2fc9cfaa28a6396a5aec?s=96&d=mm&r=g","url":"https:\/\/secure.gravatar.com\/avatar\/f6d8782c11d12b2d4ad3fbb6931aeab5309937a4d6cd2fc9cfaa28a6396a5aec?s=96&d=mm&r=g","contentUrl":"https:\/\/secure.gravatar.com\/avatar\/f6d8782c11d12b2d4ad3fbb6931aeab5309937a4d6cd2fc9cfaa28a6396a5aec?s=96&d=mm&r=g","caption":"Redacci\u00f3n"},"url":"https:\/\/fuentesfidedignas.com.mx\/index.php\/author\/redaccion\/"}]}},"_links":{"self":[{"href":"https:\/\/fuentesfidedignas.com.mx\/index.php\/wp-json\/wp\/v2\/posts\/21060","targetHints":{"allow":["GET"]}}],"collection":[{"href":"https:\/\/fuentesfidedignas.com.mx\/index.php\/wp-json\/wp\/v2\/posts"}],"about":[{"href":"https:\/\/fuentesfidedignas.com.mx\/index.php\/wp-json\/wp\/v2\/types\/post"}],"author":[{"embeddable":true,"href":"https:\/\/fuentesfidedignas.com.mx\/index.php\/wp-json\/wp\/v2\/users\/4"}],"replies":[{"embeddable":true,"href":"https:\/\/fuentesfidedignas.com.mx\/index.php\/wp-json\/wp\/v2\/comments?post=21060"}],"version-history":[{"count":2,"href":"https:\/\/fuentesfidedignas.com.mx\/index.php\/wp-json\/wp\/v2\/posts\/21060\/revisions"}],"predecessor-version":[{"id":21064,"href":"https:\/\/fuentesfidedignas.com.mx\/index.php\/wp-json\/wp\/v2\/posts\/21060\/revisions\/21064"}],"wp:featuredmedia":[{"embeddable":true,"href":"https:\/\/fuentesfidedignas.com.mx\/index.php\/wp-json\/wp\/v2\/media\/21062"}],"wp:attachment":[{"href":"https:\/\/fuentesfidedignas.com.mx\/index.php\/wp-json\/wp\/v2\/media?parent=21060"}],"wp:term":[{"taxonomy":"category","embeddable":true,"href":"https:\/\/fuentesfidedignas.com.mx\/index.php\/wp-json\/wp\/v2\/categories?post=21060"},{"taxonomy":"post_tag","embeddable":true,"href":"https:\/\/fuentesfidedignas.com.mx\/index.php\/wp-json\/wp\/v2\/tags?post=21060"}],"curies":[{"name":"wp","href":"https:\/\/api.w.org\/{rel}","templated":true}]}}