{"id":20972,"date":"2022-01-04T12:28:44","date_gmt":"2022-01-04T19:28:44","guid":{"rendered":"https:\/\/fuentesfidedignas.com.mx\/?p=20972"},"modified":"2022-01-04T12:28:45","modified_gmt":"2022-01-04T19:28:45","slug":"cuauhtemoc-blanco-fotografia-con-supuestos-lideres-narcos-golpea-al-gobernador-de-morelos","status":"publish","type":"post","link":"https:\/\/fuentesfidedignas.com.mx\/index.php\/2022\/01\/04\/cuauhtemoc-blanco-fotografia-con-supuestos-lideres-narcos-golpea-al-gobernador-de-morelos\/","title":{"rendered":"Cuauht\u00e9moc Blanco: fotograf\u00eda con supuestos l\u00edderes narcos golpea al gobernador de Morelos"},"content":{"rendered":"\n<p><strong><em>Una imagen pone contra las cuerdas al \u00eddolo del f\u00fatbol mexicano, acusado de tener nexos con poderosos narcos de Morelos<\/em><\/strong><\/p>\n\n\n\n<p>Ciudad de M\u00e9xico.- El mandatario estatal de Morelos,\u00a0<strong>Cuauht\u00e9moc Blanco<\/strong>, elegido para gobernar la entidad en 2018, comenz\u00f3 su administraci\u00f3n en medio de pol\u00e9micas. Ahora, se acerca a la mitad de su sexenio ligado a diferentes cabecillas narco.<\/p>\n\n\n\n<p>Una imagen publicada por el diario&nbsp;<a href=\"https:\/\/www.elsoldemexico.com.mx\/mexico\/politica\/cuauhtemoc-blanco-se-reunio-con-lideres-del-narco-en-morelos-7685446.html\" target=\"_blank\" rel=\"noreferrer noopener\">El Sol de M\u00e9xico<\/a>&nbsp;ha puesto al gobernador \u2014e \u00eddolo del f\u00fatbol mexicano\u2014 contra las cuerdas, al aparecer junto a los l\u00edderes criminales&nbsp;<strong>Irving Eduardo Solano Vera, alias&nbsp;<\/strong><em><strong>el Profe<\/strong><\/em>, l\u00edder del&nbsp;<strong>C\u00e1rtel Jalisco Nueva Generaci\u00f3n (CJNG)<\/strong>;&nbsp;<strong>Homero Figueroa Meza, apodado&nbsp;<\/strong><em><strong>la Tripa<\/strong><\/em>, cabecilla de Comando Tlahuica y&nbsp;<strong>Raymundo Isidro Castro,&nbsp;<\/strong><em><strong>el Ray<\/strong><\/em>, lugarteniente del CJNG, todos ellos acusados de facilitar el narcomenudeo en Morelos.<\/p>\n\n\n\n<p>Seg\u00fan indica el peri\u00f3dico, la imagen fue tomada a finales de enero y principios de febrero del 2019, cuatro meses despu\u00e9s de la toma de protesta de Blanco Bravo. El material fue encontrado en el celular de Rosario \u201cN\u201d y\/o Esther Yadhira \u201cN\u201d, alias\u00a0<a href=\"https:\/\/www.infobae.com\/america\/mexico\/2021\/11\/09\/quien-es-la-jefa-la-lider-de-guerreros-unidos-capturada-en-morelos\/\" target=\"_blank\" rel=\"noreferrer noopener\">La Jefa<\/a>, capturada el pasado mes de noviembre en la entidad morelense.<img decoding=\"async\" height=\"720\" width=\"960\" srcset=\"https:\/\/www.infobae.com\/new-resizer\/K5zw5OTdAi2MyC0RCpVLQZ2m7-A=\/420x315\/filters:format(webp):quality(85)\/cloudfront-us-east-1.images.arcpublishing.com\/infobae\/67H3TZW3SZDB7H7WYDEIHSA2LU.jpg 420w,https:\/\/www.infobae.com\/new-resizer\/B9qgSDLUcTWxpweVbbrJS5qNDkk=\/768x576\/filters:format(webp):quality(85)\/cloudfront-us-east-1.images.arcpublishing.com\/infobae\/67H3TZW3SZDB7H7WYDEIHSA2LU.jpg 768w,https:\/\/www.infobae.com\/new-resizer\/6X7L8zvKLKS-EMfCkKCi6ThOm5Y=\/992x744\/filters:format(webp):quality(85)\/cloudfront-us-east-1.images.arcpublishing.com\/infobae\/67H3TZW3SZDB7H7WYDEIHSA2LU.jpg 992w,https:\/\/www.infobae.com\/new-resizer\/BsdaPv3v0XYychsSPHv5jFBD9qQ=\/1200x900\/filters:format(webp):quality(85)\/cloudfront-us-east-1.images.arcpublishing.com\/infobae\/67H3TZW3SZDB7H7WYDEIHSA2LU.jpg 1200w,https:\/\/www.infobae.com\/new-resizer\/q6xbwOno0VG05nfsrG9k2Qje0dg=\/1440x1080\/filters:format(webp):quality(85)\/cloudfront-us-east-1.images.arcpublishing.com\/infobae\/67H3TZW3SZDB7H7WYDEIHSA2LU.jpg 1440w\" alt=\"La Jefa (derecha) fue capturada el pasado 6 de noviembre en Morelos. Se le ha vinculado con varios pol\u00edticos (Foto: Especial)\" src=\"https:\/\/www.infobae.com\/new-resizer\/K5zw5OTdAi2MyC0RCpVLQZ2m7-A=\/420x315\/filters:format(webp):quality(85)\/cloudfront-us-east-1.images.arcpublishing.com\/infobae\/67H3TZW3SZDB7H7WYDEIHSA2LU.jpg%20420w\"><em>La Jefa (derecha) fue capturada el pasado 6 de noviembre en Morelos. Se le ha vinculado con varios pol\u00edticos (Foto: Especial)<\/em><\/p>\n\n\n\n<p>Desde su administraci\u00f3n frente a la<strong>&nbsp;alcald\u00eda de Cuernavaca<\/strong>, Morelos (2015-2018) peque\u00f1os detalles persiguen a Blanco en su carrera pol\u00edtica. Trascendi\u00f3 entonces, que Homero Figueroa Meza, quien aparece en la foto junto al&nbsp;<em>Cuau<\/em>, hab\u00eda financiado la campa\u00f1a para gobernador del ex futbolista, lo que explicar\u00eda el crecimiento desmesurado de la c\u00e9lula criminal que dirige.<\/p>\n\n\n\n<p>A la fecha, Figueroa Meza es el \u00fanico cabecilla criminal que se encuentra activo en Morelos. En 2019,&nbsp;<em><strong>el Ray<\/strong><\/em>&nbsp;fue asesinado en una supuesta ri\u00f1a en el Centro de Reinserci\u00f3n Social Morelos. En tanto, Irving Eduardo Solano Vera,&nbsp;<em><strong>el Profe<\/strong><\/em>&nbsp;fue capturado el a\u00f1o pasado.<\/p>\n\n\n\n<p>Seg\u00fan indica&nbsp;<em><strong>El Sol de M\u00e9xico<\/strong><\/em>, la detenci\u00f3n y abatimiento de algunos l\u00edderes est\u00e1n relacionadas con la intenci\u00f3n de&nbsp;<em><strong>la Tripa&nbsp;<\/strong><\/em>de apoderarse de la plaza de Morelos.<\/p>\n\n\n\n<p>Blanco \u2014quien ha sido acusado de ser una pantalla al servicio de pol\u00edticos m\u00e1s grandes\u2014 no ha desmentido hasta el momento la fotograf\u00eda, que le ha valido las criticas en redes sociales y los recelos de sus detractores, quienes le recordaron una de sus promesas de campa\u00f1a que advert\u00eda que nadie gozar\u00eda de impunidad.<img decoding=\"async\" height=\"1080\" width=\"1920\" srcset=\"https:\/\/www.infobae.com\/new-resizer\/h1L8lkZj0Ar69_6aBLRvvOZu_Vg=\/420x236\/filters:format(webp):quality(85)\/cloudfront-us-east-1.images.arcpublishing.com\/infobae\/PSF6T7IBXVBLVJFQUZLQI6PMXU.jpg 420w,https:\/\/www.infobae.com\/new-resizer\/EZ5BgmI7QNNHXCq7URS-w-YMj68=\/768x432\/filters:format(webp):quality(85)\/cloudfront-us-east-1.images.arcpublishing.com\/infobae\/PSF6T7IBXVBLVJFQUZLQI6PMXU.jpg 768w,https:\/\/www.infobae.com\/new-resizer\/cuavYRR7WUGCDOTjaRz_RgD9z3I=\/992x558\/filters:format(webp):quality(85)\/cloudfront-us-east-1.images.arcpublishing.com\/infobae\/PSF6T7IBXVBLVJFQUZLQI6PMXU.jpg 992w,https:\/\/www.infobae.com\/new-resizer\/bX-BNxB5O_UmJl-eueWv9wHjjrI=\/1200x675\/filters:format(webp):quality(85)\/cloudfront-us-east-1.images.arcpublishing.com\/infobae\/PSF6T7IBXVBLVJFQUZLQI6PMXU.jpg 1200w,https:\/\/www.infobae.com\/new-resizer\/2IZJJel25g34h0zncgB3ViI-_o4=\/1440x810\/filters:format(webp):quality(85)\/cloudfront-us-east-1.images.arcpublishing.com\/infobae\/PSF6T7IBXVBLVJFQUZLQI6PMXU.jpg 1440w\" alt=\"Cuauht\u00e9moc Blanco (Foto: Cuartoscuro)\" src=\"https:\/\/www.infobae.com\/new-resizer\/h1L8lkZj0Ar69_6aBLRvvOZu_Vg=\/420x236\/filters:format(webp):quality(85)\/cloudfront-us-east-1.images.arcpublishing.com\/infobae\/PSF6T7IBXVBLVJFQUZLQI6PMXU.jpg%20420w\"><em>Cuauht\u00e9moc Blanco (Foto: Cuartoscuro)<\/em><\/p>\n\n\n\n<p>El \u00faltimo ataque contra Cuauht\u00e9moc Blanco vino durante las fiestas decembrinas. En un oficio publicado en el Peri\u00f3dico del estado, el pol\u00edtico notific\u00f3 que dejar\u00eda el cargo durante 17 d\u00edas para vacacionar en Brasil.<\/p>\n\n\n\n<p>\u201cEn ejercicio de mis funciones, hago saber a usted que durante el periodo comprendido del primer minuto del 17 de diciembre al dos de enero del 2022, me separo de mis funciones, lo que le informo para que supla mi ausencia en t\u00e9rminos constitucionales y legales\u201d, se le\u00eda en un informe dirigido al secretario de Gobernaci\u00f3n, Pablo Ojeda.<\/p>\n\n\n\n<p>De todo ello ha salido bien librado el gobernador, hasta ahora, gracias a su buena relaci\u00f3n con el presidente&nbsp;<strong>Andr\u00e9s Manuel L\u00f3pez Obrador<\/strong>.<\/p>\n\n\n\n<p>Con un discurso entre la regeneraci\u00f3n pol\u00edtica y el carisma con el barrio, el ex delantero del Am\u00e9rica lleg\u00f3 a la gubernatura de Morelos, el 1 de octubre de 2018.<\/p>\n\n\n\n<p>La fotograf\u00eda es retomada bajo autorizaci\u00f3n escrita de&nbsp;<em>El Sol de M\u00e9xico<\/em>&nbsp;publicada en la primera plana de este martes con informaci\u00f3n del el reportero&nbsp;<em>Rivelino Rueda.<\/em><\/p>\n","protected":false},"excerpt":{"rendered":"<p>Una imagen pone contra las cuerdas al \u00eddolo del f\u00fatbol mexicano, acusado de tener nexos con poderosos narcos de Morelos Ciudad de M\u00e9xico.- El mandatario estatal de Morelos,\u00a0Cuauht\u00e9moc Blanco, elegido para gobernar la entidad en 2018, comenz\u00f3 su administraci\u00f3n en medio de pol\u00e9micas. Ahora, se acerca a la mitad de su sexenio ligado a diferentes [&hellip;]<\/p>\n","protected":false},"author":41,"featured_media":20973,"comment_status":"open","ping_status":"open","sticky":false,"template":"","format":"standard","meta":{"tdm_status":"","tdm_grid_status":"","footnotes":""},"categories":[39],"tags":[],"class_list":{"0":"post-20972","1":"post","2":"type-post","3":"status-publish","4":"format-standard","5":"has-post-thumbnail","7":"category-noticias-nacionales"},"yoast_head":"<!-- This site is optimized with the Yoast SEO plugin v27.5 - https:\/\/yoast.com\/product\/yoast-seo-wordpress\/ -->\n<title>Cuauht\u00e9moc Blanco: fotograf\u00eda con supuestos l\u00edderes narcos golpea al gobernador de Morelos - Fuentes Fidedignas<\/title>\n<meta name=\"robots\" content=\"index, follow, max-snippet:-1, max-image-preview:large, max-video-preview:-1\" \/>\n<link rel=\"canonical\" href=\"https:\/\/fuentesfidedignas.com.mx\/index.php\/2022\/01\/04\/cuauhtemoc-blanco-fotografia-con-supuestos-lideres-narcos-golpea-al-gobernador-de-morelos\/\" \/>\n<meta property=\"og:locale\" content=\"es_MX\" \/>\n<meta property=\"og:type\" content=\"article\" \/>\n<meta property=\"og:title\" content=\"Cuauht\u00e9moc Blanco: fotograf\u00eda con supuestos l\u00edderes narcos golpea al gobernador de Morelos - Fuentes Fidedignas\" \/>\n<meta property=\"og:description\" content=\"Una imagen pone contra las cuerdas al \u00eddolo del f\u00fatbol mexicano, acusado de tener nexos con poderosos narcos de Morelos Ciudad de M\u00e9xico.- El mandatario estatal de Morelos,\u00a0Cuauht\u00e9moc Blanco, elegido para gobernar la entidad en 2018, comenz\u00f3 su administraci\u00f3n en medio de pol\u00e9micas. Ahora, se acerca a la mitad de su sexenio ligado a diferentes [&hellip;]\" \/>\n<meta property=\"og:url\" content=\"https:\/\/fuentesfidedignas.com.mx\/index.php\/2022\/01\/04\/cuauhtemoc-blanco-fotografia-con-supuestos-lideres-narcos-golpea-al-gobernador-de-morelos\/\" \/>\n<meta property=\"og:site_name\" content=\"Fuentes Fidedignas\" \/>\n<meta property=\"article:publisher\" content=\"https:\/\/www.facebook.com\/Fuentes-Fidedignas-368234489921644\" \/>\n<meta property=\"article:published_time\" content=\"2022-01-04T19:28:44+00:00\" \/>\n<meta property=\"article:modified_time\" content=\"2022-01-04T19:28:45+00:00\" \/>\n<meta property=\"og:image\" content=\"https:\/\/fuentesfidedignas.com.mx\/wp-content\/uploads\/2022\/01\/BLANCO_LIDERES.jpg\" \/>\n\t<meta property=\"og:image:width\" content=\"949\" \/>\n\t<meta property=\"og:image:height\" content=\"530\" \/>\n\t<meta property=\"og:image:type\" content=\"image\/jpeg\" \/>\n<meta name=\"author\" content=\"Infobae\" \/>\n<meta name=\"twitter:card\" content=\"summary_large_image\" \/>\n<meta name=\"twitter:creator\" content=\"@fidedignas\" \/>\n<meta name=\"twitter:site\" content=\"@fidedignas\" \/>\n<meta name=\"twitter:label1\" content=\"Escrito por\" \/>\n\t<meta name=\"twitter:data1\" content=\"Infobae\" \/>\n\t<meta name=\"twitter:label2\" content=\"Tiempo de lectura\" \/>\n\t<meta name=\"twitter:data2\" content=\"3 minutos\" \/>\n<script type=\"application\/ld+json\" class=\"yoast-schema-graph\">{\"@context\":\"https:\\\/\\\/schema.org\",\"@graph\":[{\"@type\":\"Article\",\"@id\":\"https:\\\/\\\/fuentesfidedignas.com.mx\\\/index.php\\\/2022\\\/01\\\/04\\\/cuauhtemoc-blanco-fotografia-con-supuestos-lideres-narcos-golpea-al-gobernador-de-morelos\\\/#article\",\"isPartOf\":{\"@id\":\"https:\\\/\\\/fuentesfidedignas.com.mx\\\/index.php\\\/2022\\\/01\\\/04\\\/cuauhtemoc-blanco-fotografia-con-supuestos-lideres-narcos-golpea-al-gobernador-de-morelos\\\/\"},\"author\":{\"name\":\"Infobae\",\"@id\":\"https:\\\/\\\/fuentesfidedignas.com.mx\\\/#\\\/schema\\\/person\\\/8575896a7c1067d352f6c1cd6582c389\"},\"headline\":\"Cuauht\u00e9moc Blanco: fotograf\u00eda con supuestos l\u00edderes narcos golpea al gobernador de Morelos\",\"datePublished\":\"2022-01-04T19:28:44+00:00\",\"dateModified\":\"2022-01-04T19:28:45+00:00\",\"mainEntityOfPage\":{\"@id\":\"https:\\\/\\\/fuentesfidedignas.com.mx\\\/index.php\\\/2022\\\/01\\\/04\\\/cuauhtemoc-blanco-fotografia-con-supuestos-lideres-narcos-golpea-al-gobernador-de-morelos\\\/\"},\"wordCount\":652,\"commentCount\":0,\"publisher\":{\"@id\":\"https:\\\/\\\/fuentesfidedignas.com.mx\\\/#organization\"},\"image\":{\"@id\":\"https:\\\/\\\/fuentesfidedignas.com.mx\\\/index.php\\\/2022\\\/01\\\/04\\\/cuauhtemoc-blanco-fotografia-con-supuestos-lideres-narcos-golpea-al-gobernador-de-morelos\\\/#primaryimage\"},\"thumbnailUrl\":\"https:\\\/\\\/fuentesfidedignas.com.mx\\\/wp-content\\\/uploads\\\/2022\\\/01\\\/BLANCO_LIDERES.jpg\",\"articleSection\":[\"NOTICIAS NACIONALES\"],\"inLanguage\":\"es\",\"potentialAction\":[{\"@type\":\"CommentAction\",\"name\":\"Comment\",\"target\":[\"https:\\\/\\\/fuentesfidedignas.com.mx\\\/index.php\\\/2022\\\/01\\\/04\\\/cuauhtemoc-blanco-fotografia-con-supuestos-lideres-narcos-golpea-al-gobernador-de-morelos\\\/#respond\"]}]},{\"@type\":\"WebPage\",\"@id\":\"https:\\\/\\\/fuentesfidedignas.com.mx\\\/index.php\\\/2022\\\/01\\\/04\\\/cuauhtemoc-blanco-fotografia-con-supuestos-lideres-narcos-golpea-al-gobernador-de-morelos\\\/\",\"url\":\"https:\\\/\\\/fuentesfidedignas.com.mx\\\/index.php\\\/2022\\\/01\\\/04\\\/cuauhtemoc-blanco-fotografia-con-supuestos-lideres-narcos-golpea-al-gobernador-de-morelos\\\/\",\"name\":\"Cuauht\u00e9moc Blanco: fotograf\u00eda con supuestos l\u00edderes narcos golpea al gobernador de Morelos - Fuentes Fidedignas\",\"isPartOf\":{\"@id\":\"https:\\\/\\\/fuentesfidedignas.com.mx\\\/#website\"},\"primaryImageOfPage\":{\"@id\":\"https:\\\/\\\/fuentesfidedignas.com.mx\\\/index.php\\\/2022\\\/01\\\/04\\\/cuauhtemoc-blanco-fotografia-con-supuestos-lideres-narcos-golpea-al-gobernador-de-morelos\\\/#primaryimage\"},\"image\":{\"@id\":\"https:\\\/\\\/fuentesfidedignas.com.mx\\\/index.php\\\/2022\\\/01\\\/04\\\/cuauhtemoc-blanco-fotografia-con-supuestos-lideres-narcos-golpea-al-gobernador-de-morelos\\\/#primaryimage\"},\"thumbnailUrl\":\"https:\\\/\\\/fuentesfidedignas.com.mx\\\/wp-content\\\/uploads\\\/2022\\\/01\\\/BLANCO_LIDERES.jpg\",\"datePublished\":\"2022-01-04T19:28:44+00:00\",\"dateModified\":\"2022-01-04T19:28:45+00:00\",\"breadcrumb\":{\"@id\":\"https:\\\/\\\/fuentesfidedignas.com.mx\\\/index.php\\\/2022\\\/01\\\/04\\\/cuauhtemoc-blanco-fotografia-con-supuestos-lideres-narcos-golpea-al-gobernador-de-morelos\\\/#breadcrumb\"},\"inLanguage\":\"es\",\"potentialAction\":[{\"@type\":\"ReadAction\",\"target\":[\"https:\\\/\\\/fuentesfidedignas.com.mx\\\/index.php\\\/2022\\\/01\\\/04\\\/cuauhtemoc-blanco-fotografia-con-supuestos-lideres-narcos-golpea-al-gobernador-de-morelos\\\/\"]}]},{\"@type\":\"ImageObject\",\"inLanguage\":\"es\",\"@id\":\"https:\\\/\\\/fuentesfidedignas.com.mx\\\/index.php\\\/2022\\\/01\\\/04\\\/cuauhtemoc-blanco-fotografia-con-supuestos-lideres-narcos-golpea-al-gobernador-de-morelos\\\/#primaryimage\",\"url\":\"https:\\\/\\\/fuentesfidedignas.com.mx\\\/wp-content\\\/uploads\\\/2022\\\/01\\\/BLANCO_LIDERES.jpg\",\"contentUrl\":\"https:\\\/\\\/fuentesfidedignas.com.mx\\\/wp-content\\\/uploads\\\/2022\\\/01\\\/BLANCO_LIDERES.jpg\",\"width\":949,\"height\":530},{\"@type\":\"BreadcrumbList\",\"@id\":\"https:\\\/\\\/fuentesfidedignas.com.mx\\\/index.php\\\/2022\\\/01\\\/04\\\/cuauhtemoc-blanco-fotografia-con-supuestos-lideres-narcos-golpea-al-gobernador-de-morelos\\\/#breadcrumb\",\"itemListElement\":[{\"@type\":\"ListItem\",\"position\":1,\"name\":\"Inicio\",\"item\":\"https:\\\/\\\/fuentesfidedignas.com.mx\\\/\"},{\"@type\":\"ListItem\",\"position\":2,\"name\":\"Cuauht\u00e9moc Blanco: fotograf\u00eda con supuestos l\u00edderes narcos golpea al gobernador de Morelos\"}]},{\"@type\":\"WebSite\",\"@id\":\"https:\\\/\\\/fuentesfidedignas.com.mx\\\/#website\",\"url\":\"https:\\\/\\\/fuentesfidedignas.com.mx\\\/\",\"name\":\"Fuentes Fidedignas\",\"description\":\"Otro sitio realizado con WordPress\",\"publisher\":{\"@id\":\"https:\\\/\\\/fuentesfidedignas.com.mx\\\/#organization\"},\"potentialAction\":[{\"@type\":\"SearchAction\",\"target\":{\"@type\":\"EntryPoint\",\"urlTemplate\":\"https:\\\/\\\/fuentesfidedignas.com.mx\\\/?s={search_term_string}\"},\"query-input\":{\"@type\":\"PropertyValueSpecification\",\"valueRequired\":true,\"valueName\":\"search_term_string\"}}],\"inLanguage\":\"es\"},{\"@type\":\"Organization\",\"@id\":\"https:\\\/\\\/fuentesfidedignas.com.mx\\\/#organization\",\"name\":\"Fuentes Fidedignas\",\"url\":\"https:\\\/\\\/fuentesfidedignas.com.mx\\\/\",\"logo\":{\"@type\":\"ImageObject\",\"inLanguage\":\"es\",\"@id\":\"https:\\\/\\\/fuentesfidedignas.com.mx\\\/#\\\/schema\\\/logo\\\/image\\\/\",\"url\":\"https:\\\/\\\/fuentesfidedignas.com.mx\\\/wp-content\\\/uploads\\\/2021\\\/04\\\/logo-retina.png\",\"contentUrl\":\"https:\\\/\\\/fuentesfidedignas.com.mx\\\/wp-content\\\/uploads\\\/2021\\\/04\\\/logo-retina.png\",\"width\":280,\"height\":51,\"caption\":\"Fuentes Fidedignas\"},\"image\":{\"@id\":\"https:\\\/\\\/fuentesfidedignas.com.mx\\\/#\\\/schema\\\/logo\\\/image\\\/\"},\"sameAs\":[\"https:\\\/\\\/www.facebook.com\\\/Fuentes-Fidedignas-368234489921644\",\"https:\\\/\\\/x.com\\\/fidedignas\"]},{\"@type\":\"Person\",\"@id\":\"https:\\\/\\\/fuentesfidedignas.com.mx\\\/#\\\/schema\\\/person\\\/8575896a7c1067d352f6c1cd6582c389\",\"name\":\"Infobae\",\"image\":{\"@type\":\"ImageObject\",\"inLanguage\":\"es\",\"@id\":\"https:\\\/\\\/secure.gravatar.com\\\/avatar\\\/e4ec95706f8d1670343f6526fdcec45474bab17475a851434a64ca12b5acba1c?s=96&d=mm&r=g\",\"url\":\"https:\\\/\\\/secure.gravatar.com\\\/avatar\\\/e4ec95706f8d1670343f6526fdcec45474bab17475a851434a64ca12b5acba1c?s=96&d=mm&r=g\",\"contentUrl\":\"https:\\\/\\\/secure.gravatar.com\\\/avatar\\\/e4ec95706f8d1670343f6526fdcec45474bab17475a851434a64ca12b5acba1c?s=96&d=mm&r=g\",\"caption\":\"Infobae\"},\"url\":\"https:\\\/\\\/fuentesfidedignas.com.mx\\\/index.php\\\/author\\\/infobae\\\/\"}]}<\/script>\n<!-- \/ Yoast SEO plugin. -->","yoast_head_json":{"title":"Cuauht\u00e9moc Blanco: fotograf\u00eda con supuestos l\u00edderes narcos golpea al gobernador de Morelos - Fuentes Fidedignas","robots":{"index":"index","follow":"follow","max-snippet":"max-snippet:-1","max-image-preview":"max-image-preview:large","max-video-preview":"max-video-preview:-1"},"canonical":"https:\/\/fuentesfidedignas.com.mx\/index.php\/2022\/01\/04\/cuauhtemoc-blanco-fotografia-con-supuestos-lideres-narcos-golpea-al-gobernador-de-morelos\/","og_locale":"es_MX","og_type":"article","og_title":"Cuauht\u00e9moc Blanco: fotograf\u00eda con supuestos l\u00edderes narcos golpea al gobernador de Morelos - Fuentes Fidedignas","og_description":"Una imagen pone contra las cuerdas al \u00eddolo del f\u00fatbol mexicano, acusado de tener nexos con poderosos narcos de Morelos Ciudad de M\u00e9xico.- El mandatario estatal de Morelos,\u00a0Cuauht\u00e9moc Blanco, elegido para gobernar la entidad en 2018, comenz\u00f3 su administraci\u00f3n en medio de pol\u00e9micas. Ahora, se acerca a la mitad de su sexenio ligado a diferentes [&hellip;]","og_url":"https:\/\/fuentesfidedignas.com.mx\/index.php\/2022\/01\/04\/cuauhtemoc-blanco-fotografia-con-supuestos-lideres-narcos-golpea-al-gobernador-de-morelos\/","og_site_name":"Fuentes Fidedignas","article_publisher":"https:\/\/www.facebook.com\/Fuentes-Fidedignas-368234489921644","article_published_time":"2022-01-04T19:28:44+00:00","article_modified_time":"2022-01-04T19:28:45+00:00","og_image":[{"width":949,"height":530,"url":"https:\/\/fuentesfidedignas.com.mx\/wp-content\/uploads\/2022\/01\/BLANCO_LIDERES.jpg","type":"image\/jpeg"}],"author":"Infobae","twitter_card":"summary_large_image","twitter_creator":"@fidedignas","twitter_site":"@fidedignas","twitter_misc":{"Escrito por":"Infobae","Tiempo de lectura":"3 minutos"},"schema":{"@context":"https:\/\/schema.org","@graph":[{"@type":"Article","@id":"https:\/\/fuentesfidedignas.com.mx\/index.php\/2022\/01\/04\/cuauhtemoc-blanco-fotografia-con-supuestos-lideres-narcos-golpea-al-gobernador-de-morelos\/#article","isPartOf":{"@id":"https:\/\/fuentesfidedignas.com.mx\/index.php\/2022\/01\/04\/cuauhtemoc-blanco-fotografia-con-supuestos-lideres-narcos-golpea-al-gobernador-de-morelos\/"},"author":{"name":"Infobae","@id":"https:\/\/fuentesfidedignas.com.mx\/#\/schema\/person\/8575896a7c1067d352f6c1cd6582c389"},"headline":"Cuauht\u00e9moc Blanco: fotograf\u00eda con supuestos l\u00edderes narcos golpea al gobernador de Morelos","datePublished":"2022-01-04T19:28:44+00:00","dateModified":"2022-01-04T19:28:45+00:00","mainEntityOfPage":{"@id":"https:\/\/fuentesfidedignas.com.mx\/index.php\/2022\/01\/04\/cuauhtemoc-blanco-fotografia-con-supuestos-lideres-narcos-golpea-al-gobernador-de-morelos\/"},"wordCount":652,"commentCount":0,"publisher":{"@id":"https:\/\/fuentesfidedignas.com.mx\/#organization"},"image":{"@id":"https:\/\/fuentesfidedignas.com.mx\/index.php\/2022\/01\/04\/cuauhtemoc-blanco-fotografia-con-supuestos-lideres-narcos-golpea-al-gobernador-de-morelos\/#primaryimage"},"thumbnailUrl":"https:\/\/fuentesfidedignas.com.mx\/wp-content\/uploads\/2022\/01\/BLANCO_LIDERES.jpg","articleSection":["NOTICIAS NACIONALES"],"inLanguage":"es","potentialAction":[{"@type":"CommentAction","name":"Comment","target":["https:\/\/fuentesfidedignas.com.mx\/index.php\/2022\/01\/04\/cuauhtemoc-blanco-fotografia-con-supuestos-lideres-narcos-golpea-al-gobernador-de-morelos\/#respond"]}]},{"@type":"WebPage","@id":"https:\/\/fuentesfidedignas.com.mx\/index.php\/2022\/01\/04\/cuauhtemoc-blanco-fotografia-con-supuestos-lideres-narcos-golpea-al-gobernador-de-morelos\/","url":"https:\/\/fuentesfidedignas.com.mx\/index.php\/2022\/01\/04\/cuauhtemoc-blanco-fotografia-con-supuestos-lideres-narcos-golpea-al-gobernador-de-morelos\/","name":"Cuauht\u00e9moc Blanco: fotograf\u00eda con supuestos l\u00edderes narcos golpea al gobernador de Morelos - Fuentes Fidedignas","isPartOf":{"@id":"https:\/\/fuentesfidedignas.com.mx\/#website"},"primaryImageOfPage":{"@id":"https:\/\/fuentesfidedignas.com.mx\/index.php\/2022\/01\/04\/cuauhtemoc-blanco-fotografia-con-supuestos-lideres-narcos-golpea-al-gobernador-de-morelos\/#primaryimage"},"image":{"@id":"https:\/\/fuentesfidedignas.com.mx\/index.php\/2022\/01\/04\/cuauhtemoc-blanco-fotografia-con-supuestos-lideres-narcos-golpea-al-gobernador-de-morelos\/#primaryimage"},"thumbnailUrl":"https:\/\/fuentesfidedignas.com.mx\/wp-content\/uploads\/2022\/01\/BLANCO_LIDERES.jpg","datePublished":"2022-01-04T19:28:44+00:00","dateModified":"2022-01-04T19:28:45+00:00","breadcrumb":{"@id":"https:\/\/fuentesfidedignas.com.mx\/index.php\/2022\/01\/04\/cuauhtemoc-blanco-fotografia-con-supuestos-lideres-narcos-golpea-al-gobernador-de-morelos\/#breadcrumb"},"inLanguage":"es","potentialAction":[{"@type":"ReadAction","target":["https:\/\/fuentesfidedignas.com.mx\/index.php\/2022\/01\/04\/cuauhtemoc-blanco-fotografia-con-supuestos-lideres-narcos-golpea-al-gobernador-de-morelos\/"]}]},{"@type":"ImageObject","inLanguage":"es","@id":"https:\/\/fuentesfidedignas.com.mx\/index.php\/2022\/01\/04\/cuauhtemoc-blanco-fotografia-con-supuestos-lideres-narcos-golpea-al-gobernador-de-morelos\/#primaryimage","url":"https:\/\/fuentesfidedignas.com.mx\/wp-content\/uploads\/2022\/01\/BLANCO_LIDERES.jpg","contentUrl":"https:\/\/fuentesfidedignas.com.mx\/wp-content\/uploads\/2022\/01\/BLANCO_LIDERES.jpg","width":949,"height":530},{"@type":"BreadcrumbList","@id":"https:\/\/fuentesfidedignas.com.mx\/index.php\/2022\/01\/04\/cuauhtemoc-blanco-fotografia-con-supuestos-lideres-narcos-golpea-al-gobernador-de-morelos\/#breadcrumb","itemListElement":[{"@type":"ListItem","position":1,"name":"Inicio","item":"https:\/\/fuentesfidedignas.com.mx\/"},{"@type":"ListItem","position":2,"name":"Cuauht\u00e9moc Blanco: fotograf\u00eda con supuestos l\u00edderes narcos golpea al gobernador de Morelos"}]},{"@type":"WebSite","@id":"https:\/\/fuentesfidedignas.com.mx\/#website","url":"https:\/\/fuentesfidedignas.com.mx\/","name":"Fuentes Fidedignas","description":"Otro sitio realizado con WordPress","publisher":{"@id":"https:\/\/fuentesfidedignas.com.mx\/#organization"},"potentialAction":[{"@type":"SearchAction","target":{"@type":"EntryPoint","urlTemplate":"https:\/\/fuentesfidedignas.com.mx\/?s={search_term_string}"},"query-input":{"@type":"PropertyValueSpecification","valueRequired":true,"valueName":"search_term_string"}}],"inLanguage":"es"},{"@type":"Organization","@id":"https:\/\/fuentesfidedignas.com.mx\/#organization","name":"Fuentes Fidedignas","url":"https:\/\/fuentesfidedignas.com.mx\/","logo":{"@type":"ImageObject","inLanguage":"es","@id":"https:\/\/fuentesfidedignas.com.mx\/#\/schema\/logo\/image\/","url":"https:\/\/fuentesfidedignas.com.mx\/wp-content\/uploads\/2021\/04\/logo-retina.png","contentUrl":"https:\/\/fuentesfidedignas.com.mx\/wp-content\/uploads\/2021\/04\/logo-retina.png","width":280,"height":51,"caption":"Fuentes Fidedignas"},"image":{"@id":"https:\/\/fuentesfidedignas.com.mx\/#\/schema\/logo\/image\/"},"sameAs":["https:\/\/www.facebook.com\/Fuentes-Fidedignas-368234489921644","https:\/\/x.com\/fidedignas"]},{"@type":"Person","@id":"https:\/\/fuentesfidedignas.com.mx\/#\/schema\/person\/8575896a7c1067d352f6c1cd6582c389","name":"Infobae","image":{"@type":"ImageObject","inLanguage":"es","@id":"https:\/\/secure.gravatar.com\/avatar\/e4ec95706f8d1670343f6526fdcec45474bab17475a851434a64ca12b5acba1c?s=96&d=mm&r=g","url":"https:\/\/secure.gravatar.com\/avatar\/e4ec95706f8d1670343f6526fdcec45474bab17475a851434a64ca12b5acba1c?s=96&d=mm&r=g","contentUrl":"https:\/\/secure.gravatar.com\/avatar\/e4ec95706f8d1670343f6526fdcec45474bab17475a851434a64ca12b5acba1c?s=96&d=mm&r=g","caption":"Infobae"},"url":"https:\/\/fuentesfidedignas.com.mx\/index.php\/author\/infobae\/"}]}},"_links":{"self":[{"href":"https:\/\/fuentesfidedignas.com.mx\/index.php\/wp-json\/wp\/v2\/posts\/20972","targetHints":{"allow":["GET"]}}],"collection":[{"href":"https:\/\/fuentesfidedignas.com.mx\/index.php\/wp-json\/wp\/v2\/posts"}],"about":[{"href":"https:\/\/fuentesfidedignas.com.mx\/index.php\/wp-json\/wp\/v2\/types\/post"}],"author":[{"embeddable":true,"href":"https:\/\/fuentesfidedignas.com.mx\/index.php\/wp-json\/wp\/v2\/users\/41"}],"replies":[{"embeddable":true,"href":"https:\/\/fuentesfidedignas.com.mx\/index.php\/wp-json\/wp\/v2\/comments?post=20972"}],"version-history":[{"count":1,"href":"https:\/\/fuentesfidedignas.com.mx\/index.php\/wp-json\/wp\/v2\/posts\/20972\/revisions"}],"predecessor-version":[{"id":20974,"href":"https:\/\/fuentesfidedignas.com.mx\/index.php\/wp-json\/wp\/v2\/posts\/20972\/revisions\/20974"}],"wp:featuredmedia":[{"embeddable":true,"href":"https:\/\/fuentesfidedignas.com.mx\/index.php\/wp-json\/wp\/v2\/media\/20973"}],"wp:attachment":[{"href":"https:\/\/fuentesfidedignas.com.mx\/index.php\/wp-json\/wp\/v2\/media?parent=20972"}],"wp:term":[{"taxonomy":"category","embeddable":true,"href":"https:\/\/fuentesfidedignas.com.mx\/index.php\/wp-json\/wp\/v2\/categories?post=20972"},{"taxonomy":"post_tag","embeddable":true,"href":"https:\/\/fuentesfidedignas.com.mx\/index.php\/wp-json\/wp\/v2\/tags?post=20972"}],"curies":[{"name":"wp","href":"https:\/\/api.w.org\/{rel}","templated":true}]}}