{"id":20918,"date":"2022-01-03T16:45:00","date_gmt":"2022-01-03T23:45:00","guid":{"rendered":"https:\/\/fuentesfidedignas.com.mx\/?p=20918"},"modified":"2022-01-03T20:49:53","modified_gmt":"2022-01-04T03:49:53","slug":"atacan-a-juez-federal-y-a-su-hijo-en-morelos-detienen-a-tres-presuntos-agresores","status":"publish","type":"post","link":"https:\/\/fuentesfidedignas.com.mx\/index.php\/2022\/01\/03\/atacan-a-juez-federal-y-a-su-hijo-en-morelos-detienen-a-tres-presuntos-agresores\/","title":{"rendered":"Atacan a juez federal y a su hijo en Morelos; detienen a tres presuntos agresores"},"content":{"rendered":"\n<p><strong><em>Arturo Zald\u00edvar y Olga S\u00e1nchez Cordero manifestaron su solidaridad con el jurista, quien se encontraba acompa\u00f1ado de su hijo al momento del ataque <\/em><\/strong><\/p>\n\n\n\n<p>Morelos. Gabriel Dom\u00ednguez Barrios, juez federal de Distrito, fue atacado por sujetos armados la tarde de este lunes 3 de enero en la avenida San Gaspar, colonia Las Fuentes de Jiutepec, Morelos; el jurista viajaba en compa\u00f1\u00eda de su hijo en una camioneta blanca con placas de Chiapas al momento del atentado.<\/p>\n\n\n\n<p>El ministro presidente de la Suprema Corte de Justicia de la Naci\u00f3n, Arturo Zald\u00edvar conden\u00f3 el ataque mediante su cuenta de Twitter: \u201cMi m\u00e1s en\u00e9rgica condena al ataque que sufrieron el Juez de Distrito Gabriel Dom\u00ednguez Barrios y su hijo. Exijo de las autoridades competentes una investigaci\u00f3n r\u00e1pida, seria y profunda que permita sancionar a los responsables\u201d, escribi\u00f3 el magistrado.<\/p>\n\n\n\n<p>Por su parte, la presidenta de la Mesa Directiva del Senado de la Rep\u00fablica, Olga S\u00e1nchez Cordero, tambi\u00e9n expres\u00f3 su preocupaci\u00f3n sobre el caso y pidi\u00f3 a las autoridades realizar las investigaciones pertinentes:<\/p>\n\n\n\n<p>\u201cMe uno a la condena por el ataque contra el Juez de Distrito Gabriel Dom\u00ednguez Barrios y su hijo. Considero indispensable que se investiguen y se deslinden las responsabilidades correspondientes. Mi solidaridad con todos los integrantes del Poder Judicial de la Federaci\u00f3n\u201d, expres\u00f3.<\/p>\n\n\n\n<p>La Comisi\u00f3n Estatal de Seguridad P\u00fablica de Morelos, comunic\u00f3 que elementos de la polic\u00eda local lograron detener a tres hombres que podr\u00edan estar implicados en el incidente, pues se dijo que ser\u00edan responsables de un crimen con caracter\u00edsticas similares al que sufri\u00f3 Dom\u00ednguez Barrios, por lo que la fiscal\u00eda estatal ya realiza las investigaciones correspondientes.<\/p>\n\n\n\n<p>\u201cDetiene #Polic\u00edaMorelos a tres hombres, presuntos responsables de asaltar y lesionar con arma de fuego a un hombre y a un menor de edad, en el municipio de #Jiutepec. Se trabaja en coordinaci\u00f3n con la @Fiscal\u00eda_Morelos para dar seguimiento a la investigaci\u00f3n\u201d, comunic\u00f3 la dependencia.<\/p>\n\n\n\n<p>Seg\u00fan los primeros reportes, el juez y su hijo habr\u00edan sido asaltados en un restaurante de la entidad, lugar en el cual uno de los delincuentes hiri\u00f3 con arma de fuego al jurista, por lo que fue trasladado a un hospital de la zona, donde se reporta fuera de peligro, pues sus heridas no son de gravedad.<\/p>\n\n\n\n<p>Gabriel Dom\u00ednguez Barrios es el titular del Juzgado Noveno de Distrito en Guerrero desde el a\u00f1o 2018 y es responsable del manejo del caso de los 43 normalistas desaparecidos en Ayotzinapa; el jurista fue criticado por dejar en libertad a uno de los presuntos implicados en el caso.<\/p>\n\n\n\n<p>Marco Antonio R\u00edos Berber, quien fue acusado de participar en la desaparici\u00f3n de los normalistas, pag\u00f3 una multa de 10 mil pesos ante el Juzgado Noveno de Distrito en noviembre del 2019, tr\u00e1mite con el cual logr\u00f3 recuperar su libertad y ser deslindado del caso.<\/p>\n\n\n\n<p>El acusado asegur\u00f3 ser un halc\u00f3n para la organizaci\u00f3n criminal Guerreros Unidos, y confes\u00f3 que el 26 de septiembre del 2014 se le encomend\u00f3 vigilar la entrada de los normalistas a Iguala, entidad en la cual se llevaba a cabo un evento del DIF local, dirigido por Mar\u00eda de los \u00c1ngeles Pineda Villa, esposa del alcalde en aqu\u00e9l entonces, Jos\u00e9 Lu\u00eds Abarca.<\/p>\n\n\n\n<p>R\u00edo Berber dijo haber comprado di\u00e9sel para incinerar los cuerpos de los normalistas tras su asesinato, lo cual fue ejecutado por \u00e9l mismo y por polic\u00edas municipales, quienes los trasladaron a Pueblo Viejo, lugar en el cual se prendi\u00f3 fuego a sus restos.<\/p>\n\n\n\n<p>Seg\u00fan el acusado, el ataque fue comandado por Gildardo L\u00f3pez Astudillo El Gil, quien era el jefe de plaza en Colula para Guerreros Unidos; este criminal tambi\u00e9n fue arrestado por su presunta participaci\u00f3n en el caso, pero las autoridades lo liberaron por falta de pruebas en su contra.<\/p>\n","protected":false},"excerpt":{"rendered":"<p>Arturo Zald\u00edvar y Olga S\u00e1nchez Cordero manifestaron su solidaridad con el jurista, quien se encontraba acompa\u00f1ado de su hijo al momento del ataque Morelos. Gabriel Dom\u00ednguez Barrios, juez federal de Distrito, fue atacado por sujetos armados la tarde de este lunes 3 de enero en la avenida San Gaspar, colonia Las Fuentes de Jiutepec, Morelos; [&hellip;]<\/p>\n","protected":false},"author":41,"featured_media":20919,"comment_status":"open","ping_status":"open","sticky":false,"template":"","format":"standard","meta":{"tdm_status":"","tdm_grid_status":"","footnotes":""},"categories":[39],"tags":[],"class_list":{"0":"post-20918","1":"post","2":"type-post","3":"status-publish","4":"format-standard","5":"has-post-thumbnail","7":"category-noticias-nacionales"},"yoast_head":"<!-- This site is optimized with the Yoast SEO plugin v27.5 - https:\/\/yoast.com\/product\/yoast-seo-wordpress\/ -->\n<title>Atacan a juez federal y a su hijo en Morelos; detienen a tres presuntos agresores - Fuentes Fidedignas<\/title>\n<meta name=\"robots\" content=\"index, follow, max-snippet:-1, max-image-preview:large, max-video-preview:-1\" \/>\n<link rel=\"canonical\" href=\"https:\/\/fuentesfidedignas.com.mx\/index.php\/2022\/01\/03\/atacan-a-juez-federal-y-a-su-hijo-en-morelos-detienen-a-tres-presuntos-agresores\/\" \/>\n<meta property=\"og:locale\" content=\"es_MX\" \/>\n<meta property=\"og:type\" content=\"article\" \/>\n<meta property=\"og:title\" content=\"Atacan a juez federal y a su hijo en Morelos; detienen a tres presuntos agresores - Fuentes Fidedignas\" \/>\n<meta property=\"og:description\" content=\"Arturo Zald\u00edvar y Olga S\u00e1nchez Cordero manifestaron su solidaridad con el jurista, quien se encontraba acompa\u00f1ado de su hijo al momento del ataque Morelos. Gabriel Dom\u00ednguez Barrios, juez federal de Distrito, fue atacado por sujetos armados la tarde de este lunes 3 de enero en la avenida San Gaspar, colonia Las Fuentes de Jiutepec, Morelos; [&hellip;]\" \/>\n<meta property=\"og:url\" content=\"https:\/\/fuentesfidedignas.com.mx\/index.php\/2022\/01\/03\/atacan-a-juez-federal-y-a-su-hijo-en-morelos-detienen-a-tres-presuntos-agresores\/\" \/>\n<meta property=\"og:site_name\" content=\"Fuentes Fidedignas\" \/>\n<meta property=\"article:publisher\" content=\"https:\/\/www.facebook.com\/Fuentes-Fidedignas-368234489921644\" \/>\n<meta property=\"article:published_time\" content=\"2022-01-03T23:45:00+00:00\" \/>\n<meta property=\"article:modified_time\" content=\"2022-01-04T03:49:53+00:00\" \/>\n<meta property=\"og:image\" content=\"https:\/\/fuentesfidedignas.com.mx\/wp-content\/uploads\/2022\/01\/U5PZXZFA6VDUJNIHUE24J54CE4.jpg\" \/>\n\t<meta property=\"og:image:width\" content=\"992\" \/>\n\t<meta property=\"og:image:height\" content=\"558\" \/>\n\t<meta property=\"og:image:type\" content=\"image\/jpeg\" \/>\n<meta name=\"author\" content=\"Infobae\" \/>\n<meta name=\"twitter:card\" content=\"summary_large_image\" \/>\n<meta name=\"twitter:creator\" content=\"@fidedignas\" \/>\n<meta name=\"twitter:site\" content=\"@fidedignas\" \/>\n<meta name=\"twitter:label1\" content=\"Escrito por\" \/>\n\t<meta name=\"twitter:data1\" content=\"Infobae\" \/>\n\t<meta name=\"twitter:label2\" content=\"Tiempo de lectura\" \/>\n\t<meta name=\"twitter:data2\" content=\"3 minutos\" \/>\n<script type=\"application\/ld+json\" class=\"yoast-schema-graph\">{\"@context\":\"https:\\\/\\\/schema.org\",\"@graph\":[{\"@type\":\"Article\",\"@id\":\"https:\\\/\\\/fuentesfidedignas.com.mx\\\/index.php\\\/2022\\\/01\\\/03\\\/atacan-a-juez-federal-y-a-su-hijo-en-morelos-detienen-a-tres-presuntos-agresores\\\/#article\",\"isPartOf\":{\"@id\":\"https:\\\/\\\/fuentesfidedignas.com.mx\\\/index.php\\\/2022\\\/01\\\/03\\\/atacan-a-juez-federal-y-a-su-hijo-en-morelos-detienen-a-tres-presuntos-agresores\\\/\"},\"author\":{\"name\":\"Infobae\",\"@id\":\"https:\\\/\\\/fuentesfidedignas.com.mx\\\/#\\\/schema\\\/person\\\/8575896a7c1067d352f6c1cd6582c389\"},\"headline\":\"Atacan a juez federal y a su hijo en Morelos; detienen a tres presuntos agresores\",\"datePublished\":\"2022-01-03T23:45:00+00:00\",\"dateModified\":\"2022-01-04T03:49:53+00:00\",\"mainEntityOfPage\":{\"@id\":\"https:\\\/\\\/fuentesfidedignas.com.mx\\\/index.php\\\/2022\\\/01\\\/03\\\/atacan-a-juez-federal-y-a-su-hijo-en-morelos-detienen-a-tres-presuntos-agresores\\\/\"},\"wordCount\":672,\"commentCount\":0,\"publisher\":{\"@id\":\"https:\\\/\\\/fuentesfidedignas.com.mx\\\/#organization\"},\"image\":{\"@id\":\"https:\\\/\\\/fuentesfidedignas.com.mx\\\/index.php\\\/2022\\\/01\\\/03\\\/atacan-a-juez-federal-y-a-su-hijo-en-morelos-detienen-a-tres-presuntos-agresores\\\/#primaryimage\"},\"thumbnailUrl\":\"https:\\\/\\\/fuentesfidedignas.com.mx\\\/wp-content\\\/uploads\\\/2022\\\/01\\\/U5PZXZFA6VDUJNIHUE24J54CE4.jpg\",\"articleSection\":[\"NOTICIAS NACIONALES\"],\"inLanguage\":\"es\",\"potentialAction\":[{\"@type\":\"CommentAction\",\"name\":\"Comment\",\"target\":[\"https:\\\/\\\/fuentesfidedignas.com.mx\\\/index.php\\\/2022\\\/01\\\/03\\\/atacan-a-juez-federal-y-a-su-hijo-en-morelos-detienen-a-tres-presuntos-agresores\\\/#respond\"]}]},{\"@type\":\"WebPage\",\"@id\":\"https:\\\/\\\/fuentesfidedignas.com.mx\\\/index.php\\\/2022\\\/01\\\/03\\\/atacan-a-juez-federal-y-a-su-hijo-en-morelos-detienen-a-tres-presuntos-agresores\\\/\",\"url\":\"https:\\\/\\\/fuentesfidedignas.com.mx\\\/index.php\\\/2022\\\/01\\\/03\\\/atacan-a-juez-federal-y-a-su-hijo-en-morelos-detienen-a-tres-presuntos-agresores\\\/\",\"name\":\"Atacan a juez federal y a su hijo en Morelos; detienen a tres presuntos agresores - Fuentes Fidedignas\",\"isPartOf\":{\"@id\":\"https:\\\/\\\/fuentesfidedignas.com.mx\\\/#website\"},\"primaryImageOfPage\":{\"@id\":\"https:\\\/\\\/fuentesfidedignas.com.mx\\\/index.php\\\/2022\\\/01\\\/03\\\/atacan-a-juez-federal-y-a-su-hijo-en-morelos-detienen-a-tres-presuntos-agresores\\\/#primaryimage\"},\"image\":{\"@id\":\"https:\\\/\\\/fuentesfidedignas.com.mx\\\/index.php\\\/2022\\\/01\\\/03\\\/atacan-a-juez-federal-y-a-su-hijo-en-morelos-detienen-a-tres-presuntos-agresores\\\/#primaryimage\"},\"thumbnailUrl\":\"https:\\\/\\\/fuentesfidedignas.com.mx\\\/wp-content\\\/uploads\\\/2022\\\/01\\\/U5PZXZFA6VDUJNIHUE24J54CE4.jpg\",\"datePublished\":\"2022-01-03T23:45:00+00:00\",\"dateModified\":\"2022-01-04T03:49:53+00:00\",\"breadcrumb\":{\"@id\":\"https:\\\/\\\/fuentesfidedignas.com.mx\\\/index.php\\\/2022\\\/01\\\/03\\\/atacan-a-juez-federal-y-a-su-hijo-en-morelos-detienen-a-tres-presuntos-agresores\\\/#breadcrumb\"},\"inLanguage\":\"es\",\"potentialAction\":[{\"@type\":\"ReadAction\",\"target\":[\"https:\\\/\\\/fuentesfidedignas.com.mx\\\/index.php\\\/2022\\\/01\\\/03\\\/atacan-a-juez-federal-y-a-su-hijo-en-morelos-detienen-a-tres-presuntos-agresores\\\/\"]}]},{\"@type\":\"ImageObject\",\"inLanguage\":\"es\",\"@id\":\"https:\\\/\\\/fuentesfidedignas.com.mx\\\/index.php\\\/2022\\\/01\\\/03\\\/atacan-a-juez-federal-y-a-su-hijo-en-morelos-detienen-a-tres-presuntos-agresores\\\/#primaryimage\",\"url\":\"https:\\\/\\\/fuentesfidedignas.com.mx\\\/wp-content\\\/uploads\\\/2022\\\/01\\\/U5PZXZFA6VDUJNIHUE24J54CE4.jpg\",\"contentUrl\":\"https:\\\/\\\/fuentesfidedignas.com.mx\\\/wp-content\\\/uploads\\\/2022\\\/01\\\/U5PZXZFA6VDUJNIHUE24J54CE4.jpg\",\"width\":992,\"height\":558},{\"@type\":\"BreadcrumbList\",\"@id\":\"https:\\\/\\\/fuentesfidedignas.com.mx\\\/index.php\\\/2022\\\/01\\\/03\\\/atacan-a-juez-federal-y-a-su-hijo-en-morelos-detienen-a-tres-presuntos-agresores\\\/#breadcrumb\",\"itemListElement\":[{\"@type\":\"ListItem\",\"position\":1,\"name\":\"Inicio\",\"item\":\"https:\\\/\\\/fuentesfidedignas.com.mx\\\/\"},{\"@type\":\"ListItem\",\"position\":2,\"name\":\"Atacan a juez federal y a su hijo en Morelos; detienen a tres presuntos agresores\"}]},{\"@type\":\"WebSite\",\"@id\":\"https:\\\/\\\/fuentesfidedignas.com.mx\\\/#website\",\"url\":\"https:\\\/\\\/fuentesfidedignas.com.mx\\\/\",\"name\":\"Fuentes Fidedignas\",\"description\":\"Otro sitio realizado con WordPress\",\"publisher\":{\"@id\":\"https:\\\/\\\/fuentesfidedignas.com.mx\\\/#organization\"},\"potentialAction\":[{\"@type\":\"SearchAction\",\"target\":{\"@type\":\"EntryPoint\",\"urlTemplate\":\"https:\\\/\\\/fuentesfidedignas.com.mx\\\/?s={search_term_string}\"},\"query-input\":{\"@type\":\"PropertyValueSpecification\",\"valueRequired\":true,\"valueName\":\"search_term_string\"}}],\"inLanguage\":\"es\"},{\"@type\":\"Organization\",\"@id\":\"https:\\\/\\\/fuentesfidedignas.com.mx\\\/#organization\",\"name\":\"Fuentes Fidedignas\",\"url\":\"https:\\\/\\\/fuentesfidedignas.com.mx\\\/\",\"logo\":{\"@type\":\"ImageObject\",\"inLanguage\":\"es\",\"@id\":\"https:\\\/\\\/fuentesfidedignas.com.mx\\\/#\\\/schema\\\/logo\\\/image\\\/\",\"url\":\"https:\\\/\\\/fuentesfidedignas.com.mx\\\/wp-content\\\/uploads\\\/2021\\\/04\\\/logo-retina.png\",\"contentUrl\":\"https:\\\/\\\/fuentesfidedignas.com.mx\\\/wp-content\\\/uploads\\\/2021\\\/04\\\/logo-retina.png\",\"width\":280,\"height\":51,\"caption\":\"Fuentes Fidedignas\"},\"image\":{\"@id\":\"https:\\\/\\\/fuentesfidedignas.com.mx\\\/#\\\/schema\\\/logo\\\/image\\\/\"},\"sameAs\":[\"https:\\\/\\\/www.facebook.com\\\/Fuentes-Fidedignas-368234489921644\",\"https:\\\/\\\/x.com\\\/fidedignas\"]},{\"@type\":\"Person\",\"@id\":\"https:\\\/\\\/fuentesfidedignas.com.mx\\\/#\\\/schema\\\/person\\\/8575896a7c1067d352f6c1cd6582c389\",\"name\":\"Infobae\",\"image\":{\"@type\":\"ImageObject\",\"inLanguage\":\"es\",\"@id\":\"https:\\\/\\\/secure.gravatar.com\\\/avatar\\\/e4ec95706f8d1670343f6526fdcec45474bab17475a851434a64ca12b5acba1c?s=96&d=mm&r=g\",\"url\":\"https:\\\/\\\/secure.gravatar.com\\\/avatar\\\/e4ec95706f8d1670343f6526fdcec45474bab17475a851434a64ca12b5acba1c?s=96&d=mm&r=g\",\"contentUrl\":\"https:\\\/\\\/secure.gravatar.com\\\/avatar\\\/e4ec95706f8d1670343f6526fdcec45474bab17475a851434a64ca12b5acba1c?s=96&d=mm&r=g\",\"caption\":\"Infobae\"},\"url\":\"https:\\\/\\\/fuentesfidedignas.com.mx\\\/index.php\\\/author\\\/infobae\\\/\"}]}<\/script>\n<!-- \/ Yoast SEO plugin. -->","yoast_head_json":{"title":"Atacan a juez federal y a su hijo en Morelos; detienen a tres presuntos agresores - Fuentes Fidedignas","robots":{"index":"index","follow":"follow","max-snippet":"max-snippet:-1","max-image-preview":"max-image-preview:large","max-video-preview":"max-video-preview:-1"},"canonical":"https:\/\/fuentesfidedignas.com.mx\/index.php\/2022\/01\/03\/atacan-a-juez-federal-y-a-su-hijo-en-morelos-detienen-a-tres-presuntos-agresores\/","og_locale":"es_MX","og_type":"article","og_title":"Atacan a juez federal y a su hijo en Morelos; detienen a tres presuntos agresores - Fuentes Fidedignas","og_description":"Arturo Zald\u00edvar y Olga S\u00e1nchez Cordero manifestaron su solidaridad con el jurista, quien se encontraba acompa\u00f1ado de su hijo al momento del ataque Morelos. Gabriel Dom\u00ednguez Barrios, juez federal de Distrito, fue atacado por sujetos armados la tarde de este lunes 3 de enero en la avenida San Gaspar, colonia Las Fuentes de Jiutepec, Morelos; [&hellip;]","og_url":"https:\/\/fuentesfidedignas.com.mx\/index.php\/2022\/01\/03\/atacan-a-juez-federal-y-a-su-hijo-en-morelos-detienen-a-tres-presuntos-agresores\/","og_site_name":"Fuentes Fidedignas","article_publisher":"https:\/\/www.facebook.com\/Fuentes-Fidedignas-368234489921644","article_published_time":"2022-01-03T23:45:00+00:00","article_modified_time":"2022-01-04T03:49:53+00:00","og_image":[{"width":992,"height":558,"url":"https:\/\/fuentesfidedignas.com.mx\/wp-content\/uploads\/2022\/01\/U5PZXZFA6VDUJNIHUE24J54CE4.jpg","type":"image\/jpeg"}],"author":"Infobae","twitter_card":"summary_large_image","twitter_creator":"@fidedignas","twitter_site":"@fidedignas","twitter_misc":{"Escrito por":"Infobae","Tiempo de lectura":"3 minutos"},"schema":{"@context":"https:\/\/schema.org","@graph":[{"@type":"Article","@id":"https:\/\/fuentesfidedignas.com.mx\/index.php\/2022\/01\/03\/atacan-a-juez-federal-y-a-su-hijo-en-morelos-detienen-a-tres-presuntos-agresores\/#article","isPartOf":{"@id":"https:\/\/fuentesfidedignas.com.mx\/index.php\/2022\/01\/03\/atacan-a-juez-federal-y-a-su-hijo-en-morelos-detienen-a-tres-presuntos-agresores\/"},"author":{"name":"Infobae","@id":"https:\/\/fuentesfidedignas.com.mx\/#\/schema\/person\/8575896a7c1067d352f6c1cd6582c389"},"headline":"Atacan a juez federal y a su hijo en Morelos; detienen a tres presuntos agresores","datePublished":"2022-01-03T23:45:00+00:00","dateModified":"2022-01-04T03:49:53+00:00","mainEntityOfPage":{"@id":"https:\/\/fuentesfidedignas.com.mx\/index.php\/2022\/01\/03\/atacan-a-juez-federal-y-a-su-hijo-en-morelos-detienen-a-tres-presuntos-agresores\/"},"wordCount":672,"commentCount":0,"publisher":{"@id":"https:\/\/fuentesfidedignas.com.mx\/#organization"},"image":{"@id":"https:\/\/fuentesfidedignas.com.mx\/index.php\/2022\/01\/03\/atacan-a-juez-federal-y-a-su-hijo-en-morelos-detienen-a-tres-presuntos-agresores\/#primaryimage"},"thumbnailUrl":"https:\/\/fuentesfidedignas.com.mx\/wp-content\/uploads\/2022\/01\/U5PZXZFA6VDUJNIHUE24J54CE4.jpg","articleSection":["NOTICIAS NACIONALES"],"inLanguage":"es","potentialAction":[{"@type":"CommentAction","name":"Comment","target":["https:\/\/fuentesfidedignas.com.mx\/index.php\/2022\/01\/03\/atacan-a-juez-federal-y-a-su-hijo-en-morelos-detienen-a-tres-presuntos-agresores\/#respond"]}]},{"@type":"WebPage","@id":"https:\/\/fuentesfidedignas.com.mx\/index.php\/2022\/01\/03\/atacan-a-juez-federal-y-a-su-hijo-en-morelos-detienen-a-tres-presuntos-agresores\/","url":"https:\/\/fuentesfidedignas.com.mx\/index.php\/2022\/01\/03\/atacan-a-juez-federal-y-a-su-hijo-en-morelos-detienen-a-tres-presuntos-agresores\/","name":"Atacan a juez federal y a su hijo en Morelos; detienen a tres presuntos agresores - Fuentes Fidedignas","isPartOf":{"@id":"https:\/\/fuentesfidedignas.com.mx\/#website"},"primaryImageOfPage":{"@id":"https:\/\/fuentesfidedignas.com.mx\/index.php\/2022\/01\/03\/atacan-a-juez-federal-y-a-su-hijo-en-morelos-detienen-a-tres-presuntos-agresores\/#primaryimage"},"image":{"@id":"https:\/\/fuentesfidedignas.com.mx\/index.php\/2022\/01\/03\/atacan-a-juez-federal-y-a-su-hijo-en-morelos-detienen-a-tres-presuntos-agresores\/#primaryimage"},"thumbnailUrl":"https:\/\/fuentesfidedignas.com.mx\/wp-content\/uploads\/2022\/01\/U5PZXZFA6VDUJNIHUE24J54CE4.jpg","datePublished":"2022-01-03T23:45:00+00:00","dateModified":"2022-01-04T03:49:53+00:00","breadcrumb":{"@id":"https:\/\/fuentesfidedignas.com.mx\/index.php\/2022\/01\/03\/atacan-a-juez-federal-y-a-su-hijo-en-morelos-detienen-a-tres-presuntos-agresores\/#breadcrumb"},"inLanguage":"es","potentialAction":[{"@type":"ReadAction","target":["https:\/\/fuentesfidedignas.com.mx\/index.php\/2022\/01\/03\/atacan-a-juez-federal-y-a-su-hijo-en-morelos-detienen-a-tres-presuntos-agresores\/"]}]},{"@type":"ImageObject","inLanguage":"es","@id":"https:\/\/fuentesfidedignas.com.mx\/index.php\/2022\/01\/03\/atacan-a-juez-federal-y-a-su-hijo-en-morelos-detienen-a-tres-presuntos-agresores\/#primaryimage","url":"https:\/\/fuentesfidedignas.com.mx\/wp-content\/uploads\/2022\/01\/U5PZXZFA6VDUJNIHUE24J54CE4.jpg","contentUrl":"https:\/\/fuentesfidedignas.com.mx\/wp-content\/uploads\/2022\/01\/U5PZXZFA6VDUJNIHUE24J54CE4.jpg","width":992,"height":558},{"@type":"BreadcrumbList","@id":"https:\/\/fuentesfidedignas.com.mx\/index.php\/2022\/01\/03\/atacan-a-juez-federal-y-a-su-hijo-en-morelos-detienen-a-tres-presuntos-agresores\/#breadcrumb","itemListElement":[{"@type":"ListItem","position":1,"name":"Inicio","item":"https:\/\/fuentesfidedignas.com.mx\/"},{"@type":"ListItem","position":2,"name":"Atacan a juez federal y a su hijo en Morelos; detienen a tres presuntos agresores"}]},{"@type":"WebSite","@id":"https:\/\/fuentesfidedignas.com.mx\/#website","url":"https:\/\/fuentesfidedignas.com.mx\/","name":"Fuentes Fidedignas","description":"Otro sitio realizado con WordPress","publisher":{"@id":"https:\/\/fuentesfidedignas.com.mx\/#organization"},"potentialAction":[{"@type":"SearchAction","target":{"@type":"EntryPoint","urlTemplate":"https:\/\/fuentesfidedignas.com.mx\/?s={search_term_string}"},"query-input":{"@type":"PropertyValueSpecification","valueRequired":true,"valueName":"search_term_string"}}],"inLanguage":"es"},{"@type":"Organization","@id":"https:\/\/fuentesfidedignas.com.mx\/#organization","name":"Fuentes Fidedignas","url":"https:\/\/fuentesfidedignas.com.mx\/","logo":{"@type":"ImageObject","inLanguage":"es","@id":"https:\/\/fuentesfidedignas.com.mx\/#\/schema\/logo\/image\/","url":"https:\/\/fuentesfidedignas.com.mx\/wp-content\/uploads\/2021\/04\/logo-retina.png","contentUrl":"https:\/\/fuentesfidedignas.com.mx\/wp-content\/uploads\/2021\/04\/logo-retina.png","width":280,"height":51,"caption":"Fuentes Fidedignas"},"image":{"@id":"https:\/\/fuentesfidedignas.com.mx\/#\/schema\/logo\/image\/"},"sameAs":["https:\/\/www.facebook.com\/Fuentes-Fidedignas-368234489921644","https:\/\/x.com\/fidedignas"]},{"@type":"Person","@id":"https:\/\/fuentesfidedignas.com.mx\/#\/schema\/person\/8575896a7c1067d352f6c1cd6582c389","name":"Infobae","image":{"@type":"ImageObject","inLanguage":"es","@id":"https:\/\/secure.gravatar.com\/avatar\/e4ec95706f8d1670343f6526fdcec45474bab17475a851434a64ca12b5acba1c?s=96&d=mm&r=g","url":"https:\/\/secure.gravatar.com\/avatar\/e4ec95706f8d1670343f6526fdcec45474bab17475a851434a64ca12b5acba1c?s=96&d=mm&r=g","contentUrl":"https:\/\/secure.gravatar.com\/avatar\/e4ec95706f8d1670343f6526fdcec45474bab17475a851434a64ca12b5acba1c?s=96&d=mm&r=g","caption":"Infobae"},"url":"https:\/\/fuentesfidedignas.com.mx\/index.php\/author\/infobae\/"}]}},"_links":{"self":[{"href":"https:\/\/fuentesfidedignas.com.mx\/index.php\/wp-json\/wp\/v2\/posts\/20918","targetHints":{"allow":["GET"]}}],"collection":[{"href":"https:\/\/fuentesfidedignas.com.mx\/index.php\/wp-json\/wp\/v2\/posts"}],"about":[{"href":"https:\/\/fuentesfidedignas.com.mx\/index.php\/wp-json\/wp\/v2\/types\/post"}],"author":[{"embeddable":true,"href":"https:\/\/fuentesfidedignas.com.mx\/index.php\/wp-json\/wp\/v2\/users\/41"}],"replies":[{"embeddable":true,"href":"https:\/\/fuentesfidedignas.com.mx\/index.php\/wp-json\/wp\/v2\/comments?post=20918"}],"version-history":[{"count":1,"href":"https:\/\/fuentesfidedignas.com.mx\/index.php\/wp-json\/wp\/v2\/posts\/20918\/revisions"}],"predecessor-version":[{"id":20920,"href":"https:\/\/fuentesfidedignas.com.mx\/index.php\/wp-json\/wp\/v2\/posts\/20918\/revisions\/20920"}],"wp:featuredmedia":[{"embeddable":true,"href":"https:\/\/fuentesfidedignas.com.mx\/index.php\/wp-json\/wp\/v2\/media\/20919"}],"wp:attachment":[{"href":"https:\/\/fuentesfidedignas.com.mx\/index.php\/wp-json\/wp\/v2\/media?parent=20918"}],"wp:term":[{"taxonomy":"category","embeddable":true,"href":"https:\/\/fuentesfidedignas.com.mx\/index.php\/wp-json\/wp\/v2\/categories?post=20918"},{"taxonomy":"post_tag","embeddable":true,"href":"https:\/\/fuentesfidedignas.com.mx\/index.php\/wp-json\/wp\/v2\/tags?post=20918"}],"curies":[{"name":"wp","href":"https:\/\/api.w.org\/{rel}","templated":true}]}}