{"id":20845,"date":"2022-01-02T18:06:14","date_gmt":"2022-01-03T01:06:14","guid":{"rendered":"https:\/\/fuentesfidedignas.com.mx\/?p=20845"},"modified":"2022-01-02T18:06:16","modified_gmt":"2022-01-03T01:06:16","slug":"paises-relajan-los-confinamientos-para-evitar-paralisis-economica","status":"publish","type":"post","link":"https:\/\/fuentesfidedignas.com.mx\/index.php\/2022\/01\/02\/paises-relajan-los-confinamientos-para-evitar-paralisis-economica\/","title":{"rendered":"Pa\u00edses relajan los confinamientos para evitar par\u00e1lisis econ\u00f3mica"},"content":{"rendered":"\n<p>Par\u00eds. Enfrentados a una ola de la variante \u00f3micron que dispar\u00f3 los contagios de Covid-19, cada vez m\u00e1s gobiernos del mundo alivian las reglas de aislamiento de los enfermos y sus contactos para evitar una par\u00e1lisis econ\u00f3mica.<\/p>\n\n\n\n<p>El alto grado de contagio de \u00f3micron y las consecuentes suspensiones laborales y cuarentenas, pesan fuertemente sobre las sociedades, aun cuando la aceleraci\u00f3n de contagios no viene acompa\u00f1ada, de momento, por un aumento en la mortalidad.<\/p>\n\n\n\n<p>Europa, epicentro actual de la pandemia, enfrenta niveles in\u00e9ditos de infecciones: m\u00e1s de 4.9 millones de casos registrados en los \u00faltimos siete d\u00edas, 59% m\u00e1s que la semana anterior, seg\u00fan un conteo de AFP el s\u00e1bado.<\/p>\n\n\n\n<p>En total, m\u00e1s de 100 millones de casos se han dado en Europa desde el descubrimiento del virus en diciembre de 2019.<\/p>\n\n\n\n<p>En Am\u00e9rica Latina, Ecuador anunci\u00f3 el s\u00e1bado que termin\u00f3 el \u00faltimo mes de 2021 con 24 mil 287 contagios, m\u00e1s del doble de los reportados en noviembre (9 mil 513) y el triple que en octubre (7 mil 556).<\/p>\n\n\n\n<p>En tanto Francia, con m\u00e1s de un mill\u00f3n de casos detectados en los \u00faltimos siete d\u00edas, anunci\u00f3 el domingo un alivio de las reglas de aislamiento de las personas contagiadas y sus contactos, como una forma de preservar la vida socioecon\u00f3mica del pa\u00eds.<\/p>\n\n\n\n<p>Bajo las reglas que entran en vigor el lunes, las personas positivas que tengan la vacunaci\u00f3n completa deber\u00e1n aislarse durante siete d\u00edas en lugar de diez, y podr\u00e1 reducirse a cinco si da negativo en una prueba posterior.<\/p>\n\n\n\n<p>Quienes estuvieron en contacto con estas personas no deber\u00e1n hacer cuarentena si disponen del esquema de vacunaci\u00f3n completa.<\/p>\n\n\n\n<p>El cambio de reglas deber\u00e1 asegurar &#8220;el control de los contagios al tiempo que se preserva la vida socioecon\u00f3mica&#8221;, explic\u00f3 el ministerio franc\u00e9s de Salud en un comunicado.<\/p>\n\n\n\n<p>En Reino Unido, con r\u00e9cords de contagios, el secretario de Salud Sajid Javid dijo que no habr\u00e1 nuevas restricciones, salvo como &#8220;absoluto \u00faltimo recurso&#8221;.<\/p>\n\n\n\n<p>Poco antes de navidad, el gobierno brit\u00e1nico hab\u00eda reducido de diez a siete los d\u00edas de aislamiento para personas vacunadas que contraen el coronavirus.<\/p>\n\n\n\n<p>&#8220;Limitar nuestra libertad debe ser un absoluto \u00faltimo recurso y los brit\u00e1nicos esperan que hagamos todo lo posible para evitarlo&#8221;, escribi\u00f3 Javid en un art\u00edculo en el diario Daily Mail.<\/p>\n\n\n\n<p>Agreg\u00f3 que &#8220;he estado decidido a que nos demos la mejor oportunidad de convivir con el virus&#8221;. El ministerio brit\u00e1nico de Salud es responsable de la pol\u00edtica sanitaria de Inglaterra, no as\u00ed del resto del Reino Unido, que s\u00ed adopt\u00f3 nuevas medidas restrictivas ante la variante \u00f3micron.<\/p>\n\n\n\n<p>El mismo d\u00eda, Argentina tom\u00f3 una decisi\u00f3n similar para tratar de minimizar el impacto econ\u00f3mico de un brote r\u00e9cord de contagios. Portugal lo hizo el viernes.<\/p>\n\n\n\n<p>Sud\u00e1frica calcula que ya super\u00f3 el pico de la ola de \u00f3micron y levant\u00f3 el 31 de diciembre el toque de queda nocturno vigente durante 21 meses.<\/p>\n\n\n\n<p>&#8220;Nosotros buscamos un equilibrio entre la vida de la gente, sus medios de sustento y el objetivo de salvar vidas&#8221;, explic\u00f3 el ministro de la Presidencia, Mondli Gungubele.<\/p>\n\n\n\n<p>En un reflejo del impacto invasivo de \u00f3micron, el tr\u00e1fico a\u00e9reo mundial sufri\u00f3 numerosas perturbaciones.<\/p>\n\n\n\n<p>Pilotos y tripulantes debieron hacer cuarentena por contagios de Covid-19 o por contactos con personas infectadas, llevando a empresas a\u00e9reas a cancelar vuelos.<\/p>\n\n\n\n<p>El s\u00e1bado en Estados Unidos, donde el mal tiempo se sum\u00f3 a las perturbaciones por la ola de contagios, unos 2 mil 660 vuelos fueron cancelados, m\u00e1s de la mitad de las cancelaciones en todo el mundo, seg\u00fan el sitio FlightAware.<\/p>\n\n\n\n<p>Para limitar las ausencias y evitar los bloqueos y escasez, el gobierno del presidente Joe Biden decidi\u00f3 el lunes reducir la duraci\u00f3n de las cuarentenas recomendadas de diez a cinco d\u00edas para personas que contrajeron Covid-19, siempre que est\u00e9n sin s\u00edntomas.<\/p>\n","protected":false},"excerpt":{"rendered":"<p>Par\u00eds. Enfrentados a una ola de la variante \u00f3micron que dispar\u00f3 los contagios de Covid-19, cada vez m\u00e1s gobiernos del mundo alivian las reglas de aislamiento de los enfermos y sus contactos para evitar una par\u00e1lisis econ\u00f3mica. El alto grado de contagio de \u00f3micron y las consecuentes suspensiones laborales y cuarentenas, pesan fuertemente sobre las [&hellip;]<\/p>\n","protected":false},"author":12,"featured_media":20846,"comment_status":"open","ping_status":"open","sticky":false,"template":"","format":"standard","meta":{"tdm_status":"","tdm_grid_status":"","footnotes":""},"categories":[39],"tags":[],"class_list":{"0":"post-20845","1":"post","2":"type-post","3":"status-publish","4":"format-standard","5":"has-post-thumbnail","7":"category-noticias-nacionales"},"yoast_head":"<!-- This site is optimized with the Yoast SEO plugin v27.5 - https:\/\/yoast.com\/product\/yoast-seo-wordpress\/ -->\n<title>Pa\u00edses relajan los confinamientos para evitar par\u00e1lisis econ\u00f3mica - Fuentes Fidedignas<\/title>\n<meta name=\"robots\" content=\"index, follow, max-snippet:-1, max-image-preview:large, max-video-preview:-1\" \/>\n<link rel=\"canonical\" href=\"https:\/\/fuentesfidedignas.com.mx\/index.php\/2022\/01\/02\/paises-relajan-los-confinamientos-para-evitar-paralisis-economica\/\" \/>\n<meta property=\"og:locale\" content=\"es_MX\" \/>\n<meta property=\"og:type\" content=\"article\" \/>\n<meta property=\"og:title\" content=\"Pa\u00edses relajan los confinamientos para evitar par\u00e1lisis econ\u00f3mica - Fuentes Fidedignas\" \/>\n<meta property=\"og:description\" content=\"Par\u00eds. Enfrentados a una ola de la variante \u00f3micron que dispar\u00f3 los contagios de Covid-19, cada vez m\u00e1s gobiernos del mundo alivian las reglas de aislamiento de los enfermos y sus contactos para evitar una par\u00e1lisis econ\u00f3mica. El alto grado de contagio de \u00f3micron y las consecuentes suspensiones laborales y cuarentenas, pesan fuertemente sobre las [&hellip;]\" \/>\n<meta property=\"og:url\" content=\"https:\/\/fuentesfidedignas.com.mx\/index.php\/2022\/01\/02\/paises-relajan-los-confinamientos-para-evitar-paralisis-economica\/\" \/>\n<meta property=\"og:site_name\" content=\"Fuentes Fidedignas\" \/>\n<meta property=\"article:publisher\" content=\"https:\/\/www.facebook.com\/Fuentes-Fidedignas-368234489921644\" \/>\n<meta property=\"article:published_time\" content=\"2022-01-03T01:06:14+00:00\" \/>\n<meta property=\"article:modified_time\" content=\"2022-01-03T01:06:16+00:00\" \/>\n<meta property=\"og:image\" content=\"https:\/\/fuentesfidedignas.com.mx\/wp-content\/uploads\/2022\/01\/images-8.jpeg\" \/>\n\t<meta property=\"og:image:width\" content=\"713\" \/>\n\t<meta property=\"og:image:height\" content=\"430\" \/>\n\t<meta property=\"og:image:type\" content=\"image\/jpeg\" \/>\n<meta name=\"author\" content=\"AFP\" \/>\n<meta name=\"twitter:card\" content=\"summary_large_image\" \/>\n<meta name=\"twitter:creator\" content=\"@fidedignas\" \/>\n<meta name=\"twitter:site\" content=\"@fidedignas\" \/>\n<meta name=\"twitter:label1\" content=\"Escrito por\" \/>\n\t<meta name=\"twitter:data1\" content=\"AFP\" \/>\n\t<meta name=\"twitter:label2\" content=\"Tiempo de lectura\" \/>\n\t<meta name=\"twitter:data2\" content=\"3 minutos\" \/>\n<script type=\"application\/ld+json\" class=\"yoast-schema-graph\">{\"@context\":\"https:\\\/\\\/schema.org\",\"@graph\":[{\"@type\":\"Article\",\"@id\":\"https:\\\/\\\/fuentesfidedignas.com.mx\\\/index.php\\\/2022\\\/01\\\/02\\\/paises-relajan-los-confinamientos-para-evitar-paralisis-economica\\\/#article\",\"isPartOf\":{\"@id\":\"https:\\\/\\\/fuentesfidedignas.com.mx\\\/index.php\\\/2022\\\/01\\\/02\\\/paises-relajan-los-confinamientos-para-evitar-paralisis-economica\\\/\"},\"author\":{\"name\":\"AFP\",\"@id\":\"https:\\\/\\\/fuentesfidedignas.com.mx\\\/#\\\/schema\\\/person\\\/1827b38c6cf89e1d6cc7d78ca3fae732\"},\"headline\":\"Pa\u00edses relajan los confinamientos para evitar par\u00e1lisis econ\u00f3mica\",\"datePublished\":\"2022-01-03T01:06:14+00:00\",\"dateModified\":\"2022-01-03T01:06:16+00:00\",\"mainEntityOfPage\":{\"@id\":\"https:\\\/\\\/fuentesfidedignas.com.mx\\\/index.php\\\/2022\\\/01\\\/02\\\/paises-relajan-los-confinamientos-para-evitar-paralisis-economica\\\/\"},\"wordCount\":670,\"commentCount\":0,\"publisher\":{\"@id\":\"https:\\\/\\\/fuentesfidedignas.com.mx\\\/#organization\"},\"image\":{\"@id\":\"https:\\\/\\\/fuentesfidedignas.com.mx\\\/index.php\\\/2022\\\/01\\\/02\\\/paises-relajan-los-confinamientos-para-evitar-paralisis-economica\\\/#primaryimage\"},\"thumbnailUrl\":\"https:\\\/\\\/fuentesfidedignas.com.mx\\\/wp-content\\\/uploads\\\/2022\\\/01\\\/images-8.jpeg\",\"articleSection\":[\"NOTICIAS NACIONALES\"],\"inLanguage\":\"es\",\"potentialAction\":[{\"@type\":\"CommentAction\",\"name\":\"Comment\",\"target\":[\"https:\\\/\\\/fuentesfidedignas.com.mx\\\/index.php\\\/2022\\\/01\\\/02\\\/paises-relajan-los-confinamientos-para-evitar-paralisis-economica\\\/#respond\"]}]},{\"@type\":\"WebPage\",\"@id\":\"https:\\\/\\\/fuentesfidedignas.com.mx\\\/index.php\\\/2022\\\/01\\\/02\\\/paises-relajan-los-confinamientos-para-evitar-paralisis-economica\\\/\",\"url\":\"https:\\\/\\\/fuentesfidedignas.com.mx\\\/index.php\\\/2022\\\/01\\\/02\\\/paises-relajan-los-confinamientos-para-evitar-paralisis-economica\\\/\",\"name\":\"Pa\u00edses relajan los confinamientos para evitar par\u00e1lisis econ\u00f3mica - Fuentes Fidedignas\",\"isPartOf\":{\"@id\":\"https:\\\/\\\/fuentesfidedignas.com.mx\\\/#website\"},\"primaryImageOfPage\":{\"@id\":\"https:\\\/\\\/fuentesfidedignas.com.mx\\\/index.php\\\/2022\\\/01\\\/02\\\/paises-relajan-los-confinamientos-para-evitar-paralisis-economica\\\/#primaryimage\"},\"image\":{\"@id\":\"https:\\\/\\\/fuentesfidedignas.com.mx\\\/index.php\\\/2022\\\/01\\\/02\\\/paises-relajan-los-confinamientos-para-evitar-paralisis-economica\\\/#primaryimage\"},\"thumbnailUrl\":\"https:\\\/\\\/fuentesfidedignas.com.mx\\\/wp-content\\\/uploads\\\/2022\\\/01\\\/images-8.jpeg\",\"datePublished\":\"2022-01-03T01:06:14+00:00\",\"dateModified\":\"2022-01-03T01:06:16+00:00\",\"breadcrumb\":{\"@id\":\"https:\\\/\\\/fuentesfidedignas.com.mx\\\/index.php\\\/2022\\\/01\\\/02\\\/paises-relajan-los-confinamientos-para-evitar-paralisis-economica\\\/#breadcrumb\"},\"inLanguage\":\"es\",\"potentialAction\":[{\"@type\":\"ReadAction\",\"target\":[\"https:\\\/\\\/fuentesfidedignas.com.mx\\\/index.php\\\/2022\\\/01\\\/02\\\/paises-relajan-los-confinamientos-para-evitar-paralisis-economica\\\/\"]}]},{\"@type\":\"ImageObject\",\"inLanguage\":\"es\",\"@id\":\"https:\\\/\\\/fuentesfidedignas.com.mx\\\/index.php\\\/2022\\\/01\\\/02\\\/paises-relajan-los-confinamientos-para-evitar-paralisis-economica\\\/#primaryimage\",\"url\":\"https:\\\/\\\/fuentesfidedignas.com.mx\\\/wp-content\\\/uploads\\\/2022\\\/01\\\/images-8.jpeg\",\"contentUrl\":\"https:\\\/\\\/fuentesfidedignas.com.mx\\\/wp-content\\\/uploads\\\/2022\\\/01\\\/images-8.jpeg\",\"width\":713,\"height\":430},{\"@type\":\"BreadcrumbList\",\"@id\":\"https:\\\/\\\/fuentesfidedignas.com.mx\\\/index.php\\\/2022\\\/01\\\/02\\\/paises-relajan-los-confinamientos-para-evitar-paralisis-economica\\\/#breadcrumb\",\"itemListElement\":[{\"@type\":\"ListItem\",\"position\":1,\"name\":\"Inicio\",\"item\":\"https:\\\/\\\/fuentesfidedignas.com.mx\\\/\"},{\"@type\":\"ListItem\",\"position\":2,\"name\":\"Pa\u00edses relajan los confinamientos para evitar par\u00e1lisis econ\u00f3mica\"}]},{\"@type\":\"WebSite\",\"@id\":\"https:\\\/\\\/fuentesfidedignas.com.mx\\\/#website\",\"url\":\"https:\\\/\\\/fuentesfidedignas.com.mx\\\/\",\"name\":\"Fuentes Fidedignas\",\"description\":\"Otro sitio realizado con WordPress\",\"publisher\":{\"@id\":\"https:\\\/\\\/fuentesfidedignas.com.mx\\\/#organization\"},\"potentialAction\":[{\"@type\":\"SearchAction\",\"target\":{\"@type\":\"EntryPoint\",\"urlTemplate\":\"https:\\\/\\\/fuentesfidedignas.com.mx\\\/?s={search_term_string}\"},\"query-input\":{\"@type\":\"PropertyValueSpecification\",\"valueRequired\":true,\"valueName\":\"search_term_string\"}}],\"inLanguage\":\"es\"},{\"@type\":\"Organization\",\"@id\":\"https:\\\/\\\/fuentesfidedignas.com.mx\\\/#organization\",\"name\":\"Fuentes Fidedignas\",\"url\":\"https:\\\/\\\/fuentesfidedignas.com.mx\\\/\",\"logo\":{\"@type\":\"ImageObject\",\"inLanguage\":\"es\",\"@id\":\"https:\\\/\\\/fuentesfidedignas.com.mx\\\/#\\\/schema\\\/logo\\\/image\\\/\",\"url\":\"https:\\\/\\\/fuentesfidedignas.com.mx\\\/wp-content\\\/uploads\\\/2021\\\/04\\\/logo-retina.png\",\"contentUrl\":\"https:\\\/\\\/fuentesfidedignas.com.mx\\\/wp-content\\\/uploads\\\/2021\\\/04\\\/logo-retina.png\",\"width\":280,\"height\":51,\"caption\":\"Fuentes Fidedignas\"},\"image\":{\"@id\":\"https:\\\/\\\/fuentesfidedignas.com.mx\\\/#\\\/schema\\\/logo\\\/image\\\/\"},\"sameAs\":[\"https:\\\/\\\/www.facebook.com\\\/Fuentes-Fidedignas-368234489921644\",\"https:\\\/\\\/x.com\\\/fidedignas\"]},{\"@type\":\"Person\",\"@id\":\"https:\\\/\\\/fuentesfidedignas.com.mx\\\/#\\\/schema\\\/person\\\/1827b38c6cf89e1d6cc7d78ca3fae732\",\"name\":\"AFP\",\"image\":{\"@type\":\"ImageObject\",\"inLanguage\":\"es\",\"@id\":\"https:\\\/\\\/secure.gravatar.com\\\/avatar\\\/236827d2ee9bf15e1ea99e0c1cd1b467cffa55e324d177638d0f8de7950cbae6?s=96&d=mm&r=g\",\"url\":\"https:\\\/\\\/secure.gravatar.com\\\/avatar\\\/236827d2ee9bf15e1ea99e0c1cd1b467cffa55e324d177638d0f8de7950cbae6?s=96&d=mm&r=g\",\"contentUrl\":\"https:\\\/\\\/secure.gravatar.com\\\/avatar\\\/236827d2ee9bf15e1ea99e0c1cd1b467cffa55e324d177638d0f8de7950cbae6?s=96&d=mm&r=g\",\"caption\":\"AFP\"},\"url\":\"https:\\\/\\\/fuentesfidedignas.com.mx\\\/index.php\\\/author\\\/afp\\\/\"}]}<\/script>\n<!-- \/ Yoast SEO plugin. -->","yoast_head_json":{"title":"Pa\u00edses relajan los confinamientos para evitar par\u00e1lisis econ\u00f3mica - Fuentes Fidedignas","robots":{"index":"index","follow":"follow","max-snippet":"max-snippet:-1","max-image-preview":"max-image-preview:large","max-video-preview":"max-video-preview:-1"},"canonical":"https:\/\/fuentesfidedignas.com.mx\/index.php\/2022\/01\/02\/paises-relajan-los-confinamientos-para-evitar-paralisis-economica\/","og_locale":"es_MX","og_type":"article","og_title":"Pa\u00edses relajan los confinamientos para evitar par\u00e1lisis econ\u00f3mica - Fuentes Fidedignas","og_description":"Par\u00eds. Enfrentados a una ola de la variante \u00f3micron que dispar\u00f3 los contagios de Covid-19, cada vez m\u00e1s gobiernos del mundo alivian las reglas de aislamiento de los enfermos y sus contactos para evitar una par\u00e1lisis econ\u00f3mica. El alto grado de contagio de \u00f3micron y las consecuentes suspensiones laborales y cuarentenas, pesan fuertemente sobre las [&hellip;]","og_url":"https:\/\/fuentesfidedignas.com.mx\/index.php\/2022\/01\/02\/paises-relajan-los-confinamientos-para-evitar-paralisis-economica\/","og_site_name":"Fuentes Fidedignas","article_publisher":"https:\/\/www.facebook.com\/Fuentes-Fidedignas-368234489921644","article_published_time":"2022-01-03T01:06:14+00:00","article_modified_time":"2022-01-03T01:06:16+00:00","og_image":[{"width":713,"height":430,"url":"https:\/\/fuentesfidedignas.com.mx\/wp-content\/uploads\/2022\/01\/images-8.jpeg","type":"image\/jpeg"}],"author":"AFP","twitter_card":"summary_large_image","twitter_creator":"@fidedignas","twitter_site":"@fidedignas","twitter_misc":{"Escrito por":"AFP","Tiempo de lectura":"3 minutos"},"schema":{"@context":"https:\/\/schema.org","@graph":[{"@type":"Article","@id":"https:\/\/fuentesfidedignas.com.mx\/index.php\/2022\/01\/02\/paises-relajan-los-confinamientos-para-evitar-paralisis-economica\/#article","isPartOf":{"@id":"https:\/\/fuentesfidedignas.com.mx\/index.php\/2022\/01\/02\/paises-relajan-los-confinamientos-para-evitar-paralisis-economica\/"},"author":{"name":"AFP","@id":"https:\/\/fuentesfidedignas.com.mx\/#\/schema\/person\/1827b38c6cf89e1d6cc7d78ca3fae732"},"headline":"Pa\u00edses relajan los confinamientos para evitar par\u00e1lisis econ\u00f3mica","datePublished":"2022-01-03T01:06:14+00:00","dateModified":"2022-01-03T01:06:16+00:00","mainEntityOfPage":{"@id":"https:\/\/fuentesfidedignas.com.mx\/index.php\/2022\/01\/02\/paises-relajan-los-confinamientos-para-evitar-paralisis-economica\/"},"wordCount":670,"commentCount":0,"publisher":{"@id":"https:\/\/fuentesfidedignas.com.mx\/#organization"},"image":{"@id":"https:\/\/fuentesfidedignas.com.mx\/index.php\/2022\/01\/02\/paises-relajan-los-confinamientos-para-evitar-paralisis-economica\/#primaryimage"},"thumbnailUrl":"https:\/\/fuentesfidedignas.com.mx\/wp-content\/uploads\/2022\/01\/images-8.jpeg","articleSection":["NOTICIAS NACIONALES"],"inLanguage":"es","potentialAction":[{"@type":"CommentAction","name":"Comment","target":["https:\/\/fuentesfidedignas.com.mx\/index.php\/2022\/01\/02\/paises-relajan-los-confinamientos-para-evitar-paralisis-economica\/#respond"]}]},{"@type":"WebPage","@id":"https:\/\/fuentesfidedignas.com.mx\/index.php\/2022\/01\/02\/paises-relajan-los-confinamientos-para-evitar-paralisis-economica\/","url":"https:\/\/fuentesfidedignas.com.mx\/index.php\/2022\/01\/02\/paises-relajan-los-confinamientos-para-evitar-paralisis-economica\/","name":"Pa\u00edses relajan los confinamientos para evitar par\u00e1lisis econ\u00f3mica - Fuentes Fidedignas","isPartOf":{"@id":"https:\/\/fuentesfidedignas.com.mx\/#website"},"primaryImageOfPage":{"@id":"https:\/\/fuentesfidedignas.com.mx\/index.php\/2022\/01\/02\/paises-relajan-los-confinamientos-para-evitar-paralisis-economica\/#primaryimage"},"image":{"@id":"https:\/\/fuentesfidedignas.com.mx\/index.php\/2022\/01\/02\/paises-relajan-los-confinamientos-para-evitar-paralisis-economica\/#primaryimage"},"thumbnailUrl":"https:\/\/fuentesfidedignas.com.mx\/wp-content\/uploads\/2022\/01\/images-8.jpeg","datePublished":"2022-01-03T01:06:14+00:00","dateModified":"2022-01-03T01:06:16+00:00","breadcrumb":{"@id":"https:\/\/fuentesfidedignas.com.mx\/index.php\/2022\/01\/02\/paises-relajan-los-confinamientos-para-evitar-paralisis-economica\/#breadcrumb"},"inLanguage":"es","potentialAction":[{"@type":"ReadAction","target":["https:\/\/fuentesfidedignas.com.mx\/index.php\/2022\/01\/02\/paises-relajan-los-confinamientos-para-evitar-paralisis-economica\/"]}]},{"@type":"ImageObject","inLanguage":"es","@id":"https:\/\/fuentesfidedignas.com.mx\/index.php\/2022\/01\/02\/paises-relajan-los-confinamientos-para-evitar-paralisis-economica\/#primaryimage","url":"https:\/\/fuentesfidedignas.com.mx\/wp-content\/uploads\/2022\/01\/images-8.jpeg","contentUrl":"https:\/\/fuentesfidedignas.com.mx\/wp-content\/uploads\/2022\/01\/images-8.jpeg","width":713,"height":430},{"@type":"BreadcrumbList","@id":"https:\/\/fuentesfidedignas.com.mx\/index.php\/2022\/01\/02\/paises-relajan-los-confinamientos-para-evitar-paralisis-economica\/#breadcrumb","itemListElement":[{"@type":"ListItem","position":1,"name":"Inicio","item":"https:\/\/fuentesfidedignas.com.mx\/"},{"@type":"ListItem","position":2,"name":"Pa\u00edses relajan los confinamientos para evitar par\u00e1lisis econ\u00f3mica"}]},{"@type":"WebSite","@id":"https:\/\/fuentesfidedignas.com.mx\/#website","url":"https:\/\/fuentesfidedignas.com.mx\/","name":"Fuentes Fidedignas","description":"Otro sitio realizado con WordPress","publisher":{"@id":"https:\/\/fuentesfidedignas.com.mx\/#organization"},"potentialAction":[{"@type":"SearchAction","target":{"@type":"EntryPoint","urlTemplate":"https:\/\/fuentesfidedignas.com.mx\/?s={search_term_string}"},"query-input":{"@type":"PropertyValueSpecification","valueRequired":true,"valueName":"search_term_string"}}],"inLanguage":"es"},{"@type":"Organization","@id":"https:\/\/fuentesfidedignas.com.mx\/#organization","name":"Fuentes Fidedignas","url":"https:\/\/fuentesfidedignas.com.mx\/","logo":{"@type":"ImageObject","inLanguage":"es","@id":"https:\/\/fuentesfidedignas.com.mx\/#\/schema\/logo\/image\/","url":"https:\/\/fuentesfidedignas.com.mx\/wp-content\/uploads\/2021\/04\/logo-retina.png","contentUrl":"https:\/\/fuentesfidedignas.com.mx\/wp-content\/uploads\/2021\/04\/logo-retina.png","width":280,"height":51,"caption":"Fuentes Fidedignas"},"image":{"@id":"https:\/\/fuentesfidedignas.com.mx\/#\/schema\/logo\/image\/"},"sameAs":["https:\/\/www.facebook.com\/Fuentes-Fidedignas-368234489921644","https:\/\/x.com\/fidedignas"]},{"@type":"Person","@id":"https:\/\/fuentesfidedignas.com.mx\/#\/schema\/person\/1827b38c6cf89e1d6cc7d78ca3fae732","name":"AFP","image":{"@type":"ImageObject","inLanguage":"es","@id":"https:\/\/secure.gravatar.com\/avatar\/236827d2ee9bf15e1ea99e0c1cd1b467cffa55e324d177638d0f8de7950cbae6?s=96&d=mm&r=g","url":"https:\/\/secure.gravatar.com\/avatar\/236827d2ee9bf15e1ea99e0c1cd1b467cffa55e324d177638d0f8de7950cbae6?s=96&d=mm&r=g","contentUrl":"https:\/\/secure.gravatar.com\/avatar\/236827d2ee9bf15e1ea99e0c1cd1b467cffa55e324d177638d0f8de7950cbae6?s=96&d=mm&r=g","caption":"AFP"},"url":"https:\/\/fuentesfidedignas.com.mx\/index.php\/author\/afp\/"}]}},"_links":{"self":[{"href":"https:\/\/fuentesfidedignas.com.mx\/index.php\/wp-json\/wp\/v2\/posts\/20845","targetHints":{"allow":["GET"]}}],"collection":[{"href":"https:\/\/fuentesfidedignas.com.mx\/index.php\/wp-json\/wp\/v2\/posts"}],"about":[{"href":"https:\/\/fuentesfidedignas.com.mx\/index.php\/wp-json\/wp\/v2\/types\/post"}],"author":[{"embeddable":true,"href":"https:\/\/fuentesfidedignas.com.mx\/index.php\/wp-json\/wp\/v2\/users\/12"}],"replies":[{"embeddable":true,"href":"https:\/\/fuentesfidedignas.com.mx\/index.php\/wp-json\/wp\/v2\/comments?post=20845"}],"version-history":[{"count":1,"href":"https:\/\/fuentesfidedignas.com.mx\/index.php\/wp-json\/wp\/v2\/posts\/20845\/revisions"}],"predecessor-version":[{"id":20847,"href":"https:\/\/fuentesfidedignas.com.mx\/index.php\/wp-json\/wp\/v2\/posts\/20845\/revisions\/20847"}],"wp:featuredmedia":[{"embeddable":true,"href":"https:\/\/fuentesfidedignas.com.mx\/index.php\/wp-json\/wp\/v2\/media\/20846"}],"wp:attachment":[{"href":"https:\/\/fuentesfidedignas.com.mx\/index.php\/wp-json\/wp\/v2\/media?parent=20845"}],"wp:term":[{"taxonomy":"category","embeddable":true,"href":"https:\/\/fuentesfidedignas.com.mx\/index.php\/wp-json\/wp\/v2\/categories?post=20845"},{"taxonomy":"post_tag","embeddable":true,"href":"https:\/\/fuentesfidedignas.com.mx\/index.php\/wp-json\/wp\/v2\/tags?post=20845"}],"curies":[{"name":"wp","href":"https:\/\/api.w.org\/{rel}","templated":true}]}}