{"id":20700,"date":"2021-12-30T10:31:16","date_gmt":"2021-12-30T17:31:16","guid":{"rendered":"https:\/\/fuentesfidedignas.com.mx\/?p=20700"},"modified":"2021-12-30T10:31:17","modified_gmt":"2021-12-30T17:31:17","slug":"monreal-propone-consulta-popular-para-elegir-candidato-de-morena-a-2024","status":"publish","type":"post","link":"https:\/\/fuentesfidedignas.com.mx\/index.php\/2021\/12\/30\/monreal-propone-consulta-popular-para-elegir-candidato-de-morena-a-2024\/","title":{"rendered":"Monreal propone consulta popular para elegir candidato de Morena a 2024"},"content":{"rendered":"\n<p><strong><em>El coordinador de Morena en el Senado asegura que su \u00fanica opci\u00f3n para 2024 es buscar la candidatura presidencial <\/em><\/strong><\/p>\n\n\n\n<p>Ciudad de M\u00e9xico. Con experiencia pol\u00edtica por m\u00e1s de 45 a\u00f1os, en diversos cargos p\u00fablicos desde jefe delegacional hasta senador, ahora Ricardo Monreal buscar\u00e1 la candidatura presidencial de Morena en 2024 y propone que el contendiente sea elegido por consulta popular o si es por encuesta, que la haga el Instituto Nacional Electoral (INE).<\/p>\n\n\n\n<p>En entrevista con Forbes M\u00e9xico, el senador -quien conoce al actual mandatario Andr\u00e9s Manuel L\u00f3pez Obrador desde que eran militantes del PRI en 1976- asegura que s\u00f3lo buscar\u00e1 la candidatura presidencial con Morena y asever\u00f3 no tener segunda opci\u00f3n.<\/p>\n\n\n\n<p>\u201cNo tengo ninguna segunda opci\u00f3n. Quiero ganarles (a los otros aspirantes a la candidatura presidencial por Morena) a la buena. En ese sentido estoy decidido a participar\u201d, enfatiza.<\/p>\n\n\n\n<p>Desde su oficina en el Senado, donde sobresale un cuadro del expresidente Benito Ju\u00e1rez, el morenista propone que sea mediante una consulta popular a militantes y simpatizantes de Morena como se elija al candidato presidencial, pues actualmente en la lista de aspirantes est\u00e1 \u00e9l, el secretario de Relaciones Exteriores, Marcelo Ebrard, y la jefa de gobierno, Claudia Sheinbaum.<\/p>\n\n\n\n<p>\u201cSi ya estamos haciendo consultas p\u00fablicas si se juzgar\u00e1 a expresidentes, porque no una consulta entre militantes y simpatizantes de Morena para seleccionar a su candidato a la Presidencia por seis a\u00f1os\u201d, dice.<\/p>\n\n\n\n<p>El tambi\u00e9n coordinador de Morena en el Senado considera -sin decir nombres- que ya hay \u201cequipos\u201d encaminados para las elecciones presidenciales.<\/p>\n\n\n\n<p>\u201cPara m\u00ed ya los equipos est\u00e1n encaminados incluso, cada equipo est\u00e1 debidamente incrustado en procesos de movilizaci\u00f3n pol\u00edtica en los estados y municipios\u201d, asegura.<\/p>\n\n\n\n<p><strong>Ha dicho que estar\u00e1 en la bolera electoral en 2024 \u00bfusted va a la boleta con Morena o sin Morena?<\/strong><\/p>\n\n\n\n<p>No, con Morena y aliado al presidente Andres Manuel L\u00f3pez Obrador sin que esto implique desviaci\u00f3n de recursos ni de preferencia pol\u00edtica. Mi intenci\u00f3n es ganarle a la buena a los dem\u00e1s compa\u00f1eros al interior de Morena con reglas claras, con piso parejo, sin discriminaci\u00f3n y sin exclusi\u00f3n. Esa es la idea para fortalecer el proceso democr\u00e1tico que vive el pa\u00eds y profundizar el cambio de r\u00e9gimen que inici\u00f3 en 2018.<\/p>\n\n\n\n<p><strong>Si la encuesta no le favorece, \u00bfqu\u00e9 har\u00e1?<\/strong><\/p>\n\n\n\n<p>En principio he dicho que busquemos un mecanismo distinto a la encuesta tradicional. Esta encuesta que se hace al interior del partido, que nadie conoce, que no hay transparencia, en esa no estar\u00eda de acuerdo, pero si se hace una encuesta o dos externas con una espejo, pod\u00eda participar o la consulta a la ciudadan\u00eda. Si ya estamos haciendo consultas p\u00fablicas si se juzgar\u00e1 a expresidentes, porque no una consulta entre militantes y simpatizantes de Morena para seleccionar a su candidato a la presidencia por seis a\u00f1os.<\/p>\n\n\n\n<p><strong>En 2018 se hizo una encuesta con el INE para elegir al dirigente de Morena \u00bfapoya una encuesta as\u00ed para seleccionar al candidato presidencial?<\/strong><\/p>\n\n\n\n<p>S\u00ed apoyar\u00eda una encuesta con el INE, sin duda.<\/p>\n\n\n\n<p><strong>\u00bfVe divisi\u00f3n al interior de Morena con estos posibles candidatos a la presidencia?<\/strong><\/p>\n\n\n\n<p>La sucesi\u00f3n anticipada genera divisiones. Para m\u00ed ya los equipos est\u00e1n encaminados; e incluso, cada equipo est\u00e1 debidamente incrustado en procesos de movilizaci\u00f3n pol\u00edtica en los estados y municipios.<\/p>\n\n\n\n<p><strong>\u00bfQu\u00e9 lectura le da la reuni\u00f3n que tuvo la jefa de gobierno, Claudia Sheinbaum, con gobernadoras de Morena?<\/strong><\/p>\n\n\n\n<p>Normal, ella est\u00e1 en su trabajo y me parece normal. Es parte de lo que est\u00e1 viviendo M\u00e9xico en esta sucesi\u00f3n (presidencial) adelantada.<\/p>\n\n\n\n<p><strong>Se fue el senador Mart\u00ed Batres al gobierno de Claudia Sheinbaum \u00bfqu\u00e9 lectura le da? Se ha dicho que se fue a formar parte de su equipo rumbo a las elecciones 2024<\/strong><\/p>\n\n\n\n<p>Seguro es parte del equipo de ella y me alegra, porque siempre lo ha sido. Es un buen senador, es un buen legislador, buen pol\u00edtico, y le va a ser de mucha utilidad.<\/p>\n","protected":false},"excerpt":{"rendered":"<p>El coordinador de Morena en el Senado asegura que su \u00fanica opci\u00f3n para 2024 es buscar la candidatura presidencial Ciudad de M\u00e9xico. Con experiencia pol\u00edtica por m\u00e1s de 45 a\u00f1os, en diversos cargos p\u00fablicos desde jefe delegacional hasta senador, ahora Ricardo Monreal buscar\u00e1 la candidatura presidencial de Morena en 2024 y propone que el contendiente [&hellip;]<\/p>\n","protected":false},"author":5,"featured_media":20701,"comment_status":"open","ping_status":"open","sticky":false,"template":"","format":"standard","meta":{"tdm_status":"","tdm_grid_status":"","footnotes":""},"categories":[39],"tags":[],"class_list":{"0":"post-20700","1":"post","2":"type-post","3":"status-publish","4":"format-standard","5":"has-post-thumbnail","7":"category-noticias-nacionales"},"yoast_head":"<!-- This site is optimized with the Yoast SEO plugin v27.5 - https:\/\/yoast.com\/product\/yoast-seo-wordpress\/ -->\n<title>Monreal propone consulta popular para elegir candidato de Morena a 2024 - Fuentes Fidedignas<\/title>\n<meta name=\"robots\" content=\"index, follow, max-snippet:-1, max-image-preview:large, max-video-preview:-1\" \/>\n<link rel=\"canonical\" href=\"https:\/\/fuentesfidedignas.com.mx\/index.php\/2021\/12\/30\/monreal-propone-consulta-popular-para-elegir-candidato-de-morena-a-2024\/\" \/>\n<meta property=\"og:locale\" content=\"es_MX\" \/>\n<meta property=\"og:type\" content=\"article\" \/>\n<meta property=\"og:title\" content=\"Monreal propone consulta popular para elegir candidato de Morena a 2024 - Fuentes Fidedignas\" \/>\n<meta property=\"og:description\" content=\"El coordinador de Morena en el Senado asegura que su \u00fanica opci\u00f3n para 2024 es buscar la candidatura presidencial Ciudad de M\u00e9xico. Con experiencia pol\u00edtica por m\u00e1s de 45 a\u00f1os, en diversos cargos p\u00fablicos desde jefe delegacional hasta senador, ahora Ricardo Monreal buscar\u00e1 la candidatura presidencial de Morena en 2024 y propone que el contendiente [&hellip;]\" \/>\n<meta property=\"og:url\" content=\"https:\/\/fuentesfidedignas.com.mx\/index.php\/2021\/12\/30\/monreal-propone-consulta-popular-para-elegir-candidato-de-morena-a-2024\/\" \/>\n<meta property=\"og:site_name\" content=\"Fuentes Fidedignas\" \/>\n<meta property=\"article:publisher\" content=\"https:\/\/www.facebook.com\/Fuentes-Fidedignas-368234489921644\" \/>\n<meta property=\"article:published_time\" content=\"2021-12-30T17:31:16+00:00\" \/>\n<meta property=\"article:modified_time\" content=\"2021-12-30T17:31:17+00:00\" \/>\n<meta property=\"og:image\" content=\"https:\/\/fuentesfidedignas.com.mx\/wp-content\/uploads\/2021\/12\/Ricardo-Monreal-1-e1626799299131-1024x576-1.jpg\" \/>\n\t<meta property=\"og:image:width\" content=\"1024\" \/>\n\t<meta property=\"og:image:height\" content=\"576\" \/>\n\t<meta property=\"og:image:type\" content=\"image\/jpeg\" \/>\n<meta name=\"author\" content=\"Forbes\" \/>\n<meta name=\"twitter:card\" content=\"summary_large_image\" \/>\n<meta name=\"twitter:creator\" content=\"@fidedignas\" \/>\n<meta name=\"twitter:site\" content=\"@fidedignas\" \/>\n<meta name=\"twitter:label1\" content=\"Escrito por\" \/>\n\t<meta name=\"twitter:data1\" content=\"Forbes\" \/>\n\t<meta name=\"twitter:label2\" content=\"Tiempo de lectura\" \/>\n\t<meta name=\"twitter:data2\" content=\"3 minutos\" \/>\n<script type=\"application\/ld+json\" class=\"yoast-schema-graph\">{\"@context\":\"https:\\\/\\\/schema.org\",\"@graph\":[{\"@type\":\"Article\",\"@id\":\"https:\\\/\\\/fuentesfidedignas.com.mx\\\/index.php\\\/2021\\\/12\\\/30\\\/monreal-propone-consulta-popular-para-elegir-candidato-de-morena-a-2024\\\/#article\",\"isPartOf\":{\"@id\":\"https:\\\/\\\/fuentesfidedignas.com.mx\\\/index.php\\\/2021\\\/12\\\/30\\\/monreal-propone-consulta-popular-para-elegir-candidato-de-morena-a-2024\\\/\"},\"author\":{\"name\":\"Forbes\",\"@id\":\"https:\\\/\\\/fuentesfidedignas.com.mx\\\/#\\\/schema\\\/person\\\/5623d53fe2e579d825b1679734abcc44\"},\"headline\":\"Monreal propone consulta popular para elegir candidato de Morena a 2024\",\"datePublished\":\"2021-12-30T17:31:16+00:00\",\"dateModified\":\"2021-12-30T17:31:17+00:00\",\"mainEntityOfPage\":{\"@id\":\"https:\\\/\\\/fuentesfidedignas.com.mx\\\/index.php\\\/2021\\\/12\\\/30\\\/monreal-propone-consulta-popular-para-elegir-candidato-de-morena-a-2024\\\/\"},\"wordCount\":691,\"commentCount\":0,\"publisher\":{\"@id\":\"https:\\\/\\\/fuentesfidedignas.com.mx\\\/#organization\"},\"image\":{\"@id\":\"https:\\\/\\\/fuentesfidedignas.com.mx\\\/index.php\\\/2021\\\/12\\\/30\\\/monreal-propone-consulta-popular-para-elegir-candidato-de-morena-a-2024\\\/#primaryimage\"},\"thumbnailUrl\":\"https:\\\/\\\/fuentesfidedignas.com.mx\\\/wp-content\\\/uploads\\\/2021\\\/12\\\/Ricardo-Monreal-1-e1626799299131-1024x576-1.jpg\",\"articleSection\":[\"NOTICIAS NACIONALES\"],\"inLanguage\":\"es\",\"potentialAction\":[{\"@type\":\"CommentAction\",\"name\":\"Comment\",\"target\":[\"https:\\\/\\\/fuentesfidedignas.com.mx\\\/index.php\\\/2021\\\/12\\\/30\\\/monreal-propone-consulta-popular-para-elegir-candidato-de-morena-a-2024\\\/#respond\"]}]},{\"@type\":\"WebPage\",\"@id\":\"https:\\\/\\\/fuentesfidedignas.com.mx\\\/index.php\\\/2021\\\/12\\\/30\\\/monreal-propone-consulta-popular-para-elegir-candidato-de-morena-a-2024\\\/\",\"url\":\"https:\\\/\\\/fuentesfidedignas.com.mx\\\/index.php\\\/2021\\\/12\\\/30\\\/monreal-propone-consulta-popular-para-elegir-candidato-de-morena-a-2024\\\/\",\"name\":\"Monreal propone consulta popular para elegir candidato de Morena a 2024 - Fuentes Fidedignas\",\"isPartOf\":{\"@id\":\"https:\\\/\\\/fuentesfidedignas.com.mx\\\/#website\"},\"primaryImageOfPage\":{\"@id\":\"https:\\\/\\\/fuentesfidedignas.com.mx\\\/index.php\\\/2021\\\/12\\\/30\\\/monreal-propone-consulta-popular-para-elegir-candidato-de-morena-a-2024\\\/#primaryimage\"},\"image\":{\"@id\":\"https:\\\/\\\/fuentesfidedignas.com.mx\\\/index.php\\\/2021\\\/12\\\/30\\\/monreal-propone-consulta-popular-para-elegir-candidato-de-morena-a-2024\\\/#primaryimage\"},\"thumbnailUrl\":\"https:\\\/\\\/fuentesfidedignas.com.mx\\\/wp-content\\\/uploads\\\/2021\\\/12\\\/Ricardo-Monreal-1-e1626799299131-1024x576-1.jpg\",\"datePublished\":\"2021-12-30T17:31:16+00:00\",\"dateModified\":\"2021-12-30T17:31:17+00:00\",\"breadcrumb\":{\"@id\":\"https:\\\/\\\/fuentesfidedignas.com.mx\\\/index.php\\\/2021\\\/12\\\/30\\\/monreal-propone-consulta-popular-para-elegir-candidato-de-morena-a-2024\\\/#breadcrumb\"},\"inLanguage\":\"es\",\"potentialAction\":[{\"@type\":\"ReadAction\",\"target\":[\"https:\\\/\\\/fuentesfidedignas.com.mx\\\/index.php\\\/2021\\\/12\\\/30\\\/monreal-propone-consulta-popular-para-elegir-candidato-de-morena-a-2024\\\/\"]}]},{\"@type\":\"ImageObject\",\"inLanguage\":\"es\",\"@id\":\"https:\\\/\\\/fuentesfidedignas.com.mx\\\/index.php\\\/2021\\\/12\\\/30\\\/monreal-propone-consulta-popular-para-elegir-candidato-de-morena-a-2024\\\/#primaryimage\",\"url\":\"https:\\\/\\\/fuentesfidedignas.com.mx\\\/wp-content\\\/uploads\\\/2021\\\/12\\\/Ricardo-Monreal-1-e1626799299131-1024x576-1.jpg\",\"contentUrl\":\"https:\\\/\\\/fuentesfidedignas.com.mx\\\/wp-content\\\/uploads\\\/2021\\\/12\\\/Ricardo-Monreal-1-e1626799299131-1024x576-1.jpg\",\"width\":1024,\"height\":576},{\"@type\":\"BreadcrumbList\",\"@id\":\"https:\\\/\\\/fuentesfidedignas.com.mx\\\/index.php\\\/2021\\\/12\\\/30\\\/monreal-propone-consulta-popular-para-elegir-candidato-de-morena-a-2024\\\/#breadcrumb\",\"itemListElement\":[{\"@type\":\"ListItem\",\"position\":1,\"name\":\"Inicio\",\"item\":\"https:\\\/\\\/fuentesfidedignas.com.mx\\\/\"},{\"@type\":\"ListItem\",\"position\":2,\"name\":\"Monreal propone consulta popular para elegir candidato de Morena a 2024\"}]},{\"@type\":\"WebSite\",\"@id\":\"https:\\\/\\\/fuentesfidedignas.com.mx\\\/#website\",\"url\":\"https:\\\/\\\/fuentesfidedignas.com.mx\\\/\",\"name\":\"Fuentes Fidedignas\",\"description\":\"Otro sitio realizado con WordPress\",\"publisher\":{\"@id\":\"https:\\\/\\\/fuentesfidedignas.com.mx\\\/#organization\"},\"potentialAction\":[{\"@type\":\"SearchAction\",\"target\":{\"@type\":\"EntryPoint\",\"urlTemplate\":\"https:\\\/\\\/fuentesfidedignas.com.mx\\\/?s={search_term_string}\"},\"query-input\":{\"@type\":\"PropertyValueSpecification\",\"valueRequired\":true,\"valueName\":\"search_term_string\"}}],\"inLanguage\":\"es\"},{\"@type\":\"Organization\",\"@id\":\"https:\\\/\\\/fuentesfidedignas.com.mx\\\/#organization\",\"name\":\"Fuentes Fidedignas\",\"url\":\"https:\\\/\\\/fuentesfidedignas.com.mx\\\/\",\"logo\":{\"@type\":\"ImageObject\",\"inLanguage\":\"es\",\"@id\":\"https:\\\/\\\/fuentesfidedignas.com.mx\\\/#\\\/schema\\\/logo\\\/image\\\/\",\"url\":\"https:\\\/\\\/fuentesfidedignas.com.mx\\\/wp-content\\\/uploads\\\/2021\\\/04\\\/logo-retina.png\",\"contentUrl\":\"https:\\\/\\\/fuentesfidedignas.com.mx\\\/wp-content\\\/uploads\\\/2021\\\/04\\\/logo-retina.png\",\"width\":280,\"height\":51,\"caption\":\"Fuentes Fidedignas\"},\"image\":{\"@id\":\"https:\\\/\\\/fuentesfidedignas.com.mx\\\/#\\\/schema\\\/logo\\\/image\\\/\"},\"sameAs\":[\"https:\\\/\\\/www.facebook.com\\\/Fuentes-Fidedignas-368234489921644\",\"https:\\\/\\\/x.com\\\/fidedignas\"]},{\"@type\":\"Person\",\"@id\":\"https:\\\/\\\/fuentesfidedignas.com.mx\\\/#\\\/schema\\\/person\\\/5623d53fe2e579d825b1679734abcc44\",\"name\":\"Forbes\",\"image\":{\"@type\":\"ImageObject\",\"inLanguage\":\"es\",\"@id\":\"https:\\\/\\\/secure.gravatar.com\\\/avatar\\\/87ce3dd4e41e60c22a79c758614f01a6bc2469255fc936ec7b15efb9bb5cb66f?s=96&d=mm&r=g\",\"url\":\"https:\\\/\\\/secure.gravatar.com\\\/avatar\\\/87ce3dd4e41e60c22a79c758614f01a6bc2469255fc936ec7b15efb9bb5cb66f?s=96&d=mm&r=g\",\"contentUrl\":\"https:\\\/\\\/secure.gravatar.com\\\/avatar\\\/87ce3dd4e41e60c22a79c758614f01a6bc2469255fc936ec7b15efb9bb5cb66f?s=96&d=mm&r=g\",\"caption\":\"Forbes\"},\"url\":\"https:\\\/\\\/fuentesfidedignas.com.mx\\\/index.php\\\/author\\\/forbes\\\/\"}]}<\/script>\n<!-- \/ Yoast SEO plugin. -->","yoast_head_json":{"title":"Monreal propone consulta popular para elegir candidato de Morena a 2024 - Fuentes Fidedignas","robots":{"index":"index","follow":"follow","max-snippet":"max-snippet:-1","max-image-preview":"max-image-preview:large","max-video-preview":"max-video-preview:-1"},"canonical":"https:\/\/fuentesfidedignas.com.mx\/index.php\/2021\/12\/30\/monreal-propone-consulta-popular-para-elegir-candidato-de-morena-a-2024\/","og_locale":"es_MX","og_type":"article","og_title":"Monreal propone consulta popular para elegir candidato de Morena a 2024 - Fuentes Fidedignas","og_description":"El coordinador de Morena en el Senado asegura que su \u00fanica opci\u00f3n para 2024 es buscar la candidatura presidencial Ciudad de M\u00e9xico. Con experiencia pol\u00edtica por m\u00e1s de 45 a\u00f1os, en diversos cargos p\u00fablicos desde jefe delegacional hasta senador, ahora Ricardo Monreal buscar\u00e1 la candidatura presidencial de Morena en 2024 y propone que el contendiente [&hellip;]","og_url":"https:\/\/fuentesfidedignas.com.mx\/index.php\/2021\/12\/30\/monreal-propone-consulta-popular-para-elegir-candidato-de-morena-a-2024\/","og_site_name":"Fuentes Fidedignas","article_publisher":"https:\/\/www.facebook.com\/Fuentes-Fidedignas-368234489921644","article_published_time":"2021-12-30T17:31:16+00:00","article_modified_time":"2021-12-30T17:31:17+00:00","og_image":[{"width":1024,"height":576,"url":"https:\/\/fuentesfidedignas.com.mx\/wp-content\/uploads\/2021\/12\/Ricardo-Monreal-1-e1626799299131-1024x576-1.jpg","type":"image\/jpeg"}],"author":"Forbes","twitter_card":"summary_large_image","twitter_creator":"@fidedignas","twitter_site":"@fidedignas","twitter_misc":{"Escrito por":"Forbes","Tiempo de lectura":"3 minutos"},"schema":{"@context":"https:\/\/schema.org","@graph":[{"@type":"Article","@id":"https:\/\/fuentesfidedignas.com.mx\/index.php\/2021\/12\/30\/monreal-propone-consulta-popular-para-elegir-candidato-de-morena-a-2024\/#article","isPartOf":{"@id":"https:\/\/fuentesfidedignas.com.mx\/index.php\/2021\/12\/30\/monreal-propone-consulta-popular-para-elegir-candidato-de-morena-a-2024\/"},"author":{"name":"Forbes","@id":"https:\/\/fuentesfidedignas.com.mx\/#\/schema\/person\/5623d53fe2e579d825b1679734abcc44"},"headline":"Monreal propone consulta popular para elegir candidato de Morena a 2024","datePublished":"2021-12-30T17:31:16+00:00","dateModified":"2021-12-30T17:31:17+00:00","mainEntityOfPage":{"@id":"https:\/\/fuentesfidedignas.com.mx\/index.php\/2021\/12\/30\/monreal-propone-consulta-popular-para-elegir-candidato-de-morena-a-2024\/"},"wordCount":691,"commentCount":0,"publisher":{"@id":"https:\/\/fuentesfidedignas.com.mx\/#organization"},"image":{"@id":"https:\/\/fuentesfidedignas.com.mx\/index.php\/2021\/12\/30\/monreal-propone-consulta-popular-para-elegir-candidato-de-morena-a-2024\/#primaryimage"},"thumbnailUrl":"https:\/\/fuentesfidedignas.com.mx\/wp-content\/uploads\/2021\/12\/Ricardo-Monreal-1-e1626799299131-1024x576-1.jpg","articleSection":["NOTICIAS NACIONALES"],"inLanguage":"es","potentialAction":[{"@type":"CommentAction","name":"Comment","target":["https:\/\/fuentesfidedignas.com.mx\/index.php\/2021\/12\/30\/monreal-propone-consulta-popular-para-elegir-candidato-de-morena-a-2024\/#respond"]}]},{"@type":"WebPage","@id":"https:\/\/fuentesfidedignas.com.mx\/index.php\/2021\/12\/30\/monreal-propone-consulta-popular-para-elegir-candidato-de-morena-a-2024\/","url":"https:\/\/fuentesfidedignas.com.mx\/index.php\/2021\/12\/30\/monreal-propone-consulta-popular-para-elegir-candidato-de-morena-a-2024\/","name":"Monreal propone consulta popular para elegir candidato de Morena a 2024 - Fuentes Fidedignas","isPartOf":{"@id":"https:\/\/fuentesfidedignas.com.mx\/#website"},"primaryImageOfPage":{"@id":"https:\/\/fuentesfidedignas.com.mx\/index.php\/2021\/12\/30\/monreal-propone-consulta-popular-para-elegir-candidato-de-morena-a-2024\/#primaryimage"},"image":{"@id":"https:\/\/fuentesfidedignas.com.mx\/index.php\/2021\/12\/30\/monreal-propone-consulta-popular-para-elegir-candidato-de-morena-a-2024\/#primaryimage"},"thumbnailUrl":"https:\/\/fuentesfidedignas.com.mx\/wp-content\/uploads\/2021\/12\/Ricardo-Monreal-1-e1626799299131-1024x576-1.jpg","datePublished":"2021-12-30T17:31:16+00:00","dateModified":"2021-12-30T17:31:17+00:00","breadcrumb":{"@id":"https:\/\/fuentesfidedignas.com.mx\/index.php\/2021\/12\/30\/monreal-propone-consulta-popular-para-elegir-candidato-de-morena-a-2024\/#breadcrumb"},"inLanguage":"es","potentialAction":[{"@type":"ReadAction","target":["https:\/\/fuentesfidedignas.com.mx\/index.php\/2021\/12\/30\/monreal-propone-consulta-popular-para-elegir-candidato-de-morena-a-2024\/"]}]},{"@type":"ImageObject","inLanguage":"es","@id":"https:\/\/fuentesfidedignas.com.mx\/index.php\/2021\/12\/30\/monreal-propone-consulta-popular-para-elegir-candidato-de-morena-a-2024\/#primaryimage","url":"https:\/\/fuentesfidedignas.com.mx\/wp-content\/uploads\/2021\/12\/Ricardo-Monreal-1-e1626799299131-1024x576-1.jpg","contentUrl":"https:\/\/fuentesfidedignas.com.mx\/wp-content\/uploads\/2021\/12\/Ricardo-Monreal-1-e1626799299131-1024x576-1.jpg","width":1024,"height":576},{"@type":"BreadcrumbList","@id":"https:\/\/fuentesfidedignas.com.mx\/index.php\/2021\/12\/30\/monreal-propone-consulta-popular-para-elegir-candidato-de-morena-a-2024\/#breadcrumb","itemListElement":[{"@type":"ListItem","position":1,"name":"Inicio","item":"https:\/\/fuentesfidedignas.com.mx\/"},{"@type":"ListItem","position":2,"name":"Monreal propone consulta popular para elegir candidato de Morena a 2024"}]},{"@type":"WebSite","@id":"https:\/\/fuentesfidedignas.com.mx\/#website","url":"https:\/\/fuentesfidedignas.com.mx\/","name":"Fuentes Fidedignas","description":"Otro sitio realizado con WordPress","publisher":{"@id":"https:\/\/fuentesfidedignas.com.mx\/#organization"},"potentialAction":[{"@type":"SearchAction","target":{"@type":"EntryPoint","urlTemplate":"https:\/\/fuentesfidedignas.com.mx\/?s={search_term_string}"},"query-input":{"@type":"PropertyValueSpecification","valueRequired":true,"valueName":"search_term_string"}}],"inLanguage":"es"},{"@type":"Organization","@id":"https:\/\/fuentesfidedignas.com.mx\/#organization","name":"Fuentes Fidedignas","url":"https:\/\/fuentesfidedignas.com.mx\/","logo":{"@type":"ImageObject","inLanguage":"es","@id":"https:\/\/fuentesfidedignas.com.mx\/#\/schema\/logo\/image\/","url":"https:\/\/fuentesfidedignas.com.mx\/wp-content\/uploads\/2021\/04\/logo-retina.png","contentUrl":"https:\/\/fuentesfidedignas.com.mx\/wp-content\/uploads\/2021\/04\/logo-retina.png","width":280,"height":51,"caption":"Fuentes Fidedignas"},"image":{"@id":"https:\/\/fuentesfidedignas.com.mx\/#\/schema\/logo\/image\/"},"sameAs":["https:\/\/www.facebook.com\/Fuentes-Fidedignas-368234489921644","https:\/\/x.com\/fidedignas"]},{"@type":"Person","@id":"https:\/\/fuentesfidedignas.com.mx\/#\/schema\/person\/5623d53fe2e579d825b1679734abcc44","name":"Forbes","image":{"@type":"ImageObject","inLanguage":"es","@id":"https:\/\/secure.gravatar.com\/avatar\/87ce3dd4e41e60c22a79c758614f01a6bc2469255fc936ec7b15efb9bb5cb66f?s=96&d=mm&r=g","url":"https:\/\/secure.gravatar.com\/avatar\/87ce3dd4e41e60c22a79c758614f01a6bc2469255fc936ec7b15efb9bb5cb66f?s=96&d=mm&r=g","contentUrl":"https:\/\/secure.gravatar.com\/avatar\/87ce3dd4e41e60c22a79c758614f01a6bc2469255fc936ec7b15efb9bb5cb66f?s=96&d=mm&r=g","caption":"Forbes"},"url":"https:\/\/fuentesfidedignas.com.mx\/index.php\/author\/forbes\/"}]}},"_links":{"self":[{"href":"https:\/\/fuentesfidedignas.com.mx\/index.php\/wp-json\/wp\/v2\/posts\/20700","targetHints":{"allow":["GET"]}}],"collection":[{"href":"https:\/\/fuentesfidedignas.com.mx\/index.php\/wp-json\/wp\/v2\/posts"}],"about":[{"href":"https:\/\/fuentesfidedignas.com.mx\/index.php\/wp-json\/wp\/v2\/types\/post"}],"author":[{"embeddable":true,"href":"https:\/\/fuentesfidedignas.com.mx\/index.php\/wp-json\/wp\/v2\/users\/5"}],"replies":[{"embeddable":true,"href":"https:\/\/fuentesfidedignas.com.mx\/index.php\/wp-json\/wp\/v2\/comments?post=20700"}],"version-history":[{"count":1,"href":"https:\/\/fuentesfidedignas.com.mx\/index.php\/wp-json\/wp\/v2\/posts\/20700\/revisions"}],"predecessor-version":[{"id":20702,"href":"https:\/\/fuentesfidedignas.com.mx\/index.php\/wp-json\/wp\/v2\/posts\/20700\/revisions\/20702"}],"wp:featuredmedia":[{"embeddable":true,"href":"https:\/\/fuentesfidedignas.com.mx\/index.php\/wp-json\/wp\/v2\/media\/20701"}],"wp:attachment":[{"href":"https:\/\/fuentesfidedignas.com.mx\/index.php\/wp-json\/wp\/v2\/media?parent=20700"}],"wp:term":[{"taxonomy":"category","embeddable":true,"href":"https:\/\/fuentesfidedignas.com.mx\/index.php\/wp-json\/wp\/v2\/categories?post=20700"},{"taxonomy":"post_tag","embeddable":true,"href":"https:\/\/fuentesfidedignas.com.mx\/index.php\/wp-json\/wp\/v2\/tags?post=20700"}],"curies":[{"name":"wp","href":"https:\/\/api.w.org\/{rel}","templated":true}]}}