{"id":20567,"date":"2021-12-27T16:44:42","date_gmt":"2021-12-27T23:44:42","guid":{"rendered":"https:\/\/fuentesfidedignas.com.mx\/?p=20567"},"modified":"2021-12-27T16:44:43","modified_gmt":"2021-12-27T23:44:43","slug":"corte-admite-controversia-de-presidencia-contra-el-ine-por-revocacion","status":"publish","type":"post","link":"https:\/\/fuentesfidedignas.com.mx\/index.php\/2021\/12\/27\/corte-admite-controversia-de-presidencia-contra-el-ine-por-revocacion\/","title":{"rendered":"Corte admite controversia de Presidencia contra el INE por revocaci\u00f3n"},"content":{"rendered":"\n<p><strong><em>Es la tercera controversia constitucional que recibe la Corte de Justicia con relaci\u00f3n al tema de la consulta de revocaci\u00f3n de mandato<\/em> <\/strong><\/p>\n\n\n\n<p>Ciudad de M\u00e9xico. La Comisi\u00f3n de Receso de la Suprema Corte de Justicia de la Naci\u00f3n (SCJN) admiti\u00f3 a tr\u00e1mite la controversia constitucional promovida por la Consejer\u00eda Jur\u00eddica de la Presidencia de la Rep\u00fablica en contra de la decisi\u00f3n del Instituto Nacional Electoral (INE) de aplazar la consulta de revocaci\u00f3n de mandato, impulsada por el Movimiento de Regeneraci\u00f3n Nacional (Morena).<\/p>\n\n\n\n<p>Fueron las ministras Margarita R\u00edos Farjat y Yasm\u00edn Esquivel Mossa quienes admitieron la controversia constitucional y concedieron la suspensi\u00f3n a la Consejer\u00eda Jur\u00eddica, adem\u00e1s de que dieron vista a las c\u00e1maras de Diputados, Senadores y a la Fiscal\u00eda General de la Rep\u00fablica (FGR) como terceros interesados, seg\u00fan la lista de notificaciones de la Corte.<\/p>\n\n\n\n<p>\u201cVistos el escrito de demanda y los anexos de quien se ostenta como Consejera Jur\u00eddica del Poder Ejecutivo Federal (Mar\u00eda Estela R\u00edos), quien promueve controversia constitucional en contra del Instituto Nacional Electoral. Se tiene por presentada a la promovente con la personalidad que ostenta y se admite a tr\u00e1mite la demanda, sin perjuicio de los motivos de improcedencia que puedan advertirse al momento de dictar sentencia\u201d, se\u00f1alaron.<\/p>\n\n\n\n<p>En la SCJN hay otra controversia constitucional presentada por el INE en contra de la C\u00e1mara de Diputados en la que reclama que el recorte presupuestal de casi 5,000 millones de pesos para 2022 le impide realizar la consulta de revocaci\u00f3n de mandato, impulsada y promovida por Morena e incluso por el presidente Andr\u00e9s Manuel L\u00f3pez Obrador.<\/p>\n\n\n\n<p>Una tercera controversia constitucional fue presentada por la C\u00e1mara de Diputados en contra del INE por haber decidido en su Consejo General aplazar la realizaci\u00f3n de la consulta de revocaci\u00f3n de mandato hasta que la Corte resuelva si deben darse m\u00e1s recursos al \u00f3rgano electoral para tal prop\u00f3sito.<\/p>\n","protected":false},"excerpt":{"rendered":"<p>Es la tercera controversia constitucional que recibe la Corte de Justicia con relaci\u00f3n al tema de la consulta de revocaci\u00f3n de mandato Ciudad de M\u00e9xico. La Comisi\u00f3n de Receso de la Suprema Corte de Justicia de la Naci\u00f3n (SCJN) admiti\u00f3 a tr\u00e1mite la controversia constitucional promovida por la Consejer\u00eda Jur\u00eddica de la Presidencia de la [&hellip;]<\/p>\n","protected":false},"author":5,"featured_media":20568,"comment_status":"open","ping_status":"open","sticky":false,"template":"","format":"standard","meta":{"tdm_status":"","tdm_grid_status":"","footnotes":""},"categories":[39],"tags":[],"class_list":{"0":"post-20567","1":"post","2":"type-post","3":"status-publish","4":"format-standard","5":"has-post-thumbnail","7":"category-noticias-nacionales"},"yoast_head":"<!-- This site is optimized with the Yoast SEO plugin v27.5 - https:\/\/yoast.com\/product\/yoast-seo-wordpress\/ -->\n<title>Corte admite controversia de Presidencia contra el INE por revocaci\u00f3n - Fuentes Fidedignas<\/title>\n<meta name=\"robots\" content=\"index, follow, max-snippet:-1, max-image-preview:large, max-video-preview:-1\" \/>\n<link rel=\"canonical\" href=\"https:\/\/fuentesfidedignas.com.mx\/index.php\/2021\/12\/27\/corte-admite-controversia-de-presidencia-contra-el-ine-por-revocacion\/\" \/>\n<meta property=\"og:locale\" content=\"es_MX\" \/>\n<meta property=\"og:type\" content=\"article\" \/>\n<meta property=\"og:title\" content=\"Corte admite controversia de Presidencia contra el INE por revocaci\u00f3n - Fuentes Fidedignas\" \/>\n<meta property=\"og:description\" content=\"Es la tercera controversia constitucional que recibe la Corte de Justicia con relaci\u00f3n al tema de la consulta de revocaci\u00f3n de mandato Ciudad de M\u00e9xico. La Comisi\u00f3n de Receso de la Suprema Corte de Justicia de la Naci\u00f3n (SCJN) admiti\u00f3 a tr\u00e1mite la controversia constitucional promovida por la Consejer\u00eda Jur\u00eddica de la Presidencia de la [&hellip;]\" \/>\n<meta property=\"og:url\" content=\"https:\/\/fuentesfidedignas.com.mx\/index.php\/2021\/12\/27\/corte-admite-controversia-de-presidencia-contra-el-ine-por-revocacion\/\" \/>\n<meta property=\"og:site_name\" content=\"Fuentes Fidedignas\" \/>\n<meta property=\"article:publisher\" content=\"https:\/\/www.facebook.com\/Fuentes-Fidedignas-368234489921644\" \/>\n<meta property=\"article:published_time\" content=\"2021-12-27T23:44:42+00:00\" \/>\n<meta property=\"article:modified_time\" content=\"2021-12-27T23:44:43+00:00\" \/>\n<meta property=\"og:image\" content=\"https:\/\/fuentesfidedignas.com.mx\/wp-content\/uploads\/2021\/12\/E_wJe7lUcAEMQAN-640x360-1.jpg\" \/>\n\t<meta property=\"og:image:width\" content=\"640\" \/>\n\t<meta property=\"og:image:height\" content=\"360\" \/>\n\t<meta property=\"og:image:type\" content=\"image\/jpeg\" \/>\n<meta name=\"author\" content=\"Forbes\" \/>\n<meta name=\"twitter:card\" content=\"summary_large_image\" \/>\n<meta name=\"twitter:creator\" content=\"@fidedignas\" \/>\n<meta name=\"twitter:site\" content=\"@fidedignas\" \/>\n<meta name=\"twitter:label1\" content=\"Escrito por\" \/>\n\t<meta name=\"twitter:data1\" content=\"Forbes\" \/>\n\t<meta name=\"twitter:label2\" content=\"Tiempo de lectura\" \/>\n\t<meta name=\"twitter:data2\" content=\"2 minutos\" \/>\n<script type=\"application\/ld+json\" class=\"yoast-schema-graph\">{\"@context\":\"https:\\\/\\\/schema.org\",\"@graph\":[{\"@type\":\"Article\",\"@id\":\"https:\\\/\\\/fuentesfidedignas.com.mx\\\/index.php\\\/2021\\\/12\\\/27\\\/corte-admite-controversia-de-presidencia-contra-el-ine-por-revocacion\\\/#article\",\"isPartOf\":{\"@id\":\"https:\\\/\\\/fuentesfidedignas.com.mx\\\/index.php\\\/2021\\\/12\\\/27\\\/corte-admite-controversia-de-presidencia-contra-el-ine-por-revocacion\\\/\"},\"author\":{\"name\":\"Forbes\",\"@id\":\"https:\\\/\\\/fuentesfidedignas.com.mx\\\/#\\\/schema\\\/person\\\/5623d53fe2e579d825b1679734abcc44\"},\"headline\":\"Corte admite controversia de Presidencia contra el INE por revocaci\u00f3n\",\"datePublished\":\"2021-12-27T23:44:42+00:00\",\"dateModified\":\"2021-12-27T23:44:43+00:00\",\"mainEntityOfPage\":{\"@id\":\"https:\\\/\\\/fuentesfidedignas.com.mx\\\/index.php\\\/2021\\\/12\\\/27\\\/corte-admite-controversia-de-presidencia-contra-el-ine-por-revocacion\\\/\"},\"wordCount\":353,\"commentCount\":0,\"publisher\":{\"@id\":\"https:\\\/\\\/fuentesfidedignas.com.mx\\\/#organization\"},\"image\":{\"@id\":\"https:\\\/\\\/fuentesfidedignas.com.mx\\\/index.php\\\/2021\\\/12\\\/27\\\/corte-admite-controversia-de-presidencia-contra-el-ine-por-revocacion\\\/#primaryimage\"},\"thumbnailUrl\":\"https:\\\/\\\/fuentesfidedignas.com.mx\\\/wp-content\\\/uploads\\\/2021\\\/12\\\/E_wJe7lUcAEMQAN-640x360-1.jpg\",\"articleSection\":[\"NOTICIAS NACIONALES\"],\"inLanguage\":\"es\",\"potentialAction\":[{\"@type\":\"CommentAction\",\"name\":\"Comment\",\"target\":[\"https:\\\/\\\/fuentesfidedignas.com.mx\\\/index.php\\\/2021\\\/12\\\/27\\\/corte-admite-controversia-de-presidencia-contra-el-ine-por-revocacion\\\/#respond\"]}]},{\"@type\":\"WebPage\",\"@id\":\"https:\\\/\\\/fuentesfidedignas.com.mx\\\/index.php\\\/2021\\\/12\\\/27\\\/corte-admite-controversia-de-presidencia-contra-el-ine-por-revocacion\\\/\",\"url\":\"https:\\\/\\\/fuentesfidedignas.com.mx\\\/index.php\\\/2021\\\/12\\\/27\\\/corte-admite-controversia-de-presidencia-contra-el-ine-por-revocacion\\\/\",\"name\":\"Corte admite controversia de Presidencia contra el INE por revocaci\u00f3n - Fuentes Fidedignas\",\"isPartOf\":{\"@id\":\"https:\\\/\\\/fuentesfidedignas.com.mx\\\/#website\"},\"primaryImageOfPage\":{\"@id\":\"https:\\\/\\\/fuentesfidedignas.com.mx\\\/index.php\\\/2021\\\/12\\\/27\\\/corte-admite-controversia-de-presidencia-contra-el-ine-por-revocacion\\\/#primaryimage\"},\"image\":{\"@id\":\"https:\\\/\\\/fuentesfidedignas.com.mx\\\/index.php\\\/2021\\\/12\\\/27\\\/corte-admite-controversia-de-presidencia-contra-el-ine-por-revocacion\\\/#primaryimage\"},\"thumbnailUrl\":\"https:\\\/\\\/fuentesfidedignas.com.mx\\\/wp-content\\\/uploads\\\/2021\\\/12\\\/E_wJe7lUcAEMQAN-640x360-1.jpg\",\"datePublished\":\"2021-12-27T23:44:42+00:00\",\"dateModified\":\"2021-12-27T23:44:43+00:00\",\"breadcrumb\":{\"@id\":\"https:\\\/\\\/fuentesfidedignas.com.mx\\\/index.php\\\/2021\\\/12\\\/27\\\/corte-admite-controversia-de-presidencia-contra-el-ine-por-revocacion\\\/#breadcrumb\"},\"inLanguage\":\"es\",\"potentialAction\":[{\"@type\":\"ReadAction\",\"target\":[\"https:\\\/\\\/fuentesfidedignas.com.mx\\\/index.php\\\/2021\\\/12\\\/27\\\/corte-admite-controversia-de-presidencia-contra-el-ine-por-revocacion\\\/\"]}]},{\"@type\":\"ImageObject\",\"inLanguage\":\"es\",\"@id\":\"https:\\\/\\\/fuentesfidedignas.com.mx\\\/index.php\\\/2021\\\/12\\\/27\\\/corte-admite-controversia-de-presidencia-contra-el-ine-por-revocacion\\\/#primaryimage\",\"url\":\"https:\\\/\\\/fuentesfidedignas.com.mx\\\/wp-content\\\/uploads\\\/2021\\\/12\\\/E_wJe7lUcAEMQAN-640x360-1.jpg\",\"contentUrl\":\"https:\\\/\\\/fuentesfidedignas.com.mx\\\/wp-content\\\/uploads\\\/2021\\\/12\\\/E_wJe7lUcAEMQAN-640x360-1.jpg\",\"width\":640,\"height\":360},{\"@type\":\"BreadcrumbList\",\"@id\":\"https:\\\/\\\/fuentesfidedignas.com.mx\\\/index.php\\\/2021\\\/12\\\/27\\\/corte-admite-controversia-de-presidencia-contra-el-ine-por-revocacion\\\/#breadcrumb\",\"itemListElement\":[{\"@type\":\"ListItem\",\"position\":1,\"name\":\"Inicio\",\"item\":\"https:\\\/\\\/fuentesfidedignas.com.mx\\\/\"},{\"@type\":\"ListItem\",\"position\":2,\"name\":\"Corte admite controversia de Presidencia contra el INE por revocaci\u00f3n\"}]},{\"@type\":\"WebSite\",\"@id\":\"https:\\\/\\\/fuentesfidedignas.com.mx\\\/#website\",\"url\":\"https:\\\/\\\/fuentesfidedignas.com.mx\\\/\",\"name\":\"Fuentes Fidedignas\",\"description\":\"Otro sitio realizado con WordPress\",\"publisher\":{\"@id\":\"https:\\\/\\\/fuentesfidedignas.com.mx\\\/#organization\"},\"potentialAction\":[{\"@type\":\"SearchAction\",\"target\":{\"@type\":\"EntryPoint\",\"urlTemplate\":\"https:\\\/\\\/fuentesfidedignas.com.mx\\\/?s={search_term_string}\"},\"query-input\":{\"@type\":\"PropertyValueSpecification\",\"valueRequired\":true,\"valueName\":\"search_term_string\"}}],\"inLanguage\":\"es\"},{\"@type\":\"Organization\",\"@id\":\"https:\\\/\\\/fuentesfidedignas.com.mx\\\/#organization\",\"name\":\"Fuentes Fidedignas\",\"url\":\"https:\\\/\\\/fuentesfidedignas.com.mx\\\/\",\"logo\":{\"@type\":\"ImageObject\",\"inLanguage\":\"es\",\"@id\":\"https:\\\/\\\/fuentesfidedignas.com.mx\\\/#\\\/schema\\\/logo\\\/image\\\/\",\"url\":\"https:\\\/\\\/fuentesfidedignas.com.mx\\\/wp-content\\\/uploads\\\/2021\\\/04\\\/logo-retina.png\",\"contentUrl\":\"https:\\\/\\\/fuentesfidedignas.com.mx\\\/wp-content\\\/uploads\\\/2021\\\/04\\\/logo-retina.png\",\"width\":280,\"height\":51,\"caption\":\"Fuentes Fidedignas\"},\"image\":{\"@id\":\"https:\\\/\\\/fuentesfidedignas.com.mx\\\/#\\\/schema\\\/logo\\\/image\\\/\"},\"sameAs\":[\"https:\\\/\\\/www.facebook.com\\\/Fuentes-Fidedignas-368234489921644\",\"https:\\\/\\\/x.com\\\/fidedignas\"]},{\"@type\":\"Person\",\"@id\":\"https:\\\/\\\/fuentesfidedignas.com.mx\\\/#\\\/schema\\\/person\\\/5623d53fe2e579d825b1679734abcc44\",\"name\":\"Forbes\",\"image\":{\"@type\":\"ImageObject\",\"inLanguage\":\"es\",\"@id\":\"https:\\\/\\\/secure.gravatar.com\\\/avatar\\\/87ce3dd4e41e60c22a79c758614f01a6bc2469255fc936ec7b15efb9bb5cb66f?s=96&d=mm&r=g\",\"url\":\"https:\\\/\\\/secure.gravatar.com\\\/avatar\\\/87ce3dd4e41e60c22a79c758614f01a6bc2469255fc936ec7b15efb9bb5cb66f?s=96&d=mm&r=g\",\"contentUrl\":\"https:\\\/\\\/secure.gravatar.com\\\/avatar\\\/87ce3dd4e41e60c22a79c758614f01a6bc2469255fc936ec7b15efb9bb5cb66f?s=96&d=mm&r=g\",\"caption\":\"Forbes\"},\"url\":\"https:\\\/\\\/fuentesfidedignas.com.mx\\\/index.php\\\/author\\\/forbes\\\/\"}]}<\/script>\n<!-- \/ Yoast SEO plugin. -->","yoast_head_json":{"title":"Corte admite controversia de Presidencia contra el INE por revocaci\u00f3n - Fuentes Fidedignas","robots":{"index":"index","follow":"follow","max-snippet":"max-snippet:-1","max-image-preview":"max-image-preview:large","max-video-preview":"max-video-preview:-1"},"canonical":"https:\/\/fuentesfidedignas.com.mx\/index.php\/2021\/12\/27\/corte-admite-controversia-de-presidencia-contra-el-ine-por-revocacion\/","og_locale":"es_MX","og_type":"article","og_title":"Corte admite controversia de Presidencia contra el INE por revocaci\u00f3n - Fuentes Fidedignas","og_description":"Es la tercera controversia constitucional que recibe la Corte de Justicia con relaci\u00f3n al tema de la consulta de revocaci\u00f3n de mandato Ciudad de M\u00e9xico. La Comisi\u00f3n de Receso de la Suprema Corte de Justicia de la Naci\u00f3n (SCJN) admiti\u00f3 a tr\u00e1mite la controversia constitucional promovida por la Consejer\u00eda Jur\u00eddica de la Presidencia de la [&hellip;]","og_url":"https:\/\/fuentesfidedignas.com.mx\/index.php\/2021\/12\/27\/corte-admite-controversia-de-presidencia-contra-el-ine-por-revocacion\/","og_site_name":"Fuentes Fidedignas","article_publisher":"https:\/\/www.facebook.com\/Fuentes-Fidedignas-368234489921644","article_published_time":"2021-12-27T23:44:42+00:00","article_modified_time":"2021-12-27T23:44:43+00:00","og_image":[{"width":640,"height":360,"url":"https:\/\/fuentesfidedignas.com.mx\/wp-content\/uploads\/2021\/12\/E_wJe7lUcAEMQAN-640x360-1.jpg","type":"image\/jpeg"}],"author":"Forbes","twitter_card":"summary_large_image","twitter_creator":"@fidedignas","twitter_site":"@fidedignas","twitter_misc":{"Escrito por":"Forbes","Tiempo de lectura":"2 minutos"},"schema":{"@context":"https:\/\/schema.org","@graph":[{"@type":"Article","@id":"https:\/\/fuentesfidedignas.com.mx\/index.php\/2021\/12\/27\/corte-admite-controversia-de-presidencia-contra-el-ine-por-revocacion\/#article","isPartOf":{"@id":"https:\/\/fuentesfidedignas.com.mx\/index.php\/2021\/12\/27\/corte-admite-controversia-de-presidencia-contra-el-ine-por-revocacion\/"},"author":{"name":"Forbes","@id":"https:\/\/fuentesfidedignas.com.mx\/#\/schema\/person\/5623d53fe2e579d825b1679734abcc44"},"headline":"Corte admite controversia de Presidencia contra el INE por revocaci\u00f3n","datePublished":"2021-12-27T23:44:42+00:00","dateModified":"2021-12-27T23:44:43+00:00","mainEntityOfPage":{"@id":"https:\/\/fuentesfidedignas.com.mx\/index.php\/2021\/12\/27\/corte-admite-controversia-de-presidencia-contra-el-ine-por-revocacion\/"},"wordCount":353,"commentCount":0,"publisher":{"@id":"https:\/\/fuentesfidedignas.com.mx\/#organization"},"image":{"@id":"https:\/\/fuentesfidedignas.com.mx\/index.php\/2021\/12\/27\/corte-admite-controversia-de-presidencia-contra-el-ine-por-revocacion\/#primaryimage"},"thumbnailUrl":"https:\/\/fuentesfidedignas.com.mx\/wp-content\/uploads\/2021\/12\/E_wJe7lUcAEMQAN-640x360-1.jpg","articleSection":["NOTICIAS NACIONALES"],"inLanguage":"es","potentialAction":[{"@type":"CommentAction","name":"Comment","target":["https:\/\/fuentesfidedignas.com.mx\/index.php\/2021\/12\/27\/corte-admite-controversia-de-presidencia-contra-el-ine-por-revocacion\/#respond"]}]},{"@type":"WebPage","@id":"https:\/\/fuentesfidedignas.com.mx\/index.php\/2021\/12\/27\/corte-admite-controversia-de-presidencia-contra-el-ine-por-revocacion\/","url":"https:\/\/fuentesfidedignas.com.mx\/index.php\/2021\/12\/27\/corte-admite-controversia-de-presidencia-contra-el-ine-por-revocacion\/","name":"Corte admite controversia de Presidencia contra el INE por revocaci\u00f3n - Fuentes Fidedignas","isPartOf":{"@id":"https:\/\/fuentesfidedignas.com.mx\/#website"},"primaryImageOfPage":{"@id":"https:\/\/fuentesfidedignas.com.mx\/index.php\/2021\/12\/27\/corte-admite-controversia-de-presidencia-contra-el-ine-por-revocacion\/#primaryimage"},"image":{"@id":"https:\/\/fuentesfidedignas.com.mx\/index.php\/2021\/12\/27\/corte-admite-controversia-de-presidencia-contra-el-ine-por-revocacion\/#primaryimage"},"thumbnailUrl":"https:\/\/fuentesfidedignas.com.mx\/wp-content\/uploads\/2021\/12\/E_wJe7lUcAEMQAN-640x360-1.jpg","datePublished":"2021-12-27T23:44:42+00:00","dateModified":"2021-12-27T23:44:43+00:00","breadcrumb":{"@id":"https:\/\/fuentesfidedignas.com.mx\/index.php\/2021\/12\/27\/corte-admite-controversia-de-presidencia-contra-el-ine-por-revocacion\/#breadcrumb"},"inLanguage":"es","potentialAction":[{"@type":"ReadAction","target":["https:\/\/fuentesfidedignas.com.mx\/index.php\/2021\/12\/27\/corte-admite-controversia-de-presidencia-contra-el-ine-por-revocacion\/"]}]},{"@type":"ImageObject","inLanguage":"es","@id":"https:\/\/fuentesfidedignas.com.mx\/index.php\/2021\/12\/27\/corte-admite-controversia-de-presidencia-contra-el-ine-por-revocacion\/#primaryimage","url":"https:\/\/fuentesfidedignas.com.mx\/wp-content\/uploads\/2021\/12\/E_wJe7lUcAEMQAN-640x360-1.jpg","contentUrl":"https:\/\/fuentesfidedignas.com.mx\/wp-content\/uploads\/2021\/12\/E_wJe7lUcAEMQAN-640x360-1.jpg","width":640,"height":360},{"@type":"BreadcrumbList","@id":"https:\/\/fuentesfidedignas.com.mx\/index.php\/2021\/12\/27\/corte-admite-controversia-de-presidencia-contra-el-ine-por-revocacion\/#breadcrumb","itemListElement":[{"@type":"ListItem","position":1,"name":"Inicio","item":"https:\/\/fuentesfidedignas.com.mx\/"},{"@type":"ListItem","position":2,"name":"Corte admite controversia de Presidencia contra el INE por revocaci\u00f3n"}]},{"@type":"WebSite","@id":"https:\/\/fuentesfidedignas.com.mx\/#website","url":"https:\/\/fuentesfidedignas.com.mx\/","name":"Fuentes Fidedignas","description":"Otro sitio realizado con WordPress","publisher":{"@id":"https:\/\/fuentesfidedignas.com.mx\/#organization"},"potentialAction":[{"@type":"SearchAction","target":{"@type":"EntryPoint","urlTemplate":"https:\/\/fuentesfidedignas.com.mx\/?s={search_term_string}"},"query-input":{"@type":"PropertyValueSpecification","valueRequired":true,"valueName":"search_term_string"}}],"inLanguage":"es"},{"@type":"Organization","@id":"https:\/\/fuentesfidedignas.com.mx\/#organization","name":"Fuentes Fidedignas","url":"https:\/\/fuentesfidedignas.com.mx\/","logo":{"@type":"ImageObject","inLanguage":"es","@id":"https:\/\/fuentesfidedignas.com.mx\/#\/schema\/logo\/image\/","url":"https:\/\/fuentesfidedignas.com.mx\/wp-content\/uploads\/2021\/04\/logo-retina.png","contentUrl":"https:\/\/fuentesfidedignas.com.mx\/wp-content\/uploads\/2021\/04\/logo-retina.png","width":280,"height":51,"caption":"Fuentes Fidedignas"},"image":{"@id":"https:\/\/fuentesfidedignas.com.mx\/#\/schema\/logo\/image\/"},"sameAs":["https:\/\/www.facebook.com\/Fuentes-Fidedignas-368234489921644","https:\/\/x.com\/fidedignas"]},{"@type":"Person","@id":"https:\/\/fuentesfidedignas.com.mx\/#\/schema\/person\/5623d53fe2e579d825b1679734abcc44","name":"Forbes","image":{"@type":"ImageObject","inLanguage":"es","@id":"https:\/\/secure.gravatar.com\/avatar\/87ce3dd4e41e60c22a79c758614f01a6bc2469255fc936ec7b15efb9bb5cb66f?s=96&d=mm&r=g","url":"https:\/\/secure.gravatar.com\/avatar\/87ce3dd4e41e60c22a79c758614f01a6bc2469255fc936ec7b15efb9bb5cb66f?s=96&d=mm&r=g","contentUrl":"https:\/\/secure.gravatar.com\/avatar\/87ce3dd4e41e60c22a79c758614f01a6bc2469255fc936ec7b15efb9bb5cb66f?s=96&d=mm&r=g","caption":"Forbes"},"url":"https:\/\/fuentesfidedignas.com.mx\/index.php\/author\/forbes\/"}]}},"_links":{"self":[{"href":"https:\/\/fuentesfidedignas.com.mx\/index.php\/wp-json\/wp\/v2\/posts\/20567","targetHints":{"allow":["GET"]}}],"collection":[{"href":"https:\/\/fuentesfidedignas.com.mx\/index.php\/wp-json\/wp\/v2\/posts"}],"about":[{"href":"https:\/\/fuentesfidedignas.com.mx\/index.php\/wp-json\/wp\/v2\/types\/post"}],"author":[{"embeddable":true,"href":"https:\/\/fuentesfidedignas.com.mx\/index.php\/wp-json\/wp\/v2\/users\/5"}],"replies":[{"embeddable":true,"href":"https:\/\/fuentesfidedignas.com.mx\/index.php\/wp-json\/wp\/v2\/comments?post=20567"}],"version-history":[{"count":1,"href":"https:\/\/fuentesfidedignas.com.mx\/index.php\/wp-json\/wp\/v2\/posts\/20567\/revisions"}],"predecessor-version":[{"id":20569,"href":"https:\/\/fuentesfidedignas.com.mx\/index.php\/wp-json\/wp\/v2\/posts\/20567\/revisions\/20569"}],"wp:featuredmedia":[{"embeddable":true,"href":"https:\/\/fuentesfidedignas.com.mx\/index.php\/wp-json\/wp\/v2\/media\/20568"}],"wp:attachment":[{"href":"https:\/\/fuentesfidedignas.com.mx\/index.php\/wp-json\/wp\/v2\/media?parent=20567"}],"wp:term":[{"taxonomy":"category","embeddable":true,"href":"https:\/\/fuentesfidedignas.com.mx\/index.php\/wp-json\/wp\/v2\/categories?post=20567"},{"taxonomy":"post_tag","embeddable":true,"href":"https:\/\/fuentesfidedignas.com.mx\/index.php\/wp-json\/wp\/v2\/tags?post=20567"}],"curies":[{"name":"wp","href":"https:\/\/api.w.org\/{rel}","templated":true}]}}