{"id":20538,"date":"2021-12-26T14:42:04","date_gmt":"2021-12-26T21:42:04","guid":{"rendered":"https:\/\/fuentesfidedignas.com.mx\/?p=20538"},"modified":"2021-12-26T14:42:05","modified_gmt":"2021-12-26T21:42:05","slug":"protestan-en-la-basilica-por-87-meses-del-caso-ayotzinapa","status":"publish","type":"post","link":"https:\/\/fuentesfidedignas.com.mx\/index.php\/2021\/12\/26\/protestan-en-la-basilica-por-87-meses-del-caso-ayotzinapa\/","title":{"rendered":"Protestan en la Bas\u00edlica por 87 meses del caso Ayotzinapa"},"content":{"rendered":"\n<p><strong><em>Al llegar a la explanada de la Bas\u00edlica de Guadalupe, el sacerdote Ra\u00fal Vera ofici\u00f3 una misa en la que responsabiliz\u00f3 a las autoridades de la desaparici\u00f3n de los 43 estudiantes en 2014.<\/em><\/strong><\/p>\n\n\n\n<p>Ciudad de M\u00e9xico.- Cientos de activistas y familiares de los 43 estudiantes desaparecidos de Ayotzinapa protestaron este domingo en la Bas\u00edlica de Guadalupe, donde oraron por el fin de la impunidad al cumplirse 87 meses del caso.<\/p>\n\n\n\n<p>Los manifestantes recorrieron el \u201ccorredor guadalupano\u201d en la Ciudad de M\u00e9xico con consignas como \u201cVivos se los llevaron, vivos los queremos\u201d y \u201cjusticia, verdad y castigo\u201d para denunciar que la investigaci\u00f3n no termina pese a las promesas del presidente Andr\u00e9s Manuel L\u00f3pez Obrador.<\/p>\n\n\n\n<p>Al llegar a la explanada de la Bas\u00edlica de Guadalupe, el sacerdote Ra\u00fal Vera ofici\u00f3 una misa en la que responsabiliz\u00f3 a las autoridades de la desaparici\u00f3n de los 43 estudiantes en 2014 en Guerrero, estado del sur de M\u00e9xico.<\/p>\n\n\n\n<p>\u201cLos principales responsables de la desaparici\u00f3n de sus hijos son el Gobierno de Guerrero, el Gobierno municipal de los municipios en donde se dio este crimen y el Gobierno federal porque tambi\u00e9n estaba en medio el Ej\u00e9rcito mexicano\u201d, denunci\u00f3 Vera, conocido por luchar por los derechos humanos.<\/p>\n\n\n\n<p>Los manifestantes conmemoraron este domingo la 87\u00aa acci\u00f3n global por Ayotzinapa por los 43 estudiantes que desaparecieron el 26 de septiembre de 2014, en el sexenio de Enrique Pe\u00f1a Nieto (2012-2018).<\/p>\n\n\n\n<p>El Gobierno de Pe\u00f1a Nieto promovi\u00f3 la \u201cverdad hist\u00f3rica\u201d que se\u00f1alaba que los estudiantes fueron detenidos por polic\u00edas corruptos en Iguala y entregados al c\u00e1rtel Guerreros Unidos, que los mat\u00f3 e inciner\u00f3 en un basurero de Cocula.<\/p>\n\n\n\n<p>Pero la Administraci\u00f3n de L\u00f3pez Obrador ha desmentido esa \u201cverdad\u201d, al coincidir con familiares y la Comisi\u00f3n Interamericana de Derechos Humanos (CIDH) y su Grupo Interdisciplinario de Expertos Independientes (GIEI), que se\u00f1al\u00f3 que los cuerpos no pudieron ser quemados en ese lugar.<\/p>\n\n\n\n<p>Sin embargo, pese a la promesa del actual mandatario, los manifestantes expresaron este domingo su frustraci\u00f3n por el actuar de la Fiscal\u00eda General de la Rep\u00fablica (FGR) y del Ej\u00e9rcito, cuestionado por reservar informaci\u00f3n del caso por la presunta participaci\u00f3n de militares.<\/p>\n\n\n\n<p>\u201cOramos por las autoridades para que ellas acaben de encontrar a estos j\u00f3venes estudiantes. Pedimos a Dios que el Gobierno federal y que el Gobierno estatal de Guerrero hagan lo que tienen que hacer y ya no est\u00e9n d\u00e1ndole vueltas al asunto\u201d, manifest\u00f3 Vera.<\/p>\n\n\n\n<p>Los inconformes reiteraron su denuncia de que fue \u201cun crimen de Estado\u201d en el que hubo colusi\u00f3n con c\u00e1rteles del narcotr\u00e1fico.<\/p>\n\n\n\n<p>\u201cLas autoridades se movieron para apoyar al crimen organizado, que era el que cultivaba la amapola, esto est\u00e1 bien aclarado\u201d, afirm\u00f3 Vera.<\/p>\n","protected":false},"excerpt":{"rendered":"<p>Al llegar a la explanada de la Bas\u00edlica de Guadalupe, el sacerdote Ra\u00fal Vera ofici\u00f3 una misa en la que responsabiliz\u00f3 a las autoridades de la desaparici\u00f3n de los 43 estudiantes en 2014. Ciudad de M\u00e9xico.- Cientos de activistas y familiares de los 43 estudiantes desaparecidos de Ayotzinapa protestaron este domingo en la Bas\u00edlica de [&hellip;]<\/p>\n","protected":false},"author":5,"featured_media":20539,"comment_status":"open","ping_status":"open","sticky":false,"template":"","format":"standard","meta":{"tdm_status":"","tdm_grid_status":"","footnotes":""},"categories":[39],"tags":[1950,2223,524],"class_list":{"0":"post-20538","1":"post","2":"type-post","3":"status-publish","4":"format-standard","5":"has-post-thumbnail","7":"category-noticias-nacionales","8":"tag-ayotzinapa","9":"tag-basilica-de-guadalupe","10":"tag-caso-ayotzinapa"},"yoast_head":"<!-- This site is optimized with the Yoast SEO plugin v27.5 - https:\/\/yoast.com\/product\/yoast-seo-wordpress\/ -->\n<title>Protestan en la Bas\u00edlica por 87 meses del caso Ayotzinapa - Fuentes Fidedignas<\/title>\n<meta name=\"robots\" content=\"index, follow, max-snippet:-1, max-image-preview:large, max-video-preview:-1\" \/>\n<link rel=\"canonical\" href=\"https:\/\/fuentesfidedignas.com.mx\/index.php\/2021\/12\/26\/protestan-en-la-basilica-por-87-meses-del-caso-ayotzinapa\/\" \/>\n<meta property=\"og:locale\" content=\"es_MX\" \/>\n<meta property=\"og:type\" content=\"article\" \/>\n<meta property=\"og:title\" content=\"Protestan en la Bas\u00edlica por 87 meses del caso Ayotzinapa - Fuentes Fidedignas\" \/>\n<meta property=\"og:description\" content=\"Al llegar a la explanada de la Bas\u00edlica de Guadalupe, el sacerdote Ra\u00fal Vera ofici\u00f3 una misa en la que responsabiliz\u00f3 a las autoridades de la desaparici\u00f3n de los 43 estudiantes en 2014. Ciudad de M\u00e9xico.- Cientos de activistas y familiares de los 43 estudiantes desaparecidos de Ayotzinapa protestaron este domingo en la Bas\u00edlica de [&hellip;]\" \/>\n<meta property=\"og:url\" content=\"https:\/\/fuentesfidedignas.com.mx\/index.php\/2021\/12\/26\/protestan-en-la-basilica-por-87-meses-del-caso-ayotzinapa\/\" \/>\n<meta property=\"og:site_name\" content=\"Fuentes Fidedignas\" \/>\n<meta property=\"article:publisher\" content=\"https:\/\/www.facebook.com\/Fuentes-Fidedignas-368234489921644\" \/>\n<meta property=\"article:published_time\" content=\"2021-12-26T21:42:04+00:00\" \/>\n<meta property=\"article:modified_time\" content=\"2021-12-26T21:42:05+00:00\" \/>\n<meta property=\"og:image\" content=\"https:\/\/fuentesfidedignas.com.mx\/wp-content\/uploads\/2021\/12\/ayotzinapa-640x360-1.jpg\" \/>\n\t<meta property=\"og:image:width\" content=\"640\" \/>\n\t<meta property=\"og:image:height\" content=\"360\" \/>\n\t<meta property=\"og:image:type\" content=\"image\/jpeg\" \/>\n<meta name=\"author\" content=\"Forbes\" \/>\n<meta name=\"twitter:card\" content=\"summary_large_image\" \/>\n<meta name=\"twitter:creator\" content=\"@fidedignas\" \/>\n<meta name=\"twitter:site\" content=\"@fidedignas\" \/>\n<meta name=\"twitter:label1\" content=\"Escrito por\" \/>\n\t<meta name=\"twitter:data1\" content=\"Forbes\" \/>\n\t<meta name=\"twitter:label2\" content=\"Tiempo de lectura\" \/>\n\t<meta name=\"twitter:data2\" content=\"3 minutos\" \/>\n<script type=\"application\/ld+json\" class=\"yoast-schema-graph\">{\"@context\":\"https:\\\/\\\/schema.org\",\"@graph\":[{\"@type\":\"Article\",\"@id\":\"https:\\\/\\\/fuentesfidedignas.com.mx\\\/index.php\\\/2021\\\/12\\\/26\\\/protestan-en-la-basilica-por-87-meses-del-caso-ayotzinapa\\\/#article\",\"isPartOf\":{\"@id\":\"https:\\\/\\\/fuentesfidedignas.com.mx\\\/index.php\\\/2021\\\/12\\\/26\\\/protestan-en-la-basilica-por-87-meses-del-caso-ayotzinapa\\\/\"},\"author\":{\"name\":\"Forbes\",\"@id\":\"https:\\\/\\\/fuentesfidedignas.com.mx\\\/#\\\/schema\\\/person\\\/5623d53fe2e579d825b1679734abcc44\"},\"headline\":\"Protestan en la Bas\u00edlica por 87 meses del caso Ayotzinapa\",\"datePublished\":\"2021-12-26T21:42:04+00:00\",\"dateModified\":\"2021-12-26T21:42:05+00:00\",\"mainEntityOfPage\":{\"@id\":\"https:\\\/\\\/fuentesfidedignas.com.mx\\\/index.php\\\/2021\\\/12\\\/26\\\/protestan-en-la-basilica-por-87-meses-del-caso-ayotzinapa\\\/\"},\"wordCount\":479,\"commentCount\":0,\"publisher\":{\"@id\":\"https:\\\/\\\/fuentesfidedignas.com.mx\\\/#organization\"},\"image\":{\"@id\":\"https:\\\/\\\/fuentesfidedignas.com.mx\\\/index.php\\\/2021\\\/12\\\/26\\\/protestan-en-la-basilica-por-87-meses-del-caso-ayotzinapa\\\/#primaryimage\"},\"thumbnailUrl\":\"https:\\\/\\\/fuentesfidedignas.com.mx\\\/wp-content\\\/uploads\\\/2021\\\/12\\\/ayotzinapa-640x360-1.jpg\",\"keywords\":[\"Ayotzinapa\",\"Bas\u00edlica de Guadalupe\",\"Caso Ayotzinapa\"],\"articleSection\":[\"NOTICIAS NACIONALES\"],\"inLanguage\":\"es\",\"potentialAction\":[{\"@type\":\"CommentAction\",\"name\":\"Comment\",\"target\":[\"https:\\\/\\\/fuentesfidedignas.com.mx\\\/index.php\\\/2021\\\/12\\\/26\\\/protestan-en-la-basilica-por-87-meses-del-caso-ayotzinapa\\\/#respond\"]}]},{\"@type\":\"WebPage\",\"@id\":\"https:\\\/\\\/fuentesfidedignas.com.mx\\\/index.php\\\/2021\\\/12\\\/26\\\/protestan-en-la-basilica-por-87-meses-del-caso-ayotzinapa\\\/\",\"url\":\"https:\\\/\\\/fuentesfidedignas.com.mx\\\/index.php\\\/2021\\\/12\\\/26\\\/protestan-en-la-basilica-por-87-meses-del-caso-ayotzinapa\\\/\",\"name\":\"Protestan en la Bas\u00edlica por 87 meses del caso Ayotzinapa - Fuentes Fidedignas\",\"isPartOf\":{\"@id\":\"https:\\\/\\\/fuentesfidedignas.com.mx\\\/#website\"},\"primaryImageOfPage\":{\"@id\":\"https:\\\/\\\/fuentesfidedignas.com.mx\\\/index.php\\\/2021\\\/12\\\/26\\\/protestan-en-la-basilica-por-87-meses-del-caso-ayotzinapa\\\/#primaryimage\"},\"image\":{\"@id\":\"https:\\\/\\\/fuentesfidedignas.com.mx\\\/index.php\\\/2021\\\/12\\\/26\\\/protestan-en-la-basilica-por-87-meses-del-caso-ayotzinapa\\\/#primaryimage\"},\"thumbnailUrl\":\"https:\\\/\\\/fuentesfidedignas.com.mx\\\/wp-content\\\/uploads\\\/2021\\\/12\\\/ayotzinapa-640x360-1.jpg\",\"datePublished\":\"2021-12-26T21:42:04+00:00\",\"dateModified\":\"2021-12-26T21:42:05+00:00\",\"breadcrumb\":{\"@id\":\"https:\\\/\\\/fuentesfidedignas.com.mx\\\/index.php\\\/2021\\\/12\\\/26\\\/protestan-en-la-basilica-por-87-meses-del-caso-ayotzinapa\\\/#breadcrumb\"},\"inLanguage\":\"es\",\"potentialAction\":[{\"@type\":\"ReadAction\",\"target\":[\"https:\\\/\\\/fuentesfidedignas.com.mx\\\/index.php\\\/2021\\\/12\\\/26\\\/protestan-en-la-basilica-por-87-meses-del-caso-ayotzinapa\\\/\"]}]},{\"@type\":\"ImageObject\",\"inLanguage\":\"es\",\"@id\":\"https:\\\/\\\/fuentesfidedignas.com.mx\\\/index.php\\\/2021\\\/12\\\/26\\\/protestan-en-la-basilica-por-87-meses-del-caso-ayotzinapa\\\/#primaryimage\",\"url\":\"https:\\\/\\\/fuentesfidedignas.com.mx\\\/wp-content\\\/uploads\\\/2021\\\/12\\\/ayotzinapa-640x360-1.jpg\",\"contentUrl\":\"https:\\\/\\\/fuentesfidedignas.com.mx\\\/wp-content\\\/uploads\\\/2021\\\/12\\\/ayotzinapa-640x360-1.jpg\",\"width\":640,\"height\":360},{\"@type\":\"BreadcrumbList\",\"@id\":\"https:\\\/\\\/fuentesfidedignas.com.mx\\\/index.php\\\/2021\\\/12\\\/26\\\/protestan-en-la-basilica-por-87-meses-del-caso-ayotzinapa\\\/#breadcrumb\",\"itemListElement\":[{\"@type\":\"ListItem\",\"position\":1,\"name\":\"Inicio\",\"item\":\"https:\\\/\\\/fuentesfidedignas.com.mx\\\/\"},{\"@type\":\"ListItem\",\"position\":2,\"name\":\"Protestan en la Bas\u00edlica por 87 meses del caso Ayotzinapa\"}]},{\"@type\":\"WebSite\",\"@id\":\"https:\\\/\\\/fuentesfidedignas.com.mx\\\/#website\",\"url\":\"https:\\\/\\\/fuentesfidedignas.com.mx\\\/\",\"name\":\"Fuentes Fidedignas\",\"description\":\"Otro sitio realizado con WordPress\",\"publisher\":{\"@id\":\"https:\\\/\\\/fuentesfidedignas.com.mx\\\/#organization\"},\"potentialAction\":[{\"@type\":\"SearchAction\",\"target\":{\"@type\":\"EntryPoint\",\"urlTemplate\":\"https:\\\/\\\/fuentesfidedignas.com.mx\\\/?s={search_term_string}\"},\"query-input\":{\"@type\":\"PropertyValueSpecification\",\"valueRequired\":true,\"valueName\":\"search_term_string\"}}],\"inLanguage\":\"es\"},{\"@type\":\"Organization\",\"@id\":\"https:\\\/\\\/fuentesfidedignas.com.mx\\\/#organization\",\"name\":\"Fuentes Fidedignas\",\"url\":\"https:\\\/\\\/fuentesfidedignas.com.mx\\\/\",\"logo\":{\"@type\":\"ImageObject\",\"inLanguage\":\"es\",\"@id\":\"https:\\\/\\\/fuentesfidedignas.com.mx\\\/#\\\/schema\\\/logo\\\/image\\\/\",\"url\":\"https:\\\/\\\/fuentesfidedignas.com.mx\\\/wp-content\\\/uploads\\\/2021\\\/04\\\/logo-retina.png\",\"contentUrl\":\"https:\\\/\\\/fuentesfidedignas.com.mx\\\/wp-content\\\/uploads\\\/2021\\\/04\\\/logo-retina.png\",\"width\":280,\"height\":51,\"caption\":\"Fuentes Fidedignas\"},\"image\":{\"@id\":\"https:\\\/\\\/fuentesfidedignas.com.mx\\\/#\\\/schema\\\/logo\\\/image\\\/\"},\"sameAs\":[\"https:\\\/\\\/www.facebook.com\\\/Fuentes-Fidedignas-368234489921644\",\"https:\\\/\\\/x.com\\\/fidedignas\"]},{\"@type\":\"Person\",\"@id\":\"https:\\\/\\\/fuentesfidedignas.com.mx\\\/#\\\/schema\\\/person\\\/5623d53fe2e579d825b1679734abcc44\",\"name\":\"Forbes\",\"image\":{\"@type\":\"ImageObject\",\"inLanguage\":\"es\",\"@id\":\"https:\\\/\\\/secure.gravatar.com\\\/avatar\\\/87ce3dd4e41e60c22a79c758614f01a6bc2469255fc936ec7b15efb9bb5cb66f?s=96&d=mm&r=g\",\"url\":\"https:\\\/\\\/secure.gravatar.com\\\/avatar\\\/87ce3dd4e41e60c22a79c758614f01a6bc2469255fc936ec7b15efb9bb5cb66f?s=96&d=mm&r=g\",\"contentUrl\":\"https:\\\/\\\/secure.gravatar.com\\\/avatar\\\/87ce3dd4e41e60c22a79c758614f01a6bc2469255fc936ec7b15efb9bb5cb66f?s=96&d=mm&r=g\",\"caption\":\"Forbes\"},\"url\":\"https:\\\/\\\/fuentesfidedignas.com.mx\\\/index.php\\\/author\\\/forbes\\\/\"}]}<\/script>\n<!-- \/ Yoast SEO plugin. -->","yoast_head_json":{"title":"Protestan en la Bas\u00edlica por 87 meses del caso Ayotzinapa - Fuentes Fidedignas","robots":{"index":"index","follow":"follow","max-snippet":"max-snippet:-1","max-image-preview":"max-image-preview:large","max-video-preview":"max-video-preview:-1"},"canonical":"https:\/\/fuentesfidedignas.com.mx\/index.php\/2021\/12\/26\/protestan-en-la-basilica-por-87-meses-del-caso-ayotzinapa\/","og_locale":"es_MX","og_type":"article","og_title":"Protestan en la Bas\u00edlica por 87 meses del caso Ayotzinapa - Fuentes Fidedignas","og_description":"Al llegar a la explanada de la Bas\u00edlica de Guadalupe, el sacerdote Ra\u00fal Vera ofici\u00f3 una misa en la que responsabiliz\u00f3 a las autoridades de la desaparici\u00f3n de los 43 estudiantes en 2014. Ciudad de M\u00e9xico.- Cientos de activistas y familiares de los 43 estudiantes desaparecidos de Ayotzinapa protestaron este domingo en la Bas\u00edlica de [&hellip;]","og_url":"https:\/\/fuentesfidedignas.com.mx\/index.php\/2021\/12\/26\/protestan-en-la-basilica-por-87-meses-del-caso-ayotzinapa\/","og_site_name":"Fuentes Fidedignas","article_publisher":"https:\/\/www.facebook.com\/Fuentes-Fidedignas-368234489921644","article_published_time":"2021-12-26T21:42:04+00:00","article_modified_time":"2021-12-26T21:42:05+00:00","og_image":[{"width":640,"height":360,"url":"https:\/\/fuentesfidedignas.com.mx\/wp-content\/uploads\/2021\/12\/ayotzinapa-640x360-1.jpg","type":"image\/jpeg"}],"author":"Forbes","twitter_card":"summary_large_image","twitter_creator":"@fidedignas","twitter_site":"@fidedignas","twitter_misc":{"Escrito por":"Forbes","Tiempo de lectura":"3 minutos"},"schema":{"@context":"https:\/\/schema.org","@graph":[{"@type":"Article","@id":"https:\/\/fuentesfidedignas.com.mx\/index.php\/2021\/12\/26\/protestan-en-la-basilica-por-87-meses-del-caso-ayotzinapa\/#article","isPartOf":{"@id":"https:\/\/fuentesfidedignas.com.mx\/index.php\/2021\/12\/26\/protestan-en-la-basilica-por-87-meses-del-caso-ayotzinapa\/"},"author":{"name":"Forbes","@id":"https:\/\/fuentesfidedignas.com.mx\/#\/schema\/person\/5623d53fe2e579d825b1679734abcc44"},"headline":"Protestan en la Bas\u00edlica por 87 meses del caso Ayotzinapa","datePublished":"2021-12-26T21:42:04+00:00","dateModified":"2021-12-26T21:42:05+00:00","mainEntityOfPage":{"@id":"https:\/\/fuentesfidedignas.com.mx\/index.php\/2021\/12\/26\/protestan-en-la-basilica-por-87-meses-del-caso-ayotzinapa\/"},"wordCount":479,"commentCount":0,"publisher":{"@id":"https:\/\/fuentesfidedignas.com.mx\/#organization"},"image":{"@id":"https:\/\/fuentesfidedignas.com.mx\/index.php\/2021\/12\/26\/protestan-en-la-basilica-por-87-meses-del-caso-ayotzinapa\/#primaryimage"},"thumbnailUrl":"https:\/\/fuentesfidedignas.com.mx\/wp-content\/uploads\/2021\/12\/ayotzinapa-640x360-1.jpg","keywords":["Ayotzinapa","Bas\u00edlica de Guadalupe","Caso Ayotzinapa"],"articleSection":["NOTICIAS NACIONALES"],"inLanguage":"es","potentialAction":[{"@type":"CommentAction","name":"Comment","target":["https:\/\/fuentesfidedignas.com.mx\/index.php\/2021\/12\/26\/protestan-en-la-basilica-por-87-meses-del-caso-ayotzinapa\/#respond"]}]},{"@type":"WebPage","@id":"https:\/\/fuentesfidedignas.com.mx\/index.php\/2021\/12\/26\/protestan-en-la-basilica-por-87-meses-del-caso-ayotzinapa\/","url":"https:\/\/fuentesfidedignas.com.mx\/index.php\/2021\/12\/26\/protestan-en-la-basilica-por-87-meses-del-caso-ayotzinapa\/","name":"Protestan en la Bas\u00edlica por 87 meses del caso Ayotzinapa - Fuentes Fidedignas","isPartOf":{"@id":"https:\/\/fuentesfidedignas.com.mx\/#website"},"primaryImageOfPage":{"@id":"https:\/\/fuentesfidedignas.com.mx\/index.php\/2021\/12\/26\/protestan-en-la-basilica-por-87-meses-del-caso-ayotzinapa\/#primaryimage"},"image":{"@id":"https:\/\/fuentesfidedignas.com.mx\/index.php\/2021\/12\/26\/protestan-en-la-basilica-por-87-meses-del-caso-ayotzinapa\/#primaryimage"},"thumbnailUrl":"https:\/\/fuentesfidedignas.com.mx\/wp-content\/uploads\/2021\/12\/ayotzinapa-640x360-1.jpg","datePublished":"2021-12-26T21:42:04+00:00","dateModified":"2021-12-26T21:42:05+00:00","breadcrumb":{"@id":"https:\/\/fuentesfidedignas.com.mx\/index.php\/2021\/12\/26\/protestan-en-la-basilica-por-87-meses-del-caso-ayotzinapa\/#breadcrumb"},"inLanguage":"es","potentialAction":[{"@type":"ReadAction","target":["https:\/\/fuentesfidedignas.com.mx\/index.php\/2021\/12\/26\/protestan-en-la-basilica-por-87-meses-del-caso-ayotzinapa\/"]}]},{"@type":"ImageObject","inLanguage":"es","@id":"https:\/\/fuentesfidedignas.com.mx\/index.php\/2021\/12\/26\/protestan-en-la-basilica-por-87-meses-del-caso-ayotzinapa\/#primaryimage","url":"https:\/\/fuentesfidedignas.com.mx\/wp-content\/uploads\/2021\/12\/ayotzinapa-640x360-1.jpg","contentUrl":"https:\/\/fuentesfidedignas.com.mx\/wp-content\/uploads\/2021\/12\/ayotzinapa-640x360-1.jpg","width":640,"height":360},{"@type":"BreadcrumbList","@id":"https:\/\/fuentesfidedignas.com.mx\/index.php\/2021\/12\/26\/protestan-en-la-basilica-por-87-meses-del-caso-ayotzinapa\/#breadcrumb","itemListElement":[{"@type":"ListItem","position":1,"name":"Inicio","item":"https:\/\/fuentesfidedignas.com.mx\/"},{"@type":"ListItem","position":2,"name":"Protestan en la Bas\u00edlica por 87 meses del caso Ayotzinapa"}]},{"@type":"WebSite","@id":"https:\/\/fuentesfidedignas.com.mx\/#website","url":"https:\/\/fuentesfidedignas.com.mx\/","name":"Fuentes Fidedignas","description":"Otro sitio realizado con WordPress","publisher":{"@id":"https:\/\/fuentesfidedignas.com.mx\/#organization"},"potentialAction":[{"@type":"SearchAction","target":{"@type":"EntryPoint","urlTemplate":"https:\/\/fuentesfidedignas.com.mx\/?s={search_term_string}"},"query-input":{"@type":"PropertyValueSpecification","valueRequired":true,"valueName":"search_term_string"}}],"inLanguage":"es"},{"@type":"Organization","@id":"https:\/\/fuentesfidedignas.com.mx\/#organization","name":"Fuentes Fidedignas","url":"https:\/\/fuentesfidedignas.com.mx\/","logo":{"@type":"ImageObject","inLanguage":"es","@id":"https:\/\/fuentesfidedignas.com.mx\/#\/schema\/logo\/image\/","url":"https:\/\/fuentesfidedignas.com.mx\/wp-content\/uploads\/2021\/04\/logo-retina.png","contentUrl":"https:\/\/fuentesfidedignas.com.mx\/wp-content\/uploads\/2021\/04\/logo-retina.png","width":280,"height":51,"caption":"Fuentes Fidedignas"},"image":{"@id":"https:\/\/fuentesfidedignas.com.mx\/#\/schema\/logo\/image\/"},"sameAs":["https:\/\/www.facebook.com\/Fuentes-Fidedignas-368234489921644","https:\/\/x.com\/fidedignas"]},{"@type":"Person","@id":"https:\/\/fuentesfidedignas.com.mx\/#\/schema\/person\/5623d53fe2e579d825b1679734abcc44","name":"Forbes","image":{"@type":"ImageObject","inLanguage":"es","@id":"https:\/\/secure.gravatar.com\/avatar\/87ce3dd4e41e60c22a79c758614f01a6bc2469255fc936ec7b15efb9bb5cb66f?s=96&d=mm&r=g","url":"https:\/\/secure.gravatar.com\/avatar\/87ce3dd4e41e60c22a79c758614f01a6bc2469255fc936ec7b15efb9bb5cb66f?s=96&d=mm&r=g","contentUrl":"https:\/\/secure.gravatar.com\/avatar\/87ce3dd4e41e60c22a79c758614f01a6bc2469255fc936ec7b15efb9bb5cb66f?s=96&d=mm&r=g","caption":"Forbes"},"url":"https:\/\/fuentesfidedignas.com.mx\/index.php\/author\/forbes\/"}]}},"_links":{"self":[{"href":"https:\/\/fuentesfidedignas.com.mx\/index.php\/wp-json\/wp\/v2\/posts\/20538","targetHints":{"allow":["GET"]}}],"collection":[{"href":"https:\/\/fuentesfidedignas.com.mx\/index.php\/wp-json\/wp\/v2\/posts"}],"about":[{"href":"https:\/\/fuentesfidedignas.com.mx\/index.php\/wp-json\/wp\/v2\/types\/post"}],"author":[{"embeddable":true,"href":"https:\/\/fuentesfidedignas.com.mx\/index.php\/wp-json\/wp\/v2\/users\/5"}],"replies":[{"embeddable":true,"href":"https:\/\/fuentesfidedignas.com.mx\/index.php\/wp-json\/wp\/v2\/comments?post=20538"}],"version-history":[{"count":1,"href":"https:\/\/fuentesfidedignas.com.mx\/index.php\/wp-json\/wp\/v2\/posts\/20538\/revisions"}],"predecessor-version":[{"id":20540,"href":"https:\/\/fuentesfidedignas.com.mx\/index.php\/wp-json\/wp\/v2\/posts\/20538\/revisions\/20540"}],"wp:featuredmedia":[{"embeddable":true,"href":"https:\/\/fuentesfidedignas.com.mx\/index.php\/wp-json\/wp\/v2\/media\/20539"}],"wp:attachment":[{"href":"https:\/\/fuentesfidedignas.com.mx\/index.php\/wp-json\/wp\/v2\/media?parent=20538"}],"wp:term":[{"taxonomy":"category","embeddable":true,"href":"https:\/\/fuentesfidedignas.com.mx\/index.php\/wp-json\/wp\/v2\/categories?post=20538"},{"taxonomy":"post_tag","embeddable":true,"href":"https:\/\/fuentesfidedignas.com.mx\/index.php\/wp-json\/wp\/v2\/tags?post=20538"}],"curies":[{"name":"wp","href":"https:\/\/api.w.org\/{rel}","templated":true}]}}