{"id":2053,"date":"2021-05-15T05:00:00","date_gmt":"2021-05-15T12:00:00","guid":{"rendered":"https:\/\/fuentesfidedignas.com.mx\/?p=2053"},"modified":"2021-05-14T18:50:48","modified_gmt":"2021-05-15T01:50:48","slug":"la-vacuna-anti-covid-19-y-el-embarazo-esto-dicen-los-expertos","status":"publish","type":"post","link":"https:\/\/fuentesfidedignas.com.mx\/index.php\/2021\/05\/15\/la-vacuna-anti-covid-19-y-el-embarazo-esto-dicen-los-expertos\/","title":{"rendered":"La vacuna anti-Covid-19 y el embarazo: esto dicen los expertos"},"content":{"rendered":"\n<p><strong><em>Puede que las personas embarazadas duden si ponerse o no la vacuna, ya que no hay datos sobre c\u00f3mo funciona en ellas. Los expertos m\u00e9dicos explican qu\u00e9 se sabe por ahora y c\u00f3mo puede sopesar cada persona sus propios riesgos y beneficios.<\/em><\/strong><\/p>\n\n\n\n<p>Cuando a principios del a\u00f1o pasado investigadores de todo el mundo empezaron a desarrollar vacunas contra el coronavirus, las embarazadas hab\u00edan sido dejado de lado en los ensayos cl\u00ednicos que estudiaban la eficacia y la seguridad en los participantes. Pero tras los buenos resultados para otras poblaciones, ahora se empez\u00f3 a considerar a las embarazadas y ya hay estudios preliminares y recomendaciones con respecto a las vacunas.<\/p>\n\n\n\n<p>Aqu\u00ed van 5 claves a tener cuenta sobre las vacunas en embarazadas:<\/p>\n\n\n\n<p><strong>1- Las embarazadas s\u00ed pueden recibir las vacunas contra el coronavirus si son parte del personal estrat\u00e9gico<\/strong><\/p>\n\n\n\n<p>La Comisi\u00f3n Nacional de Inmunizaciones (CONAIN) de Argentina determin\u00f3 recientemente que las embarazadas pueden recibir las vacunas para prevenir complicaciones por la enfermedad COVID-19. La indicaci\u00f3n depende de que formen parte de los grupos priorizados seg\u00fan el plan de vacunaci\u00f3n del Ministerio de Salud de la Naci\u00f3n.<\/p>\n\n\n\n<p>\u201cSi una embarazada se encuentra en riesgo de exposici\u00f3n alto a la infecci\u00f3n por el coronavirus y est\u00e1 dentro de los grupos definidos como estrat\u00e9gicos seg\u00fan el plan de vacunaci\u00f3n, como el personal de salud, el personal docente o los miembro de las Fuerzas de Seguridad y Fuerzas Armadas, deber\u00eda acceder a la vacuna\u201d, coment\u00f3 a Infobae la m\u00e9dica infect\u00f3loga de la Cl\u00ednica Maternidad Suizo Argentina y el Sanatorio Finochietto, Liliana V\u00e1zquez, quien es miembro de la Sociedad Argentina de Infectolog\u00eda.<\/p>\n\n\n\n<p><strong>2- Las embarazadas y las mujeres que amamantan pueden recibir la vacuna COVID-19 si tienen enfermedades previas como diabetes u obesidad<\/strong><\/p>\n\n\n\n<p>De acuerdo con el plan de vacunaci\u00f3n de Argentina, las embarazadas tambi\u00e9n pueden recibir las vacunas si tienen condiciones previas, como diabetes, obesidad grado 2 o mayor, o enfermedades cr\u00f3nicas renales, respiratorias o card\u00edacas. Esas mujeres forman parte de uno de los grupos priorizados, ya que esas enfermedades previas con la infecci\u00f3n del coronavirus pueden aumentar el riesgo de complicaciones por la enfermedad. De acuerdo con la Comisi\u00f3n Nacional de Inmunizaci\u00f3n, \u201cel riesgo de presentar eventos adversos graves (por las vacunas) es muy poco probable al no tratarse de plataformas a virus vivos y atenuados\u201d. Recomend\u00f3 que las embarazadas consulten previamente con personal de salud id\u00f3neo que brinde la informaci\u00f3n pertinente.<\/p>\n\n\n\n<p><strong>3- La vacuna en embarazadas puede generar anticuerpos que son transferidos al beb\u00e9<\/strong><\/p>\n\n\n\n<p>En enero pasado, investigadores liderados por Dustin Flannery, de la Universidad de Pensilvania, en los Estados Unidos, demostraron que las vacunas contra el coronavirus generan anticuerpos en las embarazadas y son transferidos a los fetos. Lo publicaron en la revista JAMA de la Asociaci\u00f3n M\u00e9dica de los Estados Unidos.<\/p>\n\n\n\n<p>Se encontr\u00f3 que los anticuerpos fueron transferidos a trav\u00e9s de la placenta en 72 de 83 mujeres embarazadas que ten\u00edan el coronavirus. Es decir, que la vacuna proporciona protecci\u00f3n al beb\u00e9 contra la infecci\u00f3n por el coronavirus. \u201cSe trata de algo que era esperable en funci\u00f3n de la experiencia con vacunas para otras enfermedades. Por ejemplo, las vacunas contra la tos convulsa -que viene incluida en la vacuna triple bacteriana acelular- y la vacuna antigripal est\u00e1n indicadas en el calendario oficial para embarazadas. Cuando se las dan a las embarazadas, tambi\u00e9n les transfieren anticuerpos a los beb\u00e9s\u201d, destac\u00f3 la doctora V\u00e1zquez.<\/p>\n\n\n\n<p><strong>4- Los anticuerpos contra el coronavirus tambi\u00e9n pueden ser transferidos desde la madre al hijo a trav\u00e9s de la lactancia<\/strong><\/p>\n\n\n\n<p>Un estudio que a\u00fan espera revisi\u00f3n de pares en una revista cient\u00edfica inform\u00f3 que se evaluaron 130 mujeres vacunadas, 84 de las cuales estaban embarazadas y 31 en per\u00edodo de lactancia. Se descubri\u00f3 que estas mujeres ten\u00edan respuestas inmunitarias a la vacuna similares a las de las mujeres no embarazadas. El resultado sugiere que la vacuna ser\u00eda igual de eficaz para las embarazadas.<\/p>\n\n\n\n<p>Tambi\u00e9n mostr\u00f3 que en 10 mujeres que dieron a luz a sus beb\u00e9s durante el estudio, todas ten\u00edan anticuerpos detectables en la sangre del cord\u00f3n umbilical, y casi todas las mujeres que amamantaban ten\u00edan anticuerpos en la leche materna. Una mujer que hab\u00eda recibido s\u00f3lo una dosis de una vacuna de dos dosis cuando dio a luz, tambi\u00e9n ten\u00eda anticuerpos en el cord\u00f3n umbilical, pero era una cantidad menor que en las que estaban totalmente vacunadas.<\/p>\n\n\n\n<p>Andrea Edlow, coautora del estudio y profesora de la Escuela de Medicina de la Universidad de Harvard y del Hospital General de Massachusetts, en los Estados Unidos, cont\u00f3 que pudieron comparar las respuestas de anticuerpos entre las vacunas de Moderna y Pfizer\/BioNtech. Descubrieron que las mujeres que hab\u00edan recibido la vacuna Moderna ten\u00edan niveles m\u00e1s altos de un tipo de anticuerpo, llamado IgA. Este anticuerpo de la mucosa suele encontrarse en la leche materna y protege a los beb\u00e9s amamantados contra enfermedades, como el COVID-19, que atacan las zonas de la mucosa, en particular el tracto respiratorio.<\/p>\n\n\n\n<p>Otro trabajo realizado en Hadassah Medical Center de Israel tambi\u00e9n demostr\u00f3 similares resultados: se estudiaron 22 mujeres que hab\u00edan tenido el parto recientemente. Tambi\u00e9n transfirieron los anticuerpos a sus beb\u00e9s a trav\u00e9s de la placenta. En tanto, un estudio de caso, realizado por el equipo del investigador Paul Gilbert, en la Universidad Atlantic Florida, descubri\u00f3 que una mujer embarazada que hab\u00eda recibido una dosis de una vacuna de ARNm de dos dosis tambi\u00e9n ten\u00eda anticuerpos detectables en la sangre de su cord\u00f3n umbilical al dar a luz. Los autores de ese estudio dijeron que si los beb\u00e9s nacieran con anticuerpos, podr\u00eda protegerlos en los primeros meses de vida, cuando son m\u00e1s vulnerables.<\/p>\n\n\n\n<p>Tambi\u00e9n a trav\u00e9s de la leche materna, las mujeres vacunadas contra el coronavirus pueden transferir los anticuerpos a los beb\u00e9s y ni\u00f1os lactantes, seg\u00fan otro trabajo realizado por la Universidad de Tel Aviv y el Centro M\u00e9dico Sourasky de Tel Aviv &#8211; Ichilov en Israel. En todos los estudios realizados, a\u00fan no se sabe exactamente cu\u00e1nto durar\u00eda la protecci\u00f3n en los b\u00e9bes de madres vacunadas.<\/p>\n\n\n\n<p>En San Luis Potos\u00ed, M\u00e9xico, una madre dio a luz a un beb\u00e9 que desarroll\u00f3 anticuerpos contra la enfermedad del COVID-19. Es el primer nacimiento registrado en el pa\u00eds con un \u00e9xito saludable para la mam\u00e1 y el reci\u00e9n nacido. Durante el periodo de embarazo la mujer fue vacunada con las dosis de Pfizer\/BioNtech.<\/p>\n\n\n\n<p><strong>5- Las vacunas de una sola dosis tambi\u00e9n sirven para embarazadas.<\/strong><\/p>\n\n\n\n<p>La Organizaci\u00f3n Mundial de la Salud recomend\u00f3 la semana pasada el uso de la vacuna de una sola dosis de Janssen\/ Johnson y Johnson, para todos los pa\u00edses incluidos aquellos en los que ya est\u00e1n circulando de manera mayoritaria nuevas variantes del coronavirus causante de la pandemia de COVID-19. El panel de expertos de la agencia de la ONU recomend\u00f3 su administraci\u00f3n para el grupo de mujeres embarazadas y lactantes en grupos de riesgo, como las trabajadoras de la salud, pero resalta que ha demostrado ser relativamente m\u00e1s segura que las de Pfizer-BionTech y AstraZeneca-Oxford.<\/p>\n\n\n\n<p>\u201cLa vacuna es relativamente m\u00e1s segura que otras en el sentido del conocimiento en el uso en embarazadas. Tenemos la experiencia con otra vacuna de Janssen basada en la misma plataforma Adeno 26 que se ha usado ampliamente para controlar brotes de \u00e9bola en la Rep\u00fablica Democr\u00e1tica del Congo y otros pa\u00edses \u00c1frica occidental. Se ha hecho un seguimiento de 1600 mujeres embarazadas vacunas contra el \u00e9bola en el que se vio que el beneficio de vacunarlas frente al riesgo de que cogieran \u00e9bola estaba totalmente justificado\u201d, inform\u00f3 Alejandro Cravioto, el director del Grupo Estrat\u00e9gico Asesor de Expertos sobre Vacunaci\u00f3n (SAGE por sus siglas en ingl\u00e9s). La experiencia tambi\u00e9n se extiende para madres lactantes y se ha visto que \u201ces segura\u201d para aquellas que necesitan ser vacunadas.<\/p>\n","protected":false},"excerpt":{"rendered":"<p>Puede que las personas embarazadas duden si ponerse o no la vacuna, ya que no hay datos sobre c\u00f3mo funciona en ellas. Los expertos m\u00e9dicos explican qu\u00e9 se sabe por ahora y c\u00f3mo puede sopesar cada persona sus propios riesgos y beneficios. Cuando a principios del a\u00f1o pasado investigadores de todo el mundo empezaron a [&hellip;]<\/p>\n","protected":false},"author":41,"featured_media":2054,"comment_status":"open","ping_status":"open","sticky":false,"template":"","format":"standard","meta":{"tdm_status":"","tdm_grid_status":"","footnotes":""},"categories":[41],"tags":[331,332,59,406,407],"class_list":{"0":"post-2053","1":"post","2":"type-post","3":"status-publish","4":"format-standard","5":"has-post-thumbnail","7":"category-review-magazine","8":"tag-centro-de-vacunacion-covid","9":"tag-coronavirus","10":"tag-covid-19","11":"tag-embarazo","12":"tag-vacuna-anticovid"},"yoast_head":"<!-- This site is optimized with the Yoast SEO plugin v27.5 - https:\/\/yoast.com\/product\/yoast-seo-wordpress\/ -->\n<title>La vacuna anti-Covid-19 y el embarazo: esto dicen los expertos - Fuentes Fidedignas<\/title>\n<meta name=\"robots\" content=\"index, follow, max-snippet:-1, max-image-preview:large, max-video-preview:-1\" \/>\n<link rel=\"canonical\" href=\"https:\/\/fuentesfidedignas.com.mx\/index.php\/2021\/05\/15\/la-vacuna-anti-covid-19-y-el-embarazo-esto-dicen-los-expertos\/\" \/>\n<meta property=\"og:locale\" content=\"es_MX\" \/>\n<meta property=\"og:type\" content=\"article\" \/>\n<meta property=\"og:title\" content=\"La vacuna anti-Covid-19 y el embarazo: esto dicen los expertos - Fuentes Fidedignas\" \/>\n<meta property=\"og:description\" content=\"Puede que las personas embarazadas duden si ponerse o no la vacuna, ya que no hay datos sobre c\u00f3mo funciona en ellas. Los expertos m\u00e9dicos explican qu\u00e9 se sabe por ahora y c\u00f3mo puede sopesar cada persona sus propios riesgos y beneficios. Cuando a principios del a\u00f1o pasado investigadores de todo el mundo empezaron a [&hellip;]\" \/>\n<meta property=\"og:url\" content=\"https:\/\/fuentesfidedignas.com.mx\/index.php\/2021\/05\/15\/la-vacuna-anti-covid-19-y-el-embarazo-esto-dicen-los-expertos\/\" \/>\n<meta property=\"og:site_name\" content=\"Fuentes Fidedignas\" \/>\n<meta property=\"article:publisher\" content=\"https:\/\/www.facebook.com\/Fuentes-Fidedignas-368234489921644\" \/>\n<meta property=\"article:published_time\" content=\"2021-05-15T12:00:00+00:00\" \/>\n<meta property=\"og:image\" content=\"https:\/\/fuentesfidedignas.com.mx\/wp-content\/uploads\/2021\/05\/COVID_EMBARAZO.jpg\" \/>\n\t<meta property=\"og:image:width\" content=\"1024\" \/>\n\t<meta property=\"og:image:height\" content=\"576\" \/>\n\t<meta property=\"og:image:type\" content=\"image\/jpeg\" \/>\n<meta name=\"author\" content=\"Infobae\" \/>\n<meta name=\"twitter:card\" content=\"summary_large_image\" \/>\n<meta name=\"twitter:creator\" content=\"@fidedignas\" \/>\n<meta name=\"twitter:site\" content=\"@fidedignas\" \/>\n<meta name=\"twitter:label1\" content=\"Escrito por\" \/>\n\t<meta name=\"twitter:data1\" content=\"Infobae\" \/>\n\t<meta name=\"twitter:label2\" content=\"Tiempo de lectura\" \/>\n\t<meta name=\"twitter:data2\" content=\"6 minutos\" \/>\n<script type=\"application\/ld+json\" class=\"yoast-schema-graph\">{\"@context\":\"https:\\\/\\\/schema.org\",\"@graph\":[{\"@type\":\"Article\",\"@id\":\"https:\\\/\\\/fuentesfidedignas.com.mx\\\/index.php\\\/2021\\\/05\\\/15\\\/la-vacuna-anti-covid-19-y-el-embarazo-esto-dicen-los-expertos\\\/#article\",\"isPartOf\":{\"@id\":\"https:\\\/\\\/fuentesfidedignas.com.mx\\\/index.php\\\/2021\\\/05\\\/15\\\/la-vacuna-anti-covid-19-y-el-embarazo-esto-dicen-los-expertos\\\/\"},\"author\":{\"name\":\"Infobae\",\"@id\":\"https:\\\/\\\/fuentesfidedignas.com.mx\\\/#\\\/schema\\\/person\\\/8575896a7c1067d352f6c1cd6582c389\"},\"headline\":\"La vacuna anti-Covid-19 y el embarazo: esto dicen los expertos\",\"datePublished\":\"2021-05-15T12:00:00+00:00\",\"mainEntityOfPage\":{\"@id\":\"https:\\\/\\\/fuentesfidedignas.com.mx\\\/index.php\\\/2021\\\/05\\\/15\\\/la-vacuna-anti-covid-19-y-el-embarazo-esto-dicen-los-expertos\\\/\"},\"wordCount\":1387,\"commentCount\":0,\"publisher\":{\"@id\":\"https:\\\/\\\/fuentesfidedignas.com.mx\\\/#organization\"},\"image\":{\"@id\":\"https:\\\/\\\/fuentesfidedignas.com.mx\\\/index.php\\\/2021\\\/05\\\/15\\\/la-vacuna-anti-covid-19-y-el-embarazo-esto-dicen-los-expertos\\\/#primaryimage\"},\"thumbnailUrl\":\"https:\\\/\\\/fuentesfidedignas.com.mx\\\/wp-content\\\/uploads\\\/2021\\\/05\\\/COVID_EMBARAZO.jpg\",\"keywords\":[\"Centro de Vacunaci\u00f3n Covid\",\"Coronavirus\",\"Covid-19\",\"Embarazo\",\"Vacuna anticovid\"],\"articleSection\":[\"REVIEW MAGAZINE\"],\"inLanguage\":\"es\",\"potentialAction\":[{\"@type\":\"CommentAction\",\"name\":\"Comment\",\"target\":[\"https:\\\/\\\/fuentesfidedignas.com.mx\\\/index.php\\\/2021\\\/05\\\/15\\\/la-vacuna-anti-covid-19-y-el-embarazo-esto-dicen-los-expertos\\\/#respond\"]}]},{\"@type\":\"WebPage\",\"@id\":\"https:\\\/\\\/fuentesfidedignas.com.mx\\\/index.php\\\/2021\\\/05\\\/15\\\/la-vacuna-anti-covid-19-y-el-embarazo-esto-dicen-los-expertos\\\/\",\"url\":\"https:\\\/\\\/fuentesfidedignas.com.mx\\\/index.php\\\/2021\\\/05\\\/15\\\/la-vacuna-anti-covid-19-y-el-embarazo-esto-dicen-los-expertos\\\/\",\"name\":\"La vacuna anti-Covid-19 y el embarazo: esto dicen los expertos - Fuentes Fidedignas\",\"isPartOf\":{\"@id\":\"https:\\\/\\\/fuentesfidedignas.com.mx\\\/#website\"},\"primaryImageOfPage\":{\"@id\":\"https:\\\/\\\/fuentesfidedignas.com.mx\\\/index.php\\\/2021\\\/05\\\/15\\\/la-vacuna-anti-covid-19-y-el-embarazo-esto-dicen-los-expertos\\\/#primaryimage\"},\"image\":{\"@id\":\"https:\\\/\\\/fuentesfidedignas.com.mx\\\/index.php\\\/2021\\\/05\\\/15\\\/la-vacuna-anti-covid-19-y-el-embarazo-esto-dicen-los-expertos\\\/#primaryimage\"},\"thumbnailUrl\":\"https:\\\/\\\/fuentesfidedignas.com.mx\\\/wp-content\\\/uploads\\\/2021\\\/05\\\/COVID_EMBARAZO.jpg\",\"datePublished\":\"2021-05-15T12:00:00+00:00\",\"breadcrumb\":{\"@id\":\"https:\\\/\\\/fuentesfidedignas.com.mx\\\/index.php\\\/2021\\\/05\\\/15\\\/la-vacuna-anti-covid-19-y-el-embarazo-esto-dicen-los-expertos\\\/#breadcrumb\"},\"inLanguage\":\"es\",\"potentialAction\":[{\"@type\":\"ReadAction\",\"target\":[\"https:\\\/\\\/fuentesfidedignas.com.mx\\\/index.php\\\/2021\\\/05\\\/15\\\/la-vacuna-anti-covid-19-y-el-embarazo-esto-dicen-los-expertos\\\/\"]}]},{\"@type\":\"ImageObject\",\"inLanguage\":\"es\",\"@id\":\"https:\\\/\\\/fuentesfidedignas.com.mx\\\/index.php\\\/2021\\\/05\\\/15\\\/la-vacuna-anti-covid-19-y-el-embarazo-esto-dicen-los-expertos\\\/#primaryimage\",\"url\":\"https:\\\/\\\/fuentesfidedignas.com.mx\\\/wp-content\\\/uploads\\\/2021\\\/05\\\/COVID_EMBARAZO.jpg\",\"contentUrl\":\"https:\\\/\\\/fuentesfidedignas.com.mx\\\/wp-content\\\/uploads\\\/2021\\\/05\\\/COVID_EMBARAZO.jpg\",\"width\":1024,\"height\":576},{\"@type\":\"BreadcrumbList\",\"@id\":\"https:\\\/\\\/fuentesfidedignas.com.mx\\\/index.php\\\/2021\\\/05\\\/15\\\/la-vacuna-anti-covid-19-y-el-embarazo-esto-dicen-los-expertos\\\/#breadcrumb\",\"itemListElement\":[{\"@type\":\"ListItem\",\"position\":1,\"name\":\"Inicio\",\"item\":\"https:\\\/\\\/fuentesfidedignas.com.mx\\\/\"},{\"@type\":\"ListItem\",\"position\":2,\"name\":\"La vacuna anti-Covid-19 y el embarazo: esto dicen los expertos\"}]},{\"@type\":\"WebSite\",\"@id\":\"https:\\\/\\\/fuentesfidedignas.com.mx\\\/#website\",\"url\":\"https:\\\/\\\/fuentesfidedignas.com.mx\\\/\",\"name\":\"Fuentes Fidedignas\",\"description\":\"Otro sitio realizado con WordPress\",\"publisher\":{\"@id\":\"https:\\\/\\\/fuentesfidedignas.com.mx\\\/#organization\"},\"potentialAction\":[{\"@type\":\"SearchAction\",\"target\":{\"@type\":\"EntryPoint\",\"urlTemplate\":\"https:\\\/\\\/fuentesfidedignas.com.mx\\\/?s={search_term_string}\"},\"query-input\":{\"@type\":\"PropertyValueSpecification\",\"valueRequired\":true,\"valueName\":\"search_term_string\"}}],\"inLanguage\":\"es\"},{\"@type\":\"Organization\",\"@id\":\"https:\\\/\\\/fuentesfidedignas.com.mx\\\/#organization\",\"name\":\"Fuentes Fidedignas\",\"url\":\"https:\\\/\\\/fuentesfidedignas.com.mx\\\/\",\"logo\":{\"@type\":\"ImageObject\",\"inLanguage\":\"es\",\"@id\":\"https:\\\/\\\/fuentesfidedignas.com.mx\\\/#\\\/schema\\\/logo\\\/image\\\/\",\"url\":\"https:\\\/\\\/fuentesfidedignas.com.mx\\\/wp-content\\\/uploads\\\/2021\\\/04\\\/logo-retina.png\",\"contentUrl\":\"https:\\\/\\\/fuentesfidedignas.com.mx\\\/wp-content\\\/uploads\\\/2021\\\/04\\\/logo-retina.png\",\"width\":280,\"height\":51,\"caption\":\"Fuentes Fidedignas\"},\"image\":{\"@id\":\"https:\\\/\\\/fuentesfidedignas.com.mx\\\/#\\\/schema\\\/logo\\\/image\\\/\"},\"sameAs\":[\"https:\\\/\\\/www.facebook.com\\\/Fuentes-Fidedignas-368234489921644\",\"https:\\\/\\\/x.com\\\/fidedignas\"]},{\"@type\":\"Person\",\"@id\":\"https:\\\/\\\/fuentesfidedignas.com.mx\\\/#\\\/schema\\\/person\\\/8575896a7c1067d352f6c1cd6582c389\",\"name\":\"Infobae\",\"image\":{\"@type\":\"ImageObject\",\"inLanguage\":\"es\",\"@id\":\"https:\\\/\\\/secure.gravatar.com\\\/avatar\\\/e4ec95706f8d1670343f6526fdcec45474bab17475a851434a64ca12b5acba1c?s=96&d=mm&r=g\",\"url\":\"https:\\\/\\\/secure.gravatar.com\\\/avatar\\\/e4ec95706f8d1670343f6526fdcec45474bab17475a851434a64ca12b5acba1c?s=96&d=mm&r=g\",\"contentUrl\":\"https:\\\/\\\/secure.gravatar.com\\\/avatar\\\/e4ec95706f8d1670343f6526fdcec45474bab17475a851434a64ca12b5acba1c?s=96&d=mm&r=g\",\"caption\":\"Infobae\"},\"url\":\"https:\\\/\\\/fuentesfidedignas.com.mx\\\/index.php\\\/author\\\/infobae\\\/\"}]}<\/script>\n<!-- \/ Yoast SEO plugin. -->","yoast_head_json":{"title":"La vacuna anti-Covid-19 y el embarazo: esto dicen los expertos - Fuentes Fidedignas","robots":{"index":"index","follow":"follow","max-snippet":"max-snippet:-1","max-image-preview":"max-image-preview:large","max-video-preview":"max-video-preview:-1"},"canonical":"https:\/\/fuentesfidedignas.com.mx\/index.php\/2021\/05\/15\/la-vacuna-anti-covid-19-y-el-embarazo-esto-dicen-los-expertos\/","og_locale":"es_MX","og_type":"article","og_title":"La vacuna anti-Covid-19 y el embarazo: esto dicen los expertos - Fuentes Fidedignas","og_description":"Puede que las personas embarazadas duden si ponerse o no la vacuna, ya que no hay datos sobre c\u00f3mo funciona en ellas. Los expertos m\u00e9dicos explican qu\u00e9 se sabe por ahora y c\u00f3mo puede sopesar cada persona sus propios riesgos y beneficios. Cuando a principios del a\u00f1o pasado investigadores de todo el mundo empezaron a [&hellip;]","og_url":"https:\/\/fuentesfidedignas.com.mx\/index.php\/2021\/05\/15\/la-vacuna-anti-covid-19-y-el-embarazo-esto-dicen-los-expertos\/","og_site_name":"Fuentes Fidedignas","article_publisher":"https:\/\/www.facebook.com\/Fuentes-Fidedignas-368234489921644","article_published_time":"2021-05-15T12:00:00+00:00","og_image":[{"width":1024,"height":576,"url":"https:\/\/fuentesfidedignas.com.mx\/wp-content\/uploads\/2021\/05\/COVID_EMBARAZO.jpg","type":"image\/jpeg"}],"author":"Infobae","twitter_card":"summary_large_image","twitter_creator":"@fidedignas","twitter_site":"@fidedignas","twitter_misc":{"Escrito por":"Infobae","Tiempo de lectura":"6 minutos"},"schema":{"@context":"https:\/\/schema.org","@graph":[{"@type":"Article","@id":"https:\/\/fuentesfidedignas.com.mx\/index.php\/2021\/05\/15\/la-vacuna-anti-covid-19-y-el-embarazo-esto-dicen-los-expertos\/#article","isPartOf":{"@id":"https:\/\/fuentesfidedignas.com.mx\/index.php\/2021\/05\/15\/la-vacuna-anti-covid-19-y-el-embarazo-esto-dicen-los-expertos\/"},"author":{"name":"Infobae","@id":"https:\/\/fuentesfidedignas.com.mx\/#\/schema\/person\/8575896a7c1067d352f6c1cd6582c389"},"headline":"La vacuna anti-Covid-19 y el embarazo: esto dicen los expertos","datePublished":"2021-05-15T12:00:00+00:00","mainEntityOfPage":{"@id":"https:\/\/fuentesfidedignas.com.mx\/index.php\/2021\/05\/15\/la-vacuna-anti-covid-19-y-el-embarazo-esto-dicen-los-expertos\/"},"wordCount":1387,"commentCount":0,"publisher":{"@id":"https:\/\/fuentesfidedignas.com.mx\/#organization"},"image":{"@id":"https:\/\/fuentesfidedignas.com.mx\/index.php\/2021\/05\/15\/la-vacuna-anti-covid-19-y-el-embarazo-esto-dicen-los-expertos\/#primaryimage"},"thumbnailUrl":"https:\/\/fuentesfidedignas.com.mx\/wp-content\/uploads\/2021\/05\/COVID_EMBARAZO.jpg","keywords":["Centro de Vacunaci\u00f3n Covid","Coronavirus","Covid-19","Embarazo","Vacuna anticovid"],"articleSection":["REVIEW MAGAZINE"],"inLanguage":"es","potentialAction":[{"@type":"CommentAction","name":"Comment","target":["https:\/\/fuentesfidedignas.com.mx\/index.php\/2021\/05\/15\/la-vacuna-anti-covid-19-y-el-embarazo-esto-dicen-los-expertos\/#respond"]}]},{"@type":"WebPage","@id":"https:\/\/fuentesfidedignas.com.mx\/index.php\/2021\/05\/15\/la-vacuna-anti-covid-19-y-el-embarazo-esto-dicen-los-expertos\/","url":"https:\/\/fuentesfidedignas.com.mx\/index.php\/2021\/05\/15\/la-vacuna-anti-covid-19-y-el-embarazo-esto-dicen-los-expertos\/","name":"La vacuna anti-Covid-19 y el embarazo: esto dicen los expertos - Fuentes Fidedignas","isPartOf":{"@id":"https:\/\/fuentesfidedignas.com.mx\/#website"},"primaryImageOfPage":{"@id":"https:\/\/fuentesfidedignas.com.mx\/index.php\/2021\/05\/15\/la-vacuna-anti-covid-19-y-el-embarazo-esto-dicen-los-expertos\/#primaryimage"},"image":{"@id":"https:\/\/fuentesfidedignas.com.mx\/index.php\/2021\/05\/15\/la-vacuna-anti-covid-19-y-el-embarazo-esto-dicen-los-expertos\/#primaryimage"},"thumbnailUrl":"https:\/\/fuentesfidedignas.com.mx\/wp-content\/uploads\/2021\/05\/COVID_EMBARAZO.jpg","datePublished":"2021-05-15T12:00:00+00:00","breadcrumb":{"@id":"https:\/\/fuentesfidedignas.com.mx\/index.php\/2021\/05\/15\/la-vacuna-anti-covid-19-y-el-embarazo-esto-dicen-los-expertos\/#breadcrumb"},"inLanguage":"es","potentialAction":[{"@type":"ReadAction","target":["https:\/\/fuentesfidedignas.com.mx\/index.php\/2021\/05\/15\/la-vacuna-anti-covid-19-y-el-embarazo-esto-dicen-los-expertos\/"]}]},{"@type":"ImageObject","inLanguage":"es","@id":"https:\/\/fuentesfidedignas.com.mx\/index.php\/2021\/05\/15\/la-vacuna-anti-covid-19-y-el-embarazo-esto-dicen-los-expertos\/#primaryimage","url":"https:\/\/fuentesfidedignas.com.mx\/wp-content\/uploads\/2021\/05\/COVID_EMBARAZO.jpg","contentUrl":"https:\/\/fuentesfidedignas.com.mx\/wp-content\/uploads\/2021\/05\/COVID_EMBARAZO.jpg","width":1024,"height":576},{"@type":"BreadcrumbList","@id":"https:\/\/fuentesfidedignas.com.mx\/index.php\/2021\/05\/15\/la-vacuna-anti-covid-19-y-el-embarazo-esto-dicen-los-expertos\/#breadcrumb","itemListElement":[{"@type":"ListItem","position":1,"name":"Inicio","item":"https:\/\/fuentesfidedignas.com.mx\/"},{"@type":"ListItem","position":2,"name":"La vacuna anti-Covid-19 y el embarazo: esto dicen los expertos"}]},{"@type":"WebSite","@id":"https:\/\/fuentesfidedignas.com.mx\/#website","url":"https:\/\/fuentesfidedignas.com.mx\/","name":"Fuentes Fidedignas","description":"Otro sitio realizado con WordPress","publisher":{"@id":"https:\/\/fuentesfidedignas.com.mx\/#organization"},"potentialAction":[{"@type":"SearchAction","target":{"@type":"EntryPoint","urlTemplate":"https:\/\/fuentesfidedignas.com.mx\/?s={search_term_string}"},"query-input":{"@type":"PropertyValueSpecification","valueRequired":true,"valueName":"search_term_string"}}],"inLanguage":"es"},{"@type":"Organization","@id":"https:\/\/fuentesfidedignas.com.mx\/#organization","name":"Fuentes Fidedignas","url":"https:\/\/fuentesfidedignas.com.mx\/","logo":{"@type":"ImageObject","inLanguage":"es","@id":"https:\/\/fuentesfidedignas.com.mx\/#\/schema\/logo\/image\/","url":"https:\/\/fuentesfidedignas.com.mx\/wp-content\/uploads\/2021\/04\/logo-retina.png","contentUrl":"https:\/\/fuentesfidedignas.com.mx\/wp-content\/uploads\/2021\/04\/logo-retina.png","width":280,"height":51,"caption":"Fuentes Fidedignas"},"image":{"@id":"https:\/\/fuentesfidedignas.com.mx\/#\/schema\/logo\/image\/"},"sameAs":["https:\/\/www.facebook.com\/Fuentes-Fidedignas-368234489921644","https:\/\/x.com\/fidedignas"]},{"@type":"Person","@id":"https:\/\/fuentesfidedignas.com.mx\/#\/schema\/person\/8575896a7c1067d352f6c1cd6582c389","name":"Infobae","image":{"@type":"ImageObject","inLanguage":"es","@id":"https:\/\/secure.gravatar.com\/avatar\/e4ec95706f8d1670343f6526fdcec45474bab17475a851434a64ca12b5acba1c?s=96&d=mm&r=g","url":"https:\/\/secure.gravatar.com\/avatar\/e4ec95706f8d1670343f6526fdcec45474bab17475a851434a64ca12b5acba1c?s=96&d=mm&r=g","contentUrl":"https:\/\/secure.gravatar.com\/avatar\/e4ec95706f8d1670343f6526fdcec45474bab17475a851434a64ca12b5acba1c?s=96&d=mm&r=g","caption":"Infobae"},"url":"https:\/\/fuentesfidedignas.com.mx\/index.php\/author\/infobae\/"}]}},"_links":{"self":[{"href":"https:\/\/fuentesfidedignas.com.mx\/index.php\/wp-json\/wp\/v2\/posts\/2053","targetHints":{"allow":["GET"]}}],"collection":[{"href":"https:\/\/fuentesfidedignas.com.mx\/index.php\/wp-json\/wp\/v2\/posts"}],"about":[{"href":"https:\/\/fuentesfidedignas.com.mx\/index.php\/wp-json\/wp\/v2\/types\/post"}],"author":[{"embeddable":true,"href":"https:\/\/fuentesfidedignas.com.mx\/index.php\/wp-json\/wp\/v2\/users\/41"}],"replies":[{"embeddable":true,"href":"https:\/\/fuentesfidedignas.com.mx\/index.php\/wp-json\/wp\/v2\/comments?post=2053"}],"version-history":[{"count":1,"href":"https:\/\/fuentesfidedignas.com.mx\/index.php\/wp-json\/wp\/v2\/posts\/2053\/revisions"}],"predecessor-version":[{"id":2055,"href":"https:\/\/fuentesfidedignas.com.mx\/index.php\/wp-json\/wp\/v2\/posts\/2053\/revisions\/2055"}],"wp:featuredmedia":[{"embeddable":true,"href":"https:\/\/fuentesfidedignas.com.mx\/index.php\/wp-json\/wp\/v2\/media\/2054"}],"wp:attachment":[{"href":"https:\/\/fuentesfidedignas.com.mx\/index.php\/wp-json\/wp\/v2\/media?parent=2053"}],"wp:term":[{"taxonomy":"category","embeddable":true,"href":"https:\/\/fuentesfidedignas.com.mx\/index.php\/wp-json\/wp\/v2\/categories?post=2053"},{"taxonomy":"post_tag","embeddable":true,"href":"https:\/\/fuentesfidedignas.com.mx\/index.php\/wp-json\/wp\/v2\/tags?post=2053"}],"curies":[{"name":"wp","href":"https:\/\/api.w.org\/{rel}","templated":true}]}}