{"id":20523,"date":"2021-12-26T09:02:30","date_gmt":"2021-12-26T16:02:30","guid":{"rendered":"https:\/\/fuentesfidedignas.com.mx\/?p=20523"},"modified":"2021-12-26T09:02:31","modified_gmt":"2021-12-26T16:02:31","slug":"arzobispo-tutu-heroe-de-la-lucha-contra-el-apartheid-fallece-en-sudafrica","status":"publish","type":"post","link":"https:\/\/fuentesfidedignas.com.mx\/index.php\/2021\/12\/26\/arzobispo-tutu-heroe-de-la-lucha-contra-el-apartheid-fallece-en-sudafrica\/","title":{"rendered":"Arzobispo Tutu, h\u00e9roe de la lucha contra el Apartheid, fallece en Sud\u00e1frica"},"content":{"rendered":"\n<p><em><strong>Sud\u00e1frica recordar\u00e1 para siempre a Tutu por su caracter\u00edstica risa, por ejercer de br\u00fajula moral desde los tiempos m\u00e1s oscuros y por echarse a la espalda, junto a l\u00edderes como Nelson Mandela, la espinosa tarea de reconciliar a la naci\u00f3n tras la conquista de la democracia (1994).<\/strong><\/em><\/p>\n\n\n\n<p>Ciudad de M\u00e9xico.- El arzobispo em\u00e9rito sudafricano Desmond Tutu, icono mundial de la lucha por los derechos humanos y Nobel de la Paz de 1984 por su activismo contra la brutal opresi\u00f3n racista del \u201cApartheid\u201d, falleci\u00f3 este domingo a los 90 a\u00f1os en Ciudad del Cabo (suroeste).<\/p>\n\n\n\n<p>La noticia del fallecimiento fue anunciada por el Gobierno sudafricano a primera hora del d\u00eda y, poco despu\u00e9s, tambi\u00e9n fue confirmada por la Iglesia anglicana de Sud\u00e1frica y por la Fundaci\u00f3n Desmond &amp; Leah Tutu (nombre de su esposa).<\/p>\n\n\n\n<p>\u201cLa muerte del arzobispo em\u00e9rito Desmond Tutu es otro cap\u00edtulo de p\u00e9rdida en el adi\u00f3s de nuestra naci\u00f3n a una generaci\u00f3n de destacados sudafricanos que nos legaron una Sud\u00e1frica liberada\u201d, lament\u00f3 en el comunicado gubernamental el presidente del pa\u00eds, Cyril Ramaphosa.<\/p>\n\n\n\n<p>El jefe de Estado sudafricano le describi\u00f3 como \u201cpatriota sin igual\u201d y alab\u00f3 su integridad e \u201cintelecto extraordinario\u201d.<\/p>\n\n\n\n<p>\u201cEn nombre de la Iglesia anglicana del sur de \u00c1frica, de toda la comunidad de la fe y, me atrevo a decir, en nombre de millones (de personas) a lo largo de Sud\u00e1frica, \u00c1frica y del mundo, env\u00edo nuestras m\u00e1s profundas condolencias a su esposa, Nomalizo Leah, a su hijo, Trevor Tamsanqa, y a sus hijas, Thandeka, Nontombi y Mpho\u201d, declar\u00f3 el actual arzobispo de Ciudad del Cabo, Thabo Makgoba.<\/p>\n\n\n\n<p>Sud\u00e1frica recordar\u00e1 para siempre a Tutu por su caracter\u00edstica risa, por ejercer de br\u00fajula moral desde los tiempos m\u00e1s oscuros y por echarse a la espalda, junto a l\u00edderes como Nelson Mandela, la espinosa tarea de reconciliar a la naci\u00f3n tras la conquista de la democracia (1994).<\/p>\n\n\n\n<p>\u201cCuando los misioneros vinieron a \u00c1frica, nosotros ten\u00edamos la tierra y ellos la Biblia. Entonces dijeron: \u2018recemos\u2019. Y nosotros, obedientemente, cerramos los ojos y cuando dijimos \u2018am\u00e9n\u2019 al final y abrimos los ojos, ellos ten\u00edan la tierra y nosotros la Biblia. Parece un mal canje, pero estamos para siempre en deuda con esos hombres y mujeres\u201d, dice una de sus citas m\u00e1s conocidas.<\/p>\n\n\n\n<p>Nacido en 1931 en Klerksdorp, una peque\u00f1a localidad al suroeste de Johannesburgo, Tutu se inici\u00f3 como maestro antes de estudiar teolog\u00eda y ordenarse pastor de la Iglesia anglicana en 1960.<\/p>\n\n\n\n<p>En 1975 fue designado decano de la catedral anglicana de Johannesburgo, cargo al que por primera vez acced\u00eda un hombre negro, y fij\u00f3 su residencia en el distrito de guetos de Soweto, en la misma calle en la que hab\u00eda vivido Mandela.<\/p>\n\n\n\n<p>All\u00ed fue testigo de una de las etapas m\u00e1s convulsas del apartheid, con las protestas estudiantiles de 1976 -en las que murieron m\u00e1s de 600 personas, la mayor\u00eda j\u00f3venes- como mayor exponente.<\/p>\n\n\n\n<p>En 1977 fue nombrado obispo de Lesoto y, solo un a\u00f1o despu\u00e9s, fue designado secretario general del Consejo de Iglesias Sudafricano.<\/p>\n\n\n\n<p>En esa \u00e9poca empez\u00f3 a manifestar abiertamente su apoyo al movimiento de la Conciencia Negra e intensific\u00f3 su activismo antiapartheid hasta convertirse en una figura de resonancia internacional.<\/p>\n\n\n\n<p><strong>UNA VIDA DEDICADA A LA DEFENSA DE LOS OPRIMIDOS<\/strong><br>Por su incansable lucha y por ser \u201cla voz de los que no tienen voz\u201d (como le describ\u00eda Mandela), Tutu recibi\u00f3 el Premio Nobel de la Paz en 1984, dos a\u00f1os antes de convertirse en el primer pastor negro a cargo del Arzobispado Anglicano de Ciudad del Cabo (suroeste).<\/p>\n\n\n\n<p>Desmantelado el apartheid y con Sud\u00e1frica en democracia, el ya presidente Mandela le encarg\u00f3 la dif\u00edcil tarea de encabezar la Comisi\u00f3n de la Verdad y Reconciliaci\u00f3n, un organismo encargado de sacar a la luz las atrocidades cometidas durante el apartheid.<\/p>\n\n\n\n<p>La trayectoria de Tutu estuvo marcada por una constante defensa de los derechos humanos, algo que le llev\u00f3 a desmarcarse en numerosas ocasiones de la jerarqu\u00eda eclesi\u00e1stica para defender abiertamente posiciones como los derechos de los homosexuales o la eutanasia.<\/p>\n\n\n\n<p>\u201cSi eres neutral en situaciones de injusticia, has elegido el lado del opresor. Si un elefante tiene su pie en la cola de un rat\u00f3n y dices que eres neutral, el rat\u00f3n no agradecer\u00e1 tu neutralidad\u201d, sol\u00eda decir el arzobispo.<\/p>\n\n\n\n<p>En la \u00faltima etapa de su vida tambi\u00e9n alz\u00f3 a menudo la voz contra la corrupci\u00f3n de los nuevos poderes de la democracia sudafricana y contra problemas globales como el cambio clim\u00e1tico.<\/p>\n\n\n\n<p>En 1997, reci\u00e9n jubilado como l\u00edder de la Iglesia anglicana sudafricana, se le hab\u00eda diagnosticado un c\u00e1ncer de pr\u00f3stata por el que se someti\u00f3 a tratamiento, pero en los a\u00f1os posteriores sufrir\u00eda varias reca\u00eddas y otros problemas m\u00e9dicos.<\/p>\n\n\n\n<p>Desde 2010 se hab\u00eda mantenido alejado de la vida p\u00fablica debido a su avanzada edad y a su mala salud.<\/p>\n\n\n\n<p>Tras conocerse la noticia de su fallecimiento, numerosos l\u00edderes mundiales enviaron mensajes de condolencias y rindieron homenaje a su legado; desde el primer ministro brit\u00e1nico, Boris Johnson, hasta el m\u00e1ximo l\u00edder espiritual tibetano, el Dalai Lama.<\/p>\n\n\n\n<p>Tambi\u00e9n el papa Francisco, el jefe de la Iglesia cat\u00f3lica, alab\u00f3 su \u201cservicio\u201d al Evangelio \u201cmediante la promoci\u00f3n de la igualdad racial y la reconciliaci\u00f3n\u201d en Sud\u00e1frica.<\/p>\n","protected":false},"excerpt":{"rendered":"<p>Sud\u00e1frica recordar\u00e1 para siempre a Tutu por su caracter\u00edstica risa, por ejercer de br\u00fajula moral desde los tiempos m\u00e1s oscuros y por echarse a la espalda, junto a l\u00edderes como Nelson Mandela, la espinosa tarea de reconciliar a la naci\u00f3n tras la conquista de la democracia (1994). Ciudad de M\u00e9xico.- El arzobispo em\u00e9rito sudafricano Desmond [&hellip;]<\/p>\n","protected":false},"author":5,"featured_media":20524,"comment_status":"open","ping_status":"open","sticky":false,"template":"","format":"standard","meta":{"tdm_status":"","tdm_grid_status":"","footnotes":""},"categories":[39],"tags":[],"class_list":{"0":"post-20523","1":"post","2":"type-post","3":"status-publish","4":"format-standard","5":"has-post-thumbnail","7":"category-noticias-nacionales"},"yoast_head":"<!-- This site is optimized with the Yoast SEO plugin v27.5 - https:\/\/yoast.com\/product\/yoast-seo-wordpress\/ -->\n<title>Arzobispo Tutu, h\u00e9roe de la lucha contra el Apartheid, fallece en Sud\u00e1frica - Fuentes Fidedignas<\/title>\n<meta name=\"robots\" content=\"index, follow, max-snippet:-1, max-image-preview:large, max-video-preview:-1\" \/>\n<link rel=\"canonical\" href=\"https:\/\/fuentesfidedignas.com.mx\/index.php\/2021\/12\/26\/arzobispo-tutu-heroe-de-la-lucha-contra-el-apartheid-fallece-en-sudafrica\/\" \/>\n<meta property=\"og:locale\" content=\"es_MX\" \/>\n<meta property=\"og:type\" content=\"article\" \/>\n<meta property=\"og:title\" content=\"Arzobispo Tutu, h\u00e9roe de la lucha contra el Apartheid, fallece en Sud\u00e1frica - Fuentes Fidedignas\" \/>\n<meta property=\"og:description\" content=\"Sud\u00e1frica recordar\u00e1 para siempre a Tutu por su caracter\u00edstica risa, por ejercer de br\u00fajula moral desde los tiempos m\u00e1s oscuros y por echarse a la espalda, junto a l\u00edderes como Nelson Mandela, la espinosa tarea de reconciliar a la naci\u00f3n tras la conquista de la democracia (1994). Ciudad de M\u00e9xico.- El arzobispo em\u00e9rito sudafricano Desmond [&hellip;]\" \/>\n<meta property=\"og:url\" content=\"https:\/\/fuentesfidedignas.com.mx\/index.php\/2021\/12\/26\/arzobispo-tutu-heroe-de-la-lucha-contra-el-apartheid-fallece-en-sudafrica\/\" \/>\n<meta property=\"og:site_name\" content=\"Fuentes Fidedignas\" \/>\n<meta property=\"article:publisher\" content=\"https:\/\/www.facebook.com\/Fuentes-Fidedignas-368234489921644\" \/>\n<meta property=\"article:published_time\" content=\"2021-12-26T16:02:30+00:00\" \/>\n<meta property=\"article:modified_time\" content=\"2021-12-26T16:02:31+00:00\" \/>\n<meta property=\"og:image\" content=\"https:\/\/fuentesfidedignas.com.mx\/wp-content\/uploads\/2021\/12\/tutu-640x360-1.jpg\" \/>\n\t<meta property=\"og:image:width\" content=\"640\" \/>\n\t<meta property=\"og:image:height\" content=\"360\" \/>\n\t<meta property=\"og:image:type\" content=\"image\/jpeg\" \/>\n<meta name=\"author\" content=\"Forbes\" \/>\n<meta name=\"twitter:card\" content=\"summary_large_image\" \/>\n<meta name=\"twitter:creator\" content=\"@fidedignas\" \/>\n<meta name=\"twitter:site\" content=\"@fidedignas\" \/>\n<meta name=\"twitter:label1\" content=\"Escrito por\" \/>\n\t<meta name=\"twitter:data1\" content=\"Forbes\" \/>\n\t<meta name=\"twitter:label2\" content=\"Tiempo de lectura\" \/>\n\t<meta name=\"twitter:data2\" content=\"4 minutos\" \/>\n<script type=\"application\/ld+json\" class=\"yoast-schema-graph\">{\"@context\":\"https:\\\/\\\/schema.org\",\"@graph\":[{\"@type\":\"Article\",\"@id\":\"https:\\\/\\\/fuentesfidedignas.com.mx\\\/index.php\\\/2021\\\/12\\\/26\\\/arzobispo-tutu-heroe-de-la-lucha-contra-el-apartheid-fallece-en-sudafrica\\\/#article\",\"isPartOf\":{\"@id\":\"https:\\\/\\\/fuentesfidedignas.com.mx\\\/index.php\\\/2021\\\/12\\\/26\\\/arzobispo-tutu-heroe-de-la-lucha-contra-el-apartheid-fallece-en-sudafrica\\\/\"},\"author\":{\"name\":\"Forbes\",\"@id\":\"https:\\\/\\\/fuentesfidedignas.com.mx\\\/#\\\/schema\\\/person\\\/5623d53fe2e579d825b1679734abcc44\"},\"headline\":\"Arzobispo Tutu, h\u00e9roe de la lucha contra el Apartheid, fallece en Sud\u00e1frica\",\"datePublished\":\"2021-12-26T16:02:30+00:00\",\"dateModified\":\"2021-12-26T16:02:31+00:00\",\"mainEntityOfPage\":{\"@id\":\"https:\\\/\\\/fuentesfidedignas.com.mx\\\/index.php\\\/2021\\\/12\\\/26\\\/arzobispo-tutu-heroe-de-la-lucha-contra-el-apartheid-fallece-en-sudafrica\\\/\"},\"wordCount\":938,\"commentCount\":0,\"publisher\":{\"@id\":\"https:\\\/\\\/fuentesfidedignas.com.mx\\\/#organization\"},\"image\":{\"@id\":\"https:\\\/\\\/fuentesfidedignas.com.mx\\\/index.php\\\/2021\\\/12\\\/26\\\/arzobispo-tutu-heroe-de-la-lucha-contra-el-apartheid-fallece-en-sudafrica\\\/#primaryimage\"},\"thumbnailUrl\":\"https:\\\/\\\/fuentesfidedignas.com.mx\\\/wp-content\\\/uploads\\\/2021\\\/12\\\/tutu-640x360-1.jpg\",\"articleSection\":[\"NOTICIAS NACIONALES\"],\"inLanguage\":\"es\",\"potentialAction\":[{\"@type\":\"CommentAction\",\"name\":\"Comment\",\"target\":[\"https:\\\/\\\/fuentesfidedignas.com.mx\\\/index.php\\\/2021\\\/12\\\/26\\\/arzobispo-tutu-heroe-de-la-lucha-contra-el-apartheid-fallece-en-sudafrica\\\/#respond\"]}]},{\"@type\":\"WebPage\",\"@id\":\"https:\\\/\\\/fuentesfidedignas.com.mx\\\/index.php\\\/2021\\\/12\\\/26\\\/arzobispo-tutu-heroe-de-la-lucha-contra-el-apartheid-fallece-en-sudafrica\\\/\",\"url\":\"https:\\\/\\\/fuentesfidedignas.com.mx\\\/index.php\\\/2021\\\/12\\\/26\\\/arzobispo-tutu-heroe-de-la-lucha-contra-el-apartheid-fallece-en-sudafrica\\\/\",\"name\":\"Arzobispo Tutu, h\u00e9roe de la lucha contra el Apartheid, fallece en Sud\u00e1frica - Fuentes Fidedignas\",\"isPartOf\":{\"@id\":\"https:\\\/\\\/fuentesfidedignas.com.mx\\\/#website\"},\"primaryImageOfPage\":{\"@id\":\"https:\\\/\\\/fuentesfidedignas.com.mx\\\/index.php\\\/2021\\\/12\\\/26\\\/arzobispo-tutu-heroe-de-la-lucha-contra-el-apartheid-fallece-en-sudafrica\\\/#primaryimage\"},\"image\":{\"@id\":\"https:\\\/\\\/fuentesfidedignas.com.mx\\\/index.php\\\/2021\\\/12\\\/26\\\/arzobispo-tutu-heroe-de-la-lucha-contra-el-apartheid-fallece-en-sudafrica\\\/#primaryimage\"},\"thumbnailUrl\":\"https:\\\/\\\/fuentesfidedignas.com.mx\\\/wp-content\\\/uploads\\\/2021\\\/12\\\/tutu-640x360-1.jpg\",\"datePublished\":\"2021-12-26T16:02:30+00:00\",\"dateModified\":\"2021-12-26T16:02:31+00:00\",\"breadcrumb\":{\"@id\":\"https:\\\/\\\/fuentesfidedignas.com.mx\\\/index.php\\\/2021\\\/12\\\/26\\\/arzobispo-tutu-heroe-de-la-lucha-contra-el-apartheid-fallece-en-sudafrica\\\/#breadcrumb\"},\"inLanguage\":\"es\",\"potentialAction\":[{\"@type\":\"ReadAction\",\"target\":[\"https:\\\/\\\/fuentesfidedignas.com.mx\\\/index.php\\\/2021\\\/12\\\/26\\\/arzobispo-tutu-heroe-de-la-lucha-contra-el-apartheid-fallece-en-sudafrica\\\/\"]}]},{\"@type\":\"ImageObject\",\"inLanguage\":\"es\",\"@id\":\"https:\\\/\\\/fuentesfidedignas.com.mx\\\/index.php\\\/2021\\\/12\\\/26\\\/arzobispo-tutu-heroe-de-la-lucha-contra-el-apartheid-fallece-en-sudafrica\\\/#primaryimage\",\"url\":\"https:\\\/\\\/fuentesfidedignas.com.mx\\\/wp-content\\\/uploads\\\/2021\\\/12\\\/tutu-640x360-1.jpg\",\"contentUrl\":\"https:\\\/\\\/fuentesfidedignas.com.mx\\\/wp-content\\\/uploads\\\/2021\\\/12\\\/tutu-640x360-1.jpg\",\"width\":640,\"height\":360},{\"@type\":\"BreadcrumbList\",\"@id\":\"https:\\\/\\\/fuentesfidedignas.com.mx\\\/index.php\\\/2021\\\/12\\\/26\\\/arzobispo-tutu-heroe-de-la-lucha-contra-el-apartheid-fallece-en-sudafrica\\\/#breadcrumb\",\"itemListElement\":[{\"@type\":\"ListItem\",\"position\":1,\"name\":\"Inicio\",\"item\":\"https:\\\/\\\/fuentesfidedignas.com.mx\\\/\"},{\"@type\":\"ListItem\",\"position\":2,\"name\":\"Arzobispo Tutu, h\u00e9roe de la lucha contra el Apartheid, fallece en Sud\u00e1frica\"}]},{\"@type\":\"WebSite\",\"@id\":\"https:\\\/\\\/fuentesfidedignas.com.mx\\\/#website\",\"url\":\"https:\\\/\\\/fuentesfidedignas.com.mx\\\/\",\"name\":\"Fuentes Fidedignas\",\"description\":\"Otro sitio realizado con WordPress\",\"publisher\":{\"@id\":\"https:\\\/\\\/fuentesfidedignas.com.mx\\\/#organization\"},\"potentialAction\":[{\"@type\":\"SearchAction\",\"target\":{\"@type\":\"EntryPoint\",\"urlTemplate\":\"https:\\\/\\\/fuentesfidedignas.com.mx\\\/?s={search_term_string}\"},\"query-input\":{\"@type\":\"PropertyValueSpecification\",\"valueRequired\":true,\"valueName\":\"search_term_string\"}}],\"inLanguage\":\"es\"},{\"@type\":\"Organization\",\"@id\":\"https:\\\/\\\/fuentesfidedignas.com.mx\\\/#organization\",\"name\":\"Fuentes Fidedignas\",\"url\":\"https:\\\/\\\/fuentesfidedignas.com.mx\\\/\",\"logo\":{\"@type\":\"ImageObject\",\"inLanguage\":\"es\",\"@id\":\"https:\\\/\\\/fuentesfidedignas.com.mx\\\/#\\\/schema\\\/logo\\\/image\\\/\",\"url\":\"https:\\\/\\\/fuentesfidedignas.com.mx\\\/wp-content\\\/uploads\\\/2021\\\/04\\\/logo-retina.png\",\"contentUrl\":\"https:\\\/\\\/fuentesfidedignas.com.mx\\\/wp-content\\\/uploads\\\/2021\\\/04\\\/logo-retina.png\",\"width\":280,\"height\":51,\"caption\":\"Fuentes Fidedignas\"},\"image\":{\"@id\":\"https:\\\/\\\/fuentesfidedignas.com.mx\\\/#\\\/schema\\\/logo\\\/image\\\/\"},\"sameAs\":[\"https:\\\/\\\/www.facebook.com\\\/Fuentes-Fidedignas-368234489921644\",\"https:\\\/\\\/x.com\\\/fidedignas\"]},{\"@type\":\"Person\",\"@id\":\"https:\\\/\\\/fuentesfidedignas.com.mx\\\/#\\\/schema\\\/person\\\/5623d53fe2e579d825b1679734abcc44\",\"name\":\"Forbes\",\"image\":{\"@type\":\"ImageObject\",\"inLanguage\":\"es\",\"@id\":\"https:\\\/\\\/secure.gravatar.com\\\/avatar\\\/87ce3dd4e41e60c22a79c758614f01a6bc2469255fc936ec7b15efb9bb5cb66f?s=96&d=mm&r=g\",\"url\":\"https:\\\/\\\/secure.gravatar.com\\\/avatar\\\/87ce3dd4e41e60c22a79c758614f01a6bc2469255fc936ec7b15efb9bb5cb66f?s=96&d=mm&r=g\",\"contentUrl\":\"https:\\\/\\\/secure.gravatar.com\\\/avatar\\\/87ce3dd4e41e60c22a79c758614f01a6bc2469255fc936ec7b15efb9bb5cb66f?s=96&d=mm&r=g\",\"caption\":\"Forbes\"},\"url\":\"https:\\\/\\\/fuentesfidedignas.com.mx\\\/index.php\\\/author\\\/forbes\\\/\"}]}<\/script>\n<!-- \/ Yoast SEO plugin. -->","yoast_head_json":{"title":"Arzobispo Tutu, h\u00e9roe de la lucha contra el Apartheid, fallece en Sud\u00e1frica - Fuentes Fidedignas","robots":{"index":"index","follow":"follow","max-snippet":"max-snippet:-1","max-image-preview":"max-image-preview:large","max-video-preview":"max-video-preview:-1"},"canonical":"https:\/\/fuentesfidedignas.com.mx\/index.php\/2021\/12\/26\/arzobispo-tutu-heroe-de-la-lucha-contra-el-apartheid-fallece-en-sudafrica\/","og_locale":"es_MX","og_type":"article","og_title":"Arzobispo Tutu, h\u00e9roe de la lucha contra el Apartheid, fallece en Sud\u00e1frica - Fuentes Fidedignas","og_description":"Sud\u00e1frica recordar\u00e1 para siempre a Tutu por su caracter\u00edstica risa, por ejercer de br\u00fajula moral desde los tiempos m\u00e1s oscuros y por echarse a la espalda, junto a l\u00edderes como Nelson Mandela, la espinosa tarea de reconciliar a la naci\u00f3n tras la conquista de la democracia (1994). Ciudad de M\u00e9xico.- El arzobispo em\u00e9rito sudafricano Desmond [&hellip;]","og_url":"https:\/\/fuentesfidedignas.com.mx\/index.php\/2021\/12\/26\/arzobispo-tutu-heroe-de-la-lucha-contra-el-apartheid-fallece-en-sudafrica\/","og_site_name":"Fuentes Fidedignas","article_publisher":"https:\/\/www.facebook.com\/Fuentes-Fidedignas-368234489921644","article_published_time":"2021-12-26T16:02:30+00:00","article_modified_time":"2021-12-26T16:02:31+00:00","og_image":[{"width":640,"height":360,"url":"https:\/\/fuentesfidedignas.com.mx\/wp-content\/uploads\/2021\/12\/tutu-640x360-1.jpg","type":"image\/jpeg"}],"author":"Forbes","twitter_card":"summary_large_image","twitter_creator":"@fidedignas","twitter_site":"@fidedignas","twitter_misc":{"Escrito por":"Forbes","Tiempo de lectura":"4 minutos"},"schema":{"@context":"https:\/\/schema.org","@graph":[{"@type":"Article","@id":"https:\/\/fuentesfidedignas.com.mx\/index.php\/2021\/12\/26\/arzobispo-tutu-heroe-de-la-lucha-contra-el-apartheid-fallece-en-sudafrica\/#article","isPartOf":{"@id":"https:\/\/fuentesfidedignas.com.mx\/index.php\/2021\/12\/26\/arzobispo-tutu-heroe-de-la-lucha-contra-el-apartheid-fallece-en-sudafrica\/"},"author":{"name":"Forbes","@id":"https:\/\/fuentesfidedignas.com.mx\/#\/schema\/person\/5623d53fe2e579d825b1679734abcc44"},"headline":"Arzobispo Tutu, h\u00e9roe de la lucha contra el Apartheid, fallece en Sud\u00e1frica","datePublished":"2021-12-26T16:02:30+00:00","dateModified":"2021-12-26T16:02:31+00:00","mainEntityOfPage":{"@id":"https:\/\/fuentesfidedignas.com.mx\/index.php\/2021\/12\/26\/arzobispo-tutu-heroe-de-la-lucha-contra-el-apartheid-fallece-en-sudafrica\/"},"wordCount":938,"commentCount":0,"publisher":{"@id":"https:\/\/fuentesfidedignas.com.mx\/#organization"},"image":{"@id":"https:\/\/fuentesfidedignas.com.mx\/index.php\/2021\/12\/26\/arzobispo-tutu-heroe-de-la-lucha-contra-el-apartheid-fallece-en-sudafrica\/#primaryimage"},"thumbnailUrl":"https:\/\/fuentesfidedignas.com.mx\/wp-content\/uploads\/2021\/12\/tutu-640x360-1.jpg","articleSection":["NOTICIAS NACIONALES"],"inLanguage":"es","potentialAction":[{"@type":"CommentAction","name":"Comment","target":["https:\/\/fuentesfidedignas.com.mx\/index.php\/2021\/12\/26\/arzobispo-tutu-heroe-de-la-lucha-contra-el-apartheid-fallece-en-sudafrica\/#respond"]}]},{"@type":"WebPage","@id":"https:\/\/fuentesfidedignas.com.mx\/index.php\/2021\/12\/26\/arzobispo-tutu-heroe-de-la-lucha-contra-el-apartheid-fallece-en-sudafrica\/","url":"https:\/\/fuentesfidedignas.com.mx\/index.php\/2021\/12\/26\/arzobispo-tutu-heroe-de-la-lucha-contra-el-apartheid-fallece-en-sudafrica\/","name":"Arzobispo Tutu, h\u00e9roe de la lucha contra el Apartheid, fallece en Sud\u00e1frica - Fuentes Fidedignas","isPartOf":{"@id":"https:\/\/fuentesfidedignas.com.mx\/#website"},"primaryImageOfPage":{"@id":"https:\/\/fuentesfidedignas.com.mx\/index.php\/2021\/12\/26\/arzobispo-tutu-heroe-de-la-lucha-contra-el-apartheid-fallece-en-sudafrica\/#primaryimage"},"image":{"@id":"https:\/\/fuentesfidedignas.com.mx\/index.php\/2021\/12\/26\/arzobispo-tutu-heroe-de-la-lucha-contra-el-apartheid-fallece-en-sudafrica\/#primaryimage"},"thumbnailUrl":"https:\/\/fuentesfidedignas.com.mx\/wp-content\/uploads\/2021\/12\/tutu-640x360-1.jpg","datePublished":"2021-12-26T16:02:30+00:00","dateModified":"2021-12-26T16:02:31+00:00","breadcrumb":{"@id":"https:\/\/fuentesfidedignas.com.mx\/index.php\/2021\/12\/26\/arzobispo-tutu-heroe-de-la-lucha-contra-el-apartheid-fallece-en-sudafrica\/#breadcrumb"},"inLanguage":"es","potentialAction":[{"@type":"ReadAction","target":["https:\/\/fuentesfidedignas.com.mx\/index.php\/2021\/12\/26\/arzobispo-tutu-heroe-de-la-lucha-contra-el-apartheid-fallece-en-sudafrica\/"]}]},{"@type":"ImageObject","inLanguage":"es","@id":"https:\/\/fuentesfidedignas.com.mx\/index.php\/2021\/12\/26\/arzobispo-tutu-heroe-de-la-lucha-contra-el-apartheid-fallece-en-sudafrica\/#primaryimage","url":"https:\/\/fuentesfidedignas.com.mx\/wp-content\/uploads\/2021\/12\/tutu-640x360-1.jpg","contentUrl":"https:\/\/fuentesfidedignas.com.mx\/wp-content\/uploads\/2021\/12\/tutu-640x360-1.jpg","width":640,"height":360},{"@type":"BreadcrumbList","@id":"https:\/\/fuentesfidedignas.com.mx\/index.php\/2021\/12\/26\/arzobispo-tutu-heroe-de-la-lucha-contra-el-apartheid-fallece-en-sudafrica\/#breadcrumb","itemListElement":[{"@type":"ListItem","position":1,"name":"Inicio","item":"https:\/\/fuentesfidedignas.com.mx\/"},{"@type":"ListItem","position":2,"name":"Arzobispo Tutu, h\u00e9roe de la lucha contra el Apartheid, fallece en Sud\u00e1frica"}]},{"@type":"WebSite","@id":"https:\/\/fuentesfidedignas.com.mx\/#website","url":"https:\/\/fuentesfidedignas.com.mx\/","name":"Fuentes Fidedignas","description":"Otro sitio realizado con WordPress","publisher":{"@id":"https:\/\/fuentesfidedignas.com.mx\/#organization"},"potentialAction":[{"@type":"SearchAction","target":{"@type":"EntryPoint","urlTemplate":"https:\/\/fuentesfidedignas.com.mx\/?s={search_term_string}"},"query-input":{"@type":"PropertyValueSpecification","valueRequired":true,"valueName":"search_term_string"}}],"inLanguage":"es"},{"@type":"Organization","@id":"https:\/\/fuentesfidedignas.com.mx\/#organization","name":"Fuentes Fidedignas","url":"https:\/\/fuentesfidedignas.com.mx\/","logo":{"@type":"ImageObject","inLanguage":"es","@id":"https:\/\/fuentesfidedignas.com.mx\/#\/schema\/logo\/image\/","url":"https:\/\/fuentesfidedignas.com.mx\/wp-content\/uploads\/2021\/04\/logo-retina.png","contentUrl":"https:\/\/fuentesfidedignas.com.mx\/wp-content\/uploads\/2021\/04\/logo-retina.png","width":280,"height":51,"caption":"Fuentes Fidedignas"},"image":{"@id":"https:\/\/fuentesfidedignas.com.mx\/#\/schema\/logo\/image\/"},"sameAs":["https:\/\/www.facebook.com\/Fuentes-Fidedignas-368234489921644","https:\/\/x.com\/fidedignas"]},{"@type":"Person","@id":"https:\/\/fuentesfidedignas.com.mx\/#\/schema\/person\/5623d53fe2e579d825b1679734abcc44","name":"Forbes","image":{"@type":"ImageObject","inLanguage":"es","@id":"https:\/\/secure.gravatar.com\/avatar\/87ce3dd4e41e60c22a79c758614f01a6bc2469255fc936ec7b15efb9bb5cb66f?s=96&d=mm&r=g","url":"https:\/\/secure.gravatar.com\/avatar\/87ce3dd4e41e60c22a79c758614f01a6bc2469255fc936ec7b15efb9bb5cb66f?s=96&d=mm&r=g","contentUrl":"https:\/\/secure.gravatar.com\/avatar\/87ce3dd4e41e60c22a79c758614f01a6bc2469255fc936ec7b15efb9bb5cb66f?s=96&d=mm&r=g","caption":"Forbes"},"url":"https:\/\/fuentesfidedignas.com.mx\/index.php\/author\/forbes\/"}]}},"_links":{"self":[{"href":"https:\/\/fuentesfidedignas.com.mx\/index.php\/wp-json\/wp\/v2\/posts\/20523","targetHints":{"allow":["GET"]}}],"collection":[{"href":"https:\/\/fuentesfidedignas.com.mx\/index.php\/wp-json\/wp\/v2\/posts"}],"about":[{"href":"https:\/\/fuentesfidedignas.com.mx\/index.php\/wp-json\/wp\/v2\/types\/post"}],"author":[{"embeddable":true,"href":"https:\/\/fuentesfidedignas.com.mx\/index.php\/wp-json\/wp\/v2\/users\/5"}],"replies":[{"embeddable":true,"href":"https:\/\/fuentesfidedignas.com.mx\/index.php\/wp-json\/wp\/v2\/comments?post=20523"}],"version-history":[{"count":1,"href":"https:\/\/fuentesfidedignas.com.mx\/index.php\/wp-json\/wp\/v2\/posts\/20523\/revisions"}],"predecessor-version":[{"id":20525,"href":"https:\/\/fuentesfidedignas.com.mx\/index.php\/wp-json\/wp\/v2\/posts\/20523\/revisions\/20525"}],"wp:featuredmedia":[{"embeddable":true,"href":"https:\/\/fuentesfidedignas.com.mx\/index.php\/wp-json\/wp\/v2\/media\/20524"}],"wp:attachment":[{"href":"https:\/\/fuentesfidedignas.com.mx\/index.php\/wp-json\/wp\/v2\/media?parent=20523"}],"wp:term":[{"taxonomy":"category","embeddable":true,"href":"https:\/\/fuentesfidedignas.com.mx\/index.php\/wp-json\/wp\/v2\/categories?post=20523"},{"taxonomy":"post_tag","embeddable":true,"href":"https:\/\/fuentesfidedignas.com.mx\/index.php\/wp-json\/wp\/v2\/tags?post=20523"}],"curies":[{"name":"wp","href":"https:\/\/api.w.org\/{rel}","templated":true}]}}