{"id":20469,"date":"2021-12-23T16:23:24","date_gmt":"2021-12-23T23:23:24","guid":{"rendered":"https:\/\/fuentesfidedignas.com.mx\/?p=20469"},"modified":"2021-12-23T16:23:25","modified_gmt":"2021-12-23T23:23:25","slug":"ine-retoma-los-trabajos-para-consulta-de-revocacion","status":"publish","type":"post","link":"https:\/\/fuentesfidedignas.com.mx\/index.php\/2021\/12\/23\/ine-retoma-los-trabajos-para-consulta-de-revocacion\/","title":{"rendered":"INE retoma los trabajos para consulta de revocaci\u00f3n"},"content":{"rendered":"\n<p><strong><em>La organizaci\u00f3n de la consulta requerir\u00eda una inversi\u00f3n de 3,830 millones de pesos.<\/em><\/strong><\/p>\n\n\n\n<p>Ciudad de M\u00e9xico.- El Instituto Nacional Electoral (INE) inform\u00f3 este jueves que retom\u00f3 los trabajos para la consulta de revocaci\u00f3n en la que se decidir\u00e1n si el presidente Andr\u00e9s Manuel L\u00f3pez Obrador debe seguir en el cargo despu\u00e9s de que el Supremo mexicano ordenase reactivar los preparativos.<\/p>\n\n\n\n<p>\u201cEl INE recibi\u00f3 la determinaci\u00f3n adoptada por la Suprema Corte de Justicia de la Naci\u00f3n que mandata continuar con el proceso de Revocaci\u00f3n de Mandato con el presupuesto existente e informa que acatar\u00e1 la decisi\u00f3n en sus t\u00e9rminos\u201c, comparti\u00f3 la instituci\u00f3n en un comunicado.<\/p>\n\n\n\n<p>La Suprema Corte orden\u00f3 el jueves al INE retomar los preparativos de la consulta, prevista para abril del pr\u00f3ximo a\u00f1o, despu\u00e9s de que el organismo hubiera suspendido algunos procedimientos por considerar insuficiente el presupuesto otorgado por el Congreso.<\/p>\n\n\n\n<p>El INE asegur\u00f3 que se mantendr\u00e1 \u201catento a la resoluci\u00f3n de fondo\u201d que realice la Suprema Corte respecto del recurso de inconstitucionalidad que interpuso el 7 de diciembre por \u201cinsuficiencia presupuestal\u201d ya que la determinaci\u00f3n del alto tribunal tiene car\u00e1cter provisional \u201cy no resuelve el fondo del asunto\u201d.<\/p>\n\n\n\n<p>Se\u00f1al\u00f3 que la organizaci\u00f3n de la consulta requerir\u00eda una inversi\u00f3n de 3,830 millones de pesos (unos 185.5 millones de d\u00f3lares).<\/p>\n\n\n\n<p>La C\u00e1mara de Diputados resolvi\u00f3, entre otros aspectos, aplicar un recorte por 4,913 millones de pesos (unos 233.5 millones de d\u00f3lares) al presupuesto originalmente solicitado por el INE<\/p>\n\n\n\n<p>\u201cLo que dej\u00f3 al Instituto sin los recursos necesarios para llevar a cabo el ejercicio de participaci\u00f3n ciudadana\u201d, recalc\u00f3 el Instituto.<\/p>\n\n\n\n<p>Asimismo, indic\u00f3 que el organismo electoral cuenta con menos de la mitad del dinero necesario para realizar la consulta.<\/p>\n\n\n\n<p>Este jueves, el presidente de la C\u00e1mara de Diputados, Sergio Guti\u00e9rrez Luna, present\u00f3 una denuncia penal en contra de los seis consejeros del INE que votaron a favor de suspender temporalmente algunos procedimientos para la convocatoria de la consulta.<\/p>\n\n\n\n<p>En la denuncia se acusa a los consejeros de hechos que podr\u00edan tipificarse como delitos de abuso de autoridad y coalici\u00f3n de servidores p\u00fablicos.<\/p>\n","protected":false},"excerpt":{"rendered":"<p>La organizaci\u00f3n de la consulta requerir\u00eda una inversi\u00f3n de 3,830 millones de pesos. Ciudad de M\u00e9xico.- El Instituto Nacional Electoral (INE) inform\u00f3 este jueves que retom\u00f3 los trabajos para la consulta de revocaci\u00f3n en la que se decidir\u00e1n si el presidente Andr\u00e9s Manuel L\u00f3pez Obrador debe seguir en el cargo despu\u00e9s de que el Supremo [&hellip;]<\/p>\n","protected":false},"author":5,"featured_media":20470,"comment_status":"open","ping_status":"open","sticky":false,"template":"","format":"standard","meta":{"tdm_status":"","tdm_grid_status":"","footnotes":""},"categories":[39],"tags":[264,263,1582],"class_list":{"0":"post-20469","1":"post","2":"type-post","3":"status-publish","4":"format-standard","5":"has-post-thumbnail","7":"category-noticias-nacionales","8":"tag-ine","9":"tag-instituto-nacional-electoral","10":"tag-revocacion-de-mandato"},"yoast_head":"<!-- This site is optimized with the Yoast SEO plugin v27.5 - https:\/\/yoast.com\/product\/yoast-seo-wordpress\/ -->\n<title>INE retoma los trabajos para consulta de revocaci\u00f3n - Fuentes Fidedignas<\/title>\n<meta name=\"robots\" content=\"index, follow, max-snippet:-1, max-image-preview:large, max-video-preview:-1\" \/>\n<link rel=\"canonical\" href=\"https:\/\/fuentesfidedignas.com.mx\/index.php\/2021\/12\/23\/ine-retoma-los-trabajos-para-consulta-de-revocacion\/\" \/>\n<meta property=\"og:locale\" content=\"es_MX\" \/>\n<meta property=\"og:type\" content=\"article\" \/>\n<meta property=\"og:title\" content=\"INE retoma los trabajos para consulta de revocaci\u00f3n - Fuentes Fidedignas\" \/>\n<meta property=\"og:description\" content=\"La organizaci\u00f3n de la consulta requerir\u00eda una inversi\u00f3n de 3,830 millones de pesos. Ciudad de M\u00e9xico.- El Instituto Nacional Electoral (INE) inform\u00f3 este jueves que retom\u00f3 los trabajos para la consulta de revocaci\u00f3n en la que se decidir\u00e1n si el presidente Andr\u00e9s Manuel L\u00f3pez Obrador debe seguir en el cargo despu\u00e9s de que el Supremo [&hellip;]\" \/>\n<meta property=\"og:url\" content=\"https:\/\/fuentesfidedignas.com.mx\/index.php\/2021\/12\/23\/ine-retoma-los-trabajos-para-consulta-de-revocacion\/\" \/>\n<meta property=\"og:site_name\" content=\"Fuentes Fidedignas\" \/>\n<meta property=\"article:publisher\" content=\"https:\/\/www.facebook.com\/Fuentes-Fidedignas-368234489921644\" \/>\n<meta property=\"article:published_time\" content=\"2021-12-23T23:23:24+00:00\" \/>\n<meta property=\"article:modified_time\" content=\"2021-12-23T23:23:25+00:00\" \/>\n<meta property=\"og:image\" content=\"https:\/\/fuentesfidedignas.com.mx\/wp-content\/uploads\/2021\/12\/AMLO-4-640x360-1.jpg\" \/>\n\t<meta property=\"og:image:width\" content=\"640\" \/>\n\t<meta property=\"og:image:height\" content=\"360\" \/>\n\t<meta property=\"og:image:type\" content=\"image\/jpeg\" \/>\n<meta name=\"author\" content=\"Forbes\" \/>\n<meta name=\"twitter:card\" content=\"summary_large_image\" \/>\n<meta name=\"twitter:creator\" content=\"@fidedignas\" \/>\n<meta name=\"twitter:site\" content=\"@fidedignas\" \/>\n<meta name=\"twitter:label1\" content=\"Escrito por\" \/>\n\t<meta name=\"twitter:data1\" content=\"Forbes\" \/>\n\t<meta name=\"twitter:label2\" content=\"Tiempo de lectura\" \/>\n\t<meta name=\"twitter:data2\" content=\"2 minutos\" \/>\n<script type=\"application\/ld+json\" class=\"yoast-schema-graph\">{\"@context\":\"https:\\\/\\\/schema.org\",\"@graph\":[{\"@type\":\"Article\",\"@id\":\"https:\\\/\\\/fuentesfidedignas.com.mx\\\/index.php\\\/2021\\\/12\\\/23\\\/ine-retoma-los-trabajos-para-consulta-de-revocacion\\\/#article\",\"isPartOf\":{\"@id\":\"https:\\\/\\\/fuentesfidedignas.com.mx\\\/index.php\\\/2021\\\/12\\\/23\\\/ine-retoma-los-trabajos-para-consulta-de-revocacion\\\/\"},\"author\":{\"name\":\"Forbes\",\"@id\":\"https:\\\/\\\/fuentesfidedignas.com.mx\\\/#\\\/schema\\\/person\\\/5623d53fe2e579d825b1679734abcc44\"},\"headline\":\"INE retoma los trabajos para consulta de revocaci\u00f3n\",\"datePublished\":\"2021-12-23T23:23:24+00:00\",\"dateModified\":\"2021-12-23T23:23:25+00:00\",\"mainEntityOfPage\":{\"@id\":\"https:\\\/\\\/fuentesfidedignas.com.mx\\\/index.php\\\/2021\\\/12\\\/23\\\/ine-retoma-los-trabajos-para-consulta-de-revocacion\\\/\"},\"wordCount\":379,\"commentCount\":0,\"publisher\":{\"@id\":\"https:\\\/\\\/fuentesfidedignas.com.mx\\\/#organization\"},\"image\":{\"@id\":\"https:\\\/\\\/fuentesfidedignas.com.mx\\\/index.php\\\/2021\\\/12\\\/23\\\/ine-retoma-los-trabajos-para-consulta-de-revocacion\\\/#primaryimage\"},\"thumbnailUrl\":\"https:\\\/\\\/fuentesfidedignas.com.mx\\\/wp-content\\\/uploads\\\/2021\\\/12\\\/AMLO-4-640x360-1.jpg\",\"keywords\":[\"INE\",\"Instituto Nacional Electoral\",\"Revocaci\u00f3n de mandato\"],\"articleSection\":[\"NOTICIAS NACIONALES\"],\"inLanguage\":\"es\",\"potentialAction\":[{\"@type\":\"CommentAction\",\"name\":\"Comment\",\"target\":[\"https:\\\/\\\/fuentesfidedignas.com.mx\\\/index.php\\\/2021\\\/12\\\/23\\\/ine-retoma-los-trabajos-para-consulta-de-revocacion\\\/#respond\"]}]},{\"@type\":\"WebPage\",\"@id\":\"https:\\\/\\\/fuentesfidedignas.com.mx\\\/index.php\\\/2021\\\/12\\\/23\\\/ine-retoma-los-trabajos-para-consulta-de-revocacion\\\/\",\"url\":\"https:\\\/\\\/fuentesfidedignas.com.mx\\\/index.php\\\/2021\\\/12\\\/23\\\/ine-retoma-los-trabajos-para-consulta-de-revocacion\\\/\",\"name\":\"INE retoma los trabajos para consulta de revocaci\u00f3n - Fuentes Fidedignas\",\"isPartOf\":{\"@id\":\"https:\\\/\\\/fuentesfidedignas.com.mx\\\/#website\"},\"primaryImageOfPage\":{\"@id\":\"https:\\\/\\\/fuentesfidedignas.com.mx\\\/index.php\\\/2021\\\/12\\\/23\\\/ine-retoma-los-trabajos-para-consulta-de-revocacion\\\/#primaryimage\"},\"image\":{\"@id\":\"https:\\\/\\\/fuentesfidedignas.com.mx\\\/index.php\\\/2021\\\/12\\\/23\\\/ine-retoma-los-trabajos-para-consulta-de-revocacion\\\/#primaryimage\"},\"thumbnailUrl\":\"https:\\\/\\\/fuentesfidedignas.com.mx\\\/wp-content\\\/uploads\\\/2021\\\/12\\\/AMLO-4-640x360-1.jpg\",\"datePublished\":\"2021-12-23T23:23:24+00:00\",\"dateModified\":\"2021-12-23T23:23:25+00:00\",\"breadcrumb\":{\"@id\":\"https:\\\/\\\/fuentesfidedignas.com.mx\\\/index.php\\\/2021\\\/12\\\/23\\\/ine-retoma-los-trabajos-para-consulta-de-revocacion\\\/#breadcrumb\"},\"inLanguage\":\"es\",\"potentialAction\":[{\"@type\":\"ReadAction\",\"target\":[\"https:\\\/\\\/fuentesfidedignas.com.mx\\\/index.php\\\/2021\\\/12\\\/23\\\/ine-retoma-los-trabajos-para-consulta-de-revocacion\\\/\"]}]},{\"@type\":\"ImageObject\",\"inLanguage\":\"es\",\"@id\":\"https:\\\/\\\/fuentesfidedignas.com.mx\\\/index.php\\\/2021\\\/12\\\/23\\\/ine-retoma-los-trabajos-para-consulta-de-revocacion\\\/#primaryimage\",\"url\":\"https:\\\/\\\/fuentesfidedignas.com.mx\\\/wp-content\\\/uploads\\\/2021\\\/12\\\/AMLO-4-640x360-1.jpg\",\"contentUrl\":\"https:\\\/\\\/fuentesfidedignas.com.mx\\\/wp-content\\\/uploads\\\/2021\\\/12\\\/AMLO-4-640x360-1.jpg\",\"width\":640,\"height\":360},{\"@type\":\"BreadcrumbList\",\"@id\":\"https:\\\/\\\/fuentesfidedignas.com.mx\\\/index.php\\\/2021\\\/12\\\/23\\\/ine-retoma-los-trabajos-para-consulta-de-revocacion\\\/#breadcrumb\",\"itemListElement\":[{\"@type\":\"ListItem\",\"position\":1,\"name\":\"Inicio\",\"item\":\"https:\\\/\\\/fuentesfidedignas.com.mx\\\/\"},{\"@type\":\"ListItem\",\"position\":2,\"name\":\"INE retoma los trabajos para consulta de revocaci\u00f3n\"}]},{\"@type\":\"WebSite\",\"@id\":\"https:\\\/\\\/fuentesfidedignas.com.mx\\\/#website\",\"url\":\"https:\\\/\\\/fuentesfidedignas.com.mx\\\/\",\"name\":\"Fuentes Fidedignas\",\"description\":\"Otro sitio realizado con WordPress\",\"publisher\":{\"@id\":\"https:\\\/\\\/fuentesfidedignas.com.mx\\\/#organization\"},\"potentialAction\":[{\"@type\":\"SearchAction\",\"target\":{\"@type\":\"EntryPoint\",\"urlTemplate\":\"https:\\\/\\\/fuentesfidedignas.com.mx\\\/?s={search_term_string}\"},\"query-input\":{\"@type\":\"PropertyValueSpecification\",\"valueRequired\":true,\"valueName\":\"search_term_string\"}}],\"inLanguage\":\"es\"},{\"@type\":\"Organization\",\"@id\":\"https:\\\/\\\/fuentesfidedignas.com.mx\\\/#organization\",\"name\":\"Fuentes Fidedignas\",\"url\":\"https:\\\/\\\/fuentesfidedignas.com.mx\\\/\",\"logo\":{\"@type\":\"ImageObject\",\"inLanguage\":\"es\",\"@id\":\"https:\\\/\\\/fuentesfidedignas.com.mx\\\/#\\\/schema\\\/logo\\\/image\\\/\",\"url\":\"https:\\\/\\\/fuentesfidedignas.com.mx\\\/wp-content\\\/uploads\\\/2021\\\/04\\\/logo-retina.png\",\"contentUrl\":\"https:\\\/\\\/fuentesfidedignas.com.mx\\\/wp-content\\\/uploads\\\/2021\\\/04\\\/logo-retina.png\",\"width\":280,\"height\":51,\"caption\":\"Fuentes Fidedignas\"},\"image\":{\"@id\":\"https:\\\/\\\/fuentesfidedignas.com.mx\\\/#\\\/schema\\\/logo\\\/image\\\/\"},\"sameAs\":[\"https:\\\/\\\/www.facebook.com\\\/Fuentes-Fidedignas-368234489921644\",\"https:\\\/\\\/x.com\\\/fidedignas\"]},{\"@type\":\"Person\",\"@id\":\"https:\\\/\\\/fuentesfidedignas.com.mx\\\/#\\\/schema\\\/person\\\/5623d53fe2e579d825b1679734abcc44\",\"name\":\"Forbes\",\"image\":{\"@type\":\"ImageObject\",\"inLanguage\":\"es\",\"@id\":\"https:\\\/\\\/secure.gravatar.com\\\/avatar\\\/87ce3dd4e41e60c22a79c758614f01a6bc2469255fc936ec7b15efb9bb5cb66f?s=96&d=mm&r=g\",\"url\":\"https:\\\/\\\/secure.gravatar.com\\\/avatar\\\/87ce3dd4e41e60c22a79c758614f01a6bc2469255fc936ec7b15efb9bb5cb66f?s=96&d=mm&r=g\",\"contentUrl\":\"https:\\\/\\\/secure.gravatar.com\\\/avatar\\\/87ce3dd4e41e60c22a79c758614f01a6bc2469255fc936ec7b15efb9bb5cb66f?s=96&d=mm&r=g\",\"caption\":\"Forbes\"},\"url\":\"https:\\\/\\\/fuentesfidedignas.com.mx\\\/index.php\\\/author\\\/forbes\\\/\"}]}<\/script>\n<!-- \/ Yoast SEO plugin. -->","yoast_head_json":{"title":"INE retoma los trabajos para consulta de revocaci\u00f3n - Fuentes Fidedignas","robots":{"index":"index","follow":"follow","max-snippet":"max-snippet:-1","max-image-preview":"max-image-preview:large","max-video-preview":"max-video-preview:-1"},"canonical":"https:\/\/fuentesfidedignas.com.mx\/index.php\/2021\/12\/23\/ine-retoma-los-trabajos-para-consulta-de-revocacion\/","og_locale":"es_MX","og_type":"article","og_title":"INE retoma los trabajos para consulta de revocaci\u00f3n - Fuentes Fidedignas","og_description":"La organizaci\u00f3n de la consulta requerir\u00eda una inversi\u00f3n de 3,830 millones de pesos. Ciudad de M\u00e9xico.- El Instituto Nacional Electoral (INE) inform\u00f3 este jueves que retom\u00f3 los trabajos para la consulta de revocaci\u00f3n en la que se decidir\u00e1n si el presidente Andr\u00e9s Manuel L\u00f3pez Obrador debe seguir en el cargo despu\u00e9s de que el Supremo [&hellip;]","og_url":"https:\/\/fuentesfidedignas.com.mx\/index.php\/2021\/12\/23\/ine-retoma-los-trabajos-para-consulta-de-revocacion\/","og_site_name":"Fuentes Fidedignas","article_publisher":"https:\/\/www.facebook.com\/Fuentes-Fidedignas-368234489921644","article_published_time":"2021-12-23T23:23:24+00:00","article_modified_time":"2021-12-23T23:23:25+00:00","og_image":[{"width":640,"height":360,"url":"https:\/\/fuentesfidedignas.com.mx\/wp-content\/uploads\/2021\/12\/AMLO-4-640x360-1.jpg","type":"image\/jpeg"}],"author":"Forbes","twitter_card":"summary_large_image","twitter_creator":"@fidedignas","twitter_site":"@fidedignas","twitter_misc":{"Escrito por":"Forbes","Tiempo de lectura":"2 minutos"},"schema":{"@context":"https:\/\/schema.org","@graph":[{"@type":"Article","@id":"https:\/\/fuentesfidedignas.com.mx\/index.php\/2021\/12\/23\/ine-retoma-los-trabajos-para-consulta-de-revocacion\/#article","isPartOf":{"@id":"https:\/\/fuentesfidedignas.com.mx\/index.php\/2021\/12\/23\/ine-retoma-los-trabajos-para-consulta-de-revocacion\/"},"author":{"name":"Forbes","@id":"https:\/\/fuentesfidedignas.com.mx\/#\/schema\/person\/5623d53fe2e579d825b1679734abcc44"},"headline":"INE retoma los trabajos para consulta de revocaci\u00f3n","datePublished":"2021-12-23T23:23:24+00:00","dateModified":"2021-12-23T23:23:25+00:00","mainEntityOfPage":{"@id":"https:\/\/fuentesfidedignas.com.mx\/index.php\/2021\/12\/23\/ine-retoma-los-trabajos-para-consulta-de-revocacion\/"},"wordCount":379,"commentCount":0,"publisher":{"@id":"https:\/\/fuentesfidedignas.com.mx\/#organization"},"image":{"@id":"https:\/\/fuentesfidedignas.com.mx\/index.php\/2021\/12\/23\/ine-retoma-los-trabajos-para-consulta-de-revocacion\/#primaryimage"},"thumbnailUrl":"https:\/\/fuentesfidedignas.com.mx\/wp-content\/uploads\/2021\/12\/AMLO-4-640x360-1.jpg","keywords":["INE","Instituto Nacional Electoral","Revocaci\u00f3n de mandato"],"articleSection":["NOTICIAS NACIONALES"],"inLanguage":"es","potentialAction":[{"@type":"CommentAction","name":"Comment","target":["https:\/\/fuentesfidedignas.com.mx\/index.php\/2021\/12\/23\/ine-retoma-los-trabajos-para-consulta-de-revocacion\/#respond"]}]},{"@type":"WebPage","@id":"https:\/\/fuentesfidedignas.com.mx\/index.php\/2021\/12\/23\/ine-retoma-los-trabajos-para-consulta-de-revocacion\/","url":"https:\/\/fuentesfidedignas.com.mx\/index.php\/2021\/12\/23\/ine-retoma-los-trabajos-para-consulta-de-revocacion\/","name":"INE retoma los trabajos para consulta de revocaci\u00f3n - Fuentes Fidedignas","isPartOf":{"@id":"https:\/\/fuentesfidedignas.com.mx\/#website"},"primaryImageOfPage":{"@id":"https:\/\/fuentesfidedignas.com.mx\/index.php\/2021\/12\/23\/ine-retoma-los-trabajos-para-consulta-de-revocacion\/#primaryimage"},"image":{"@id":"https:\/\/fuentesfidedignas.com.mx\/index.php\/2021\/12\/23\/ine-retoma-los-trabajos-para-consulta-de-revocacion\/#primaryimage"},"thumbnailUrl":"https:\/\/fuentesfidedignas.com.mx\/wp-content\/uploads\/2021\/12\/AMLO-4-640x360-1.jpg","datePublished":"2021-12-23T23:23:24+00:00","dateModified":"2021-12-23T23:23:25+00:00","breadcrumb":{"@id":"https:\/\/fuentesfidedignas.com.mx\/index.php\/2021\/12\/23\/ine-retoma-los-trabajos-para-consulta-de-revocacion\/#breadcrumb"},"inLanguage":"es","potentialAction":[{"@type":"ReadAction","target":["https:\/\/fuentesfidedignas.com.mx\/index.php\/2021\/12\/23\/ine-retoma-los-trabajos-para-consulta-de-revocacion\/"]}]},{"@type":"ImageObject","inLanguage":"es","@id":"https:\/\/fuentesfidedignas.com.mx\/index.php\/2021\/12\/23\/ine-retoma-los-trabajos-para-consulta-de-revocacion\/#primaryimage","url":"https:\/\/fuentesfidedignas.com.mx\/wp-content\/uploads\/2021\/12\/AMLO-4-640x360-1.jpg","contentUrl":"https:\/\/fuentesfidedignas.com.mx\/wp-content\/uploads\/2021\/12\/AMLO-4-640x360-1.jpg","width":640,"height":360},{"@type":"BreadcrumbList","@id":"https:\/\/fuentesfidedignas.com.mx\/index.php\/2021\/12\/23\/ine-retoma-los-trabajos-para-consulta-de-revocacion\/#breadcrumb","itemListElement":[{"@type":"ListItem","position":1,"name":"Inicio","item":"https:\/\/fuentesfidedignas.com.mx\/"},{"@type":"ListItem","position":2,"name":"INE retoma los trabajos para consulta de revocaci\u00f3n"}]},{"@type":"WebSite","@id":"https:\/\/fuentesfidedignas.com.mx\/#website","url":"https:\/\/fuentesfidedignas.com.mx\/","name":"Fuentes Fidedignas","description":"Otro sitio realizado con WordPress","publisher":{"@id":"https:\/\/fuentesfidedignas.com.mx\/#organization"},"potentialAction":[{"@type":"SearchAction","target":{"@type":"EntryPoint","urlTemplate":"https:\/\/fuentesfidedignas.com.mx\/?s={search_term_string}"},"query-input":{"@type":"PropertyValueSpecification","valueRequired":true,"valueName":"search_term_string"}}],"inLanguage":"es"},{"@type":"Organization","@id":"https:\/\/fuentesfidedignas.com.mx\/#organization","name":"Fuentes Fidedignas","url":"https:\/\/fuentesfidedignas.com.mx\/","logo":{"@type":"ImageObject","inLanguage":"es","@id":"https:\/\/fuentesfidedignas.com.mx\/#\/schema\/logo\/image\/","url":"https:\/\/fuentesfidedignas.com.mx\/wp-content\/uploads\/2021\/04\/logo-retina.png","contentUrl":"https:\/\/fuentesfidedignas.com.mx\/wp-content\/uploads\/2021\/04\/logo-retina.png","width":280,"height":51,"caption":"Fuentes Fidedignas"},"image":{"@id":"https:\/\/fuentesfidedignas.com.mx\/#\/schema\/logo\/image\/"},"sameAs":["https:\/\/www.facebook.com\/Fuentes-Fidedignas-368234489921644","https:\/\/x.com\/fidedignas"]},{"@type":"Person","@id":"https:\/\/fuentesfidedignas.com.mx\/#\/schema\/person\/5623d53fe2e579d825b1679734abcc44","name":"Forbes","image":{"@type":"ImageObject","inLanguage":"es","@id":"https:\/\/secure.gravatar.com\/avatar\/87ce3dd4e41e60c22a79c758614f01a6bc2469255fc936ec7b15efb9bb5cb66f?s=96&d=mm&r=g","url":"https:\/\/secure.gravatar.com\/avatar\/87ce3dd4e41e60c22a79c758614f01a6bc2469255fc936ec7b15efb9bb5cb66f?s=96&d=mm&r=g","contentUrl":"https:\/\/secure.gravatar.com\/avatar\/87ce3dd4e41e60c22a79c758614f01a6bc2469255fc936ec7b15efb9bb5cb66f?s=96&d=mm&r=g","caption":"Forbes"},"url":"https:\/\/fuentesfidedignas.com.mx\/index.php\/author\/forbes\/"}]}},"_links":{"self":[{"href":"https:\/\/fuentesfidedignas.com.mx\/index.php\/wp-json\/wp\/v2\/posts\/20469","targetHints":{"allow":["GET"]}}],"collection":[{"href":"https:\/\/fuentesfidedignas.com.mx\/index.php\/wp-json\/wp\/v2\/posts"}],"about":[{"href":"https:\/\/fuentesfidedignas.com.mx\/index.php\/wp-json\/wp\/v2\/types\/post"}],"author":[{"embeddable":true,"href":"https:\/\/fuentesfidedignas.com.mx\/index.php\/wp-json\/wp\/v2\/users\/5"}],"replies":[{"embeddable":true,"href":"https:\/\/fuentesfidedignas.com.mx\/index.php\/wp-json\/wp\/v2\/comments?post=20469"}],"version-history":[{"count":1,"href":"https:\/\/fuentesfidedignas.com.mx\/index.php\/wp-json\/wp\/v2\/posts\/20469\/revisions"}],"predecessor-version":[{"id":20471,"href":"https:\/\/fuentesfidedignas.com.mx\/index.php\/wp-json\/wp\/v2\/posts\/20469\/revisions\/20471"}],"wp:featuredmedia":[{"embeddable":true,"href":"https:\/\/fuentesfidedignas.com.mx\/index.php\/wp-json\/wp\/v2\/media\/20470"}],"wp:attachment":[{"href":"https:\/\/fuentesfidedignas.com.mx\/index.php\/wp-json\/wp\/v2\/media?parent=20469"}],"wp:term":[{"taxonomy":"category","embeddable":true,"href":"https:\/\/fuentesfidedignas.com.mx\/index.php\/wp-json\/wp\/v2\/categories?post=20469"},{"taxonomy":"post_tag","embeddable":true,"href":"https:\/\/fuentesfidedignas.com.mx\/index.php\/wp-json\/wp\/v2\/tags?post=20469"}],"curies":[{"name":"wp","href":"https:\/\/api.w.org\/{rel}","templated":true}]}}