{"id":20449,"date":"2021-12-23T09:48:07","date_gmt":"2021-12-23T16:48:07","guid":{"rendered":"https:\/\/fuentesfidedignas.com.mx\/?p=20449"},"modified":"2021-12-23T09:48:08","modified_gmt":"2021-12-23T16:48:08","slug":"lopez-obrador-celebra-decision-del-supremo-de-reactivar-consulta-revocatoria","status":"publish","type":"post","link":"https:\/\/fuentesfidedignas.com.mx\/index.php\/2021\/12\/23\/lopez-obrador-celebra-decision-del-supremo-de-reactivar-consulta-revocatoria\/","title":{"rendered":"L\u00f3pez Obrador celebra decisi\u00f3n del Supremo de reactivar consulta revocatoria"},"content":{"rendered":"\n<p><strong><em>La consulta revocatoria es un proceso que ha impulsado el propio L\u00f3pez Obrador como un mecanismo de democracia directa.<\/em><\/strong><\/p>\n\n\n\n<p>Ciudad de M\u00e9xico.- El presidente mexicano, Andr\u00e9s Manuel L\u00f3pez Obrador, celebr\u00f3 este jueves la decisi\u00f3n de la Suprema Corte de Justicia de la Naci\u00f3n (SCJN) de ordenar al Instituto Nacional Electoral (INE) no posponer la consulta sobre la revocaci\u00f3n de su mandato.<\/p>\n\n\n\n<p>\u201cFue una muy buena decisi\u00f3n porque es la democracia, porque no se debe obstaculizar la democracia, y segundo, no se debe violar la Constituci\u00f3n\u201d, se\u00f1al\u00f3 el mandatario durante su conferencia de prensa diaria en el Palacio Nacional.<\/p>\n\n\n\n<p>La SCJN orden\u00f3 el mi\u00e9rcoles al INE que reactive las actividades de organizaci\u00f3n para poder realizar la consulta revocatoria, prevista para abril, una de las banderas del presidente, y que el instituto hab\u00eda acordado congelar al alegar que tiene un presupuesto insuficiente.<\/p>\n\n\n\n<p>El Supremo determin\u00f3 que el INE debe continuar con la \u201corganizaci\u00f3n y el desarrollo\u201d de las actividades del proceso de revocaci\u00f3n de mandato hasta su conclusi\u00f3n con el presupuesto aprobado por el Congreso de 1.503 millones de pesos (unos 72,5 millones de d\u00f3lares)\u201d.<\/p>\n\n\n\n<p>La consulta revocatoria es un proceso que ha impulsado el propio L\u00f3pez Obrador como un mecanismo de democracia directa con el que, en la mitad de su sexenio, se pregunta a los mexicanos si quieren que el mandatario siga gobernando o dimita.<\/p>\n\n\n\n<p>Pero esto ha sido criticado por la oposici\u00f3n por considerarla como propaganda pol\u00edtica y parte de su \u201ccampa\u00f1a permanente\u201d.<\/p>\n\n\n\n<p>Los consejeros del INE votaron el 17 de diciembre suspender parte de sus actividades al considerar que el organismo aut\u00f3nomo no cuenta con presupuesto suficiente, despu\u00e9s de que el Congreso, con mayor\u00eda del oficialista Movimiento Regeneraci\u00f3n Nacional (Morena), aprobara un recorte de 4.913 millones de pesos (unos 235 millones de d\u00f3lares) al ente electoral.<\/p>\n\n\n\n<p>\u201cYo considero que oponerse a la revocaci\u00f3n del mandato, a que se celebre una consulta, a que se le pregunte a los ciudadanos sobre el comportamiento de una autoridad, si se obstaculiza ese procedimiento, es actuar de manera antidemocr\u00e1tica\u201d, insisti\u00f3 L\u00f3pez Obrador en su conferencia.<\/p>\n\n\n\n<p>L\u00f3pez Obrador no descart\u00f3 en d\u00edas anteriores que, si el INE no puede organizar la consulta, ser\u00eda \u201cel pueblo\u201d el que podr\u00eda organizar la revocaci\u00f3n del mandato.<\/p>\n\n\n\n<p>Durante su intervenci\u00f3n de este jueves, el mandatario volvi\u00f3 a retomar esa idea y baraj\u00f3 la posibilidad de que se encargue a 10 encuestadoras hacer la pregunta a los ciudadanos.<\/p>\n","protected":false},"excerpt":{"rendered":"<p>La consulta revocatoria es un proceso que ha impulsado el propio L\u00f3pez Obrador como un mecanismo de democracia directa. Ciudad de M\u00e9xico.- El presidente mexicano, Andr\u00e9s Manuel L\u00f3pez Obrador, celebr\u00f3 este jueves la decisi\u00f3n de la Suprema Corte de Justicia de la Naci\u00f3n (SCJN) de ordenar al Instituto Nacional Electoral (INE) no posponer la consulta [&hellip;]<\/p>\n","protected":false},"author":5,"featured_media":20450,"comment_status":"open","ping_status":"open","sticky":false,"template":"","format":"standard","meta":{"tdm_status":"","tdm_grid_status":"","footnotes":""},"categories":[39],"tags":[247,297,1582],"class_list":{"0":"post-20449","1":"post","2":"type-post","3":"status-publish","4":"format-standard","5":"has-post-thumbnail","7":"category-noticias-nacionales","8":"tag-amlo","9":"tag-andres-manuel-lopez-obrador","10":"tag-revocacion-de-mandato"},"yoast_head":"<!-- This site is optimized with the Yoast SEO plugin v27.5 - https:\/\/yoast.com\/product\/yoast-seo-wordpress\/ -->\n<title>L\u00f3pez Obrador celebra decisi\u00f3n del Supremo de reactivar consulta revocatoria - Fuentes Fidedignas<\/title>\n<meta name=\"robots\" content=\"index, follow, max-snippet:-1, max-image-preview:large, max-video-preview:-1\" \/>\n<link rel=\"canonical\" href=\"https:\/\/fuentesfidedignas.com.mx\/index.php\/2021\/12\/23\/lopez-obrador-celebra-decision-del-supremo-de-reactivar-consulta-revocatoria\/\" \/>\n<meta property=\"og:locale\" content=\"es_MX\" \/>\n<meta property=\"og:type\" content=\"article\" \/>\n<meta property=\"og:title\" content=\"L\u00f3pez Obrador celebra decisi\u00f3n del Supremo de reactivar consulta revocatoria - Fuentes Fidedignas\" \/>\n<meta property=\"og:description\" content=\"La consulta revocatoria es un proceso que ha impulsado el propio L\u00f3pez Obrador como un mecanismo de democracia directa. Ciudad de M\u00e9xico.- El presidente mexicano, Andr\u00e9s Manuel L\u00f3pez Obrador, celebr\u00f3 este jueves la decisi\u00f3n de la Suprema Corte de Justicia de la Naci\u00f3n (SCJN) de ordenar al Instituto Nacional Electoral (INE) no posponer la consulta [&hellip;]\" \/>\n<meta property=\"og:url\" content=\"https:\/\/fuentesfidedignas.com.mx\/index.php\/2021\/12\/23\/lopez-obrador-celebra-decision-del-supremo-de-reactivar-consulta-revocatoria\/\" \/>\n<meta property=\"og:site_name\" content=\"Fuentes Fidedignas\" \/>\n<meta property=\"article:publisher\" content=\"https:\/\/www.facebook.com\/Fuentes-Fidedignas-368234489921644\" \/>\n<meta property=\"article:published_time\" content=\"2021-12-23T16:48:07+00:00\" \/>\n<meta property=\"article:modified_time\" content=\"2021-12-23T16:48:08+00:00\" \/>\n<meta property=\"og:image\" content=\"https:\/\/fuentesfidedignas.com.mx\/wp-content\/uploads\/2021\/12\/AMLO__2312.jpeg\" \/>\n\t<meta property=\"og:image:width\" content=\"640\" \/>\n\t<meta property=\"og:image:height\" content=\"360\" \/>\n\t<meta property=\"og:image:type\" content=\"image\/jpeg\" \/>\n<meta name=\"author\" content=\"Forbes\" \/>\n<meta name=\"twitter:card\" content=\"summary_large_image\" \/>\n<meta name=\"twitter:creator\" content=\"@fidedignas\" \/>\n<meta name=\"twitter:site\" content=\"@fidedignas\" \/>\n<meta name=\"twitter:label1\" content=\"Escrito por\" \/>\n\t<meta name=\"twitter:data1\" content=\"Forbes\" \/>\n\t<meta name=\"twitter:label2\" content=\"Tiempo de lectura\" \/>\n\t<meta name=\"twitter:data2\" content=\"2 minutos\" \/>\n<script type=\"application\/ld+json\" class=\"yoast-schema-graph\">{\"@context\":\"https:\\\/\\\/schema.org\",\"@graph\":[{\"@type\":\"Article\",\"@id\":\"https:\\\/\\\/fuentesfidedignas.com.mx\\\/index.php\\\/2021\\\/12\\\/23\\\/lopez-obrador-celebra-decision-del-supremo-de-reactivar-consulta-revocatoria\\\/#article\",\"isPartOf\":{\"@id\":\"https:\\\/\\\/fuentesfidedignas.com.mx\\\/index.php\\\/2021\\\/12\\\/23\\\/lopez-obrador-celebra-decision-del-supremo-de-reactivar-consulta-revocatoria\\\/\"},\"author\":{\"name\":\"Forbes\",\"@id\":\"https:\\\/\\\/fuentesfidedignas.com.mx\\\/#\\\/schema\\\/person\\\/5623d53fe2e579d825b1679734abcc44\"},\"headline\":\"L\u00f3pez Obrador celebra decisi\u00f3n del Supremo de reactivar consulta revocatoria\",\"datePublished\":\"2021-12-23T16:48:07+00:00\",\"dateModified\":\"2021-12-23T16:48:08+00:00\",\"mainEntityOfPage\":{\"@id\":\"https:\\\/\\\/fuentesfidedignas.com.mx\\\/index.php\\\/2021\\\/12\\\/23\\\/lopez-obrador-celebra-decision-del-supremo-de-reactivar-consulta-revocatoria\\\/\"},\"wordCount\":442,\"commentCount\":0,\"publisher\":{\"@id\":\"https:\\\/\\\/fuentesfidedignas.com.mx\\\/#organization\"},\"image\":{\"@id\":\"https:\\\/\\\/fuentesfidedignas.com.mx\\\/index.php\\\/2021\\\/12\\\/23\\\/lopez-obrador-celebra-decision-del-supremo-de-reactivar-consulta-revocatoria\\\/#primaryimage\"},\"thumbnailUrl\":\"https:\\\/\\\/fuentesfidedignas.com.mx\\\/wp-content\\\/uploads\\\/2021\\\/12\\\/AMLO__2312.jpeg\",\"keywords\":[\"AMLO\",\"Andr\u00e9s Manuel L\u00f3pez Obrador\",\"Revocaci\u00f3n de mandato\"],\"articleSection\":[\"NOTICIAS NACIONALES\"],\"inLanguage\":\"es\",\"potentialAction\":[{\"@type\":\"CommentAction\",\"name\":\"Comment\",\"target\":[\"https:\\\/\\\/fuentesfidedignas.com.mx\\\/index.php\\\/2021\\\/12\\\/23\\\/lopez-obrador-celebra-decision-del-supremo-de-reactivar-consulta-revocatoria\\\/#respond\"]}]},{\"@type\":\"WebPage\",\"@id\":\"https:\\\/\\\/fuentesfidedignas.com.mx\\\/index.php\\\/2021\\\/12\\\/23\\\/lopez-obrador-celebra-decision-del-supremo-de-reactivar-consulta-revocatoria\\\/\",\"url\":\"https:\\\/\\\/fuentesfidedignas.com.mx\\\/index.php\\\/2021\\\/12\\\/23\\\/lopez-obrador-celebra-decision-del-supremo-de-reactivar-consulta-revocatoria\\\/\",\"name\":\"L\u00f3pez Obrador celebra decisi\u00f3n del Supremo de reactivar consulta revocatoria - Fuentes Fidedignas\",\"isPartOf\":{\"@id\":\"https:\\\/\\\/fuentesfidedignas.com.mx\\\/#website\"},\"primaryImageOfPage\":{\"@id\":\"https:\\\/\\\/fuentesfidedignas.com.mx\\\/index.php\\\/2021\\\/12\\\/23\\\/lopez-obrador-celebra-decision-del-supremo-de-reactivar-consulta-revocatoria\\\/#primaryimage\"},\"image\":{\"@id\":\"https:\\\/\\\/fuentesfidedignas.com.mx\\\/index.php\\\/2021\\\/12\\\/23\\\/lopez-obrador-celebra-decision-del-supremo-de-reactivar-consulta-revocatoria\\\/#primaryimage\"},\"thumbnailUrl\":\"https:\\\/\\\/fuentesfidedignas.com.mx\\\/wp-content\\\/uploads\\\/2021\\\/12\\\/AMLO__2312.jpeg\",\"datePublished\":\"2021-12-23T16:48:07+00:00\",\"dateModified\":\"2021-12-23T16:48:08+00:00\",\"breadcrumb\":{\"@id\":\"https:\\\/\\\/fuentesfidedignas.com.mx\\\/index.php\\\/2021\\\/12\\\/23\\\/lopez-obrador-celebra-decision-del-supremo-de-reactivar-consulta-revocatoria\\\/#breadcrumb\"},\"inLanguage\":\"es\",\"potentialAction\":[{\"@type\":\"ReadAction\",\"target\":[\"https:\\\/\\\/fuentesfidedignas.com.mx\\\/index.php\\\/2021\\\/12\\\/23\\\/lopez-obrador-celebra-decision-del-supremo-de-reactivar-consulta-revocatoria\\\/\"]}]},{\"@type\":\"ImageObject\",\"inLanguage\":\"es\",\"@id\":\"https:\\\/\\\/fuentesfidedignas.com.mx\\\/index.php\\\/2021\\\/12\\\/23\\\/lopez-obrador-celebra-decision-del-supremo-de-reactivar-consulta-revocatoria\\\/#primaryimage\",\"url\":\"https:\\\/\\\/fuentesfidedignas.com.mx\\\/wp-content\\\/uploads\\\/2021\\\/12\\\/AMLO__2312.jpeg\",\"contentUrl\":\"https:\\\/\\\/fuentesfidedignas.com.mx\\\/wp-content\\\/uploads\\\/2021\\\/12\\\/AMLO__2312.jpeg\",\"width\":640,\"height\":360},{\"@type\":\"BreadcrumbList\",\"@id\":\"https:\\\/\\\/fuentesfidedignas.com.mx\\\/index.php\\\/2021\\\/12\\\/23\\\/lopez-obrador-celebra-decision-del-supremo-de-reactivar-consulta-revocatoria\\\/#breadcrumb\",\"itemListElement\":[{\"@type\":\"ListItem\",\"position\":1,\"name\":\"Inicio\",\"item\":\"https:\\\/\\\/fuentesfidedignas.com.mx\\\/\"},{\"@type\":\"ListItem\",\"position\":2,\"name\":\"L\u00f3pez Obrador celebra decisi\u00f3n del Supremo de reactivar consulta revocatoria\"}]},{\"@type\":\"WebSite\",\"@id\":\"https:\\\/\\\/fuentesfidedignas.com.mx\\\/#website\",\"url\":\"https:\\\/\\\/fuentesfidedignas.com.mx\\\/\",\"name\":\"Fuentes Fidedignas\",\"description\":\"Otro sitio realizado con WordPress\",\"publisher\":{\"@id\":\"https:\\\/\\\/fuentesfidedignas.com.mx\\\/#organization\"},\"potentialAction\":[{\"@type\":\"SearchAction\",\"target\":{\"@type\":\"EntryPoint\",\"urlTemplate\":\"https:\\\/\\\/fuentesfidedignas.com.mx\\\/?s={search_term_string}\"},\"query-input\":{\"@type\":\"PropertyValueSpecification\",\"valueRequired\":true,\"valueName\":\"search_term_string\"}}],\"inLanguage\":\"es\"},{\"@type\":\"Organization\",\"@id\":\"https:\\\/\\\/fuentesfidedignas.com.mx\\\/#organization\",\"name\":\"Fuentes Fidedignas\",\"url\":\"https:\\\/\\\/fuentesfidedignas.com.mx\\\/\",\"logo\":{\"@type\":\"ImageObject\",\"inLanguage\":\"es\",\"@id\":\"https:\\\/\\\/fuentesfidedignas.com.mx\\\/#\\\/schema\\\/logo\\\/image\\\/\",\"url\":\"https:\\\/\\\/fuentesfidedignas.com.mx\\\/wp-content\\\/uploads\\\/2021\\\/04\\\/logo-retina.png\",\"contentUrl\":\"https:\\\/\\\/fuentesfidedignas.com.mx\\\/wp-content\\\/uploads\\\/2021\\\/04\\\/logo-retina.png\",\"width\":280,\"height\":51,\"caption\":\"Fuentes Fidedignas\"},\"image\":{\"@id\":\"https:\\\/\\\/fuentesfidedignas.com.mx\\\/#\\\/schema\\\/logo\\\/image\\\/\"},\"sameAs\":[\"https:\\\/\\\/www.facebook.com\\\/Fuentes-Fidedignas-368234489921644\",\"https:\\\/\\\/x.com\\\/fidedignas\"]},{\"@type\":\"Person\",\"@id\":\"https:\\\/\\\/fuentesfidedignas.com.mx\\\/#\\\/schema\\\/person\\\/5623d53fe2e579d825b1679734abcc44\",\"name\":\"Forbes\",\"image\":{\"@type\":\"ImageObject\",\"inLanguage\":\"es\",\"@id\":\"https:\\\/\\\/secure.gravatar.com\\\/avatar\\\/87ce3dd4e41e60c22a79c758614f01a6bc2469255fc936ec7b15efb9bb5cb66f?s=96&d=mm&r=g\",\"url\":\"https:\\\/\\\/secure.gravatar.com\\\/avatar\\\/87ce3dd4e41e60c22a79c758614f01a6bc2469255fc936ec7b15efb9bb5cb66f?s=96&d=mm&r=g\",\"contentUrl\":\"https:\\\/\\\/secure.gravatar.com\\\/avatar\\\/87ce3dd4e41e60c22a79c758614f01a6bc2469255fc936ec7b15efb9bb5cb66f?s=96&d=mm&r=g\",\"caption\":\"Forbes\"},\"url\":\"https:\\\/\\\/fuentesfidedignas.com.mx\\\/index.php\\\/author\\\/forbes\\\/\"}]}<\/script>\n<!-- \/ Yoast SEO plugin. -->","yoast_head_json":{"title":"L\u00f3pez Obrador celebra decisi\u00f3n del Supremo de reactivar consulta revocatoria - Fuentes Fidedignas","robots":{"index":"index","follow":"follow","max-snippet":"max-snippet:-1","max-image-preview":"max-image-preview:large","max-video-preview":"max-video-preview:-1"},"canonical":"https:\/\/fuentesfidedignas.com.mx\/index.php\/2021\/12\/23\/lopez-obrador-celebra-decision-del-supremo-de-reactivar-consulta-revocatoria\/","og_locale":"es_MX","og_type":"article","og_title":"L\u00f3pez Obrador celebra decisi\u00f3n del Supremo de reactivar consulta revocatoria - Fuentes Fidedignas","og_description":"La consulta revocatoria es un proceso que ha impulsado el propio L\u00f3pez Obrador como un mecanismo de democracia directa. Ciudad de M\u00e9xico.- El presidente mexicano, Andr\u00e9s Manuel L\u00f3pez Obrador, celebr\u00f3 este jueves la decisi\u00f3n de la Suprema Corte de Justicia de la Naci\u00f3n (SCJN) de ordenar al Instituto Nacional Electoral (INE) no posponer la consulta [&hellip;]","og_url":"https:\/\/fuentesfidedignas.com.mx\/index.php\/2021\/12\/23\/lopez-obrador-celebra-decision-del-supremo-de-reactivar-consulta-revocatoria\/","og_site_name":"Fuentes Fidedignas","article_publisher":"https:\/\/www.facebook.com\/Fuentes-Fidedignas-368234489921644","article_published_time":"2021-12-23T16:48:07+00:00","article_modified_time":"2021-12-23T16:48:08+00:00","og_image":[{"width":640,"height":360,"url":"https:\/\/fuentesfidedignas.com.mx\/wp-content\/uploads\/2021\/12\/AMLO__2312.jpeg","type":"image\/jpeg"}],"author":"Forbes","twitter_card":"summary_large_image","twitter_creator":"@fidedignas","twitter_site":"@fidedignas","twitter_misc":{"Escrito por":"Forbes","Tiempo de lectura":"2 minutos"},"schema":{"@context":"https:\/\/schema.org","@graph":[{"@type":"Article","@id":"https:\/\/fuentesfidedignas.com.mx\/index.php\/2021\/12\/23\/lopez-obrador-celebra-decision-del-supremo-de-reactivar-consulta-revocatoria\/#article","isPartOf":{"@id":"https:\/\/fuentesfidedignas.com.mx\/index.php\/2021\/12\/23\/lopez-obrador-celebra-decision-del-supremo-de-reactivar-consulta-revocatoria\/"},"author":{"name":"Forbes","@id":"https:\/\/fuentesfidedignas.com.mx\/#\/schema\/person\/5623d53fe2e579d825b1679734abcc44"},"headline":"L\u00f3pez Obrador celebra decisi\u00f3n del Supremo de reactivar consulta revocatoria","datePublished":"2021-12-23T16:48:07+00:00","dateModified":"2021-12-23T16:48:08+00:00","mainEntityOfPage":{"@id":"https:\/\/fuentesfidedignas.com.mx\/index.php\/2021\/12\/23\/lopez-obrador-celebra-decision-del-supremo-de-reactivar-consulta-revocatoria\/"},"wordCount":442,"commentCount":0,"publisher":{"@id":"https:\/\/fuentesfidedignas.com.mx\/#organization"},"image":{"@id":"https:\/\/fuentesfidedignas.com.mx\/index.php\/2021\/12\/23\/lopez-obrador-celebra-decision-del-supremo-de-reactivar-consulta-revocatoria\/#primaryimage"},"thumbnailUrl":"https:\/\/fuentesfidedignas.com.mx\/wp-content\/uploads\/2021\/12\/AMLO__2312.jpeg","keywords":["AMLO","Andr\u00e9s Manuel L\u00f3pez Obrador","Revocaci\u00f3n de mandato"],"articleSection":["NOTICIAS NACIONALES"],"inLanguage":"es","potentialAction":[{"@type":"CommentAction","name":"Comment","target":["https:\/\/fuentesfidedignas.com.mx\/index.php\/2021\/12\/23\/lopez-obrador-celebra-decision-del-supremo-de-reactivar-consulta-revocatoria\/#respond"]}]},{"@type":"WebPage","@id":"https:\/\/fuentesfidedignas.com.mx\/index.php\/2021\/12\/23\/lopez-obrador-celebra-decision-del-supremo-de-reactivar-consulta-revocatoria\/","url":"https:\/\/fuentesfidedignas.com.mx\/index.php\/2021\/12\/23\/lopez-obrador-celebra-decision-del-supremo-de-reactivar-consulta-revocatoria\/","name":"L\u00f3pez Obrador celebra decisi\u00f3n del Supremo de reactivar consulta revocatoria - Fuentes Fidedignas","isPartOf":{"@id":"https:\/\/fuentesfidedignas.com.mx\/#website"},"primaryImageOfPage":{"@id":"https:\/\/fuentesfidedignas.com.mx\/index.php\/2021\/12\/23\/lopez-obrador-celebra-decision-del-supremo-de-reactivar-consulta-revocatoria\/#primaryimage"},"image":{"@id":"https:\/\/fuentesfidedignas.com.mx\/index.php\/2021\/12\/23\/lopez-obrador-celebra-decision-del-supremo-de-reactivar-consulta-revocatoria\/#primaryimage"},"thumbnailUrl":"https:\/\/fuentesfidedignas.com.mx\/wp-content\/uploads\/2021\/12\/AMLO__2312.jpeg","datePublished":"2021-12-23T16:48:07+00:00","dateModified":"2021-12-23T16:48:08+00:00","breadcrumb":{"@id":"https:\/\/fuentesfidedignas.com.mx\/index.php\/2021\/12\/23\/lopez-obrador-celebra-decision-del-supremo-de-reactivar-consulta-revocatoria\/#breadcrumb"},"inLanguage":"es","potentialAction":[{"@type":"ReadAction","target":["https:\/\/fuentesfidedignas.com.mx\/index.php\/2021\/12\/23\/lopez-obrador-celebra-decision-del-supremo-de-reactivar-consulta-revocatoria\/"]}]},{"@type":"ImageObject","inLanguage":"es","@id":"https:\/\/fuentesfidedignas.com.mx\/index.php\/2021\/12\/23\/lopez-obrador-celebra-decision-del-supremo-de-reactivar-consulta-revocatoria\/#primaryimage","url":"https:\/\/fuentesfidedignas.com.mx\/wp-content\/uploads\/2021\/12\/AMLO__2312.jpeg","contentUrl":"https:\/\/fuentesfidedignas.com.mx\/wp-content\/uploads\/2021\/12\/AMLO__2312.jpeg","width":640,"height":360},{"@type":"BreadcrumbList","@id":"https:\/\/fuentesfidedignas.com.mx\/index.php\/2021\/12\/23\/lopez-obrador-celebra-decision-del-supremo-de-reactivar-consulta-revocatoria\/#breadcrumb","itemListElement":[{"@type":"ListItem","position":1,"name":"Inicio","item":"https:\/\/fuentesfidedignas.com.mx\/"},{"@type":"ListItem","position":2,"name":"L\u00f3pez Obrador celebra decisi\u00f3n del Supremo de reactivar consulta revocatoria"}]},{"@type":"WebSite","@id":"https:\/\/fuentesfidedignas.com.mx\/#website","url":"https:\/\/fuentesfidedignas.com.mx\/","name":"Fuentes Fidedignas","description":"Otro sitio realizado con WordPress","publisher":{"@id":"https:\/\/fuentesfidedignas.com.mx\/#organization"},"potentialAction":[{"@type":"SearchAction","target":{"@type":"EntryPoint","urlTemplate":"https:\/\/fuentesfidedignas.com.mx\/?s={search_term_string}"},"query-input":{"@type":"PropertyValueSpecification","valueRequired":true,"valueName":"search_term_string"}}],"inLanguage":"es"},{"@type":"Organization","@id":"https:\/\/fuentesfidedignas.com.mx\/#organization","name":"Fuentes Fidedignas","url":"https:\/\/fuentesfidedignas.com.mx\/","logo":{"@type":"ImageObject","inLanguage":"es","@id":"https:\/\/fuentesfidedignas.com.mx\/#\/schema\/logo\/image\/","url":"https:\/\/fuentesfidedignas.com.mx\/wp-content\/uploads\/2021\/04\/logo-retina.png","contentUrl":"https:\/\/fuentesfidedignas.com.mx\/wp-content\/uploads\/2021\/04\/logo-retina.png","width":280,"height":51,"caption":"Fuentes Fidedignas"},"image":{"@id":"https:\/\/fuentesfidedignas.com.mx\/#\/schema\/logo\/image\/"},"sameAs":["https:\/\/www.facebook.com\/Fuentes-Fidedignas-368234489921644","https:\/\/x.com\/fidedignas"]},{"@type":"Person","@id":"https:\/\/fuentesfidedignas.com.mx\/#\/schema\/person\/5623d53fe2e579d825b1679734abcc44","name":"Forbes","image":{"@type":"ImageObject","inLanguage":"es","@id":"https:\/\/secure.gravatar.com\/avatar\/87ce3dd4e41e60c22a79c758614f01a6bc2469255fc936ec7b15efb9bb5cb66f?s=96&d=mm&r=g","url":"https:\/\/secure.gravatar.com\/avatar\/87ce3dd4e41e60c22a79c758614f01a6bc2469255fc936ec7b15efb9bb5cb66f?s=96&d=mm&r=g","contentUrl":"https:\/\/secure.gravatar.com\/avatar\/87ce3dd4e41e60c22a79c758614f01a6bc2469255fc936ec7b15efb9bb5cb66f?s=96&d=mm&r=g","caption":"Forbes"},"url":"https:\/\/fuentesfidedignas.com.mx\/index.php\/author\/forbes\/"}]}},"_links":{"self":[{"href":"https:\/\/fuentesfidedignas.com.mx\/index.php\/wp-json\/wp\/v2\/posts\/20449","targetHints":{"allow":["GET"]}}],"collection":[{"href":"https:\/\/fuentesfidedignas.com.mx\/index.php\/wp-json\/wp\/v2\/posts"}],"about":[{"href":"https:\/\/fuentesfidedignas.com.mx\/index.php\/wp-json\/wp\/v2\/types\/post"}],"author":[{"embeddable":true,"href":"https:\/\/fuentesfidedignas.com.mx\/index.php\/wp-json\/wp\/v2\/users\/5"}],"replies":[{"embeddable":true,"href":"https:\/\/fuentesfidedignas.com.mx\/index.php\/wp-json\/wp\/v2\/comments?post=20449"}],"version-history":[{"count":1,"href":"https:\/\/fuentesfidedignas.com.mx\/index.php\/wp-json\/wp\/v2\/posts\/20449\/revisions"}],"predecessor-version":[{"id":20451,"href":"https:\/\/fuentesfidedignas.com.mx\/index.php\/wp-json\/wp\/v2\/posts\/20449\/revisions\/20451"}],"wp:featuredmedia":[{"embeddable":true,"href":"https:\/\/fuentesfidedignas.com.mx\/index.php\/wp-json\/wp\/v2\/media\/20450"}],"wp:attachment":[{"href":"https:\/\/fuentesfidedignas.com.mx\/index.php\/wp-json\/wp\/v2\/media?parent=20449"}],"wp:term":[{"taxonomy":"category","embeddable":true,"href":"https:\/\/fuentesfidedignas.com.mx\/index.php\/wp-json\/wp\/v2\/categories?post=20449"},{"taxonomy":"post_tag","embeddable":true,"href":"https:\/\/fuentesfidedignas.com.mx\/index.php\/wp-json\/wp\/v2\/tags?post=20449"}],"curies":[{"name":"wp","href":"https:\/\/api.w.org\/{rel}","templated":true}]}}