{"id":20326,"date":"2021-12-21T08:42:01","date_gmt":"2021-12-21T15:42:01","guid":{"rendered":"https:\/\/fuentesfidedignas.com.mx\/?p=20326"},"modified":"2021-12-21T08:44:03","modified_gmt":"2021-12-21T15:44:03","slug":"hijos-de-el-chapo-guzman-organizan-posada-en-nombre-de-su-papa-pese-a-la-recompensa-de-eu","status":"publish","type":"post","link":"https:\/\/fuentesfidedignas.com.mx\/index.php\/2021\/12\/21\/hijos-de-el-chapo-guzman-organizan-posada-en-nombre-de-su-papa-pese-a-la-recompensa-de-eu\/","title":{"rendered":"Hijos de &#8220;El Chapo&#8221; Guzm\u00e1n organizan posada en nombre de su pap\u00e1, pese a la recompensa de EU"},"content":{"rendered":"\n<p><em><strong>Durante<\/strong><\/em><strong><em> la celebraci\u00f3n organizada por Ovidio, Iv\u00e1n Archivaldo y Jes\u00fas Alfredo Guzm\u00e1n se rifaron ocho carros \u00faltimo modelo, refrigeradores, pantallas gigantes de televisi\u00f3n, juguetes, bocinas, bicicletas y todo tipo de enseres.<\/em><\/strong><\/p>\n\n\n\n<p>Ciudad de M\u00e9xico.- Dos d\u00edas despu\u00e9s de que el gobierno de Estados Unidos ofreciera una recompensa de cinco millones de d\u00f3lares por informaci\u00f3n que lleve a la captura de los hijos del capo Joaqu\u00edn \u201cEl Chapo\u201d Guzm\u00e1n, Ovidio, Iv\u00e1n Archivaldo y Jes\u00fas Alfredo, v\u00e1stagos del narcotraficante, organizaron una presunta posada en la sierra de Sinaloa.<\/p>\n\n\n\n<p>La celebraci\u00f3n comenz\u00f3 el pasado viernes 17 de diciembre a las 19:00 horas en una comunidad rural perteneciente a Culiac\u00e1n, entre las sindicaturas de Costa Rica y El Dorado, confiaron fuentes period\u00edsticas a Proceso.<\/p>\n\n\n\n<p>Durante la reuni\u00f3n que se prolong\u00f3 al menos hasta el s\u00e1bado en la tarde, se rifaron ocho carros \u00faltimo modelo y centenas de electrodom\u00e9sticos, desde refrigeradores hasta pantallas gigantes de televisi\u00f3n, juguetes, bocinas, bicicletas y todo tipo de enseres, seg\u00fan las fotograf\u00edas a las que Proceso tuvo acceso.<\/p>\n\n\n\n<figure class=\"wp-block-image\"><img decoding=\"async\" src=\"https:\/\/www.proceso.com.mx\/u\/fotografias\/m\/2021\/12\/20\/f768x1-147823_147950_57.jpeg\" alt=\"\"\/><figcaption>Art\u00edculos rotulados con las iniciales del capo. Foto: Especial<\/figcaption><\/figure>\n\n\n\n<p>Todos los art\u00edculos estaban rotulados con calcomon\u00edas doradas con las iniciales JGL que corresponden al nombre de Joaqu\u00edn Guzm\u00e1n Loera, \u201cEl Chapo\u201d, seg\u00fan revelan las im\u00e1genes.<\/p>\n\n\n\n<figure class=\"wp-block-image\"><img decoding=\"async\" src=\"https:\/\/www.proceso.com.mx\/u\/fotografias\/m\/2021\/12\/20\/f768x1-147825_147952_71.jpg\" alt=\"\"\/><figcaption>Refrigerador para la rifa. Foto: Especial<\/figcaption><\/figure>\n\n\n\n<p>En un tuit de la periodista Fanny Mart\u00ednez, se puede observar a los m\u00fasicos y cantantes de las bandas sinaloenses Los Nuevos Rebeldes y Revolver Cannabis actuar en vivo, adem\u00e1s de que se pueden observar cuatro carros que estaban listos para la rifa con un gran mo\u00f1o rojo, decorando las carrocer\u00edas blancas y rojas.<\/p>\n\n\n\n<p>Tambi\u00e9n se pueden observar centenas de cajas con los regalos que fueron entregados a los asistentes, as\u00ed como a unos pocos organizadores. Las videograbaciones y fotograf\u00edas est\u00e1n cuidadas para que no se vean rostros de los beneficiarios&nbsp; y tampoco es posible observar a personas armadas ni mucho menos a alguna autoridad.<\/p>\n\n\n\n<figure class=\"wp-block-embed is-type-rich is-provider-twitter wp-block-embed-twitter\"><div class=\"wp-block-embed__wrapper\">\n<blockquote class=\"twitter-tweet\" data-width=\"550\" data-dnt=\"true\"><p lang=\"es\" dir=\"ltr\">REALIZAN \u201cCHAPO POSADA\u201d<br>Los Chapitos\u201d, hijos de Joaqu\u00edn \u201cEl Chapo\u201d Guzm\u00e1n realizan posada 2021 en <a href=\"https:\/\/twitter.com\/hashtag\/Sinaloa?src=hash&amp;ref_src=twsrc%5Etfw\">#Sinaloa<\/a>. Grupos norte\u00f1os, rifas de autos y regalos con las iniciales de su padre GJL fueron entregados a los asistentes. <a href=\"https:\/\/t.co\/9Ghank6EvG\">pic.twitter.com\/9Ghank6EvG<\/a><\/p>&mdash; FANNY (@_fannymartinez) <a href=\"https:\/\/twitter.com\/_fannymartinez\/status\/1472615735977459721?ref_src=twsrc%5Etfw\">December 19, 2021<\/a><\/blockquote><script async src=\"https:\/\/platform.twitter.com\/widgets.js\" charset=\"utf-8\"><\/script>\n<\/div><figcaption>Fuentes de inteligencia del gobierno de Sinaloa se\u00f1alaron que la posada de \u201cLos Chapitos\u201d en honor a su padre tiene como fin preservar la base social creada por el exl\u00edder del C\u00e1rtel de Sinaloa mientras estuvo al frente de esa organizaci\u00f3n criminal.<br><br>La posada se realiz\u00f3 s\u00f3lo dos d\u00edas despu\u00e9s de que el gobierno de Joe Biden firmara una orden ejecutiva en la que se declara al C\u00e1rtel de Sinaloa y a otros grupos delictivos como una amenaza para la seguridad nacional de ese pa\u00eds, debido al tr\u00e1fico de fentanilo que est\u00e1 matando a miles de j\u00f3venes en territorio estadounidense.<br><br>Adem\u00e1s, se anunci\u00f3 una recompensa individual de cinco millones de d\u00f3lares por informaci\u00f3n que sirva para la localizaci\u00f3n y captura de los cuatro hijos de \u201cEl Chapo\u201d Guzm\u00e1n, a quienes se considera como herederos de su imperio criminal: Ovidio Guzm\u00e1n L\u00f3pez, \u201cEl Rat\u00f3n\u201d; Jes\u00fas Alfredo Guzm\u00e1n Salazar, \u201cAlfredillo\u201d; Iv\u00e1n Archivaldo Guzm\u00e1n Salazar, \u201cEl Chapito\u201d, y Joaqu\u00edn Guzm\u00e1n L\u00f3pez, el menos visible de los hermanos.<\/figcaption><\/figure>\n","protected":false},"excerpt":{"rendered":"<p>Durante la celebraci\u00f3n organizada por Ovidio, Iv\u00e1n Archivaldo y Jes\u00fas Alfredo Guzm\u00e1n se rifaron ocho carros \u00faltimo modelo, refrigeradores, pantallas gigantes de televisi\u00f3n, juguetes, bocinas, bicicletas y todo tipo de enseres. Ciudad de M\u00e9xico.- Dos d\u00edas despu\u00e9s de que el gobierno de Estados Unidos ofreciera una recompensa de cinco millones de d\u00f3lares por informaci\u00f3n que [&hellip;]<\/p>\n","protected":false},"author":50,"featured_media":20327,"comment_status":"open","ping_status":"open","sticky":false,"template":"","format":"standard","meta":{"tdm_status":"","tdm_grid_status":"","footnotes":""},"categories":[37],"tags":[147,382],"class_list":{"0":"post-20326","1":"post","2":"type-post","3":"status-publish","4":"format-standard","5":"has-post-thumbnail","7":"category-nota-principal","8":"tag-el-chapo-guzman","9":"tag-joaquin-el-chapo-guzman"},"yoast_head":"<!-- This site is optimized with the Yoast SEO plugin v27.4 - https:\/\/yoast.com\/product\/yoast-seo-wordpress\/ -->\n<title>Hijos de &quot;El Chapo&quot; Guzm\u00e1n organizan posada en nombre de su pap\u00e1, pese a la recompensa de EU - Fuentes Fidedignas<\/title>\n<meta name=\"robots\" content=\"index, follow, max-snippet:-1, max-image-preview:large, max-video-preview:-1\" \/>\n<link rel=\"canonical\" href=\"https:\/\/fuentesfidedignas.com.mx\/index.php\/2021\/12\/21\/hijos-de-el-chapo-guzman-organizan-posada-en-nombre-de-su-papa-pese-a-la-recompensa-de-eu\/\" \/>\n<meta property=\"og:locale\" content=\"es_MX\" \/>\n<meta property=\"og:type\" content=\"article\" \/>\n<meta property=\"og:title\" content=\"Hijos de &quot;El Chapo&quot; Guzm\u00e1n organizan posada en nombre de su pap\u00e1, pese a la recompensa de EU - Fuentes Fidedignas\" \/>\n<meta property=\"og:description\" content=\"Durante la celebraci\u00f3n organizada por Ovidio, Iv\u00e1n Archivaldo y Jes\u00fas Alfredo Guzm\u00e1n se rifaron ocho carros \u00faltimo modelo, refrigeradores, pantallas gigantes de televisi\u00f3n, juguetes, bocinas, bicicletas y todo tipo de enseres. Ciudad de M\u00e9xico.- Dos d\u00edas despu\u00e9s de que el gobierno de Estados Unidos ofreciera una recompensa de cinco millones de d\u00f3lares por informaci\u00f3n que [&hellip;]\" \/>\n<meta property=\"og:url\" content=\"https:\/\/fuentesfidedignas.com.mx\/index.php\/2021\/12\/21\/hijos-de-el-chapo-guzman-organizan-posada-en-nombre-de-su-papa-pese-a-la-recompensa-de-eu\/\" \/>\n<meta property=\"og:site_name\" content=\"Fuentes Fidedignas\" \/>\n<meta property=\"article:publisher\" content=\"https:\/\/www.facebook.com\/Fuentes-Fidedignas-368234489921644\" \/>\n<meta property=\"article:published_time\" content=\"2021-12-21T15:42:01+00:00\" \/>\n<meta property=\"article:modified_time\" content=\"2021-12-21T15:44:03+00:00\" \/>\n<meta property=\"og:image\" content=\"https:\/\/fuentesfidedignas.com.mx\/wp-content\/uploads\/2021\/12\/f800x450-147822_199268_5050.jpg\" \/>\n\t<meta property=\"og:image:width\" content=\"800\" \/>\n\t<meta property=\"og:image:height\" content=\"450\" \/>\n\t<meta property=\"og:image:type\" content=\"image\/jpeg\" \/>\n<meta name=\"author\" content=\"Proceso\" \/>\n<meta name=\"twitter:card\" content=\"summary_large_image\" \/>\n<meta name=\"twitter:creator\" content=\"@fidedignas\" \/>\n<meta name=\"twitter:site\" content=\"@fidedignas\" \/>\n<meta name=\"twitter:label1\" content=\"Escrito por\" \/>\n\t<meta name=\"twitter:data1\" content=\"Proceso\" \/>\n\t<meta name=\"twitter:label2\" content=\"Tiempo de lectura\" \/>\n\t<meta name=\"twitter:data2\" content=\"3 minutos\" \/>\n<script type=\"application\/ld+json\" class=\"yoast-schema-graph\">{\"@context\":\"https:\\\/\\\/schema.org\",\"@graph\":[{\"@type\":\"Article\",\"@id\":\"https:\\\/\\\/fuentesfidedignas.com.mx\\\/index.php\\\/2021\\\/12\\\/21\\\/hijos-de-el-chapo-guzman-organizan-posada-en-nombre-de-su-papa-pese-a-la-recompensa-de-eu\\\/#article\",\"isPartOf\":{\"@id\":\"https:\\\/\\\/fuentesfidedignas.com.mx\\\/index.php\\\/2021\\\/12\\\/21\\\/hijos-de-el-chapo-guzman-organizan-posada-en-nombre-de-su-papa-pese-a-la-recompensa-de-eu\\\/\"},\"author\":{\"name\":\"Proceso\",\"@id\":\"https:\\\/\\\/fuentesfidedignas.com.mx\\\/#\\\/schema\\\/person\\\/eb72247ff123b3ce5e4cadc7f50ae372\"},\"headline\":\"Hijos de &#8220;El Chapo&#8221; Guzm\u00e1n organizan posada en nombre de su pap\u00e1, pese a la recompensa de EU\",\"datePublished\":\"2021-12-21T15:42:01+00:00\",\"dateModified\":\"2021-12-21T15:44:03+00:00\",\"mainEntityOfPage\":{\"@id\":\"https:\\\/\\\/fuentesfidedignas.com.mx\\\/index.php\\\/2021\\\/12\\\/21\\\/hijos-de-el-chapo-guzman-organizan-posada-en-nombre-de-su-papa-pese-a-la-recompensa-de-eu\\\/\"},\"wordCount\":567,\"commentCount\":0,\"publisher\":{\"@id\":\"https:\\\/\\\/fuentesfidedignas.com.mx\\\/#organization\"},\"image\":{\"@id\":\"https:\\\/\\\/fuentesfidedignas.com.mx\\\/index.php\\\/2021\\\/12\\\/21\\\/hijos-de-el-chapo-guzman-organizan-posada-en-nombre-de-su-papa-pese-a-la-recompensa-de-eu\\\/#primaryimage\"},\"thumbnailUrl\":\"https:\\\/\\\/fuentesfidedignas.com.mx\\\/wp-content\\\/uploads\\\/2021\\\/12\\\/f800x450-147822_199268_5050.jpg\",\"keywords\":[\"El Chapo Guzm\u00e1n\",\"Joaqu\u00edn El Chapo Guzm\u00e1n\"],\"articleSection\":[\"NOTA PRINCIPAL\"],\"inLanguage\":\"es\",\"potentialAction\":[{\"@type\":\"CommentAction\",\"name\":\"Comment\",\"target\":[\"https:\\\/\\\/fuentesfidedignas.com.mx\\\/index.php\\\/2021\\\/12\\\/21\\\/hijos-de-el-chapo-guzman-organizan-posada-en-nombre-de-su-papa-pese-a-la-recompensa-de-eu\\\/#respond\"]}]},{\"@type\":\"WebPage\",\"@id\":\"https:\\\/\\\/fuentesfidedignas.com.mx\\\/index.php\\\/2021\\\/12\\\/21\\\/hijos-de-el-chapo-guzman-organizan-posada-en-nombre-de-su-papa-pese-a-la-recompensa-de-eu\\\/\",\"url\":\"https:\\\/\\\/fuentesfidedignas.com.mx\\\/index.php\\\/2021\\\/12\\\/21\\\/hijos-de-el-chapo-guzman-organizan-posada-en-nombre-de-su-papa-pese-a-la-recompensa-de-eu\\\/\",\"name\":\"Hijos de \\\"El Chapo\\\" Guzm\u00e1n organizan posada en nombre de su pap\u00e1, pese a la recompensa de EU - Fuentes Fidedignas\",\"isPartOf\":{\"@id\":\"https:\\\/\\\/fuentesfidedignas.com.mx\\\/#website\"},\"primaryImageOfPage\":{\"@id\":\"https:\\\/\\\/fuentesfidedignas.com.mx\\\/index.php\\\/2021\\\/12\\\/21\\\/hijos-de-el-chapo-guzman-organizan-posada-en-nombre-de-su-papa-pese-a-la-recompensa-de-eu\\\/#primaryimage\"},\"image\":{\"@id\":\"https:\\\/\\\/fuentesfidedignas.com.mx\\\/index.php\\\/2021\\\/12\\\/21\\\/hijos-de-el-chapo-guzman-organizan-posada-en-nombre-de-su-papa-pese-a-la-recompensa-de-eu\\\/#primaryimage\"},\"thumbnailUrl\":\"https:\\\/\\\/fuentesfidedignas.com.mx\\\/wp-content\\\/uploads\\\/2021\\\/12\\\/f800x450-147822_199268_5050.jpg\",\"datePublished\":\"2021-12-21T15:42:01+00:00\",\"dateModified\":\"2021-12-21T15:44:03+00:00\",\"breadcrumb\":{\"@id\":\"https:\\\/\\\/fuentesfidedignas.com.mx\\\/index.php\\\/2021\\\/12\\\/21\\\/hijos-de-el-chapo-guzman-organizan-posada-en-nombre-de-su-papa-pese-a-la-recompensa-de-eu\\\/#breadcrumb\"},\"inLanguage\":\"es\",\"potentialAction\":[{\"@type\":\"ReadAction\",\"target\":[\"https:\\\/\\\/fuentesfidedignas.com.mx\\\/index.php\\\/2021\\\/12\\\/21\\\/hijos-de-el-chapo-guzman-organizan-posada-en-nombre-de-su-papa-pese-a-la-recompensa-de-eu\\\/\"]}]},{\"@type\":\"ImageObject\",\"inLanguage\":\"es\",\"@id\":\"https:\\\/\\\/fuentesfidedignas.com.mx\\\/index.php\\\/2021\\\/12\\\/21\\\/hijos-de-el-chapo-guzman-organizan-posada-en-nombre-de-su-papa-pese-a-la-recompensa-de-eu\\\/#primaryimage\",\"url\":\"https:\\\/\\\/fuentesfidedignas.com.mx\\\/wp-content\\\/uploads\\\/2021\\\/12\\\/f800x450-147822_199268_5050.jpg\",\"contentUrl\":\"https:\\\/\\\/fuentesfidedignas.com.mx\\\/wp-content\\\/uploads\\\/2021\\\/12\\\/f800x450-147822_199268_5050.jpg\",\"width\":800,\"height\":450},{\"@type\":\"BreadcrumbList\",\"@id\":\"https:\\\/\\\/fuentesfidedignas.com.mx\\\/index.php\\\/2021\\\/12\\\/21\\\/hijos-de-el-chapo-guzman-organizan-posada-en-nombre-de-su-papa-pese-a-la-recompensa-de-eu\\\/#breadcrumb\",\"itemListElement\":[{\"@type\":\"ListItem\",\"position\":1,\"name\":\"Inicio\",\"item\":\"https:\\\/\\\/fuentesfidedignas.com.mx\\\/\"},{\"@type\":\"ListItem\",\"position\":2,\"name\":\"Hijos de &#8220;El Chapo&#8221; Guzm\u00e1n organizan posada en nombre de su pap\u00e1, pese a la recompensa de EU\"}]},{\"@type\":\"WebSite\",\"@id\":\"https:\\\/\\\/fuentesfidedignas.com.mx\\\/#website\",\"url\":\"https:\\\/\\\/fuentesfidedignas.com.mx\\\/\",\"name\":\"Fuentes Fidedignas\",\"description\":\"Otro sitio realizado con WordPress\",\"publisher\":{\"@id\":\"https:\\\/\\\/fuentesfidedignas.com.mx\\\/#organization\"},\"potentialAction\":[{\"@type\":\"SearchAction\",\"target\":{\"@type\":\"EntryPoint\",\"urlTemplate\":\"https:\\\/\\\/fuentesfidedignas.com.mx\\\/?s={search_term_string}\"},\"query-input\":{\"@type\":\"PropertyValueSpecification\",\"valueRequired\":true,\"valueName\":\"search_term_string\"}}],\"inLanguage\":\"es\"},{\"@type\":\"Organization\",\"@id\":\"https:\\\/\\\/fuentesfidedignas.com.mx\\\/#organization\",\"name\":\"Fuentes Fidedignas\",\"url\":\"https:\\\/\\\/fuentesfidedignas.com.mx\\\/\",\"logo\":{\"@type\":\"ImageObject\",\"inLanguage\":\"es\",\"@id\":\"https:\\\/\\\/fuentesfidedignas.com.mx\\\/#\\\/schema\\\/logo\\\/image\\\/\",\"url\":\"https:\\\/\\\/fuentesfidedignas.com.mx\\\/wp-content\\\/uploads\\\/2021\\\/04\\\/logo-retina.png\",\"contentUrl\":\"https:\\\/\\\/fuentesfidedignas.com.mx\\\/wp-content\\\/uploads\\\/2021\\\/04\\\/logo-retina.png\",\"width\":280,\"height\":51,\"caption\":\"Fuentes Fidedignas\"},\"image\":{\"@id\":\"https:\\\/\\\/fuentesfidedignas.com.mx\\\/#\\\/schema\\\/logo\\\/image\\\/\"},\"sameAs\":[\"https:\\\/\\\/www.facebook.com\\\/Fuentes-Fidedignas-368234489921644\",\"https:\\\/\\\/x.com\\\/fidedignas\"]},{\"@type\":\"Person\",\"@id\":\"https:\\\/\\\/fuentesfidedignas.com.mx\\\/#\\\/schema\\\/person\\\/eb72247ff123b3ce5e4cadc7f50ae372\",\"name\":\"Proceso\",\"image\":{\"@type\":\"ImageObject\",\"inLanguage\":\"es\",\"@id\":\"https:\\\/\\\/secure.gravatar.com\\\/avatar\\\/0bb01ecb091d50a46122cbe5cc32ffea15a000f83628f1e40458e669d38ff2cd?s=96&d=mm&r=g\",\"url\":\"https:\\\/\\\/secure.gravatar.com\\\/avatar\\\/0bb01ecb091d50a46122cbe5cc32ffea15a000f83628f1e40458e669d38ff2cd?s=96&d=mm&r=g\",\"contentUrl\":\"https:\\\/\\\/secure.gravatar.com\\\/avatar\\\/0bb01ecb091d50a46122cbe5cc32ffea15a000f83628f1e40458e669d38ff2cd?s=96&d=mm&r=g\",\"caption\":\"Proceso\"},\"url\":\"https:\\\/\\\/fuentesfidedignas.com.mx\\\/index.php\\\/author\\\/proceso\\\/\"}]}<\/script>\n<!-- \/ Yoast SEO plugin. -->","yoast_head_json":{"title":"Hijos de \"El Chapo\" Guzm\u00e1n organizan posada en nombre de su pap\u00e1, pese a la recompensa de EU - Fuentes Fidedignas","robots":{"index":"index","follow":"follow","max-snippet":"max-snippet:-1","max-image-preview":"max-image-preview:large","max-video-preview":"max-video-preview:-1"},"canonical":"https:\/\/fuentesfidedignas.com.mx\/index.php\/2021\/12\/21\/hijos-de-el-chapo-guzman-organizan-posada-en-nombre-de-su-papa-pese-a-la-recompensa-de-eu\/","og_locale":"es_MX","og_type":"article","og_title":"Hijos de \"El Chapo\" Guzm\u00e1n organizan posada en nombre de su pap\u00e1, pese a la recompensa de EU - Fuentes Fidedignas","og_description":"Durante la celebraci\u00f3n organizada por Ovidio, Iv\u00e1n Archivaldo y Jes\u00fas Alfredo Guzm\u00e1n se rifaron ocho carros \u00faltimo modelo, refrigeradores, pantallas gigantes de televisi\u00f3n, juguetes, bocinas, bicicletas y todo tipo de enseres. Ciudad de M\u00e9xico.- Dos d\u00edas despu\u00e9s de que el gobierno de Estados Unidos ofreciera una recompensa de cinco millones de d\u00f3lares por informaci\u00f3n que [&hellip;]","og_url":"https:\/\/fuentesfidedignas.com.mx\/index.php\/2021\/12\/21\/hijos-de-el-chapo-guzman-organizan-posada-en-nombre-de-su-papa-pese-a-la-recompensa-de-eu\/","og_site_name":"Fuentes Fidedignas","article_publisher":"https:\/\/www.facebook.com\/Fuentes-Fidedignas-368234489921644","article_published_time":"2021-12-21T15:42:01+00:00","article_modified_time":"2021-12-21T15:44:03+00:00","og_image":[{"width":800,"height":450,"url":"https:\/\/fuentesfidedignas.com.mx\/wp-content\/uploads\/2021\/12\/f800x450-147822_199268_5050.jpg","type":"image\/jpeg"}],"author":"Proceso","twitter_card":"summary_large_image","twitter_creator":"@fidedignas","twitter_site":"@fidedignas","twitter_misc":{"Escrito por":"Proceso","Tiempo de lectura":"3 minutos"},"schema":{"@context":"https:\/\/schema.org","@graph":[{"@type":"Article","@id":"https:\/\/fuentesfidedignas.com.mx\/index.php\/2021\/12\/21\/hijos-de-el-chapo-guzman-organizan-posada-en-nombre-de-su-papa-pese-a-la-recompensa-de-eu\/#article","isPartOf":{"@id":"https:\/\/fuentesfidedignas.com.mx\/index.php\/2021\/12\/21\/hijos-de-el-chapo-guzman-organizan-posada-en-nombre-de-su-papa-pese-a-la-recompensa-de-eu\/"},"author":{"name":"Proceso","@id":"https:\/\/fuentesfidedignas.com.mx\/#\/schema\/person\/eb72247ff123b3ce5e4cadc7f50ae372"},"headline":"Hijos de &#8220;El Chapo&#8221; Guzm\u00e1n organizan posada en nombre de su pap\u00e1, pese a la recompensa de EU","datePublished":"2021-12-21T15:42:01+00:00","dateModified":"2021-12-21T15:44:03+00:00","mainEntityOfPage":{"@id":"https:\/\/fuentesfidedignas.com.mx\/index.php\/2021\/12\/21\/hijos-de-el-chapo-guzman-organizan-posada-en-nombre-de-su-papa-pese-a-la-recompensa-de-eu\/"},"wordCount":567,"commentCount":0,"publisher":{"@id":"https:\/\/fuentesfidedignas.com.mx\/#organization"},"image":{"@id":"https:\/\/fuentesfidedignas.com.mx\/index.php\/2021\/12\/21\/hijos-de-el-chapo-guzman-organizan-posada-en-nombre-de-su-papa-pese-a-la-recompensa-de-eu\/#primaryimage"},"thumbnailUrl":"https:\/\/fuentesfidedignas.com.mx\/wp-content\/uploads\/2021\/12\/f800x450-147822_199268_5050.jpg","keywords":["El Chapo Guzm\u00e1n","Joaqu\u00edn El Chapo Guzm\u00e1n"],"articleSection":["NOTA PRINCIPAL"],"inLanguage":"es","potentialAction":[{"@type":"CommentAction","name":"Comment","target":["https:\/\/fuentesfidedignas.com.mx\/index.php\/2021\/12\/21\/hijos-de-el-chapo-guzman-organizan-posada-en-nombre-de-su-papa-pese-a-la-recompensa-de-eu\/#respond"]}]},{"@type":"WebPage","@id":"https:\/\/fuentesfidedignas.com.mx\/index.php\/2021\/12\/21\/hijos-de-el-chapo-guzman-organizan-posada-en-nombre-de-su-papa-pese-a-la-recompensa-de-eu\/","url":"https:\/\/fuentesfidedignas.com.mx\/index.php\/2021\/12\/21\/hijos-de-el-chapo-guzman-organizan-posada-en-nombre-de-su-papa-pese-a-la-recompensa-de-eu\/","name":"Hijos de \"El Chapo\" Guzm\u00e1n organizan posada en nombre de su pap\u00e1, pese a la recompensa de EU - Fuentes Fidedignas","isPartOf":{"@id":"https:\/\/fuentesfidedignas.com.mx\/#website"},"primaryImageOfPage":{"@id":"https:\/\/fuentesfidedignas.com.mx\/index.php\/2021\/12\/21\/hijos-de-el-chapo-guzman-organizan-posada-en-nombre-de-su-papa-pese-a-la-recompensa-de-eu\/#primaryimage"},"image":{"@id":"https:\/\/fuentesfidedignas.com.mx\/index.php\/2021\/12\/21\/hijos-de-el-chapo-guzman-organizan-posada-en-nombre-de-su-papa-pese-a-la-recompensa-de-eu\/#primaryimage"},"thumbnailUrl":"https:\/\/fuentesfidedignas.com.mx\/wp-content\/uploads\/2021\/12\/f800x450-147822_199268_5050.jpg","datePublished":"2021-12-21T15:42:01+00:00","dateModified":"2021-12-21T15:44:03+00:00","breadcrumb":{"@id":"https:\/\/fuentesfidedignas.com.mx\/index.php\/2021\/12\/21\/hijos-de-el-chapo-guzman-organizan-posada-en-nombre-de-su-papa-pese-a-la-recompensa-de-eu\/#breadcrumb"},"inLanguage":"es","potentialAction":[{"@type":"ReadAction","target":["https:\/\/fuentesfidedignas.com.mx\/index.php\/2021\/12\/21\/hijos-de-el-chapo-guzman-organizan-posada-en-nombre-de-su-papa-pese-a-la-recompensa-de-eu\/"]}]},{"@type":"ImageObject","inLanguage":"es","@id":"https:\/\/fuentesfidedignas.com.mx\/index.php\/2021\/12\/21\/hijos-de-el-chapo-guzman-organizan-posada-en-nombre-de-su-papa-pese-a-la-recompensa-de-eu\/#primaryimage","url":"https:\/\/fuentesfidedignas.com.mx\/wp-content\/uploads\/2021\/12\/f800x450-147822_199268_5050.jpg","contentUrl":"https:\/\/fuentesfidedignas.com.mx\/wp-content\/uploads\/2021\/12\/f800x450-147822_199268_5050.jpg","width":800,"height":450},{"@type":"BreadcrumbList","@id":"https:\/\/fuentesfidedignas.com.mx\/index.php\/2021\/12\/21\/hijos-de-el-chapo-guzman-organizan-posada-en-nombre-de-su-papa-pese-a-la-recompensa-de-eu\/#breadcrumb","itemListElement":[{"@type":"ListItem","position":1,"name":"Inicio","item":"https:\/\/fuentesfidedignas.com.mx\/"},{"@type":"ListItem","position":2,"name":"Hijos de &#8220;El Chapo&#8221; Guzm\u00e1n organizan posada en nombre de su pap\u00e1, pese a la recompensa de EU"}]},{"@type":"WebSite","@id":"https:\/\/fuentesfidedignas.com.mx\/#website","url":"https:\/\/fuentesfidedignas.com.mx\/","name":"Fuentes Fidedignas","description":"Otro sitio realizado con WordPress","publisher":{"@id":"https:\/\/fuentesfidedignas.com.mx\/#organization"},"potentialAction":[{"@type":"SearchAction","target":{"@type":"EntryPoint","urlTemplate":"https:\/\/fuentesfidedignas.com.mx\/?s={search_term_string}"},"query-input":{"@type":"PropertyValueSpecification","valueRequired":true,"valueName":"search_term_string"}}],"inLanguage":"es"},{"@type":"Organization","@id":"https:\/\/fuentesfidedignas.com.mx\/#organization","name":"Fuentes Fidedignas","url":"https:\/\/fuentesfidedignas.com.mx\/","logo":{"@type":"ImageObject","inLanguage":"es","@id":"https:\/\/fuentesfidedignas.com.mx\/#\/schema\/logo\/image\/","url":"https:\/\/fuentesfidedignas.com.mx\/wp-content\/uploads\/2021\/04\/logo-retina.png","contentUrl":"https:\/\/fuentesfidedignas.com.mx\/wp-content\/uploads\/2021\/04\/logo-retina.png","width":280,"height":51,"caption":"Fuentes Fidedignas"},"image":{"@id":"https:\/\/fuentesfidedignas.com.mx\/#\/schema\/logo\/image\/"},"sameAs":["https:\/\/www.facebook.com\/Fuentes-Fidedignas-368234489921644","https:\/\/x.com\/fidedignas"]},{"@type":"Person","@id":"https:\/\/fuentesfidedignas.com.mx\/#\/schema\/person\/eb72247ff123b3ce5e4cadc7f50ae372","name":"Proceso","image":{"@type":"ImageObject","inLanguage":"es","@id":"https:\/\/secure.gravatar.com\/avatar\/0bb01ecb091d50a46122cbe5cc32ffea15a000f83628f1e40458e669d38ff2cd?s=96&d=mm&r=g","url":"https:\/\/secure.gravatar.com\/avatar\/0bb01ecb091d50a46122cbe5cc32ffea15a000f83628f1e40458e669d38ff2cd?s=96&d=mm&r=g","contentUrl":"https:\/\/secure.gravatar.com\/avatar\/0bb01ecb091d50a46122cbe5cc32ffea15a000f83628f1e40458e669d38ff2cd?s=96&d=mm&r=g","caption":"Proceso"},"url":"https:\/\/fuentesfidedignas.com.mx\/index.php\/author\/proceso\/"}]}},"_links":{"self":[{"href":"https:\/\/fuentesfidedignas.com.mx\/index.php\/wp-json\/wp\/v2\/posts\/20326","targetHints":{"allow":["GET"]}}],"collection":[{"href":"https:\/\/fuentesfidedignas.com.mx\/index.php\/wp-json\/wp\/v2\/posts"}],"about":[{"href":"https:\/\/fuentesfidedignas.com.mx\/index.php\/wp-json\/wp\/v2\/types\/post"}],"author":[{"embeddable":true,"href":"https:\/\/fuentesfidedignas.com.mx\/index.php\/wp-json\/wp\/v2\/users\/50"}],"replies":[{"embeddable":true,"href":"https:\/\/fuentesfidedignas.com.mx\/index.php\/wp-json\/wp\/v2\/comments?post=20326"}],"version-history":[{"count":2,"href":"https:\/\/fuentesfidedignas.com.mx\/index.php\/wp-json\/wp\/v2\/posts\/20326\/revisions"}],"predecessor-version":[{"id":20329,"href":"https:\/\/fuentesfidedignas.com.mx\/index.php\/wp-json\/wp\/v2\/posts\/20326\/revisions\/20329"}],"wp:featuredmedia":[{"embeddable":true,"href":"https:\/\/fuentesfidedignas.com.mx\/index.php\/wp-json\/wp\/v2\/media\/20327"}],"wp:attachment":[{"href":"https:\/\/fuentesfidedignas.com.mx\/index.php\/wp-json\/wp\/v2\/media?parent=20326"}],"wp:term":[{"taxonomy":"category","embeddable":true,"href":"https:\/\/fuentesfidedignas.com.mx\/index.php\/wp-json\/wp\/v2\/categories?post=20326"},{"taxonomy":"post_tag","embeddable":true,"href":"https:\/\/fuentesfidedignas.com.mx\/index.php\/wp-json\/wp\/v2\/tags?post=20326"}],"curies":[{"name":"wp","href":"https:\/\/api.w.org\/{rel}","templated":true}]}}